{"id":3240,"date":"2013-04-25T16:23:21","date_gmt":"2013-04-25T16:23:21","guid":{"rendered":"https:\/\/www.revistarambla.com\/atento-la-generalitat-encarece-la-factura-del-012\/"},"modified":"2021-08-06T20:22:56","modified_gmt":"2021-08-06T18:22:56","slug":"atento-la-generalitat-encarece-la-factura-del-012","status":"publish","type":"post","link":"https:\/\/www.revistarambla.com\/en\/atento-la-generalitat-encarece-la-factura-del-012\/","title":{"rendered":"\u00a1Atento! La Generalitat encarece la factura del 112"},"content":{"rendered":"<p>La Generalitat de Catalunya, liderada por Converg\u00e8ncia i Uni\u00f3 (CiU) y respaldada por Esquerra Republicana de Catalunya (ERC), comunic\u00f3 el pasado 13 de febrero a la empresa adjudicataria del servicio telef\u00f3nico 012, Atento Teleservicios, un recorte del 30% del presupuesto anual. Este nuevo recorte, uno m\u00e1s de una larga lista que parece inacabable, supondr\u00e1 el despido de 19 trabajadores y 63 modificaciones de las actuales condiciones de trabajo de la plantilla, un conjunto de medidas que tambi\u00e9n va a repercutir en la cualidad del servicio de atenci\u00f3n al cliente.<\/p>\n<p><img decoding=\"async\" class=\"aligncenter\" src=\"https:\/\/www.revistarambla.com\/wp-content\/uploads\/2013\/04\/012_01.jpg\" alt=\"alt\" width=\"699\" height=\"370\" \/><\/p>\n<p>Llamar al 012 cada d\u00eda sale m\u00e1s caro para la sociedad. Los recortes aplicados en el presupuesto del servicio 012 de atenci\u00f3n al ciudadano de la Generalitat de Catalunya que se han venido aplicando hasta ahora, y los efectuados recientemente, han comportado una disminuci\u00f3n en la cualidad de la atenci\u00f3n al cliente. Algunas de las medidas llevadas a cabo por la empresa Atento, y consensuadas con la Generalitat, han sido la desaparici\u00f3n de la atenci\u00f3n personalizada durante los d\u00edas festivos, los fines de semana y todas las noches. \u201cSe est\u00e1n primando los servicios por internet y los contestadores autom\u00e1ticos, pero no todos los ciudadanos y ciudadanas tienen internet, y mucha gente mayor no sabe y no puede hacer las gestiones por estos canales\u201d asegura la presidenta del comit\u00e9 de empresa, Laura G\u00f3mez, quien tiene una larga experiencia como teleoperadora.<\/p>\n<p>Los recortes tambi\u00e9n afectan de manera importante al conjunto de la plantilla de trabajadores y trabajadoras. Entre las medidas establecidas destaca el despido de 19 teleoperadores y la eliminaci\u00f3n de las jornadas continuas para transformarlas en jornadas partidas que ocupan todo el d\u00eda. Esta medida no solo afectar\u00e1 a la conciliaci\u00f3n de la vida laboral con la familiar, sino que muchos teleoperadores que tienen dos trabajos para poder llegar a fin de mes van a tener que dejar alguno de ellos. Todo y que los recortes no afectan a la cuant\u00eda salarial, ya pactada por convenio, entre las nuevas medidas presupuestarias tambi\u00e9n se contempla la reducci\u00f3n de la jornada laboral de muchos trabajadores que pasaran de las 39h actuales a tan solo 30.<\/p>\n<p>El pasado jueves 18 de abril un grupo de trabajadores de Atento se manifestaron ante la sede de la Generalitat para protestar contra los nuevos recortes, pero actualmente el conflicto esta enquistado porque ni la empresa ni la Generalitat muestra intenci\u00f3n alguna de mover ficha para desencallar la situaci\u00f3n. \u201cLa Generalitat rebaja el presupuesto, exige la misma cualidad y se niega a hablar con el comit\u00e9 de empresa, y la direcci\u00f3n de la empresa es desconocida y pasa de nosotros, solo conocemos a los mandos intermedios\u201d denuncia Laura G\u00f3mez.<\/p>\n<p>Entre la plantilla de Atento est\u00e1n representados 6 sindicatos, CCOO, UGT, STC, CSIF, USOC i CGT, pero solo el \u00faltimo est\u00e1 luchando por la mejora de las condiciones laborales. El miedo entre la plantilla es generalizado y esto genera desmovilizaci\u00f3n. \u201cLa gente se agarra como puede a su puesto y renuncia a las condiciones conquistadas en el pasado pensando que no le tocar\u00e1 el despido, pero tarde o temprano te toca\u201d, ha sentenciado Laura G\u00f3mez.<\/p>\n<p>Las medidas tomadas por la empresa significaran la destrucci\u00f3n de empleo y la precarizaci\u00f3n de los trabajadores que se queden, y en consecuencia, una nueva factura para la clase trabajadora, a quien le toca pagar la crisis producida por el buen funcionamiento del sistema capitalista.<\/p>","protected":false},"excerpt":{"rendered":"<p>La Generalitat de Catalunya, liderada por Converg\u00e8ncia i Uni\u00f3 (CiU) y respaldada por Esquerra Republicana de Catalunya (ERC), comunic\u00f3 el pasado 13 de febrero a la empresa adjudicataria del servicio telef\u00f3nico 012, Atento Teleservicios, un recorte del 30% del presupuesto anual. Este nuevo recorte, uno m\u00e1s de una larga lista [&hellip;]<\/p>\n","protected":false},"author":1,"featured_media":0,"comment_status":"open","ping_status":"open","sticky":false,"template":"","format":"standard","meta":{"footnotes":""},"categories":[3,59],"tags":[],"class_list":["post-3240","post","type-post","status-publish","format-standard","hentry","category-actualidad","category-catalunya"],"yoast_head":"<!-- This site is optimized with the Yoast SEO plugin v27.5 - https:\/\/yoast.com\/product\/yoast-seo-wordpress\/ -->\n<title>\u00a1Atento! La Generalitat encarece la factura del 112 - Revista Rambla<\/title>\n<meta name=\"robots\" content=\"index, follow, max-snippet:-1, max-image-preview:large, max-video-preview:-1\" \/>\n<link rel=\"canonical\" href=\"https:\/\/www.revistarambla.com\/en\/atento-la-generalitat-encarece-la-factura-del-012\/\" \/>\n<meta property=\"og:locale\" content=\"en_GB\" \/>\n<meta property=\"og:type\" content=\"article\" \/>\n<meta property=\"og:title\" content=\"\u00a1Atento! La Generalitat encarece la factura del 112 - Revista Rambla\" \/>\n<meta property=\"og:description\" content=\"La Generalitat de Catalunya, liderada por Converg\u00e8ncia i Uni\u00f3 (CiU) y respaldada por Esquerra Republicana de Catalunya (ERC), comunic\u00f3 el pasado 13 de febrero a la empresa adjudicataria del servicio telef\u00f3nico 012, Atento Teleservicios, un recorte del 30% del presupuesto anual. Este nuevo recorte, uno m\u00e1s de una larga lista [&hellip;]\" \/>\n<meta property=\"og:url\" content=\"https:\/\/www.revistarambla.com\/en\/atento-la-generalitat-encarece-la-factura-del-012\/\" \/>\n<meta property=\"og:site_name\" content=\"Revista Rambla\" \/>\n<meta property=\"article:publisher\" content=\"https:\/\/www.facebook.com\/revistarambla\/\" \/>\n<meta property=\"article:published_time\" content=\"2013-04-25T16:23:21+00:00\" \/>\n<meta property=\"article:modified_time\" content=\"2021-08-06T18:22:56+00:00\" \/>\n<meta property=\"og:image\" content=\"https:\/\/i2.wp.com\/www.revistarambla.com\/wp-content\/uploads\/2013\/04\/012.jpg?fit=682%2C450&ssl=1\" \/>\n\t<meta property=\"og:image:width\" content=\"682\" \/>\n\t<meta property=\"og:image:height\" content=\"450\" \/>\n\t<meta property=\"og:image:type\" content=\"image\/jpeg\" \/>\n<meta name=\"author\" content=\"Ferran Peris\" \/>\n<meta name=\"twitter:card\" content=\"summary_large_image\" \/>\n<meta name=\"twitter:creator\" content=\"@revistarambla\" \/>\n<meta name=\"twitter:site\" content=\"@revistarambla\" \/>\n<meta name=\"twitter:label1\" content=\"Written by\" \/>\n\t<meta name=\"twitter:data1\" content=\"Ferran Peris\" \/>\n\t<meta name=\"twitter:label2\" content=\"Estimated reading time\" \/>\n\t<meta name=\"twitter:data2\" content=\"3 minutes\" \/>\n<script type=\"application\/ld+json\" class=\"yoast-schema-graph\">{\"@context\":\"https:\\\/\\\/schema.org\",\"@graph\":[{\"@type\":\"Article\",\"@id\":\"https:\\\/\\\/www.revistarambla.com\\\/atento-la-generalitat-encarece-la-factura-del-012\\\/#article\",\"isPartOf\":{\"@id\":\"https:\\\/\\\/www.revistarambla.com\\\/atento-la-generalitat-encarece-la-factura-del-012\\\/\"},\"author\":{\"name\":\"Ferran Peris\",\"@id\":\"https:\\\/\\\/www.revistarambla.com\\\/#\\\/schema\\\/person\\\/4a5652fc8c82df1f8593002d038cd79e\"},\"headline\":\"\u00a1Atento! La Generalitat encarece la factura del 112\",\"datePublished\":\"2013-04-25T16:23:21+00:00\",\"dateModified\":\"2021-08-06T18:22:56+00:00\",\"mainEntityOfPage\":{\"@id\":\"https:\\\/\\\/www.revistarambla.com\\\/atento-la-generalitat-encarece-la-factura-del-012\\\/\"},\"wordCount\":588,\"commentCount\":0,\"publisher\":{\"@id\":\"https:\\\/\\\/www.revistarambla.com\\\/#organization\"},\"image\":{\"@id\":\"https:\\\/\\\/www.revistarambla.com\\\/atento-la-generalitat-encarece-la-factura-del-012\\\/#primaryimage\"},\"thumbnailUrl\":\"https:\\\/\\\/www.revistarambla.com\\\/wp-content\\\/uploads\\\/2013\\\/04\\\/012_01.jpg\",\"articleSection\":[\"Actualidad\",\"Catalunya\"],\"inLanguage\":\"en-GB\",\"potentialAction\":[{\"@type\":\"CommentAction\",\"name\":\"Comment\",\"target\":[\"https:\\\/\\\/www.revistarambla.com\\\/atento-la-generalitat-encarece-la-factura-del-012\\\/#respond\"]}]},{\"@type\":\"WebPage\",\"@id\":\"https:\\\/\\\/www.revistarambla.com\\\/atento-la-generalitat-encarece-la-factura-del-012\\\/\",\"url\":\"https:\\\/\\\/www.revistarambla.com\\\/atento-la-generalitat-encarece-la-factura-del-012\\\/\",\"name\":\"\u00a1Atento! La Generalitat encarece la factura del 112 - Revista Rambla\",\"isPartOf\":{\"@id\":\"https:\\\/\\\/www.revistarambla.com\\\/#website\"},\"primaryImageOfPage\":{\"@id\":\"https:\\\/\\\/www.revistarambla.com\\\/atento-la-generalitat-encarece-la-factura-del-012\\\/#primaryimage\"},\"image\":{\"@id\":\"https:\\\/\\\/www.revistarambla.com\\\/atento-la-generalitat-encarece-la-factura-del-012\\\/#primaryimage\"},\"thumbnailUrl\":\"https:\\\/\\\/www.revistarambla.com\\\/wp-content\\\/uploads\\\/2013\\\/04\\\/012_01.jpg\",\"datePublished\":\"2013-04-25T16:23:21+00:00\",\"dateModified\":\"2021-08-06T18:22:56+00:00\",\"breadcrumb\":{\"@id\":\"https:\\\/\\\/www.revistarambla.com\\\/atento-la-generalitat-encarece-la-factura-del-012\\\/#breadcrumb\"},\"inLanguage\":\"en-GB\",\"potentialAction\":[{\"@type\":\"ReadAction\",\"target\":[\"https:\\\/\\\/www.revistarambla.com\\\/atento-la-generalitat-encarece-la-factura-del-012\\\/\"]}]},{\"@type\":\"ImageObject\",\"inLanguage\":\"en-GB\",\"@id\":\"https:\\\/\\\/www.revistarambla.com\\\/atento-la-generalitat-encarece-la-factura-del-012\\\/#primaryimage\",\"url\":\"https:\\\/\\\/www.revistarambla.com\\\/wp-content\\\/uploads\\\/2013\\\/04\\\/012_01.jpg\",\"contentUrl\":\"https:\\\/\\\/www.revistarambla.com\\\/wp-content\\\/uploads\\\/2013\\\/04\\\/012_01.jpg\"},{\"@type\":\"BreadcrumbList\",\"@id\":\"https:\\\/\\\/www.revistarambla.com\\\/atento-la-generalitat-encarece-la-factura-del-012\\\/#breadcrumb\",\"itemListElement\":[{\"@type\":\"ListItem\",\"position\":1,\"name\":\"Portada\",\"item\":\"https:\\\/\\\/www.revistarambla.com\\\/\"},{\"@type\":\"ListItem\",\"position\":2,\"name\":\"\u00a1Atento! La Generalitat encarece la factura del 112\"}]},{\"@type\":\"WebSite\",\"@id\":\"https:\\\/\\\/www.revistarambla.com\\\/#website\",\"url\":\"https:\\\/\\\/www.revistarambla.com\\\/\",\"name\":\"Revista Rambla Barcelona\",\"description\":\"Periodismo independiente\",\"publisher\":{\"@id\":\"https:\\\/\\\/www.revistarambla.com\\\/#organization\"},\"potentialAction\":[{\"@type\":\"SearchAction\",\"target\":{\"@type\":\"EntryPoint\",\"urlTemplate\":\"https:\\\/\\\/www.revistarambla.com\\\/?s={search_term_string}\"},\"query-input\":{\"@type\":\"PropertyValueSpecification\",\"valueRequired\":true,\"valueName\":\"search_term_string\"}}],\"inLanguage\":\"en-GB\"},{\"@type\":\"Organization\",\"@id\":\"https:\\\/\\\/www.revistarambla.com\\\/#organization\",\"name\":\"Revista Rambla\",\"url\":\"https:\\\/\\\/www.revistarambla.com\\\/\",\"logo\":{\"@type\":\"ImageObject\",\"inLanguage\":\"en-GB\",\"@id\":\"https:\\\/\\\/www.revistarambla.com\\\/#\\\/schema\\\/logo\\\/image\\\/\",\"url\":\"https:\\\/\\\/www.revistarambla.com\\\/wp-content\\\/uploads\\\/2020\\\/09\\\/banner_rambla_1900x600_BB.png\",\"contentUrl\":\"https:\\\/\\\/www.revistarambla.com\\\/wp-content\\\/uploads\\\/2020\\\/09\\\/banner_rambla_1900x600_BB.png\",\"width\":1900,\"height\":600,\"caption\":\"Revista Rambla\"},\"image\":{\"@id\":\"https:\\\/\\\/www.revistarambla.com\\\/#\\\/schema\\\/logo\\\/image\\\/\"},\"sameAs\":[\"https:\\\/\\\/www.facebook.com\\\/revistarambla\\\/\",\"https:\\\/\\\/x.com\\\/revistarambla\",\"https:\\\/\\\/www.instagram.com\\\/revista_rambla\",\"https:\\\/\\\/es.linkedin.com\\\/company\\\/revista-rambla\"]},{\"@type\":\"Person\",\"@id\":\"https:\\\/\\\/www.revistarambla.com\\\/#\\\/schema\\\/person\\\/4a5652fc8c82df1f8593002d038cd79e\",\"name\":\"Ferran Peris\"}]}<\/script>\n<!-- \/ Yoast SEO plugin. -->","yoast_head_json":{"title":"\u00a1Atento! La Generalitat encarece la factura del 112 - Revista Rambla","robots":{"index":"index","follow":"follow","max-snippet":"max-snippet:-1","max-image-preview":"max-image-preview:large","max-video-preview":"max-video-preview:-1"},"canonical":"https:\/\/www.revistarambla.com\/en\/atento-la-generalitat-encarece-la-factura-del-012\/","og_locale":"en_GB","og_type":"article","og_title":"\u00a1Atento! La Generalitat encarece la factura del 112 - Revista Rambla","og_description":"La Generalitat de Catalunya, liderada por Converg\u00e8ncia i Uni\u00f3 (CiU) y respaldada por Esquerra Republicana de Catalunya (ERC), comunic\u00f3 el pasado 13 de febrero a la empresa adjudicataria del servicio telef\u00f3nico 012, Atento Teleservicios, un recorte del 30% del presupuesto anual. Este nuevo recorte, uno m\u00e1s de una larga lista [&hellip;]","og_url":"https:\/\/www.revistarambla.com\/en\/atento-la-generalitat-encarece-la-factura-del-012\/","og_site_name":"Revista Rambla","article_publisher":"https:\/\/www.facebook.com\/revistarambla\/","article_published_time":"2013-04-25T16:23:21+00:00","article_modified_time":"2021-08-06T18:22:56+00:00","og_image":[{"width":682,"height":450,"url":"https:\/\/i2.wp.com\/www.revistarambla.com\/wp-content\/uploads\/2013\/04\/012.jpg?fit=682%2C450&ssl=1","type":"image\/jpeg"}],"author":"Ferran Peris","twitter_card":"summary_large_image","twitter_creator":"@revistarambla","twitter_site":"@revistarambla","twitter_misc":{"Written by":"Ferran Peris","Estimated reading time":"3 minutes"},"schema":{"@context":"https:\/\/schema.org","@graph":[{"@type":"Article","@id":"https:\/\/www.revistarambla.com\/atento-la-generalitat-encarece-la-factura-del-012\/#article","isPartOf":{"@id":"https:\/\/www.revistarambla.com\/atento-la-generalitat-encarece-la-factura-del-012\/"},"author":{"name":"Ferran Peris","@id":"https:\/\/www.revistarambla.com\/#\/schema\/person\/4a5652fc8c82df1f8593002d038cd79e"},"headline":"\u00a1Atento! La Generalitat encarece la factura del 112","datePublished":"2013-04-25T16:23:21+00:00","dateModified":"2021-08-06T18:22:56+00:00","mainEntityOfPage":{"@id":"https:\/\/www.revistarambla.com\/atento-la-generalitat-encarece-la-factura-del-012\/"},"wordCount":588,"commentCount":0,"publisher":{"@id":"https:\/\/www.revistarambla.com\/#organization"},"image":{"@id":"https:\/\/www.revistarambla.com\/atento-la-generalitat-encarece-la-factura-del-012\/#primaryimage"},"thumbnailUrl":"https:\/\/www.revistarambla.com\/wp-content\/uploads\/2013\/04\/012_01.jpg","articleSection":["Actualidad","Catalunya"],"inLanguage":"en-GB","potentialAction":[{"@type":"CommentAction","name":"Comment","target":["https:\/\/www.revistarambla.com\/atento-la-generalitat-encarece-la-factura-del-012\/#respond"]}]},{"@type":"WebPage","@id":"https:\/\/www.revistarambla.com\/atento-la-generalitat-encarece-la-factura-del-012\/","url":"https:\/\/www.revistarambla.com\/atento-la-generalitat-encarece-la-factura-del-012\/","name":"\u00a1Atento! La Generalitat encarece la factura del 112 - Revista Rambla","isPartOf":{"@id":"https:\/\/www.revistarambla.com\/#website"},"primaryImageOfPage":{"@id":"https:\/\/www.revistarambla.com\/atento-la-generalitat-encarece-la-factura-del-012\/#primaryimage"},"image":{"@id":"https:\/\/www.revistarambla.com\/atento-la-generalitat-encarece-la-factura-del-012\/#primaryimage"},"thumbnailUrl":"https:\/\/www.revistarambla.com\/wp-content\/uploads\/2013\/04\/012_01.jpg","datePublished":"2013-04-25T16:23:21+00:00","dateModified":"2021-08-06T18:22:56+00:00","breadcrumb":{"@id":"https:\/\/www.revistarambla.com\/atento-la-generalitat-encarece-la-factura-del-012\/#breadcrumb"},"inLanguage":"en-GB","potentialAction":[{"@type":"ReadAction","target":["https:\/\/www.revistarambla.com\/atento-la-generalitat-encarece-la-factura-del-012\/"]}]},{"@type":"ImageObject","inLanguage":"en-GB","@id":"https:\/\/www.revistarambla.com\/atento-la-generalitat-encarece-la-factura-del-012\/#primaryimage","url":"https:\/\/www.revistarambla.com\/wp-content\/uploads\/2013\/04\/012_01.jpg","contentUrl":"https:\/\/www.revistarambla.com\/wp-content\/uploads\/2013\/04\/012_01.jpg"},{"@type":"BreadcrumbList","@id":"https:\/\/www.revistarambla.com\/atento-la-generalitat-encarece-la-factura-del-012\/#breadcrumb","itemListElement":[{"@type":"ListItem","position":1,"name":"Portada","item":"https:\/\/www.revistarambla.com\/"},{"@type":"ListItem","position":2,"name":"\u00a1Atento! La Generalitat encarece la factura del 112"}]},{"@type":"WebSite","@id":"https:\/\/www.revistarambla.com\/#website","url":"https:\/\/www.revistarambla.com\/","name":"Revista Rambla Barcelona","description":"Periodismo independiente","publisher":{"@id":"https:\/\/www.revistarambla.com\/#organization"},"potentialAction":[{"@type":"SearchAction","target":{"@type":"EntryPoint","urlTemplate":"https:\/\/www.revistarambla.com\/?s={search_term_string}"},"query-input":{"@type":"PropertyValueSpecification","valueRequired":true,"valueName":"search_term_string"}}],"inLanguage":"en-GB"},{"@type":"Organization","@id":"https:\/\/www.revistarambla.com\/#organization","name":"Revista Rambla","url":"https:\/\/www.revistarambla.com\/","logo":{"@type":"ImageObject","inLanguage":"en-GB","@id":"https:\/\/www.revistarambla.com\/#\/schema\/logo\/image\/","url":"https:\/\/www.revistarambla.com\/wp-content\/uploads\/2020\/09\/banner_rambla_1900x600_BB.png","contentUrl":"https:\/\/www.revistarambla.com\/wp-content\/uploads\/2020\/09\/banner_rambla_1900x600_BB.png","width":1900,"height":600,"caption":"Revista Rambla"},"image":{"@id":"https:\/\/www.revistarambla.com\/#\/schema\/logo\/image\/"},"sameAs":["https:\/\/www.facebook.com\/revistarambla\/","https:\/\/x.com\/revistarambla","https:\/\/www.instagram.com\/revista_rambla","https:\/\/es.linkedin.com\/company\/revista-rambla"]},{"@type":"Person","@id":"https:\/\/www.revistarambla.com\/#\/schema\/person\/4a5652fc8c82df1f8593002d038cd79e","name":"Ferran Peris"}]}},"_links":{"self":[{"href":"https:\/\/www.revistarambla.com\/en\/wp-json\/wp\/v2\/posts\/3240","targetHints":{"allow":["GET"]}}],"collection":[{"href":"https:\/\/www.revistarambla.com\/en\/wp-json\/wp\/v2\/posts"}],"about":[{"href":"https:\/\/www.revistarambla.com\/en\/wp-json\/wp\/v2\/types\/post"}],"author":[{"embeddable":true,"href":"https:\/\/www.revistarambla.com\/en\/wp-json\/wp\/v2\/users\/1"}],"replies":[{"embeddable":true,"href":"https:\/\/www.revistarambla.com\/en\/wp-json\/wp\/v2\/comments?post=3240"}],"version-history":[{"count":0,"href":"https:\/\/www.revistarambla.com\/en\/wp-json\/wp\/v2\/posts\/3240\/revisions"}],"wp:attachment":[{"href":"https:\/\/www.revistarambla.com\/en\/wp-json\/wp\/v2\/media?parent=3240"}],"wp:term":[{"taxonomy":"category","embeddable":true,"href":"https:\/\/www.revistarambla.com\/en\/wp-json\/wp\/v2\/categories?post=3240"},{"taxonomy":"post_tag","embeddable":true,"href":"https:\/\/www.revistarambla.com\/en\/wp-json\/wp\/v2\/tags?post=3240"}],"curies":[{"name":"wp","href":"https:\/\/api.w.org\/{rel}","templated":true}]}}