{"id":3236,"date":"2013-04-24T18:23:01","date_gmt":"2013-04-24T18:23:01","guid":{"rendered":"https:\/\/www.revistarambla.com\/dia-de-libros-y-rosas\/"},"modified":"2021-08-06T20:20:41","modified_gmt":"2021-08-06T18:20:41","slug":"dia-de-libros-y-rosas","status":"publish","type":"post","link":"https:\/\/www.revistarambla.com\/en\/dia-de-libros-y-rosas\/","title":{"rendered":"D\u00eda de libros y rosas"},"content":{"rendered":"<p>El d\u00eda 23 de Abril se levant\u00f3 con buen tiempo, el sol apenas despuntaba y como cada a\u00f1o ya se estaban montando las paradas de libros y rosas; desde que se instaur\u00f3 el d\u00eda de Sant Jordi, la ciudad de Barcelona igual que en otros pueblos y ciudades se preparaban para el acontecimiento del a\u00f1o, en un s\u00f3lo d\u00eda, los libreros y editoriales conseguir\u00e1n r\u00e9cords de ventas.<\/p>\n<p>En este d\u00eda un p\u00fablico no habitual en el consumo de libros se lanza a la calle dispuestos a adquirir libros acompa\u00f1ados de algunas rosas, m\u00e1s de 6.000.000 de rosas se pusieron a la venta, ignoro la cantidad que se vendieron, igual que la cantidad de libros, pero supongo que ser\u00e1 una cifra elevada, igual que elevada fue la asistencia a los diferentes espacios p\u00fablicos donde se montaron las diversas paradas, paradas de librer\u00edas grandes y peque\u00f1as (algunas, gracias a esta jornada podr\u00e1n aguantar unos meses sin echar el cierre), asociaciones, partidos pol\u00edticos, sindicatos, radios y televisiones.<\/p>\n<p><img decoding=\"async\" class=\"aligncenter\" src=\"https:\/\/www.revistarambla.com\/wp-content\/uploads\/2013\/04\/JORDI_02.jpg\" alt=\"alt\" width=\"696\" height=\"385\" \/><\/p>\n<p>Las Ramblas de Barcelona, Plaza Catalunya, Portal del \u00c1ngel, Rambla de Catalunya, Paseo de Gr\u00e0cia y este a\u00f1o como novedad Paseo de Sant Joan, adem\u00e1s de las diferentes plazas y algunas calles de los barrios de la ciudad se han llenado de paradas repletas de libros y rosas. A medida que pasaban las horas esos espacios se fueron llenando de gente deseosa de disfrutar de este acontecimiento \u00fanico, colas interminables de fans esperaban la firma de los escritores medi\u00e1ticos; Risto Mejide, Jorge Javier V\u00e1zquez, Miguel \u00c1ngel Revilla, M\u00e1rio Vaquerizo entre otros, firmaban sin cesar ante la histeria de los grupos de adolescentes, sus madres y sus t\u00edas, en algunas paradas las largas colas han creado alg\u00fan problema, es el caso del escritor Albert Espinosa, que cerr\u00f3 su hora de firmas dejando a grupos enteros de ni\u00f1as y no tan ni\u00f1as llorando desconsoladas por no conseguir ese valor a\u00f1adido como es la firma del autor.<\/p>\n<p>El pregonero de la fiesta de Sant Jordi 2013, el escritor Albert S\u00e1nchez Pi\u00f1ol huy\u00f3 de Barcelona para no tener que firmar, en su preg\u00f3n record\u00f3 que en otro Sant Jordi, vio a un historiador, sabio escritor de libros de historia sentado delante de una mesa sin nadie para firmar, mientras a su lado un actor porno ten\u00eda una cola enorme, una cola de gente -precis\u00f3-, creando una situaci\u00f3n deplorable.<\/p>\n<p>Por cierto, parece ser que el libro Victus, precisamente escrito por Sanchez Pi\u00f1ol ha sido el libro m\u00e1s vendido, en su versi\u00f3n castellana y tambi\u00e9n en la reciente versi\u00f3n en catal\u00e1n. Otros libros de \u00e9xito en ventas han sido La reina descalza de Ildefonso Falcones, El maestro del Prado de Javier Sierra, Nadie es m\u00e1s que nadie del expresidente de Cantabria Miguel \u00c1ngel Revilla, y entre los m\u00e1s vendidos en catal\u00e1n; S&#8217;ha acabat el br\u00f2quil del presentador de TV3 Jaume Barber\u00e0, Br\u00faixoles que busquen somriures perduts, de Albert Espinosa y L&#8217;estiu que comen\u00e7a, de S\u00edlvia Soler entre otros.<\/p>\n<p>Un fin de fiesta que super\u00f3 la hora del comienzo del partido de f\u00fatbol entre el Bayern de Munich y el Bar\u00e7a, la noche finaliz\u00f3 en decepci\u00f3n por la abultada derrota blaugrana, y aunque ese contratiempo no cambio el aire festivo de la jornada, si que enfri\u00f3 un poco el ambiente, en todo caso se fueron desmontando los tenderetes, haciendo recuento de las ventas, empaquetando los libros no vendidos y valorando la importancia de este d\u00eda, que si no existiera se tendr\u00eda que inventar, aunque pienso que la normalidad cultural no es fruto de una sola jornada sino de la acumulaci\u00f3n de consumo y lectura de libros a lo largo del a\u00f1o.<\/p>\n<h3>ARTS LIBRIS<\/h3>\n<p>Al final de las Ramblas, en el Centro Ars Santa M\u00f3nica he podido ver y disfrutar ARTS LIBRIS, la Feria internacional del Libro y ediciones de Arte, Fotograf\u00eda y Dise\u00f1o de Barcelona, en su cuarta edici\u00f3n esta feria se consolida como plataforma y escaparate de lo que se denomina hoy en d\u00eda, el libro de artista.<\/p>\n<p>Los \u00fanicos libros que nos interesar\u00e1n en el futuro son aquellos que pueden considerarse obras de arte, dijo el escritor franc\u00e9s Michel Butor, Arts Libris trabaja para que en este futuro est\u00e9 lleno de ediciones y libros fascinantes, placenteros y estimulantes.<\/p>\n<p>Una exposici\u00f3n donde m\u00e1s de 100 expositores entre artistas, editores, fot\u00f3grafos, encuadernadores, escuelas de arte y dise\u00f1o muestran los diferentes trabajos creados, desde la obra \u00fanica a trabajos seriados, utilizando diversas t\u00e9cnicas de impresi\u00f3n y soportes, as\u00ed como formatos m\u00faltiples de libros donde prevalece el arte, el dise\u00f1o, la forma, los materiales y las t\u00e9cnicas de encuadernaci\u00f3n.<\/p>\n<p>Dentro de ARTS LIBRIS tambi\u00e9n he podido ver una de sus exposiciones denominada Passant p\u00e0gina. El Llibre com a territori d&#8217;art, donde se muestra una selecci\u00f3n de libros de artista, desde libros de Marcel Duchamp, Miguel Barcel\u00f3, Sol Lewit entre otros, hasta poetas visuales como Joan Brossa, Abel Figueras, etc. Menci\u00f3n especial dentro de esta exposici\u00f3n es la aceptaci\u00f3n como libro de artista de la minimalista revista El Naufraguito de Ceferino Gal\u00e1n, que desde hace mas de 22 a\u00f1os crea un mundo alrededor del naufragio y la soledad creativa del Naufraguito, donde el formato, el texto, la imagen y los diferentes elementos tridimensionales a\u00f1adidos, crean un producto interesante, asequible y altamente creativo.<\/p>\n<p>Un estimulante colof\u00f3n a una jornada donde el objeto libro ha ocupado la parte principal de mi existencia en este d\u00eda de Sant Jordi.<\/p>\n<p><a href=\"http:\/\/artslibris.cat\/es\/\">http:\/\/artslibris.cat\/es\/<\/a><br \/>\n<a href=\"http:\/\/elnaufraguito.com\/\">http:\/\/elnaufraguito.com\/<\/a><\/p>","protected":false},"excerpt":{"rendered":"<p>El d\u00eda 23 de Abril se levant\u00f3 con buen tiempo, el sol apenas despuntaba y como cada a\u00f1o ya se estaban montando las paradas de libros y rosas; desde que se instaur\u00f3 el d\u00eda de Sant Jordi, la ciudad de Barcelona igual que en otros pueblos y ciudades se preparaban [&hellip;]<\/p>\n","protected":false},"author":1,"featured_media":0,"comment_status":"open","ping_status":"open","sticky":false,"template":"","format":"standard","meta":{"footnotes":""},"categories":[4,60],"tags":[],"class_list":["post-3236","post","type-post","status-publish","format-standard","hentry","category-cultura","category-libros"],"yoast_head":"<!-- This site is optimized with the Yoast SEO plugin v27.5 - https:\/\/yoast.com\/product\/yoast-seo-wordpress\/ -->\n<title>D\u00eda de libros y rosas - Revista Rambla<\/title>\n<meta name=\"robots\" content=\"index, follow, max-snippet:-1, max-image-preview:large, max-video-preview:-1\" \/>\n<link rel=\"canonical\" href=\"https:\/\/www.revistarambla.com\/en\/dia-de-libros-y-rosas\/\" \/>\n<meta property=\"og:locale\" content=\"en_GB\" \/>\n<meta property=\"og:type\" content=\"article\" \/>\n<meta property=\"og:title\" content=\"D\u00eda de libros y rosas - Revista Rambla\" \/>\n<meta property=\"og:description\" content=\"El d\u00eda 23 de Abril se levant\u00f3 con buen tiempo, el sol apenas despuntaba y como cada a\u00f1o ya se estaban montando las paradas de libros y rosas; desde que se instaur\u00f3 el d\u00eda de Sant Jordi, la ciudad de Barcelona igual que en otros pueblos y ciudades se preparaban [&hellip;]\" \/>\n<meta property=\"og:url\" content=\"https:\/\/www.revistarambla.com\/en\/dia-de-libros-y-rosas\/\" \/>\n<meta property=\"og:site_name\" content=\"Revista Rambla\" \/>\n<meta property=\"article:publisher\" content=\"https:\/\/www.facebook.com\/revistarambla\/\" \/>\n<meta property=\"article:published_time\" content=\"2013-04-24T18:23:01+00:00\" \/>\n<meta property=\"article:modified_time\" content=\"2021-08-06T18:20:41+00:00\" \/>\n<meta property=\"og:image\" content=\"https:\/\/i0.wp.com\/www.revistarambla.com\/wp-content\/uploads\/2013\/04\/JORDI_01.jpg?fit=682%2C450&ssl=1\" \/>\n\t<meta property=\"og:image:width\" content=\"682\" \/>\n\t<meta property=\"og:image:height\" content=\"450\" \/>\n\t<meta property=\"og:image:type\" content=\"image\/jpeg\" \/>\n<meta name=\"author\" content=\"Evelio G\u00f3mez\" \/>\n<meta name=\"twitter:card\" content=\"summary_large_image\" \/>\n<meta name=\"twitter:creator\" content=\"@revistarambla\" \/>\n<meta name=\"twitter:site\" content=\"@revistarambla\" \/>\n<meta name=\"twitter:label1\" content=\"Written by\" \/>\n\t<meta name=\"twitter:data1\" content=\"Evelio G\u00f3mez\" \/>\n\t<meta name=\"twitter:label2\" content=\"Estimated reading time\" \/>\n\t<meta name=\"twitter:data2\" content=\"5 minutes\" \/>\n<script type=\"application\/ld+json\" class=\"yoast-schema-graph\">{\"@context\":\"https:\\\/\\\/schema.org\",\"@graph\":[{\"@type\":\"Article\",\"@id\":\"https:\\\/\\\/www.revistarambla.com\\\/dia-de-libros-y-rosas\\\/#article\",\"isPartOf\":{\"@id\":\"https:\\\/\\\/www.revistarambla.com\\\/dia-de-libros-y-rosas\\\/\"},\"author\":{\"name\":\"Evelio G\u00f3mez\",\"@id\":\"https:\\\/\\\/www.revistarambla.com\\\/#\\\/schema\\\/person\\\/4a5652fc8c82df1f8593002d038cd79e\"},\"headline\":\"D\u00eda de libros y rosas\",\"datePublished\":\"2013-04-24T18:23:01+00:00\",\"dateModified\":\"2021-08-06T18:20:41+00:00\",\"mainEntityOfPage\":{\"@id\":\"https:\\\/\\\/www.revistarambla.com\\\/dia-de-libros-y-rosas\\\/\"},\"wordCount\":983,\"commentCount\":0,\"publisher\":{\"@id\":\"https:\\\/\\\/www.revistarambla.com\\\/#organization\"},\"image\":{\"@id\":\"https:\\\/\\\/www.revistarambla.com\\\/dia-de-libros-y-rosas\\\/#primaryimage\"},\"thumbnailUrl\":\"https:\\\/\\\/www.revistarambla.com\\\/wp-content\\\/uploads\\\/2013\\\/04\\\/JORDI_02.jpg\",\"articleSection\":[\"Cultura\",\"Libros\"],\"inLanguage\":\"en-GB\",\"potentialAction\":[{\"@type\":\"CommentAction\",\"name\":\"Comment\",\"target\":[\"https:\\\/\\\/www.revistarambla.com\\\/dia-de-libros-y-rosas\\\/#respond\"]}]},{\"@type\":\"WebPage\",\"@id\":\"https:\\\/\\\/www.revistarambla.com\\\/dia-de-libros-y-rosas\\\/\",\"url\":\"https:\\\/\\\/www.revistarambla.com\\\/dia-de-libros-y-rosas\\\/\",\"name\":\"D\u00eda de libros y rosas - Revista Rambla\",\"isPartOf\":{\"@id\":\"https:\\\/\\\/www.revistarambla.com\\\/#website\"},\"primaryImageOfPage\":{\"@id\":\"https:\\\/\\\/www.revistarambla.com\\\/dia-de-libros-y-rosas\\\/#primaryimage\"},\"image\":{\"@id\":\"https:\\\/\\\/www.revistarambla.com\\\/dia-de-libros-y-rosas\\\/#primaryimage\"},\"thumbnailUrl\":\"https:\\\/\\\/www.revistarambla.com\\\/wp-content\\\/uploads\\\/2013\\\/04\\\/JORDI_02.jpg\",\"datePublished\":\"2013-04-24T18:23:01+00:00\",\"dateModified\":\"2021-08-06T18:20:41+00:00\",\"breadcrumb\":{\"@id\":\"https:\\\/\\\/www.revistarambla.com\\\/dia-de-libros-y-rosas\\\/#breadcrumb\"},\"inLanguage\":\"en-GB\",\"potentialAction\":[{\"@type\":\"ReadAction\",\"target\":[\"https:\\\/\\\/www.revistarambla.com\\\/dia-de-libros-y-rosas\\\/\"]}]},{\"@type\":\"ImageObject\",\"inLanguage\":\"en-GB\",\"@id\":\"https:\\\/\\\/www.revistarambla.com\\\/dia-de-libros-y-rosas\\\/#primaryimage\",\"url\":\"https:\\\/\\\/www.revistarambla.com\\\/wp-content\\\/uploads\\\/2013\\\/04\\\/JORDI_02.jpg\",\"contentUrl\":\"https:\\\/\\\/www.revistarambla.com\\\/wp-content\\\/uploads\\\/2013\\\/04\\\/JORDI_02.jpg\"},{\"@type\":\"BreadcrumbList\",\"@id\":\"https:\\\/\\\/www.revistarambla.com\\\/dia-de-libros-y-rosas\\\/#breadcrumb\",\"itemListElement\":[{\"@type\":\"ListItem\",\"position\":1,\"name\":\"Portada\",\"item\":\"https:\\\/\\\/www.revistarambla.com\\\/\"},{\"@type\":\"ListItem\",\"position\":2,\"name\":\"D\u00eda de libros y rosas\"}]},{\"@type\":\"WebSite\",\"@id\":\"https:\\\/\\\/www.revistarambla.com\\\/#website\",\"url\":\"https:\\\/\\\/www.revistarambla.com\\\/\",\"name\":\"Revista Rambla Barcelona\",\"description\":\"Periodismo independiente\",\"publisher\":{\"@id\":\"https:\\\/\\\/www.revistarambla.com\\\/#organization\"},\"potentialAction\":[{\"@type\":\"SearchAction\",\"target\":{\"@type\":\"EntryPoint\",\"urlTemplate\":\"https:\\\/\\\/www.revistarambla.com\\\/?s={search_term_string}\"},\"query-input\":{\"@type\":\"PropertyValueSpecification\",\"valueRequired\":true,\"valueName\":\"search_term_string\"}}],\"inLanguage\":\"en-GB\"},{\"@type\":\"Organization\",\"@id\":\"https:\\\/\\\/www.revistarambla.com\\\/#organization\",\"name\":\"Revista Rambla\",\"url\":\"https:\\\/\\\/www.revistarambla.com\\\/\",\"logo\":{\"@type\":\"ImageObject\",\"inLanguage\":\"en-GB\",\"@id\":\"https:\\\/\\\/www.revistarambla.com\\\/#\\\/schema\\\/logo\\\/image\\\/\",\"url\":\"https:\\\/\\\/www.revistarambla.com\\\/wp-content\\\/uploads\\\/2020\\\/09\\\/banner_rambla_1900x600_BB.png\",\"contentUrl\":\"https:\\\/\\\/www.revistarambla.com\\\/wp-content\\\/uploads\\\/2020\\\/09\\\/banner_rambla_1900x600_BB.png\",\"width\":1900,\"height\":600,\"caption\":\"Revista Rambla\"},\"image\":{\"@id\":\"https:\\\/\\\/www.revistarambla.com\\\/#\\\/schema\\\/logo\\\/image\\\/\"},\"sameAs\":[\"https:\\\/\\\/www.facebook.com\\\/revistarambla\\\/\",\"https:\\\/\\\/x.com\\\/revistarambla\",\"https:\\\/\\\/www.instagram.com\\\/revista_rambla\",\"https:\\\/\\\/es.linkedin.com\\\/company\\\/revista-rambla\"]},{\"@type\":\"Person\",\"@id\":\"https:\\\/\\\/www.revistarambla.com\\\/#\\\/schema\\\/person\\\/4a5652fc8c82df1f8593002d038cd79e\",\"name\":\"Evelio G\u00f3mez\",\"description\":\"Editor, dise\u00f1ador e ilustrador.\",\"sameAs\":[\"http:\\\/\\\/tipotapa.es\\\/\"]}]}<\/script>\n<!-- \/ Yoast SEO plugin. -->","yoast_head_json":{"title":"D\u00eda de libros y rosas - Revista Rambla","robots":{"index":"index","follow":"follow","max-snippet":"max-snippet:-1","max-image-preview":"max-image-preview:large","max-video-preview":"max-video-preview:-1"},"canonical":"https:\/\/www.revistarambla.com\/en\/dia-de-libros-y-rosas\/","og_locale":"en_GB","og_type":"article","og_title":"D\u00eda de libros y rosas - Revista Rambla","og_description":"El d\u00eda 23 de Abril se levant\u00f3 con buen tiempo, el sol apenas despuntaba y como cada a\u00f1o ya se estaban montando las paradas de libros y rosas; desde que se instaur\u00f3 el d\u00eda de Sant Jordi, la ciudad de Barcelona igual que en otros pueblos y ciudades se preparaban [&hellip;]","og_url":"https:\/\/www.revistarambla.com\/en\/dia-de-libros-y-rosas\/","og_site_name":"Revista Rambla","article_publisher":"https:\/\/www.facebook.com\/revistarambla\/","article_published_time":"2013-04-24T18:23:01+00:00","article_modified_time":"2021-08-06T18:20:41+00:00","og_image":[{"width":682,"height":450,"url":"https:\/\/i0.wp.com\/www.revistarambla.com\/wp-content\/uploads\/2013\/04\/JORDI_01.jpg?fit=682%2C450&ssl=1","type":"image\/jpeg"}],"author":"Evelio G\u00f3mez","twitter_card":"summary_large_image","twitter_creator":"@revistarambla","twitter_site":"@revistarambla","twitter_misc":{"Written by":"Evelio G\u00f3mez","Estimated reading time":"5 minutes"},"schema":{"@context":"https:\/\/schema.org","@graph":[{"@type":"Article","@id":"https:\/\/www.revistarambla.com\/dia-de-libros-y-rosas\/#article","isPartOf":{"@id":"https:\/\/www.revistarambla.com\/dia-de-libros-y-rosas\/"},"author":{"name":"Evelio G\u00f3mez","@id":"https:\/\/www.revistarambla.com\/#\/schema\/person\/4a5652fc8c82df1f8593002d038cd79e"},"headline":"D\u00eda de libros y rosas","datePublished":"2013-04-24T18:23:01+00:00","dateModified":"2021-08-06T18:20:41+00:00","mainEntityOfPage":{"@id":"https:\/\/www.revistarambla.com\/dia-de-libros-y-rosas\/"},"wordCount":983,"commentCount":0,"publisher":{"@id":"https:\/\/www.revistarambla.com\/#organization"},"image":{"@id":"https:\/\/www.revistarambla.com\/dia-de-libros-y-rosas\/#primaryimage"},"thumbnailUrl":"https:\/\/www.revistarambla.com\/wp-content\/uploads\/2013\/04\/JORDI_02.jpg","articleSection":["Cultura","Libros"],"inLanguage":"en-GB","potentialAction":[{"@type":"CommentAction","name":"Comment","target":["https:\/\/www.revistarambla.com\/dia-de-libros-y-rosas\/#respond"]}]},{"@type":"WebPage","@id":"https:\/\/www.revistarambla.com\/dia-de-libros-y-rosas\/","url":"https:\/\/www.revistarambla.com\/dia-de-libros-y-rosas\/","name":"D\u00eda de libros y rosas - Revista Rambla","isPartOf":{"@id":"https:\/\/www.revistarambla.com\/#website"},"primaryImageOfPage":{"@id":"https:\/\/www.revistarambla.com\/dia-de-libros-y-rosas\/#primaryimage"},"image":{"@id":"https:\/\/www.revistarambla.com\/dia-de-libros-y-rosas\/#primaryimage"},"thumbnailUrl":"https:\/\/www.revistarambla.com\/wp-content\/uploads\/2013\/04\/JORDI_02.jpg","datePublished":"2013-04-24T18:23:01+00:00","dateModified":"2021-08-06T18:20:41+00:00","breadcrumb":{"@id":"https:\/\/www.revistarambla.com\/dia-de-libros-y-rosas\/#breadcrumb"},"inLanguage":"en-GB","potentialAction":[{"@type":"ReadAction","target":["https:\/\/www.revistarambla.com\/dia-de-libros-y-rosas\/"]}]},{"@type":"ImageObject","inLanguage":"en-GB","@id":"https:\/\/www.revistarambla.com\/dia-de-libros-y-rosas\/#primaryimage","url":"https:\/\/www.revistarambla.com\/wp-content\/uploads\/2013\/04\/JORDI_02.jpg","contentUrl":"https:\/\/www.revistarambla.com\/wp-content\/uploads\/2013\/04\/JORDI_02.jpg"},{"@type":"BreadcrumbList","@id":"https:\/\/www.revistarambla.com\/dia-de-libros-y-rosas\/#breadcrumb","itemListElement":[{"@type":"ListItem","position":1,"name":"Portada","item":"https:\/\/www.revistarambla.com\/"},{"@type":"ListItem","position":2,"name":"D\u00eda de libros y rosas"}]},{"@type":"WebSite","@id":"https:\/\/www.revistarambla.com\/#website","url":"https:\/\/www.revistarambla.com\/","name":"Revista Rambla Barcelona","description":"Periodismo independiente","publisher":{"@id":"https:\/\/www.revistarambla.com\/#organization"},"potentialAction":[{"@type":"SearchAction","target":{"@type":"EntryPoint","urlTemplate":"https:\/\/www.revistarambla.com\/?s={search_term_string}"},"query-input":{"@type":"PropertyValueSpecification","valueRequired":true,"valueName":"search_term_string"}}],"inLanguage":"en-GB"},{"@type":"Organization","@id":"https:\/\/www.revistarambla.com\/#organization","name":"Revista Rambla","url":"https:\/\/www.revistarambla.com\/","logo":{"@type":"ImageObject","inLanguage":"en-GB","@id":"https:\/\/www.revistarambla.com\/#\/schema\/logo\/image\/","url":"https:\/\/www.revistarambla.com\/wp-content\/uploads\/2020\/09\/banner_rambla_1900x600_BB.png","contentUrl":"https:\/\/www.revistarambla.com\/wp-content\/uploads\/2020\/09\/banner_rambla_1900x600_BB.png","width":1900,"height":600,"caption":"Revista Rambla"},"image":{"@id":"https:\/\/www.revistarambla.com\/#\/schema\/logo\/image\/"},"sameAs":["https:\/\/www.facebook.com\/revistarambla\/","https:\/\/x.com\/revistarambla","https:\/\/www.instagram.com\/revista_rambla","https:\/\/es.linkedin.com\/company\/revista-rambla"]},{"@type":"Person","@id":"https:\/\/www.revistarambla.com\/#\/schema\/person\/4a5652fc8c82df1f8593002d038cd79e","name":"Evelio G\u00f3mez","description":"Editor, dise\u00f1ador e ilustrador.","sameAs":["http:\/\/tipotapa.es\/"]}]}},"_links":{"self":[{"href":"https:\/\/www.revistarambla.com\/en\/wp-json\/wp\/v2\/posts\/3236","targetHints":{"allow":["GET"]}}],"collection":[{"href":"https:\/\/www.revistarambla.com\/en\/wp-json\/wp\/v2\/posts"}],"about":[{"href":"https:\/\/www.revistarambla.com\/en\/wp-json\/wp\/v2\/types\/post"}],"author":[{"embeddable":true,"href":"https:\/\/www.revistarambla.com\/en\/wp-json\/wp\/v2\/users\/1"}],"replies":[{"embeddable":true,"href":"https:\/\/www.revistarambla.com\/en\/wp-json\/wp\/v2\/comments?post=3236"}],"version-history":[{"count":0,"href":"https:\/\/www.revistarambla.com\/en\/wp-json\/wp\/v2\/posts\/3236\/revisions"}],"wp:attachment":[{"href":"https:\/\/www.revistarambla.com\/en\/wp-json\/wp\/v2\/media?parent=3236"}],"wp:term":[{"taxonomy":"category","embeddable":true,"href":"https:\/\/www.revistarambla.com\/en\/wp-json\/wp\/v2\/categories?post=3236"},{"taxonomy":"post_tag","embeddable":true,"href":"https:\/\/www.revistarambla.com\/en\/wp-json\/wp\/v2\/tags?post=3236"}],"curies":[{"name":"wp","href":"https:\/\/api.w.org\/{rel}","templated":true}]}}