{"id":32165,"date":"2021-05-14T17:00:12","date_gmt":"2021-05-14T15:00:12","guid":{"rendered":"https:\/\/www.revistarambla.com\/?p=32165"},"modified":"2021-05-14T17:00:12","modified_gmt":"2021-05-14T15:00:12","slug":"conflicto","status":"publish","type":"post","link":"https:\/\/www.revistarambla.com\/en\/conflicto\/","title":{"rendered":"Conflicto"},"content":{"rendered":"<p><img decoding=\"async\" class=\"aligncenter wp-image-32166\" src=\"https:\/\/www.revistarambla.com\/wp-content\/uploads\/2021\/05\/sketch1620941810838-300x300.png\" alt=\"\" width=\"600\" height=\"600\" srcset=\"https:\/\/www.revistarambla.com\/wp-content\/uploads\/2021\/05\/sketch1620941810838-300x300.png 300w, https:\/\/www.revistarambla.com\/wp-content\/uploads\/2021\/05\/sketch1620941810838-150x150.png 150w, https:\/\/www.revistarambla.com\/wp-content\/uploads\/2021\/05\/sketch1620941810838-768x768.png 768w, https:\/\/www.revistarambla.com\/wp-content\/uploads\/2021\/05\/sketch1620941810838-70x70.png 70w, https:\/\/www.revistarambla.com\/wp-content\/uploads\/2021\/05\/sketch1620941810838.png 800w\" sizes=\"(max-width: 600px) 100vw, 600px\" \/><\/p>\n<p><a href=\"https:\/\/cartoonmovement.com\/cartoonist\/13497\"><strong>Mat\u00edas Tejeda (MATE)<\/strong><\/a> naci\u00f3 en R\u00edo Cuarto y, desde hace unos a\u00f1os, vive en Las Higueras, en la regi\u00f3n central de Argentina. Estudi\u00f3 Microbiolog\u00eda y Producci\u00f3n de Medios de Comunicaci\u00f3n. Aunque asisti\u00f3 a diferentes cursos y talleres, su formaci\u00f3n como ilustrador y pintor ha sido mayoritariamente autodidacta.<\/p>\n<p>Desde el a\u00f1o 2005, ha realizado exposiciones individuales y colectivas en diferentes lugares de Argentina.<\/p>\n<p>Es miembro de la Asociaci\u00f3n de Dibujantes de Argentina y, desde 2017, se dedica principalmente a la ilustraci\u00f3n, la edici\u00f3n y la colaboraci\u00f3n con diferentes editoriales de revistas, libros y sitios web, generalmente sobre opini\u00f3n pol\u00edtica.<\/p>","protected":false},"excerpt":{"rendered":"<p>Mat\u00edas Tejeda (MATE) naci\u00f3 en R\u00edo Cuarto y, desde hace unos a\u00f1os, vive en Las Higueras, en la regi\u00f3n central de Argentina. Estudi\u00f3 Microbiolog\u00eda y Producci\u00f3n de Medios de Comunicaci\u00f3n. Aunque asisti\u00f3 a diferentes cursos y talleres, su formaci\u00f3n como ilustrador y pintor ha sido mayoritariamente autodidacta. Desde el a\u00f1o [&hellip;]<\/p>\n","protected":false},"author":15,"featured_media":32166,"comment_status":"open","ping_status":"open","sticky":false,"template":"","format":"standard","meta":{"footnotes":""},"categories":[1579],"tags":[],"class_list":["post-32165","post","type-post","status-publish","format-standard","has-post-thumbnail","hentry","category-ilustraciones"],"yoast_head":"<!-- This site is optimized with the Yoast SEO plugin v27.5 - https:\/\/yoast.com\/product\/yoast-seo-wordpress\/ -->\n<title>Conflicto - Revista Rambla<\/title>\n<meta name=\"robots\" content=\"index, follow, max-snippet:-1, max-image-preview:large, max-video-preview:-1\" \/>\n<link rel=\"canonical\" href=\"https:\/\/www.revistarambla.com\/en\/conflicto\/\" \/>\n<meta property=\"og:locale\" content=\"en_GB\" \/>\n<meta property=\"og:type\" content=\"article\" \/>\n<meta property=\"og:title\" content=\"Conflicto - Revista Rambla\" \/>\n<meta property=\"og:description\" content=\"Mat\u00edas Tejeda (MATE) naci\u00f3 en R\u00edo Cuarto y, desde hace unos a\u00f1os, vive en Las Higueras, en la regi\u00f3n central de Argentina. Estudi\u00f3 Microbiolog\u00eda y Producci\u00f3n de Medios de Comunicaci\u00f3n. Aunque asisti\u00f3 a diferentes cursos y talleres, su formaci\u00f3n como ilustrador y pintor ha sido mayoritariamente autodidacta. Desde el a\u00f1o [&hellip;]\" \/>\n<meta property=\"og:url\" content=\"https:\/\/www.revistarambla.com\/en\/conflicto\/\" \/>\n<meta property=\"og:site_name\" content=\"Revista Rambla\" \/>\n<meta property=\"article:publisher\" content=\"https:\/\/www.facebook.com\/revistarambla\/\" \/>\n<meta property=\"article:published_time\" content=\"2021-05-14T15:00:12+00:00\" \/>\n<meta property=\"og:image\" content=\"https:\/\/i2.wp.com\/www.revistarambla.com\/wp-content\/uploads\/2021\/05\/sketch1620941810838.png?fit=800%2C800&ssl=1\" \/>\n\t<meta property=\"og:image:width\" content=\"800\" \/>\n\t<meta property=\"og:image:height\" content=\"800\" \/>\n\t<meta property=\"og:image:type\" content=\"image\/png\" \/>\n<meta name=\"author\" content=\"Mat\u00edas Tejeda (MATE)\" \/>\n<meta name=\"twitter:card\" content=\"summary_large_image\" \/>\n<meta name=\"twitter:creator\" content=\"@revistarambla\" \/>\n<meta name=\"twitter:site\" content=\"@revistarambla\" \/>\n<meta name=\"twitter:label1\" content=\"Written by\" \/>\n\t<meta name=\"twitter:data1\" content=\"Mat\u00edas Tejeda (MATE)\" \/>\n\t<meta name=\"twitter:label2\" content=\"Estimated reading time\" \/>\n\t<meta name=\"twitter:data2\" content=\"1 minute\" \/>\n<script type=\"application\/ld+json\" class=\"yoast-schema-graph\">{\"@context\":\"https:\\\/\\\/schema.org\",\"@graph\":[{\"@type\":\"Article\",\"@id\":\"https:\\\/\\\/www.revistarambla.com\\\/conflicto\\\/#article\",\"isPartOf\":{\"@id\":\"https:\\\/\\\/www.revistarambla.com\\\/conflicto\\\/\"},\"author\":{\"name\":\"Mat\u00edas Tejeda (MATE)\",\"@id\":\"https:\\\/\\\/www.revistarambla.com\\\/#\\\/schema\\\/person\\\/2b19179a8ace334b829ad72cc6e6ce97\"},\"headline\":\"Conflicto\",\"datePublished\":\"2021-05-14T15:00:12+00:00\",\"mainEntityOfPage\":{\"@id\":\"https:\\\/\\\/www.revistarambla.com\\\/conflicto\\\/\"},\"wordCount\":112,\"commentCount\":0,\"publisher\":{\"@id\":\"https:\\\/\\\/www.revistarambla.com\\\/#organization\"},\"image\":{\"@id\":\"https:\\\/\\\/www.revistarambla.com\\\/conflicto\\\/#primaryimage\"},\"thumbnailUrl\":\"https:\\\/\\\/www.revistarambla.com\\\/wp-content\\\/uploads\\\/2021\\\/05\\\/sketch1620941810838.png\",\"articleSection\":[\"Ilustraciones\"],\"inLanguage\":\"en-GB\",\"potentialAction\":[{\"@type\":\"CommentAction\",\"name\":\"Comment\",\"target\":[\"https:\\\/\\\/www.revistarambla.com\\\/conflicto\\\/#respond\"]}]},{\"@type\":\"WebPage\",\"@id\":\"https:\\\/\\\/www.revistarambla.com\\\/conflicto\\\/\",\"url\":\"https:\\\/\\\/www.revistarambla.com\\\/conflicto\\\/\",\"name\":\"Conflicto - Revista Rambla\",\"isPartOf\":{\"@id\":\"https:\\\/\\\/www.revistarambla.com\\\/#website\"},\"primaryImageOfPage\":{\"@id\":\"https:\\\/\\\/www.revistarambla.com\\\/conflicto\\\/#primaryimage\"},\"image\":{\"@id\":\"https:\\\/\\\/www.revistarambla.com\\\/conflicto\\\/#primaryimage\"},\"thumbnailUrl\":\"https:\\\/\\\/www.revistarambla.com\\\/wp-content\\\/uploads\\\/2021\\\/05\\\/sketch1620941810838.png\",\"datePublished\":\"2021-05-14T15:00:12+00:00\",\"breadcrumb\":{\"@id\":\"https:\\\/\\\/www.revistarambla.com\\\/conflicto\\\/#breadcrumb\"},\"inLanguage\":\"en-GB\",\"potentialAction\":[{\"@type\":\"ReadAction\",\"target\":[\"https:\\\/\\\/www.revistarambla.com\\\/conflicto\\\/\"]}]},{\"@type\":\"ImageObject\",\"inLanguage\":\"en-GB\",\"@id\":\"https:\\\/\\\/www.revistarambla.com\\\/conflicto\\\/#primaryimage\",\"url\":\"https:\\\/\\\/www.revistarambla.com\\\/wp-content\\\/uploads\\\/2021\\\/05\\\/sketch1620941810838.png\",\"contentUrl\":\"https:\\\/\\\/www.revistarambla.com\\\/wp-content\\\/uploads\\\/2021\\\/05\\\/sketch1620941810838.png\",\"width\":800,\"height\":800},{\"@type\":\"BreadcrumbList\",\"@id\":\"https:\\\/\\\/www.revistarambla.com\\\/conflicto\\\/#breadcrumb\",\"itemListElement\":[{\"@type\":\"ListItem\",\"position\":1,\"name\":\"Portada\",\"item\":\"https:\\\/\\\/www.revistarambla.com\\\/\"},{\"@type\":\"ListItem\",\"position\":2,\"name\":\"Conflicto\"}]},{\"@type\":\"WebSite\",\"@id\":\"https:\\\/\\\/www.revistarambla.com\\\/#website\",\"url\":\"https:\\\/\\\/www.revistarambla.com\\\/\",\"name\":\"Revista Rambla Barcelona\",\"description\":\"Periodismo independiente\",\"publisher\":{\"@id\":\"https:\\\/\\\/www.revistarambla.com\\\/#organization\"},\"potentialAction\":[{\"@type\":\"SearchAction\",\"target\":{\"@type\":\"EntryPoint\",\"urlTemplate\":\"https:\\\/\\\/www.revistarambla.com\\\/?s={search_term_string}\"},\"query-input\":{\"@type\":\"PropertyValueSpecification\",\"valueRequired\":true,\"valueName\":\"search_term_string\"}}],\"inLanguage\":\"en-GB\"},{\"@type\":\"Organization\",\"@id\":\"https:\\\/\\\/www.revistarambla.com\\\/#organization\",\"name\":\"Revista Rambla\",\"url\":\"https:\\\/\\\/www.revistarambla.com\\\/\",\"logo\":{\"@type\":\"ImageObject\",\"inLanguage\":\"en-GB\",\"@id\":\"https:\\\/\\\/www.revistarambla.com\\\/#\\\/schema\\\/logo\\\/image\\\/\",\"url\":\"https:\\\/\\\/www.revistarambla.com\\\/wp-content\\\/uploads\\\/2020\\\/09\\\/banner_rambla_1900x600_BB.png\",\"contentUrl\":\"https:\\\/\\\/www.revistarambla.com\\\/wp-content\\\/uploads\\\/2020\\\/09\\\/banner_rambla_1900x600_BB.png\",\"width\":1900,\"height\":600,\"caption\":\"Revista Rambla\"},\"image\":{\"@id\":\"https:\\\/\\\/www.revistarambla.com\\\/#\\\/schema\\\/logo\\\/image\\\/\"},\"sameAs\":[\"https:\\\/\\\/www.facebook.com\\\/revistarambla\\\/\",\"https:\\\/\\\/x.com\\\/revistarambla\",\"https:\\\/\\\/www.instagram.com\\\/revista_rambla\",\"https:\\\/\\\/es.linkedin.com\\\/company\\\/revista-rambla\"]},{\"@type\":\"Person\",\"@id\":\"https:\\\/\\\/www.revistarambla.com\\\/#\\\/schema\\\/person\\\/2b19179a8ace334b829ad72cc6e6ce97\",\"name\":\"Mat\u00edas Tejeda (MATE)\"}]}<\/script>\n<!-- \/ Yoast SEO plugin. -->","yoast_head_json":{"title":"Conflicto - Revista Rambla","robots":{"index":"index","follow":"follow","max-snippet":"max-snippet:-1","max-image-preview":"max-image-preview:large","max-video-preview":"max-video-preview:-1"},"canonical":"https:\/\/www.revistarambla.com\/en\/conflicto\/","og_locale":"en_GB","og_type":"article","og_title":"Conflicto - Revista Rambla","og_description":"Mat\u00edas Tejeda (MATE) naci\u00f3 en R\u00edo Cuarto y, desde hace unos a\u00f1os, vive en Las Higueras, en la regi\u00f3n central de Argentina. Estudi\u00f3 Microbiolog\u00eda y Producci\u00f3n de Medios de Comunicaci\u00f3n. Aunque asisti\u00f3 a diferentes cursos y talleres, su formaci\u00f3n como ilustrador y pintor ha sido mayoritariamente autodidacta. Desde el a\u00f1o [&hellip;]","og_url":"https:\/\/www.revistarambla.com\/en\/conflicto\/","og_site_name":"Revista Rambla","article_publisher":"https:\/\/www.facebook.com\/revistarambla\/","article_published_time":"2021-05-14T15:00:12+00:00","og_image":[{"width":800,"height":800,"url":"https:\/\/i2.wp.com\/www.revistarambla.com\/wp-content\/uploads\/2021\/05\/sketch1620941810838.png?fit=800%2C800&ssl=1","type":"image\/png"}],"author":"Mat\u00edas Tejeda (MATE)","twitter_card":"summary_large_image","twitter_creator":"@revistarambla","twitter_site":"@revistarambla","twitter_misc":{"Written by":"Mat\u00edas Tejeda (MATE)","Estimated reading time":"1 minute"},"schema":{"@context":"https:\/\/schema.org","@graph":[{"@type":"Article","@id":"https:\/\/www.revistarambla.com\/conflicto\/#article","isPartOf":{"@id":"https:\/\/www.revistarambla.com\/conflicto\/"},"author":{"name":"Mat\u00edas Tejeda (MATE)","@id":"https:\/\/www.revistarambla.com\/#\/schema\/person\/2b19179a8ace334b829ad72cc6e6ce97"},"headline":"Conflicto","datePublished":"2021-05-14T15:00:12+00:00","mainEntityOfPage":{"@id":"https:\/\/www.revistarambla.com\/conflicto\/"},"wordCount":112,"commentCount":0,"publisher":{"@id":"https:\/\/www.revistarambla.com\/#organization"},"image":{"@id":"https:\/\/www.revistarambla.com\/conflicto\/#primaryimage"},"thumbnailUrl":"https:\/\/www.revistarambla.com\/wp-content\/uploads\/2021\/05\/sketch1620941810838.png","articleSection":["Ilustraciones"],"inLanguage":"en-GB","potentialAction":[{"@type":"CommentAction","name":"Comment","target":["https:\/\/www.revistarambla.com\/conflicto\/#respond"]}]},{"@type":"WebPage","@id":"https:\/\/www.revistarambla.com\/conflicto\/","url":"https:\/\/www.revistarambla.com\/conflicto\/","name":"Conflicto - Revista Rambla","isPartOf":{"@id":"https:\/\/www.revistarambla.com\/#website"},"primaryImageOfPage":{"@id":"https:\/\/www.revistarambla.com\/conflicto\/#primaryimage"},"image":{"@id":"https:\/\/www.revistarambla.com\/conflicto\/#primaryimage"},"thumbnailUrl":"https:\/\/www.revistarambla.com\/wp-content\/uploads\/2021\/05\/sketch1620941810838.png","datePublished":"2021-05-14T15:00:12+00:00","breadcrumb":{"@id":"https:\/\/www.revistarambla.com\/conflicto\/#breadcrumb"},"inLanguage":"en-GB","potentialAction":[{"@type":"ReadAction","target":["https:\/\/www.revistarambla.com\/conflicto\/"]}]},{"@type":"ImageObject","inLanguage":"en-GB","@id":"https:\/\/www.revistarambla.com\/conflicto\/#primaryimage","url":"https:\/\/www.revistarambla.com\/wp-content\/uploads\/2021\/05\/sketch1620941810838.png","contentUrl":"https:\/\/www.revistarambla.com\/wp-content\/uploads\/2021\/05\/sketch1620941810838.png","width":800,"height":800},{"@type":"BreadcrumbList","@id":"https:\/\/www.revistarambla.com\/conflicto\/#breadcrumb","itemListElement":[{"@type":"ListItem","position":1,"name":"Portada","item":"https:\/\/www.revistarambla.com\/"},{"@type":"ListItem","position":2,"name":"Conflicto"}]},{"@type":"WebSite","@id":"https:\/\/www.revistarambla.com\/#website","url":"https:\/\/www.revistarambla.com\/","name":"Revista Rambla Barcelona","description":"Periodismo independiente","publisher":{"@id":"https:\/\/www.revistarambla.com\/#organization"},"potentialAction":[{"@type":"SearchAction","target":{"@type":"EntryPoint","urlTemplate":"https:\/\/www.revistarambla.com\/?s={search_term_string}"},"query-input":{"@type":"PropertyValueSpecification","valueRequired":true,"valueName":"search_term_string"}}],"inLanguage":"en-GB"},{"@type":"Organization","@id":"https:\/\/www.revistarambla.com\/#organization","name":"Revista Rambla","url":"https:\/\/www.revistarambla.com\/","logo":{"@type":"ImageObject","inLanguage":"en-GB","@id":"https:\/\/www.revistarambla.com\/#\/schema\/logo\/image\/","url":"https:\/\/www.revistarambla.com\/wp-content\/uploads\/2020\/09\/banner_rambla_1900x600_BB.png","contentUrl":"https:\/\/www.revistarambla.com\/wp-content\/uploads\/2020\/09\/banner_rambla_1900x600_BB.png","width":1900,"height":600,"caption":"Revista Rambla"},"image":{"@id":"https:\/\/www.revistarambla.com\/#\/schema\/logo\/image\/"},"sameAs":["https:\/\/www.facebook.com\/revistarambla\/","https:\/\/x.com\/revistarambla","https:\/\/www.instagram.com\/revista_rambla","https:\/\/es.linkedin.com\/company\/revista-rambla"]},{"@type":"Person","@id":"https:\/\/www.revistarambla.com\/#\/schema\/person\/2b19179a8ace334b829ad72cc6e6ce97","name":"Mat\u00edas Tejeda (MATE)"}]}},"_links":{"self":[{"href":"https:\/\/www.revistarambla.com\/en\/wp-json\/wp\/v2\/posts\/32165","targetHints":{"allow":["GET"]}}],"collection":[{"href":"https:\/\/www.revistarambla.com\/en\/wp-json\/wp\/v2\/posts"}],"about":[{"href":"https:\/\/www.revistarambla.com\/en\/wp-json\/wp\/v2\/types\/post"}],"author":[{"embeddable":true,"href":"https:\/\/www.revistarambla.com\/en\/wp-json\/wp\/v2\/users\/15"}],"replies":[{"embeddable":true,"href":"https:\/\/www.revistarambla.com\/en\/wp-json\/wp\/v2\/comments?post=32165"}],"version-history":[{"count":0,"href":"https:\/\/www.revistarambla.com\/en\/wp-json\/wp\/v2\/posts\/32165\/revisions"}],"wp:featuredmedia":[{"embeddable":true,"href":"https:\/\/www.revistarambla.com\/en\/wp-json\/wp\/v2\/media\/32166"}],"wp:attachment":[{"href":"https:\/\/www.revistarambla.com\/en\/wp-json\/wp\/v2\/media?parent=32165"}],"wp:term":[{"taxonomy":"category","embeddable":true,"href":"https:\/\/www.revistarambla.com\/en\/wp-json\/wp\/v2\/categories?post=32165"},{"taxonomy":"post_tag","embeddable":true,"href":"https:\/\/www.revistarambla.com\/en\/wp-json\/wp\/v2\/tags?post=32165"}],"curies":[{"name":"wp","href":"https:\/\/api.w.org\/{rel}","templated":true}]}}