{"id":31993,"date":"2021-05-12T18:52:53","date_gmt":"2021-05-12T16:52:53","guid":{"rendered":"https:\/\/www.revistarambla.com\/?p=31993"},"modified":"2025-01-23T21:40:40","modified_gmt":"2025-01-23T20:40:40","slug":"companeros-companeras-y-companeres","status":"publish","type":"post","link":"https:\/\/www.revistarambla.com\/en\/companeros-companeras-y-companeres\/","title":{"rendered":"\u00abCompa\u00f1eros, compa\u00f1eras y compa\u00f1eres\u00bb"},"content":{"rendered":"<figure id=\"attachment_31994\" aria-describedby=\"caption-attachment-31994\" style=\"width: 375px\" class=\"wp-caption alignright\"><a href=\"https:\/\/cartoonmovement.com\/cartoonist\/329\"><img decoding=\"async\" class=\"wp-image-31994\" src=\"https:\/\/www.revistarambla.com\/wp-content\/uploads\/2021\/05\/lead_man_to_handle_speech_language__ramiro_zardoya-300x214.jpg\" alt=\"\" width=\"375\" height=\"268\" srcset=\"https:\/\/www.revistarambla.com\/wp-content\/uploads\/2021\/05\/lead_man_to_handle_speech_language__ramiro_zardoya-300x214.jpg 300w, https:\/\/www.revistarambla.com\/wp-content\/uploads\/2021\/05\/lead_man_to_handle_speech_language__ramiro_zardoya-768x548.jpg 768w, https:\/\/www.revistarambla.com\/wp-content\/uploads\/2021\/05\/lead_man_to_handle_speech_language__ramiro_zardoya.jpg 800w\" sizes=\"(max-width: 375px) 100vw, 375px\" \/><\/a><figcaption id=\"caption-attachment-31994\" class=\"wp-caption-text\">Ilustra Ramiro Zardoya.<\/figcaption><\/figure>\n<p style=\"text-align: left;\" align=\"JUSTIFY\"><span lang=\"es-ES\">A mediados del pasado mes de abril, la ministra de Igualdad, <\/span><span lang=\"es-ES\">Irene Montero<\/span><span lang=\"es-ES\">, se luci\u00f3 y mostr\u00f3, una vez m\u00e1s, su osad\u00eda e ignorancia supina. En un mitin con colectivos <\/span>LGBTIQ+<span lang=\"es-ES\">, utiliz\u00f3, en s\u00f3lo 15 minutos, 10 tripletes (\u201c<\/span><span lang=\"es-ES\">Buenas tardes a todos, todas y todes<\/span><span lang=\"es-ES\">\u201d, \u201c<\/span><span lang=\"es-ES\">hay un ni\u00f1o, una ni\u00f1a y un ni\u00f1e<\/span><span lang=\"es-ES\">\u201d, por dar s\u00f3lo dos ejemplos) y otras lindezas por el estilo. Entre ellas, los consabidos y reiterados desdoblamientos o dobletes (\u201c<\/span><span lang=\"es-ES\">amigos <\/span><span lang=\"es-ES\">y<\/span><span lang=\"es-ES\"> amigas<\/span><span lang=\"es-ES\">\u201d, \u201c<\/span><span lang=\"es-ES\">todos y todas<\/span><span lang=\"es-ES\">\u201d). <\/span><\/p>\n<p style=\"text-align: left;\" align=\"JUSTIFY\"><span lang=\"es-ES\">Desde hace ya bastante tiempo, algunos de estos colectivos y muchos organismos p\u00fablicos (universidades, CC.AA, sindicatos, ayuntamientos y otras instituciones) se han arrogado ciertas competencias y se han erigido en \u201cexpertos ling\u00fcistas\u201d(?), elaborando y proponiendo gu\u00edas de lenguaje no sexista. Ahora bien, para elaborarlas, no han dudado en desplazar, marginar, silenciar y ningunear a los verdaderos estudiosos y sibaritas del lenguaje (la RAE, los ling\u00fcistas, los fil\u00f3logos, los \u201cescribidores\u201d que viven de la pluma, los profesores, etc.), para que no tuvieran vela en este entierro. As\u00ed, los maestros Ciruela que no saben hacer la \u201co\u201d con un canuto, tampoco en cuestiones ling\u00fc\u00edsticas, pretenden darnos lecciones y dictarnos a todos, con sus propuestas de lenguaje inclusivo, c\u00f3mo debemos hablar y escribir. \u00a1Vivir para ver!<\/span><\/p>\n<h3 style=\"text-align: left;\" align=\"JUSTIFY\"><span lang=\"es-ES\">Los maestros Ciruela y el lenguaje inclusivo<\/span><\/h3>\n<p style=\"text-align: left;\" align=\"JUSTIFY\"><span lang=\"es-ES\">Para ciertos colectivos feministas y los maestros Ciruela que los secundan, el lenguaje sexista es una manifestaci\u00f3n del androcentrismo y del machismo. Y provoca una invisibilidad, una infravaloraci\u00f3n, una marginaci\u00f3n, un menosprecio y una subordinaci\u00f3n de la mujer respecto al hombre. Para luchar contra esta discriminaci\u00f3n, para visualizar a la mujer y ponerla en el puesto que se merece, el \u201c<\/span><span lang=\"es-ES\">lenguaje inclusivo<\/span><span lang=\"es-ES\">\u201d (o incluyente o igualitario o no sexista) es, seg\u00fan ellos, el medio para conseguirlo. En efecto, seg\u00fan la Rae, este lenguaje es el \u201cque aplica las recomendaciones propuestas por ciertos sectores del feminismo para visibilizar a la mujer en el discurso, suponiendo que el uso del \u2018masculino gen\u00e9rico\u2019 la excluye\u201d.<\/span><\/p>\n<p style=\"text-align: left;\" align=\"JUSTIFY\"><span lang=\"es-ES\">Entre otras recomendaciones, los maestros Ciruela y ciertos colectivos feministas han propuesto, que se utilicen dobletes, que permiten hacer menci\u00f3n expresa de los dos g\u00e9neros (\u201c<\/span><span lang=\"es-ES\">el Congreso de los diputados y las diputadas<\/span><span lang=\"es-ES\">\u201d en vez de \u201c<\/span><span lang=\"es-ES\">el Congreso de los diputados<\/span><span lang=\"es-ES\">\u201d) y tripletes (\u201c*<\/span><span lang=\"es-ES\">Buenas tardes a todos, todas y todes<\/span><span lang=\"es-ES\">\u201d); o que se sustituyan las desinencias del g\u00e9nero masculino por otros grafemas neutros, que no denotan g\u00e9nero: la \u201c@\u201d (*tod@s), la consonante \u201cx\u201d (*todxs) o el asterisco (\u201c*tod*s\u201d) o la vocal \u201c-e\u201d (*todes); o que se creen neologismos in\u00fatiles (\u201c*<\/span><span lang=\"es-ES\">j\u00f3venas, *miembras, *portavoza<\/span><span lang=\"es-ES\">\u201d) o que se empleen otras soluciones artificiosas (\u201c*<\/span><span lang=\"es-ES\">las <\/span><span lang=\"es-ES\">y <\/span><span lang=\"es-ES\">los<\/span><span lang=\"es-ES\"> ciudadanos\u201d), propuestas todas que contravienen las normas de la gram\u00e1tica espa\u00f1ola. <\/span><\/p>\n<h3 style=\"text-align: left;\" align=\"JUSTIFY\"><span lang=\"es-ES\">Los expertos y el lenguaje inclusivo <\/span><\/h3>\n<p style=\"text-align: left;\" align=\"JUSTIFY\"><span lang=\"es-ES\">Para la Rae y los estudiosos del lenguaje, los desdoblamientos (\u201c<\/span><span lang=\"es-ES\">el Congreso de los diputados y las diputadas<\/span><span lang=\"es-ES\">\u201d) son gramaticalmente correctos, pero innecesarios. En efecto, teniendo en cuenta el contexto de utilizaci\u00f3n y la \u201ccompetencia enciclop\u00e9dica\u201d de los hablantes (<\/span><span lang=\"es-ES\">U. Eco<\/span><span lang=\"es-ES\">), el \u201cmasculino gen\u00e9rico\u201d (\u201c<\/span><span lang=\"es-ES\">el Congreso de los diputados<\/span><span lang=\"es-ES\">\u201d) incluye, nunca mejor dicho y sin ning\u00fan g\u00e9nero de dudas, a los seres de ambos sexos. De ah\u00ed que, seg\u00fan <\/span><span lang=\"es-ES\">\u00c1lex Grijelmo <\/span><span lang=\"es-ES\">(2019), no se debe confundir la \u201causencia del g\u00e9nero femenino\u201d en el significante con la \u201cinvisibilidad\u201d o la ausencia del concepto de mujer en el significado. Por eso, no es de recibo lo aseverado en la cita, atribuida a <\/span><span lang=\"es-ES\">George Steiner<\/span><span lang=\"es-ES\">, seg\u00fan la cual \u201clo que no se nombra no existe\u201d. No es el lenguaje el que crea la realidad sino la realidad la que crea el lenguaje.<\/span><\/p>\n<p style=\"text-align: left;\" align=\"JUSTIFY\"><span lang=\"es-ES\">Los expertos aportan cuatro razones contundentes en defensa del \u201cmasculino gen\u00e9rico\u201d y en contra del uso de los dobletes o los tripletes. Por un lado, la \u201ceconom\u00eda ling\u00fc\u00edstica\u201d, que reflej\u00f3 <\/span><span lang=\"es-ES\">Baltasar Graci\u00e1n<\/span><span lang=\"es-ES\"> en el aforismo que reza as\u00ed: \u201clo breve, si bueno, dos veces bueno. Y, si malo, menos malo\u201d. Por otro, basta con leer o escuchar un <\/span><a href=\"http:\/\/www.xlsemanal.com\/firmas\/20160901\/sobre-catedraticos-y-catedraticas.html\"><span lang=\"es-ES\">texto en lenguaje inclusivo<\/span><\/a> <span lang=\"es-ES\">para darse cuenta de que el uso sistem\u00e1tico del mismo no es cooperador y dificulta o hace imposible la comunicaci\u00f3n. Adem\u00e1s, el lenguaje inclusivo va contra la \u201cley del m\u00ednimo esfuerzo\u201d, que determina tanto el comportamiento ling\u00fc\u00edstico de los locutores como la evoluci\u00f3n de las lenguas (<\/span><span lang=\"es-ES\">A. Martinet<\/span><span lang=\"es-ES\">, 1970): \u00bfpara qu\u00e9 gastar energ\u00eda y tiempo, si se pueden conseguir los objetivos con menos recursos? Finalmente, el lenguaje inclusivo pone en peligro la correcci\u00f3n ling\u00fc\u00edstica en lo relativo a la concordancia gramatical.<\/span><\/p>\n<p style=\"text-align: left;\" align=\"JUSTIFY\"><span lang=\"es-ES\">Por otro lado, para la Rae y los expertos, las marcas neutras (\u201c@\u201d, \u201cx\u201d, \u201c*\u201d y \u201c-e\u201d) son ajenas a la morfolog\u00eda del espa\u00f1ol; y, adem\u00e1s, son impronunciables. Por eso, estas propuestas han sido rechazadas, incluso por algunos manuales de lenguaje inclusivo, ya que estas marcas neutras s\u00ed invisibilizan a las mujeres. Por este motivo, estas propuestas neutras, as\u00ed como los dobletes y los tripletes, no se han popularizado y han sido objeto de controversia, de burla, de escarnio, de pitorreo y de memes.<\/span><\/p>\n<h3 style=\"text-align: left;\" align=\"JUSTIFY\"><span lang=\"es-ES\">No confundamos churras y merinas<\/span><\/h3>\n<p style=\"text-align: left;\" align=\"JUSTIFY\"><span lang=\"es-ES\">Como puede deducirse de<\/span><span lang=\"es-ES\">l <\/span><a href=\"https:\/\/www.rae.es\/sites\/default\/files\/Informe_lenguaje_inclusivo.pdf\"><span lang=\"es-ES\">informe de <\/span><span lang=\"es-ES\">Ignacio Bosque<\/span><\/a> <span lang=\"es-ES\">y del ensayo de <\/span><span lang=\"es-ES\">\u00c1. Grijelmo<\/span><span lang=\"es-ES\"> (2019)<\/span><span lang=\"es-ES\">*<\/span><span lang=\"es-ES\">, las propuestas (cf. ut supra) de ciertos colectivos feministas \u2014patrocinadas y aplicadas, como un papagayo, por la indocumentada ministra de Igualdad, Irene Montero\u2014 tienen mucho de postureo o son s\u00f3lo una pantomima. En efeto, se fundamentan en una falsa relaci\u00f3n causa-efecto y en un falso silogismo: de unas premisas verdaderas se extrae un conclusi\u00f3n incorrecta. Y dan a entender que quien niegue la incorrecta conclusi\u00f3n est\u00e1 negando tambi\u00e9n las pertinentes premisas; y por lo tanto es un androc\u00e9ntrico machista.<\/span><\/p>\n<p style=\"text-align: left;\" align=\"JUSTIFY\"><span lang=\"es-ES\">Es cierto que, en nuestra sociedad, existen una discriminaci\u00f3n real de la mujer as\u00ed como comportamientos verbales sexistas. Por eso, es necesario trabajar para lograr la igualdad del hombre y de la mujer, haciendo que la presencia social, laboral, cultural, pol\u00edtica,\u2026 de \u00e9sta sea m\u00e1s visible. Ahora bien, de estas premisas correctas, justas y razonables, ciertos colectivos feministas deducen una conclusi\u00f3n injustificada e insostenible: suponer que la visibilizaci\u00f3n ling\u00fc\u00edstica de la mujer, gracias al lenguaje inclusivo, va a acabar con su discriminaci\u00f3n y todos los problemas adjuntos. \u00bfNo ser\u00eda m\u00e1s l\u00f3gico y razonable actuar para cambiar la realidad y, a partir de ah\u00ed, se transformar\u00eda el lenguaje, considerado por ciertas feministas culpable y chivo expiatorio del estatus actual de la mujer?<\/span><\/p>\n<p style=\"text-align: left;\" align=\"JUSTIFY\"><span lang=\"es-ES\">El lenguaje inclusivo est\u00e1 de moda y, hoy, es lo p0l\u00edticamente correcto. Y el Ministerio de Igualdad, regentado por la sectaria Irene Montero, juega el papel del orwelliano \u201c<\/span><span lang=\"es-ES\">Ministerio de la Verdad<\/span><span lang=\"es-ES\">\u201d que intenta poner en circulaci\u00f3n e imponer esta \u201c<\/span><span lang=\"es-ES\">neolengua<\/span><span lang=\"es-ES\">\u201d, al tiempo que tiene la absurda pretensi\u00f3n de reescribir con ella los relatos reales (Constituci\u00f3n de 1978, como encarg\u00f3 <\/span><span lang=\"es-ES\">Carmen Calvo<\/span><span lang=\"es-ES\"> a la Rae) o ficticios (cuentos infantiles y obras literarias) del pasado. Como ha escrito <\/span><span lang=\"es-ES\">F.<\/span> <span lang=\"es-ES\">Serrano<\/span><span lang=\"es-ES\">, \u201c<\/span><span lang=\"es-ES\">si la raz\u00f3n y la inteligencia no revierten la situaci\u00f3n y triunfan sobre los dogmas y postulados de esta dictadura globalista de los idiotas, dentro de unos a\u00f1os, todos, todas y todes estaremos perdidos, perdidas y perdides<\/span><span lang=\"es-ES\">\u201d.<\/span><\/p>\n<hr \/>\n<p style=\"text-align: left;\" align=\"JUSTIFY\"><em><span lang=\"es-ES\">(*)<\/span><span lang=\"es-ES\"> \u00c1lex Grijelmo (2019), <\/span><span lang=\"es-ES\">Propuesta de acuerdo sobre el lenguaje inclusivo<\/span><span lang=\"es-ES\">, Taurus, Barcelona. (De lectura obligada para esas feministas, que P\u00e9rez-Reverte llama \u201c<\/span><span lang=\"es-ES\">erizas<\/span><span lang=\"es-ES\">\u201d, y esos maestros Ciruela, que presumen de lo que no tienen (competencias en cuestiones ling\u00fc\u00edsticas).<\/span><\/em><\/p>\n<p style=\"text-align: left;\" align=\"JUSTIFY\"><span lang=\"es-ES\"><a href=\"http:\/\/www.honrad.blogspot.com\/\">www.honrad.blogspot.com<\/a> <\/span><\/p>","protected":false},"excerpt":{"rendered":"<p>A mediados del pasado mes de abril, la ministra de Igualdad, Irene Montero, se luci\u00f3 y mostr\u00f3, una vez m\u00e1s, su osad\u00eda e ignorancia supina. En un mitin con colectivos LGBTIQ+, utiliz\u00f3, en s\u00f3lo 15 minutos, 10 tripletes (\u201cBuenas tardes a todos, todas y todes\u201d, \u201chay un ni\u00f1o, una ni\u00f1a [&hellip;]<\/p>\n","protected":false},"author":17,"featured_media":31994,"comment_status":"open","ping_status":"open","sticky":false,"template":"","format":"standard","meta":{"footnotes":""},"categories":[4114],"tags":[],"class_list":["post-31993","post","type-post","status-publish","format-standard","has-post-thumbnail","hentry","category-cantando-las-verdades"],"yoast_head":"<!-- This site is optimized with the Yoast SEO plugin v27.5 - https:\/\/yoast.com\/product\/yoast-seo-wordpress\/ -->\n<title>&quot;Compa\u00f1eros, compa\u00f1eras y compa\u00f1eres&quot; - Revista Rambla<\/title>\n<meta name=\"robots\" content=\"index, follow, max-snippet:-1, max-image-preview:large, max-video-preview:-1\" \/>\n<link rel=\"canonical\" href=\"https:\/\/www.revistarambla.com\/en\/companeros-companeras-y-companeres\/\" \/>\n<meta property=\"og:locale\" content=\"en_GB\" \/>\n<meta property=\"og:type\" content=\"article\" \/>\n<meta property=\"og:title\" content=\"&quot;Compa\u00f1eros, compa\u00f1eras y compa\u00f1eres&quot; - Revista Rambla\" \/>\n<meta property=\"og:description\" content=\"A mediados del pasado mes de abril, la ministra de Igualdad, Irene Montero, se luci\u00f3 y mostr\u00f3, una vez m\u00e1s, su osad\u00eda e ignorancia supina. En un mitin con colectivos LGBTIQ+, utiliz\u00f3, en s\u00f3lo 15 minutos, 10 tripletes (\u201cBuenas tardes a todos, todas y todes\u201d, \u201chay un ni\u00f1o, una ni\u00f1a [&hellip;]\" \/>\n<meta property=\"og:url\" content=\"https:\/\/www.revistarambla.com\/en\/companeros-companeras-y-companeres\/\" \/>\n<meta property=\"og:site_name\" content=\"Revista Rambla\" \/>\n<meta property=\"article:publisher\" content=\"https:\/\/www.facebook.com\/revistarambla\/\" \/>\n<meta property=\"article:author\" content=\"https:\/\/www.facebook.com\/manuelignacio.cabezasgonzalez\" \/>\n<meta property=\"article:published_time\" content=\"2021-05-12T16:52:53+00:00\" \/>\n<meta property=\"article:modified_time\" content=\"2025-01-23T20:40:40+00:00\" \/>\n<meta property=\"og:image\" content=\"https:\/\/www.revistarambla.com\/wp-content\/uploads\/2021\/05\/lead_man_to_handle_speech_language__ramiro_zardoya.jpg\" \/>\n\t<meta property=\"og:image:width\" content=\"800\" \/>\n\t<meta property=\"og:image:height\" content=\"571\" \/>\n\t<meta property=\"og:image:type\" content=\"image\/jpeg\" \/>\n<meta name=\"author\" content=\"Manuel Ignacio Cabezas Gonz\u00e1lez\" \/>\n<meta name=\"twitter:card\" content=\"summary_large_image\" \/>\n<meta name=\"twitter:creator\" content=\"@ManuelICabezas\" \/>\n<meta name=\"twitter:site\" content=\"@revistarambla\" \/>\n<meta name=\"twitter:label1\" content=\"Written by\" \/>\n\t<meta name=\"twitter:data1\" content=\"Manuel Ignacio Cabezas Gonz\u00e1lez\" \/>\n\t<meta name=\"twitter:label2\" content=\"Estimated reading time\" \/>\n\t<meta name=\"twitter:data2\" content=\"6 minutes\" \/>\n<script type=\"application\/ld+json\" class=\"yoast-schema-graph\">{\"@context\":\"https:\\\/\\\/schema.org\",\"@graph\":[{\"@type\":\"Article\",\"@id\":\"https:\\\/\\\/www.revistarambla.com\\\/companeros-companeras-y-companeres\\\/#article\",\"isPartOf\":{\"@id\":\"https:\\\/\\\/www.revistarambla.com\\\/companeros-companeras-y-companeres\\\/\"},\"author\":{\"name\":\"Manuel Ignacio Cabezas Gonz\u00e1lez\",\"@id\":\"https:\\\/\\\/www.revistarambla.com\\\/#\\\/schema\\\/person\\\/3d71c575842522757de7f4f9c9b40215\"},\"headline\":\"\u00abCompa\u00f1eros, compa\u00f1eras y compa\u00f1eres\u00bb\",\"datePublished\":\"2021-05-12T16:52:53+00:00\",\"dateModified\":\"2025-01-23T20:40:40+00:00\",\"mainEntityOfPage\":{\"@id\":\"https:\\\/\\\/www.revistarambla.com\\\/companeros-companeras-y-companeres\\\/\"},\"wordCount\":1274,\"commentCount\":0,\"publisher\":{\"@id\":\"https:\\\/\\\/www.revistarambla.com\\\/#organization\"},\"image\":{\"@id\":\"https:\\\/\\\/www.revistarambla.com\\\/companeros-companeras-y-companeres\\\/#primaryimage\"},\"thumbnailUrl\":\"https:\\\/\\\/www.revistarambla.com\\\/wp-content\\\/uploads\\\/2021\\\/05\\\/lead_man_to_handle_speech_language__ramiro_zardoya.jpg\",\"articleSection\":[\"Cantando las verdades\"],\"inLanguage\":\"en-GB\",\"potentialAction\":[{\"@type\":\"CommentAction\",\"name\":\"Comment\",\"target\":[\"https:\\\/\\\/www.revistarambla.com\\\/companeros-companeras-y-companeres\\\/#respond\"]}]},{\"@type\":\"WebPage\",\"@id\":\"https:\\\/\\\/www.revistarambla.com\\\/companeros-companeras-y-companeres\\\/\",\"url\":\"https:\\\/\\\/www.revistarambla.com\\\/companeros-companeras-y-companeres\\\/\",\"name\":\"\\\"Compa\u00f1eros, compa\u00f1eras y compa\u00f1eres\\\" - Revista Rambla\",\"isPartOf\":{\"@id\":\"https:\\\/\\\/www.revistarambla.com\\\/#website\"},\"primaryImageOfPage\":{\"@id\":\"https:\\\/\\\/www.revistarambla.com\\\/companeros-companeras-y-companeres\\\/#primaryimage\"},\"image\":{\"@id\":\"https:\\\/\\\/www.revistarambla.com\\\/companeros-companeras-y-companeres\\\/#primaryimage\"},\"thumbnailUrl\":\"https:\\\/\\\/www.revistarambla.com\\\/wp-content\\\/uploads\\\/2021\\\/05\\\/lead_man_to_handle_speech_language__ramiro_zardoya.jpg\",\"datePublished\":\"2021-05-12T16:52:53+00:00\",\"dateModified\":\"2025-01-23T20:40:40+00:00\",\"breadcrumb\":{\"@id\":\"https:\\\/\\\/www.revistarambla.com\\\/companeros-companeras-y-companeres\\\/#breadcrumb\"},\"inLanguage\":\"en-GB\",\"potentialAction\":[{\"@type\":\"ReadAction\",\"target\":[\"https:\\\/\\\/www.revistarambla.com\\\/companeros-companeras-y-companeres\\\/\"]}]},{\"@type\":\"ImageObject\",\"inLanguage\":\"en-GB\",\"@id\":\"https:\\\/\\\/www.revistarambla.com\\\/companeros-companeras-y-companeres\\\/#primaryimage\",\"url\":\"https:\\\/\\\/www.revistarambla.com\\\/wp-content\\\/uploads\\\/2021\\\/05\\\/lead_man_to_handle_speech_language__ramiro_zardoya.jpg\",\"contentUrl\":\"https:\\\/\\\/www.revistarambla.com\\\/wp-content\\\/uploads\\\/2021\\\/05\\\/lead_man_to_handle_speech_language__ramiro_zardoya.jpg\",\"width\":800,\"height\":571},{\"@type\":\"BreadcrumbList\",\"@id\":\"https:\\\/\\\/www.revistarambla.com\\\/companeros-companeras-y-companeres\\\/#breadcrumb\",\"itemListElement\":[{\"@type\":\"ListItem\",\"position\":1,\"name\":\"Portada\",\"item\":\"https:\\\/\\\/www.revistarambla.com\\\/\"},{\"@type\":\"ListItem\",\"position\":2,\"name\":\"\u00abCompa\u00f1eros, compa\u00f1eras y compa\u00f1eres\u00bb\"}]},{\"@type\":\"WebSite\",\"@id\":\"https:\\\/\\\/www.revistarambla.com\\\/#website\",\"url\":\"https:\\\/\\\/www.revistarambla.com\\\/\",\"name\":\"Revista Rambla Barcelona\",\"description\":\"Periodismo independiente\",\"publisher\":{\"@id\":\"https:\\\/\\\/www.revistarambla.com\\\/#organization\"},\"potentialAction\":[{\"@type\":\"SearchAction\",\"target\":{\"@type\":\"EntryPoint\",\"urlTemplate\":\"https:\\\/\\\/www.revistarambla.com\\\/?s={search_term_string}\"},\"query-input\":{\"@type\":\"PropertyValueSpecification\",\"valueRequired\":true,\"valueName\":\"search_term_string\"}}],\"inLanguage\":\"en-GB\"},{\"@type\":\"Organization\",\"@id\":\"https:\\\/\\\/www.revistarambla.com\\\/#organization\",\"name\":\"Revista Rambla\",\"url\":\"https:\\\/\\\/www.revistarambla.com\\\/\",\"logo\":{\"@type\":\"ImageObject\",\"inLanguage\":\"en-GB\",\"@id\":\"https:\\\/\\\/www.revistarambla.com\\\/#\\\/schema\\\/logo\\\/image\\\/\",\"url\":\"https:\\\/\\\/www.revistarambla.com\\\/wp-content\\\/uploads\\\/2020\\\/09\\\/banner_rambla_1900x600_BB.png\",\"contentUrl\":\"https:\\\/\\\/www.revistarambla.com\\\/wp-content\\\/uploads\\\/2020\\\/09\\\/banner_rambla_1900x600_BB.png\",\"width\":1900,\"height\":600,\"caption\":\"Revista Rambla\"},\"image\":{\"@id\":\"https:\\\/\\\/www.revistarambla.com\\\/#\\\/schema\\\/logo\\\/image\\\/\"},\"sameAs\":[\"https:\\\/\\\/www.facebook.com\\\/revistarambla\\\/\",\"https:\\\/\\\/x.com\\\/revistarambla\",\"https:\\\/\\\/www.instagram.com\\\/revista_rambla\",\"https:\\\/\\\/es.linkedin.com\\\/company\\\/revista-rambla\"]},{\"@type\":\"Person\",\"@id\":\"https:\\\/\\\/www.revistarambla.com\\\/#\\\/schema\\\/person\\\/3d71c575842522757de7f4f9c9b40215\",\"name\":\"Manuel Ignacio Cabezas Gonz\u00e1lez\",\"description\":\"Doctor en Didactolog\u00eda de las Lenguas y de las Culturas. Profesor Titular de Ling\u00fc\u00edstica y de Ling\u00fc\u00edstica Aplicada. Departamento de Filolog\u00eda Francesa y Rom\u00e1nica (UAB).\",\"sameAs\":[\"http:\\\/\\\/honrad.blogspot.com\\\/\",\"https:\\\/\\\/www.facebook.com\\\/manuelignacio.cabezasgonzalez\",\"https:\\\/\\\/x.com\\\/ManuelICabezas\"]}]}<\/script>\n<!-- \/ Yoast SEO plugin. -->","yoast_head_json":{"title":"\"Compa\u00f1eros, compa\u00f1eras y compa\u00f1eres\" - Revista Rambla","robots":{"index":"index","follow":"follow","max-snippet":"max-snippet:-1","max-image-preview":"max-image-preview:large","max-video-preview":"max-video-preview:-1"},"canonical":"https:\/\/www.revistarambla.com\/en\/companeros-companeras-y-companeres\/","og_locale":"en_GB","og_type":"article","og_title":"\"Compa\u00f1eros, compa\u00f1eras y compa\u00f1eres\" - Revista Rambla","og_description":"A mediados del pasado mes de abril, la ministra de Igualdad, Irene Montero, se luci\u00f3 y mostr\u00f3, una vez m\u00e1s, su osad\u00eda e ignorancia supina. En un mitin con colectivos LGBTIQ+, utiliz\u00f3, en s\u00f3lo 15 minutos, 10 tripletes (\u201cBuenas tardes a todos, todas y todes\u201d, \u201chay un ni\u00f1o, una ni\u00f1a [&hellip;]","og_url":"https:\/\/www.revistarambla.com\/en\/companeros-companeras-y-companeres\/","og_site_name":"Revista Rambla","article_publisher":"https:\/\/www.facebook.com\/revistarambla\/","article_author":"https:\/\/www.facebook.com\/manuelignacio.cabezasgonzalez","article_published_time":"2021-05-12T16:52:53+00:00","article_modified_time":"2025-01-23T20:40:40+00:00","og_image":[{"width":800,"height":571,"url":"https:\/\/www.revistarambla.com\/wp-content\/uploads\/2021\/05\/lead_man_to_handle_speech_language__ramiro_zardoya.jpg","type":"image\/jpeg"}],"author":"Manuel Ignacio Cabezas Gonz\u00e1lez","twitter_card":"summary_large_image","twitter_creator":"@ManuelICabezas","twitter_site":"@revistarambla","twitter_misc":{"Written by":"Manuel Ignacio Cabezas Gonz\u00e1lez","Estimated reading time":"6 minutes"},"schema":{"@context":"https:\/\/schema.org","@graph":[{"@type":"Article","@id":"https:\/\/www.revistarambla.com\/companeros-companeras-y-companeres\/#article","isPartOf":{"@id":"https:\/\/www.revistarambla.com\/companeros-companeras-y-companeres\/"},"author":{"name":"Manuel Ignacio Cabezas Gonz\u00e1lez","@id":"https:\/\/www.revistarambla.com\/#\/schema\/person\/3d71c575842522757de7f4f9c9b40215"},"headline":"\u00abCompa\u00f1eros, compa\u00f1eras y compa\u00f1eres\u00bb","datePublished":"2021-05-12T16:52:53+00:00","dateModified":"2025-01-23T20:40:40+00:00","mainEntityOfPage":{"@id":"https:\/\/www.revistarambla.com\/companeros-companeras-y-companeres\/"},"wordCount":1274,"commentCount":0,"publisher":{"@id":"https:\/\/www.revistarambla.com\/#organization"},"image":{"@id":"https:\/\/www.revistarambla.com\/companeros-companeras-y-companeres\/#primaryimage"},"thumbnailUrl":"https:\/\/www.revistarambla.com\/wp-content\/uploads\/2021\/05\/lead_man_to_handle_speech_language__ramiro_zardoya.jpg","articleSection":["Cantando las verdades"],"inLanguage":"en-GB","potentialAction":[{"@type":"CommentAction","name":"Comment","target":["https:\/\/www.revistarambla.com\/companeros-companeras-y-companeres\/#respond"]}]},{"@type":"WebPage","@id":"https:\/\/www.revistarambla.com\/companeros-companeras-y-companeres\/","url":"https:\/\/www.revistarambla.com\/companeros-companeras-y-companeres\/","name":"\"Compa\u00f1eros, compa\u00f1eras y compa\u00f1eres\" - Revista Rambla","isPartOf":{"@id":"https:\/\/www.revistarambla.com\/#website"},"primaryImageOfPage":{"@id":"https:\/\/www.revistarambla.com\/companeros-companeras-y-companeres\/#primaryimage"},"image":{"@id":"https:\/\/www.revistarambla.com\/companeros-companeras-y-companeres\/#primaryimage"},"thumbnailUrl":"https:\/\/www.revistarambla.com\/wp-content\/uploads\/2021\/05\/lead_man_to_handle_speech_language__ramiro_zardoya.jpg","datePublished":"2021-05-12T16:52:53+00:00","dateModified":"2025-01-23T20:40:40+00:00","breadcrumb":{"@id":"https:\/\/www.revistarambla.com\/companeros-companeras-y-companeres\/#breadcrumb"},"inLanguage":"en-GB","potentialAction":[{"@type":"ReadAction","target":["https:\/\/www.revistarambla.com\/companeros-companeras-y-companeres\/"]}]},{"@type":"ImageObject","inLanguage":"en-GB","@id":"https:\/\/www.revistarambla.com\/companeros-companeras-y-companeres\/#primaryimage","url":"https:\/\/www.revistarambla.com\/wp-content\/uploads\/2021\/05\/lead_man_to_handle_speech_language__ramiro_zardoya.jpg","contentUrl":"https:\/\/www.revistarambla.com\/wp-content\/uploads\/2021\/05\/lead_man_to_handle_speech_language__ramiro_zardoya.jpg","width":800,"height":571},{"@type":"BreadcrumbList","@id":"https:\/\/www.revistarambla.com\/companeros-companeras-y-companeres\/#breadcrumb","itemListElement":[{"@type":"ListItem","position":1,"name":"Portada","item":"https:\/\/www.revistarambla.com\/"},{"@type":"ListItem","position":2,"name":"\u00abCompa\u00f1eros, compa\u00f1eras y compa\u00f1eres\u00bb"}]},{"@type":"WebSite","@id":"https:\/\/www.revistarambla.com\/#website","url":"https:\/\/www.revistarambla.com\/","name":"Revista Rambla Barcelona","description":"Periodismo independiente","publisher":{"@id":"https:\/\/www.revistarambla.com\/#organization"},"potentialAction":[{"@type":"SearchAction","target":{"@type":"EntryPoint","urlTemplate":"https:\/\/www.revistarambla.com\/?s={search_term_string}"},"query-input":{"@type":"PropertyValueSpecification","valueRequired":true,"valueName":"search_term_string"}}],"inLanguage":"en-GB"},{"@type":"Organization","@id":"https:\/\/www.revistarambla.com\/#organization","name":"Revista Rambla","url":"https:\/\/www.revistarambla.com\/","logo":{"@type":"ImageObject","inLanguage":"en-GB","@id":"https:\/\/www.revistarambla.com\/#\/schema\/logo\/image\/","url":"https:\/\/www.revistarambla.com\/wp-content\/uploads\/2020\/09\/banner_rambla_1900x600_BB.png","contentUrl":"https:\/\/www.revistarambla.com\/wp-content\/uploads\/2020\/09\/banner_rambla_1900x600_BB.png","width":1900,"height":600,"caption":"Revista Rambla"},"image":{"@id":"https:\/\/www.revistarambla.com\/#\/schema\/logo\/image\/"},"sameAs":["https:\/\/www.facebook.com\/revistarambla\/","https:\/\/x.com\/revistarambla","https:\/\/www.instagram.com\/revista_rambla","https:\/\/es.linkedin.com\/company\/revista-rambla"]},{"@type":"Person","@id":"https:\/\/www.revistarambla.com\/#\/schema\/person\/3d71c575842522757de7f4f9c9b40215","name":"Manuel Ignacio Cabezas Gonz\u00e1lez","description":"Doctor en Didactolog\u00eda de las Lenguas y de las Culturas. Profesor Titular de Ling\u00fc\u00edstica y de Ling\u00fc\u00edstica Aplicada. Departamento de Filolog\u00eda Francesa y Rom\u00e1nica (UAB).","sameAs":["http:\/\/honrad.blogspot.com\/","https:\/\/www.facebook.com\/manuelignacio.cabezasgonzalez","https:\/\/x.com\/ManuelICabezas"]}]}},"_links":{"self":[{"href":"https:\/\/www.revistarambla.com\/en\/wp-json\/wp\/v2\/posts\/31993","targetHints":{"allow":["GET"]}}],"collection":[{"href":"https:\/\/www.revistarambla.com\/en\/wp-json\/wp\/v2\/posts"}],"about":[{"href":"https:\/\/www.revistarambla.com\/en\/wp-json\/wp\/v2\/types\/post"}],"author":[{"embeddable":true,"href":"https:\/\/www.revistarambla.com\/en\/wp-json\/wp\/v2\/users\/17"}],"replies":[{"embeddable":true,"href":"https:\/\/www.revistarambla.com\/en\/wp-json\/wp\/v2\/comments?post=31993"}],"version-history":[{"count":1,"href":"https:\/\/www.revistarambla.com\/en\/wp-json\/wp\/v2\/posts\/31993\/revisions"}],"predecessor-version":[{"id":64097,"href":"https:\/\/www.revistarambla.com\/en\/wp-json\/wp\/v2\/posts\/31993\/revisions\/64097"}],"wp:featuredmedia":[{"embeddable":true,"href":"https:\/\/www.revistarambla.com\/en\/wp-json\/wp\/v2\/media\/31994"}],"wp:attachment":[{"href":"https:\/\/www.revistarambla.com\/en\/wp-json\/wp\/v2\/media?parent=31993"}],"wp:term":[{"taxonomy":"category","embeddable":true,"href":"https:\/\/www.revistarambla.com\/en\/wp-json\/wp\/v2\/categories?post=31993"},{"taxonomy":"post_tag","embeddable":true,"href":"https:\/\/www.revistarambla.com\/en\/wp-json\/wp\/v2\/tags?post=31993"}],"curies":[{"name":"wp","href":"https:\/\/api.w.org\/{rel}","templated":true}]}}