{"id":31843,"date":"2021-05-11T11:47:29","date_gmt":"2021-05-11T09:47:29","guid":{"rendered":"https:\/\/www.revistarambla.com\/?p=31843"},"modified":"2021-12-07T16:16:42","modified_gmt":"2021-12-07T15:16:42","slug":"operacion-limpieza-etnica-en-jerusalen","status":"publish","type":"post","link":"https:\/\/www.revistarambla.com\/en\/operacion-limpieza-etnica-en-jerusalen\/","title":{"rendered":"\u00bfOperaci\u00f3n \u00abLimpieza \u00e9tnica\u00bb en Jerusal\u00e9n?"},"content":{"rendered":"<p>El actual sistema dominante o establishment estadounidense utilizar\u00eda la dictadura invisible del consumismo compulsivo de bienes materiales para anular los ideales del individuo primigenio y transformarlo en un ser acr\u00edtico, miedoso y conformista que pasar\u00e1 a engrosar ineludiblemente las filas de una sociedad homog\u00e9nea, uniforme y f\u00e1cilmente manipulable mediante las t\u00e9cnicas de manipulaci\u00f3n de masas, teniendo como pilar de su sistema pol\u00edtico la sucesiva alternancia en el Poder del Partido Dem\u00f3crata y del Republicano (ambos fagocitados por el lobby jud\u00edo).<\/p>\n<h3>EEUU y la AIPAC<\/h3>\n<p>Seg\u00fan la radio israel\u00ed \u201cKol Israel\u201d, el primer Ministro israel\u00ed Ariel Sharon habr\u00eda confesado al entonces Ministro del Exteriores Shimon Peres en octubre del 2001: \u201cNosotros, el pueblo jud\u00edo, controlamos Estados Unidos y los estadounidenses los saben\u201d, para lo que se servir\u00edan de lobbys de presi\u00f3n entre los que descollar\u00eda la American Israel Public Affairs Committee (AIPAC).<\/p>\n<p>Aunque siempre se ha cre\u00eddo que la AIPAC ser\u00eda un \u201cgobierno virtual\u201d que teledirigir\u00eda la pol\u00edtica exterior de EEUU en funci\u00f3n de los intereses israel\u00edes, la realidad ser\u00eda que el lobby pro-israel\u00ed tiene verdadero peso en los \u00e1mbitos del poder porque EE.UU. e Israel casi siempre han compartido id\u00e9nticos intereses geopol\u00edticos desde la fundaci\u00f3n del Estado de Israel en 1.948.<\/p>\n<p>As\u00ed, EE.UU. contar\u00eda con Israel para mantener a los Estados \u00e1rabes de Oriente Pr\u00f3ximo bajo la amenaza constante de ataque, (asegur\u00e1ndose de paso que se mantengan serviles ante Washington) e Israel no podr\u00eda seguir existiendo en su forma actual sin el fuerte apoyo pol\u00edtico y material que recibe de EE.UU. ( unos 3.800 millones de d\u00f3lares anuales en ayuda militar).<\/p>\n<p>Por su parte, Israel aspira a resucitar el endemismo del Gran Israel, ente que intentar\u00eda aunar los conceptos antit\u00e9ticos del atavismo del Eretz Israel), que beber\u00eda de las fuentes de G\u00e9nesis 15:18 y que se\u00f1ala que \u201c hace 4.000 a\u00f1os, el t\u00edtulo de propiedad de toda la tierra existente entre el R\u00edo Nilo de Egipto y el R\u00edo E\u00fafrates fue legado al patriarca hebreo Abraham y trasferida posteriormente a sus descendientes\u201d, doctrina que tendr\u00eda como principal adalid a Isaac Shamir al defender que \u201cJudea y Samaria (t\u00e9rminos b\u00edblicos de la actual Cisjordania) son parte integral de la tierra de Israel. No han sido capturadas ni van a ser devueltas a nadie\u201d.<\/p>\n<p>En dicha doctrina se basar\u00edan los postulados actuales del partido Likud liderado por Netanyahu quien aspira a convertir a Jerusal\u00e9n en la \u201ccapital indivisible del nuevo Israel\u201d, tras la invasi\u00f3n de su parte oriental tras la Guerra de los Seis D\u00edas (1.967) por lo que la Administraci\u00f3n Trump llev\u00f3 la Embajada de Estados Unidos a Jerusal\u00e9n, lo que provoc\u00f3 una nueva intifada palestina y el rechazo de la comunidad internacional.<\/p>\n<p>Dichos postulados supondr\u00eda el final de la utop\u00eda de Theodor Helz, considerado el Padre del actual Estado de Israel y fundador del sionismo y que en su libro \u201cEl Estado jud\u00edo: ensayo de una soluci\u00f3n moderna de la cuesti\u00f3n jud\u00eda\u201d, propuso la creaci\u00f3n de un Estado jud\u00edo independiente y soberano para todos los jud\u00edos del mundo al tiempo que promovi\u00f3 la creaci\u00f3n de la OSM (Organizaci\u00f3n Sionista Mundial) y en su obra \u201cLa vieja Nueva Tierra\u201d(1902), sienta las bases del actual Estado jud\u00edo como una utop\u00eda de naci\u00f3n moderna, democr\u00e1tica y pr\u00f3spera en la que se proyectaba al pueblo jud\u00edo dentro del contexto de la b\u00fasqueda de derechos para las minor\u00edas nacionales de la \u00e9poca que carec\u00edan de estado, como los armenios y los \u00e1rabes.<\/p>\n<h3>Joe Biden y Jerusal\u00e9n<\/h3>\n<p>Seg\u00fan el censo elaborado por el Ministerio de Interior israel\u00ed, cuando se suscribieron los Acuerdos de Oslo (1.993), unos 250.000 colonos poblaban los territorios ocupados mientras que en la actualidad ser\u00edan m\u00e1s de 500.000 colonos que extender\u00edan sus tent\u00e1culos por Cisjordania (250 asentamientos entre los que descollar\u00edan Hebr\u00f3n y en especial el valle del Jord\u00e1n que domina la mitad f\u00e9rtil de r\u00edo y ser\u00eda una verdadera avanzadilla para controlar la frontera de Jordania) adem\u00e1s de Jerusal\u00e9n Este y los Altos del Gol\u00e1n.<\/p>\n<p>A ello habr\u00eda que a\u00f1adir la prevista culminaci\u00f3n del Muro de Cisjordania que incluir\u00eda aproximadamente el 10% del territorio de Cisjordania, incluida Jerusal\u00e9n Este donde unas 60.000 casas palestinas podr\u00edan ser demolidas al carecer de permisos oficiales. Netanyahu reafirm\u00f3 \u201cel derecho del pueblo jud\u00edo a construir en Jerusal\u00e9n\u201d, (lo que se traducir\u00eda seg\u00fan el canal de televisi\u00f3n Arutz 2 en la construcci\u00f3n de 1.400 nuevas viviendas en Ramat Shlomo, barrio jud\u00edo de Jerusal\u00e9n Este situado m\u00e1s all\u00e1 de la llamada L\u00ednea Verde), pues seg\u00fan sus palabras \u201chasta los palestinos saben que esos lugares quedar\u00e1n bajo la soberan\u00eda israel\u00ed bajo cualquier tipo de arreglo\u201d.<\/p>\n<p>Desde que en 1967 el Partido Laborista impuls\u00f3 los asentamientos, el Estado israel\u00ed se habr\u00eda gastado la friolera cifra de 7.500 millones \u20ac y seg\u00fan denuncia Maayan Geva, de B\u00b4Tselem, (Centro israel\u00ed de informaci\u00f3n sobre derechos humanos en los Territorios Ocupados) y desde 2007 se ha registrado un crecimiento anual de su poblaci\u00f3n de entre el 5 y el 10%, (dos veces m\u00e1s r\u00e1pido que en el conjunto nacional).<\/p>\n<p>Dado que el 75% de los colonos son ultra ortodoxos (m\u00e1s de 500.000), en los \u00faltimos a\u00f1os se habr\u00eda desarrollado en los territorios ocupados de Palestina una peligrosa simbiosis entre los l\u00edderes pol\u00edticos de los colonos y los rabinos que han predicado durante d\u00e9cadas su oposici\u00f3n a cualquier compromiso territorial con los palestinos y han tratado de dar una justificaci\u00f3n religiosa a la ilegal ocupaci\u00f3n israel\u00ed de los territorios palestinos.<\/p>\n<p>As\u00ed, seg\u00fan un informe de los servicios de seguridad general de Inteligencia jud\u00edo (Shabak) publicado en la p\u00e1gina Web \u2018Israel\u00ed Central Issues\u2019, rabinos extremistas israel\u00edes entrenar\u00edan a los colonos en escuelas ubicadas en los asentamientos construidos ilegalmente en Cisjordania y la ciudad de Al-Quds (Jerusal\u00e9n) para que cometan actos terroristas contra los palestinos de la ocupada Cisjordania (Ataques de Odio y Venganza).<\/p>\n<p>El pen\u00faltimo episodio de la hoja de ruta de la considerada por los palestinos \u201climpieza \u00e9tnica de Jerusal\u00e9n Este\u201d ser\u00eda el proyectado desalojo forzoso de los habitantes palestinos del barrio de Sheikh Jarrah para ser ocupado por colonos israel\u00edes, proyecto que habr\u00eda desencadenado una nueva intifada con cientos de heridos palestinos y el repudio de la comunidad internacional, contando Israel con el \u00fanico apoyo de EEUU que habr\u00eda vetado en la ONU una resoluci\u00f3n que condenaba por unanimidad dicha ocupaci\u00f3n ilegal, lo que confirmar\u00eda la sospecha de que Biden era el tapado del lobby jud\u00edo AIPAC.<\/p>","protected":false},"excerpt":{"rendered":"<p>El actual sistema dominante o establishment estadounidense utilizar\u00eda la dictadura invisible del consumismo compulsivo de bienes materiales para anular los ideales del individuo primigenio y transformarlo en un ser acr\u00edtico, miedoso y conformista que pasar\u00e1 a engrosar ineludiblemente las filas de una sociedad homog\u00e9nea, uniforme y f\u00e1cilmente manipulable mediante las [&hellip;]<\/p>\n","protected":false},"author":16,"featured_media":31844,"comment_status":"open","ping_status":"open","sticky":false,"template":"","format":"standard","meta":{"footnotes":""},"categories":[72],"tags":[],"class_list":["post-31843","post","type-post","status-publish","format-standard","has-post-thumbnail","hentry","category-opinion"],"yoast_head":"<!-- This site is optimized with the Yoast SEO plugin v27.5 - https:\/\/yoast.com\/product\/yoast-seo-wordpress\/ -->\n<title>\u00bfOperaci\u00f3n &quot;Limpieza \u00e9tnica&quot; en Jerusal\u00e9n? - Revista Rambla<\/title>\n<meta name=\"robots\" content=\"index, follow, max-snippet:-1, max-image-preview:large, max-video-preview:-1\" \/>\n<link rel=\"canonical\" href=\"https:\/\/www.revistarambla.com\/en\/operacion-limpieza-etnica-en-jerusalen\/\" \/>\n<meta property=\"og:locale\" content=\"en_GB\" \/>\n<meta property=\"og:type\" content=\"article\" \/>\n<meta property=\"og:title\" content=\"\u00bfOperaci\u00f3n &quot;Limpieza \u00e9tnica&quot; en Jerusal\u00e9n? - Revista Rambla\" \/>\n<meta property=\"og:description\" content=\"El actual sistema dominante o establishment estadounidense utilizar\u00eda la dictadura invisible del consumismo compulsivo de bienes materiales para anular los ideales del individuo primigenio y transformarlo en un ser acr\u00edtico, miedoso y conformista que pasar\u00e1 a engrosar ineludiblemente las filas de una sociedad homog\u00e9nea, uniforme y f\u00e1cilmente manipulable mediante las [&hellip;]\" \/>\n<meta property=\"og:url\" content=\"https:\/\/www.revistarambla.com\/en\/operacion-limpieza-etnica-en-jerusalen\/\" \/>\n<meta property=\"og:site_name\" content=\"Revista Rambla\" \/>\n<meta property=\"article:publisher\" content=\"https:\/\/www.facebook.com\/revistarambla\/\" \/>\n<meta property=\"article:published_time\" content=\"2021-05-11T09:47:29+00:00\" \/>\n<meta property=\"article:modified_time\" content=\"2021-12-07T15:16:42+00:00\" \/>\n<meta property=\"og:image\" content=\"https:\/\/www.revistarambla.com\/wp-content\/uploads\/2021\/05\/US-Israel-Palestine-800x445-1.jpg\" \/>\n\t<meta property=\"og:image:width\" content=\"800\" \/>\n\t<meta property=\"og:image:height\" content=\"445\" \/>\n\t<meta property=\"og:image:type\" content=\"image\/jpeg\" \/>\n<meta name=\"author\" content=\"Germ\u00e1n Gorraiz L\u00f3pez\" \/>\n<meta name=\"twitter:card\" content=\"summary_large_image\" \/>\n<meta name=\"twitter:creator\" content=\"@revistarambla\" \/>\n<meta name=\"twitter:site\" content=\"@revistarambla\" \/>\n<meta name=\"twitter:label1\" content=\"Written by\" \/>\n\t<meta name=\"twitter:data1\" content=\"Germ\u00e1n Gorraiz L\u00f3pez\" \/>\n\t<meta name=\"twitter:label2\" content=\"Estimated reading time\" \/>\n\t<meta name=\"twitter:data2\" content=\"5 minutes\" \/>\n<script type=\"application\/ld+json\" class=\"yoast-schema-graph\">{\"@context\":\"https:\\\/\\\/schema.org\",\"@graph\":[{\"@type\":\"Article\",\"@id\":\"https:\\\/\\\/www.revistarambla.com\\\/operacion-limpieza-etnica-en-jerusalen\\\/#article\",\"isPartOf\":{\"@id\":\"https:\\\/\\\/www.revistarambla.com\\\/operacion-limpieza-etnica-en-jerusalen\\\/\"},\"author\":{\"name\":\"Germ\u00e1n Gorraiz L\u00f3pez\",\"@id\":\"https:\\\/\\\/www.revistarambla.com\\\/#\\\/schema\\\/person\\\/23a7868ff10cd88f8fdb045c7b7e4a4d\"},\"headline\":\"\u00bfOperaci\u00f3n \u00abLimpieza \u00e9tnica\u00bb en Jerusal\u00e9n?\",\"datePublished\":\"2021-05-11T09:47:29+00:00\",\"dateModified\":\"2021-12-07T15:16:42+00:00\",\"mainEntityOfPage\":{\"@id\":\"https:\\\/\\\/www.revistarambla.com\\\/operacion-limpieza-etnica-en-jerusalen\\\/\"},\"wordCount\":1175,\"commentCount\":0,\"publisher\":{\"@id\":\"https:\\\/\\\/www.revistarambla.com\\\/#organization\"},\"image\":{\"@id\":\"https:\\\/\\\/www.revistarambla.com\\\/operacion-limpieza-etnica-en-jerusalen\\\/#primaryimage\"},\"thumbnailUrl\":\"https:\\\/\\\/www.revistarambla.com\\\/wp-content\\\/uploads\\\/2021\\\/05\\\/US-Israel-Palestine-800x445-1.jpg\",\"articleSection\":[\"Opiniones\"],\"inLanguage\":\"en-GB\",\"potentialAction\":[{\"@type\":\"CommentAction\",\"name\":\"Comment\",\"target\":[\"https:\\\/\\\/www.revistarambla.com\\\/operacion-limpieza-etnica-en-jerusalen\\\/#respond\"]}]},{\"@type\":\"WebPage\",\"@id\":\"https:\\\/\\\/www.revistarambla.com\\\/operacion-limpieza-etnica-en-jerusalen\\\/\",\"url\":\"https:\\\/\\\/www.revistarambla.com\\\/operacion-limpieza-etnica-en-jerusalen\\\/\",\"name\":\"\u00bfOperaci\u00f3n \\\"Limpieza \u00e9tnica\\\" en Jerusal\u00e9n? - Revista Rambla\",\"isPartOf\":{\"@id\":\"https:\\\/\\\/www.revistarambla.com\\\/#website\"},\"primaryImageOfPage\":{\"@id\":\"https:\\\/\\\/www.revistarambla.com\\\/operacion-limpieza-etnica-en-jerusalen\\\/#primaryimage\"},\"image\":{\"@id\":\"https:\\\/\\\/www.revistarambla.com\\\/operacion-limpieza-etnica-en-jerusalen\\\/#primaryimage\"},\"thumbnailUrl\":\"https:\\\/\\\/www.revistarambla.com\\\/wp-content\\\/uploads\\\/2021\\\/05\\\/US-Israel-Palestine-800x445-1.jpg\",\"datePublished\":\"2021-05-11T09:47:29+00:00\",\"dateModified\":\"2021-12-07T15:16:42+00:00\",\"breadcrumb\":{\"@id\":\"https:\\\/\\\/www.revistarambla.com\\\/operacion-limpieza-etnica-en-jerusalen\\\/#breadcrumb\"},\"inLanguage\":\"en-GB\",\"potentialAction\":[{\"@type\":\"ReadAction\",\"target\":[\"https:\\\/\\\/www.revistarambla.com\\\/operacion-limpieza-etnica-en-jerusalen\\\/\"]}]},{\"@type\":\"ImageObject\",\"inLanguage\":\"en-GB\",\"@id\":\"https:\\\/\\\/www.revistarambla.com\\\/operacion-limpieza-etnica-en-jerusalen\\\/#primaryimage\",\"url\":\"https:\\\/\\\/www.revistarambla.com\\\/wp-content\\\/uploads\\\/2021\\\/05\\\/US-Israel-Palestine-800x445-1.jpg\",\"contentUrl\":\"https:\\\/\\\/www.revistarambla.com\\\/wp-content\\\/uploads\\\/2021\\\/05\\\/US-Israel-Palestine-800x445-1.jpg\",\"width\":800,\"height\":445},{\"@type\":\"BreadcrumbList\",\"@id\":\"https:\\\/\\\/www.revistarambla.com\\\/operacion-limpieza-etnica-en-jerusalen\\\/#breadcrumb\",\"itemListElement\":[{\"@type\":\"ListItem\",\"position\":1,\"name\":\"Portada\",\"item\":\"https:\\\/\\\/www.revistarambla.com\\\/\"},{\"@type\":\"ListItem\",\"position\":2,\"name\":\"\u00bfOperaci\u00f3n \u00abLimpieza \u00e9tnica\u00bb en Jerusal\u00e9n?\"}]},{\"@type\":\"WebSite\",\"@id\":\"https:\\\/\\\/www.revistarambla.com\\\/#website\",\"url\":\"https:\\\/\\\/www.revistarambla.com\\\/\",\"name\":\"Revista Rambla Barcelona\",\"description\":\"Periodismo independiente\",\"publisher\":{\"@id\":\"https:\\\/\\\/www.revistarambla.com\\\/#organization\"},\"potentialAction\":[{\"@type\":\"SearchAction\",\"target\":{\"@type\":\"EntryPoint\",\"urlTemplate\":\"https:\\\/\\\/www.revistarambla.com\\\/?s={search_term_string}\"},\"query-input\":{\"@type\":\"PropertyValueSpecification\",\"valueRequired\":true,\"valueName\":\"search_term_string\"}}],\"inLanguage\":\"en-GB\"},{\"@type\":\"Organization\",\"@id\":\"https:\\\/\\\/www.revistarambla.com\\\/#organization\",\"name\":\"Revista Rambla\",\"url\":\"https:\\\/\\\/www.revistarambla.com\\\/\",\"logo\":{\"@type\":\"ImageObject\",\"inLanguage\":\"en-GB\",\"@id\":\"https:\\\/\\\/www.revistarambla.com\\\/#\\\/schema\\\/logo\\\/image\\\/\",\"url\":\"https:\\\/\\\/www.revistarambla.com\\\/wp-content\\\/uploads\\\/2020\\\/09\\\/banner_rambla_1900x600_BB.png\",\"contentUrl\":\"https:\\\/\\\/www.revistarambla.com\\\/wp-content\\\/uploads\\\/2020\\\/09\\\/banner_rambla_1900x600_BB.png\",\"width\":1900,\"height\":600,\"caption\":\"Revista Rambla\"},\"image\":{\"@id\":\"https:\\\/\\\/www.revistarambla.com\\\/#\\\/schema\\\/logo\\\/image\\\/\"},\"sameAs\":[\"https:\\\/\\\/www.facebook.com\\\/revistarambla\\\/\",\"https:\\\/\\\/x.com\\\/revistarambla\",\"https:\\\/\\\/www.instagram.com\\\/revista_rambla\",\"https:\\\/\\\/es.linkedin.com\\\/company\\\/revista-rambla\"]},{\"@type\":\"Person\",\"@id\":\"https:\\\/\\\/www.revistarambla.com\\\/#\\\/schema\\\/person\\\/23a7868ff10cd88f8fdb045c7b7e4a4d\",\"name\":\"Germ\u00e1n Gorraiz L\u00f3pez\",\"description\":\"Nacido en Navarra en 1957. Escribe an\u00e1lisis sobre temas econ\u00f3micos y geopol\u00edticos. Es miembro de Attac-Navarra. Colabora habitualmente en varios medios digitales e impresos espa\u00f1oles y latinoamericanos.\"}]}<\/script>\n<!-- \/ Yoast SEO plugin. -->","yoast_head_json":{"title":"\u00bfOperaci\u00f3n \"Limpieza \u00e9tnica\" en Jerusal\u00e9n? - Revista Rambla","robots":{"index":"index","follow":"follow","max-snippet":"max-snippet:-1","max-image-preview":"max-image-preview:large","max-video-preview":"max-video-preview:-1"},"canonical":"https:\/\/www.revistarambla.com\/en\/operacion-limpieza-etnica-en-jerusalen\/","og_locale":"en_GB","og_type":"article","og_title":"\u00bfOperaci\u00f3n \"Limpieza \u00e9tnica\" en Jerusal\u00e9n? - Revista Rambla","og_description":"El actual sistema dominante o establishment estadounidense utilizar\u00eda la dictadura invisible del consumismo compulsivo de bienes materiales para anular los ideales del individuo primigenio y transformarlo en un ser acr\u00edtico, miedoso y conformista que pasar\u00e1 a engrosar ineludiblemente las filas de una sociedad homog\u00e9nea, uniforme y f\u00e1cilmente manipulable mediante las [&hellip;]","og_url":"https:\/\/www.revistarambla.com\/en\/operacion-limpieza-etnica-en-jerusalen\/","og_site_name":"Revista Rambla","article_publisher":"https:\/\/www.facebook.com\/revistarambla\/","article_published_time":"2021-05-11T09:47:29+00:00","article_modified_time":"2021-12-07T15:16:42+00:00","og_image":[{"width":800,"height":445,"url":"https:\/\/www.revistarambla.com\/wp-content\/uploads\/2021\/05\/US-Israel-Palestine-800x445-1.jpg","type":"image\/jpeg"}],"author":"Germ\u00e1n Gorraiz L\u00f3pez","twitter_card":"summary_large_image","twitter_creator":"@revistarambla","twitter_site":"@revistarambla","twitter_misc":{"Written by":"Germ\u00e1n Gorraiz L\u00f3pez","Estimated reading time":"5 minutes"},"schema":{"@context":"https:\/\/schema.org","@graph":[{"@type":"Article","@id":"https:\/\/www.revistarambla.com\/operacion-limpieza-etnica-en-jerusalen\/#article","isPartOf":{"@id":"https:\/\/www.revistarambla.com\/operacion-limpieza-etnica-en-jerusalen\/"},"author":{"name":"Germ\u00e1n Gorraiz L\u00f3pez","@id":"https:\/\/www.revistarambla.com\/#\/schema\/person\/23a7868ff10cd88f8fdb045c7b7e4a4d"},"headline":"\u00bfOperaci\u00f3n \u00abLimpieza \u00e9tnica\u00bb en Jerusal\u00e9n?","datePublished":"2021-05-11T09:47:29+00:00","dateModified":"2021-12-07T15:16:42+00:00","mainEntityOfPage":{"@id":"https:\/\/www.revistarambla.com\/operacion-limpieza-etnica-en-jerusalen\/"},"wordCount":1175,"commentCount":0,"publisher":{"@id":"https:\/\/www.revistarambla.com\/#organization"},"image":{"@id":"https:\/\/www.revistarambla.com\/operacion-limpieza-etnica-en-jerusalen\/#primaryimage"},"thumbnailUrl":"https:\/\/www.revistarambla.com\/wp-content\/uploads\/2021\/05\/US-Israel-Palestine-800x445-1.jpg","articleSection":["Opiniones"],"inLanguage":"en-GB","potentialAction":[{"@type":"CommentAction","name":"Comment","target":["https:\/\/www.revistarambla.com\/operacion-limpieza-etnica-en-jerusalen\/#respond"]}]},{"@type":"WebPage","@id":"https:\/\/www.revistarambla.com\/operacion-limpieza-etnica-en-jerusalen\/","url":"https:\/\/www.revistarambla.com\/operacion-limpieza-etnica-en-jerusalen\/","name":"\u00bfOperaci\u00f3n \"Limpieza \u00e9tnica\" en Jerusal\u00e9n? - Revista Rambla","isPartOf":{"@id":"https:\/\/www.revistarambla.com\/#website"},"primaryImageOfPage":{"@id":"https:\/\/www.revistarambla.com\/operacion-limpieza-etnica-en-jerusalen\/#primaryimage"},"image":{"@id":"https:\/\/www.revistarambla.com\/operacion-limpieza-etnica-en-jerusalen\/#primaryimage"},"thumbnailUrl":"https:\/\/www.revistarambla.com\/wp-content\/uploads\/2021\/05\/US-Israel-Palestine-800x445-1.jpg","datePublished":"2021-05-11T09:47:29+00:00","dateModified":"2021-12-07T15:16:42+00:00","breadcrumb":{"@id":"https:\/\/www.revistarambla.com\/operacion-limpieza-etnica-en-jerusalen\/#breadcrumb"},"inLanguage":"en-GB","potentialAction":[{"@type":"ReadAction","target":["https:\/\/www.revistarambla.com\/operacion-limpieza-etnica-en-jerusalen\/"]}]},{"@type":"ImageObject","inLanguage":"en-GB","@id":"https:\/\/www.revistarambla.com\/operacion-limpieza-etnica-en-jerusalen\/#primaryimage","url":"https:\/\/www.revistarambla.com\/wp-content\/uploads\/2021\/05\/US-Israel-Palestine-800x445-1.jpg","contentUrl":"https:\/\/www.revistarambla.com\/wp-content\/uploads\/2021\/05\/US-Israel-Palestine-800x445-1.jpg","width":800,"height":445},{"@type":"BreadcrumbList","@id":"https:\/\/www.revistarambla.com\/operacion-limpieza-etnica-en-jerusalen\/#breadcrumb","itemListElement":[{"@type":"ListItem","position":1,"name":"Portada","item":"https:\/\/www.revistarambla.com\/"},{"@type":"ListItem","position":2,"name":"\u00bfOperaci\u00f3n \u00abLimpieza \u00e9tnica\u00bb en Jerusal\u00e9n?"}]},{"@type":"WebSite","@id":"https:\/\/www.revistarambla.com\/#website","url":"https:\/\/www.revistarambla.com\/","name":"Revista Rambla Barcelona","description":"Periodismo independiente","publisher":{"@id":"https:\/\/www.revistarambla.com\/#organization"},"potentialAction":[{"@type":"SearchAction","target":{"@type":"EntryPoint","urlTemplate":"https:\/\/www.revistarambla.com\/?s={search_term_string}"},"query-input":{"@type":"PropertyValueSpecification","valueRequired":true,"valueName":"search_term_string"}}],"inLanguage":"en-GB"},{"@type":"Organization","@id":"https:\/\/www.revistarambla.com\/#organization","name":"Revista Rambla","url":"https:\/\/www.revistarambla.com\/","logo":{"@type":"ImageObject","inLanguage":"en-GB","@id":"https:\/\/www.revistarambla.com\/#\/schema\/logo\/image\/","url":"https:\/\/www.revistarambla.com\/wp-content\/uploads\/2020\/09\/banner_rambla_1900x600_BB.png","contentUrl":"https:\/\/www.revistarambla.com\/wp-content\/uploads\/2020\/09\/banner_rambla_1900x600_BB.png","width":1900,"height":600,"caption":"Revista Rambla"},"image":{"@id":"https:\/\/www.revistarambla.com\/#\/schema\/logo\/image\/"},"sameAs":["https:\/\/www.facebook.com\/revistarambla\/","https:\/\/x.com\/revistarambla","https:\/\/www.instagram.com\/revista_rambla","https:\/\/es.linkedin.com\/company\/revista-rambla"]},{"@type":"Person","@id":"https:\/\/www.revistarambla.com\/#\/schema\/person\/23a7868ff10cd88f8fdb045c7b7e4a4d","name":"Germ\u00e1n Gorraiz L\u00f3pez","description":"Nacido en Navarra en 1957. Escribe an\u00e1lisis sobre temas econ\u00f3micos y geopol\u00edticos. Es miembro de Attac-Navarra. Colabora habitualmente en varios medios digitales e impresos espa\u00f1oles y latinoamericanos."}]}},"_links":{"self":[{"href":"https:\/\/www.revistarambla.com\/en\/wp-json\/wp\/v2\/posts\/31843","targetHints":{"allow":["GET"]}}],"collection":[{"href":"https:\/\/www.revistarambla.com\/en\/wp-json\/wp\/v2\/posts"}],"about":[{"href":"https:\/\/www.revistarambla.com\/en\/wp-json\/wp\/v2\/types\/post"}],"author":[{"embeddable":true,"href":"https:\/\/www.revistarambla.com\/en\/wp-json\/wp\/v2\/users\/16"}],"replies":[{"embeddable":true,"href":"https:\/\/www.revistarambla.com\/en\/wp-json\/wp\/v2\/comments?post=31843"}],"version-history":[{"count":0,"href":"https:\/\/www.revistarambla.com\/en\/wp-json\/wp\/v2\/posts\/31843\/revisions"}],"wp:featuredmedia":[{"embeddable":true,"href":"https:\/\/www.revistarambla.com\/en\/wp-json\/wp\/v2\/media\/31844"}],"wp:attachment":[{"href":"https:\/\/www.revistarambla.com\/en\/wp-json\/wp\/v2\/media?parent=31843"}],"wp:term":[{"taxonomy":"category","embeddable":true,"href":"https:\/\/www.revistarambla.com\/en\/wp-json\/wp\/v2\/categories?post=31843"},{"taxonomy":"post_tag","embeddable":true,"href":"https:\/\/www.revistarambla.com\/en\/wp-json\/wp\/v2\/tags?post=31843"}],"curies":[{"name":"wp","href":"https:\/\/api.w.org\/{rel}","templated":true}]}}