{"id":3177,"date":"2013-04-15T16:08:24","date_gmt":"2013-04-15T14:08:24","guid":{"rendered":"https:\/\/www.revistarambla.com\/ilos-politicos-del-pp-son-geneticamente-bellacos-o-lo-son-por-el-contexto\/"},"modified":"2021-12-07T17:27:29","modified_gmt":"2021-12-07T16:27:29","slug":"ilos-politicos-del-pp-son-geneticamente-bellacos-o-lo-son-por-el-contexto","status":"publish","type":"post","link":"https:\/\/www.revistarambla.com\/en\/ilos-politicos-del-pp-son-geneticamente-bellacos-o-lo-son-por-el-contexto\/","title":{"rendered":"\u00bfLos pol\u00edticos del PP son gen\u00e9ticamente bellacos o lo son por contexto?"},"content":{"rendered":"<p>\u201cLa herencia gen\u00e9tica pesa m\u00e1s en el rendimiento escolar de un alumno que su entorno socioecon\u00f3mico. Y el gasto en educaci\u00f3n no es lo m\u00e1s importante en la obtenci\u00f3n de resultados. Son dos de las hip\u00f3tesis en las que descansa la reforma educativa que present\u00f3 ayer CEOE. El presidente de los empresarios, Juan Rosell, ya advirti\u00f3 de que las reformas que defiende resultan pol\u00edticamente incorrectas y a\u00f1adi\u00f3: \u00abLo que pedimos tendr\u00eda costes electorales\u00bb. (1)<\/p>\n<p>El estudio presentado por la\u00a0 CEOE demuestra cuanto es manipulable la ciencia y cuanto cient\u00edfico muerto de hambre anda dando vueltas por el mundo dej\u00e1ndose pagar por los m\u00e1s abyectos seres humanos que ha generado esta sociedad. El estudio declara abiertamente que el que vale vale y el que no a la carretera. Es decir que desde ahora pretenden que los maestros y maestras escolaricen bajo la siguiente hip\u00f3tesis:\u00a0 \u201cni\u00f1o que tu has nacio&#8217; tonto por lo tanto ya sabemos que no vas a llegar a nada\u201d. Hace ya muchas d\u00e9cadas\u00a0 que se ha demostrado que lo que genera personas inseguras, que fracasan en el mundo escolar o que tardan en adaptarse a \u00e9l, no son los genes que esas personas lleven consigo, si no el hecho de que se les repita hasta la saciedad que son los tontos del pueblo. Eso y la intr\u00ednseca incapacidad de entender la diversidad que a veces ha tenido el sistema educativo.<\/p>\n<p>Los test de QI o Coeficiente Intelectual que se realizaban en los Institutos secundarios(2) estadounidenses en los a\u00f1os &#8217;60 y &#8217;70, una vez analizados daban como resultado que los afroamericanos eran gen\u00e9ticamente inferiores, los nativos y los inmigrantes obten\u00edan peores resultados a\u00fan. El fallo era evidente, ning\u00fan tipo de test contemplaba la cultura de proveniencia del individuo. Pero eran una excelente excusa para pedirle al gobierno que no gastar\u00e1 dinero en ayudas sociales para educar a las clases trabajadoras, menos al lumpen proletariado o a las minor\u00edas desfavorecidas ya que su empobrecida gen\u00e9tica imped\u00eda el progreso socioecon\u00f3mico de dichos grupos, por lo tanto era dinero gastado in\u00fatilmente. Las posibilidades de desarrollo comunitario radicaban en los WASHP, blancos anglosajones y protestantes, que ten\u00edan, y aun hoy poseen, la posibilidad de pagarse las super-escuelas privadas, viven en contextos sociales que favorecen y estimulan el aprendizaje y por supuesto son gen\u00e9ticamente superiores. Los neoyorquinos m\u00e1s y si hebreos ni os cuento, ah\u00ed tenemos Woody Allen.<\/p>\n<p>Escuchando a Cospedal (3) esta semana pasada, me he dado cuenta que nazi y nazismo no son ya malas palabras y las podemos decir todos abiertamente, en publico y si es posible en un medio de comunicaci\u00f3n de masas, por lo tanto creo que yo tambi\u00e9n puedo usarla para formular una pregunta \u00bfExiste algo m\u00e1s nazi y aberrante que\u00a0 determinar gen\u00e9ticamente a los ni\u00f1os?<\/p>\n<p>La Cospe, as\u00ed en confianza, como de entre casa, sencilla y plana para hablar, usa la palabra nazismo para adjetivar los escraches de la PAH, los separa de los escraches argentinos a favor de los DDHH. No menciona que lo que hace el PP, como lacayo del capitalismo m\u00e1s violento, es pasarse por el forro un derecho fundamental de la Declaraci\u00f3n Universal de los Derechos Humanos, el escrito en el articulo numero 25:<\/p>\n<p>\u201c1. Toda persona tiene derecho a un nivel de vida adecuado que le asegure, as\u00ed como a su familia, la salud y el bienestar, y en especial la alimentaci\u00f3n, el vestido, la vivienda, la asistencia m\u00e9dica y los servicios sociales necesarios; tiene asimismo derecho a los seguros en caso de desempleo, enfermedad, invalidez, viudez, vejez u otros casos de p\u00e9rdida de sus medios de subsistencia por circunstancias independientes de su voluntad.\u201d(4)<\/p>\n<p>En todo caso habr\u00eda que preguntarse si no es el PP quien esta preparando un terreno f\u00e9rtil para el crecimiento de las teor\u00edas nazis. Obviamente el Sr Juan Rosell,\u00a0 no saldr\u00e1 en telecinco o el la 1ra de RTVE explic\u00e1ndole en toda la cara a los trabajadores que sus hijos fracasan a nivel escolar porque son tan gen\u00e9ticamente burros como lo eran sus abuelos, ya que seg\u00fan parece los genes saltan una quinta.\u00a0 Pens\u00e1ndolo bien igual si, ya que se atreven a decir cualquier barbaridad, eso si con un \u201csabemos que esto es impopular, sabemos que no es pol\u00edticamente correcto, sabemos que no sentar\u00e1 bien, entendemos que os pedimos mucho\u201d y luego la maldita preposici\u00f3n \u201cpero\u201d y dan por hecho que la barbaridad que dir\u00e1n despu\u00e9s es una realidad inapelable. Aqu\u00ed la \u00fanica realidad inapelable es que la CEOE esta marcando el paso de la reforma de Wert (5). Despacito han comenzado por discriminar a las minor\u00edas inmigrantes, al colectivo LGTB, luego recortaron las ayudas a las familias y a las instituciones de las que dependen las personas con necesidades especiales, ahora llego el momento de darle ca\u00f1a a todo ciudadano que no sea est\u00e1ndar seg\u00fan sus par\u00e1metros \u00bfEsto no es nazi?<\/p>\n<p>(1) <a href=\"https:\/\/elpais.com\/diario\/2011\/06\/22\/sociedad\/1308693604_850215.html\">http:\/\/elpais.com\/diario\/2011\/06\/22\/sociedad\/1308693604_850215.html<\/a><\/p>\n<p>(2) [PDF] LOS TEST DE INTELIGENCIA: ALGUNAS&#8230;- Dialnet <a href=\"http:\/\/dialnet.unirioja.es\/descarga\/articulo\/1138362.pdf\">dialnet.unirioja.es\/descarga\/articulo\/1138362.pdf<\/a><\/p>\n<p>(3) <a href=\"http:\/\/www.publico.es\/453614\/de-cospedal-califica-los-escraches-de-nazismo-puro-que-le-recuerdan-los-anos-previos-al-36\">http:\/\/www.publico.es\/453614\/de-cospedal-califica-los-escraches-de-nazismo-puro-que-le-recuerdan-los-anos-previos-al-36<\/a><\/p>\n<p><a href=\"http:\/\/www.eldiario.es\/politica\/Cospedal-vuelve-comparar-escraches-nazismo_0_121787872.html\">http:\/\/www.eldiario.es\/politica\/Cospedal-vuelve-comparar-escraches-nazismo_0_121787872.html<\/a><\/p>\n<p>(4) <a href=\"http:\/\/www.ichrp.org\/es\/articulo_25_dudh\">http:\/\/www.ichrp.org\/es\/articulo_25_dudh<\/a><\/p>\n<p>(5) <a href=\"http:\/\/www.eldiario.es\/sociedad\/ley-afecta-modelo-linguistico_0_79092567.html\">http:\/\/www.eldiario.es\/sociedad\/ley-afecta-modelo-linguistico_0_79092567.html<\/a><\/p>\n","protected":false},"excerpt":{"rendered":"<p>\u201cLa herencia gen\u00e9tica pesa m\u00e1s en el rendimiento escolar de un alumno que su entorno socioecon\u00f3mico. Y el gasto en educaci\u00f3n no es lo m\u00e1s importante en la obtenci\u00f3n de resultados. Son dos de las hip\u00f3tesis en las que descansa la reforma educativa que present\u00f3 ayer CEOE. El presidente de [&hellip;]<\/p>\n","protected":false},"author":20,"featured_media":32679,"comment_status":"open","ping_status":"open","sticky":false,"template":"","format":"standard","meta":{"footnotes":""},"categories":[72],"tags":[],"class_list":["post-3177","post","type-post","status-publish","format-standard","has-post-thumbnail","hentry","category-opinion"],"yoast_head":"<!-- This site is optimized with the Yoast SEO plugin v27.5 - https:\/\/yoast.com\/product\/yoast-seo-wordpress\/ -->\n<title>\u00bfLos pol\u00edticos del PP son gen\u00e9ticamente bellacos o lo son por contexto? - Revista Rambla<\/title>\n<meta name=\"robots\" content=\"index, follow, max-snippet:-1, max-image-preview:large, max-video-preview:-1\" \/>\n<link rel=\"canonical\" href=\"https:\/\/www.revistarambla.com\/en\/ilos-politicos-del-pp-son-geneticamente-bellacos-o-lo-son-por-el-contexto\/\" \/>\n<meta property=\"og:locale\" content=\"en_GB\" \/>\n<meta property=\"og:type\" content=\"article\" \/>\n<meta property=\"og:title\" content=\"\u00bfLos pol\u00edticos del PP son gen\u00e9ticamente bellacos o lo son por contexto? - Revista Rambla\" \/>\n<meta property=\"og:description\" content=\"\u201cLa herencia gen\u00e9tica pesa m\u00e1s en el rendimiento escolar de un alumno que su entorno socioecon\u00f3mico. Y el gasto en educaci\u00f3n no es lo m\u00e1s importante en la obtenci\u00f3n de resultados. Son dos de las hip\u00f3tesis en las que descansa la reforma educativa que present\u00f3 ayer CEOE. El presidente de [&hellip;]\" \/>\n<meta property=\"og:url\" content=\"https:\/\/www.revistarambla.com\/en\/ilos-politicos-del-pp-son-geneticamente-bellacos-o-lo-son-por-el-contexto\/\" \/>\n<meta property=\"og:site_name\" content=\"Revista Rambla\" \/>\n<meta property=\"article:publisher\" content=\"https:\/\/www.facebook.com\/revistarambla\/\" \/>\n<meta property=\"article:published_time\" content=\"2013-04-15T14:08:24+00:00\" \/>\n<meta property=\"article:modified_time\" content=\"2021-12-07T16:27:29+00:00\" \/>\n<meta property=\"og:image\" content=\"https:\/\/www.revistarambla.com\/wp-content\/uploads\/2013\/04\/1542284529_280866_1542287742_noticia_normal.jpg\" \/>\n\t<meta property=\"og:image:width\" content=\"980\" \/>\n\t<meta property=\"og:image:height\" content=\"718\" \/>\n\t<meta property=\"og:image:type\" content=\"image\/jpeg\" \/>\n<meta name=\"author\" content=\"Patricia Rocha Antonelli\" \/>\n<meta name=\"twitter:card\" content=\"summary_large_image\" \/>\n<meta name=\"twitter:creator\" content=\"@RochaAntonelli\" \/>\n<meta name=\"twitter:site\" content=\"@revistarambla\" \/>\n<meta name=\"twitter:label1\" content=\"Written by\" \/>\n\t<meta name=\"twitter:data1\" content=\"Patricia Rocha Antonelli\" \/>\n\t<meta name=\"twitter:label2\" content=\"Estimated reading time\" \/>\n\t<meta name=\"twitter:data2\" content=\"4 minutes\" \/>\n<script type=\"application\/ld+json\" class=\"yoast-schema-graph\">{\"@context\":\"https:\\\/\\\/schema.org\",\"@graph\":[{\"@type\":\"Article\",\"@id\":\"https:\\\/\\\/www.revistarambla.com\\\/ilos-politicos-del-pp-son-geneticamente-bellacos-o-lo-son-por-el-contexto\\\/#article\",\"isPartOf\":{\"@id\":\"https:\\\/\\\/www.revistarambla.com\\\/ilos-politicos-del-pp-son-geneticamente-bellacos-o-lo-son-por-el-contexto\\\/\"},\"author\":{\"name\":\"Patricia Rocha Antonelli\",\"@id\":\"https:\\\/\\\/www.revistarambla.com\\\/#\\\/schema\\\/person\\\/eee50e1ca8b770fce507cc55cdb42f78\"},\"headline\":\"\u00bfLos pol\u00edticos del PP son gen\u00e9ticamente bellacos o lo son por contexto?\",\"datePublished\":\"2013-04-15T14:08:24+00:00\",\"dateModified\":\"2021-12-07T16:27:29+00:00\",\"mainEntityOfPage\":{\"@id\":\"https:\\\/\\\/www.revistarambla.com\\\/ilos-politicos-del-pp-son-geneticamente-bellacos-o-lo-son-por-el-contexto\\\/\"},\"wordCount\":913,\"commentCount\":0,\"publisher\":{\"@id\":\"https:\\\/\\\/www.revistarambla.com\\\/#organization\"},\"image\":{\"@id\":\"https:\\\/\\\/www.revistarambla.com\\\/ilos-politicos-del-pp-son-geneticamente-bellacos-o-lo-son-por-el-contexto\\\/#primaryimage\"},\"thumbnailUrl\":\"https:\\\/\\\/www.revistarambla.com\\\/wp-content\\\/uploads\\\/2013\\\/04\\\/1542284529_280866_1542287742_noticia_normal.jpg\",\"articleSection\":[\"Opiniones\"],\"inLanguage\":\"en-GB\",\"potentialAction\":[{\"@type\":\"CommentAction\",\"name\":\"Comment\",\"target\":[\"https:\\\/\\\/www.revistarambla.com\\\/ilos-politicos-del-pp-son-geneticamente-bellacos-o-lo-son-por-el-contexto\\\/#respond\"]}]},{\"@type\":\"WebPage\",\"@id\":\"https:\\\/\\\/www.revistarambla.com\\\/ilos-politicos-del-pp-son-geneticamente-bellacos-o-lo-son-por-el-contexto\\\/\",\"url\":\"https:\\\/\\\/www.revistarambla.com\\\/ilos-politicos-del-pp-son-geneticamente-bellacos-o-lo-son-por-el-contexto\\\/\",\"name\":\"\u00bfLos pol\u00edticos del PP son gen\u00e9ticamente bellacos o lo son por contexto? - Revista Rambla\",\"isPartOf\":{\"@id\":\"https:\\\/\\\/www.revistarambla.com\\\/#website\"},\"primaryImageOfPage\":{\"@id\":\"https:\\\/\\\/www.revistarambla.com\\\/ilos-politicos-del-pp-son-geneticamente-bellacos-o-lo-son-por-el-contexto\\\/#primaryimage\"},\"image\":{\"@id\":\"https:\\\/\\\/www.revistarambla.com\\\/ilos-politicos-del-pp-son-geneticamente-bellacos-o-lo-son-por-el-contexto\\\/#primaryimage\"},\"thumbnailUrl\":\"https:\\\/\\\/www.revistarambla.com\\\/wp-content\\\/uploads\\\/2013\\\/04\\\/1542284529_280866_1542287742_noticia_normal.jpg\",\"datePublished\":\"2013-04-15T14:08:24+00:00\",\"dateModified\":\"2021-12-07T16:27:29+00:00\",\"breadcrumb\":{\"@id\":\"https:\\\/\\\/www.revistarambla.com\\\/ilos-politicos-del-pp-son-geneticamente-bellacos-o-lo-son-por-el-contexto\\\/#breadcrumb\"},\"inLanguage\":\"en-GB\",\"potentialAction\":[{\"@type\":\"ReadAction\",\"target\":[\"https:\\\/\\\/www.revistarambla.com\\\/ilos-politicos-del-pp-son-geneticamente-bellacos-o-lo-son-por-el-contexto\\\/\"]}]},{\"@type\":\"ImageObject\",\"inLanguage\":\"en-GB\",\"@id\":\"https:\\\/\\\/www.revistarambla.com\\\/ilos-politicos-del-pp-son-geneticamente-bellacos-o-lo-son-por-el-contexto\\\/#primaryimage\",\"url\":\"https:\\\/\\\/www.revistarambla.com\\\/wp-content\\\/uploads\\\/2013\\\/04\\\/1542284529_280866_1542287742_noticia_normal.jpg\",\"contentUrl\":\"https:\\\/\\\/www.revistarambla.com\\\/wp-content\\\/uploads\\\/2013\\\/04\\\/1542284529_280866_1542287742_noticia_normal.jpg\",\"width\":980,\"height\":718},{\"@type\":\"BreadcrumbList\",\"@id\":\"https:\\\/\\\/www.revistarambla.com\\\/ilos-politicos-del-pp-son-geneticamente-bellacos-o-lo-son-por-el-contexto\\\/#breadcrumb\",\"itemListElement\":[{\"@type\":\"ListItem\",\"position\":1,\"name\":\"Portada\",\"item\":\"https:\\\/\\\/www.revistarambla.com\\\/\"},{\"@type\":\"ListItem\",\"position\":2,\"name\":\"\u00bfLos pol\u00edticos del PP son gen\u00e9ticamente bellacos o lo son por contexto?\"}]},{\"@type\":\"WebSite\",\"@id\":\"https:\\\/\\\/www.revistarambla.com\\\/#website\",\"url\":\"https:\\\/\\\/www.revistarambla.com\\\/\",\"name\":\"Revista Rambla Barcelona\",\"description\":\"Periodismo independiente\",\"publisher\":{\"@id\":\"https:\\\/\\\/www.revistarambla.com\\\/#organization\"},\"potentialAction\":[{\"@type\":\"SearchAction\",\"target\":{\"@type\":\"EntryPoint\",\"urlTemplate\":\"https:\\\/\\\/www.revistarambla.com\\\/?s={search_term_string}\"},\"query-input\":{\"@type\":\"PropertyValueSpecification\",\"valueRequired\":true,\"valueName\":\"search_term_string\"}}],\"inLanguage\":\"en-GB\"},{\"@type\":\"Organization\",\"@id\":\"https:\\\/\\\/www.revistarambla.com\\\/#organization\",\"name\":\"Revista Rambla\",\"url\":\"https:\\\/\\\/www.revistarambla.com\\\/\",\"logo\":{\"@type\":\"ImageObject\",\"inLanguage\":\"en-GB\",\"@id\":\"https:\\\/\\\/www.revistarambla.com\\\/#\\\/schema\\\/logo\\\/image\\\/\",\"url\":\"https:\\\/\\\/www.revistarambla.com\\\/wp-content\\\/uploads\\\/2020\\\/09\\\/banner_rambla_1900x600_BB.png\",\"contentUrl\":\"https:\\\/\\\/www.revistarambla.com\\\/wp-content\\\/uploads\\\/2020\\\/09\\\/banner_rambla_1900x600_BB.png\",\"width\":1900,\"height\":600,\"caption\":\"Revista Rambla\"},\"image\":{\"@id\":\"https:\\\/\\\/www.revistarambla.com\\\/#\\\/schema\\\/logo\\\/image\\\/\"},\"sameAs\":[\"https:\\\/\\\/www.facebook.com\\\/revistarambla\\\/\",\"https:\\\/\\\/x.com\\\/revistarambla\",\"https:\\\/\\\/www.instagram.com\\\/revista_rambla\",\"https:\\\/\\\/es.linkedin.com\\\/company\\\/revista-rambla\"]},{\"@type\":\"Person\",\"@id\":\"https:\\\/\\\/www.revistarambla.com\\\/#\\\/schema\\\/person\\\/eee50e1ca8b770fce507cc55cdb42f78\",\"name\":\"Patricia Rocha Antonelli\",\"description\":\"Licenciada en Geograf\u00eda e Historia (UdL) y Antropolog\u00eda (URV).\",\"sameAs\":[\"http:\\\/\\\/patriciarochantonelli.blogspot.com\\\/\",\"https:\\\/\\\/x.com\\\/RochaAntonelli\"]}]}<\/script>\n<!-- \/ Yoast SEO plugin. -->","yoast_head_json":{"title":"\u00bfLos pol\u00edticos del PP son gen\u00e9ticamente bellacos o lo son por contexto? - Revista Rambla","robots":{"index":"index","follow":"follow","max-snippet":"max-snippet:-1","max-image-preview":"max-image-preview:large","max-video-preview":"max-video-preview:-1"},"canonical":"https:\/\/www.revistarambla.com\/en\/ilos-politicos-del-pp-son-geneticamente-bellacos-o-lo-son-por-el-contexto\/","og_locale":"en_GB","og_type":"article","og_title":"\u00bfLos pol\u00edticos del PP son gen\u00e9ticamente bellacos o lo son por contexto? - Revista Rambla","og_description":"\u201cLa herencia gen\u00e9tica pesa m\u00e1s en el rendimiento escolar de un alumno que su entorno socioecon\u00f3mico. Y el gasto en educaci\u00f3n no es lo m\u00e1s importante en la obtenci\u00f3n de resultados. Son dos de las hip\u00f3tesis en las que descansa la reforma educativa que present\u00f3 ayer CEOE. El presidente de [&hellip;]","og_url":"https:\/\/www.revistarambla.com\/en\/ilos-politicos-del-pp-son-geneticamente-bellacos-o-lo-son-por-el-contexto\/","og_site_name":"Revista Rambla","article_publisher":"https:\/\/www.facebook.com\/revistarambla\/","article_published_time":"2013-04-15T14:08:24+00:00","article_modified_time":"2021-12-07T16:27:29+00:00","og_image":[{"width":980,"height":718,"url":"https:\/\/www.revistarambla.com\/wp-content\/uploads\/2013\/04\/1542284529_280866_1542287742_noticia_normal.jpg","type":"image\/jpeg"}],"author":"Patricia Rocha Antonelli","twitter_card":"summary_large_image","twitter_creator":"@RochaAntonelli","twitter_site":"@revistarambla","twitter_misc":{"Written by":"Patricia Rocha Antonelli","Estimated reading time":"4 minutes"},"schema":{"@context":"https:\/\/schema.org","@graph":[{"@type":"Article","@id":"https:\/\/www.revistarambla.com\/ilos-politicos-del-pp-son-geneticamente-bellacos-o-lo-son-por-el-contexto\/#article","isPartOf":{"@id":"https:\/\/www.revistarambla.com\/ilos-politicos-del-pp-son-geneticamente-bellacos-o-lo-son-por-el-contexto\/"},"author":{"name":"Patricia Rocha Antonelli","@id":"https:\/\/www.revistarambla.com\/#\/schema\/person\/eee50e1ca8b770fce507cc55cdb42f78"},"headline":"\u00bfLos pol\u00edticos del PP son gen\u00e9ticamente bellacos o lo son por contexto?","datePublished":"2013-04-15T14:08:24+00:00","dateModified":"2021-12-07T16:27:29+00:00","mainEntityOfPage":{"@id":"https:\/\/www.revistarambla.com\/ilos-politicos-del-pp-son-geneticamente-bellacos-o-lo-son-por-el-contexto\/"},"wordCount":913,"commentCount":0,"publisher":{"@id":"https:\/\/www.revistarambla.com\/#organization"},"image":{"@id":"https:\/\/www.revistarambla.com\/ilos-politicos-del-pp-son-geneticamente-bellacos-o-lo-son-por-el-contexto\/#primaryimage"},"thumbnailUrl":"https:\/\/www.revistarambla.com\/wp-content\/uploads\/2013\/04\/1542284529_280866_1542287742_noticia_normal.jpg","articleSection":["Opiniones"],"inLanguage":"en-GB","potentialAction":[{"@type":"CommentAction","name":"Comment","target":["https:\/\/www.revistarambla.com\/ilos-politicos-del-pp-son-geneticamente-bellacos-o-lo-son-por-el-contexto\/#respond"]}]},{"@type":"WebPage","@id":"https:\/\/www.revistarambla.com\/ilos-politicos-del-pp-son-geneticamente-bellacos-o-lo-son-por-el-contexto\/","url":"https:\/\/www.revistarambla.com\/ilos-politicos-del-pp-son-geneticamente-bellacos-o-lo-son-por-el-contexto\/","name":"\u00bfLos pol\u00edticos del PP son gen\u00e9ticamente bellacos o lo son por contexto? - Revista Rambla","isPartOf":{"@id":"https:\/\/www.revistarambla.com\/#website"},"primaryImageOfPage":{"@id":"https:\/\/www.revistarambla.com\/ilos-politicos-del-pp-son-geneticamente-bellacos-o-lo-son-por-el-contexto\/#primaryimage"},"image":{"@id":"https:\/\/www.revistarambla.com\/ilos-politicos-del-pp-son-geneticamente-bellacos-o-lo-son-por-el-contexto\/#primaryimage"},"thumbnailUrl":"https:\/\/www.revistarambla.com\/wp-content\/uploads\/2013\/04\/1542284529_280866_1542287742_noticia_normal.jpg","datePublished":"2013-04-15T14:08:24+00:00","dateModified":"2021-12-07T16:27:29+00:00","breadcrumb":{"@id":"https:\/\/www.revistarambla.com\/ilos-politicos-del-pp-son-geneticamente-bellacos-o-lo-son-por-el-contexto\/#breadcrumb"},"inLanguage":"en-GB","potentialAction":[{"@type":"ReadAction","target":["https:\/\/www.revistarambla.com\/ilos-politicos-del-pp-son-geneticamente-bellacos-o-lo-son-por-el-contexto\/"]}]},{"@type":"ImageObject","inLanguage":"en-GB","@id":"https:\/\/www.revistarambla.com\/ilos-politicos-del-pp-son-geneticamente-bellacos-o-lo-son-por-el-contexto\/#primaryimage","url":"https:\/\/www.revistarambla.com\/wp-content\/uploads\/2013\/04\/1542284529_280866_1542287742_noticia_normal.jpg","contentUrl":"https:\/\/www.revistarambla.com\/wp-content\/uploads\/2013\/04\/1542284529_280866_1542287742_noticia_normal.jpg","width":980,"height":718},{"@type":"BreadcrumbList","@id":"https:\/\/www.revistarambla.com\/ilos-politicos-del-pp-son-geneticamente-bellacos-o-lo-son-por-el-contexto\/#breadcrumb","itemListElement":[{"@type":"ListItem","position":1,"name":"Portada","item":"https:\/\/www.revistarambla.com\/"},{"@type":"ListItem","position":2,"name":"\u00bfLos pol\u00edticos del PP son gen\u00e9ticamente bellacos o lo son por contexto?"}]},{"@type":"WebSite","@id":"https:\/\/www.revistarambla.com\/#website","url":"https:\/\/www.revistarambla.com\/","name":"Revista Rambla Barcelona","description":"Periodismo independiente","publisher":{"@id":"https:\/\/www.revistarambla.com\/#organization"},"potentialAction":[{"@type":"SearchAction","target":{"@type":"EntryPoint","urlTemplate":"https:\/\/www.revistarambla.com\/?s={search_term_string}"},"query-input":{"@type":"PropertyValueSpecification","valueRequired":true,"valueName":"search_term_string"}}],"inLanguage":"en-GB"},{"@type":"Organization","@id":"https:\/\/www.revistarambla.com\/#organization","name":"Revista Rambla","url":"https:\/\/www.revistarambla.com\/","logo":{"@type":"ImageObject","inLanguage":"en-GB","@id":"https:\/\/www.revistarambla.com\/#\/schema\/logo\/image\/","url":"https:\/\/www.revistarambla.com\/wp-content\/uploads\/2020\/09\/banner_rambla_1900x600_BB.png","contentUrl":"https:\/\/www.revistarambla.com\/wp-content\/uploads\/2020\/09\/banner_rambla_1900x600_BB.png","width":1900,"height":600,"caption":"Revista Rambla"},"image":{"@id":"https:\/\/www.revistarambla.com\/#\/schema\/logo\/image\/"},"sameAs":["https:\/\/www.facebook.com\/revistarambla\/","https:\/\/x.com\/revistarambla","https:\/\/www.instagram.com\/revista_rambla","https:\/\/es.linkedin.com\/company\/revista-rambla"]},{"@type":"Person","@id":"https:\/\/www.revistarambla.com\/#\/schema\/person\/eee50e1ca8b770fce507cc55cdb42f78","name":"Patricia Rocha Antonelli","description":"Licenciada en Geograf\u00eda e Historia (UdL) y Antropolog\u00eda (URV).","sameAs":["http:\/\/patriciarochantonelli.blogspot.com\/","https:\/\/x.com\/RochaAntonelli"]}]}},"_links":{"self":[{"href":"https:\/\/www.revistarambla.com\/en\/wp-json\/wp\/v2\/posts\/3177","targetHints":{"allow":["GET"]}}],"collection":[{"href":"https:\/\/www.revistarambla.com\/en\/wp-json\/wp\/v2\/posts"}],"about":[{"href":"https:\/\/www.revistarambla.com\/en\/wp-json\/wp\/v2\/types\/post"}],"author":[{"embeddable":true,"href":"https:\/\/www.revistarambla.com\/en\/wp-json\/wp\/v2\/users\/20"}],"replies":[{"embeddable":true,"href":"https:\/\/www.revistarambla.com\/en\/wp-json\/wp\/v2\/comments?post=3177"}],"version-history":[{"count":0,"href":"https:\/\/www.revistarambla.com\/en\/wp-json\/wp\/v2\/posts\/3177\/revisions"}],"wp:featuredmedia":[{"embeddable":true,"href":"https:\/\/www.revistarambla.com\/en\/wp-json\/wp\/v2\/media\/32679"}],"wp:attachment":[{"href":"https:\/\/www.revistarambla.com\/en\/wp-json\/wp\/v2\/media?parent=3177"}],"wp:term":[{"taxonomy":"category","embeddable":true,"href":"https:\/\/www.revistarambla.com\/en\/wp-json\/wp\/v2\/categories?post=3177"},{"taxonomy":"post_tag","embeddable":true,"href":"https:\/\/www.revistarambla.com\/en\/wp-json\/wp\/v2\/tags?post=3177"}],"curies":[{"name":"wp","href":"https:\/\/api.w.org\/{rel}","templated":true}]}}