{"id":317,"date":"2010-09-06T09:45:20","date_gmt":"2010-09-06T07:45:20","guid":{"rendered":"https:\/\/www.revistarambla.com\/no-a-la-guerra-en-los-balcones\/"},"modified":"2022-10-21T12:24:28","modified_gmt":"2022-10-21T10:24:28","slug":"no-a-la-guerra-en-los-balcones","status":"publish","type":"post","link":"https:\/\/www.revistarambla.com\/en\/no-a-la-guerra-en-los-balcones\/","title":{"rendered":"No a la guerra en los balcones"},"content":{"rendered":"<p><img decoding=\"async\" class=\"aligncenter\" src=\"https:\/\/www.revistarambla.com\/wp-content\/uploads\/2010\/09\/b%20guerra%20009.jpg\" alt=\"alt\" width=\"350\" height=\"226\" \/><\/p>\n<p style=\"text-align: left;\"><em>\u2018S\u00f3lo un 4% de espa\u00f1oles apoyaba la <a href=\"https:\/\/www.revistarambla.com\/en\/category\/actualidad\/tambores-de-guerra\/\">guerra<\/a> en Irak\u2019<\/em>. Estas son las palabras que seg\u00fan el libro <a href=\"http:\/\/www.elmundo.es\/elmundo\/2010\/09\/01\/internacional\/1283298391.html\">&#8216;A Journey&#8217;<\/a> expresaba en 2003 el por aquel entonces presidente de nuestro pa\u00eds, Jos\u00e9 Mar\u00eda Aznar, a su amigo y actualmente ex ministro brit\u00e1nico, Tony Blair. Declaraciones que salen a la luz en estas memorias del <em>premier<\/em> brit\u00e1nico y que coinciden con el anuncio del presidente Obama del fin de la guerra de Irak, siete a\u00f1os y cinco meses despu\u00e9s de su comienzo. Un anuncio que parece habernos dejado totalmente indiferentes, una noticia m\u00e1s del frenes\u00ed informativo diario. \u00bfSer\u00e1 porque estamos preocupados \u00fanicamente por la crisis, por el aumento del paro o porque realmente sabemos que esta batalla no se termina aqu\u00ed? \u00c9chenle la culpa a lo que quieran pero yo les aconsejo que hagan memoria. Como dice la m\u00edtica canci\u00f3n de Presuntos Implicados, \u2018c\u00f3mo hemos cambiado\u2019. A\u00f1o 2003, millones de personas de varias ciudades del mundo se echan a la calle. \u00bfPara qu\u00e9? Para que el mundo supiese que tienen voz y que demandaban su merecido \u2018voto\u2019. Espa\u00f1a tambi\u00e9n sale a la calle y Barcelona encabeza, junto con Madrid, las movilizaciones m\u00e1s grandes. Estamos en guerra. \u2018\u00bfC\u00f3mo?\u2019 es la pregunta que, junto a la cara de incredulidad, ronda por la cabeza de todos los espa\u00f1oles al observar a trav\u00e9s de los medios de comunicaci\u00f3n la decisi\u00f3n de nuestro \u2018l\u00edder\u2019 pol\u00edtico de inmiscuirnos en una batalla en la que no pinchamos ni cortamos y que, adem\u00e1s, consideramos totalmente injusta e injustificada. As\u00ed empez\u00f3 todo. <em>\u2018No podemos callarnos y no lo haremos\u2019<\/em> declaraba con sus actos el pueblo espa\u00f1ol.<\/p>\n<p style=\"text-align: left;\"><strong>Entrevistando al <em>Fot\u00f3grafo de la Paz<\/em><\/strong><\/p>\n<p style=\"text-align: left;\">Fueron muchos los que se volcaron en esta lucha. Ser\u00eda hip\u00f3crita considerar a unos m\u00e1s importantes que a otros ya que las movilizaciones del 2003 no hubiesen sido posibles sin la colaboraci\u00f3n de todos pero, como siempre, hubo quien hizo m\u00e1s que participar en manifestaciones. En este marco, y ya sea por proximidad, por originalidad o por conocimiento, nosotros hoy queremos destacar la labor de Juli\u00e1n Mart\u00edn. Fot\u00f3grafo de profesi\u00f3n y de vocaci\u00f3n que trabajaba (y tras entrevistarle tengo muy claro que continuar\u00e1 trabajando hasta que le jubilen) en la agencia EFE, siempre en contacto directo con la noticia. Y en aquel momento la noticia era una, el NO a la guerra. Juli\u00e1n, al igual que los miles de profesionales de la comunicaci\u00f3n de este pa\u00eds, lo sab\u00eda y realizaba su trabajo como el que m\u00e1s. Pero \u00e9l no quiso quedarse tras la \u2018barrera\u2019, dio un paso m\u00e1s. \u00bfCu\u00e1ntos de ustedes caminan ojeando los balcones? Imagino que no muchos (y eso espero, en pro de salvaguardar la intimidad de sus vecinos). Pues Juli\u00e1n por aquel entonces s\u00ed, aunque asegura que \u2018<em>al principio todos mis compa\u00f1eros se re\u00edan<\/em>\u2019. Pero \u00e9l lo ten\u00eda claro, en los balcones hab\u00eda una gran historia, la historia de la negativa de los <a href=\"https:\/\/www.revistarambla.com\/en\/category\/actualidad\/barcelona\/\">barceloneses<\/a> a la guerra. Estos palcos privados se convirtieron en una aut\u00e9ntica galer\u00eda de arte formada por pancartas reivindicativas que no fueron indiferentes al objetivo de Juli\u00e1n<em>. \u2018Cre\u00eda que eran de inter\u00e9s as\u00ed que comenc\u00e9 fotografiando el Barrio de Gracia y al final acab\u00e9 haciendo todos los barrios. Logr\u00e9 recopilar unos 6.000 balcones\u2019<\/em>, nos asegura el fot\u00f3grafo. Pero no se piensen que se trataba de una cuesti\u00f3n profesional. <em>\u2018Me lo tom\u00e9 como algo personal porque era mi forma de decir que \u2018NO\u2019 utilizando mi c\u00e1mara\u2019<\/em>, asegura.<\/p>\n<p style=\"text-align: left;\">S\u00ed es cierto que su posici\u00f3n laboral, trabajar en una agencia de comunicaci\u00f3n de escala <a href=\"https:\/\/www.revistarambla.com\/en\/category\/actualidad\/global\/\">internacional<\/a>, le permiti\u00f3 dar a conocer al mundo algunas de sus fotograf\u00edas. \u00a0\u2018<em>Utilizaba EFE para pasar las fotos y mandarle un mensaje al se\u00f1or Aznar. Fue una forma de decirle: hasta aqu\u00ed se\u00f1or, ya est\u00e1 bien. Usted ser\u00e1 el jefe del gobierno pero no tiene derecho a hacer esto\u2019.<\/em> Sin embargo, Juli\u00e1n afirma que, aunque no estuviese trabajado en EFE, hubiese hecho lo mismo. Cinco meses de trabajo fotogr\u00e1fico que salieron a la luz por primera vez a trav\u00e9s de los ventanales del Palau de la Virreina, en plena Rambla de Barcelona, gracias a una original y atrevida exposici\u00f3n. Pero las fotos de Juli\u00e1n pronto circularon por mercados, escuelas, iglesias\u2026 de toda Catalu\u00f1a. <em>\u2018En algunos sitios me llamaban El Fot\u00f3grafo de la Paz\u2019 <\/em>asegura entre carcajadas el fot\u00f3grafo.<\/p>\n<p style=\"text-align: left;\">Los temas sociales siempre han sido sus preferidos y, a punto de finalizar la entrevista, la curiosidad me corroe,<em>\u2018\u00bfahora tienes alg\u00fan proyecto en mente?\u2019 le pregunto. <\/em>Y la respuesta no pudo ser m\u00e1s clara:<em>\u2018Tengo una peque\u00f1a casa en el pueblo, quiero leer, quiero pasear, caminar, quiero ba\u00f1arme\u2026 \u00a1Qu\u00e9 leches!, quiero vivir. Si se me presenta alguna ocasi\u00f3n intentar\u00e9 siempre estar ah\u00ed. Denunciar creo que ya le toca a los j\u00f3venes pero evidentemente si estoy ah\u00ed yo no voy a dejar de ser quien soy. Uno es como es y a nada que surja una oportunidad me volver\u00e9 a meter de lleno en ella, seguro.\u2019 <\/em>Por lo tanto, por el momento, yo les dejo con las im\u00e1genes de los balcones de Barcelona en 2003 para que recuerden, no s\u00e9 si con nostalgia, c\u00f3mo el pueblo catal\u00e1n se uni\u00f3 por el \u00a1NO A LA GUERRA!<\/p>","protected":false},"excerpt":{"rendered":"<p>\u2018S\u00f3lo un 4% de espa\u00f1oles apoyaba la guerra en Irak\u2019. Estas son las palabras que seg\u00fan el libro &#8216;A Journey&#8217; expresaba en 2003 el por aquel entonces presidente de nuestro pa\u00eds, Jos\u00e9 Mar\u00eda Aznar, a su amigo y actualmente ex ministro brit\u00e1nico, Tony Blair. Declaraciones que salen a la luz [&hellip;]<\/p>\n","protected":false},"author":53,"featured_media":0,"comment_status":"open","ping_status":"open","sticky":false,"template":"","format":"standard","meta":{"footnotes":""},"categories":[76],"tags":[],"class_list":["post-317","post","type-post","status-publish","format-standard","hentry","category-barcelona"],"yoast_head":"<!-- This site is optimized with the Yoast SEO plugin v27.5 - https:\/\/yoast.com\/product\/yoast-seo-wordpress\/ -->\n<title>No a la guerra en los balcones - Revista Rambla<\/title>\n<meta name=\"robots\" content=\"index, follow, max-snippet:-1, max-image-preview:large, max-video-preview:-1\" \/>\n<link rel=\"canonical\" href=\"https:\/\/www.revistarambla.com\/en\/no-a-la-guerra-en-los-balcones\/\" \/>\n<meta property=\"og:locale\" content=\"en_GB\" \/>\n<meta property=\"og:type\" content=\"article\" \/>\n<meta property=\"og:title\" content=\"No a la guerra en los balcones - Revista Rambla\" \/>\n<meta property=\"og:description\" content=\"\u2018S\u00f3lo un 4% de espa\u00f1oles apoyaba la guerra en Irak\u2019. Estas son las palabras que seg\u00fan el libro &#8216;A Journey&#8217; expresaba en 2003 el por aquel entonces presidente de nuestro pa\u00eds, Jos\u00e9 Mar\u00eda Aznar, a su amigo y actualmente ex ministro brit\u00e1nico, Tony Blair. Declaraciones que salen a la luz [&hellip;]\" \/>\n<meta property=\"og:url\" content=\"https:\/\/www.revistarambla.com\/en\/no-a-la-guerra-en-los-balcones\/\" \/>\n<meta property=\"og:site_name\" content=\"Revista Rambla\" \/>\n<meta property=\"article:publisher\" content=\"https:\/\/www.facebook.com\/revistarambla\/\" \/>\n<meta property=\"article:published_time\" content=\"2010-09-06T07:45:20+00:00\" \/>\n<meta property=\"article:modified_time\" content=\"2022-10-21T10:24:28+00:00\" \/>\n<meta property=\"og:image\" content=\"https:\/\/www.revistarambla.com\/wp-content\/uploads\/2010\/09\/julianmartin.jpg\" \/>\n\t<meta property=\"og:image:width\" content=\"400\" \/>\n\t<meta property=\"og:image:height\" content=\"271\" \/>\n\t<meta property=\"og:image:type\" content=\"image\/jpeg\" \/>\n<meta name=\"author\" content=\"Estefan\u00eda P\u00e9rez\" \/>\n<meta name=\"twitter:card\" content=\"summary_large_image\" \/>\n<meta name=\"twitter:creator\" content=\"@revistarambla\" \/>\n<meta name=\"twitter:site\" content=\"@revistarambla\" \/>\n<meta name=\"twitter:label1\" content=\"Written by\" \/>\n\t<meta name=\"twitter:data1\" content=\"Estefan\u00eda P\u00e9rez\" \/>\n\t<meta name=\"twitter:label2\" content=\"Estimated reading time\" \/>\n\t<meta name=\"twitter:data2\" content=\"5 minutes\" \/>\n<script type=\"application\/ld+json\" class=\"yoast-schema-graph\">{\"@context\":\"https:\\\/\\\/schema.org\",\"@graph\":[{\"@type\":\"Article\",\"@id\":\"https:\\\/\\\/www.revistarambla.com\\\/no-a-la-guerra-en-los-balcones\\\/#article\",\"isPartOf\":{\"@id\":\"https:\\\/\\\/www.revistarambla.com\\\/no-a-la-guerra-en-los-balcones\\\/\"},\"author\":{\"name\":\"Estefan\u00eda P\u00e9rez\",\"@id\":\"https:\\\/\\\/www.revistarambla.com\\\/#\\\/schema\\\/person\\\/9cc1c0f5495c4a6fd189ddd5ba5c5ac5\"},\"headline\":\"No a la guerra en los balcones\",\"datePublished\":\"2010-09-06T07:45:20+00:00\",\"dateModified\":\"2022-10-21T10:24:28+00:00\",\"mainEntityOfPage\":{\"@id\":\"https:\\\/\\\/www.revistarambla.com\\\/no-a-la-guerra-en-los-balcones\\\/\"},\"wordCount\":932,\"commentCount\":0,\"publisher\":{\"@id\":\"https:\\\/\\\/www.revistarambla.com\\\/#organization\"},\"image\":{\"@id\":\"https:\\\/\\\/www.revistarambla.com\\\/no-a-la-guerra-en-los-balcones\\\/#primaryimage\"},\"thumbnailUrl\":\"https:\\\/\\\/www.revistarambla.com\\\/wp-content\\\/uploads\\\/2010\\\/09\\\/b%20guerra%20009.jpg\",\"articleSection\":[\"Barcelona\"],\"inLanguage\":\"en-GB\",\"potentialAction\":[{\"@type\":\"CommentAction\",\"name\":\"Comment\",\"target\":[\"https:\\\/\\\/www.revistarambla.com\\\/no-a-la-guerra-en-los-balcones\\\/#respond\"]}]},{\"@type\":\"WebPage\",\"@id\":\"https:\\\/\\\/www.revistarambla.com\\\/no-a-la-guerra-en-los-balcones\\\/\",\"url\":\"https:\\\/\\\/www.revistarambla.com\\\/no-a-la-guerra-en-los-balcones\\\/\",\"name\":\"No a la guerra en los balcones - Revista Rambla\",\"isPartOf\":{\"@id\":\"https:\\\/\\\/www.revistarambla.com\\\/#website\"},\"primaryImageOfPage\":{\"@id\":\"https:\\\/\\\/www.revistarambla.com\\\/no-a-la-guerra-en-los-balcones\\\/#primaryimage\"},\"image\":{\"@id\":\"https:\\\/\\\/www.revistarambla.com\\\/no-a-la-guerra-en-los-balcones\\\/#primaryimage\"},\"thumbnailUrl\":\"https:\\\/\\\/www.revistarambla.com\\\/wp-content\\\/uploads\\\/2010\\\/09\\\/b%20guerra%20009.jpg\",\"datePublished\":\"2010-09-06T07:45:20+00:00\",\"dateModified\":\"2022-10-21T10:24:28+00:00\",\"breadcrumb\":{\"@id\":\"https:\\\/\\\/www.revistarambla.com\\\/no-a-la-guerra-en-los-balcones\\\/#breadcrumb\"},\"inLanguage\":\"en-GB\",\"potentialAction\":[{\"@type\":\"ReadAction\",\"target\":[\"https:\\\/\\\/www.revistarambla.com\\\/no-a-la-guerra-en-los-balcones\\\/\"]}]},{\"@type\":\"ImageObject\",\"inLanguage\":\"en-GB\",\"@id\":\"https:\\\/\\\/www.revistarambla.com\\\/no-a-la-guerra-en-los-balcones\\\/#primaryimage\",\"url\":\"https:\\\/\\\/www.revistarambla.com\\\/wp-content\\\/uploads\\\/2010\\\/09\\\/b%20guerra%20009.jpg\",\"contentUrl\":\"https:\\\/\\\/www.revistarambla.com\\\/wp-content\\\/uploads\\\/2010\\\/09\\\/b%20guerra%20009.jpg\"},{\"@type\":\"BreadcrumbList\",\"@id\":\"https:\\\/\\\/www.revistarambla.com\\\/no-a-la-guerra-en-los-balcones\\\/#breadcrumb\",\"itemListElement\":[{\"@type\":\"ListItem\",\"position\":1,\"name\":\"Portada\",\"item\":\"https:\\\/\\\/www.revistarambla.com\\\/\"},{\"@type\":\"ListItem\",\"position\":2,\"name\":\"No a la guerra en los balcones\"}]},{\"@type\":\"WebSite\",\"@id\":\"https:\\\/\\\/www.revistarambla.com\\\/#website\",\"url\":\"https:\\\/\\\/www.revistarambla.com\\\/\",\"name\":\"Revista Rambla Barcelona\",\"description\":\"Periodismo independiente\",\"publisher\":{\"@id\":\"https:\\\/\\\/www.revistarambla.com\\\/#organization\"},\"potentialAction\":[{\"@type\":\"SearchAction\",\"target\":{\"@type\":\"EntryPoint\",\"urlTemplate\":\"https:\\\/\\\/www.revistarambla.com\\\/?s={search_term_string}\"},\"query-input\":{\"@type\":\"PropertyValueSpecification\",\"valueRequired\":true,\"valueName\":\"search_term_string\"}}],\"inLanguage\":\"en-GB\"},{\"@type\":\"Organization\",\"@id\":\"https:\\\/\\\/www.revistarambla.com\\\/#organization\",\"name\":\"Revista Rambla\",\"url\":\"https:\\\/\\\/www.revistarambla.com\\\/\",\"logo\":{\"@type\":\"ImageObject\",\"inLanguage\":\"en-GB\",\"@id\":\"https:\\\/\\\/www.revistarambla.com\\\/#\\\/schema\\\/logo\\\/image\\\/\",\"url\":\"https:\\\/\\\/www.revistarambla.com\\\/wp-content\\\/uploads\\\/2020\\\/09\\\/banner_rambla_1900x600_BB.png\",\"contentUrl\":\"https:\\\/\\\/www.revistarambla.com\\\/wp-content\\\/uploads\\\/2020\\\/09\\\/banner_rambla_1900x600_BB.png\",\"width\":1900,\"height\":600,\"caption\":\"Revista Rambla\"},\"image\":{\"@id\":\"https:\\\/\\\/www.revistarambla.com\\\/#\\\/schema\\\/logo\\\/image\\\/\"},\"sameAs\":[\"https:\\\/\\\/www.facebook.com\\\/revistarambla\\\/\",\"https:\\\/\\\/x.com\\\/revistarambla\",\"https:\\\/\\\/www.instagram.com\\\/revista_rambla\",\"https:\\\/\\\/es.linkedin.com\\\/company\\\/revista-rambla\"]},{\"@type\":\"Person\",\"@id\":\"https:\\\/\\\/www.revistarambla.com\\\/#\\\/schema\\\/person\\\/9cc1c0f5495c4a6fd189ddd5ba5c5ac5\",\"name\":\"Estefan\u00eda P\u00e9rez\",\"description\":\"_\"}]}<\/script>\n<!-- \/ Yoast SEO plugin. -->","yoast_head_json":{"title":"No a la guerra en los balcones - Revista Rambla","robots":{"index":"index","follow":"follow","max-snippet":"max-snippet:-1","max-image-preview":"max-image-preview:large","max-video-preview":"max-video-preview:-1"},"canonical":"https:\/\/www.revistarambla.com\/en\/no-a-la-guerra-en-los-balcones\/","og_locale":"en_GB","og_type":"article","og_title":"No a la guerra en los balcones - Revista Rambla","og_description":"\u2018S\u00f3lo un 4% de espa\u00f1oles apoyaba la guerra en Irak\u2019. Estas son las palabras que seg\u00fan el libro &#8216;A Journey&#8217; expresaba en 2003 el por aquel entonces presidente de nuestro pa\u00eds, Jos\u00e9 Mar\u00eda Aznar, a su amigo y actualmente ex ministro brit\u00e1nico, Tony Blair. Declaraciones que salen a la luz [&hellip;]","og_url":"https:\/\/www.revistarambla.com\/en\/no-a-la-guerra-en-los-balcones\/","og_site_name":"Revista Rambla","article_publisher":"https:\/\/www.facebook.com\/revistarambla\/","article_published_time":"2010-09-06T07:45:20+00:00","article_modified_time":"2022-10-21T10:24:28+00:00","og_image":[{"width":400,"height":271,"url":"https:\/\/www.revistarambla.com\/wp-content\/uploads\/2010\/09\/julianmartin.jpg","type":"image\/jpeg"}],"author":"Estefan\u00eda P\u00e9rez","twitter_card":"summary_large_image","twitter_creator":"@revistarambla","twitter_site":"@revistarambla","twitter_misc":{"Written by":"Estefan\u00eda P\u00e9rez","Estimated reading time":"5 minutes"},"schema":{"@context":"https:\/\/schema.org","@graph":[{"@type":"Article","@id":"https:\/\/www.revistarambla.com\/no-a-la-guerra-en-los-balcones\/#article","isPartOf":{"@id":"https:\/\/www.revistarambla.com\/no-a-la-guerra-en-los-balcones\/"},"author":{"name":"Estefan\u00eda P\u00e9rez","@id":"https:\/\/www.revistarambla.com\/#\/schema\/person\/9cc1c0f5495c4a6fd189ddd5ba5c5ac5"},"headline":"No a la guerra en los balcones","datePublished":"2010-09-06T07:45:20+00:00","dateModified":"2022-10-21T10:24:28+00:00","mainEntityOfPage":{"@id":"https:\/\/www.revistarambla.com\/no-a-la-guerra-en-los-balcones\/"},"wordCount":932,"commentCount":0,"publisher":{"@id":"https:\/\/www.revistarambla.com\/#organization"},"image":{"@id":"https:\/\/www.revistarambla.com\/no-a-la-guerra-en-los-balcones\/#primaryimage"},"thumbnailUrl":"https:\/\/www.revistarambla.com\/wp-content\/uploads\/2010\/09\/b%20guerra%20009.jpg","articleSection":["Barcelona"],"inLanguage":"en-GB","potentialAction":[{"@type":"CommentAction","name":"Comment","target":["https:\/\/www.revistarambla.com\/no-a-la-guerra-en-los-balcones\/#respond"]}]},{"@type":"WebPage","@id":"https:\/\/www.revistarambla.com\/no-a-la-guerra-en-los-balcones\/","url":"https:\/\/www.revistarambla.com\/no-a-la-guerra-en-los-balcones\/","name":"No a la guerra en los balcones - Revista Rambla","isPartOf":{"@id":"https:\/\/www.revistarambla.com\/#website"},"primaryImageOfPage":{"@id":"https:\/\/www.revistarambla.com\/no-a-la-guerra-en-los-balcones\/#primaryimage"},"image":{"@id":"https:\/\/www.revistarambla.com\/no-a-la-guerra-en-los-balcones\/#primaryimage"},"thumbnailUrl":"https:\/\/www.revistarambla.com\/wp-content\/uploads\/2010\/09\/b%20guerra%20009.jpg","datePublished":"2010-09-06T07:45:20+00:00","dateModified":"2022-10-21T10:24:28+00:00","breadcrumb":{"@id":"https:\/\/www.revistarambla.com\/no-a-la-guerra-en-los-balcones\/#breadcrumb"},"inLanguage":"en-GB","potentialAction":[{"@type":"ReadAction","target":["https:\/\/www.revistarambla.com\/no-a-la-guerra-en-los-balcones\/"]}]},{"@type":"ImageObject","inLanguage":"en-GB","@id":"https:\/\/www.revistarambla.com\/no-a-la-guerra-en-los-balcones\/#primaryimage","url":"https:\/\/www.revistarambla.com\/wp-content\/uploads\/2010\/09\/b%20guerra%20009.jpg","contentUrl":"https:\/\/www.revistarambla.com\/wp-content\/uploads\/2010\/09\/b%20guerra%20009.jpg"},{"@type":"BreadcrumbList","@id":"https:\/\/www.revistarambla.com\/no-a-la-guerra-en-los-balcones\/#breadcrumb","itemListElement":[{"@type":"ListItem","position":1,"name":"Portada","item":"https:\/\/www.revistarambla.com\/"},{"@type":"ListItem","position":2,"name":"No a la guerra en los balcones"}]},{"@type":"WebSite","@id":"https:\/\/www.revistarambla.com\/#website","url":"https:\/\/www.revistarambla.com\/","name":"Revista Rambla Barcelona","description":"Periodismo independiente","publisher":{"@id":"https:\/\/www.revistarambla.com\/#organization"},"potentialAction":[{"@type":"SearchAction","target":{"@type":"EntryPoint","urlTemplate":"https:\/\/www.revistarambla.com\/?s={search_term_string}"},"query-input":{"@type":"PropertyValueSpecification","valueRequired":true,"valueName":"search_term_string"}}],"inLanguage":"en-GB"},{"@type":"Organization","@id":"https:\/\/www.revistarambla.com\/#organization","name":"Revista Rambla","url":"https:\/\/www.revistarambla.com\/","logo":{"@type":"ImageObject","inLanguage":"en-GB","@id":"https:\/\/www.revistarambla.com\/#\/schema\/logo\/image\/","url":"https:\/\/www.revistarambla.com\/wp-content\/uploads\/2020\/09\/banner_rambla_1900x600_BB.png","contentUrl":"https:\/\/www.revistarambla.com\/wp-content\/uploads\/2020\/09\/banner_rambla_1900x600_BB.png","width":1900,"height":600,"caption":"Revista Rambla"},"image":{"@id":"https:\/\/www.revistarambla.com\/#\/schema\/logo\/image\/"},"sameAs":["https:\/\/www.facebook.com\/revistarambla\/","https:\/\/x.com\/revistarambla","https:\/\/www.instagram.com\/revista_rambla","https:\/\/es.linkedin.com\/company\/revista-rambla"]},{"@type":"Person","@id":"https:\/\/www.revistarambla.com\/#\/schema\/person\/9cc1c0f5495c4a6fd189ddd5ba5c5ac5","name":"Estefan\u00eda P\u00e9rez","description":"_"}]}},"_links":{"self":[{"href":"https:\/\/www.revistarambla.com\/en\/wp-json\/wp\/v2\/posts\/317","targetHints":{"allow":["GET"]}}],"collection":[{"href":"https:\/\/www.revistarambla.com\/en\/wp-json\/wp\/v2\/posts"}],"about":[{"href":"https:\/\/www.revistarambla.com\/en\/wp-json\/wp\/v2\/types\/post"}],"author":[{"embeddable":true,"href":"https:\/\/www.revistarambla.com\/en\/wp-json\/wp\/v2\/users\/53"}],"replies":[{"embeddable":true,"href":"https:\/\/www.revistarambla.com\/en\/wp-json\/wp\/v2\/comments?post=317"}],"version-history":[{"count":2,"href":"https:\/\/www.revistarambla.com\/en\/wp-json\/wp\/v2\/posts\/317\/revisions"}],"predecessor-version":[{"id":48264,"href":"https:\/\/www.revistarambla.com\/en\/wp-json\/wp\/v2\/posts\/317\/revisions\/48264"}],"wp:attachment":[{"href":"https:\/\/www.revistarambla.com\/en\/wp-json\/wp\/v2\/media?parent=317"}],"wp:term":[{"taxonomy":"category","embeddable":true,"href":"https:\/\/www.revistarambla.com\/en\/wp-json\/wp\/v2\/categories?post=317"},{"taxonomy":"post_tag","embeddable":true,"href":"https:\/\/www.revistarambla.com\/en\/wp-json\/wp\/v2\/tags?post=317"}],"curies":[{"name":"wp","href":"https:\/\/api.w.org\/{rel}","templated":true}]}}