{"id":3168,"date":"2013-04-15T04:45:26","date_gmt":"2013-04-15T04:45:26","guid":{"rendered":"https:\/\/www.revistarambla.com\/tarde-de-toros-en-can-barca\/"},"modified":"2022-11-14T02:17:02","modified_gmt":"2022-11-14T01:17:02","slug":"tarde-de-toros-en-can-barca","status":"publish","type":"post","link":"https:\/\/www.revistarambla.com\/en\/tarde-de-toros-en-can-barca\/","title":{"rendered":"Tarde de toros en Can Bar\u00e7a"},"content":{"rendered":"<p><img decoding=\"async\" class=\"aligncenter\" src=\"https:\/\/www.revistarambla.com\/wp-content\/uploads\/2013\/04\/Futbol.jpg\" alt=\"alt\" width=\"700\" height=\"252\" \/><\/p>\n<p>Me piden una cr\u00f3nica en vivo del partido Bar\u00e7a vs PSG como ne\u00f3fito del f\u00fatbol. Quiz\u00e1 no sepan que mi afici\u00f3n al f\u00fatbol en mi tierna infancia y hasta mi perversa juventud me costara infinidad de miradas aviesas, interrogatorios y golpes por parte de mis padres por chutar todo lo habido y por haber en este mundo y en consecuencia que cada par de zapatos me durara una media de dos a tres semanas. Que cada minuto libre de clase que tuviera lo dedicara al noble arte de dar patadas a balones, tobillos, espinillas y todo lo que se interpusiera entre yo y la pelota&#8230;, por tanto dudo ser un ne\u00f3fito en eso del f\u00fatbol.<\/p>\n<p>Pero es cierto que mi relaci\u00f3n con el bal\u00f3n pie ha atravesado muchas dificultades.<\/p>\n<p>As\u00ed que met\u00e1monos en harina.<\/p>\n<p>Estaba yo el Mi\u00e9rcoles 10 de este mes por la ma\u00f1ana en mi alegre tertulia de jubilados jubilosos de serlo, prejubilados en la misma situaci\u00f3n, iaiosflautas de todo pelaje, parados long play y dem\u00e1s ociosos de este mundillo, cuando son\u00f3 mi m\u00f3vil. Ya se sabe que cuando suena un aparato infernal de estos, hay que dejarlo absolutamente todo y dedicarle la m\u00e1xima atenci\u00f3n al telefonillo.<\/p>\n<p>Era mi amigo Philippe, un simp\u00e1tico bret\u00f3n que habita por Valencia y que de vez en cuando viene a Barcelona, al que hac\u00eda un mont\u00f3n de meses que no ve\u00eda, invit\u00e1ndome al partido del Bar\u00e7a-Paris Saint Germain de la noche. Amablemente declin\u00e9 la invitaci\u00f3n dici\u00e9ndole que, si bien es verdad que en otros tiempos me hab\u00eda gustado mucho el f\u00fatbol, en este momento no me interesaba absolutamente nada, que mejor invitar\u00e1 a quien supiera valorar tama\u00f1o acontecimiento. A\u00f1ad\u00ed que si no encontraba a nadie con quien ir ya me sumar\u00eda gustosamente al evento para que no fuera solo. Yo pensaba que hab\u00eda logrado zafarme del acontecimiento, pero \u00a1no!, a las pocas horas me llama sorprendido diciendo que todo el mundo ten\u00eda alg\u00fan compromiso y que segu\u00eda con una entrada sobrante. Arm\u00e1ndome de paciencia le dije que ir\u00eda con \u00e9l.<\/p>\n<p>Telefoneo a mi mujer y me dice que en el departamento donde ella trabaja, la mitad del personal asesinar\u00eda por ir al campo. Una vez m\u00e1s Dios da pan a quien no tiene dientes.<\/p>\n<p>Quedamos en la esquina de las calles Maternidad-Travesera de Les Corts, frente al Camp Nou, a las 19,30. Como yo voy en moto y \u00e9l en coche, yo llegu\u00e9 antes y tuve que estar parado entre un mont\u00f3n de furgonetas de Mossos rodeado de personajes uniformados y mal encarados. L\u00f3gicamente me miraban como es habitual en esta gente: como si hubiera cometido un deicidio y estuviera pendiente de juicio.<\/p>\n<p>Cuando lleg\u00f3 mi amigo Philippe hubo abrazos, besamanos y dem\u00e1s protocolos. Entramos en el campo. Est\u00e1bamos en el \u00e1tico, pod\u00edamos tomarnos una cerveza con Dios.<\/p>\n<p>Autom\u00e1ticamente viaj\u00e9 en el tiempo y me vino a la cabeza las otras dos veces que hab\u00eda estado en el Camp Nou. La primera fue en la edad de piedra, jugaba el Bar\u00e7a contra no s\u00e9 qu\u00e9 equipo europeo y yo y los dos amigos con los que hab\u00eda ido nos tiramos todo el partido fumando canutos. Deb\u00eda ser un partido de tr\u00e1mite porque no creo que pas\u00e1ramos de ser 150 \u00f3 200 espectadores. Mis amigos viendo el partido y yo mirando al tendido con curiosidad. Era otro de los momentos de mis desencuentros con el f\u00fatbol.<\/p>\n<p>La segunda vez, yo hab\u00eda vuelto a sentir la llamada de la selva y volv\u00eda a estar interesado en el f\u00fatbol y le hab\u00eda pedido a mi amiga Montse, a la saz\u00f3n miembro de Boixos Nois, que me colara en el campo por el morral. Acud\u00ed bien pertrechado con un veguero de tama\u00f1o familiar y los \u201cboixos\u201d me proporcionaron una bandera cul\u00e9 para entrar. L\u00f3gicamente le quit\u00e9 la se\u00f1era y entr\u00e9 con un palitroque viudo de bandera. Era un Bar\u00e7a Madrid y yo prefer\u00eda que ganara el Madrid, equipo por el que sent\u00eda un poco menos antipat\u00eda que por el Bar\u00e7a. Yo siempre cantaba aquel tema de los Decibelios que dec\u00eda: \u201cel mejor siempre ser\u00e1 el equipo rival\u201d Ya se sabe la distancia dulcifica a los energ\u00famenos. En mi vida he sentido tanta aversi\u00f3n por \u201cel equipo oficial de una ciudad\u201d como cuando viv\u00ed en Madrid. Soportar a los merengues era tan duro como soportar a los cul\u00e9s.<\/p>\n<p>Puedo decir que la tercera vez que estuve en Ca&#8217;n Bar\u00e7a, que es \u00e9sta, pas\u00e9 fr\u00edo.<\/p>\n<p>\u00a1Ah!, me olvidaba decir que el partido fue flojillo, que domin\u00f3 tres cuartas partes del partido el equipo gabacho y que acabaron empatando, con lo que el Bar\u00e7a se clasific\u00f3 para las semifinales.<\/p>\n<p>Final obligado buscando un bar donde saciar la sed, despedida y cierre.<\/p>","protected":false},"excerpt":{"rendered":"<p>Me piden una cr\u00f3nica en vivo del partido Bar\u00e7a vs PSG como ne\u00f3fito del f\u00fatbol. Quiz\u00e1 no sepan que mi afici\u00f3n al f\u00fatbol en mi tierna infancia y hasta mi perversa juventud me costara infinidad de miradas aviesas, interrogatorios y golpes por parte de mis padres por chutar todo lo [&hellip;]<\/p>\n","protected":false},"author":1,"featured_media":0,"comment_status":"open","ping_status":"open","sticky":false,"template":"","format":"standard","meta":{"footnotes":""},"categories":[72],"tags":[],"class_list":["post-3168","post","type-post","status-publish","format-standard","hentry","category-opinion"],"yoast_head":"<!-- This site is optimized with the Yoast SEO plugin v27.5 - https:\/\/yoast.com\/product\/yoast-seo-wordpress\/ -->\n<title>Tarde de toros en Can Bar\u00e7a - Revista Rambla<\/title>\n<meta name=\"robots\" content=\"index, follow, max-snippet:-1, max-image-preview:large, max-video-preview:-1\" \/>\n<link rel=\"canonical\" href=\"https:\/\/www.revistarambla.com\/en\/tarde-de-toros-en-can-barca\/\" \/>\n<meta property=\"og:locale\" content=\"en_GB\" \/>\n<meta property=\"og:type\" content=\"article\" \/>\n<meta property=\"og:title\" content=\"Tarde de toros en Can Bar\u00e7a - Revista Rambla\" \/>\n<meta property=\"og:description\" content=\"Me piden una cr\u00f3nica en vivo del partido Bar\u00e7a vs PSG como ne\u00f3fito del f\u00fatbol. Quiz\u00e1 no sepan que mi afici\u00f3n al f\u00fatbol en mi tierna infancia y hasta mi perversa juventud me costara infinidad de miradas aviesas, interrogatorios y golpes por parte de mis padres por chutar todo lo [&hellip;]\" \/>\n<meta property=\"og:url\" content=\"https:\/\/www.revistarambla.com\/en\/tarde-de-toros-en-can-barca\/\" \/>\n<meta property=\"og:site_name\" content=\"Revista Rambla\" \/>\n<meta property=\"article:publisher\" content=\"https:\/\/www.facebook.com\/revistarambla\/\" \/>\n<meta property=\"article:published_time\" content=\"2013-04-15T04:45:26+00:00\" \/>\n<meta property=\"article:modified_time\" content=\"2022-11-14T01:17:02+00:00\" \/>\n<meta property=\"og:image\" content=\"https:\/\/www.revistarambla.com\/wp-content\/uploads\/2013\/04\/Futbol_01.jpg\" \/>\n\t<meta property=\"og:image:width\" content=\"682\" \/>\n\t<meta property=\"og:image:height\" content=\"450\" \/>\n\t<meta property=\"og:image:type\" content=\"image\/jpeg\" \/>\n<meta name=\"author\" content=\"Santi Carrillo\" \/>\n<meta name=\"twitter:card\" content=\"summary_large_image\" \/>\n<meta name=\"twitter:creator\" content=\"@revistarambla\" \/>\n<meta name=\"twitter:site\" content=\"@revistarambla\" \/>\n<meta name=\"twitter:label1\" content=\"Written by\" \/>\n\t<meta name=\"twitter:data1\" content=\"Santi Carrillo\" \/>\n\t<meta name=\"twitter:label2\" content=\"Estimated reading time\" \/>\n\t<meta name=\"twitter:data2\" content=\"4 minutes\" \/>\n<script type=\"application\/ld+json\" class=\"yoast-schema-graph\">{\"@context\":\"https:\\\/\\\/schema.org\",\"@graph\":[{\"@type\":\"Article\",\"@id\":\"https:\\\/\\\/www.revistarambla.com\\\/tarde-de-toros-en-can-barca\\\/#article\",\"isPartOf\":{\"@id\":\"https:\\\/\\\/www.revistarambla.com\\\/tarde-de-toros-en-can-barca\\\/\"},\"author\":{\"name\":\"Santi Carrillo\",\"@id\":\"https:\\\/\\\/www.revistarambla.com\\\/#\\\/schema\\\/person\\\/4a5652fc8c82df1f8593002d038cd79e\"},\"headline\":\"Tarde de toros en Can Bar\u00e7a\",\"datePublished\":\"2013-04-15T04:45:26+00:00\",\"dateModified\":\"2022-11-14T01:17:02+00:00\",\"mainEntityOfPage\":{\"@id\":\"https:\\\/\\\/www.revistarambla.com\\\/tarde-de-toros-en-can-barca\\\/\"},\"wordCount\":858,\"commentCount\":0,\"publisher\":{\"@id\":\"https:\\\/\\\/www.revistarambla.com\\\/#organization\"},\"image\":{\"@id\":\"https:\\\/\\\/www.revistarambla.com\\\/tarde-de-toros-en-can-barca\\\/#primaryimage\"},\"thumbnailUrl\":\"https:\\\/\\\/www.revistarambla.com\\\/wp-content\\\/uploads\\\/2013\\\/04\\\/Futbol.jpg\",\"articleSection\":[\"Opiniones\"],\"inLanguage\":\"en-GB\",\"potentialAction\":[{\"@type\":\"CommentAction\",\"name\":\"Comment\",\"target\":[\"https:\\\/\\\/www.revistarambla.com\\\/tarde-de-toros-en-can-barca\\\/#respond\"]}]},{\"@type\":\"WebPage\",\"@id\":\"https:\\\/\\\/www.revistarambla.com\\\/tarde-de-toros-en-can-barca\\\/\",\"url\":\"https:\\\/\\\/www.revistarambla.com\\\/tarde-de-toros-en-can-barca\\\/\",\"name\":\"Tarde de toros en Can Bar\u00e7a - Revista Rambla\",\"isPartOf\":{\"@id\":\"https:\\\/\\\/www.revistarambla.com\\\/#website\"},\"primaryImageOfPage\":{\"@id\":\"https:\\\/\\\/www.revistarambla.com\\\/tarde-de-toros-en-can-barca\\\/#primaryimage\"},\"image\":{\"@id\":\"https:\\\/\\\/www.revistarambla.com\\\/tarde-de-toros-en-can-barca\\\/#primaryimage\"},\"thumbnailUrl\":\"https:\\\/\\\/www.revistarambla.com\\\/wp-content\\\/uploads\\\/2013\\\/04\\\/Futbol.jpg\",\"datePublished\":\"2013-04-15T04:45:26+00:00\",\"dateModified\":\"2022-11-14T01:17:02+00:00\",\"breadcrumb\":{\"@id\":\"https:\\\/\\\/www.revistarambla.com\\\/tarde-de-toros-en-can-barca\\\/#breadcrumb\"},\"inLanguage\":\"en-GB\",\"potentialAction\":[{\"@type\":\"ReadAction\",\"target\":[\"https:\\\/\\\/www.revistarambla.com\\\/tarde-de-toros-en-can-barca\\\/\"]}]},{\"@type\":\"ImageObject\",\"inLanguage\":\"en-GB\",\"@id\":\"https:\\\/\\\/www.revistarambla.com\\\/tarde-de-toros-en-can-barca\\\/#primaryimage\",\"url\":\"https:\\\/\\\/www.revistarambla.com\\\/wp-content\\\/uploads\\\/2013\\\/04\\\/Futbol.jpg\",\"contentUrl\":\"https:\\\/\\\/www.revistarambla.com\\\/wp-content\\\/uploads\\\/2013\\\/04\\\/Futbol.jpg\"},{\"@type\":\"BreadcrumbList\",\"@id\":\"https:\\\/\\\/www.revistarambla.com\\\/tarde-de-toros-en-can-barca\\\/#breadcrumb\",\"itemListElement\":[{\"@type\":\"ListItem\",\"position\":1,\"name\":\"Portada\",\"item\":\"https:\\\/\\\/www.revistarambla.com\\\/\"},{\"@type\":\"ListItem\",\"position\":2,\"name\":\"Tarde de toros en Can Bar\u00e7a\"}]},{\"@type\":\"WebSite\",\"@id\":\"https:\\\/\\\/www.revistarambla.com\\\/#website\",\"url\":\"https:\\\/\\\/www.revistarambla.com\\\/\",\"name\":\"Revista Rambla Barcelona\",\"description\":\"Periodismo independiente\",\"publisher\":{\"@id\":\"https:\\\/\\\/www.revistarambla.com\\\/#organization\"},\"potentialAction\":[{\"@type\":\"SearchAction\",\"target\":{\"@type\":\"EntryPoint\",\"urlTemplate\":\"https:\\\/\\\/www.revistarambla.com\\\/?s={search_term_string}\"},\"query-input\":{\"@type\":\"PropertyValueSpecification\",\"valueRequired\":true,\"valueName\":\"search_term_string\"}}],\"inLanguage\":\"en-GB\"},{\"@type\":\"Organization\",\"@id\":\"https:\\\/\\\/www.revistarambla.com\\\/#organization\",\"name\":\"Revista Rambla\",\"url\":\"https:\\\/\\\/www.revistarambla.com\\\/\",\"logo\":{\"@type\":\"ImageObject\",\"inLanguage\":\"en-GB\",\"@id\":\"https:\\\/\\\/www.revistarambla.com\\\/#\\\/schema\\\/logo\\\/image\\\/\",\"url\":\"https:\\\/\\\/www.revistarambla.com\\\/wp-content\\\/uploads\\\/2020\\\/09\\\/banner_rambla_1900x600_BB.png\",\"contentUrl\":\"https:\\\/\\\/www.revistarambla.com\\\/wp-content\\\/uploads\\\/2020\\\/09\\\/banner_rambla_1900x600_BB.png\",\"width\":1900,\"height\":600,\"caption\":\"Revista Rambla\"},\"image\":{\"@id\":\"https:\\\/\\\/www.revistarambla.com\\\/#\\\/schema\\\/logo\\\/image\\\/\"},\"sameAs\":[\"https:\\\/\\\/www.facebook.com\\\/revistarambla\\\/\",\"https:\\\/\\\/x.com\\\/revistarambla\",\"https:\\\/\\\/www.instagram.com\\\/revista_rambla\",\"https:\\\/\\\/es.linkedin.com\\\/company\\\/revista-rambla\"]},{\"@type\":\"Person\",\"@id\":\"https:\\\/\\\/www.revistarambla.com\\\/#\\\/schema\\\/person\\\/4a5652fc8c82df1f8593002d038cd79e\",\"name\":\"Santi Carrillo\"}]}<\/script>\n<!-- \/ Yoast SEO plugin. -->","yoast_head_json":{"title":"Tarde de toros en Can Bar\u00e7a - Revista Rambla","robots":{"index":"index","follow":"follow","max-snippet":"max-snippet:-1","max-image-preview":"max-image-preview:large","max-video-preview":"max-video-preview:-1"},"canonical":"https:\/\/www.revistarambla.com\/en\/tarde-de-toros-en-can-barca\/","og_locale":"en_GB","og_type":"article","og_title":"Tarde de toros en Can Bar\u00e7a - Revista Rambla","og_description":"Me piden una cr\u00f3nica en vivo del partido Bar\u00e7a vs PSG como ne\u00f3fito del f\u00fatbol. Quiz\u00e1 no sepan que mi afici\u00f3n al f\u00fatbol en mi tierna infancia y hasta mi perversa juventud me costara infinidad de miradas aviesas, interrogatorios y golpes por parte de mis padres por chutar todo lo [&hellip;]","og_url":"https:\/\/www.revistarambla.com\/en\/tarde-de-toros-en-can-barca\/","og_site_name":"Revista Rambla","article_publisher":"https:\/\/www.facebook.com\/revistarambla\/","article_published_time":"2013-04-15T04:45:26+00:00","article_modified_time":"2022-11-14T01:17:02+00:00","og_image":[{"width":682,"height":450,"url":"https:\/\/www.revistarambla.com\/wp-content\/uploads\/2013\/04\/Futbol_01.jpg","type":"image\/jpeg"}],"author":"Santi Carrillo","twitter_card":"summary_large_image","twitter_creator":"@revistarambla","twitter_site":"@revistarambla","twitter_misc":{"Written by":"Santi Carrillo","Estimated reading time":"4 minutes"},"schema":{"@context":"https:\/\/schema.org","@graph":[{"@type":"Article","@id":"https:\/\/www.revistarambla.com\/tarde-de-toros-en-can-barca\/#article","isPartOf":{"@id":"https:\/\/www.revistarambla.com\/tarde-de-toros-en-can-barca\/"},"author":{"name":"Santi Carrillo","@id":"https:\/\/www.revistarambla.com\/#\/schema\/person\/4a5652fc8c82df1f8593002d038cd79e"},"headline":"Tarde de toros en Can Bar\u00e7a","datePublished":"2013-04-15T04:45:26+00:00","dateModified":"2022-11-14T01:17:02+00:00","mainEntityOfPage":{"@id":"https:\/\/www.revistarambla.com\/tarde-de-toros-en-can-barca\/"},"wordCount":858,"commentCount":0,"publisher":{"@id":"https:\/\/www.revistarambla.com\/#organization"},"image":{"@id":"https:\/\/www.revistarambla.com\/tarde-de-toros-en-can-barca\/#primaryimage"},"thumbnailUrl":"https:\/\/www.revistarambla.com\/wp-content\/uploads\/2013\/04\/Futbol.jpg","articleSection":["Opiniones"],"inLanguage":"en-GB","potentialAction":[{"@type":"CommentAction","name":"Comment","target":["https:\/\/www.revistarambla.com\/tarde-de-toros-en-can-barca\/#respond"]}]},{"@type":"WebPage","@id":"https:\/\/www.revistarambla.com\/tarde-de-toros-en-can-barca\/","url":"https:\/\/www.revistarambla.com\/tarde-de-toros-en-can-barca\/","name":"Tarde de toros en Can Bar\u00e7a - Revista Rambla","isPartOf":{"@id":"https:\/\/www.revistarambla.com\/#website"},"primaryImageOfPage":{"@id":"https:\/\/www.revistarambla.com\/tarde-de-toros-en-can-barca\/#primaryimage"},"image":{"@id":"https:\/\/www.revistarambla.com\/tarde-de-toros-en-can-barca\/#primaryimage"},"thumbnailUrl":"https:\/\/www.revistarambla.com\/wp-content\/uploads\/2013\/04\/Futbol.jpg","datePublished":"2013-04-15T04:45:26+00:00","dateModified":"2022-11-14T01:17:02+00:00","breadcrumb":{"@id":"https:\/\/www.revistarambla.com\/tarde-de-toros-en-can-barca\/#breadcrumb"},"inLanguage":"en-GB","potentialAction":[{"@type":"ReadAction","target":["https:\/\/www.revistarambla.com\/tarde-de-toros-en-can-barca\/"]}]},{"@type":"ImageObject","inLanguage":"en-GB","@id":"https:\/\/www.revistarambla.com\/tarde-de-toros-en-can-barca\/#primaryimage","url":"https:\/\/www.revistarambla.com\/wp-content\/uploads\/2013\/04\/Futbol.jpg","contentUrl":"https:\/\/www.revistarambla.com\/wp-content\/uploads\/2013\/04\/Futbol.jpg"},{"@type":"BreadcrumbList","@id":"https:\/\/www.revistarambla.com\/tarde-de-toros-en-can-barca\/#breadcrumb","itemListElement":[{"@type":"ListItem","position":1,"name":"Portada","item":"https:\/\/www.revistarambla.com\/"},{"@type":"ListItem","position":2,"name":"Tarde de toros en Can Bar\u00e7a"}]},{"@type":"WebSite","@id":"https:\/\/www.revistarambla.com\/#website","url":"https:\/\/www.revistarambla.com\/","name":"Revista Rambla Barcelona","description":"Periodismo independiente","publisher":{"@id":"https:\/\/www.revistarambla.com\/#organization"},"potentialAction":[{"@type":"SearchAction","target":{"@type":"EntryPoint","urlTemplate":"https:\/\/www.revistarambla.com\/?s={search_term_string}"},"query-input":{"@type":"PropertyValueSpecification","valueRequired":true,"valueName":"search_term_string"}}],"inLanguage":"en-GB"},{"@type":"Organization","@id":"https:\/\/www.revistarambla.com\/#organization","name":"Revista Rambla","url":"https:\/\/www.revistarambla.com\/","logo":{"@type":"ImageObject","inLanguage":"en-GB","@id":"https:\/\/www.revistarambla.com\/#\/schema\/logo\/image\/","url":"https:\/\/www.revistarambla.com\/wp-content\/uploads\/2020\/09\/banner_rambla_1900x600_BB.png","contentUrl":"https:\/\/www.revistarambla.com\/wp-content\/uploads\/2020\/09\/banner_rambla_1900x600_BB.png","width":1900,"height":600,"caption":"Revista Rambla"},"image":{"@id":"https:\/\/www.revistarambla.com\/#\/schema\/logo\/image\/"},"sameAs":["https:\/\/www.facebook.com\/revistarambla\/","https:\/\/x.com\/revistarambla","https:\/\/www.instagram.com\/revista_rambla","https:\/\/es.linkedin.com\/company\/revista-rambla"]},{"@type":"Person","@id":"https:\/\/www.revistarambla.com\/#\/schema\/person\/4a5652fc8c82df1f8593002d038cd79e","name":"Santi Carrillo"}]}},"_links":{"self":[{"href":"https:\/\/www.revistarambla.com\/en\/wp-json\/wp\/v2\/posts\/3168","targetHints":{"allow":["GET"]}}],"collection":[{"href":"https:\/\/www.revistarambla.com\/en\/wp-json\/wp\/v2\/posts"}],"about":[{"href":"https:\/\/www.revistarambla.com\/en\/wp-json\/wp\/v2\/types\/post"}],"author":[{"embeddable":true,"href":"https:\/\/www.revistarambla.com\/en\/wp-json\/wp\/v2\/users\/1"}],"replies":[{"embeddable":true,"href":"https:\/\/www.revistarambla.com\/en\/wp-json\/wp\/v2\/comments?post=3168"}],"version-history":[{"count":1,"href":"https:\/\/www.revistarambla.com\/en\/wp-json\/wp\/v2\/posts\/3168\/revisions"}],"predecessor-version":[{"id":50806,"href":"https:\/\/www.revistarambla.com\/en\/wp-json\/wp\/v2\/posts\/3168\/revisions\/50806"}],"wp:attachment":[{"href":"https:\/\/www.revistarambla.com\/en\/wp-json\/wp\/v2\/media?parent=3168"}],"wp:term":[{"taxonomy":"category","embeddable":true,"href":"https:\/\/www.revistarambla.com\/en\/wp-json\/wp\/v2\/categories?post=3168"},{"taxonomy":"post_tag","embeddable":true,"href":"https:\/\/www.revistarambla.com\/en\/wp-json\/wp\/v2\/tags?post=3168"}],"curies":[{"name":"wp","href":"https:\/\/api.w.org\/{rel}","templated":true}]}}