{"id":3164,"date":"2013-04-15T04:35:02","date_gmt":"2013-04-15T04:35:02","guid":{"rendered":"https:\/\/www.revistarambla.com\/el-salon-cierra-con-exito-su-edicion-dedicada-al-far-west\/"},"modified":"2021-08-04T19:30:34","modified_gmt":"2021-08-04T17:30:34","slug":"el-salon-cierra-con-exito-su-edicion-dedicada-al-far-west","status":"publish","type":"post","link":"https:\/\/www.revistarambla.com\/en\/el-salon-cierra-con-exito-su-edicion-dedicada-al-far-west\/","title":{"rendered":"El Sal\u00f3n cierra con \u00e9xito su edici\u00f3n dedicada al Far West"},"content":{"rendered":"<p><img decoding=\"async\" class=\"aligncenter\" src=\"https:\/\/www.revistarambla.com\/wp-content\/uploads\/2013\/04\/comic01.jpg\" alt=\"alt\" width=\"682\" height=\"450\" \/><\/p>\n<p>El 31 Sal\u00f3n Internacional del C\u00f3mic de Barcelona, organizado por FICOMIC, cerr\u00f3 esta tarde sus puertas habiendo recibido 106.000 visitantes, cifra que es pr\u00e1cticamente la misma de la edici\u00f3n anterior.<\/p>\n<p>La cifra final supone \u201cla consolidaci\u00f3n de una gran asistencia de p\u00fablico que muestra que el c\u00f3mic interesa a mucha gente\u201d, en palabras de Carles Santamaria, director del Sal\u00f3n y de FICOMIC. Por otra parte, Santamaria explic\u00f3 que \u201cla gran variedad en la oferta de exposiciones, talleres, conferencias y otras actividades ha atra\u00eddo a un p\u00fablico muy diverso\u201d.<\/p>\n<p>El western ha sido el motor de esta edici\u00f3n, que cont\u00f3 con la mayor exposici\u00f3n de originales de tebeos dedicados al mundo del Lejano Oeste de Europa. Bajo el t\u00edtulo, Por un pu\u00f1ado de c\u00f3mics, la muestra reun\u00eda de 233 originales de los m\u00e1s destacados dibujantes de todo el mundo que se han dedicado al universo del western. Durante los cuatro d\u00edas del certamen se organizaron diversas mesas redondas y talleres sobre el tema, en las que participaron autores de la talla de los responsables de La juventud de Blueberry, Michel Blanc-Dumont y Fran\u00e7ois Corteggiani, adem\u00e1s de dibujantes como Esteve Polls, R.M. Gu\u00e9ra, o Jordi Bernet. Dentro del macro-espacio de la exposici\u00f3n se ubic\u00f3 el Saloon del C\u00f3mic, un espacio multiusos en el que se realizaron presentaciones, clases magistrales y concursos de cosplay. En ese mismo escenario el grupo Bat Audicions ameniz\u00f3 las veladas de los visitantes interpretando temas de pel\u00edculas del Far West.<\/p>\n<p>Adem\u00e1s de homenajear al western, esta edici\u00f3n del Sal\u00f3n celebr\u00f3 el 75 aniversario de Superman con una exposici\u00f3n conmemorativa, as\u00ed como los 50 a\u00f1os de existencia de La Patrulla-X y Los Vengadores, con la muestra Juntos pero no revueltos. Asimismo, dibujantes de todo el mundo, entre ellos algunos de los invitados al Sal\u00f3n, como Liniers y Guy Delisle, permitieron mostrar sus cuadernos de viaje, que formaron parte de la exposici\u00f3n Cuadernos de viaje. El apartado expositivo lo cerraron una muestra dedicada al centenario de Ambr\u00f3s, otra a la vi\u00f1eta sat\u00edrica (titulada El humor no se recorta) y las centradas en los ganadores de la pasada edici\u00f3n.<\/p>\n<p>Entre los invitados extranjeros tambi\u00e9n destac\u00f3 la presencia de los creadores de Las Tortugas Ninja, Kevin Eastman y Ciro Nieli, el norteamericano dibujante de superh\u00e9roes Adam Hughes, el alem\u00e1n Ralf K\u00f6nig, el brit\u00e1nico Paul Grist, los estadounidenses Peter Milligan, Yanick Paquette, el argentino Ariel Olivetti y la italiana Lorena Canottiere, el m\u00edtico Gilbert Shelton y el franc\u00e9s Florent Maudoux, entre otros. Todos ellos participaron en numerosos talleres, mesas redondas y encuentros y estamparon dedicatorias a todos sus fans.<\/p>\n<p>El espacio de videojuegos tambi\u00e9n figur\u00f3 entre los m\u00e1s concurridos, gracias a la presentaci\u00f3n, v\u00eda Microsoft y Xbox 360, de Gears of War: Judgment, el \u00faltimo t\u00edtulo de la franquicia, que lleva al jugador a los or\u00edgenes de la saga a trav\u00e9s de impresionantes cinem\u00e1ticas, nuevos modos multijugador y una calidad gr\u00e1fica que supera todo lo que se ha visto hasta ahora en Gears. La presentaci\u00f3n con la presencia de Waylon Brinck, su director de arte. Por su parte, Nintendo organiz\u00f3 una nueva edici\u00f3n de su Reto 3DS, a la vez que trajo por primera vez al Sal\u00f3n del C\u00f3mic su Nintendo Wii U y permiti\u00f3 a los visitantes probar t\u00edtulos como Zombi U, Need for Speed Most Wanted, New Super Mario Bros. U, Rayman Legends o Lego Undercover. Adem\u00e1s, Wii Street U permiti\u00f3 a los presentes viajar por todo el mundo sin moverse del Sal\u00f3n.<\/p>\n<p>Purita Campos, la veterana dibujante responsable de Esther y su mundo, fue distinguida con el Gran Premio del Sal\u00f3n, mientras que el \u00faltimo c\u00f3mic de Miguelanxo Prado, Ardal\u00e9n, se llev\u00f3 el galard\u00f3n a mejor \u00e1lbum espa\u00f1ol, y Portugal, de Cyril Pedrosa, al extranjero. El de autor revelaci\u00f3n fue para Oriol Hern\u00e1ndez, responsable de La piel del oso, y el de mejor fanzine correspondi\u00f3 a Adobo, mientras que el premio del p\u00fablico fue para Sleepers, de Luis NCT.<\/p>\n<p>El 31 Sal\u00f3n Internacional del C\u00f3mic de Barcelona ha contado con el apoyo del Departamento de Cultura de la Generalitat de Catalunya, del Ayuntamiento de Barcelona, del Ministerio de Educaci\u00f3n, Cultura y Deportes y la Diputaci\u00f3n de Barcelona. El certamen adem\u00e1s colabora con el Departament d\u2019Ensenyament de la Generalitat de Catalunya en el desarrollo de las actividades de car\u00e1cter pedag\u00f3gico del certamen, que una vez m\u00e1s estuvieron presentes, as\u00ed como las entrevistas entre importantes editores y profesionales. Los medios oficiales del Sal\u00f3n han sido El Peri\u00f3dico de Catalunya, M\u00e1xima FM y el Club S\u00faper 3, adem\u00e1s Nickelodeon y TV3.<\/p>\n<p>FICOMICya est\u00e1 trabajando en el 32 Sal\u00f3n Internacional del C\u00f3mic de Barcelona, que se celebrar\u00e1 del 8 al 11 de mayo de 2014. Pero antes tendremos el XIX Sal\u00f3n del Manga de Barcelona que se celebrar\u00e1 del jueves 31 de octubre al domingo 3 de noviembre de 2013 en Fira Barcelona Montju\u00efc. Uno de los temas estrella de la pr\u00f3xima edici\u00f3n ser\u00e1 la presencia del deporte en el manga, dado que hay popular\u00edsimas series que tienen como eje central el f\u00fatbol, el baloncesto, el b\u00e9isbol, artes marciales y otras competiciones tradicionales japonesas como el sumo.<\/p>\n<p><img decoding=\"async\" class=\"aligncenter\" src=\"https:\/\/www.revistarambla.com\/wp-content\/uploads\/2013\/04\/comic03.jpg\" alt=\"alt\" width=\"700\" height=\"385\" \/><\/p>","protected":false},"excerpt":{"rendered":"<p>El 31 Sal\u00f3n Internacional del C\u00f3mic de Barcelona, organizado por FICOMIC, cerr\u00f3 esta tarde sus puertas habiendo recibido 106.000 visitantes, cifra que es pr\u00e1cticamente la misma de la edici\u00f3n anterior. La cifra final supone \u201cla consolidaci\u00f3n de una gran asistencia de p\u00fablico que muestra que el c\u00f3mic interesa a mucha [&hellip;]<\/p>\n","protected":false},"author":1,"featured_media":0,"comment_status":"open","ping_status":"open","sticky":false,"template":"","format":"standard","meta":{"footnotes":""},"categories":[4],"tags":[],"class_list":["post-3164","post","type-post","status-publish","format-standard","hentry","category-cultura"],"yoast_head":"<!-- This site is optimized with the Yoast SEO plugin v27.5 - https:\/\/yoast.com\/product\/yoast-seo-wordpress\/ -->\n<title>El Sal\u00f3n cierra con \u00e9xito su edici\u00f3n dedicada al Far West - Revista Rambla<\/title>\n<meta name=\"robots\" content=\"index, follow, max-snippet:-1, max-image-preview:large, max-video-preview:-1\" \/>\n<link rel=\"canonical\" href=\"https:\/\/www.revistarambla.com\/en\/el-salon-cierra-con-exito-su-edicion-dedicada-al-far-west\/\" \/>\n<meta property=\"og:locale\" content=\"en_GB\" \/>\n<meta property=\"og:type\" content=\"article\" \/>\n<meta property=\"og:title\" content=\"El Sal\u00f3n cierra con \u00e9xito su edici\u00f3n dedicada al Far West - Revista Rambla\" \/>\n<meta property=\"og:description\" content=\"El 31 Sal\u00f3n Internacional del C\u00f3mic de Barcelona, organizado por FICOMIC, cerr\u00f3 esta tarde sus puertas habiendo recibido 106.000 visitantes, cifra que es pr\u00e1cticamente la misma de la edici\u00f3n anterior. La cifra final supone \u201cla consolidaci\u00f3n de una gran asistencia de p\u00fablico que muestra que el c\u00f3mic interesa a mucha [&hellip;]\" \/>\n<meta property=\"og:url\" content=\"https:\/\/www.revistarambla.com\/en\/el-salon-cierra-con-exito-su-edicion-dedicada-al-far-west\/\" \/>\n<meta property=\"og:site_name\" content=\"Revista Rambla\" \/>\n<meta property=\"article:publisher\" content=\"https:\/\/www.facebook.com\/revistarambla\/\" \/>\n<meta property=\"article:published_time\" content=\"2013-04-15T04:35:02+00:00\" \/>\n<meta property=\"article:modified_time\" content=\"2021-08-04T17:30:34+00:00\" \/>\n<meta property=\"og:image\" content=\"https:\/\/i2.wp.com\/www.revistarambla.com\/wp-content\/uploads\/2013\/04\/comic01.jpg?fit=682%2C450&ssl=1\" \/>\n\t<meta property=\"og:image:width\" content=\"682\" \/>\n\t<meta property=\"og:image:height\" content=\"450\" \/>\n\t<meta property=\"og:image:type\" content=\"image\/jpeg\" \/>\n<meta name=\"author\" content=\"Tom\u00e1s Pardo\" \/>\n<meta name=\"twitter:card\" content=\"summary_large_image\" \/>\n<meta name=\"twitter:creator\" content=\"@revistarambla\" \/>\n<meta name=\"twitter:site\" content=\"@revistarambla\" \/>\n<meta name=\"twitter:label1\" content=\"Written by\" \/>\n\t<meta name=\"twitter:data1\" content=\"Tom\u00e1s Pardo\" \/>\n\t<meta name=\"twitter:label2\" content=\"Estimated reading time\" \/>\n\t<meta name=\"twitter:data2\" content=\"5 minutes\" \/>\n<script type=\"application\/ld+json\" class=\"yoast-schema-graph\">{\"@context\":\"https:\\\/\\\/schema.org\",\"@graph\":[{\"@type\":\"Article\",\"@id\":\"https:\\\/\\\/www.revistarambla.com\\\/el-salon-cierra-con-exito-su-edicion-dedicada-al-far-west\\\/#article\",\"isPartOf\":{\"@id\":\"https:\\\/\\\/www.revistarambla.com\\\/el-salon-cierra-con-exito-su-edicion-dedicada-al-far-west\\\/\"},\"author\":{\"name\":\"Tom\u00e1s Pardo\",\"@id\":\"https:\\\/\\\/www.revistarambla.com\\\/#\\\/schema\\\/person\\\/4a5652fc8c82df1f8593002d038cd79e\"},\"headline\":\"El Sal\u00f3n cierra con \u00e9xito su edici\u00f3n dedicada al Far West\",\"datePublished\":\"2013-04-15T04:35:02+00:00\",\"dateModified\":\"2021-08-04T17:30:34+00:00\",\"mainEntityOfPage\":{\"@id\":\"https:\\\/\\\/www.revistarambla.com\\\/el-salon-cierra-con-exito-su-edicion-dedicada-al-far-west\\\/\"},\"wordCount\":931,\"commentCount\":0,\"publisher\":{\"@id\":\"https:\\\/\\\/www.revistarambla.com\\\/#organization\"},\"image\":{\"@id\":\"https:\\\/\\\/www.revistarambla.com\\\/el-salon-cierra-con-exito-su-edicion-dedicada-al-far-west\\\/#primaryimage\"},\"thumbnailUrl\":\"https:\\\/\\\/www.revistarambla.com\\\/wp-content\\\/uploads\\\/2013\\\/04\\\/comic01.jpg\",\"articleSection\":[\"Cultura\"],\"inLanguage\":\"en-GB\",\"potentialAction\":[{\"@type\":\"CommentAction\",\"name\":\"Comment\",\"target\":[\"https:\\\/\\\/www.revistarambla.com\\\/el-salon-cierra-con-exito-su-edicion-dedicada-al-far-west\\\/#respond\"]}]},{\"@type\":\"WebPage\",\"@id\":\"https:\\\/\\\/www.revistarambla.com\\\/el-salon-cierra-con-exito-su-edicion-dedicada-al-far-west\\\/\",\"url\":\"https:\\\/\\\/www.revistarambla.com\\\/el-salon-cierra-con-exito-su-edicion-dedicada-al-far-west\\\/\",\"name\":\"El Sal\u00f3n cierra con \u00e9xito su edici\u00f3n dedicada al Far West - Revista Rambla\",\"isPartOf\":{\"@id\":\"https:\\\/\\\/www.revistarambla.com\\\/#website\"},\"primaryImageOfPage\":{\"@id\":\"https:\\\/\\\/www.revistarambla.com\\\/el-salon-cierra-con-exito-su-edicion-dedicada-al-far-west\\\/#primaryimage\"},\"image\":{\"@id\":\"https:\\\/\\\/www.revistarambla.com\\\/el-salon-cierra-con-exito-su-edicion-dedicada-al-far-west\\\/#primaryimage\"},\"thumbnailUrl\":\"https:\\\/\\\/www.revistarambla.com\\\/wp-content\\\/uploads\\\/2013\\\/04\\\/comic01.jpg\",\"datePublished\":\"2013-04-15T04:35:02+00:00\",\"dateModified\":\"2021-08-04T17:30:34+00:00\",\"breadcrumb\":{\"@id\":\"https:\\\/\\\/www.revistarambla.com\\\/el-salon-cierra-con-exito-su-edicion-dedicada-al-far-west\\\/#breadcrumb\"},\"inLanguage\":\"en-GB\",\"potentialAction\":[{\"@type\":\"ReadAction\",\"target\":[\"https:\\\/\\\/www.revistarambla.com\\\/el-salon-cierra-con-exito-su-edicion-dedicada-al-far-west\\\/\"]}]},{\"@type\":\"ImageObject\",\"inLanguage\":\"en-GB\",\"@id\":\"https:\\\/\\\/www.revistarambla.com\\\/el-salon-cierra-con-exito-su-edicion-dedicada-al-far-west\\\/#primaryimage\",\"url\":\"https:\\\/\\\/www.revistarambla.com\\\/wp-content\\\/uploads\\\/2013\\\/04\\\/comic01.jpg\",\"contentUrl\":\"https:\\\/\\\/www.revistarambla.com\\\/wp-content\\\/uploads\\\/2013\\\/04\\\/comic01.jpg\"},{\"@type\":\"BreadcrumbList\",\"@id\":\"https:\\\/\\\/www.revistarambla.com\\\/el-salon-cierra-con-exito-su-edicion-dedicada-al-far-west\\\/#breadcrumb\",\"itemListElement\":[{\"@type\":\"ListItem\",\"position\":1,\"name\":\"Portada\",\"item\":\"https:\\\/\\\/www.revistarambla.com\\\/\"},{\"@type\":\"ListItem\",\"position\":2,\"name\":\"El Sal\u00f3n cierra con \u00e9xito su edici\u00f3n dedicada al Far West\"}]},{\"@type\":\"WebSite\",\"@id\":\"https:\\\/\\\/www.revistarambla.com\\\/#website\",\"url\":\"https:\\\/\\\/www.revistarambla.com\\\/\",\"name\":\"Revista Rambla Barcelona\",\"description\":\"Periodismo independiente\",\"publisher\":{\"@id\":\"https:\\\/\\\/www.revistarambla.com\\\/#organization\"},\"potentialAction\":[{\"@type\":\"SearchAction\",\"target\":{\"@type\":\"EntryPoint\",\"urlTemplate\":\"https:\\\/\\\/www.revistarambla.com\\\/?s={search_term_string}\"},\"query-input\":{\"@type\":\"PropertyValueSpecification\",\"valueRequired\":true,\"valueName\":\"search_term_string\"}}],\"inLanguage\":\"en-GB\"},{\"@type\":\"Organization\",\"@id\":\"https:\\\/\\\/www.revistarambla.com\\\/#organization\",\"name\":\"Revista Rambla\",\"url\":\"https:\\\/\\\/www.revistarambla.com\\\/\",\"logo\":{\"@type\":\"ImageObject\",\"inLanguage\":\"en-GB\",\"@id\":\"https:\\\/\\\/www.revistarambla.com\\\/#\\\/schema\\\/logo\\\/image\\\/\",\"url\":\"https:\\\/\\\/www.revistarambla.com\\\/wp-content\\\/uploads\\\/2020\\\/09\\\/banner_rambla_1900x600_BB.png\",\"contentUrl\":\"https:\\\/\\\/www.revistarambla.com\\\/wp-content\\\/uploads\\\/2020\\\/09\\\/banner_rambla_1900x600_BB.png\",\"width\":1900,\"height\":600,\"caption\":\"Revista Rambla\"},\"image\":{\"@id\":\"https:\\\/\\\/www.revistarambla.com\\\/#\\\/schema\\\/logo\\\/image\\\/\"},\"sameAs\":[\"https:\\\/\\\/www.facebook.com\\\/revistarambla\\\/\",\"https:\\\/\\\/x.com\\\/revistarambla\",\"https:\\\/\\\/www.instagram.com\\\/revista_rambla\",\"https:\\\/\\\/es.linkedin.com\\\/company\\\/revista-rambla\"]},{\"@type\":\"Person\",\"@id\":\"https:\\\/\\\/www.revistarambla.com\\\/#\\\/schema\\\/person\\\/4a5652fc8c82df1f8593002d038cd79e\",\"name\":\"Tom\u00e1s Pardo\"}]}<\/script>\n<!-- \/ Yoast SEO plugin. -->","yoast_head_json":{"title":"El Sal\u00f3n cierra con \u00e9xito su edici\u00f3n dedicada al Far West - Revista Rambla","robots":{"index":"index","follow":"follow","max-snippet":"max-snippet:-1","max-image-preview":"max-image-preview:large","max-video-preview":"max-video-preview:-1"},"canonical":"https:\/\/www.revistarambla.com\/en\/el-salon-cierra-con-exito-su-edicion-dedicada-al-far-west\/","og_locale":"en_GB","og_type":"article","og_title":"El Sal\u00f3n cierra con \u00e9xito su edici\u00f3n dedicada al Far West - Revista Rambla","og_description":"El 31 Sal\u00f3n Internacional del C\u00f3mic de Barcelona, organizado por FICOMIC, cerr\u00f3 esta tarde sus puertas habiendo recibido 106.000 visitantes, cifra que es pr\u00e1cticamente la misma de la edici\u00f3n anterior. La cifra final supone \u201cla consolidaci\u00f3n de una gran asistencia de p\u00fablico que muestra que el c\u00f3mic interesa a mucha [&hellip;]","og_url":"https:\/\/www.revistarambla.com\/en\/el-salon-cierra-con-exito-su-edicion-dedicada-al-far-west\/","og_site_name":"Revista Rambla","article_publisher":"https:\/\/www.facebook.com\/revistarambla\/","article_published_time":"2013-04-15T04:35:02+00:00","article_modified_time":"2021-08-04T17:30:34+00:00","og_image":[{"width":682,"height":450,"url":"https:\/\/i2.wp.com\/www.revistarambla.com\/wp-content\/uploads\/2013\/04\/comic01.jpg?fit=682%2C450&ssl=1","type":"image\/jpeg"}],"author":"Tom\u00e1s Pardo","twitter_card":"summary_large_image","twitter_creator":"@revistarambla","twitter_site":"@revistarambla","twitter_misc":{"Written by":"Tom\u00e1s Pardo","Estimated reading time":"5 minutes"},"schema":{"@context":"https:\/\/schema.org","@graph":[{"@type":"Article","@id":"https:\/\/www.revistarambla.com\/el-salon-cierra-con-exito-su-edicion-dedicada-al-far-west\/#article","isPartOf":{"@id":"https:\/\/www.revistarambla.com\/el-salon-cierra-con-exito-su-edicion-dedicada-al-far-west\/"},"author":{"name":"Tom\u00e1s Pardo","@id":"https:\/\/www.revistarambla.com\/#\/schema\/person\/4a5652fc8c82df1f8593002d038cd79e"},"headline":"El Sal\u00f3n cierra con \u00e9xito su edici\u00f3n dedicada al Far West","datePublished":"2013-04-15T04:35:02+00:00","dateModified":"2021-08-04T17:30:34+00:00","mainEntityOfPage":{"@id":"https:\/\/www.revistarambla.com\/el-salon-cierra-con-exito-su-edicion-dedicada-al-far-west\/"},"wordCount":931,"commentCount":0,"publisher":{"@id":"https:\/\/www.revistarambla.com\/#organization"},"image":{"@id":"https:\/\/www.revistarambla.com\/el-salon-cierra-con-exito-su-edicion-dedicada-al-far-west\/#primaryimage"},"thumbnailUrl":"https:\/\/www.revistarambla.com\/wp-content\/uploads\/2013\/04\/comic01.jpg","articleSection":["Cultura"],"inLanguage":"en-GB","potentialAction":[{"@type":"CommentAction","name":"Comment","target":["https:\/\/www.revistarambla.com\/el-salon-cierra-con-exito-su-edicion-dedicada-al-far-west\/#respond"]}]},{"@type":"WebPage","@id":"https:\/\/www.revistarambla.com\/el-salon-cierra-con-exito-su-edicion-dedicada-al-far-west\/","url":"https:\/\/www.revistarambla.com\/el-salon-cierra-con-exito-su-edicion-dedicada-al-far-west\/","name":"El Sal\u00f3n cierra con \u00e9xito su edici\u00f3n dedicada al Far West - Revista Rambla","isPartOf":{"@id":"https:\/\/www.revistarambla.com\/#website"},"primaryImageOfPage":{"@id":"https:\/\/www.revistarambla.com\/el-salon-cierra-con-exito-su-edicion-dedicada-al-far-west\/#primaryimage"},"image":{"@id":"https:\/\/www.revistarambla.com\/el-salon-cierra-con-exito-su-edicion-dedicada-al-far-west\/#primaryimage"},"thumbnailUrl":"https:\/\/www.revistarambla.com\/wp-content\/uploads\/2013\/04\/comic01.jpg","datePublished":"2013-04-15T04:35:02+00:00","dateModified":"2021-08-04T17:30:34+00:00","breadcrumb":{"@id":"https:\/\/www.revistarambla.com\/el-salon-cierra-con-exito-su-edicion-dedicada-al-far-west\/#breadcrumb"},"inLanguage":"en-GB","potentialAction":[{"@type":"ReadAction","target":["https:\/\/www.revistarambla.com\/el-salon-cierra-con-exito-su-edicion-dedicada-al-far-west\/"]}]},{"@type":"ImageObject","inLanguage":"en-GB","@id":"https:\/\/www.revistarambla.com\/el-salon-cierra-con-exito-su-edicion-dedicada-al-far-west\/#primaryimage","url":"https:\/\/www.revistarambla.com\/wp-content\/uploads\/2013\/04\/comic01.jpg","contentUrl":"https:\/\/www.revistarambla.com\/wp-content\/uploads\/2013\/04\/comic01.jpg"},{"@type":"BreadcrumbList","@id":"https:\/\/www.revistarambla.com\/el-salon-cierra-con-exito-su-edicion-dedicada-al-far-west\/#breadcrumb","itemListElement":[{"@type":"ListItem","position":1,"name":"Portada","item":"https:\/\/www.revistarambla.com\/"},{"@type":"ListItem","position":2,"name":"El Sal\u00f3n cierra con \u00e9xito su edici\u00f3n dedicada al Far West"}]},{"@type":"WebSite","@id":"https:\/\/www.revistarambla.com\/#website","url":"https:\/\/www.revistarambla.com\/","name":"Revista Rambla Barcelona","description":"Periodismo independiente","publisher":{"@id":"https:\/\/www.revistarambla.com\/#organization"},"potentialAction":[{"@type":"SearchAction","target":{"@type":"EntryPoint","urlTemplate":"https:\/\/www.revistarambla.com\/?s={search_term_string}"},"query-input":{"@type":"PropertyValueSpecification","valueRequired":true,"valueName":"search_term_string"}}],"inLanguage":"en-GB"},{"@type":"Organization","@id":"https:\/\/www.revistarambla.com\/#organization","name":"Revista Rambla","url":"https:\/\/www.revistarambla.com\/","logo":{"@type":"ImageObject","inLanguage":"en-GB","@id":"https:\/\/www.revistarambla.com\/#\/schema\/logo\/image\/","url":"https:\/\/www.revistarambla.com\/wp-content\/uploads\/2020\/09\/banner_rambla_1900x600_BB.png","contentUrl":"https:\/\/www.revistarambla.com\/wp-content\/uploads\/2020\/09\/banner_rambla_1900x600_BB.png","width":1900,"height":600,"caption":"Revista Rambla"},"image":{"@id":"https:\/\/www.revistarambla.com\/#\/schema\/logo\/image\/"},"sameAs":["https:\/\/www.facebook.com\/revistarambla\/","https:\/\/x.com\/revistarambla","https:\/\/www.instagram.com\/revista_rambla","https:\/\/es.linkedin.com\/company\/revista-rambla"]},{"@type":"Person","@id":"https:\/\/www.revistarambla.com\/#\/schema\/person\/4a5652fc8c82df1f8593002d038cd79e","name":"Tom\u00e1s Pardo"}]}},"_links":{"self":[{"href":"https:\/\/www.revistarambla.com\/en\/wp-json\/wp\/v2\/posts\/3164","targetHints":{"allow":["GET"]}}],"collection":[{"href":"https:\/\/www.revistarambla.com\/en\/wp-json\/wp\/v2\/posts"}],"about":[{"href":"https:\/\/www.revistarambla.com\/en\/wp-json\/wp\/v2\/types\/post"}],"author":[{"embeddable":true,"href":"https:\/\/www.revistarambla.com\/en\/wp-json\/wp\/v2\/users\/1"}],"replies":[{"embeddable":true,"href":"https:\/\/www.revistarambla.com\/en\/wp-json\/wp\/v2\/comments?post=3164"}],"version-history":[{"count":0,"href":"https:\/\/www.revistarambla.com\/en\/wp-json\/wp\/v2\/posts\/3164\/revisions"}],"wp:attachment":[{"href":"https:\/\/www.revistarambla.com\/en\/wp-json\/wp\/v2\/media?parent=3164"}],"wp:term":[{"taxonomy":"category","embeddable":true,"href":"https:\/\/www.revistarambla.com\/en\/wp-json\/wp\/v2\/categories?post=3164"},{"taxonomy":"post_tag","embeddable":true,"href":"https:\/\/www.revistarambla.com\/en\/wp-json\/wp\/v2\/tags?post=3164"}],"curies":[{"name":"wp","href":"https:\/\/api.w.org\/{rel}","templated":true}]}}