{"id":3159,"date":"2013-04-14T16:55:50","date_gmt":"2013-04-14T14:55:50","guid":{"rendered":"https:\/\/www.revistarambla.com\/piden-la-imputacion-de-franquistas-por-delitos-de-lesa-humanidad\/"},"modified":"2021-12-07T19:47:49","modified_gmt":"2021-12-07T18:47:49","slug":"piden-la-imputacion-de-franquistas-por-delitos-de-lesa-humanidad","status":"publish","type":"post","link":"https:\/\/www.revistarambla.com\/en\/piden-la-imputacion-de-franquistas-por-delitos-de-lesa-humanidad\/","title":{"rendered":"Piden la imputaci\u00f3n de franquistas por delitos de lesa humanidad"},"content":{"rendered":"<p><img decoding=\"async\" class=\"aligncenter\" src=\"https:\/\/www.revistarambla.com\/wp-content\/uploads\/2013\/04\/Vistimas_franquismo_01.jpg\" alt=\"alt\" width=\"682\" height=\"450\" \/><\/p>\n<p>La querella argentina contra el franquismo sigue su curso y, por primera vez, se presenta un escrito de imputaci\u00f3n contra destacados miembros del r\u00e9gimen que ha sido admitida a tr\u00e1mite por la jueza Mar\u00eda Servini de Cubr\u00eda. La magistrada llamar\u00e1 a declarar a los imputados, y de no hacerlo, se emitir\u00e1n las respectivas \u00f3rdenes de b\u00fasqueda y captura por la INTERPOL. Entre los citados est\u00e1n los ex ministros franquistas Rodolfo Mart\u00edn Villa, Jos\u00e9 Utrera Molina (suegro del actual ministro de Justicia, Alberto Ruiz Gallard\u00f3n) y Fernando Su\u00e1rez Gonz\u00e1lez, as\u00ed como el siniestro torturador conocido como Billy el Ni\u00f1o, que no es otro que el polic\u00eda de la desaparecida Brigada Pol\u00edtico Social, Juan Antonio Gonz\u00e1lez Pacheco.<\/p>\n<h3>M\u00c1S DE 300 QUERELLAS<\/h3>\n<p>La Red Ciudadana contra los Cr\u00edmenes del Franquismo (red AQUA) ha recogido m\u00e1s de 300 querellas y 6.800 adhesiones personales y de ayuntamiento de toda Espa\u00f1a. Los testimonios, escritos o relatados por las propias v\u00edctimas (incluso en videoconferencias), son los que se han presentado a la jueza por los abogados que llevan la causa en Argentina, entre ellos, Ana Messuti (que ya entrevistamos en Rambla) y Carlos Slepoy. Las querellas recogen cr\u00edmenes cometidos durante la Guerra Civil; casos de ni\u00f1os robados; confinamientos en campos de concentraci\u00f3n que, con el nombre de Servicio de Colonias Penitenciarias Militarizadas, funcionaron durante los a\u00f1os 1936 a 1947; casos de presos condenados a trabajo esclavo; desapariciones forzosas y, por supuesto, los cr\u00edmenes relacionados con la represi\u00f3n del aparato policial y militar franquista que, de forma institucional y sistem\u00e1tica, ejerci\u00f3 violencia contra la oposici\u00f3n democr\u00e1tica en un periodo de tiempo que va del 17 de julio de 1936 al 15 de junio de 1977 y incluso a\u00f1os despu\u00e9s. Torturas con varios casos de muerte, consejos de guerra\u00a0 a civiles, juicios sumarios sin garant\u00edas de ninguna clase, ejecuciones, actuaci\u00f3n de bandas parapoliciales, etc., son algunos de los delitos que recogen estas querellas. Dos ciudadanos argentinos fueron de los primeros en iniciar este proceso al denunciar ante las autoridades de su pa\u00eds la muerte y desaparici\u00f3n de sus familiares en Espa\u00f1a. En este sentido, los abogados de los querellantes han solicitado a la jueza que eleve una solicitud al Ministerio de Relaciones Exteriores de Argentina para que imparte instrucciones a los c\u00f3nsules de todo el mundo para que, de forma gratuita, reciban denuncias y testimonios de v\u00edctimas, seg\u00fan nos informa Felipe Moreno, querellante como luchador antifranquista represaliado y miembro de la Mesa de Catalunya d\u2019Entitats Memorialistes.<\/p>\n<h3>LOS MINISTROS FRANQUISTAS<\/h3>\n<p>El ex ministro Rodolfo Mart\u00edn Villa, conocido en algunos c\u00edrculos como \u201cla porra de la Transici\u00f3n\u201d, est\u00e1 denunciado como presunto corresponsable de la muerte de cinco trabajadores. Con el gobierno de Carlos Arias Navarro y con Manuel Fraga Iribarne como ministro de Gobernaci\u00f3n (los dos fallecidos), Mart\u00edn Villa ejerci\u00f3 como ministro de Relaciones Sindicales, y bajo su mandato ocurrieron los sucesos de Vitoria (Pa\u00eds Vasco) del 3 de marzo de 1976, pocos meses despu\u00e9s de la muerte del dictador Francisco Franco. Durante una jornada de huelga, la polic\u00eda lanz\u00f3 gases lacrim\u00f3genos en el interior de la iglesia de San Francisco de As\u00eds, donde m\u00e1s de 5.000 trabajadores permanec\u00edan en asamblea. Al salir los concentrados fueron tiroteados por la polic\u00eda, quedando cinco fallecidos en el suelo y 150 heridos de bala. Durante su etapa de ministro de Gobernaci\u00f3n (1976-79), Mart\u00edn Villa tuvo a su mando al comisario Roberto Conesa, conocido torturador de presos y detenidos. Tambi\u00e9n fue \u00e9l quien concedi\u00f3, por orden ministerial, la medalla de plata al m\u00e9rito policial a \u201cBilly el ni\u00f1o\u201d en 1977. La dureza con que Mart\u00edn Villa, como ministro de Gobernaci\u00f3n, mandaba reprimir manifestaciones obreras y estudiantiles, contrastaba con la presunta tolerancia y pasividad, cuando no connivencia como denuncian algunas fuentes, con los grupos parapoliciales y de la ultraderecha que realizaban atentados en aquellas fechas. Mart\u00edn Villa fue presidente de Endesa, Endesa Italia y presidente de la Comisi\u00f3n de Control de Caja de Ahorros de Madrid (1993-97). En 2003 fue consejero de Sogecable, y posteriormente, en 2004, presidente del Consejo de Administraci\u00f3n y de la Comisi\u00f3n Ejecutiva de dicha compa\u00f1\u00eda del Grupo Prisa, cargo que ejerci\u00f3 hasta 2010.<\/p>\n<p>El suegro del actual ministro de Justicia Alberto Ruiz Gallard\u00f3n, el falangista Jos\u00e9 Utrera Molina, fue Ministro Secretario General del Movimiento en el primer gobierno de Carlos Arias Navarro y actualmente es miembro de la Fundaci\u00f3n Francisco Franco. Para \u00e9l, los querellantes, le piden la imputaci\u00f3n por ser uno de los firmantes de le pena de muerte, a garrote vil, del joven anarquista Salvador Puig Antich, condenado en tribunal militar por la acusaci\u00f3n de haber matado al polic\u00eda Francisco Anguas Barrag\u00e1n, cuando proced\u00eda a su detenci\u00f3n, cosa todav\u00eda no aclarada, ya que el agente ten\u00eda cinco disparos, y la pistola de Antich hab\u00eda disparado dos. Utrera fue presidente del Banco Rural (1975-78). En el a\u00f1o 2010, y desde las p\u00e1ginas del diario ABC, Utrera Molina cargaba contra la Memoria Hist\u00f3rica con un carpetovet\u00f3nico art\u00edculo que titul\u00f3: \u201c\u00a1A m\u00ed la Legi\u00f3n!\u201d.<\/p>\n<p>Fernando Su\u00e1rez Gonz\u00e1lez fue ministro de Trabajo en 1975, y se pida su imputaci\u00f3n por su presunta corresponsabilidad al ser miembro del Consejo de Ministros que conden\u00f3 (o dio el enterado) a muerte, por fusilamiento, a cinco militantes antifranquistas en septiembre de 1975: Jos\u00e9 Humberto Baena Alonso; Ram\u00f3n Garc\u00eda Sanz; y Jos\u00e9 Luis S\u00e1nchez Bravo, los tres militantes del PCE (m-l) y del FRAP, y los miembros de ETA pol\u00edtico-militar; Juan Paredes Manot (Txiki) y \u00c1ngel Otaegui. Otros condenados a muerte (once en total) les fueron conmutadas las sentencias de muerte por penas de c\u00e1rcel, es el caso de los miembros del PCE (m-l) Vladimiro Fern\u00e1ndez Tovar y el periodista Manuel Blanco Chivite, los dos querellantes y miembros de una de las organizaciones impulsoras de la Red AQUA, se trata de La Comuna Presos del Franquismo. Los consejos de guerra, seg\u00fan denunciaron en su d\u00eda varios observadores internacionales y por declaraciones de los sobrevivientes del proceso y sus abogados, carecieron de toda garant\u00eda legal de defensa. Pruebas bal\u00edsticas que no se presentaron, armas que desaparecieron, abogados expulsados de la sala\u2026 Por su parte, Fernando Su\u00e1rez Gonz\u00e1lez, que comenz\u00f3 su carrera pol\u00edtica en el falangista Sindicato Espa\u00f1ol Universitario (SEU), es miembro de la real Academia de Ciencias Morales y Pol\u00edticas desde 2007.<\/p>\n<h3>TORTURADORES Y JUECES DE LA REPRESI\u00d3N<\/h3>\n<p>Juan Antonio Gonz\u00e1lez Pacheco, llamado \u201cBilly el ni\u00f1o\u201d por sus ademanes chulescos durante los interrogatorios, es el polic\u00eda de la extinta Brigada Pol\u00edtico Social del franquismo que m\u00e1s es citado en las querellas, exactamente aparece en 17 de las querellas presentadas. Acusado por los testigos y v\u00edctimas por delitos de tortura, t\u00e9cnicas que aprendi\u00f3 de su maestro el comisario Conesa, su figura siempre ha sobrevolado sobre los casos m\u00e1s sangrientos de la represi\u00f3n franquista y durante los a\u00f1os de la transici\u00f3n, como la matanza de los abogados laboralistas de Atocha de 1977, a\u00f1o en que, como ya dijimos, el ministro de Interior, Rodolfo Mart\u00edn Villa, lo condecor\u00f3 y organiz\u00f3 una cena en su honor. Hasta 1981 \u201cBilly el ni\u00f1o\u201d estuvo al frente de la lucha antiterrorista (secci\u00f3n anti-GRAPO). Luego hizo carrera en la seguridad privada. Otros polic\u00edas de la BPS tambi\u00e9n est\u00e1n entre las peticiones de imputaci\u00f3n por torturas que ha sido aceptado a tr\u00e1mite por la jueza, este es el caso de Jos\u00e9 Ignacio Giralte Gonz\u00e1lez, Celso Galv\u00e1n Abascal y Jes\u00fas Mu\u00f1ecas Aguilar. Celso Galv\u00e1n Abascal, que fue escolta de Franco, junto con los polic\u00edas Jes\u00fas Sim\u00f3n Crist\u00f3bal y Francisco Luis Colino, fueron los que presuntamente tirotearon, torturaron y lanzaron por una ventana, simulando un suicidio, al estudiante Enrique Ruano (en 1969), cuyo \u00fanico \u201cdelito\u201d fue lanzar unos pasquines del Frente de Liberaci\u00f3n Popular. Los tres polic\u00edas fueron promocionados ya en democracia, Galv\u00e1n, por ejemplo, lleg\u00f3 a ser escolta de la Casa Real. Jes\u00fas Mu\u00f1ecas Aguilar, tambi\u00e9n sindicado como torturador, es capit\u00e1n de la guardiacivil condenado a 5 a\u00f1os de prisi\u00f3n por su participaci\u00f3n en el golpe de Estado de Tejero del 23 de 1981. Aguilar fue el que anunci\u00f3 a los diputados secuestrados que esperaran a la \u201cautoridad competente, militar pos supuesto\u201d. Ha sido denunciado por torturas en la \u00e9poca en que sirvi\u00f3 en la Comandancias de Zarautz y Tolosa, pero ninguna lleg\u00f3 a condena. Actualmente es el propietario de un centro de equitaci\u00f3n en Valdemoro y cobra la pensi\u00f3n m\u00e1xima.<\/p>\n<p>Jes\u00fas Cejas Moheadano aparece en las querellas como el vocal auditor en el Consejo de Guerra de los citados Manuel Blanco Chivite, Vladimiro Fern\u00e1ndez Tovar, conmutas las penas, y Baena Alonso, ejecutado. Y el tambi\u00e9n miembro del FRAP Pablo Mayoral Rueda, conmutada la pena. A Cejas Moheadano, capit\u00e1n militar, se le cita como firmante de tres penas de muerte el 27 de septiembre de 1975. Hay otros jueces del temido Tribunal de Orden P\u00fablico (TOP) que tambi\u00e9n son citados en estas primeras diligencias de imputaci\u00f3n, como es el caso de Rafael G\u00f3mez Chaparro, que estuvo en el TOP entre 1972 hasta 1977, y que fue el juez que cerr\u00f3 el caso de Montejurra (1976), donde fueron asesinados dos militantes carlistas, Ricardo Garc\u00eda Pellejero y Aniano Jim\u00e9nez Santos, a manos de una banda parapolicial, donde participaron mercenarios neofascistas italianos y argentinos. El complot ten\u00eda el nombre de Operaci\u00f3n Reconquista, y se cocin\u00f3 en las llamadas \u201ccloacas\u201d de la seguridad del Estado. Los responsables fueron identificados, incluso sus fotos se publicaron en la prensa de la \u00e9poca, pero fueron puestos en libertad ese mismo a\u00f1o acogi\u00e9ndose a la Ley de Amnist\u00eda.<\/p>","protected":false},"excerpt":{"rendered":"<p>La querella argentina contra el franquismo sigue su curso y, por primera vez, se presenta un escrito de imputaci\u00f3n contra destacados miembros del r\u00e9gimen que ha sido admitida a tr\u00e1mite por la jueza Mar\u00eda Servini de Cubr\u00eda. La magistrada llamar\u00e1 a declarar a los imputados, y de no hacerlo, se [&hellip;]<\/p>\n","protected":false},"author":26,"featured_media":0,"comment_status":"open","ping_status":"open","sticky":false,"template":"","format":"standard","meta":{"footnotes":""},"categories":[3,59],"tags":[],"class_list":["post-3159","post","type-post","status-publish","format-standard","hentry","category-actualidad","category-catalunya"],"yoast_head":"<!-- This site is optimized with the Yoast SEO plugin v27.5 - https:\/\/yoast.com\/product\/yoast-seo-wordpress\/ -->\n<title>Piden la imputaci\u00f3n de franquistas por delitos de lesa humanidad - Revista Rambla<\/title>\n<meta name=\"robots\" content=\"index, follow, max-snippet:-1, max-image-preview:large, max-video-preview:-1\" \/>\n<link rel=\"canonical\" href=\"https:\/\/www.revistarambla.com\/en\/piden-la-imputacion-de-franquistas-por-delitos-de-lesa-humanidad\/\" \/>\n<meta property=\"og:locale\" content=\"en_GB\" \/>\n<meta property=\"og:type\" content=\"article\" \/>\n<meta property=\"og:title\" content=\"Piden la imputaci\u00f3n de franquistas por delitos de lesa humanidad - Revista Rambla\" \/>\n<meta property=\"og:description\" content=\"La querella argentina contra el franquismo sigue su curso y, por primera vez, se presenta un escrito de imputaci\u00f3n contra destacados miembros del r\u00e9gimen que ha sido admitida a tr\u00e1mite por la jueza Mar\u00eda Servini de Cubr\u00eda. La magistrada llamar\u00e1 a declarar a los imputados, y de no hacerlo, se [&hellip;]\" \/>\n<meta property=\"og:url\" content=\"https:\/\/www.revistarambla.com\/en\/piden-la-imputacion-de-franquistas-por-delitos-de-lesa-humanidad\/\" \/>\n<meta property=\"og:site_name\" content=\"Revista Rambla\" \/>\n<meta property=\"article:publisher\" content=\"https:\/\/www.facebook.com\/revistarambla\/\" \/>\n<meta property=\"article:author\" content=\"https:\/\/www.facebook.com\/javiercoria7\" \/>\n<meta property=\"article:published_time\" content=\"2013-04-14T14:55:50+00:00\" \/>\n<meta property=\"article:modified_time\" content=\"2021-12-07T18:47:49+00:00\" \/>\n<meta property=\"og:image\" content=\"https:\/\/www.revistarambla.com\/wp-content\/uploads\/2013\/04\/Vistimas_franquismo_01.jpg\" \/>\n\t<meta property=\"og:image:width\" content=\"682\" \/>\n\t<meta property=\"og:image:height\" content=\"450\" \/>\n\t<meta property=\"og:image:type\" content=\"image\/jpeg\" \/>\n<meta name=\"author\" content=\"Javier Coria\" \/>\n<meta name=\"twitter:card\" content=\"summary_large_image\" \/>\n<meta name=\"twitter:creator\" content=\"@JavierCoriaOk\" \/>\n<meta name=\"twitter:site\" content=\"@revistarambla\" \/>\n<meta name=\"twitter:label1\" content=\"Written by\" \/>\n\t<meta name=\"twitter:data1\" content=\"Javier Coria\" \/>\n\t<meta name=\"twitter:label2\" content=\"Estimated reading time\" \/>\n\t<meta name=\"twitter:data2\" content=\"8 minutes\" \/>\n<script type=\"application\/ld+json\" class=\"yoast-schema-graph\">{\"@context\":\"https:\\\/\\\/schema.org\",\"@graph\":[{\"@type\":\"Article\",\"@id\":\"https:\\\/\\\/www.revistarambla.com\\\/piden-la-imputacion-de-franquistas-por-delitos-de-lesa-humanidad\\\/#article\",\"isPartOf\":{\"@id\":\"https:\\\/\\\/www.revistarambla.com\\\/piden-la-imputacion-de-franquistas-por-delitos-de-lesa-humanidad\\\/\"},\"author\":{\"name\":\"Javier Coria\",\"@id\":\"https:\\\/\\\/www.revistarambla.com\\\/#\\\/schema\\\/person\\\/7f74cd8bc26a4556bf27d6cdd9c89c82\"},\"headline\":\"Piden la imputaci\u00f3n de franquistas por delitos de lesa humanidad\",\"datePublished\":\"2013-04-14T14:55:50+00:00\",\"dateModified\":\"2021-12-07T18:47:49+00:00\",\"mainEntityOfPage\":{\"@id\":\"https:\\\/\\\/www.revistarambla.com\\\/piden-la-imputacion-de-franquistas-por-delitos-de-lesa-humanidad\\\/\"},\"wordCount\":1698,\"commentCount\":0,\"publisher\":{\"@id\":\"https:\\\/\\\/www.revistarambla.com\\\/#organization\"},\"image\":{\"@id\":\"https:\\\/\\\/www.revistarambla.com\\\/piden-la-imputacion-de-franquistas-por-delitos-de-lesa-humanidad\\\/#primaryimage\"},\"thumbnailUrl\":\"https:\\\/\\\/www.revistarambla.com\\\/wp-content\\\/uploads\\\/2013\\\/04\\\/Vistimas_franquismo_01.jpg\",\"articleSection\":[\"Actualidad\",\"Catalunya\"],\"inLanguage\":\"en-GB\",\"potentialAction\":[{\"@type\":\"CommentAction\",\"name\":\"Comment\",\"target\":[\"https:\\\/\\\/www.revistarambla.com\\\/piden-la-imputacion-de-franquistas-por-delitos-de-lesa-humanidad\\\/#respond\"]}]},{\"@type\":\"WebPage\",\"@id\":\"https:\\\/\\\/www.revistarambla.com\\\/piden-la-imputacion-de-franquistas-por-delitos-de-lesa-humanidad\\\/\",\"url\":\"https:\\\/\\\/www.revistarambla.com\\\/piden-la-imputacion-de-franquistas-por-delitos-de-lesa-humanidad\\\/\",\"name\":\"Piden la imputaci\u00f3n de franquistas por delitos de lesa humanidad - Revista Rambla\",\"isPartOf\":{\"@id\":\"https:\\\/\\\/www.revistarambla.com\\\/#website\"},\"primaryImageOfPage\":{\"@id\":\"https:\\\/\\\/www.revistarambla.com\\\/piden-la-imputacion-de-franquistas-por-delitos-de-lesa-humanidad\\\/#primaryimage\"},\"image\":{\"@id\":\"https:\\\/\\\/www.revistarambla.com\\\/piden-la-imputacion-de-franquistas-por-delitos-de-lesa-humanidad\\\/#primaryimage\"},\"thumbnailUrl\":\"https:\\\/\\\/www.revistarambla.com\\\/wp-content\\\/uploads\\\/2013\\\/04\\\/Vistimas_franquismo_01.jpg\",\"datePublished\":\"2013-04-14T14:55:50+00:00\",\"dateModified\":\"2021-12-07T18:47:49+00:00\",\"breadcrumb\":{\"@id\":\"https:\\\/\\\/www.revistarambla.com\\\/piden-la-imputacion-de-franquistas-por-delitos-de-lesa-humanidad\\\/#breadcrumb\"},\"inLanguage\":\"en-GB\",\"potentialAction\":[{\"@type\":\"ReadAction\",\"target\":[\"https:\\\/\\\/www.revistarambla.com\\\/piden-la-imputacion-de-franquistas-por-delitos-de-lesa-humanidad\\\/\"]}]},{\"@type\":\"ImageObject\",\"inLanguage\":\"en-GB\",\"@id\":\"https:\\\/\\\/www.revistarambla.com\\\/piden-la-imputacion-de-franquistas-por-delitos-de-lesa-humanidad\\\/#primaryimage\",\"url\":\"https:\\\/\\\/www.revistarambla.com\\\/wp-content\\\/uploads\\\/2013\\\/04\\\/Vistimas_franquismo_01.jpg\",\"contentUrl\":\"https:\\\/\\\/www.revistarambla.com\\\/wp-content\\\/uploads\\\/2013\\\/04\\\/Vistimas_franquismo_01.jpg\"},{\"@type\":\"BreadcrumbList\",\"@id\":\"https:\\\/\\\/www.revistarambla.com\\\/piden-la-imputacion-de-franquistas-por-delitos-de-lesa-humanidad\\\/#breadcrumb\",\"itemListElement\":[{\"@type\":\"ListItem\",\"position\":1,\"name\":\"Portada\",\"item\":\"https:\\\/\\\/www.revistarambla.com\\\/\"},{\"@type\":\"ListItem\",\"position\":2,\"name\":\"Piden la imputaci\u00f3n de franquistas por delitos de lesa humanidad\"}]},{\"@type\":\"WebSite\",\"@id\":\"https:\\\/\\\/www.revistarambla.com\\\/#website\",\"url\":\"https:\\\/\\\/www.revistarambla.com\\\/\",\"name\":\"Revista Rambla Barcelona\",\"description\":\"Periodismo independiente\",\"publisher\":{\"@id\":\"https:\\\/\\\/www.revistarambla.com\\\/#organization\"},\"potentialAction\":[{\"@type\":\"SearchAction\",\"target\":{\"@type\":\"EntryPoint\",\"urlTemplate\":\"https:\\\/\\\/www.revistarambla.com\\\/?s={search_term_string}\"},\"query-input\":{\"@type\":\"PropertyValueSpecification\",\"valueRequired\":true,\"valueName\":\"search_term_string\"}}],\"inLanguage\":\"en-GB\"},{\"@type\":\"Organization\",\"@id\":\"https:\\\/\\\/www.revistarambla.com\\\/#organization\",\"name\":\"Revista Rambla\",\"url\":\"https:\\\/\\\/www.revistarambla.com\\\/\",\"logo\":{\"@type\":\"ImageObject\",\"inLanguage\":\"en-GB\",\"@id\":\"https:\\\/\\\/www.revistarambla.com\\\/#\\\/schema\\\/logo\\\/image\\\/\",\"url\":\"https:\\\/\\\/www.revistarambla.com\\\/wp-content\\\/uploads\\\/2020\\\/09\\\/banner_rambla_1900x600_BB.png\",\"contentUrl\":\"https:\\\/\\\/www.revistarambla.com\\\/wp-content\\\/uploads\\\/2020\\\/09\\\/banner_rambla_1900x600_BB.png\",\"width\":1900,\"height\":600,\"caption\":\"Revista Rambla\"},\"image\":{\"@id\":\"https:\\\/\\\/www.revistarambla.com\\\/#\\\/schema\\\/logo\\\/image\\\/\"},\"sameAs\":[\"https:\\\/\\\/www.facebook.com\\\/revistarambla\\\/\",\"https:\\\/\\\/x.com\\\/revistarambla\",\"https:\\\/\\\/www.instagram.com\\\/revista_rambla\",\"https:\\\/\\\/es.linkedin.com\\\/company\\\/revista-rambla\"]},{\"@type\":\"Person\",\"@id\":\"https:\\\/\\\/www.revistarambla.com\\\/#\\\/schema\\\/person\\\/7f74cd8bc26a4556bf27d6cdd9c89c82\",\"name\":\"Javier Coria\",\"description\":\"Periodista, fot\u00f3grafo, escritor e investigador.\",\"sameAs\":[\"https:\\\/\\\/javiercoria.blogspot.com\\\/\",\"https:\\\/\\\/www.facebook.com\\\/javiercoria7\",\"https:\\\/\\\/x.com\\\/JavierCoriaOk\"]}]}<\/script>\n<!-- \/ Yoast SEO plugin. -->","yoast_head_json":{"title":"Piden la imputaci\u00f3n de franquistas por delitos de lesa humanidad - Revista Rambla","robots":{"index":"index","follow":"follow","max-snippet":"max-snippet:-1","max-image-preview":"max-image-preview:large","max-video-preview":"max-video-preview:-1"},"canonical":"https:\/\/www.revistarambla.com\/en\/piden-la-imputacion-de-franquistas-por-delitos-de-lesa-humanidad\/","og_locale":"en_GB","og_type":"article","og_title":"Piden la imputaci\u00f3n de franquistas por delitos de lesa humanidad - Revista Rambla","og_description":"La querella argentina contra el franquismo sigue su curso y, por primera vez, se presenta un escrito de imputaci\u00f3n contra destacados miembros del r\u00e9gimen que ha sido admitida a tr\u00e1mite por la jueza Mar\u00eda Servini de Cubr\u00eda. La magistrada llamar\u00e1 a declarar a los imputados, y de no hacerlo, se [&hellip;]","og_url":"https:\/\/www.revistarambla.com\/en\/piden-la-imputacion-de-franquistas-por-delitos-de-lesa-humanidad\/","og_site_name":"Revista Rambla","article_publisher":"https:\/\/www.facebook.com\/revistarambla\/","article_author":"https:\/\/www.facebook.com\/javiercoria7","article_published_time":"2013-04-14T14:55:50+00:00","article_modified_time":"2021-12-07T18:47:49+00:00","og_image":[{"width":682,"height":450,"url":"https:\/\/www.revistarambla.com\/wp-content\/uploads\/2013\/04\/Vistimas_franquismo_01.jpg","type":"image\/jpeg"}],"author":"Javier Coria","twitter_card":"summary_large_image","twitter_creator":"@JavierCoriaOk","twitter_site":"@revistarambla","twitter_misc":{"Written by":"Javier Coria","Estimated reading time":"8 minutes"},"schema":{"@context":"https:\/\/schema.org","@graph":[{"@type":"Article","@id":"https:\/\/www.revistarambla.com\/piden-la-imputacion-de-franquistas-por-delitos-de-lesa-humanidad\/#article","isPartOf":{"@id":"https:\/\/www.revistarambla.com\/piden-la-imputacion-de-franquistas-por-delitos-de-lesa-humanidad\/"},"author":{"name":"Javier Coria","@id":"https:\/\/www.revistarambla.com\/#\/schema\/person\/7f74cd8bc26a4556bf27d6cdd9c89c82"},"headline":"Piden la imputaci\u00f3n de franquistas por delitos de lesa humanidad","datePublished":"2013-04-14T14:55:50+00:00","dateModified":"2021-12-07T18:47:49+00:00","mainEntityOfPage":{"@id":"https:\/\/www.revistarambla.com\/piden-la-imputacion-de-franquistas-por-delitos-de-lesa-humanidad\/"},"wordCount":1698,"commentCount":0,"publisher":{"@id":"https:\/\/www.revistarambla.com\/#organization"},"image":{"@id":"https:\/\/www.revistarambla.com\/piden-la-imputacion-de-franquistas-por-delitos-de-lesa-humanidad\/#primaryimage"},"thumbnailUrl":"https:\/\/www.revistarambla.com\/wp-content\/uploads\/2013\/04\/Vistimas_franquismo_01.jpg","articleSection":["Actualidad","Catalunya"],"inLanguage":"en-GB","potentialAction":[{"@type":"CommentAction","name":"Comment","target":["https:\/\/www.revistarambla.com\/piden-la-imputacion-de-franquistas-por-delitos-de-lesa-humanidad\/#respond"]}]},{"@type":"WebPage","@id":"https:\/\/www.revistarambla.com\/piden-la-imputacion-de-franquistas-por-delitos-de-lesa-humanidad\/","url":"https:\/\/www.revistarambla.com\/piden-la-imputacion-de-franquistas-por-delitos-de-lesa-humanidad\/","name":"Piden la imputaci\u00f3n de franquistas por delitos de lesa humanidad - Revista Rambla","isPartOf":{"@id":"https:\/\/www.revistarambla.com\/#website"},"primaryImageOfPage":{"@id":"https:\/\/www.revistarambla.com\/piden-la-imputacion-de-franquistas-por-delitos-de-lesa-humanidad\/#primaryimage"},"image":{"@id":"https:\/\/www.revistarambla.com\/piden-la-imputacion-de-franquistas-por-delitos-de-lesa-humanidad\/#primaryimage"},"thumbnailUrl":"https:\/\/www.revistarambla.com\/wp-content\/uploads\/2013\/04\/Vistimas_franquismo_01.jpg","datePublished":"2013-04-14T14:55:50+00:00","dateModified":"2021-12-07T18:47:49+00:00","breadcrumb":{"@id":"https:\/\/www.revistarambla.com\/piden-la-imputacion-de-franquistas-por-delitos-de-lesa-humanidad\/#breadcrumb"},"inLanguage":"en-GB","potentialAction":[{"@type":"ReadAction","target":["https:\/\/www.revistarambla.com\/piden-la-imputacion-de-franquistas-por-delitos-de-lesa-humanidad\/"]}]},{"@type":"ImageObject","inLanguage":"en-GB","@id":"https:\/\/www.revistarambla.com\/piden-la-imputacion-de-franquistas-por-delitos-de-lesa-humanidad\/#primaryimage","url":"https:\/\/www.revistarambla.com\/wp-content\/uploads\/2013\/04\/Vistimas_franquismo_01.jpg","contentUrl":"https:\/\/www.revistarambla.com\/wp-content\/uploads\/2013\/04\/Vistimas_franquismo_01.jpg"},{"@type":"BreadcrumbList","@id":"https:\/\/www.revistarambla.com\/piden-la-imputacion-de-franquistas-por-delitos-de-lesa-humanidad\/#breadcrumb","itemListElement":[{"@type":"ListItem","position":1,"name":"Portada","item":"https:\/\/www.revistarambla.com\/"},{"@type":"ListItem","position":2,"name":"Piden la imputaci\u00f3n de franquistas por delitos de lesa humanidad"}]},{"@type":"WebSite","@id":"https:\/\/www.revistarambla.com\/#website","url":"https:\/\/www.revistarambla.com\/","name":"Revista Rambla Barcelona","description":"Periodismo independiente","publisher":{"@id":"https:\/\/www.revistarambla.com\/#organization"},"potentialAction":[{"@type":"SearchAction","target":{"@type":"EntryPoint","urlTemplate":"https:\/\/www.revistarambla.com\/?s={search_term_string}"},"query-input":{"@type":"PropertyValueSpecification","valueRequired":true,"valueName":"search_term_string"}}],"inLanguage":"en-GB"},{"@type":"Organization","@id":"https:\/\/www.revistarambla.com\/#organization","name":"Revista Rambla","url":"https:\/\/www.revistarambla.com\/","logo":{"@type":"ImageObject","inLanguage":"en-GB","@id":"https:\/\/www.revistarambla.com\/#\/schema\/logo\/image\/","url":"https:\/\/www.revistarambla.com\/wp-content\/uploads\/2020\/09\/banner_rambla_1900x600_BB.png","contentUrl":"https:\/\/www.revistarambla.com\/wp-content\/uploads\/2020\/09\/banner_rambla_1900x600_BB.png","width":1900,"height":600,"caption":"Revista Rambla"},"image":{"@id":"https:\/\/www.revistarambla.com\/#\/schema\/logo\/image\/"},"sameAs":["https:\/\/www.facebook.com\/revistarambla\/","https:\/\/x.com\/revistarambla","https:\/\/www.instagram.com\/revista_rambla","https:\/\/es.linkedin.com\/company\/revista-rambla"]},{"@type":"Person","@id":"https:\/\/www.revistarambla.com\/#\/schema\/person\/7f74cd8bc26a4556bf27d6cdd9c89c82","name":"Javier Coria","description":"Periodista, fot\u00f3grafo, escritor e investigador.","sameAs":["https:\/\/javiercoria.blogspot.com\/","https:\/\/www.facebook.com\/javiercoria7","https:\/\/x.com\/JavierCoriaOk"]}]}},"_links":{"self":[{"href":"https:\/\/www.revistarambla.com\/en\/wp-json\/wp\/v2\/posts\/3159","targetHints":{"allow":["GET"]}}],"collection":[{"href":"https:\/\/www.revistarambla.com\/en\/wp-json\/wp\/v2\/posts"}],"about":[{"href":"https:\/\/www.revistarambla.com\/en\/wp-json\/wp\/v2\/types\/post"}],"author":[{"embeddable":true,"href":"https:\/\/www.revistarambla.com\/en\/wp-json\/wp\/v2\/users\/26"}],"replies":[{"embeddable":true,"href":"https:\/\/www.revistarambla.com\/en\/wp-json\/wp\/v2\/comments?post=3159"}],"version-history":[{"count":0,"href":"https:\/\/www.revistarambla.com\/en\/wp-json\/wp\/v2\/posts\/3159\/revisions"}],"wp:attachment":[{"href":"https:\/\/www.revistarambla.com\/en\/wp-json\/wp\/v2\/media?parent=3159"}],"wp:term":[{"taxonomy":"category","embeddable":true,"href":"https:\/\/www.revistarambla.com\/en\/wp-json\/wp\/v2\/categories?post=3159"},{"taxonomy":"post_tag","embeddable":true,"href":"https:\/\/www.revistarambla.com\/en\/wp-json\/wp\/v2\/tags?post=3159"}],"curies":[{"name":"wp","href":"https:\/\/api.w.org\/{rel}","templated":true}]}}