{"id":31461,"date":"2021-05-05T17:44:20","date_gmt":"2021-05-05T15:44:20","guid":{"rendered":"https:\/\/www.revistarambla.com\/?p=31461"},"modified":"2021-05-06T20:44:14","modified_gmt":"2021-05-06T18:44:14","slug":"en-la-muerte-de-arcadi-oliveres","status":"publish","type":"post","link":"https:\/\/www.revistarambla.com\/en\/en-la-muerte-de-arcadi-oliveres\/","title":{"rendered":"En la muerte de Arcadi Oliveres"},"content":{"rendered":"<p>A la edad de 76 a\u00f1os ha muerto Arcadi Oliveres en su domicilio de Sant Cugat del Vall\u00e8s, de un c\u00e1ncer de p\u00e1ncreas. Los m\u00e9dicos le hab\u00edan anunciado lo irremediable del proceso dos meses largos antes de su muerte, y \u00e9l decidi\u00f3 <i>vivir<\/i> esos dos meses con una plena consciencia y aceptaci\u00f3n del final, con un vivo recuerdo hacia su hijo Marcel muerto diez a\u00f1os antes, tambi\u00e9n de c\u00e1ncer, a los 28 a\u00f1os de edad, cuyo final l\u00facido y sereno era para \u00e9l \u2013seg\u00fan no se cans\u00f3 de repetir\u2014 un modelo de afrontar la muerte. Su familia tuvo el acierto de abrir un sitio web donde quienes quisieran pudieran mandarle mensajes de saludo o de despedida. Recibi\u00f3 en torno a dos mil mensajes. Y es que Arcadi era un personaje ampliamente conocido, amado y respetado en toda Catalu\u00f1a.<\/p>\n<p>Pero <strong><a href=\"https:\/\/www.revistarambla.com\/en\/tag\/arcadi-oliveres\/\">\u00bfqui\u00e9n era Arcadi Oliveres?<\/a><\/strong> Naci\u00f3 en una familia de clase media de Barcelona. Sus padres eran cat\u00f3licos. \u00c9l hablaba del pacifismo que su padre le inculc\u00f3, y que marc\u00f3 el eje en torno al cual giraron sus posiciones pol\u00edticas y morales. Arcadi abraz\u00f3 la defensa de la justicia social, los derechos humanos y la lucha por la paz con gran radicalidad y con una entrega personal intensa. Fue a la escuela de los escolapios, que, seg\u00fan su testimonio, le despertaron sus inquietudes c\u00edvicas y pol\u00edticas, incluida su rebeld\u00eda izquierdista. Recuerda dos maestros de esa \u00e9poca: Francesc Botey, hermano de Jaume Botey, y Llu\u00eds M\u00aa Xirinacs, que le marcaron profundamente. Otra de sus escuelas fue el movimiento de los <i>boy scouts<\/i>. Estudi\u00f3 Econ\u00f3micas en la Universidad de Barcelona, donde recibi\u00f3 ense\u00f1anzas del historiador Jordi Nadal y de Manuel Sacrist\u00e1n. Se orient\u00f3 a la econom\u00eda del desarrollo y a los temas militares y armament\u00edsticos. Su tesis doctoral vers\u00f3 sobre la industria militar en Espa\u00f1a.<\/p>\n<p>En los a\u00f1os 60 del siglo pasado se integr\u00f3 en la lucha antifranquista. Como estudiante particip\u00f3 en las asambleas \u2013ilegales pero abiertas\u2014 que eligieron a los representantes que formaron una estructura paralela a la del SEU falangista, la cual hab\u00eda de tomar forma en la asamblea constituyente del SDEUB (Sindicat Democr\u00e0tic d\u2019Estudiants de la Universitat de Barcelona) que se celebr\u00f3 en 1965 en el convento de los capuchinos del barrio barcelon\u00e9s de Sarri\u00e0, por eso conocida como \u201ccapuchinada\u201d. En esos mismos a\u00f1os particip\u00f3 en las \u201cmarchas europeas por la paz\u201d. En los meses que precedieron a la muerte del dictador particip\u00f3 en la Assemblea de Catalunya, organismo unitario decisivo en la articulaci\u00f3n de las fuerzas pol\u00edticas democr\u00e1ticas, y en otras iniciativas que iban dando cuerpo a la alternativa democr\u00e1tica, como las asociaciones de vecinos de varias ciudades catalanas (particip\u00f3 personalmente en la de su barrio barcelon\u00e9s del Ensanche).<\/p>\n<p>Su activismo, sin dejar de abarcar muchos frentes, se fue polarizando hacia las luchas por la paz y contra el militarismo, que movilizaban sobre todo a cat\u00f3licos progresistas. De la mano de Frederic Roda, se adhiere a Pax Christi y luego al primer centro de estudios para la paz de Catalu\u00f1a: el Institut V\u00edctor Seix de Polemolog\u00eda. Desde Pax Christi es uno de los promotores de la marcha de la libertad de julio de 1976. En 1982 se une a Just\u00edcia i Pau, de la que fue primer vicepresidente bajo la presidencia de Joan Gomis, una entidad pionera durante muchos a\u00f1os en derechos humanos, justicia social, ayuda al desarrollo y promoci\u00f3n de la paz.<\/p>\n<p>Luch\u00f3 siempre contra la pena de muerte, y contribuy\u00f3 a que el Papa de Roma mandara a Franco una petici\u00f3n de gracia para Salvador Puig Antich, que el dictador desoy\u00f3. En 1986 hace campa\u00f1a desde Just\u00edcia i Pau para el no a la OTAN; en 1988 participa en la primera campa\u00f1a contra el comercio de armas; tambi\u00e9n en la campa\u00f1a de apoyo al movimiento de objeci\u00f3n de conciencia al servicio militar obligatorio y en la de objeci\u00f3n fiscal al gasto militar del estado espa\u00f1ol. Promueve en 2000 la campa\u00f1a para la abolici\u00f3n de la deuda externa de los pa\u00edses empobrecidos. Es activo en el movimiento antiglobalizaci\u00f3n: va a Seattle en 1999 y a la cumbre alternativa contra la OMC. Se vincula con las cumbres mundiales organizadas por el Foro Social Mundial creado en Porto Alegre. Se le encuentra en la denuncia de todas las guerras: exYugoslavia, Chechenia, Afganist\u00e1n, Iraq, Libia, Siria\u2026<\/p>\n<p>No se limita a las proclamaciones ni a los movimientos por arriba. Lo encontramos en el campamento ante el Palacio Real de Barcelona para reclamar el 0,7% del PIB para ayuda al desarrollo a los pa\u00edses del Sur. En 2001 se encierra en la iglesia del Pi, en Barcelona, como parte de la campa\u00f1a de encierros en iglesias de toda Catalu\u00f1a por la regularizaci\u00f3n de los inmigrantes sin papeles, campa\u00f1a que logra resultados. Aparece en la plaza de Catalu\u00f1a de la capital catalana en 2011 con los indignados del 15M contra los recortes de los gobiernos y a favor de otro modo de hacer pol\u00edtica. En ese contexto participa, junto con la monja Teresa Forcades y otras personas, en la creaci\u00f3n del Proc\u00e9s Constituent, una organizaci\u00f3n que quiere encarnar el esp\u00edritu del 15M y que ha contribuido a agrupar a activistas en din\u00e1micas que han desembocado en los Comunes, las Mareas y otra iniciativas para renovar la pol\u00edtica de izquierda radical. Es partidario de la independencia de Catalu\u00f1a, aunque no participa en las batallas del <i>proc\u00e9s<\/i>. Y preguntado, al final de su vida, qu\u00e9 le parece m\u00e1s urgente, si el final de la monarqu\u00eda espa\u00f1ola o la independencia de Catalu\u00f1a, se inclina por lo primero.<\/p>\n<p>Presidi\u00f3 la Universitat Internacional per la Pau ubicada en Sant Cugat, el Consell Catal\u00e0 de Foment de la Pau, la Federaci\u00f3 Catalana d\u2019ONG per la Pau y la entidad Finan\u00e7ament \u00c8tic i Solidari (FETS), promotora de una transformaci\u00f3n de los mecanismos financieros para ponerlos al servicio de iniciativas ecologistas, cooperativistas y solidarias. Fue fundador del Centre Del\u00e0s d\u2019Estudis per la Pau, que hoy es uno de los focos m\u00e1s activos de antimilitarismo y\u00a0 pacifismo en el pa\u00eds.<\/p>\n<p>Este listado es significativo de su actividad incansable y del reconocimiento que recib\u00eda en estos \u00e1mbitos de lucha. Pero puede dar la idea enga\u00f1osa de que era un \u201cfigur\u00f3n\u201d: nada m\u00e1s lejos de la realidad. Arcadi ten\u00eda cargos en todas las entidades mencionadas, y en otras, sobre todo porque no sab\u00eda decir \u201cno\u201d cuando se trataba de causas justas en las que se sent\u00eda implicado. Pero lo suyo era pisar el terreno, hablar a la gente y con la gente, ir a los barrios y a los pueblos de Catalu\u00f1a y de Espa\u00f1a entera \u2013tambi\u00e9n viaj\u00f3 en varias ocasiones a Am\u00e9rica Latina\u2014 a llevar su mensaje, a denunciar las injusticias, a difundir sus propuestas de rebeld\u00eda e insumisi\u00f3n. En su agenda hab\u00eda al menos un acto diario, y casi siempre m\u00e1s de uno. Es sabido que Jordi Pujol recorri\u00f3 toda Catalu\u00f1a desde los a\u00f1os de dictadura hasta sus tiempos de presidente, d\u00e1ndose a conocer en todas partes, y que as\u00ed construy\u00f3 su figura pol\u00edtica y su popularidad. Pues bien, se dice que la \u00fanica persona que puede competir con \u00e9l en patear el terreno, y tal vez incluso superarle, ha sido Arcadi Oliveres, que tampoco en esto sab\u00eda decir \u201cno\u201d cuando se le invitaba a hablar, aun en el pueblo m\u00e1s peque\u00f1o y remoto. No es de extra\u00f1ar que su despedida haya movilizado tantos mensajes de agradecimiento, solidaridad y estima. Si leyera la anterior lista de cargos que ocup\u00f3, se dibujar\u00eda en su rostro su personal\u00edsima sonrisa, entre ben\u00e9vola e ir\u00f3nica, y pensar\u00eda algo as\u00ed como: \u201cno hice m\u00e1s que lo que deb\u00eda\u201d.<\/p>\n<p>Sus clases de econom\u00eda en la universidad vieron ya desfilar a unos 17.000 alumnos y alumnas, seg\u00fan estimaciones publicadas estos d\u00edas. Quienes lo tuvieron de profesor dicen que sus clases no dejaban indiferente a nadie. Adem\u00e1s, imparti\u00f3 conferencias y seminarios, apareci\u00f3 en los medios de comunicaci\u00f3n, escribi\u00f3, public\u00f3\u2026 En los a\u00f1os noventa un grupo encabezado por Arcadi tuvo \u2013tuvimos\u2014 la idea de negociar con el comit\u00e9 de empresa de los trabajadores de Santa B\u00e1rbara, f\u00e1brica de armas del Pa\u00eds Vasco, para elaborar conjuntamente un plan de reconversi\u00f3n industrial y profesional que permitiera al personal de la empresa ganarse la vida sin fabricar instrumentos para matar. La iniciativa fracas\u00f3, pero revela que Arcadi no se contentaba con predicar.<\/p>\n<p>Arcadi Oliveres ten\u00eda el don de la palabra. Sab\u00eda describir y exponer con una claridad meridiana cuestiones muy diversas y a veces complejas. Carec\u00eda de inhibiciones cuando su diagn\u00f3stico le resultaba indiscutible. De ah\u00ed la contundencia de sus cr\u00edticas y de sus calificativos, que soltaba en p\u00fablico con indignaci\u00f3n pero sin odio. Capitalismo: un sistema criminal. Monarqu\u00eda espa\u00f1ola: un r\u00e9gimen inaceptable y corrupto. Gran banca privada: una instituci\u00f3n propensa a la especulaci\u00f3n y al abuso, como revelan los desahucios de viviendas. La capacidad para convencer al auditorio se basaba en una informaci\u00f3n muy cuidadosa y detallada, y para disponer de ella no cesaba de leer e informarse. Quien esto escribe recuerda haberle visto, a sus 72 a\u00f1os de edad, tomar notas afanosamente como un estudiante aplicado en un acto de presentaci\u00f3n de un libro de econom\u00eda y ecolog\u00eda.<\/p>\n<p>Arcadi ser\u00e1 recordado como un hombre entra\u00f1able, que generaba a su alrededor un clima de sosiego. No hab\u00eda en \u00e9l signo alguno de vanidad, pese a que conoc\u00eda la simpat\u00eda que le rodeaba; ni de agresividad, pese a la fiereza de sus denuncias. Dejar\u00e1 una herencia de voluntad radical de transformaci\u00f3n democr\u00e1tica, igualitaria y pacifista; y de bondad. En una entrevista de TV3 emitida p\u00f3stumamente dice que le gustar\u00eda que le recordaran como un hombre que trat\u00f3 de ser bueno. Creo que tiene totalmente asegurado este deseo.<\/p>\n<hr \/>\n<p><em>mientrastanto.org<\/em><\/p>","protected":false},"excerpt":{"rendered":"<p>A la edad de 76 a\u00f1os ha muerto Arcadi Oliveres en su domicilio de Sant Cugat del Vall\u00e8s, de un c\u00e1ncer de p\u00e1ncreas. Los m\u00e9dicos le hab\u00edan anunciado lo irremediable del proceso dos meses largos antes de su muerte, y \u00e9l decidi\u00f3 vivir esos dos meses con una plena consciencia [&hellip;]<\/p>\n","protected":false},"author":15,"featured_media":5415,"comment_status":"open","ping_status":"open","sticky":false,"template":"","format":"standard","meta":{"footnotes":""},"categories":[72],"tags":[],"class_list":["post-31461","post","type-post","status-publish","format-standard","has-post-thumbnail","hentry","category-opinion"],"yoast_head":"<!-- This site is optimized with the Yoast SEO plugin v27.5 - https:\/\/yoast.com\/product\/yoast-seo-wordpress\/ -->\n<title>En la muerte de Arcadi Oliveres - Revista Rambla<\/title>\n<meta name=\"robots\" content=\"index, follow, max-snippet:-1, max-image-preview:large, max-video-preview:-1\" \/>\n<link rel=\"canonical\" href=\"https:\/\/www.revistarambla.com\/en\/en-la-muerte-de-arcadi-oliveres\/\" \/>\n<meta property=\"og:locale\" content=\"en_GB\" \/>\n<meta property=\"og:type\" content=\"article\" \/>\n<meta property=\"og:title\" content=\"En la muerte de Arcadi Oliveres - Revista Rambla\" \/>\n<meta property=\"og:description\" content=\"A la edad de 76 a\u00f1os ha muerto Arcadi Oliveres en su domicilio de Sant Cugat del Vall\u00e8s, de un c\u00e1ncer de p\u00e1ncreas. Los m\u00e9dicos le hab\u00edan anunciado lo irremediable del proceso dos meses largos antes de su muerte, y \u00e9l decidi\u00f3 vivir esos dos meses con una plena consciencia [&hellip;]\" \/>\n<meta property=\"og:url\" content=\"https:\/\/www.revistarambla.com\/en\/en-la-muerte-de-arcadi-oliveres\/\" \/>\n<meta property=\"og:site_name\" content=\"Revista Rambla\" \/>\n<meta property=\"article:publisher\" content=\"https:\/\/www.facebook.com\/revistarambla\/\" \/>\n<meta property=\"article:published_time\" content=\"2021-05-05T15:44:20+00:00\" \/>\n<meta property=\"article:modified_time\" content=\"2021-05-06T18:44:14+00:00\" \/>\n<meta property=\"og:image\" content=\"https:\/\/i0.wp.com\/www.revistarambla.com\/wp-content\/uploads\/2014\/06\/arcadi_oliveres_rambla_02.jpg?fit=700%2C424&ssl=1\" \/>\n\t<meta property=\"og:image:width\" content=\"700\" \/>\n\t<meta property=\"og:image:height\" content=\"424\" \/>\n\t<meta property=\"og:image:type\" content=\"image\/jpeg\" \/>\n<meta name=\"author\" content=\"Joaquim Sempere\" \/>\n<meta name=\"twitter:card\" content=\"summary_large_image\" \/>\n<meta name=\"twitter:creator\" content=\"@revistarambla\" \/>\n<meta name=\"twitter:site\" content=\"@revistarambla\" \/>\n<meta name=\"twitter:label1\" content=\"Written by\" \/>\n\t<meta name=\"twitter:data1\" content=\"Joaquim Sempere\" \/>\n\t<meta name=\"twitter:label2\" content=\"Estimated reading time\" \/>\n\t<meta name=\"twitter:data2\" content=\"8 minutes\" \/>\n<script type=\"application\/ld+json\" class=\"yoast-schema-graph\">{\"@context\":\"https:\\\/\\\/schema.org\",\"@graph\":[{\"@type\":\"Article\",\"@id\":\"https:\\\/\\\/www.revistarambla.com\\\/en-la-muerte-de-arcadi-oliveres\\\/#article\",\"isPartOf\":{\"@id\":\"https:\\\/\\\/www.revistarambla.com\\\/en-la-muerte-de-arcadi-oliveres\\\/\"},\"author\":{\"name\":\"Joaquim Sempere\",\"@id\":\"https:\\\/\\\/www.revistarambla.com\\\/#\\\/schema\\\/person\\\/2b19179a8ace334b829ad72cc6e6ce97\"},\"headline\":\"En la muerte de Arcadi Oliveres\",\"datePublished\":\"2021-05-05T15:44:20+00:00\",\"dateModified\":\"2021-05-06T18:44:14+00:00\",\"mainEntityOfPage\":{\"@id\":\"https:\\\/\\\/www.revistarambla.com\\\/en-la-muerte-de-arcadi-oliveres\\\/\"},\"wordCount\":1745,\"commentCount\":0,\"publisher\":{\"@id\":\"https:\\\/\\\/www.revistarambla.com\\\/#organization\"},\"image\":{\"@id\":\"https:\\\/\\\/www.revistarambla.com\\\/en-la-muerte-de-arcadi-oliveres\\\/#primaryimage\"},\"thumbnailUrl\":\"https:\\\/\\\/www.revistarambla.com\\\/wp-content\\\/uploads\\\/2014\\\/06\\\/arcadi_oliveres_rambla_02.jpg\",\"articleSection\":[\"Opiniones\"],\"inLanguage\":\"en-GB\",\"potentialAction\":[{\"@type\":\"CommentAction\",\"name\":\"Comment\",\"target\":[\"https:\\\/\\\/www.revistarambla.com\\\/en-la-muerte-de-arcadi-oliveres\\\/#respond\"]}]},{\"@type\":\"WebPage\",\"@id\":\"https:\\\/\\\/www.revistarambla.com\\\/en-la-muerte-de-arcadi-oliveres\\\/\",\"url\":\"https:\\\/\\\/www.revistarambla.com\\\/en-la-muerte-de-arcadi-oliveres\\\/\",\"name\":\"En la muerte de Arcadi Oliveres - Revista Rambla\",\"isPartOf\":{\"@id\":\"https:\\\/\\\/www.revistarambla.com\\\/#website\"},\"primaryImageOfPage\":{\"@id\":\"https:\\\/\\\/www.revistarambla.com\\\/en-la-muerte-de-arcadi-oliveres\\\/#primaryimage\"},\"image\":{\"@id\":\"https:\\\/\\\/www.revistarambla.com\\\/en-la-muerte-de-arcadi-oliveres\\\/#primaryimage\"},\"thumbnailUrl\":\"https:\\\/\\\/www.revistarambla.com\\\/wp-content\\\/uploads\\\/2014\\\/06\\\/arcadi_oliveres_rambla_02.jpg\",\"datePublished\":\"2021-05-05T15:44:20+00:00\",\"dateModified\":\"2021-05-06T18:44:14+00:00\",\"breadcrumb\":{\"@id\":\"https:\\\/\\\/www.revistarambla.com\\\/en-la-muerte-de-arcadi-oliveres\\\/#breadcrumb\"},\"inLanguage\":\"en-GB\",\"potentialAction\":[{\"@type\":\"ReadAction\",\"target\":[\"https:\\\/\\\/www.revistarambla.com\\\/en-la-muerte-de-arcadi-oliveres\\\/\"]}]},{\"@type\":\"ImageObject\",\"inLanguage\":\"en-GB\",\"@id\":\"https:\\\/\\\/www.revistarambla.com\\\/en-la-muerte-de-arcadi-oliveres\\\/#primaryimage\",\"url\":\"https:\\\/\\\/www.revistarambla.com\\\/wp-content\\\/uploads\\\/2014\\\/06\\\/arcadi_oliveres_rambla_02.jpg\",\"contentUrl\":\"https:\\\/\\\/www.revistarambla.com\\\/wp-content\\\/uploads\\\/2014\\\/06\\\/arcadi_oliveres_rambla_02.jpg\",\"width\":700,\"height\":424,\"caption\":\"alt\"},{\"@type\":\"BreadcrumbList\",\"@id\":\"https:\\\/\\\/www.revistarambla.com\\\/en-la-muerte-de-arcadi-oliveres\\\/#breadcrumb\",\"itemListElement\":[{\"@type\":\"ListItem\",\"position\":1,\"name\":\"Portada\",\"item\":\"https:\\\/\\\/www.revistarambla.com\\\/\"},{\"@type\":\"ListItem\",\"position\":2,\"name\":\"En la muerte de Arcadi Oliveres\"}]},{\"@type\":\"WebSite\",\"@id\":\"https:\\\/\\\/www.revistarambla.com\\\/#website\",\"url\":\"https:\\\/\\\/www.revistarambla.com\\\/\",\"name\":\"Revista Rambla Barcelona\",\"description\":\"Periodismo independiente\",\"publisher\":{\"@id\":\"https:\\\/\\\/www.revistarambla.com\\\/#organization\"},\"potentialAction\":[{\"@type\":\"SearchAction\",\"target\":{\"@type\":\"EntryPoint\",\"urlTemplate\":\"https:\\\/\\\/www.revistarambla.com\\\/?s={search_term_string}\"},\"query-input\":{\"@type\":\"PropertyValueSpecification\",\"valueRequired\":true,\"valueName\":\"search_term_string\"}}],\"inLanguage\":\"en-GB\"},{\"@type\":\"Organization\",\"@id\":\"https:\\\/\\\/www.revistarambla.com\\\/#organization\",\"name\":\"Revista Rambla\",\"url\":\"https:\\\/\\\/www.revistarambla.com\\\/\",\"logo\":{\"@type\":\"ImageObject\",\"inLanguage\":\"en-GB\",\"@id\":\"https:\\\/\\\/www.revistarambla.com\\\/#\\\/schema\\\/logo\\\/image\\\/\",\"url\":\"https:\\\/\\\/www.revistarambla.com\\\/wp-content\\\/uploads\\\/2020\\\/09\\\/banner_rambla_1900x600_BB.png\",\"contentUrl\":\"https:\\\/\\\/www.revistarambla.com\\\/wp-content\\\/uploads\\\/2020\\\/09\\\/banner_rambla_1900x600_BB.png\",\"width\":1900,\"height\":600,\"caption\":\"Revista Rambla\"},\"image\":{\"@id\":\"https:\\\/\\\/www.revistarambla.com\\\/#\\\/schema\\\/logo\\\/image\\\/\"},\"sameAs\":[\"https:\\\/\\\/www.facebook.com\\\/revistarambla\\\/\",\"https:\\\/\\\/x.com\\\/revistarambla\",\"https:\\\/\\\/www.instagram.com\\\/revista_rambla\",\"https:\\\/\\\/es.linkedin.com\\\/company\\\/revista-rambla\"]},{\"@type\":\"Person\",\"@id\":\"https:\\\/\\\/www.revistarambla.com\\\/#\\\/schema\\\/person\\\/2b19179a8ace334b829ad72cc6e6ce97\",\"name\":\"Joaquim Sempere\"}]}<\/script>\n<!-- \/ Yoast SEO plugin. -->","yoast_head_json":{"title":"En la muerte de Arcadi Oliveres - Revista Rambla","robots":{"index":"index","follow":"follow","max-snippet":"max-snippet:-1","max-image-preview":"max-image-preview:large","max-video-preview":"max-video-preview:-1"},"canonical":"https:\/\/www.revistarambla.com\/en\/en-la-muerte-de-arcadi-oliveres\/","og_locale":"en_GB","og_type":"article","og_title":"En la muerte de Arcadi Oliveres - Revista Rambla","og_description":"A la edad de 76 a\u00f1os ha muerto Arcadi Oliveres en su domicilio de Sant Cugat del Vall\u00e8s, de un c\u00e1ncer de p\u00e1ncreas. Los m\u00e9dicos le hab\u00edan anunciado lo irremediable del proceso dos meses largos antes de su muerte, y \u00e9l decidi\u00f3 vivir esos dos meses con una plena consciencia [&hellip;]","og_url":"https:\/\/www.revistarambla.com\/en\/en-la-muerte-de-arcadi-oliveres\/","og_site_name":"Revista Rambla","article_publisher":"https:\/\/www.facebook.com\/revistarambla\/","article_published_time":"2021-05-05T15:44:20+00:00","article_modified_time":"2021-05-06T18:44:14+00:00","og_image":[{"width":700,"height":424,"url":"https:\/\/i0.wp.com\/www.revistarambla.com\/wp-content\/uploads\/2014\/06\/arcadi_oliveres_rambla_02.jpg?fit=700%2C424&ssl=1","type":"image\/jpeg"}],"author":"Joaquim Sempere","twitter_card":"summary_large_image","twitter_creator":"@revistarambla","twitter_site":"@revistarambla","twitter_misc":{"Written by":"Joaquim Sempere","Estimated reading time":"8 minutes"},"schema":{"@context":"https:\/\/schema.org","@graph":[{"@type":"Article","@id":"https:\/\/www.revistarambla.com\/en-la-muerte-de-arcadi-oliveres\/#article","isPartOf":{"@id":"https:\/\/www.revistarambla.com\/en-la-muerte-de-arcadi-oliveres\/"},"author":{"name":"Joaquim Sempere","@id":"https:\/\/www.revistarambla.com\/#\/schema\/person\/2b19179a8ace334b829ad72cc6e6ce97"},"headline":"En la muerte de Arcadi Oliveres","datePublished":"2021-05-05T15:44:20+00:00","dateModified":"2021-05-06T18:44:14+00:00","mainEntityOfPage":{"@id":"https:\/\/www.revistarambla.com\/en-la-muerte-de-arcadi-oliveres\/"},"wordCount":1745,"commentCount":0,"publisher":{"@id":"https:\/\/www.revistarambla.com\/#organization"},"image":{"@id":"https:\/\/www.revistarambla.com\/en-la-muerte-de-arcadi-oliveres\/#primaryimage"},"thumbnailUrl":"https:\/\/www.revistarambla.com\/wp-content\/uploads\/2014\/06\/arcadi_oliveres_rambla_02.jpg","articleSection":["Opiniones"],"inLanguage":"en-GB","potentialAction":[{"@type":"CommentAction","name":"Comment","target":["https:\/\/www.revistarambla.com\/en-la-muerte-de-arcadi-oliveres\/#respond"]}]},{"@type":"WebPage","@id":"https:\/\/www.revistarambla.com\/en-la-muerte-de-arcadi-oliveres\/","url":"https:\/\/www.revistarambla.com\/en-la-muerte-de-arcadi-oliveres\/","name":"En la muerte de Arcadi Oliveres - Revista Rambla","isPartOf":{"@id":"https:\/\/www.revistarambla.com\/#website"},"primaryImageOfPage":{"@id":"https:\/\/www.revistarambla.com\/en-la-muerte-de-arcadi-oliveres\/#primaryimage"},"image":{"@id":"https:\/\/www.revistarambla.com\/en-la-muerte-de-arcadi-oliveres\/#primaryimage"},"thumbnailUrl":"https:\/\/www.revistarambla.com\/wp-content\/uploads\/2014\/06\/arcadi_oliveres_rambla_02.jpg","datePublished":"2021-05-05T15:44:20+00:00","dateModified":"2021-05-06T18:44:14+00:00","breadcrumb":{"@id":"https:\/\/www.revistarambla.com\/en-la-muerte-de-arcadi-oliveres\/#breadcrumb"},"inLanguage":"en-GB","potentialAction":[{"@type":"ReadAction","target":["https:\/\/www.revistarambla.com\/en-la-muerte-de-arcadi-oliveres\/"]}]},{"@type":"ImageObject","inLanguage":"en-GB","@id":"https:\/\/www.revistarambla.com\/en-la-muerte-de-arcadi-oliveres\/#primaryimage","url":"https:\/\/www.revistarambla.com\/wp-content\/uploads\/2014\/06\/arcadi_oliveres_rambla_02.jpg","contentUrl":"https:\/\/www.revistarambla.com\/wp-content\/uploads\/2014\/06\/arcadi_oliveres_rambla_02.jpg","width":700,"height":424,"caption":"alt"},{"@type":"BreadcrumbList","@id":"https:\/\/www.revistarambla.com\/en-la-muerte-de-arcadi-oliveres\/#breadcrumb","itemListElement":[{"@type":"ListItem","position":1,"name":"Portada","item":"https:\/\/www.revistarambla.com\/"},{"@type":"ListItem","position":2,"name":"En la muerte de Arcadi Oliveres"}]},{"@type":"WebSite","@id":"https:\/\/www.revistarambla.com\/#website","url":"https:\/\/www.revistarambla.com\/","name":"Revista Rambla Barcelona","description":"Periodismo independiente","publisher":{"@id":"https:\/\/www.revistarambla.com\/#organization"},"potentialAction":[{"@type":"SearchAction","target":{"@type":"EntryPoint","urlTemplate":"https:\/\/www.revistarambla.com\/?s={search_term_string}"},"query-input":{"@type":"PropertyValueSpecification","valueRequired":true,"valueName":"search_term_string"}}],"inLanguage":"en-GB"},{"@type":"Organization","@id":"https:\/\/www.revistarambla.com\/#organization","name":"Revista Rambla","url":"https:\/\/www.revistarambla.com\/","logo":{"@type":"ImageObject","inLanguage":"en-GB","@id":"https:\/\/www.revistarambla.com\/#\/schema\/logo\/image\/","url":"https:\/\/www.revistarambla.com\/wp-content\/uploads\/2020\/09\/banner_rambla_1900x600_BB.png","contentUrl":"https:\/\/www.revistarambla.com\/wp-content\/uploads\/2020\/09\/banner_rambla_1900x600_BB.png","width":1900,"height":600,"caption":"Revista Rambla"},"image":{"@id":"https:\/\/www.revistarambla.com\/#\/schema\/logo\/image\/"},"sameAs":["https:\/\/www.facebook.com\/revistarambla\/","https:\/\/x.com\/revistarambla","https:\/\/www.instagram.com\/revista_rambla","https:\/\/es.linkedin.com\/company\/revista-rambla"]},{"@type":"Person","@id":"https:\/\/www.revistarambla.com\/#\/schema\/person\/2b19179a8ace334b829ad72cc6e6ce97","name":"Joaquim Sempere"}]}},"_links":{"self":[{"href":"https:\/\/www.revistarambla.com\/en\/wp-json\/wp\/v2\/posts\/31461","targetHints":{"allow":["GET"]}}],"collection":[{"href":"https:\/\/www.revistarambla.com\/en\/wp-json\/wp\/v2\/posts"}],"about":[{"href":"https:\/\/www.revistarambla.com\/en\/wp-json\/wp\/v2\/types\/post"}],"author":[{"embeddable":true,"href":"https:\/\/www.revistarambla.com\/en\/wp-json\/wp\/v2\/users\/15"}],"replies":[{"embeddable":true,"href":"https:\/\/www.revistarambla.com\/en\/wp-json\/wp\/v2\/comments?post=31461"}],"version-history":[{"count":0,"href":"https:\/\/www.revistarambla.com\/en\/wp-json\/wp\/v2\/posts\/31461\/revisions"}],"wp:featuredmedia":[{"embeddable":true,"href":"https:\/\/www.revistarambla.com\/en\/wp-json\/wp\/v2\/media\/5415"}],"wp:attachment":[{"href":"https:\/\/www.revistarambla.com\/en\/wp-json\/wp\/v2\/media?parent=31461"}],"wp:term":[{"taxonomy":"category","embeddable":true,"href":"https:\/\/www.revistarambla.com\/en\/wp-json\/wp\/v2\/categories?post=31461"},{"taxonomy":"post_tag","embeddable":true,"href":"https:\/\/www.revistarambla.com\/en\/wp-json\/wp\/v2\/tags?post=31461"}],"curies":[{"name":"wp","href":"https:\/\/api.w.org\/{rel}","templated":true}]}}