{"id":3125,"date":"2013-04-12T05:51:55","date_gmt":"2013-04-12T03:51:55","guid":{"rendered":"https:\/\/www.revistarambla.com\/instanto\/"},"modified":"2021-12-10T12:16:14","modified_gmt":"2021-12-10T11:16:14","slug":"instanto","status":"publish","type":"post","link":"https:\/\/www.revistarambla.com\/en\/instanto\/","title":{"rendered":"\u00abInstanto\u00bb de Arnaldo Antunes"},"content":{"rendered":"<p><span lang=\"ES\"><img decoding=\"async\" class=\"aligncenter\" src=\"https:\/\/www.revistarambla.com\/wp-content\/uploads\/2013\/04\/instanto2.jpg\" alt=\"alt\" width=\"682\" height=\"449\" \/><\/span><\/p>\n<p><span lang=\"ES\">En Instanto Arnaldo Antunes (Sao Paulo 1960) se recrea con la materia prima del lenguaje, elabora cuestionamientos que invitan a reflexionar: \u201cquien declara su amor en la noche fr\u00eda \u00bfen un d\u00eda de calor callar\u00eda?\u201d inquietantes certezas: \u201cLa piedra cuando toca fondo turba el agua. As\u00ed es la p\u00e9rdida\u201d, o estos versos de otro poema cuyo t\u00edtulo es: Persona \u201cCosa que acaba. Trozo que tiene fin. Sujeto. Que no dura, que se extingue. Mengua, asunto finito, que finaliza. Fiesta que termina\u2026\u201d, tr\u00e1nsitos entre canciones y poes\u00eda, Instanto es \u00a0una melodiosa manera de decirlo todo o no, porque hay cosas que no se dicen o que se dicen de otra manera, \u201cel vidrio quiebra pero no se derrite\u201d que nos previenen del paso del tiempo: \u201csi te quedas mirando a\u00f1os puedes ver crecer pelo\u2026\u201d Instanto comprende una inagotable antolog\u00eda po\u00e9tica, un motor de b\u00fasqueda que se puede releer, releer, releer, releer de adelante para atr\u00e1s, abrirlo por las p\u00e1ginas del \u00a0medio, llevar a cualquier parte; es como tener un eBook porque no pesa y al mismo tiempo un iPOD \u00a0porque se escucha, se lee y la voz de Arnaldo Antunes se escucha, sus poemas son r\u00edtmicos dibujos, un baile verbal, \u00a0una manera diferente de jugar con los ojos y o\u00eddos bien abiertos, es una selecci\u00f3n de los mejores poemas de este multifac\u00e9tico autor que lleva dedic\u00e1ndose a la poes\u00eda desde 1981. Quienes conocen a Arnaldo Antunes saben que su trayectoria po\u00e9tica es amplia, saben que fue uno de los integrantes del grupo Tribalistas que se llev\u00f3 5 Grammy`s por 13 canciones compuestas con urgencia \u00a0en 13 d\u00edas, junto con Carlinhos Brown y Marisa Monte, que vendieron m\u00e1s de un mill\u00f3n de copias y que el mundo los conoci\u00f3, saben tambi\u00e9n que el camale\u00f3n arde con todos sus colores y que su compromiso mayor es con el arte y que el lenguaje siempre ha sido su instrumento infinito. Para quienes no lo conocen, aqu\u00ed una breve historia de c\u00f3mo se gesta la mente de un artista: <\/span><\/p>\n<p><span lang=\"ES\">Ten\u00eda 12 a\u00f1os y aquella ma\u00f1ana cuando estaba en el colegio la profesora le dijo que se incorporara del pupitre y leyera en voz alta los dos poemas que hab\u00eda escrito. El aula qued\u00f3 en silencio mientras Arnaldo proced\u00eda a la lectura, minutos despu\u00e9s se dio cuenta que todo se hab\u00eda aglutinado sonoramente, generando un ritmo ininterrumpido, por \u00a0entonces ya hab\u00eda un procedimiento experimental, un fuerte deseo de jugar con la materia prima del lenguaje, de hacer chillar igual que putas a las palabras, como dir\u00eda Octavio Paz: \u201cdales la vuelta, c\u00f3gelas del rabo\u201d.\u00a0 <\/span><\/p>\n<p><span lang=\"ES\">Pero el verdadero despertar de la creatividad Arnaldo Antunes se lo debe a una ense\u00f1anza experimental que difer\u00eda con la ense\u00f1anza que se imparte en escuelas tradicionales donde a uno le hacen creer que aprender es un asunto de memoria. No, no, no el d\u00eda que Arnaldo Antunes descubri\u00f3 que el aprendizaje ten\u00eda que ver m\u00e1s con entender que con la memoria se le abrieron los dos ojos como platos pero se le abri\u00f3 tambi\u00e9n una puerta que le permiti\u00f3 descubrir sus capacidades art\u00edsticas. De aquellos tiempos proviene lo que se podr\u00eda decir su primer libro curiosamente de prosa y cuyo t\u00edtulo \u201cCamale\u00f3n\u201d se adelantaba en cierta manera a lo que se terminar\u00eda por forjar en su mente insaciable. A los 18 a\u00f1os \u00a0se matricul\u00f3 a la carrera de letras en la universidad de Sao Paulo, tal vez porque todo apuntaba a la b\u00fasqueda de la palabra como elemento creador, ya entonces ten\u00eda una sedienta debilidad por la ling\u00fc\u00edstica, una necesidad de profundizar con la estructura de la lengua, sin embargo cuando sus padres se mudaron a R\u00edo de Janeiro, Arnaldo decidi\u00f3 hacer tambi\u00e9n las maletas e ir con ellos, estuvo un a\u00f1o viviendo en R\u00edo y a su vuelta a Sao Paulo quiso matricularse, esta vez s\u00ed, en ling\u00fc\u00edstica porque la vida es corta y quer\u00eda aprender a dominar el lenguaje, hizo el examen de admisi\u00f3n, cruz\u00f3 los dedos, cerr\u00f3 los ojos e ingres\u00f3; a finales de los a\u00f1os 70 compaginaba estudios con los ensayos para el grupo Tit\u00e3s a cuyos integrantes los hab\u00eda conocido en el colegio Equipe, la m\u00fasica se convirti\u00f3 en una b\u00fasqueda permanente al punto que con el tiempo se le hizo imposible mantener ese ritmo de vida, entonces cantar pudo m\u00e1s que sus venas y que sus perspectivas de titularse como ling\u00fcista porque abandon\u00f3 la universidad pero triunf\u00f3 con la m\u00fasica, grabaron siete discos, luego Arnaldo se hizo solista. La poes\u00eda la ten\u00eda de antes, antes incluso de leer esos poemas en el aula de colegio.\u00a0 \u00a0\u00a0<\/span><\/p>\n<p><span lang=\"ES\">Los a\u00f1os pasaron y madur\u00f3 como artista, como poeta transit\u00f3 por el mundo, en cuanto al lenguaje toda la vida le ha parecido natural la postura l\u00fadica, lo suyo es el lenguaje verbal, ligado a un c\u00f3digo visual, es \u00a0con lo que se siente mejor, se identifica \u00a0con los hermanos Augusto y Haroldo Campos, pioneros en la poes\u00eda Concreta y en la interacci\u00f3n de diversos c\u00f3digos, as\u00ed tambi\u00e9n \u00a0con Torquato Neto, \u00a0Paulo Leminski, o el fallecido Waly Salom\u00e3o, Gilberto Gil, Tom Z\u00e9, Rog\u00e9rio Duprat, Capinam, miembros del tropicalismo: movimiento cultural brasile\u00f1o que debe su nombre a Caetano Veloso y que ha influenciado a muchos artistas como David Byrne, Kurt Cobain y Devendra Banhart, entre otros. Los tropicalistas\u00a0 en su momento incursionaron \u00a0en poes\u00eda, prosa, poes\u00eda visual, letras de canciones, performances, programas de TV, pel\u00edculas, textos period\u00edsticos, ensayos, estaban muy cabreados y revolucionaron la cultura brasile\u00f1a, la hicieron m\u00e1s conocida pese a que Caetano Veloso y a Gilberto Gil, a principios de los a\u00f1os 70 se tuvieran que\u00a0 exiliar.\u00a0 \u00a0<\/span><\/p>\n<p><span lang=\"ES\">Arnaldo Antunes pertenece a una generaci\u00f3n que no aprendi\u00f3 a escribir bonito o a hacer una bella melod\u00eda, para despu\u00e9s negarla. No aprendi\u00f3 a escribir un soneto para posteriormente centrarse en un verso de car\u00e1cter libre, no aprendi\u00f3 a escribir poemas en verso para despu\u00e9s elaborar un poema en que las palabras se fragmentaran en la p\u00e1gina. \u00c9l se siente libre de hacer con sus impulsos lo que diga las ganas luego, a esas ganas, las transforma, les concede la vida, les otorga un estilo, un nombre y lanza uno, lanza dos, lanza tres\u2026 Escribe, corrige e imprime para luego volver a escribir e imprimir y corregir; luego lee, palpa el lenguaje, lo rompe, lo azota, lo pisa, lo despluma, como en realidad hay que hacer con el lenguaje: destrozarlo para volverlo a crear, matarlo para resucitarlo, no clonarlo, matarlo para a continuaci\u00f3n invocarlo.\u00a0 \u00a0\u00a0\u00a0\u00a0<\/span><\/p>\n<p><span lang=\"ES\">Transita entre canci\u00f3n y poes\u00eda, entre ambas tiende un puente unificador en un Instanto fascinante que vuelve tangibles las palabras del poeta que, hace a las palabras que se traguen todas sus palabras. \u00a0<\/span><\/p>\n<p><span lang=\"ES\">Es una suerte que Instanto se publique en Espa\u00f1a, el esfuerzo de dar con esta joya que recopila los mejores poemas de Arnaldo Antunes se lo debemos a la editorial kriller71ediciones cuyo editor An\u00edbal Cristobo se ha ocupado de dar con una exquisita selecci\u00f3n de poetas como Antonio Cisneros, Mar\u00eda Rosa Maldonado, Paulo Leminski entre los ya publicados y \u00a0que antes era imposible encontrar en librer\u00edas. En el caso de Instanto: la antolog\u00eda ha sido seleccionada y traducida por Reynaldo Jim\u00e9nez e Ivana Vollaro, adem\u00e1s incluye DESL\u00cdMITES: un CD in\u00e9dito que contiene material grabado por Arnaldo Antunes para una pieza de danza que al igual que el libro\u2026 suena bien. \u00a0\u00a0<\/span><\/p>\n<p><span lang=\"ES\">\u00a0<\/span><\/p>","protected":false},"excerpt":{"rendered":"<p>En Instanto Arnaldo Antunes (Sao Paulo 1960) se recrea con la materia prima del lenguaje, elabora cuestionamientos que invitan a reflexionar: \u201cquien declara su amor en la noche fr\u00eda \u00bfen un d\u00eda de calor callar\u00eda?\u201d inquietantes certezas: \u201cLa piedra cuando toca fondo turba el agua. As\u00ed es la p\u00e9rdida\u201d, o [&hellip;]<\/p>\n","protected":false},"author":48,"featured_media":0,"comment_status":"open","ping_status":"open","sticky":false,"template":"","format":"standard","meta":{"footnotes":""},"categories":[4,60],"tags":[],"class_list":["post-3125","post","type-post","status-publish","format-standard","hentry","category-cultura","category-libros"],"yoast_head":"<!-- This site is optimized with the Yoast SEO plugin v27.5 - https:\/\/yoast.com\/product\/yoast-seo-wordpress\/ -->\n<title>&quot;Instanto&quot; de Arnaldo Antunes - Revista Rambla<\/title>\n<meta name=\"robots\" content=\"index, follow, max-snippet:-1, max-image-preview:large, max-video-preview:-1\" \/>\n<link rel=\"canonical\" href=\"https:\/\/www.revistarambla.com\/en\/instanto\/\" \/>\n<meta property=\"og:locale\" content=\"en_GB\" \/>\n<meta property=\"og:type\" content=\"article\" \/>\n<meta property=\"og:title\" content=\"&quot;Instanto&quot; de Arnaldo Antunes - Revista Rambla\" \/>\n<meta property=\"og:description\" content=\"En Instanto Arnaldo Antunes (Sao Paulo 1960) se recrea con la materia prima del lenguaje, elabora cuestionamientos que invitan a reflexionar: \u201cquien declara su amor en la noche fr\u00eda \u00bfen un d\u00eda de calor callar\u00eda?\u201d inquietantes certezas: \u201cLa piedra cuando toca fondo turba el agua. As\u00ed es la p\u00e9rdida\u201d, o [&hellip;]\" \/>\n<meta property=\"og:url\" content=\"https:\/\/www.revistarambla.com\/en\/instanto\/\" \/>\n<meta property=\"og:site_name\" content=\"Revista Rambla\" \/>\n<meta property=\"article:publisher\" content=\"https:\/\/www.facebook.com\/revistarambla\/\" \/>\n<meta property=\"article:published_time\" content=\"2013-04-12T03:51:55+00:00\" \/>\n<meta property=\"article:modified_time\" content=\"2021-12-10T11:16:14+00:00\" \/>\n<meta property=\"og:image\" content=\"https:\/\/www.revistarambla.com\/wp-content\/uploads\/2013\/04\/instanto2.jpg\" \/>\n\t<meta property=\"og:image:width\" content=\"682\" \/>\n\t<meta property=\"og:image:height\" content=\"449\" \/>\n\t<meta property=\"og:image:type\" content=\"image\/jpeg\" \/>\n<meta name=\"author\" content=\"Cristian Jara Alvarado\" \/>\n<meta name=\"twitter:card\" content=\"summary_large_image\" \/>\n<meta name=\"twitter:creator\" content=\"@revistarambla\" \/>\n<meta name=\"twitter:site\" content=\"@revistarambla\" \/>\n<meta name=\"twitter:label1\" content=\"Written by\" \/>\n\t<meta name=\"twitter:data1\" content=\"Cristian Jara Alvarado\" \/>\n\t<meta name=\"twitter:label2\" content=\"Estimated reading time\" \/>\n\t<meta name=\"twitter:data2\" content=\"6 minutes\" \/>\n<script type=\"application\/ld+json\" class=\"yoast-schema-graph\">{\"@context\":\"https:\\\/\\\/schema.org\",\"@graph\":[{\"@type\":\"Article\",\"@id\":\"https:\\\/\\\/www.revistarambla.com\\\/instanto\\\/#article\",\"isPartOf\":{\"@id\":\"https:\\\/\\\/www.revistarambla.com\\\/instanto\\\/\"},\"author\":{\"name\":\"Cristian Jara Alvarado\",\"@id\":\"https:\\\/\\\/www.revistarambla.com\\\/#\\\/schema\\\/person\\\/1533ce1c5e463a7ffe5cde703d920ee6\"},\"headline\":\"\u00abInstanto\u00bb de Arnaldo Antunes\",\"datePublished\":\"2013-04-12T03:51:55+00:00\",\"dateModified\":\"2021-12-10T11:16:14+00:00\",\"mainEntityOfPage\":{\"@id\":\"https:\\\/\\\/www.revistarambla.com\\\/instanto\\\/\"},\"wordCount\":1317,\"commentCount\":0,\"publisher\":{\"@id\":\"https:\\\/\\\/www.revistarambla.com\\\/#organization\"},\"image\":{\"@id\":\"https:\\\/\\\/www.revistarambla.com\\\/instanto\\\/#primaryimage\"},\"thumbnailUrl\":\"https:\\\/\\\/www.revistarambla.com\\\/wp-content\\\/uploads\\\/2013\\\/04\\\/instanto2.jpg\",\"articleSection\":[\"Cultura\",\"Libros\"],\"inLanguage\":\"en-GB\",\"potentialAction\":[{\"@type\":\"CommentAction\",\"name\":\"Comment\",\"target\":[\"https:\\\/\\\/www.revistarambla.com\\\/instanto\\\/#respond\"]}]},{\"@type\":\"WebPage\",\"@id\":\"https:\\\/\\\/www.revistarambla.com\\\/instanto\\\/\",\"url\":\"https:\\\/\\\/www.revistarambla.com\\\/instanto\\\/\",\"name\":\"\\\"Instanto\\\" de Arnaldo Antunes - Revista Rambla\",\"isPartOf\":{\"@id\":\"https:\\\/\\\/www.revistarambla.com\\\/#website\"},\"primaryImageOfPage\":{\"@id\":\"https:\\\/\\\/www.revistarambla.com\\\/instanto\\\/#primaryimage\"},\"image\":{\"@id\":\"https:\\\/\\\/www.revistarambla.com\\\/instanto\\\/#primaryimage\"},\"thumbnailUrl\":\"https:\\\/\\\/www.revistarambla.com\\\/wp-content\\\/uploads\\\/2013\\\/04\\\/instanto2.jpg\",\"datePublished\":\"2013-04-12T03:51:55+00:00\",\"dateModified\":\"2021-12-10T11:16:14+00:00\",\"breadcrumb\":{\"@id\":\"https:\\\/\\\/www.revistarambla.com\\\/instanto\\\/#breadcrumb\"},\"inLanguage\":\"en-GB\",\"potentialAction\":[{\"@type\":\"ReadAction\",\"target\":[\"https:\\\/\\\/www.revistarambla.com\\\/instanto\\\/\"]}]},{\"@type\":\"ImageObject\",\"inLanguage\":\"en-GB\",\"@id\":\"https:\\\/\\\/www.revistarambla.com\\\/instanto\\\/#primaryimage\",\"url\":\"https:\\\/\\\/www.revistarambla.com\\\/wp-content\\\/uploads\\\/2013\\\/04\\\/instanto2.jpg\",\"contentUrl\":\"https:\\\/\\\/www.revistarambla.com\\\/wp-content\\\/uploads\\\/2013\\\/04\\\/instanto2.jpg\"},{\"@type\":\"BreadcrumbList\",\"@id\":\"https:\\\/\\\/www.revistarambla.com\\\/instanto\\\/#breadcrumb\",\"itemListElement\":[{\"@type\":\"ListItem\",\"position\":1,\"name\":\"Portada\",\"item\":\"https:\\\/\\\/www.revistarambla.com\\\/\"},{\"@type\":\"ListItem\",\"position\":2,\"name\":\"\u00abInstanto\u00bb de Arnaldo Antunes\"}]},{\"@type\":\"WebSite\",\"@id\":\"https:\\\/\\\/www.revistarambla.com\\\/#website\",\"url\":\"https:\\\/\\\/www.revistarambla.com\\\/\",\"name\":\"Revista Rambla Barcelona\",\"description\":\"Periodismo independiente\",\"publisher\":{\"@id\":\"https:\\\/\\\/www.revistarambla.com\\\/#organization\"},\"potentialAction\":[{\"@type\":\"SearchAction\",\"target\":{\"@type\":\"EntryPoint\",\"urlTemplate\":\"https:\\\/\\\/www.revistarambla.com\\\/?s={search_term_string}\"},\"query-input\":{\"@type\":\"PropertyValueSpecification\",\"valueRequired\":true,\"valueName\":\"search_term_string\"}}],\"inLanguage\":\"en-GB\"},{\"@type\":\"Organization\",\"@id\":\"https:\\\/\\\/www.revistarambla.com\\\/#organization\",\"name\":\"Revista Rambla\",\"url\":\"https:\\\/\\\/www.revistarambla.com\\\/\",\"logo\":{\"@type\":\"ImageObject\",\"inLanguage\":\"en-GB\",\"@id\":\"https:\\\/\\\/www.revistarambla.com\\\/#\\\/schema\\\/logo\\\/image\\\/\",\"url\":\"https:\\\/\\\/www.revistarambla.com\\\/wp-content\\\/uploads\\\/2020\\\/09\\\/banner_rambla_1900x600_BB.png\",\"contentUrl\":\"https:\\\/\\\/www.revistarambla.com\\\/wp-content\\\/uploads\\\/2020\\\/09\\\/banner_rambla_1900x600_BB.png\",\"width\":1900,\"height\":600,\"caption\":\"Revista Rambla\"},\"image\":{\"@id\":\"https:\\\/\\\/www.revistarambla.com\\\/#\\\/schema\\\/logo\\\/image\\\/\"},\"sameAs\":[\"https:\\\/\\\/www.facebook.com\\\/revistarambla\\\/\",\"https:\\\/\\\/x.com\\\/revistarambla\",\"https:\\\/\\\/www.instagram.com\\\/revista_rambla\",\"https:\\\/\\\/es.linkedin.com\\\/company\\\/revista-rambla\"]},{\"@type\":\"Person\",\"@id\":\"https:\\\/\\\/www.revistarambla.com\\\/#\\\/schema\\\/person\\\/1533ce1c5e463a7ffe5cde703d920ee6\",\"name\":\"Cristian Jara Alvarado\",\"description\":\"Narrador, guionista y editor.\"}]}<\/script>\n<!-- \/ Yoast SEO plugin. -->","yoast_head_json":{"title":"\"Instanto\" de Arnaldo Antunes - Revista Rambla","robots":{"index":"index","follow":"follow","max-snippet":"max-snippet:-1","max-image-preview":"max-image-preview:large","max-video-preview":"max-video-preview:-1"},"canonical":"https:\/\/www.revistarambla.com\/en\/instanto\/","og_locale":"en_GB","og_type":"article","og_title":"\"Instanto\" de Arnaldo Antunes - Revista Rambla","og_description":"En Instanto Arnaldo Antunes (Sao Paulo 1960) se recrea con la materia prima del lenguaje, elabora cuestionamientos que invitan a reflexionar: \u201cquien declara su amor en la noche fr\u00eda \u00bfen un d\u00eda de calor callar\u00eda?\u201d inquietantes certezas: \u201cLa piedra cuando toca fondo turba el agua. As\u00ed es la p\u00e9rdida\u201d, o [&hellip;]","og_url":"https:\/\/www.revistarambla.com\/en\/instanto\/","og_site_name":"Revista Rambla","article_publisher":"https:\/\/www.facebook.com\/revistarambla\/","article_published_time":"2013-04-12T03:51:55+00:00","article_modified_time":"2021-12-10T11:16:14+00:00","og_image":[{"width":682,"height":449,"url":"https:\/\/www.revistarambla.com\/wp-content\/uploads\/2013\/04\/instanto2.jpg","type":"image\/jpeg"}],"author":"Cristian Jara Alvarado","twitter_card":"summary_large_image","twitter_creator":"@revistarambla","twitter_site":"@revistarambla","twitter_misc":{"Written by":"Cristian Jara Alvarado","Estimated reading time":"6 minutes"},"schema":{"@context":"https:\/\/schema.org","@graph":[{"@type":"Article","@id":"https:\/\/www.revistarambla.com\/instanto\/#article","isPartOf":{"@id":"https:\/\/www.revistarambla.com\/instanto\/"},"author":{"name":"Cristian Jara Alvarado","@id":"https:\/\/www.revistarambla.com\/#\/schema\/person\/1533ce1c5e463a7ffe5cde703d920ee6"},"headline":"\u00abInstanto\u00bb de Arnaldo Antunes","datePublished":"2013-04-12T03:51:55+00:00","dateModified":"2021-12-10T11:16:14+00:00","mainEntityOfPage":{"@id":"https:\/\/www.revistarambla.com\/instanto\/"},"wordCount":1317,"commentCount":0,"publisher":{"@id":"https:\/\/www.revistarambla.com\/#organization"},"image":{"@id":"https:\/\/www.revistarambla.com\/instanto\/#primaryimage"},"thumbnailUrl":"https:\/\/www.revistarambla.com\/wp-content\/uploads\/2013\/04\/instanto2.jpg","articleSection":["Cultura","Libros"],"inLanguage":"en-GB","potentialAction":[{"@type":"CommentAction","name":"Comment","target":["https:\/\/www.revistarambla.com\/instanto\/#respond"]}]},{"@type":"WebPage","@id":"https:\/\/www.revistarambla.com\/instanto\/","url":"https:\/\/www.revistarambla.com\/instanto\/","name":"\"Instanto\" de Arnaldo Antunes - Revista Rambla","isPartOf":{"@id":"https:\/\/www.revistarambla.com\/#website"},"primaryImageOfPage":{"@id":"https:\/\/www.revistarambla.com\/instanto\/#primaryimage"},"image":{"@id":"https:\/\/www.revistarambla.com\/instanto\/#primaryimage"},"thumbnailUrl":"https:\/\/www.revistarambla.com\/wp-content\/uploads\/2013\/04\/instanto2.jpg","datePublished":"2013-04-12T03:51:55+00:00","dateModified":"2021-12-10T11:16:14+00:00","breadcrumb":{"@id":"https:\/\/www.revistarambla.com\/instanto\/#breadcrumb"},"inLanguage":"en-GB","potentialAction":[{"@type":"ReadAction","target":["https:\/\/www.revistarambla.com\/instanto\/"]}]},{"@type":"ImageObject","inLanguage":"en-GB","@id":"https:\/\/www.revistarambla.com\/instanto\/#primaryimage","url":"https:\/\/www.revistarambla.com\/wp-content\/uploads\/2013\/04\/instanto2.jpg","contentUrl":"https:\/\/www.revistarambla.com\/wp-content\/uploads\/2013\/04\/instanto2.jpg"},{"@type":"BreadcrumbList","@id":"https:\/\/www.revistarambla.com\/instanto\/#breadcrumb","itemListElement":[{"@type":"ListItem","position":1,"name":"Portada","item":"https:\/\/www.revistarambla.com\/"},{"@type":"ListItem","position":2,"name":"\u00abInstanto\u00bb de Arnaldo Antunes"}]},{"@type":"WebSite","@id":"https:\/\/www.revistarambla.com\/#website","url":"https:\/\/www.revistarambla.com\/","name":"Revista Rambla Barcelona","description":"Periodismo independiente","publisher":{"@id":"https:\/\/www.revistarambla.com\/#organization"},"potentialAction":[{"@type":"SearchAction","target":{"@type":"EntryPoint","urlTemplate":"https:\/\/www.revistarambla.com\/?s={search_term_string}"},"query-input":{"@type":"PropertyValueSpecification","valueRequired":true,"valueName":"search_term_string"}}],"inLanguage":"en-GB"},{"@type":"Organization","@id":"https:\/\/www.revistarambla.com\/#organization","name":"Revista Rambla","url":"https:\/\/www.revistarambla.com\/","logo":{"@type":"ImageObject","inLanguage":"en-GB","@id":"https:\/\/www.revistarambla.com\/#\/schema\/logo\/image\/","url":"https:\/\/www.revistarambla.com\/wp-content\/uploads\/2020\/09\/banner_rambla_1900x600_BB.png","contentUrl":"https:\/\/www.revistarambla.com\/wp-content\/uploads\/2020\/09\/banner_rambla_1900x600_BB.png","width":1900,"height":600,"caption":"Revista Rambla"},"image":{"@id":"https:\/\/www.revistarambla.com\/#\/schema\/logo\/image\/"},"sameAs":["https:\/\/www.facebook.com\/revistarambla\/","https:\/\/x.com\/revistarambla","https:\/\/www.instagram.com\/revista_rambla","https:\/\/es.linkedin.com\/company\/revista-rambla"]},{"@type":"Person","@id":"https:\/\/www.revistarambla.com\/#\/schema\/person\/1533ce1c5e463a7ffe5cde703d920ee6","name":"Cristian Jara Alvarado","description":"Narrador, guionista y editor."}]}},"_links":{"self":[{"href":"https:\/\/www.revistarambla.com\/en\/wp-json\/wp\/v2\/posts\/3125","targetHints":{"allow":["GET"]}}],"collection":[{"href":"https:\/\/www.revistarambla.com\/en\/wp-json\/wp\/v2\/posts"}],"about":[{"href":"https:\/\/www.revistarambla.com\/en\/wp-json\/wp\/v2\/types\/post"}],"author":[{"embeddable":true,"href":"https:\/\/www.revistarambla.com\/en\/wp-json\/wp\/v2\/users\/48"}],"replies":[{"embeddable":true,"href":"https:\/\/www.revistarambla.com\/en\/wp-json\/wp\/v2\/comments?post=3125"}],"version-history":[{"count":0,"href":"https:\/\/www.revistarambla.com\/en\/wp-json\/wp\/v2\/posts\/3125\/revisions"}],"wp:attachment":[{"href":"https:\/\/www.revistarambla.com\/en\/wp-json\/wp\/v2\/media?parent=3125"}],"wp:term":[{"taxonomy":"category","embeddable":true,"href":"https:\/\/www.revistarambla.com\/en\/wp-json\/wp\/v2\/categories?post=3125"},{"taxonomy":"post_tag","embeddable":true,"href":"https:\/\/www.revistarambla.com\/en\/wp-json\/wp\/v2\/tags?post=3125"}],"curies":[{"name":"wp","href":"https:\/\/api.w.org\/{rel}","templated":true}]}}