{"id":3122,"date":"2013-04-11T07:29:57","date_gmt":"2013-04-11T07:29:57","guid":{"rendered":"https:\/\/www.revistarambla.com\/fallece-jose-luis-sampedro-uno-de-los-grandes-humanistas-de-nuestro-tiempo\/"},"modified":"2021-08-04T19:04:20","modified_gmt":"2021-08-04T17:04:20","slug":"fallece-jose-luis-sampedro-uno-de-los-grandes-humanistas-de-nuestro-tiempo","status":"publish","type":"post","link":"https:\/\/www.revistarambla.com\/en\/fallece-jose-luis-sampedro-uno-de-los-grandes-humanistas-de-nuestro-tiempo\/","title":{"rendered":"Fallece Jos\u00e9 Luis Sampedro, uno de los grandes humanistas de nuestro tiempo"},"content":{"rendered":"<p><img decoding=\"async\" class=\"aligncenter\" src=\"https:\/\/www.revistarambla.com\/wp-content\/uploads\/2013\/04\/sanpedro_01.jpg\" alt=\"alt\" width=\"700\" height=\"385\" \/><\/p>\n<p>El humanista, escritor y economista Jos\u00e9 Luis Sampedro falleci\u00f3 en la madrugada del domingo en su domicilio de Madrid a los 96 a\u00f1os, y ha sido incinerado en presencia de su mujer Olga Lucas y su hija Isabel. Jos\u00e9 Luis Sampedro ha sido uno de los escritores e intelectuales m\u00e1s queridos y respetados de este pa\u00eds.<\/p>\n<p>Su vida comenz\u00f3 en Barcelona en 1917. El mestizaje cultural de su familia y las circunstancias de su propia biograf\u00eda marcaron su obra y su manera de entender el mundo. Su infancia transcurri\u00f3 en \u00c1frica, en la ciudad de T\u00e1nger, y vivi\u00f3 adem\u00e1s en Soria, Aranjuez, Melilla, Santander y Madrid. Su juventud fue truncada por la guerra civil \u201chorrenda frontera, en el tiempo y el espacio, en las ideas y en la conducta\u201d, tal y como la describi\u00f3 el autor a\u00f1os despu\u00e9s, en su discurso de ingreso en la RAE. En 1946 se cas\u00f3 con Isabel Pellicer y al a\u00f1o siguiente naci\u00f3 su hija Isabel. Catedr\u00e1tico de Estructura Econ\u00f3mica desde 1955, fue senador por designaci\u00f3n real en la primera legislatura tras la restauraci\u00f3n de la democracia en Espa\u00f1a. Jos\u00e9 Luis Sampedro compagin\u00f3 a lo largo de su primera etapa la actividad docente con la de economista en el Banco Exterior.<\/p>\n<p>El nacimiento de Miguel, su \u00fanico nieto, inspir\u00f3 su obra m\u00e1s le\u00edda, La sonrisa etrusca, que obtuvo un \u00e9xito clamoroso. El 1981 public\u00f3 Octubre, octubre, una extensa novela que le ocup\u00f3 veinte a\u00f1os de trabajo y que \u00e9l mismo considera su testamento vital. A partir de El amante lesbiano, publicada en el a\u00f1o 2000, todas sus novelas y parte de su obra ensay\u00edstica han sido publicadas en Random House Mondadori. En 2003 se cas\u00f3 con Olga Lucas, que le ha acompa\u00f1ado hasta el \u00faltimo momento. Con ella escribi\u00f3 sus \u00faltimas obras, Escribir es vivir, La ciencia y la vida (junto a Valent\u00edn Fuster) y su \u00faltima obra de creaci\u00f3n Cuarteto para un solista.<\/p>\n<p>En 1990 Jos\u00e9 Luis Sampedro fue elegido miembro de la Real Academia Espa\u00f1ola. En marzo de 2011 le fue entregada la Orden de las Artes y las Letras de Espa\u00f1a \u201cpor su sobresaliente trayectoria literaria y por su pensamiento comprometido merecido reconocimiento a su destacada labor humanista tanto en la literatura como en la vida. Fue ante todo, un hombre moral y humanamente comprometido con el mundo que le toc\u00f3 vivir, algo que demostr\u00f3 en todas y cada todas sus obras publicadas<\/p>","protected":false},"excerpt":{"rendered":"<p>El humanista, escritor y economista Jos\u00e9 Luis Sampedro falleci\u00f3 en la madrugada del domingo en su domicilio de Madrid a los 96 a\u00f1os, y ha sido incinerado en presencia de su mujer Olga Lucas y su hija Isabel. Jos\u00e9 Luis Sampedro ha sido uno de los escritores e intelectuales m\u00e1s [&hellip;]<\/p>\n","protected":false},"author":3,"featured_media":0,"comment_status":"open","ping_status":"open","sticky":false,"template":"","format":"standard","meta":{"footnotes":""},"categories":[3,58],"tags":[],"class_list":["post-3122","post","type-post","status-publish","format-standard","hentry","category-actualidad","category-estado-espanol"],"yoast_head":"<!-- This site is optimized with the Yoast SEO plugin v27.5 - https:\/\/yoast.com\/product\/yoast-seo-wordpress\/ -->\n<title>Fallece Jos\u00e9 Luis Sampedro, uno de los grandes humanistas de nuestro tiempo - Revista Rambla<\/title>\n<meta name=\"robots\" content=\"index, follow, max-snippet:-1, max-image-preview:large, max-video-preview:-1\" \/>\n<link rel=\"canonical\" href=\"https:\/\/www.revistarambla.com\/en\/fallece-jose-luis-sampedro-uno-de-los-grandes-humanistas-de-nuestro-tiempo\/\" \/>\n<meta property=\"og:locale\" content=\"en_GB\" \/>\n<meta property=\"og:type\" content=\"article\" \/>\n<meta property=\"og:title\" content=\"Fallece Jos\u00e9 Luis Sampedro, uno de los grandes humanistas de nuestro tiempo - Revista Rambla\" \/>\n<meta property=\"og:description\" content=\"El humanista, escritor y economista Jos\u00e9 Luis Sampedro falleci\u00f3 en la madrugada del domingo en su domicilio de Madrid a los 96 a\u00f1os, y ha sido incinerado en presencia de su mujer Olga Lucas y su hija Isabel. Jos\u00e9 Luis Sampedro ha sido uno de los escritores e intelectuales m\u00e1s [&hellip;]\" \/>\n<meta property=\"og:url\" content=\"https:\/\/www.revistarambla.com\/en\/fallece-jose-luis-sampedro-uno-de-los-grandes-humanistas-de-nuestro-tiempo\/\" \/>\n<meta property=\"og:site_name\" content=\"Revista Rambla\" \/>\n<meta property=\"article:publisher\" content=\"https:\/\/www.facebook.com\/revistarambla\/\" \/>\n<meta property=\"article:author\" content=\"https:\/\/www.facebook.com\/revistarambla\" \/>\n<meta property=\"article:published_time\" content=\"2013-04-11T07:29:57+00:00\" \/>\n<meta property=\"article:modified_time\" content=\"2021-08-04T17:04:20+00:00\" \/>\n<meta property=\"og:image\" content=\"https:\/\/i2.wp.com\/www.revistarambla.com\/wp-content\/uploads\/2013\/04\/sanpedro_00.jpg?fit=682%2C450&ssl=1\" \/>\n\t<meta property=\"og:image:width\" content=\"682\" \/>\n\t<meta property=\"og:image:height\" content=\"450\" \/>\n\t<meta property=\"og:image:type\" content=\"image\/jpeg\" \/>\n<meta name=\"author\" content=\"R@mbla\" \/>\n<meta name=\"twitter:card\" content=\"summary_large_image\" \/>\n<meta name=\"twitter:creator\" content=\"@revistarambla\" \/>\n<meta name=\"twitter:site\" content=\"@revistarambla\" \/>\n<meta name=\"twitter:label1\" content=\"Written by\" \/>\n\t<meta name=\"twitter:data1\" content=\"R@mbla\" \/>\n\t<meta name=\"twitter:label2\" content=\"Estimated reading time\" \/>\n\t<meta name=\"twitter:data2\" content=\"2 minutes\" \/>\n<script type=\"application\/ld+json\" class=\"yoast-schema-graph\">{\"@context\":\"https:\\\/\\\/schema.org\",\"@graph\":[{\"@type\":\"Article\",\"@id\":\"https:\\\/\\\/www.revistarambla.com\\\/fallece-jose-luis-sampedro-uno-de-los-grandes-humanistas-de-nuestro-tiempo\\\/#article\",\"isPartOf\":{\"@id\":\"https:\\\/\\\/www.revistarambla.com\\\/fallece-jose-luis-sampedro-uno-de-los-grandes-humanistas-de-nuestro-tiempo\\\/\"},\"author\":{\"name\":\"R@mbla\",\"@id\":\"https:\\\/\\\/www.revistarambla.com\\\/#\\\/schema\\\/person\\\/a146a5a2550b94981a75131180e1bd9c\"},\"headline\":\"Fallece Jos\u00e9 Luis Sampedro, uno de los grandes humanistas de nuestro tiempo\",\"datePublished\":\"2013-04-11T07:29:57+00:00\",\"dateModified\":\"2021-08-04T17:04:20+00:00\",\"mainEntityOfPage\":{\"@id\":\"https:\\\/\\\/www.revistarambla.com\\\/fallece-jose-luis-sampedro-uno-de-los-grandes-humanistas-de-nuestro-tiempo\\\/\"},\"wordCount\":428,\"commentCount\":0,\"publisher\":{\"@id\":\"https:\\\/\\\/www.revistarambla.com\\\/#organization\"},\"image\":{\"@id\":\"https:\\\/\\\/www.revistarambla.com\\\/fallece-jose-luis-sampedro-uno-de-los-grandes-humanistas-de-nuestro-tiempo\\\/#primaryimage\"},\"thumbnailUrl\":\"https:\\\/\\\/www.revistarambla.com\\\/wp-content\\\/uploads\\\/2013\\\/04\\\/sanpedro_01.jpg\",\"articleSection\":[\"Actualidad\",\"Estado Espa\u00f1ol\"],\"inLanguage\":\"en-GB\",\"potentialAction\":[{\"@type\":\"CommentAction\",\"name\":\"Comment\",\"target\":[\"https:\\\/\\\/www.revistarambla.com\\\/fallece-jose-luis-sampedro-uno-de-los-grandes-humanistas-de-nuestro-tiempo\\\/#respond\"]}]},{\"@type\":\"WebPage\",\"@id\":\"https:\\\/\\\/www.revistarambla.com\\\/fallece-jose-luis-sampedro-uno-de-los-grandes-humanistas-de-nuestro-tiempo\\\/\",\"url\":\"https:\\\/\\\/www.revistarambla.com\\\/fallece-jose-luis-sampedro-uno-de-los-grandes-humanistas-de-nuestro-tiempo\\\/\",\"name\":\"Fallece Jos\u00e9 Luis Sampedro, uno de los grandes humanistas de nuestro tiempo - Revista Rambla\",\"isPartOf\":{\"@id\":\"https:\\\/\\\/www.revistarambla.com\\\/#website\"},\"primaryImageOfPage\":{\"@id\":\"https:\\\/\\\/www.revistarambla.com\\\/fallece-jose-luis-sampedro-uno-de-los-grandes-humanistas-de-nuestro-tiempo\\\/#primaryimage\"},\"image\":{\"@id\":\"https:\\\/\\\/www.revistarambla.com\\\/fallece-jose-luis-sampedro-uno-de-los-grandes-humanistas-de-nuestro-tiempo\\\/#primaryimage\"},\"thumbnailUrl\":\"https:\\\/\\\/www.revistarambla.com\\\/wp-content\\\/uploads\\\/2013\\\/04\\\/sanpedro_01.jpg\",\"datePublished\":\"2013-04-11T07:29:57+00:00\",\"dateModified\":\"2021-08-04T17:04:20+00:00\",\"breadcrumb\":{\"@id\":\"https:\\\/\\\/www.revistarambla.com\\\/fallece-jose-luis-sampedro-uno-de-los-grandes-humanistas-de-nuestro-tiempo\\\/#breadcrumb\"},\"inLanguage\":\"en-GB\",\"potentialAction\":[{\"@type\":\"ReadAction\",\"target\":[\"https:\\\/\\\/www.revistarambla.com\\\/fallece-jose-luis-sampedro-uno-de-los-grandes-humanistas-de-nuestro-tiempo\\\/\"]}]},{\"@type\":\"ImageObject\",\"inLanguage\":\"en-GB\",\"@id\":\"https:\\\/\\\/www.revistarambla.com\\\/fallece-jose-luis-sampedro-uno-de-los-grandes-humanistas-de-nuestro-tiempo\\\/#primaryimage\",\"url\":\"https:\\\/\\\/www.revistarambla.com\\\/wp-content\\\/uploads\\\/2013\\\/04\\\/sanpedro_01.jpg\",\"contentUrl\":\"https:\\\/\\\/www.revistarambla.com\\\/wp-content\\\/uploads\\\/2013\\\/04\\\/sanpedro_01.jpg\"},{\"@type\":\"BreadcrumbList\",\"@id\":\"https:\\\/\\\/www.revistarambla.com\\\/fallece-jose-luis-sampedro-uno-de-los-grandes-humanistas-de-nuestro-tiempo\\\/#breadcrumb\",\"itemListElement\":[{\"@type\":\"ListItem\",\"position\":1,\"name\":\"Portada\",\"item\":\"https:\\\/\\\/www.revistarambla.com\\\/\"},{\"@type\":\"ListItem\",\"position\":2,\"name\":\"Fallece Jos\u00e9 Luis Sampedro, uno de los grandes humanistas de nuestro tiempo\"}]},{\"@type\":\"WebSite\",\"@id\":\"https:\\\/\\\/www.revistarambla.com\\\/#website\",\"url\":\"https:\\\/\\\/www.revistarambla.com\\\/\",\"name\":\"Revista Rambla Barcelona\",\"description\":\"Periodismo independiente\",\"publisher\":{\"@id\":\"https:\\\/\\\/www.revistarambla.com\\\/#organization\"},\"potentialAction\":[{\"@type\":\"SearchAction\",\"target\":{\"@type\":\"EntryPoint\",\"urlTemplate\":\"https:\\\/\\\/www.revistarambla.com\\\/?s={search_term_string}\"},\"query-input\":{\"@type\":\"PropertyValueSpecification\",\"valueRequired\":true,\"valueName\":\"search_term_string\"}}],\"inLanguage\":\"en-GB\"},{\"@type\":\"Organization\",\"@id\":\"https:\\\/\\\/www.revistarambla.com\\\/#organization\",\"name\":\"Revista Rambla\",\"url\":\"https:\\\/\\\/www.revistarambla.com\\\/\",\"logo\":{\"@type\":\"ImageObject\",\"inLanguage\":\"en-GB\",\"@id\":\"https:\\\/\\\/www.revistarambla.com\\\/#\\\/schema\\\/logo\\\/image\\\/\",\"url\":\"https:\\\/\\\/www.revistarambla.com\\\/wp-content\\\/uploads\\\/2020\\\/09\\\/banner_rambla_1900x600_BB.png\",\"contentUrl\":\"https:\\\/\\\/www.revistarambla.com\\\/wp-content\\\/uploads\\\/2020\\\/09\\\/banner_rambla_1900x600_BB.png\",\"width\":1900,\"height\":600,\"caption\":\"Revista Rambla\"},\"image\":{\"@id\":\"https:\\\/\\\/www.revistarambla.com\\\/#\\\/schema\\\/logo\\\/image\\\/\"},\"sameAs\":[\"https:\\\/\\\/www.facebook.com\\\/revistarambla\\\/\",\"https:\\\/\\\/x.com\\\/revistarambla\",\"https:\\\/\\\/www.instagram.com\\\/revista_rambla\",\"https:\\\/\\\/es.linkedin.com\\\/company\\\/revista-rambla\"]},{\"@type\":\"Person\",\"@id\":\"https:\\\/\\\/www.revistarambla.com\\\/#\\\/schema\\\/person\\\/a146a5a2550b94981a75131180e1bd9c\",\"name\":\"R@mbla\",\"description\":\"Este art\u00edculo ha sido redactado y\\\/o validado por el equipo de redacci\u00f3n de Revista Rambla.\",\"sameAs\":[\"https:\\\/\\\/www.revistarambla.com\\\/\",\"https:\\\/\\\/www.facebook.com\\\/revistarambla\",\"https:\\\/\\\/x.com\\\/revistarambla\"]}]}<\/script>\n<!-- \/ Yoast SEO plugin. -->","yoast_head_json":{"title":"Fallece Jos\u00e9 Luis Sampedro, uno de los grandes humanistas de nuestro tiempo - Revista Rambla","robots":{"index":"index","follow":"follow","max-snippet":"max-snippet:-1","max-image-preview":"max-image-preview:large","max-video-preview":"max-video-preview:-1"},"canonical":"https:\/\/www.revistarambla.com\/en\/fallece-jose-luis-sampedro-uno-de-los-grandes-humanistas-de-nuestro-tiempo\/","og_locale":"en_GB","og_type":"article","og_title":"Fallece Jos\u00e9 Luis Sampedro, uno de los grandes humanistas de nuestro tiempo - Revista Rambla","og_description":"El humanista, escritor y economista Jos\u00e9 Luis Sampedro falleci\u00f3 en la madrugada del domingo en su domicilio de Madrid a los 96 a\u00f1os, y ha sido incinerado en presencia de su mujer Olga Lucas y su hija Isabel. Jos\u00e9 Luis Sampedro ha sido uno de los escritores e intelectuales m\u00e1s [&hellip;]","og_url":"https:\/\/www.revistarambla.com\/en\/fallece-jose-luis-sampedro-uno-de-los-grandes-humanistas-de-nuestro-tiempo\/","og_site_name":"Revista Rambla","article_publisher":"https:\/\/www.facebook.com\/revistarambla\/","article_author":"https:\/\/www.facebook.com\/revistarambla","article_published_time":"2013-04-11T07:29:57+00:00","article_modified_time":"2021-08-04T17:04:20+00:00","og_image":[{"width":682,"height":450,"url":"https:\/\/i2.wp.com\/www.revistarambla.com\/wp-content\/uploads\/2013\/04\/sanpedro_00.jpg?fit=682%2C450&ssl=1","type":"image\/jpeg"}],"author":"R@mbla","twitter_card":"summary_large_image","twitter_creator":"@revistarambla","twitter_site":"@revistarambla","twitter_misc":{"Written by":"R@mbla","Estimated reading time":"2 minutes"},"schema":{"@context":"https:\/\/schema.org","@graph":[{"@type":"Article","@id":"https:\/\/www.revistarambla.com\/fallece-jose-luis-sampedro-uno-de-los-grandes-humanistas-de-nuestro-tiempo\/#article","isPartOf":{"@id":"https:\/\/www.revistarambla.com\/fallece-jose-luis-sampedro-uno-de-los-grandes-humanistas-de-nuestro-tiempo\/"},"author":{"name":"R@mbla","@id":"https:\/\/www.revistarambla.com\/#\/schema\/person\/a146a5a2550b94981a75131180e1bd9c"},"headline":"Fallece Jos\u00e9 Luis Sampedro, uno de los grandes humanistas de nuestro tiempo","datePublished":"2013-04-11T07:29:57+00:00","dateModified":"2021-08-04T17:04:20+00:00","mainEntityOfPage":{"@id":"https:\/\/www.revistarambla.com\/fallece-jose-luis-sampedro-uno-de-los-grandes-humanistas-de-nuestro-tiempo\/"},"wordCount":428,"commentCount":0,"publisher":{"@id":"https:\/\/www.revistarambla.com\/#organization"},"image":{"@id":"https:\/\/www.revistarambla.com\/fallece-jose-luis-sampedro-uno-de-los-grandes-humanistas-de-nuestro-tiempo\/#primaryimage"},"thumbnailUrl":"https:\/\/www.revistarambla.com\/wp-content\/uploads\/2013\/04\/sanpedro_01.jpg","articleSection":["Actualidad","Estado Espa\u00f1ol"],"inLanguage":"en-GB","potentialAction":[{"@type":"CommentAction","name":"Comment","target":["https:\/\/www.revistarambla.com\/fallece-jose-luis-sampedro-uno-de-los-grandes-humanistas-de-nuestro-tiempo\/#respond"]}]},{"@type":"WebPage","@id":"https:\/\/www.revistarambla.com\/fallece-jose-luis-sampedro-uno-de-los-grandes-humanistas-de-nuestro-tiempo\/","url":"https:\/\/www.revistarambla.com\/fallece-jose-luis-sampedro-uno-de-los-grandes-humanistas-de-nuestro-tiempo\/","name":"Fallece Jos\u00e9 Luis Sampedro, uno de los grandes humanistas de nuestro tiempo - Revista Rambla","isPartOf":{"@id":"https:\/\/www.revistarambla.com\/#website"},"primaryImageOfPage":{"@id":"https:\/\/www.revistarambla.com\/fallece-jose-luis-sampedro-uno-de-los-grandes-humanistas-de-nuestro-tiempo\/#primaryimage"},"image":{"@id":"https:\/\/www.revistarambla.com\/fallece-jose-luis-sampedro-uno-de-los-grandes-humanistas-de-nuestro-tiempo\/#primaryimage"},"thumbnailUrl":"https:\/\/www.revistarambla.com\/wp-content\/uploads\/2013\/04\/sanpedro_01.jpg","datePublished":"2013-04-11T07:29:57+00:00","dateModified":"2021-08-04T17:04:20+00:00","breadcrumb":{"@id":"https:\/\/www.revistarambla.com\/fallece-jose-luis-sampedro-uno-de-los-grandes-humanistas-de-nuestro-tiempo\/#breadcrumb"},"inLanguage":"en-GB","potentialAction":[{"@type":"ReadAction","target":["https:\/\/www.revistarambla.com\/fallece-jose-luis-sampedro-uno-de-los-grandes-humanistas-de-nuestro-tiempo\/"]}]},{"@type":"ImageObject","inLanguage":"en-GB","@id":"https:\/\/www.revistarambla.com\/fallece-jose-luis-sampedro-uno-de-los-grandes-humanistas-de-nuestro-tiempo\/#primaryimage","url":"https:\/\/www.revistarambla.com\/wp-content\/uploads\/2013\/04\/sanpedro_01.jpg","contentUrl":"https:\/\/www.revistarambla.com\/wp-content\/uploads\/2013\/04\/sanpedro_01.jpg"},{"@type":"BreadcrumbList","@id":"https:\/\/www.revistarambla.com\/fallece-jose-luis-sampedro-uno-de-los-grandes-humanistas-de-nuestro-tiempo\/#breadcrumb","itemListElement":[{"@type":"ListItem","position":1,"name":"Portada","item":"https:\/\/www.revistarambla.com\/"},{"@type":"ListItem","position":2,"name":"Fallece Jos\u00e9 Luis Sampedro, uno de los grandes humanistas de nuestro tiempo"}]},{"@type":"WebSite","@id":"https:\/\/www.revistarambla.com\/#website","url":"https:\/\/www.revistarambla.com\/","name":"Revista Rambla Barcelona","description":"Periodismo independiente","publisher":{"@id":"https:\/\/www.revistarambla.com\/#organization"},"potentialAction":[{"@type":"SearchAction","target":{"@type":"EntryPoint","urlTemplate":"https:\/\/www.revistarambla.com\/?s={search_term_string}"},"query-input":{"@type":"PropertyValueSpecification","valueRequired":true,"valueName":"search_term_string"}}],"inLanguage":"en-GB"},{"@type":"Organization","@id":"https:\/\/www.revistarambla.com\/#organization","name":"Revista Rambla","url":"https:\/\/www.revistarambla.com\/","logo":{"@type":"ImageObject","inLanguage":"en-GB","@id":"https:\/\/www.revistarambla.com\/#\/schema\/logo\/image\/","url":"https:\/\/www.revistarambla.com\/wp-content\/uploads\/2020\/09\/banner_rambla_1900x600_BB.png","contentUrl":"https:\/\/www.revistarambla.com\/wp-content\/uploads\/2020\/09\/banner_rambla_1900x600_BB.png","width":1900,"height":600,"caption":"Revista Rambla"},"image":{"@id":"https:\/\/www.revistarambla.com\/#\/schema\/logo\/image\/"},"sameAs":["https:\/\/www.facebook.com\/revistarambla\/","https:\/\/x.com\/revistarambla","https:\/\/www.instagram.com\/revista_rambla","https:\/\/es.linkedin.com\/company\/revista-rambla"]},{"@type":"Person","@id":"https:\/\/www.revistarambla.com\/#\/schema\/person\/a146a5a2550b94981a75131180e1bd9c","name":"R@mbla","description":"Este art\u00edculo ha sido redactado y\/o validado por el equipo de redacci\u00f3n de Revista Rambla.","sameAs":["https:\/\/www.revistarambla.com\/","https:\/\/www.facebook.com\/revistarambla","https:\/\/x.com\/revistarambla"]}]}},"_links":{"self":[{"href":"https:\/\/www.revistarambla.com\/en\/wp-json\/wp\/v2\/posts\/3122","targetHints":{"allow":["GET"]}}],"collection":[{"href":"https:\/\/www.revistarambla.com\/en\/wp-json\/wp\/v2\/posts"}],"about":[{"href":"https:\/\/www.revistarambla.com\/en\/wp-json\/wp\/v2\/types\/post"}],"author":[{"embeddable":true,"href":"https:\/\/www.revistarambla.com\/en\/wp-json\/wp\/v2\/users\/3"}],"replies":[{"embeddable":true,"href":"https:\/\/www.revistarambla.com\/en\/wp-json\/wp\/v2\/comments?post=3122"}],"version-history":[{"count":0,"href":"https:\/\/www.revistarambla.com\/en\/wp-json\/wp\/v2\/posts\/3122\/revisions"}],"wp:attachment":[{"href":"https:\/\/www.revistarambla.com\/en\/wp-json\/wp\/v2\/media?parent=3122"}],"wp:term":[{"taxonomy":"category","embeddable":true,"href":"https:\/\/www.revistarambla.com\/en\/wp-json\/wp\/v2\/categories?post=3122"},{"taxonomy":"post_tag","embeddable":true,"href":"https:\/\/www.revistarambla.com\/en\/wp-json\/wp\/v2\/tags?post=3122"}],"curies":[{"name":"wp","href":"https:\/\/api.w.org\/{rel}","templated":true}]}}