{"id":31132,"date":"2021-04-29T19:51:14","date_gmt":"2021-04-29T17:51:14","guid":{"rendered":"https:\/\/www.revistarambla.com\/?p=31132"},"modified":"2021-12-07T17:07:10","modified_gmt":"2021-12-07T16:07:10","slug":"bicentenario-del-peru-no-hay-nada-que-celebrar","status":"publish","type":"post","link":"https:\/\/www.revistarambla.com\/en\/bicentenario-del-peru-no-hay-nada-que-celebrar\/","title":{"rendered":"Bicentenario del Per\u00fa: no hay nada que celebrar"},"content":{"rendered":"<p style=\"text-align: left;\" align=\"JUSTIFY\"><span lang=\"es-PE\">Este a\u00f1o 2021, llamado oficialmente \u00abA\u00f1o del Bicentenario del Per\u00fa: 200 a\u00f1os de Independencia\u00bb, parad\u00f3jicamente est\u00e1 marcado por la tragedia de la pandemia de COVID-19 y de ver morir a miles de peruanos. Emergencia nacional y cuarentena, distanciamiento social, mascarillas, lavado de manos constante. Este es el Per\u00fa de hoy, tambi\u00e9n territorio del contagio de un virus que apareci\u00f3 de pronto&#8230;<\/span><\/p>\n<p style=\"text-align: left;\" align=\"JUSTIFY\"><span lang=\"es-PE\">Este es el escenario del Per\u00fa clamando por ox\u00edgeno en los hospitales. Ya no los desfiles y oropeles, discursos oficiales y anuncios rimbombantes de un patriotismo de desfile en la avenida Brasil.<\/span><\/p>\n<p style=\"text-align: left;\" align=\"JUSTIFY\"><span lang=\"es-PE\">A esto se suma la lacra de la corrupci\u00f3n en las altas esferas de gobierno, que genera millonarias p\u00e9rdidas. Al respecto, ya hemos citado al maestro Pablo Macera y sus estudios sobre la lumpenizaci\u00f3n del pa\u00eds. <\/span><\/p>\n<p style=\"text-align: left;\" align=\"JUSTIFY\"><span lang=\"es-PE\">Creo que ten\u00eda raz\u00f3n Jorge Basadre al decir que el Per\u00fa es un problema y posibilidad, no obstante la frase atribuida a Antonio Raimondi (que al parecer nunca la dijo) sigue resonando: \u201cEl Per\u00fa es un mendigo sentado sobre un banco de oro\u201d, masiva. Acaso el triste espejismo del adormecimiento o indiferencia popular ante un Per\u00fa azotado tambi\u00e9n por una \u201cpandemia de corrupci\u00f3n\u201d en las altas esferas del Estado.<\/span><\/p>\n<p style=\"text-align: left;\" align=\"JUSTIFY\"><span lang=\"es-PE\">Subyacen la violencia familiar, el aumento de la delincuencia, el crimen organizado y un sinf\u00edn de males\u2026 El Per\u00fa, literalmente, se desangra. \u00a1Basta ya de cr\u00edmenes!<\/span><\/p>\n<p style=\"text-align: left;\" align=\"JUSTIFY\"><span lang=\"es-PE\">La historiadora Carmen Mc Evoy, presidenta del consejo consultivo del Proyecto Especial Bicentenario, de la Presidencia del Consejo de Ministros (PCM) opina que el Per\u00fa es una \u201crep\u00fablica agrietada\u201d, llena de contradicciones, pero hay esperanza en gente muy valiosa y en el papel de la ciudadan\u00eda.<\/span><\/p>\n<p style=\"text-align: left;\" align=\"JUSTIFY\"><span lang=\"es-PE\">Su apreciaci\u00f3n completa es la siguiente: \u201cJorge Basadre ve\u00eda una mesocracia ilustrada en el grupo de provincianos, entre ellos S\u00e1nchez Carri\u00f3n, que derrotan la opci\u00f3n de la monarqu\u00eda constitucional de Jos\u00e9 de San Mart\u00edn. Ellos discut\u00edan las ideas de un republicano radical como Thomas Paine. Y en esa coyuntura est\u00e1n los temas que usted menciona. Son temas muy actuales, como la descentralizaci\u00f3n; donde la dignidad republicana va de la mano de una idea de sociedad con cierto bienestar. Un sector, los forjadores de la Patria cient\u00edfica, hablaban de que el Per\u00fa, siendo un pa\u00eds tan rico, deb\u00eda volcar ese caudal entre sus ciudadanos. A pesar de que era una ciudadan\u00eda restringida, con esclavos y servidumbre ind\u00edgena, ya estaban esas ideas flotando y fueron retomadas por los convencionalistas en 1855, cuando se concret\u00f3 la abolici\u00f3n de la esclavitud y del tributo ind\u00edgena\u201d.<\/span><\/p>\n<p style=\"text-align: left;\" align=\"JUSTIFY\"><span lang=\"es-PE\">Como soci\u00f3logo, reivindico el papel de la Historia. Obligatoriamente tenemos que repensar, replantear, rehacer el Per\u00fa.<\/span><\/p>\n<p style=\"text-align: left;\" align=\"JUSTIFY\">\u201c<span lang=\"es-PE\">Hay muchos historiadores j\u00f3venes que est\u00e1n regresando a preguntas de historia social, historia econ\u00f3mica, historia pol\u00edtica, el papel de la prensa. Es algo que entusiasma, a pesar del momento dif\u00edcil que vivimos. Ac\u00e1 ha habido un boom, no un desarrollo econ\u00f3mico. No se ha traducido en un bienestar de la poblaci\u00f3n. Una muy buena parte de la poblaci\u00f3n a\u00fan no cuenta con las condiciones sanitarias ni de servicios.\u201d, afirma Mc Evoy.<\/span><\/p>\n<h3 style=\"text-align: left;\" align=\"JUSTIFY\"><span lang=\"es-PE\">\u00bfQuieren ver m\u00e1s dram\u00e1tico el panorama?<\/span><\/h3>\n<p style=\"text-align: left;\" align=\"JUSTIFY\"><span lang=\"es-PE\">La TV basura y la prensa sensacionalista son males de la sociedad peruana actual. Contenidos inapropiados en los medios de comunicaci\u00f3n, que exaltan la violencia, el erotismo o se dedican a escarbar en la vida privada de la llamada \u201cfar\u00e1ndula\u201d son perjudiciales para la sociedad porque fomentan antivalores y atentan contra la dignidad de la persona.<\/span><\/p>\n<p style=\"text-align: left;\" align=\"JUSTIFY\"><span lang=\"es-PE\">\u00bfQui\u00e9n defiende al p\u00fablico, a la sociedad en general, a los ni\u00f1os, de los contenidos nocivos en la televisi\u00f3n o la radio? Se requiere m\u00e1s compromiso y es necesaria la intervenci\u00f3n del Ministerio P\u00fablico y la Defensor\u00eda del Pueblo.<\/span><\/p>\n<p style=\"text-align: left;\" align=\"JUSTIFY\"><span lang=\"es-PE\">Los medios de comunicaci\u00f3n pueden ser una excelente herramienta para comunicar y fomentar valores \u00e9ticos, humanizar y culturizar. Solamente una sociedad donde primen los valores humanos y el respeto a la persona, sin distinci\u00f3n, puede ser una sociedad desarrollada.<\/span><\/p>\n<p style=\"text-align: left;\" align=\"JUSTIFY\"><span lang=\"es-PE\">La ciudadan\u00eda dispone de una serie de mecanismos de informaci\u00f3n como el periodismo independiente, la informaci\u00f3n v\u00eda Internet y su difusi\u00f3n en redes sociales, prensa escrita, radio y televisi\u00f3n. Aquello le permite informarse sobre los actos il\u00edcitos que ocurren a nivel del gobierno, originando un descontento social generalizado.<\/span><\/p>\n<p style=\"text-align: left;\" align=\"JUSTIFY\"><span lang=\"es-PE\">Es preocupante la falta de credibilidad de las autoridades, su desempe\u00f1o ineficiente, el uso de su poder para enriquecerse y favorecer a personajes de su entorno.<\/span><\/p>\n<p style=\"text-align: left;\" align=\"JUSTIFY\"><a name=\"_GoBack\"><\/a><span lang=\"es-PE\">Mientras no haya \u00e9tica ni valores en el correcto actuar de las autoridades y de la ciudadan\u00eda en general, pactos como el Acuerdo Nacional no van a rendir resultados. No solamente se necesitan tratados, convenios o leyes; el Per\u00fa necesita coherencia de sus autoridades, transparencia, \u00e9tica, buena voluntad y af\u00e1n de servicio.<\/span><\/p>\n<hr \/>\n<p style=\"text-align: left;\" align=\"JUSTIFY\"><em>Ra\u00fal Allain es escritor, poeta, editor y soci\u00f3logo. Presidente del Instituto Peruano de la Juventud (IPJ) y director de Editorial R\u00edo Negro.<\/em><\/p>","protected":false},"excerpt":{"rendered":"<p>Este a\u00f1o 2021, llamado oficialmente \u00abA\u00f1o del Bicentenario del Per\u00fa: 200 a\u00f1os de Independencia\u00bb, parad\u00f3jicamente est\u00e1 marcado por la tragedia de la pandemia de COVID-19 y de ver morir a miles de peruanos. Emergencia nacional y cuarentena, distanciamiento social, mascarillas, lavado de manos constante. Este es el Per\u00fa de hoy, [&hellip;]<\/p>\n","protected":false},"author":18,"featured_media":31134,"comment_status":"open","ping_status":"open","sticky":false,"template":"","format":"standard","meta":{"footnotes":""},"categories":[72],"tags":[],"class_list":["post-31132","post","type-post","status-publish","format-standard","has-post-thumbnail","hentry","category-opinion"],"yoast_head":"<!-- This site is optimized with the Yoast SEO plugin v27.5 - https:\/\/yoast.com\/product\/yoast-seo-wordpress\/ -->\n<title>Bicentenario del Per\u00fa: no hay nada que celebrar - Revista Rambla<\/title>\n<meta name=\"robots\" content=\"index, follow, max-snippet:-1, max-image-preview:large, max-video-preview:-1\" \/>\n<link rel=\"canonical\" href=\"https:\/\/www.revistarambla.com\/en\/bicentenario-del-peru-no-hay-nada-que-celebrar\/\" \/>\n<meta property=\"og:locale\" content=\"en_GB\" \/>\n<meta property=\"og:type\" content=\"article\" \/>\n<meta property=\"og:title\" content=\"Bicentenario del Per\u00fa: no hay nada que celebrar - Revista Rambla\" \/>\n<meta property=\"og:description\" content=\"Este a\u00f1o 2021, llamado oficialmente \u00abA\u00f1o del Bicentenario del Per\u00fa: 200 a\u00f1os de Independencia\u00bb, parad\u00f3jicamente est\u00e1 marcado por la tragedia de la pandemia de COVID-19 y de ver morir a miles de peruanos. Emergencia nacional y cuarentena, distanciamiento social, mascarillas, lavado de manos constante. Este es el Per\u00fa de hoy, [&hellip;]\" \/>\n<meta property=\"og:url\" content=\"https:\/\/www.revistarambla.com\/en\/bicentenario-del-peru-no-hay-nada-que-celebrar\/\" \/>\n<meta property=\"og:site_name\" content=\"Revista Rambla\" \/>\n<meta property=\"article:publisher\" content=\"https:\/\/www.facebook.com\/revistarambla\/\" \/>\n<meta property=\"article:author\" content=\"https:\/\/www.facebook.com\/raul.allainvega\" \/>\n<meta property=\"article:published_time\" content=\"2021-04-29T17:51:14+00:00\" \/>\n<meta property=\"article:modified_time\" content=\"2021-12-07T16:07:10+00:00\" \/>\n<meta property=\"og:image\" content=\"https:\/\/www.revistarambla.com\/wp-content\/uploads\/2021\/04\/Guardia_Real_Plaza_de_Armas_Lima_Peru_2015-07-28_DD_66.jpg\" \/>\n\t<meta property=\"og:image:width\" content=\"1024\" \/>\n\t<meta property=\"og:image:height\" content=\"692\" \/>\n\t<meta property=\"og:image:type\" content=\"image\/jpeg\" \/>\n<meta name=\"author\" content=\"Ra\u00fal Alfonso Allain Vega\" \/>\n<meta name=\"twitter:card\" content=\"summary_large_image\" \/>\n<meta name=\"twitter:creator\" content=\"@RaulAllain\" \/>\n<meta name=\"twitter:site\" content=\"@revistarambla\" \/>\n<meta name=\"twitter:label1\" content=\"Written by\" \/>\n\t<meta name=\"twitter:data1\" content=\"Ra\u00fal Alfonso Allain Vega\" \/>\n\t<meta name=\"twitter:label2\" content=\"Estimated reading time\" \/>\n\t<meta name=\"twitter:data2\" content=\"4 minutes\" \/>\n<script type=\"application\/ld+json\" class=\"yoast-schema-graph\">{\"@context\":\"https:\\\/\\\/schema.org\",\"@graph\":[{\"@type\":\"Article\",\"@id\":\"https:\\\/\\\/www.revistarambla.com\\\/bicentenario-del-peru-no-hay-nada-que-celebrar\\\/#article\",\"isPartOf\":{\"@id\":\"https:\\\/\\\/www.revistarambla.com\\\/bicentenario-del-peru-no-hay-nada-que-celebrar\\\/\"},\"author\":{\"name\":\"Ra\u00fal Alfonso Allain Vega\",\"@id\":\"https:\\\/\\\/www.revistarambla.com\\\/#\\\/schema\\\/person\\\/9b4378c82c48caa37acecffb9450e934\"},\"headline\":\"Bicentenario del Per\u00fa: no hay nada que celebrar\",\"datePublished\":\"2021-04-29T17:51:14+00:00\",\"dateModified\":\"2021-12-07T16:07:10+00:00\",\"mainEntityOfPage\":{\"@id\":\"https:\\\/\\\/www.revistarambla.com\\\/bicentenario-del-peru-no-hay-nada-que-celebrar\\\/\"},\"wordCount\":863,\"commentCount\":0,\"publisher\":{\"@id\":\"https:\\\/\\\/www.revistarambla.com\\\/#organization\"},\"image\":{\"@id\":\"https:\\\/\\\/www.revistarambla.com\\\/bicentenario-del-peru-no-hay-nada-que-celebrar\\\/#primaryimage\"},\"thumbnailUrl\":\"https:\\\/\\\/www.revistarambla.com\\\/wp-content\\\/uploads\\\/2021\\\/04\\\/Guardia_Real_Plaza_de_Armas_Lima_Peru_2015-07-28_DD_66.jpg\",\"articleSection\":[\"Opiniones\"],\"inLanguage\":\"en-GB\",\"potentialAction\":[{\"@type\":\"CommentAction\",\"name\":\"Comment\",\"target\":[\"https:\\\/\\\/www.revistarambla.com\\\/bicentenario-del-peru-no-hay-nada-que-celebrar\\\/#respond\"]}]},{\"@type\":\"WebPage\",\"@id\":\"https:\\\/\\\/www.revistarambla.com\\\/bicentenario-del-peru-no-hay-nada-que-celebrar\\\/\",\"url\":\"https:\\\/\\\/www.revistarambla.com\\\/bicentenario-del-peru-no-hay-nada-que-celebrar\\\/\",\"name\":\"Bicentenario del Per\u00fa: no hay nada que celebrar - Revista Rambla\",\"isPartOf\":{\"@id\":\"https:\\\/\\\/www.revistarambla.com\\\/#website\"},\"primaryImageOfPage\":{\"@id\":\"https:\\\/\\\/www.revistarambla.com\\\/bicentenario-del-peru-no-hay-nada-que-celebrar\\\/#primaryimage\"},\"image\":{\"@id\":\"https:\\\/\\\/www.revistarambla.com\\\/bicentenario-del-peru-no-hay-nada-que-celebrar\\\/#primaryimage\"},\"thumbnailUrl\":\"https:\\\/\\\/www.revistarambla.com\\\/wp-content\\\/uploads\\\/2021\\\/04\\\/Guardia_Real_Plaza_de_Armas_Lima_Peru_2015-07-28_DD_66.jpg\",\"datePublished\":\"2021-04-29T17:51:14+00:00\",\"dateModified\":\"2021-12-07T16:07:10+00:00\",\"breadcrumb\":{\"@id\":\"https:\\\/\\\/www.revistarambla.com\\\/bicentenario-del-peru-no-hay-nada-que-celebrar\\\/#breadcrumb\"},\"inLanguage\":\"en-GB\",\"potentialAction\":[{\"@type\":\"ReadAction\",\"target\":[\"https:\\\/\\\/www.revistarambla.com\\\/bicentenario-del-peru-no-hay-nada-que-celebrar\\\/\"]}]},{\"@type\":\"ImageObject\",\"inLanguage\":\"en-GB\",\"@id\":\"https:\\\/\\\/www.revistarambla.com\\\/bicentenario-del-peru-no-hay-nada-que-celebrar\\\/#primaryimage\",\"url\":\"https:\\\/\\\/www.revistarambla.com\\\/wp-content\\\/uploads\\\/2021\\\/04\\\/Guardia_Real_Plaza_de_Armas_Lima_Peru_2015-07-28_DD_66.jpg\",\"contentUrl\":\"https:\\\/\\\/www.revistarambla.com\\\/wp-content\\\/uploads\\\/2021\\\/04\\\/Guardia_Real_Plaza_de_Armas_Lima_Peru_2015-07-28_DD_66.jpg\",\"width\":1024,\"height\":692},{\"@type\":\"BreadcrumbList\",\"@id\":\"https:\\\/\\\/www.revistarambla.com\\\/bicentenario-del-peru-no-hay-nada-que-celebrar\\\/#breadcrumb\",\"itemListElement\":[{\"@type\":\"ListItem\",\"position\":1,\"name\":\"Portada\",\"item\":\"https:\\\/\\\/www.revistarambla.com\\\/\"},{\"@type\":\"ListItem\",\"position\":2,\"name\":\"Bicentenario del Per\u00fa: no hay nada que celebrar\"}]},{\"@type\":\"WebSite\",\"@id\":\"https:\\\/\\\/www.revistarambla.com\\\/#website\",\"url\":\"https:\\\/\\\/www.revistarambla.com\\\/\",\"name\":\"Revista Rambla Barcelona\",\"description\":\"Periodismo independiente\",\"publisher\":{\"@id\":\"https:\\\/\\\/www.revistarambla.com\\\/#organization\"},\"potentialAction\":[{\"@type\":\"SearchAction\",\"target\":{\"@type\":\"EntryPoint\",\"urlTemplate\":\"https:\\\/\\\/www.revistarambla.com\\\/?s={search_term_string}\"},\"query-input\":{\"@type\":\"PropertyValueSpecification\",\"valueRequired\":true,\"valueName\":\"search_term_string\"}}],\"inLanguage\":\"en-GB\"},{\"@type\":\"Organization\",\"@id\":\"https:\\\/\\\/www.revistarambla.com\\\/#organization\",\"name\":\"Revista Rambla\",\"url\":\"https:\\\/\\\/www.revistarambla.com\\\/\",\"logo\":{\"@type\":\"ImageObject\",\"inLanguage\":\"en-GB\",\"@id\":\"https:\\\/\\\/www.revistarambla.com\\\/#\\\/schema\\\/logo\\\/image\\\/\",\"url\":\"https:\\\/\\\/www.revistarambla.com\\\/wp-content\\\/uploads\\\/2020\\\/09\\\/banner_rambla_1900x600_BB.png\",\"contentUrl\":\"https:\\\/\\\/www.revistarambla.com\\\/wp-content\\\/uploads\\\/2020\\\/09\\\/banner_rambla_1900x600_BB.png\",\"width\":1900,\"height\":600,\"caption\":\"Revista Rambla\"},\"image\":{\"@id\":\"https:\\\/\\\/www.revistarambla.com\\\/#\\\/schema\\\/logo\\\/image\\\/\"},\"sameAs\":[\"https:\\\/\\\/www.facebook.com\\\/revistarambla\\\/\",\"https:\\\/\\\/x.com\\\/revistarambla\",\"https:\\\/\\\/www.instagram.com\\\/revista_rambla\",\"https:\\\/\\\/es.linkedin.com\\\/company\\\/revista-rambla\"]},{\"@type\":\"Person\",\"@id\":\"https:\\\/\\\/www.revistarambla.com\\\/#\\\/schema\\\/person\\\/9b4378c82c48caa37acecffb9450e934\",\"name\":\"Ra\u00fal Alfonso Allain Vega\",\"description\":\"Escritor, poeta, editor y soci\u00f3logo. Presidente del Instituto Peruano de la Juventud (IPJ) y director de Editorial R\u00edo Negro.\",\"sameAs\":[\"https:\\\/\\\/en.m.wikipedia.org\\\/wiki\\\/Ra%C3%BAl_Allain\",\"https:\\\/\\\/www.facebook.com\\\/raul.allainvega\",\"https:\\\/\\\/x.com\\\/RaulAllain\"]}]}<\/script>\n<!-- \/ Yoast SEO plugin. -->","yoast_head_json":{"title":"Bicentenario del Per\u00fa: no hay nada que celebrar - Revista Rambla","robots":{"index":"index","follow":"follow","max-snippet":"max-snippet:-1","max-image-preview":"max-image-preview:large","max-video-preview":"max-video-preview:-1"},"canonical":"https:\/\/www.revistarambla.com\/en\/bicentenario-del-peru-no-hay-nada-que-celebrar\/","og_locale":"en_GB","og_type":"article","og_title":"Bicentenario del Per\u00fa: no hay nada que celebrar - Revista Rambla","og_description":"Este a\u00f1o 2021, llamado oficialmente \u00abA\u00f1o del Bicentenario del Per\u00fa: 200 a\u00f1os de Independencia\u00bb, parad\u00f3jicamente est\u00e1 marcado por la tragedia de la pandemia de COVID-19 y de ver morir a miles de peruanos. Emergencia nacional y cuarentena, distanciamiento social, mascarillas, lavado de manos constante. Este es el Per\u00fa de hoy, [&hellip;]","og_url":"https:\/\/www.revistarambla.com\/en\/bicentenario-del-peru-no-hay-nada-que-celebrar\/","og_site_name":"Revista Rambla","article_publisher":"https:\/\/www.facebook.com\/revistarambla\/","article_author":"https:\/\/www.facebook.com\/raul.allainvega","article_published_time":"2021-04-29T17:51:14+00:00","article_modified_time":"2021-12-07T16:07:10+00:00","og_image":[{"width":1024,"height":692,"url":"https:\/\/www.revistarambla.com\/wp-content\/uploads\/2021\/04\/Guardia_Real_Plaza_de_Armas_Lima_Peru_2015-07-28_DD_66.jpg","type":"image\/jpeg"}],"author":"Ra\u00fal Alfonso Allain Vega","twitter_card":"summary_large_image","twitter_creator":"@RaulAllain","twitter_site":"@revistarambla","twitter_misc":{"Written by":"Ra\u00fal Alfonso Allain Vega","Estimated reading time":"4 minutes"},"schema":{"@context":"https:\/\/schema.org","@graph":[{"@type":"Article","@id":"https:\/\/www.revistarambla.com\/bicentenario-del-peru-no-hay-nada-que-celebrar\/#article","isPartOf":{"@id":"https:\/\/www.revistarambla.com\/bicentenario-del-peru-no-hay-nada-que-celebrar\/"},"author":{"name":"Ra\u00fal Alfonso Allain Vega","@id":"https:\/\/www.revistarambla.com\/#\/schema\/person\/9b4378c82c48caa37acecffb9450e934"},"headline":"Bicentenario del Per\u00fa: no hay nada que celebrar","datePublished":"2021-04-29T17:51:14+00:00","dateModified":"2021-12-07T16:07:10+00:00","mainEntityOfPage":{"@id":"https:\/\/www.revistarambla.com\/bicentenario-del-peru-no-hay-nada-que-celebrar\/"},"wordCount":863,"commentCount":0,"publisher":{"@id":"https:\/\/www.revistarambla.com\/#organization"},"image":{"@id":"https:\/\/www.revistarambla.com\/bicentenario-del-peru-no-hay-nada-que-celebrar\/#primaryimage"},"thumbnailUrl":"https:\/\/www.revistarambla.com\/wp-content\/uploads\/2021\/04\/Guardia_Real_Plaza_de_Armas_Lima_Peru_2015-07-28_DD_66.jpg","articleSection":["Opiniones"],"inLanguage":"en-GB","potentialAction":[{"@type":"CommentAction","name":"Comment","target":["https:\/\/www.revistarambla.com\/bicentenario-del-peru-no-hay-nada-que-celebrar\/#respond"]}]},{"@type":"WebPage","@id":"https:\/\/www.revistarambla.com\/bicentenario-del-peru-no-hay-nada-que-celebrar\/","url":"https:\/\/www.revistarambla.com\/bicentenario-del-peru-no-hay-nada-que-celebrar\/","name":"Bicentenario del Per\u00fa: no hay nada que celebrar - Revista Rambla","isPartOf":{"@id":"https:\/\/www.revistarambla.com\/#website"},"primaryImageOfPage":{"@id":"https:\/\/www.revistarambla.com\/bicentenario-del-peru-no-hay-nada-que-celebrar\/#primaryimage"},"image":{"@id":"https:\/\/www.revistarambla.com\/bicentenario-del-peru-no-hay-nada-que-celebrar\/#primaryimage"},"thumbnailUrl":"https:\/\/www.revistarambla.com\/wp-content\/uploads\/2021\/04\/Guardia_Real_Plaza_de_Armas_Lima_Peru_2015-07-28_DD_66.jpg","datePublished":"2021-04-29T17:51:14+00:00","dateModified":"2021-12-07T16:07:10+00:00","breadcrumb":{"@id":"https:\/\/www.revistarambla.com\/bicentenario-del-peru-no-hay-nada-que-celebrar\/#breadcrumb"},"inLanguage":"en-GB","potentialAction":[{"@type":"ReadAction","target":["https:\/\/www.revistarambla.com\/bicentenario-del-peru-no-hay-nada-que-celebrar\/"]}]},{"@type":"ImageObject","inLanguage":"en-GB","@id":"https:\/\/www.revistarambla.com\/bicentenario-del-peru-no-hay-nada-que-celebrar\/#primaryimage","url":"https:\/\/www.revistarambla.com\/wp-content\/uploads\/2021\/04\/Guardia_Real_Plaza_de_Armas_Lima_Peru_2015-07-28_DD_66.jpg","contentUrl":"https:\/\/www.revistarambla.com\/wp-content\/uploads\/2021\/04\/Guardia_Real_Plaza_de_Armas_Lima_Peru_2015-07-28_DD_66.jpg","width":1024,"height":692},{"@type":"BreadcrumbList","@id":"https:\/\/www.revistarambla.com\/bicentenario-del-peru-no-hay-nada-que-celebrar\/#breadcrumb","itemListElement":[{"@type":"ListItem","position":1,"name":"Portada","item":"https:\/\/www.revistarambla.com\/"},{"@type":"ListItem","position":2,"name":"Bicentenario del Per\u00fa: no hay nada que celebrar"}]},{"@type":"WebSite","@id":"https:\/\/www.revistarambla.com\/#website","url":"https:\/\/www.revistarambla.com\/","name":"Revista Rambla Barcelona","description":"Periodismo independiente","publisher":{"@id":"https:\/\/www.revistarambla.com\/#organization"},"potentialAction":[{"@type":"SearchAction","target":{"@type":"EntryPoint","urlTemplate":"https:\/\/www.revistarambla.com\/?s={search_term_string}"},"query-input":{"@type":"PropertyValueSpecification","valueRequired":true,"valueName":"search_term_string"}}],"inLanguage":"en-GB"},{"@type":"Organization","@id":"https:\/\/www.revistarambla.com\/#organization","name":"Revista Rambla","url":"https:\/\/www.revistarambla.com\/","logo":{"@type":"ImageObject","inLanguage":"en-GB","@id":"https:\/\/www.revistarambla.com\/#\/schema\/logo\/image\/","url":"https:\/\/www.revistarambla.com\/wp-content\/uploads\/2020\/09\/banner_rambla_1900x600_BB.png","contentUrl":"https:\/\/www.revistarambla.com\/wp-content\/uploads\/2020\/09\/banner_rambla_1900x600_BB.png","width":1900,"height":600,"caption":"Revista Rambla"},"image":{"@id":"https:\/\/www.revistarambla.com\/#\/schema\/logo\/image\/"},"sameAs":["https:\/\/www.facebook.com\/revistarambla\/","https:\/\/x.com\/revistarambla","https:\/\/www.instagram.com\/revista_rambla","https:\/\/es.linkedin.com\/company\/revista-rambla"]},{"@type":"Person","@id":"https:\/\/www.revistarambla.com\/#\/schema\/person\/9b4378c82c48caa37acecffb9450e934","name":"Ra\u00fal Alfonso Allain Vega","description":"Escritor, poeta, editor y soci\u00f3logo. Presidente del Instituto Peruano de la Juventud (IPJ) y director de Editorial R\u00edo Negro.","sameAs":["https:\/\/en.m.wikipedia.org\/wiki\/Ra%C3%BAl_Allain","https:\/\/www.facebook.com\/raul.allainvega","https:\/\/x.com\/RaulAllain"]}]}},"_links":{"self":[{"href":"https:\/\/www.revistarambla.com\/en\/wp-json\/wp\/v2\/posts\/31132","targetHints":{"allow":["GET"]}}],"collection":[{"href":"https:\/\/www.revistarambla.com\/en\/wp-json\/wp\/v2\/posts"}],"about":[{"href":"https:\/\/www.revistarambla.com\/en\/wp-json\/wp\/v2\/types\/post"}],"author":[{"embeddable":true,"href":"https:\/\/www.revistarambla.com\/en\/wp-json\/wp\/v2\/users\/18"}],"replies":[{"embeddable":true,"href":"https:\/\/www.revistarambla.com\/en\/wp-json\/wp\/v2\/comments?post=31132"}],"version-history":[{"count":0,"href":"https:\/\/www.revistarambla.com\/en\/wp-json\/wp\/v2\/posts\/31132\/revisions"}],"wp:featuredmedia":[{"embeddable":true,"href":"https:\/\/www.revistarambla.com\/en\/wp-json\/wp\/v2\/media\/31134"}],"wp:attachment":[{"href":"https:\/\/www.revistarambla.com\/en\/wp-json\/wp\/v2\/media?parent=31132"}],"wp:term":[{"taxonomy":"category","embeddable":true,"href":"https:\/\/www.revistarambla.com\/en\/wp-json\/wp\/v2\/categories?post=31132"},{"taxonomy":"post_tag","embeddable":true,"href":"https:\/\/www.revistarambla.com\/en\/wp-json\/wp\/v2\/tags?post=31132"}],"curies":[{"name":"wp","href":"https:\/\/api.w.org\/{rel}","templated":true}]}}