{"id":3113,"date":"2013-04-09T06:15:58","date_gmt":"2013-04-09T04:15:58","guid":{"rendered":"https:\/\/www.revistarambla.com\/festimatge-calella\/"},"modified":"2021-12-08T16:48:59","modified_gmt":"2021-12-08T15:48:59","slug":"festimatge-calella","status":"publish","type":"post","link":"https:\/\/www.revistarambla.com\/en\/festimatge-calella\/","title":{"rendered":"Xavier Rigola: \u00abEsta crisis es una crisis de ideas\u00bb"},"content":{"rendered":"<p><img decoding=\"async\" class=\"aligncenter\" src=\"https:\/\/www.revistarambla.com\/wp-content\/uploads\/2013\/04\/XAVIER%20RIGOLA_03.jpg\" alt=\"alt\" width=\"700\" height=\"332\" \/><\/p>\n<p><strong>&#8211; En esta \u00e9poca de recortes, cuando se dice que la Cultura es lo menos importante, que los Ayuntamientos recortan por todas partes, como es posible que haya una entidad como Foto-Film Calella que ponga a\u00fan m\u00e1s fuerza en el Festimatge?<\/strong><\/p>\n<p>&#8211; Es f\u00e1cil. La clave es que tenemos ganas de hacer las cosas. Cuando una persona tiene ganas de hacer las cosas, pues las hace. Hay que poner un poco de voluntad, un poco de suerte y mucho trabajo. As\u00ed, llegas a donde quieres. Es un tema de querer trabajar o no.<\/p>\n<p><strong>&#8211; La gente que quiere trabajar siempre sale adelante\u2026<\/strong><\/p>\n<p>&#8211; Exacto. M\u00e1s o menos bien, pero siempre sale adelante. El problema de los recortes es que uno debe saber adaptarse a lo que tiene. No hay que estirar m\u00e1s el brazo que la manga, como se dice en catal\u00e1n. Debes saber adaptarte a la situaci\u00f3n. En el mundo de hoy en d\u00eda&#8230; o te adaptas o est\u00e1s muerto. O te matan. No hay otra opci\u00f3n.<\/p>\n<p><strong>&#8211; \u00bfEst\u00e1s muerto?<\/strong><\/p>\n<p>&#8211; Bueno, no es que est\u00e9s muerto. Es que te matan.<\/p>\n<p><strong>&#8211; \u00bfHabla del ambiente que se vive en el mundo laboral, en las empresas, como en lo que se vive en la calle?<\/strong><\/p>\n<p>&#8211; Es as\u00ed. Entonces, es una cuesti\u00f3n de encontrar gente que quiera trabajar. Tambi\u00e9n debes tener un poco de apoyo de tu Ayuntamiento. Es un c\u00f3ctel. Es f\u00e1cil. El problema es si la gente se cansa de trabajar. Aqu\u00ed es cuando comienzan los problemas. Realmente, esta crisis que estamos viviendo es una crisis de ideas y de querer trabajar.<\/p>\n<p><strong>&#8211; \u00bfUna crisis de ideas?<\/strong><\/p>\n<p>&#8211; Es que la crisis econ\u00f3mica no la puedes evitar, pero esta otra crisis, la crisis de las ideas o de las ganas de trabajar&#8230; esta crisis s\u00ed que la puedes evitar. Hay que trabajar con lo que tenemos. Es la teor\u00eda china: yo como porque tengo un grano de arroz. Si no tuviera granos de arroz, no comer\u00eda. Y si tengo dos granos de arroz, pues entonces abro una tienda. Con tres granos de arroz, entonces ya puedo exportar. Esto es lo que hay que hacer. No hay nada m\u00e1s.<\/p>\n<p><strong>&#8211; \u00bfC\u00f3mo se puede mantener el nivel del Festimatge cada a\u00f1o pero con el mismo dinero o, incluso, con menos financiaci\u00f3n.<\/strong><\/p>\n<p>&#8211; Siempre con menos dinero&#8230;<\/p>\n<p><img decoding=\"async\" class=\"alignright\" src=\"https:\/\/www.revistarambla.com\/wp-content\/uploads\/2013\/04\/Xavier%20Rigola_02.jpg\" alt=\"alt\" width=\"230\" height=\"517\" \/><strong>&#8211; &#8230; pero la calidad se mantiene.<\/strong><\/p>\n<p>&#8211; La gente tambi\u00e9n se adapta. Cuando hab\u00eda vacas gordas, todos el mundo ped\u00eda mucho dinero. Como lo ten\u00edas, o lo pod\u00edas encontrar, no hab\u00eda ning\u00fan problema. Pero ahora la gente se adapta. Todos hemos bajado dos o tres escalones. O tres pisos. Ahora la gente tambi\u00e9n ve las cosas de otra manera.<\/p>\n<p><strong>&#8211; \u00bfEs un tema de voluntad?<\/strong><\/p>\n<p>&#8211; Es cuesti\u00f3n de actitud. Aqu\u00ed el tema es no gastar en cosas que no valen la pena. Hay que eliminar las cosas superfluas. Si antes se hac\u00eda una cena, pues ahora no se hace. Haremos un buffet. O no habr\u00e1 flores para decorar en el hall del cine de Calella. Hay que adaptarse o morir. Mejor dicho, hay que adaptarse o te matan. Ya est\u00e1. No tiene m\u00e1s.<\/p>\n<p><strong>&#8211; Muchos festivales han tenido problemas serios este a\u00f1o y no se har\u00e1n.<\/strong><\/p>\n<p>&#8211; Cada a\u00f1o te duele ver que alg\u00fan festival se queda por el camino. Es una pena.<\/p>\n<p><strong>&#8211; El a\u00f1o pasado, usted dijo que el Festimatge hab\u00eda llegado a un nivel en el que mucha gente ya ven\u00eda en Calella a ver exposiciones concretas, que muchos aficionados a la imagen ya tienen esta cita como un referente.<\/strong><\/p>\n<p>&#8211; Es cierto. Si somos capaces de aguantar un par m\u00e1s de ediciones m\u00e1s, tengo la sensaci\u00f3n de que tendremos que empezar a decir: <a data-scayt_word=\"t\u00fa\" data-scaytid=\"5099\">t\u00fa, no. A ti, s\u00ed&gt;. Quiero decir que tendremos que empezar a elegir entre la gran cantidad de gente que quiere participar en nuestro Festival. Estamos en el punto justo de ser un certamen de referencia, aunque no me gusta decirlo. Cuando dices que eres un certamen de referencia, entonces quiere decir que ya no puedes tirar m\u00e1s arriba. Tras ser una referencia, \u00bfqu\u00e9 te queda? Nada. No puede ser. Pero s\u00ed es bueno que la gente te conozca. La gente ya sabe qu\u00e9 es el Festimatge y, entonces, nosotros podemos entrar en una din\u00e1mica diferente de negociaci\u00f3n.<\/a><\/p>\n<p><strong>&#8211; \u00bfEl Festimatge ha llegado a este punto? Ya es conocido en el mundo de la fotograf\u00eda y el cine?<\/strong><\/p>\n<p>&#8211; Estamos en el punto que somos como una galer\u00eda de arte. Hay galer\u00edas que nadie conoce. Hay galer\u00edas que todo el mundo conoce, a las que todo el mundo quiere ir. Nosotros somos una gran galer\u00eda de fotos. Si conseguimos que la gente que venga se encuentre c\u00f3moda, pues este es nuestro objetivo. La idea es simple.<\/p>\n<p><strong>&#8211; Simple pero funciona.<\/strong><\/p>\n<p>&#8211; Funciona porque en este mundo funcionan las cosas simples, las cosas que no tienen plumas. Los pollos nadie se los come con plumas. Por ello, la gente se lo come. Es simple.<\/p>\n<p><strong>&#8211; \u00bfY qu\u00e9 augura que puede ser este Festimatge 2013?<\/strong><\/p>\n<p>&#8211; Una edici\u00f3n mejor que la del a\u00f1o pasado pero peor que la del a\u00f1o que viene. \u00c9sta es nuestra filosof\u00eda. Mientras tengamos este talante de luchar por superarnos cada a\u00f1o, entonces quiere decir que vamos por buen camino. Queremos evolucionar para ser cada vez mejores y adaptarnos. No queremos ser la referencia del mundo mundial. Cuando lo eres, entonces mejor que lo dejes.<\/p>\n<p><strong>&#8211; Si llegas al nivel de Perpi\u00f1\u00e1n, del \u201cVISA Pour la Image\u201d, m\u00e1s arriba que eso ya no se puede estar. \u00bfEs eso a lo que se refer\u00eda?<\/strong><\/p>\n<p>&#8211; Perpi\u00f1\u00e1n ya se ha visto que no est\u00e1 funcionando, seguramente porque ya ha llegado a donde ten\u00eda que llegar. Su idea, quiz\u00e1s, est\u00e1 agotada. No funciona. Si eres el referente, malo. O te vuelves a inventar o est\u00e1s muerto.<\/p>\n<p><strong>&#8211; Porque entonces sigues por rutina.<\/strong><\/p>\n<p>&#8211; Y eso no puede ser. Tienes que encontrar cosas nuevas. Si nosotros nos tenemos que reinventar, lo haremos cada d\u00eda.<\/p>\n<p><strong>&#8211; \u00bfQu\u00e9 objetivo se marca en su mandato como presidente?<\/strong><\/p>\n<p>&#8211; Llegar a ma\u00f1ana. Si llego a ma\u00f1ana, ya tengo suficiente. Las cosas no se pueden pensar a largo plazo hoy en d\u00eda. La filosof\u00eda buena es tener un festival que, de alguna manera, en Foto-Film Calella haya ilusi\u00f3n por organizarlo a\u00f1o tras a\u00f1o. A partir de ah\u00ed, no sabemos d\u00f3nde nos llevar\u00e1 todo esto.<\/p>","protected":false},"excerpt":{"rendered":"<p>&#8211; En esta \u00e9poca de recortes, cuando se dice que la Cultura es lo menos importante, que los Ayuntamientos recortan por todas partes, como es posible que haya una entidad como Foto-Film Calella que ponga a\u00fan m\u00e1s fuerza en el Festimatge? &#8211; Es f\u00e1cil. La clave es que tenemos ganas [&hellip;]<\/p>\n","protected":false},"author":33,"featured_media":0,"comment_status":"open","ping_status":"open","sticky":false,"template":"","format":"standard","meta":{"footnotes":""},"categories":[4],"tags":[],"class_list":["post-3113","post","type-post","status-publish","format-standard","hentry","category-cultura"],"yoast_head":"<!-- This site is optimized with the Yoast SEO plugin v27.5 - https:\/\/yoast.com\/product\/yoast-seo-wordpress\/ -->\n<title>Xavier Rigola: &quot;Esta crisis es una crisis de ideas&quot; - Revista Rambla<\/title>\n<meta name=\"robots\" content=\"index, follow, max-snippet:-1, max-image-preview:large, max-video-preview:-1\" \/>\n<link rel=\"canonical\" href=\"https:\/\/www.revistarambla.com\/en\/festimatge-calella\/\" \/>\n<meta property=\"og:locale\" content=\"en_GB\" \/>\n<meta property=\"og:type\" content=\"article\" \/>\n<meta property=\"og:title\" content=\"Xavier Rigola: &quot;Esta crisis es una crisis de ideas&quot; - Revista Rambla\" \/>\n<meta property=\"og:description\" content=\"&#8211; En esta \u00e9poca de recortes, cuando se dice que la Cultura es lo menos importante, que los Ayuntamientos recortan por todas partes, como es posible que haya una entidad como Foto-Film Calella que ponga a\u00fan m\u00e1s fuerza en el Festimatge? &#8211; Es f\u00e1cil. La clave es que tenemos ganas [&hellip;]\" \/>\n<meta property=\"og:url\" content=\"https:\/\/www.revistarambla.com\/en\/festimatge-calella\/\" \/>\n<meta property=\"og:site_name\" content=\"Revista Rambla\" \/>\n<meta property=\"article:publisher\" content=\"https:\/\/www.facebook.com\/revistarambla\/\" \/>\n<meta property=\"article:published_time\" content=\"2013-04-09T04:15:58+00:00\" \/>\n<meta property=\"article:modified_time\" content=\"2021-12-08T15:48:59+00:00\" \/>\n<meta property=\"og:image\" content=\"https:\/\/www.revistarambla.com\/wp-content\/uploads\/2013\/04\/Xavier%20Rigola_00.jpg\" \/>\n\t<meta property=\"og:image:width\" content=\"682\" \/>\n\t<meta property=\"og:image:height\" content=\"450\" \/>\n\t<meta property=\"og:image:type\" content=\"image\/jpeg\" \/>\n<meta name=\"author\" content=\"\u00c0lex M. Franquet\" \/>\n<meta name=\"twitter:card\" content=\"summary_large_image\" \/>\n<meta name=\"twitter:creator\" content=\"@revistarambla\" \/>\n<meta name=\"twitter:site\" content=\"@revistarambla\" \/>\n<meta name=\"twitter:label1\" content=\"Written by\" \/>\n\t<meta name=\"twitter:data1\" content=\"\u00c0lex M. Franquet\" \/>\n\t<meta name=\"twitter:label2\" content=\"Estimated reading time\" \/>\n\t<meta name=\"twitter:data2\" content=\"5 minutes\" \/>\n<script type=\"application\/ld+json\" class=\"yoast-schema-graph\">{\"@context\":\"https:\\\/\\\/schema.org\",\"@graph\":[{\"@type\":\"Article\",\"@id\":\"https:\\\/\\\/www.revistarambla.com\\\/festimatge-calella\\\/#article\",\"isPartOf\":{\"@id\":\"https:\\\/\\\/www.revistarambla.com\\\/festimatge-calella\\\/\"},\"author\":{\"name\":\"\u00c0lex M. Franquet\",\"@id\":\"https:\\\/\\\/www.revistarambla.com\\\/#\\\/schema\\\/person\\\/f970e20c8f452a7910eb4defa5fe7d7d\"},\"headline\":\"Xavier Rigola: \u00abEsta crisis es una crisis de ideas\u00bb\",\"datePublished\":\"2013-04-09T04:15:58+00:00\",\"dateModified\":\"2021-12-08T15:48:59+00:00\",\"mainEntityOfPage\":{\"@id\":\"https:\\\/\\\/www.revistarambla.com\\\/festimatge-calella\\\/\"},\"wordCount\":1144,\"commentCount\":0,\"publisher\":{\"@id\":\"https:\\\/\\\/www.revistarambla.com\\\/#organization\"},\"image\":{\"@id\":\"https:\\\/\\\/www.revistarambla.com\\\/festimatge-calella\\\/#primaryimage\"},\"thumbnailUrl\":\"https:\\\/\\\/www.revistarambla.com\\\/wp-content\\\/uploads\\\/2013\\\/04\\\/XAVIER%20RIGOLA_03.jpg\",\"articleSection\":[\"Cultura\"],\"inLanguage\":\"en-GB\",\"potentialAction\":[{\"@type\":\"CommentAction\",\"name\":\"Comment\",\"target\":[\"https:\\\/\\\/www.revistarambla.com\\\/festimatge-calella\\\/#respond\"]}]},{\"@type\":\"WebPage\",\"@id\":\"https:\\\/\\\/www.revistarambla.com\\\/festimatge-calella\\\/\",\"url\":\"https:\\\/\\\/www.revistarambla.com\\\/festimatge-calella\\\/\",\"name\":\"Xavier Rigola: \\\"Esta crisis es una crisis de ideas\\\" - Revista Rambla\",\"isPartOf\":{\"@id\":\"https:\\\/\\\/www.revistarambla.com\\\/#website\"},\"primaryImageOfPage\":{\"@id\":\"https:\\\/\\\/www.revistarambla.com\\\/festimatge-calella\\\/#primaryimage\"},\"image\":{\"@id\":\"https:\\\/\\\/www.revistarambla.com\\\/festimatge-calella\\\/#primaryimage\"},\"thumbnailUrl\":\"https:\\\/\\\/www.revistarambla.com\\\/wp-content\\\/uploads\\\/2013\\\/04\\\/XAVIER%20RIGOLA_03.jpg\",\"datePublished\":\"2013-04-09T04:15:58+00:00\",\"dateModified\":\"2021-12-08T15:48:59+00:00\",\"breadcrumb\":{\"@id\":\"https:\\\/\\\/www.revistarambla.com\\\/festimatge-calella\\\/#breadcrumb\"},\"inLanguage\":\"en-GB\",\"potentialAction\":[{\"@type\":\"ReadAction\",\"target\":[\"https:\\\/\\\/www.revistarambla.com\\\/festimatge-calella\\\/\"]}]},{\"@type\":\"ImageObject\",\"inLanguage\":\"en-GB\",\"@id\":\"https:\\\/\\\/www.revistarambla.com\\\/festimatge-calella\\\/#primaryimage\",\"url\":\"https:\\\/\\\/www.revistarambla.com\\\/wp-content\\\/uploads\\\/2013\\\/04\\\/XAVIER%20RIGOLA_03.jpg\",\"contentUrl\":\"https:\\\/\\\/www.revistarambla.com\\\/wp-content\\\/uploads\\\/2013\\\/04\\\/XAVIER%20RIGOLA_03.jpg\"},{\"@type\":\"BreadcrumbList\",\"@id\":\"https:\\\/\\\/www.revistarambla.com\\\/festimatge-calella\\\/#breadcrumb\",\"itemListElement\":[{\"@type\":\"ListItem\",\"position\":1,\"name\":\"Portada\",\"item\":\"https:\\\/\\\/www.revistarambla.com\\\/\"},{\"@type\":\"ListItem\",\"position\":2,\"name\":\"Xavier Rigola: \u00abEsta crisis es una crisis de ideas\u00bb\"}]},{\"@type\":\"WebSite\",\"@id\":\"https:\\\/\\\/www.revistarambla.com\\\/#website\",\"url\":\"https:\\\/\\\/www.revistarambla.com\\\/\",\"name\":\"Revista Rambla Barcelona\",\"description\":\"Periodismo independiente\",\"publisher\":{\"@id\":\"https:\\\/\\\/www.revistarambla.com\\\/#organization\"},\"potentialAction\":[{\"@type\":\"SearchAction\",\"target\":{\"@type\":\"EntryPoint\",\"urlTemplate\":\"https:\\\/\\\/www.revistarambla.com\\\/?s={search_term_string}\"},\"query-input\":{\"@type\":\"PropertyValueSpecification\",\"valueRequired\":true,\"valueName\":\"search_term_string\"}}],\"inLanguage\":\"en-GB\"},{\"@type\":\"Organization\",\"@id\":\"https:\\\/\\\/www.revistarambla.com\\\/#organization\",\"name\":\"Revista Rambla\",\"url\":\"https:\\\/\\\/www.revistarambla.com\\\/\",\"logo\":{\"@type\":\"ImageObject\",\"inLanguage\":\"en-GB\",\"@id\":\"https:\\\/\\\/www.revistarambla.com\\\/#\\\/schema\\\/logo\\\/image\\\/\",\"url\":\"https:\\\/\\\/www.revistarambla.com\\\/wp-content\\\/uploads\\\/2020\\\/09\\\/banner_rambla_1900x600_BB.png\",\"contentUrl\":\"https:\\\/\\\/www.revistarambla.com\\\/wp-content\\\/uploads\\\/2020\\\/09\\\/banner_rambla_1900x600_BB.png\",\"width\":1900,\"height\":600,\"caption\":\"Revista Rambla\"},\"image\":{\"@id\":\"https:\\\/\\\/www.revistarambla.com\\\/#\\\/schema\\\/logo\\\/image\\\/\"},\"sameAs\":[\"https:\\\/\\\/www.facebook.com\\\/revistarambla\\\/\",\"https:\\\/\\\/x.com\\\/revistarambla\",\"https:\\\/\\\/www.instagram.com\\\/revista_rambla\",\"https:\\\/\\\/es.linkedin.com\\\/company\\\/revista-rambla\"]},{\"@type\":\"Person\",\"@id\":\"https:\\\/\\\/www.revistarambla.com\\\/#\\\/schema\\\/person\\\/f970e20c8f452a7910eb4defa5fe7d7d\",\"name\":\"\u00c0lex M. Franquet\",\"description\":\"-\",\"sameAs\":[\"https:\\\/\\\/www.revistarambla.com\\\/\"]}]}<\/script>\n<!-- \/ Yoast SEO plugin. -->","yoast_head_json":{"title":"Xavier Rigola: \"Esta crisis es una crisis de ideas\" - Revista Rambla","robots":{"index":"index","follow":"follow","max-snippet":"max-snippet:-1","max-image-preview":"max-image-preview:large","max-video-preview":"max-video-preview:-1"},"canonical":"https:\/\/www.revistarambla.com\/en\/festimatge-calella\/","og_locale":"en_GB","og_type":"article","og_title":"Xavier Rigola: \"Esta crisis es una crisis de ideas\" - Revista Rambla","og_description":"&#8211; En esta \u00e9poca de recortes, cuando se dice que la Cultura es lo menos importante, que los Ayuntamientos recortan por todas partes, como es posible que haya una entidad como Foto-Film Calella que ponga a\u00fan m\u00e1s fuerza en el Festimatge? &#8211; Es f\u00e1cil. La clave es que tenemos ganas [&hellip;]","og_url":"https:\/\/www.revistarambla.com\/en\/festimatge-calella\/","og_site_name":"Revista Rambla","article_publisher":"https:\/\/www.facebook.com\/revistarambla\/","article_published_time":"2013-04-09T04:15:58+00:00","article_modified_time":"2021-12-08T15:48:59+00:00","og_image":[{"width":682,"height":450,"url":"https:\/\/www.revistarambla.com\/wp-content\/uploads\/2013\/04\/Xavier Rigola_00.jpg","type":"image\/jpeg"}],"author":"\u00c0lex M. Franquet","twitter_card":"summary_large_image","twitter_creator":"@revistarambla","twitter_site":"@revistarambla","twitter_misc":{"Written by":"\u00c0lex M. Franquet","Estimated reading time":"5 minutes"},"schema":{"@context":"https:\/\/schema.org","@graph":[{"@type":"Article","@id":"https:\/\/www.revistarambla.com\/festimatge-calella\/#article","isPartOf":{"@id":"https:\/\/www.revistarambla.com\/festimatge-calella\/"},"author":{"name":"\u00c0lex M. Franquet","@id":"https:\/\/www.revistarambla.com\/#\/schema\/person\/f970e20c8f452a7910eb4defa5fe7d7d"},"headline":"Xavier Rigola: \u00abEsta crisis es una crisis de ideas\u00bb","datePublished":"2013-04-09T04:15:58+00:00","dateModified":"2021-12-08T15:48:59+00:00","mainEntityOfPage":{"@id":"https:\/\/www.revistarambla.com\/festimatge-calella\/"},"wordCount":1144,"commentCount":0,"publisher":{"@id":"https:\/\/www.revistarambla.com\/#organization"},"image":{"@id":"https:\/\/www.revistarambla.com\/festimatge-calella\/#primaryimage"},"thumbnailUrl":"https:\/\/www.revistarambla.com\/wp-content\/uploads\/2013\/04\/XAVIER%20RIGOLA_03.jpg","articleSection":["Cultura"],"inLanguage":"en-GB","potentialAction":[{"@type":"CommentAction","name":"Comment","target":["https:\/\/www.revistarambla.com\/festimatge-calella\/#respond"]}]},{"@type":"WebPage","@id":"https:\/\/www.revistarambla.com\/festimatge-calella\/","url":"https:\/\/www.revistarambla.com\/festimatge-calella\/","name":"Xavier Rigola: \"Esta crisis es una crisis de ideas\" - Revista Rambla","isPartOf":{"@id":"https:\/\/www.revistarambla.com\/#website"},"primaryImageOfPage":{"@id":"https:\/\/www.revistarambla.com\/festimatge-calella\/#primaryimage"},"image":{"@id":"https:\/\/www.revistarambla.com\/festimatge-calella\/#primaryimage"},"thumbnailUrl":"https:\/\/www.revistarambla.com\/wp-content\/uploads\/2013\/04\/XAVIER%20RIGOLA_03.jpg","datePublished":"2013-04-09T04:15:58+00:00","dateModified":"2021-12-08T15:48:59+00:00","breadcrumb":{"@id":"https:\/\/www.revistarambla.com\/festimatge-calella\/#breadcrumb"},"inLanguage":"en-GB","potentialAction":[{"@type":"ReadAction","target":["https:\/\/www.revistarambla.com\/festimatge-calella\/"]}]},{"@type":"ImageObject","inLanguage":"en-GB","@id":"https:\/\/www.revistarambla.com\/festimatge-calella\/#primaryimage","url":"https:\/\/www.revistarambla.com\/wp-content\/uploads\/2013\/04\/XAVIER%20RIGOLA_03.jpg","contentUrl":"https:\/\/www.revistarambla.com\/wp-content\/uploads\/2013\/04\/XAVIER%20RIGOLA_03.jpg"},{"@type":"BreadcrumbList","@id":"https:\/\/www.revistarambla.com\/festimatge-calella\/#breadcrumb","itemListElement":[{"@type":"ListItem","position":1,"name":"Portada","item":"https:\/\/www.revistarambla.com\/"},{"@type":"ListItem","position":2,"name":"Xavier Rigola: \u00abEsta crisis es una crisis de ideas\u00bb"}]},{"@type":"WebSite","@id":"https:\/\/www.revistarambla.com\/#website","url":"https:\/\/www.revistarambla.com\/","name":"Revista Rambla Barcelona","description":"Periodismo independiente","publisher":{"@id":"https:\/\/www.revistarambla.com\/#organization"},"potentialAction":[{"@type":"SearchAction","target":{"@type":"EntryPoint","urlTemplate":"https:\/\/www.revistarambla.com\/?s={search_term_string}"},"query-input":{"@type":"PropertyValueSpecification","valueRequired":true,"valueName":"search_term_string"}}],"inLanguage":"en-GB"},{"@type":"Organization","@id":"https:\/\/www.revistarambla.com\/#organization","name":"Revista Rambla","url":"https:\/\/www.revistarambla.com\/","logo":{"@type":"ImageObject","inLanguage":"en-GB","@id":"https:\/\/www.revistarambla.com\/#\/schema\/logo\/image\/","url":"https:\/\/www.revistarambla.com\/wp-content\/uploads\/2020\/09\/banner_rambla_1900x600_BB.png","contentUrl":"https:\/\/www.revistarambla.com\/wp-content\/uploads\/2020\/09\/banner_rambla_1900x600_BB.png","width":1900,"height":600,"caption":"Revista Rambla"},"image":{"@id":"https:\/\/www.revistarambla.com\/#\/schema\/logo\/image\/"},"sameAs":["https:\/\/www.facebook.com\/revistarambla\/","https:\/\/x.com\/revistarambla","https:\/\/www.instagram.com\/revista_rambla","https:\/\/es.linkedin.com\/company\/revista-rambla"]},{"@type":"Person","@id":"https:\/\/www.revistarambla.com\/#\/schema\/person\/f970e20c8f452a7910eb4defa5fe7d7d","name":"\u00c0lex M. Franquet","description":"-","sameAs":["https:\/\/www.revistarambla.com\/"]}]}},"_links":{"self":[{"href":"https:\/\/www.revistarambla.com\/en\/wp-json\/wp\/v2\/posts\/3113","targetHints":{"allow":["GET"]}}],"collection":[{"href":"https:\/\/www.revistarambla.com\/en\/wp-json\/wp\/v2\/posts"}],"about":[{"href":"https:\/\/www.revistarambla.com\/en\/wp-json\/wp\/v2\/types\/post"}],"author":[{"embeddable":true,"href":"https:\/\/www.revistarambla.com\/en\/wp-json\/wp\/v2\/users\/33"}],"replies":[{"embeddable":true,"href":"https:\/\/www.revistarambla.com\/en\/wp-json\/wp\/v2\/comments?post=3113"}],"version-history":[{"count":0,"href":"https:\/\/www.revistarambla.com\/en\/wp-json\/wp\/v2\/posts\/3113\/revisions"}],"wp:attachment":[{"href":"https:\/\/www.revistarambla.com\/en\/wp-json\/wp\/v2\/media?parent=3113"}],"wp:term":[{"taxonomy":"category","embeddable":true,"href":"https:\/\/www.revistarambla.com\/en\/wp-json\/wp\/v2\/categories?post=3113"},{"taxonomy":"post_tag","embeddable":true,"href":"https:\/\/www.revistarambla.com\/en\/wp-json\/wp\/v2\/tags?post=3113"}],"curies":[{"name":"wp","href":"https:\/\/api.w.org\/{rel}","templated":true}]}}