{"id":3100,"date":"2013-04-08T14:30:28","date_gmt":"2013-04-08T12:30:28","guid":{"rendered":"https:\/\/www.revistarambla.com\/el-hogar-de-las-ninas-una-posibilidad-de-cambio\/"},"modified":"2021-12-10T12:16:30","modified_gmt":"2021-12-10T11:16:30","slug":"el-hogar-de-las-ninas-una-posibilidad-de-cambio","status":"publish","type":"post","link":"https:\/\/www.revistarambla.com\/en\/el-hogar-de-las-ninas-una-posibilidad-de-cambio\/","title":{"rendered":"El hogar de las ni\u00f1as: una posibilidad de cambio"},"content":{"rendered":"<p>Todo comenz\u00f3 con un viaje de trabajo; entonces Ra\u00fal Roda, Julia Cobo y a Marcel Cifr\u00e9 ten\u00edan claro que s\u00f3lo iban a la India con la finalidad de\u00a0 grabar un documental sobre m\u00fasicos, la idea estaba clara: hab\u00eda que registrar im\u00e1genes de grupos musicales que van por todos los centros que pertenecen a la fundaci\u00f3n\u00a0 Mar\u00eda Teresa de Calcuta, donde se alberga a gente que padece diversas enfermedades, pero cuando el equipo de grabaci\u00f3n lleg\u00f3 a la zona de la aldea de Harispur, Krishnanagar (Bengala Oeste) y\u00a0 se toparon con una ONG llamada\u00a0 \u201cEl Hogar de las Ni\u00f1as\u201d todo cambi\u00f3, nos cuenta Marcel.<\/p>\n<p><img decoding=\"async\" class=\"aligncenter\" src=\"https:\/\/www.revistarambla.com\/wp-content\/uploads\/2013\/04\/india_12.jpg\" alt=\"alt\" width=\"700\" height=\"423\" \/><\/p>\n<p>\u00c9l hab\u00eda ido como sonidista y se qued\u00f3 impresionado\u00a0 cuando conoci\u00f3 a Domingo Guzm\u00e1n Lago y este le explic\u00f3 a qu\u00e9 se dedicaba aquel centro que acoge a 250 ni\u00f1as de la tribu Santali.\u00a0 Marcel le dijo: \u201cmira yo he venido hasta aqu\u00ed para grabar un documental de m\u00fasicos con una productora pero en vez de regresar para Barcelona a m\u00ed y a dos compa\u00f1eros nos interesar\u00eda quedarnos y grabar\u00a0 un documental sobre este proyecto, sobre las ni\u00f1as\u201d. La idea podr\u00eda parecer alucinada pero Marcel, Julia y Ra\u00fal\u00a0 tuvieron claro que hab\u00eda un material de \u00edndole social interesante para darlo a conocer.\u00a0 Una vez que se termin\u00f3 de grabar el proyecto de los m\u00fasicos los\u00a0 otros\u00a0 miembros del equipo de grabaci\u00f3n atiborrados de pastillas para la malaria\u00a0 regresaron a Barcelona y fue entonces cuando Marcel, Ra\u00fal y Julia se internaron 400 kil\u00f3metros hacia la selva. Como dato a\u00f1adido cabe mencionar que estas ni\u00f1as que protagonizan el documental proceden de la tribu Santali que se autodenominan \u201clos guerreros\u201d es la mayor comunidad tribal en India, viven en los estados de Bengala Occidental, Bihar, Orissa y Assam. Solo en Bengala Occidental hay m\u00e1s de 2,5 millones santalis.<\/p>\n<p>Los Santalis son explotados y marginados por el resto de las castas y son los Dalits o \u201cintocables\u201d del norte de la India. Gran parte de esta explotaci\u00f3n y marginaci\u00f3n viene dada por el analfabetismo cuya tasa est\u00e1 entre el 80 y el 90%\u00a0 En su mayor\u00eda son familias numerosas, los padres carecen de trabajo, se dedican a la bebida y solo cuentan con recursos del campo que no dan para nada, en las casas puede que vivan siete personas entre mayores y peque\u00f1os\u00a0 en espacios reducidos soportando 50 grados de calor, \u201centonces El Hogar de las Ni\u00f1as les permite a las ni\u00f1as salir de este ciclo de vida de venta, casamiento y embarazos a los 16 a\u00f1os, se les alimenta cuatro veces al d\u00eda y se le brinda un alojamiento, la posibilidad estudiar y construirse como individuos y como personas, los profesores que les ense\u00f1an son todos nativos, se estructuran en diferentes franjas de edad, para las m\u00e1s peque\u00f1as hay tres profesoras bengal\u00eds porque los santalis hablan santal, motivo por el cual adem\u00e1s hay que ense\u00f1arles la lengua, hacerlas madurar y cuando tienen una edad escolar entran en una escuela construida por la ONG.<\/p>\n<p>Hay como\u00a0 7 u 8 profesoras mujeres que les ense\u00f1an, cuando ya entran al instituto las pasan a un centro oficial ubicado a 40 kil\u00f3metros de la ONG en una ciudad m\u00e1s grande. Ah\u00ed empiezan los estudios oficiales, una vez terminan esto dan el paso a la universidad,\u00a0 en este momento hay unas ni\u00f1as que est\u00e1n en este paso\u201d. En total suman 251 ni\u00f1as pero la cifra var\u00eda porque hay algunas que se van si por ejemplo los padres dicen: la hemos casado, se la llevan y no se puede hacer nada porque la realidad es esa. Por ahora la cifra es peque\u00f1a pues no hay muchos recursos, si bien se decidi\u00f3 que fueran solo ni\u00f1as se debe a que componen el pilar, \u201clas mujeres ah\u00ed trabajan mucho, las ves cargando, el eje vertebrador de una familia es una mujer. Si la mujer no es fuerte va mal\u201d. La ONG tiene seis a\u00f1os y\u00a0 la\u00a0 financia gente de Madrid y Barcelona. Ahora bien, el futuro de la residencia seguir\u00e1 dependiendo de las donaciones, por eso es importante darlo a conocer para que a quien le interese el proyecto pueda ayudar a financiarlo. El documental que vienen preparando Marcel, Ra\u00fal y Julia est\u00e1 vinculado estrechamente a la ONG El Hogar de las Ni\u00f1as, tanto por la tem\u00e1tica como por la implicaci\u00f3n que ellos han ido adquiriendo hacia su labor. Quieren que este documental sirva para dar a conocer el trabajo en la regi\u00f3n de Krishnanagart\u00a0 y para valorar el impacto que ejerce la educaci\u00f3n a las tribus de la regi\u00f3n.<\/p>\n<p>\u201cDe momento tenemos mucho trabajo con el documental y estamos muy entusiasmados. Como parte de un ap\u00e9ndice queremos hacer tambi\u00e9n videos enfocados para escuelas de\u00a0 Espa\u00f1a, acompa\u00f1ados de\u00a0 charlas donde se explique a los ni\u00f1os la situaci\u00f3n de otros ni\u00f1os, ense\u00f1ar bailes y juegos de las tribus\u201d.<\/p>\n<p><img decoding=\"async\" class=\"aligncenter\" src=\"https:\/\/www.revistarambla.com\/wp-content\/uploads\/2013\/04\/india_13.jpg\" alt=\"alt\" width=\"700\" height=\"407\" \/><\/p>\n<p><a href=\"http:\/\/elhogardelasninas.org\/\">http:\/\/elhogardelasninas.org\/<\/a><\/p>","protected":false},"excerpt":{"rendered":"<p>Todo comenz\u00f3 con un viaje de trabajo; entonces Ra\u00fal Roda, Julia Cobo y a Marcel Cifr\u00e9 ten\u00edan claro que s\u00f3lo iban a la India con la finalidad de\u00a0 grabar un documental sobre m\u00fasicos, la idea estaba clara: hab\u00eda que registrar im\u00e1genes de grupos musicales que van por todos los centros [&hellip;]<\/p>\n","protected":false},"author":48,"featured_media":0,"comment_status":"open","ping_status":"open","sticky":false,"template":"","format":"standard","meta":{"footnotes":""},"categories":[3,57],"tags":[],"class_list":["post-3100","post","type-post","status-publish","format-standard","hentry","category-actualidad","category-global"],"yoast_head":"<!-- This site is optimized with the Yoast SEO plugin v27.5 - https:\/\/yoast.com\/product\/yoast-seo-wordpress\/ -->\n<title>El hogar de las ni\u00f1as: una posibilidad de cambio - Revista Rambla<\/title>\n<meta name=\"robots\" content=\"index, follow, max-snippet:-1, max-image-preview:large, max-video-preview:-1\" \/>\n<link rel=\"canonical\" href=\"https:\/\/www.revistarambla.com\/en\/el-hogar-de-las-ninas-una-posibilidad-de-cambio\/\" \/>\n<meta property=\"og:locale\" content=\"en_GB\" \/>\n<meta property=\"og:type\" content=\"article\" \/>\n<meta property=\"og:title\" content=\"El hogar de las ni\u00f1as: una posibilidad de cambio - Revista Rambla\" \/>\n<meta property=\"og:description\" content=\"Todo comenz\u00f3 con un viaje de trabajo; entonces Ra\u00fal Roda, Julia Cobo y a Marcel Cifr\u00e9 ten\u00edan claro que s\u00f3lo iban a la India con la finalidad de\u00a0 grabar un documental sobre m\u00fasicos, la idea estaba clara: hab\u00eda que registrar im\u00e1genes de grupos musicales que van por todos los centros [&hellip;]\" \/>\n<meta property=\"og:url\" content=\"https:\/\/www.revistarambla.com\/en\/el-hogar-de-las-ninas-una-posibilidad-de-cambio\/\" \/>\n<meta property=\"og:site_name\" content=\"Revista Rambla\" \/>\n<meta property=\"article:publisher\" content=\"https:\/\/www.facebook.com\/revistarambla\/\" \/>\n<meta property=\"article:published_time\" content=\"2013-04-08T12:30:28+00:00\" \/>\n<meta property=\"article:modified_time\" content=\"2021-12-10T11:16:30+00:00\" \/>\n<meta property=\"og:image\" content=\"https:\/\/www.revistarambla.com\/wp-content\/uploads\/2013\/04\/india_01.jpg\" \/>\n\t<meta property=\"og:image:width\" content=\"682\" \/>\n\t<meta property=\"og:image:height\" content=\"450\" \/>\n\t<meta property=\"og:image:type\" content=\"image\/jpeg\" \/>\n<meta name=\"author\" content=\"Cristian Jara Alvarado\" \/>\n<meta name=\"twitter:card\" content=\"summary_large_image\" \/>\n<meta name=\"twitter:creator\" content=\"@revistarambla\" \/>\n<meta name=\"twitter:site\" content=\"@revistarambla\" \/>\n<meta name=\"twitter:label1\" content=\"Written by\" \/>\n\t<meta name=\"twitter:data1\" content=\"Cristian Jara Alvarado\" \/>\n\t<meta name=\"twitter:label2\" content=\"Estimated reading time\" \/>\n\t<meta name=\"twitter:data2\" content=\"4 minutes\" \/>\n<script type=\"application\/ld+json\" class=\"yoast-schema-graph\">{\"@context\":\"https:\\\/\\\/schema.org\",\"@graph\":[{\"@type\":\"Article\",\"@id\":\"https:\\\/\\\/www.revistarambla.com\\\/el-hogar-de-las-ninas-una-posibilidad-de-cambio\\\/#article\",\"isPartOf\":{\"@id\":\"https:\\\/\\\/www.revistarambla.com\\\/el-hogar-de-las-ninas-una-posibilidad-de-cambio\\\/\"},\"author\":{\"name\":\"Cristian Jara Alvarado\",\"@id\":\"https:\\\/\\\/www.revistarambla.com\\\/#\\\/schema\\\/person\\\/1533ce1c5e463a7ffe5cde703d920ee6\"},\"headline\":\"El hogar de las ni\u00f1as: una posibilidad de cambio\",\"datePublished\":\"2013-04-08T12:30:28+00:00\",\"dateModified\":\"2021-12-10T11:16:30+00:00\",\"mainEntityOfPage\":{\"@id\":\"https:\\\/\\\/www.revistarambla.com\\\/el-hogar-de-las-ninas-una-posibilidad-de-cambio\\\/\"},\"wordCount\":867,\"commentCount\":0,\"publisher\":{\"@id\":\"https:\\\/\\\/www.revistarambla.com\\\/#organization\"},\"image\":{\"@id\":\"https:\\\/\\\/www.revistarambla.com\\\/el-hogar-de-las-ninas-una-posibilidad-de-cambio\\\/#primaryimage\"},\"thumbnailUrl\":\"https:\\\/\\\/www.revistarambla.com\\\/wp-content\\\/uploads\\\/2013\\\/04\\\/india_12.jpg\",\"articleSection\":[\"Actualidad\",\"Global\"],\"inLanguage\":\"en-GB\",\"potentialAction\":[{\"@type\":\"CommentAction\",\"name\":\"Comment\",\"target\":[\"https:\\\/\\\/www.revistarambla.com\\\/el-hogar-de-las-ninas-una-posibilidad-de-cambio\\\/#respond\"]}]},{\"@type\":\"WebPage\",\"@id\":\"https:\\\/\\\/www.revistarambla.com\\\/el-hogar-de-las-ninas-una-posibilidad-de-cambio\\\/\",\"url\":\"https:\\\/\\\/www.revistarambla.com\\\/el-hogar-de-las-ninas-una-posibilidad-de-cambio\\\/\",\"name\":\"El hogar de las ni\u00f1as: una posibilidad de cambio - Revista Rambla\",\"isPartOf\":{\"@id\":\"https:\\\/\\\/www.revistarambla.com\\\/#website\"},\"primaryImageOfPage\":{\"@id\":\"https:\\\/\\\/www.revistarambla.com\\\/el-hogar-de-las-ninas-una-posibilidad-de-cambio\\\/#primaryimage\"},\"image\":{\"@id\":\"https:\\\/\\\/www.revistarambla.com\\\/el-hogar-de-las-ninas-una-posibilidad-de-cambio\\\/#primaryimage\"},\"thumbnailUrl\":\"https:\\\/\\\/www.revistarambla.com\\\/wp-content\\\/uploads\\\/2013\\\/04\\\/india_12.jpg\",\"datePublished\":\"2013-04-08T12:30:28+00:00\",\"dateModified\":\"2021-12-10T11:16:30+00:00\",\"breadcrumb\":{\"@id\":\"https:\\\/\\\/www.revistarambla.com\\\/el-hogar-de-las-ninas-una-posibilidad-de-cambio\\\/#breadcrumb\"},\"inLanguage\":\"en-GB\",\"potentialAction\":[{\"@type\":\"ReadAction\",\"target\":[\"https:\\\/\\\/www.revistarambla.com\\\/el-hogar-de-las-ninas-una-posibilidad-de-cambio\\\/\"]}]},{\"@type\":\"ImageObject\",\"inLanguage\":\"en-GB\",\"@id\":\"https:\\\/\\\/www.revistarambla.com\\\/el-hogar-de-las-ninas-una-posibilidad-de-cambio\\\/#primaryimage\",\"url\":\"https:\\\/\\\/www.revistarambla.com\\\/wp-content\\\/uploads\\\/2013\\\/04\\\/india_12.jpg\",\"contentUrl\":\"https:\\\/\\\/www.revistarambla.com\\\/wp-content\\\/uploads\\\/2013\\\/04\\\/india_12.jpg\"},{\"@type\":\"BreadcrumbList\",\"@id\":\"https:\\\/\\\/www.revistarambla.com\\\/el-hogar-de-las-ninas-una-posibilidad-de-cambio\\\/#breadcrumb\",\"itemListElement\":[{\"@type\":\"ListItem\",\"position\":1,\"name\":\"Portada\",\"item\":\"https:\\\/\\\/www.revistarambla.com\\\/\"},{\"@type\":\"ListItem\",\"position\":2,\"name\":\"El hogar de las ni\u00f1as: una posibilidad de cambio\"}]},{\"@type\":\"WebSite\",\"@id\":\"https:\\\/\\\/www.revistarambla.com\\\/#website\",\"url\":\"https:\\\/\\\/www.revistarambla.com\\\/\",\"name\":\"Revista Rambla Barcelona\",\"description\":\"Periodismo independiente\",\"publisher\":{\"@id\":\"https:\\\/\\\/www.revistarambla.com\\\/#organization\"},\"potentialAction\":[{\"@type\":\"SearchAction\",\"target\":{\"@type\":\"EntryPoint\",\"urlTemplate\":\"https:\\\/\\\/www.revistarambla.com\\\/?s={search_term_string}\"},\"query-input\":{\"@type\":\"PropertyValueSpecification\",\"valueRequired\":true,\"valueName\":\"search_term_string\"}}],\"inLanguage\":\"en-GB\"},{\"@type\":\"Organization\",\"@id\":\"https:\\\/\\\/www.revistarambla.com\\\/#organization\",\"name\":\"Revista Rambla\",\"url\":\"https:\\\/\\\/www.revistarambla.com\\\/\",\"logo\":{\"@type\":\"ImageObject\",\"inLanguage\":\"en-GB\",\"@id\":\"https:\\\/\\\/www.revistarambla.com\\\/#\\\/schema\\\/logo\\\/image\\\/\",\"url\":\"https:\\\/\\\/www.revistarambla.com\\\/wp-content\\\/uploads\\\/2020\\\/09\\\/banner_rambla_1900x600_BB.png\",\"contentUrl\":\"https:\\\/\\\/www.revistarambla.com\\\/wp-content\\\/uploads\\\/2020\\\/09\\\/banner_rambla_1900x600_BB.png\",\"width\":1900,\"height\":600,\"caption\":\"Revista Rambla\"},\"image\":{\"@id\":\"https:\\\/\\\/www.revistarambla.com\\\/#\\\/schema\\\/logo\\\/image\\\/\"},\"sameAs\":[\"https:\\\/\\\/www.facebook.com\\\/revistarambla\\\/\",\"https:\\\/\\\/x.com\\\/revistarambla\",\"https:\\\/\\\/www.instagram.com\\\/revista_rambla\",\"https:\\\/\\\/es.linkedin.com\\\/company\\\/revista-rambla\"]},{\"@type\":\"Person\",\"@id\":\"https:\\\/\\\/www.revistarambla.com\\\/#\\\/schema\\\/person\\\/1533ce1c5e463a7ffe5cde703d920ee6\",\"name\":\"Cristian Jara Alvarado\",\"description\":\"Narrador, guionista y editor.\"}]}<\/script>\n<!-- \/ Yoast SEO plugin. -->","yoast_head_json":{"title":"El hogar de las ni\u00f1as: una posibilidad de cambio - Revista Rambla","robots":{"index":"index","follow":"follow","max-snippet":"max-snippet:-1","max-image-preview":"max-image-preview:large","max-video-preview":"max-video-preview:-1"},"canonical":"https:\/\/www.revistarambla.com\/en\/el-hogar-de-las-ninas-una-posibilidad-de-cambio\/","og_locale":"en_GB","og_type":"article","og_title":"El hogar de las ni\u00f1as: una posibilidad de cambio - Revista Rambla","og_description":"Todo comenz\u00f3 con un viaje de trabajo; entonces Ra\u00fal Roda, Julia Cobo y a Marcel Cifr\u00e9 ten\u00edan claro que s\u00f3lo iban a la India con la finalidad de\u00a0 grabar un documental sobre m\u00fasicos, la idea estaba clara: hab\u00eda que registrar im\u00e1genes de grupos musicales que van por todos los centros [&hellip;]","og_url":"https:\/\/www.revistarambla.com\/en\/el-hogar-de-las-ninas-una-posibilidad-de-cambio\/","og_site_name":"Revista Rambla","article_publisher":"https:\/\/www.facebook.com\/revistarambla\/","article_published_time":"2013-04-08T12:30:28+00:00","article_modified_time":"2021-12-10T11:16:30+00:00","og_image":[{"width":682,"height":450,"url":"https:\/\/www.revistarambla.com\/wp-content\/uploads\/2013\/04\/india_01.jpg","type":"image\/jpeg"}],"author":"Cristian Jara Alvarado","twitter_card":"summary_large_image","twitter_creator":"@revistarambla","twitter_site":"@revistarambla","twitter_misc":{"Written by":"Cristian Jara Alvarado","Estimated reading time":"4 minutes"},"schema":{"@context":"https:\/\/schema.org","@graph":[{"@type":"Article","@id":"https:\/\/www.revistarambla.com\/el-hogar-de-las-ninas-una-posibilidad-de-cambio\/#article","isPartOf":{"@id":"https:\/\/www.revistarambla.com\/el-hogar-de-las-ninas-una-posibilidad-de-cambio\/"},"author":{"name":"Cristian Jara Alvarado","@id":"https:\/\/www.revistarambla.com\/#\/schema\/person\/1533ce1c5e463a7ffe5cde703d920ee6"},"headline":"El hogar de las ni\u00f1as: una posibilidad de cambio","datePublished":"2013-04-08T12:30:28+00:00","dateModified":"2021-12-10T11:16:30+00:00","mainEntityOfPage":{"@id":"https:\/\/www.revistarambla.com\/el-hogar-de-las-ninas-una-posibilidad-de-cambio\/"},"wordCount":867,"commentCount":0,"publisher":{"@id":"https:\/\/www.revistarambla.com\/#organization"},"image":{"@id":"https:\/\/www.revistarambla.com\/el-hogar-de-las-ninas-una-posibilidad-de-cambio\/#primaryimage"},"thumbnailUrl":"https:\/\/www.revistarambla.com\/wp-content\/uploads\/2013\/04\/india_12.jpg","articleSection":["Actualidad","Global"],"inLanguage":"en-GB","potentialAction":[{"@type":"CommentAction","name":"Comment","target":["https:\/\/www.revistarambla.com\/el-hogar-de-las-ninas-una-posibilidad-de-cambio\/#respond"]}]},{"@type":"WebPage","@id":"https:\/\/www.revistarambla.com\/el-hogar-de-las-ninas-una-posibilidad-de-cambio\/","url":"https:\/\/www.revistarambla.com\/el-hogar-de-las-ninas-una-posibilidad-de-cambio\/","name":"El hogar de las ni\u00f1as: una posibilidad de cambio - Revista Rambla","isPartOf":{"@id":"https:\/\/www.revistarambla.com\/#website"},"primaryImageOfPage":{"@id":"https:\/\/www.revistarambla.com\/el-hogar-de-las-ninas-una-posibilidad-de-cambio\/#primaryimage"},"image":{"@id":"https:\/\/www.revistarambla.com\/el-hogar-de-las-ninas-una-posibilidad-de-cambio\/#primaryimage"},"thumbnailUrl":"https:\/\/www.revistarambla.com\/wp-content\/uploads\/2013\/04\/india_12.jpg","datePublished":"2013-04-08T12:30:28+00:00","dateModified":"2021-12-10T11:16:30+00:00","breadcrumb":{"@id":"https:\/\/www.revistarambla.com\/el-hogar-de-las-ninas-una-posibilidad-de-cambio\/#breadcrumb"},"inLanguage":"en-GB","potentialAction":[{"@type":"ReadAction","target":["https:\/\/www.revistarambla.com\/el-hogar-de-las-ninas-una-posibilidad-de-cambio\/"]}]},{"@type":"ImageObject","inLanguage":"en-GB","@id":"https:\/\/www.revistarambla.com\/el-hogar-de-las-ninas-una-posibilidad-de-cambio\/#primaryimage","url":"https:\/\/www.revistarambla.com\/wp-content\/uploads\/2013\/04\/india_12.jpg","contentUrl":"https:\/\/www.revistarambla.com\/wp-content\/uploads\/2013\/04\/india_12.jpg"},{"@type":"BreadcrumbList","@id":"https:\/\/www.revistarambla.com\/el-hogar-de-las-ninas-una-posibilidad-de-cambio\/#breadcrumb","itemListElement":[{"@type":"ListItem","position":1,"name":"Portada","item":"https:\/\/www.revistarambla.com\/"},{"@type":"ListItem","position":2,"name":"El hogar de las ni\u00f1as: una posibilidad de cambio"}]},{"@type":"WebSite","@id":"https:\/\/www.revistarambla.com\/#website","url":"https:\/\/www.revistarambla.com\/","name":"Revista Rambla Barcelona","description":"Periodismo independiente","publisher":{"@id":"https:\/\/www.revistarambla.com\/#organization"},"potentialAction":[{"@type":"SearchAction","target":{"@type":"EntryPoint","urlTemplate":"https:\/\/www.revistarambla.com\/?s={search_term_string}"},"query-input":{"@type":"PropertyValueSpecification","valueRequired":true,"valueName":"search_term_string"}}],"inLanguage":"en-GB"},{"@type":"Organization","@id":"https:\/\/www.revistarambla.com\/#organization","name":"Revista Rambla","url":"https:\/\/www.revistarambla.com\/","logo":{"@type":"ImageObject","inLanguage":"en-GB","@id":"https:\/\/www.revistarambla.com\/#\/schema\/logo\/image\/","url":"https:\/\/www.revistarambla.com\/wp-content\/uploads\/2020\/09\/banner_rambla_1900x600_BB.png","contentUrl":"https:\/\/www.revistarambla.com\/wp-content\/uploads\/2020\/09\/banner_rambla_1900x600_BB.png","width":1900,"height":600,"caption":"Revista Rambla"},"image":{"@id":"https:\/\/www.revistarambla.com\/#\/schema\/logo\/image\/"},"sameAs":["https:\/\/www.facebook.com\/revistarambla\/","https:\/\/x.com\/revistarambla","https:\/\/www.instagram.com\/revista_rambla","https:\/\/es.linkedin.com\/company\/revista-rambla"]},{"@type":"Person","@id":"https:\/\/www.revistarambla.com\/#\/schema\/person\/1533ce1c5e463a7ffe5cde703d920ee6","name":"Cristian Jara Alvarado","description":"Narrador, guionista y editor."}]}},"_links":{"self":[{"href":"https:\/\/www.revistarambla.com\/en\/wp-json\/wp\/v2\/posts\/3100","targetHints":{"allow":["GET"]}}],"collection":[{"href":"https:\/\/www.revistarambla.com\/en\/wp-json\/wp\/v2\/posts"}],"about":[{"href":"https:\/\/www.revistarambla.com\/en\/wp-json\/wp\/v2\/types\/post"}],"author":[{"embeddable":true,"href":"https:\/\/www.revistarambla.com\/en\/wp-json\/wp\/v2\/users\/48"}],"replies":[{"embeddable":true,"href":"https:\/\/www.revistarambla.com\/en\/wp-json\/wp\/v2\/comments?post=3100"}],"version-history":[{"count":0,"href":"https:\/\/www.revistarambla.com\/en\/wp-json\/wp\/v2\/posts\/3100\/revisions"}],"wp:attachment":[{"href":"https:\/\/www.revistarambla.com\/en\/wp-json\/wp\/v2\/media?parent=3100"}],"wp:term":[{"taxonomy":"category","embeddable":true,"href":"https:\/\/www.revistarambla.com\/en\/wp-json\/wp\/v2\/categories?post=3100"},{"taxonomy":"post_tag","embeddable":true,"href":"https:\/\/www.revistarambla.com\/en\/wp-json\/wp\/v2\/tags?post=3100"}],"curies":[{"name":"wp","href":"https:\/\/api.w.org\/{rel}","templated":true}]}}