{"id":30947,"date":"2021-04-27T13:45:11","date_gmt":"2021-04-27T11:45:11","guid":{"rendered":"https:\/\/www.revistarambla.com\/?p=30947"},"modified":"2021-12-07T16:16:52","modified_gmt":"2021-12-07T15:16:52","slug":"ayuso-y-el-circo-de-las-amenazas","status":"publish","type":"post","link":"https:\/\/www.revistarambla.com\/en\/ayuso-y-el-circo-de-las-amenazas\/","title":{"rendered":"Ayuso y el circo de las amenazas"},"content":{"rendered":"<p>El \u00ednclito Aznar a trav\u00e9s de su fundaci\u00f3n FAES habr\u00eda dise\u00f1ado una estrategia para descabalgar del Poder al Gobierno PSOE-Unidas Podemos y para esta operaci\u00f3n habr\u00eda elegido a D\u00edaz Ayuso como su nuevo delf\u00edn y adalid de la nueva pol\u00edtica neoliberal que intenta implementar en el escenario post coronavirus.<\/p>\n<p><a href=\"https:\/\/www.revistarambla.com\/en\/ayuso-y-la-enfermedad-del-poder\/\">Ayuso, desde su atalaya de la Puerta del Sol<\/a>, se habr\u00eda convertido en el vivo reflejo de la incongruencia trumpiana que consigue desarbolar cualquier estrategia opositora que sea m\u00ednimamente racional y su strategia electoral se basar\u00e1 en la defensa del para\u00edso neoliberal madrile\u00f1o, como \u00faltimo reducto de las libertades individuales frente al \u201cEstado Totalitario Socialista\u201d en la creencia de que el electorado madrile\u00f1o primar\u00e1 el \u201cpanem et circenses\u201d ayusiano frente al v\u00e9rtigo del \u201cR\u00e9gimen totalitario propugnado por Pablo Iglesias\u201d.<\/p>\n<p>La <a href=\"https:\/\/www.revistarambla.com\/en\/ayuso-y-la-pasion-por-el-poder\/\">utop\u00eda de Ayuso<\/a> ser\u00eda vencer a Pedro S\u00e1nchez en las pr\u00f3ximas Elecciones Generales del 2023, destino final de un recorrido jalonado por lo necesario (convocar Elecciones anticipadas en la Comunidad de Madrid para el 4 de Mayo) y lo posible ( lograr la mayor\u00eda absoluta en las pr\u00f3ximas elecciones madrile\u00f1as), pero en su intento por distanciarse de la \u00f3rbita de Casado, Ayuso se habr\u00eda adentrado peligrosamente en los confines electorales de la formaci\u00f3n VOX y habr\u00eda terminado por diluir las tenues l\u00edneas identitarias que le separaban de dicho partido, con lo que el electorado tendr\u00e1 dificultad para distinguir las diferencias entre ambos programas.<\/p>\n<p>As\u00ed, la falta de una condena rotunda por parte de Ayuso de las recientes amenazas contra el candidato de UP, Pablo Iglesias, (\u201cno puede ser que los que tambi\u00e9n provocan esa violencia luego se hagan los ofendidos\u201d), podr\u00eda conllevar la aceptaci\u00f3n por su electorado de dichas amenazas como \u201cestrategias electorales de la izquierda para movilizar a su electorado\u201d y desembocar en la banalizaci\u00f3n de la violencia por sus votantes al igual que habr\u00edan hecho ya los votantes de Vox.<\/p>\n<p>De continuar por la senda de la confrontaci\u00f3n visceral, en las Elecciones Generales del 2023 podr\u00edamos asistir a la polarizaci\u00f3n extrema de un electorado que deber\u00e1 elegir entre un nuevo Frente Popular integrado por el PSOE, Unidas Podemos y corrientes perif\u00e9ricas afines o dar su voto a la nueva CEDA integrada por el PP y Vox, polarizaci\u00f3n que podr\u00eda hacer prof\u00e9ticos los versos de Antonio Machado en su libro Campos de Castilla: \u201cEl numen de estos campos es sanguinario y fiero, un trozo de planeta por donde cruza errante la sombra de Ca\u00edn\u201d.<\/p>","protected":false},"excerpt":{"rendered":"<p>\u201cEl numen de estos campos es sanguinario y fiero, un trozo de planeta por donde cruza errante la sombra de Ca\u00edn\u201d (Antonio Machado)<\/p>","protected":false},"author":16,"featured_media":30948,"comment_status":"open","ping_status":"open","sticky":false,"template":"","format":"standard","meta":{"footnotes":""},"categories":[72],"tags":[],"class_list":["post-30947","post","type-post","status-publish","format-standard","has-post-thumbnail","hentry","category-opinion"],"yoast_head":"<!-- This site is optimized with the Yoast SEO plugin v27.5 - https:\/\/yoast.com\/product\/yoast-seo-wordpress\/ -->\n<title>Ayuso y el circo de las amenazas - Revista Rambla<\/title>\n<meta name=\"robots\" content=\"index, follow, max-snippet:-1, max-image-preview:large, max-video-preview:-1\" \/>\n<link rel=\"canonical\" href=\"https:\/\/www.revistarambla.com\/en\/ayuso-y-el-circo-de-las-amenazas\/\" \/>\n<meta property=\"og:locale\" content=\"en_GB\" \/>\n<meta property=\"og:type\" content=\"article\" \/>\n<meta property=\"og:title\" content=\"Ayuso y el circo de las amenazas - Revista Rambla\" \/>\n<meta property=\"og:description\" content=\"\u201cEl numen de estos campos es sanguinario y fiero, un trozo de planeta por donde cruza errante la sombra de Ca\u00edn\u201d (Antonio Machado)\" \/>\n<meta property=\"og:url\" content=\"https:\/\/www.revistarambla.com\/en\/ayuso-y-el-circo-de-las-amenazas\/\" \/>\n<meta property=\"og:site_name\" content=\"Revista Rambla\" \/>\n<meta property=\"article:publisher\" content=\"https:\/\/www.facebook.com\/revistarambla\/\" \/>\n<meta property=\"article:published_time\" content=\"2021-04-27T11:45:11+00:00\" \/>\n<meta property=\"article:modified_time\" content=\"2021-12-07T15:16:52+00:00\" \/>\n<meta property=\"og:image\" content=\"https:\/\/www.revistarambla.com\/wp-content\/uploads\/2021\/04\/729px-Isabel_Diaz_Ayuso_47017634384.jpg\" \/>\n\t<meta property=\"og:image:width\" content=\"729\" \/>\n\t<meta property=\"og:image:height\" content=\"1024\" \/>\n\t<meta property=\"og:image:type\" content=\"image\/jpeg\" \/>\n<meta name=\"author\" content=\"Germ\u00e1n Gorraiz L\u00f3pez\" \/>\n<meta name=\"twitter:card\" content=\"summary_large_image\" \/>\n<meta name=\"twitter:creator\" content=\"@revistarambla\" \/>\n<meta name=\"twitter:site\" content=\"@revistarambla\" \/>\n<meta name=\"twitter:label1\" content=\"Written by\" \/>\n\t<meta name=\"twitter:data1\" content=\"Germ\u00e1n Gorraiz L\u00f3pez\" \/>\n\t<meta name=\"twitter:label2\" content=\"Estimated reading time\" \/>\n\t<meta name=\"twitter:data2\" content=\"2 minutes\" \/>\n<script type=\"application\/ld+json\" class=\"yoast-schema-graph\">{\"@context\":\"https:\\\/\\\/schema.org\",\"@graph\":[{\"@type\":\"Article\",\"@id\":\"https:\\\/\\\/www.revistarambla.com\\\/ayuso-y-el-circo-de-las-amenazas\\\/#article\",\"isPartOf\":{\"@id\":\"https:\\\/\\\/www.revistarambla.com\\\/ayuso-y-el-circo-de-las-amenazas\\\/\"},\"author\":{\"name\":\"Germ\u00e1n Gorraiz L\u00f3pez\",\"@id\":\"https:\\\/\\\/www.revistarambla.com\\\/#\\\/schema\\\/person\\\/23a7868ff10cd88f8fdb045c7b7e4a4d\"},\"headline\":\"Ayuso y el circo de las amenazas\",\"datePublished\":\"2021-04-27T11:45:11+00:00\",\"dateModified\":\"2021-12-07T15:16:52+00:00\",\"mainEntityOfPage\":{\"@id\":\"https:\\\/\\\/www.revistarambla.com\\\/ayuso-y-el-circo-de-las-amenazas\\\/\"},\"wordCount\":447,\"commentCount\":0,\"publisher\":{\"@id\":\"https:\\\/\\\/www.revistarambla.com\\\/#organization\"},\"image\":{\"@id\":\"https:\\\/\\\/www.revistarambla.com\\\/ayuso-y-el-circo-de-las-amenazas\\\/#primaryimage\"},\"thumbnailUrl\":\"https:\\\/\\\/www.revistarambla.com\\\/wp-content\\\/uploads\\\/2021\\\/04\\\/729px-Isabel_Diaz_Ayuso_47017634384.jpg\",\"articleSection\":[\"Opiniones\"],\"inLanguage\":\"en-GB\",\"potentialAction\":[{\"@type\":\"CommentAction\",\"name\":\"Comment\",\"target\":[\"https:\\\/\\\/www.revistarambla.com\\\/ayuso-y-el-circo-de-las-amenazas\\\/#respond\"]}]},{\"@type\":\"WebPage\",\"@id\":\"https:\\\/\\\/www.revistarambla.com\\\/ayuso-y-el-circo-de-las-amenazas\\\/\",\"url\":\"https:\\\/\\\/www.revistarambla.com\\\/ayuso-y-el-circo-de-las-amenazas\\\/\",\"name\":\"Ayuso y el circo de las amenazas - Revista Rambla\",\"isPartOf\":{\"@id\":\"https:\\\/\\\/www.revistarambla.com\\\/#website\"},\"primaryImageOfPage\":{\"@id\":\"https:\\\/\\\/www.revistarambla.com\\\/ayuso-y-el-circo-de-las-amenazas\\\/#primaryimage\"},\"image\":{\"@id\":\"https:\\\/\\\/www.revistarambla.com\\\/ayuso-y-el-circo-de-las-amenazas\\\/#primaryimage\"},\"thumbnailUrl\":\"https:\\\/\\\/www.revistarambla.com\\\/wp-content\\\/uploads\\\/2021\\\/04\\\/729px-Isabel_Diaz_Ayuso_47017634384.jpg\",\"datePublished\":\"2021-04-27T11:45:11+00:00\",\"dateModified\":\"2021-12-07T15:16:52+00:00\",\"breadcrumb\":{\"@id\":\"https:\\\/\\\/www.revistarambla.com\\\/ayuso-y-el-circo-de-las-amenazas\\\/#breadcrumb\"},\"inLanguage\":\"en-GB\",\"potentialAction\":[{\"@type\":\"ReadAction\",\"target\":[\"https:\\\/\\\/www.revistarambla.com\\\/ayuso-y-el-circo-de-las-amenazas\\\/\"]}]},{\"@type\":\"ImageObject\",\"inLanguage\":\"en-GB\",\"@id\":\"https:\\\/\\\/www.revistarambla.com\\\/ayuso-y-el-circo-de-las-amenazas\\\/#primaryimage\",\"url\":\"https:\\\/\\\/www.revistarambla.com\\\/wp-content\\\/uploads\\\/2021\\\/04\\\/729px-Isabel_Diaz_Ayuso_47017634384.jpg\",\"contentUrl\":\"https:\\\/\\\/www.revistarambla.com\\\/wp-content\\\/uploads\\\/2021\\\/04\\\/729px-Isabel_Diaz_Ayuso_47017634384.jpg\",\"width\":729,\"height\":1024},{\"@type\":\"BreadcrumbList\",\"@id\":\"https:\\\/\\\/www.revistarambla.com\\\/ayuso-y-el-circo-de-las-amenazas\\\/#breadcrumb\",\"itemListElement\":[{\"@type\":\"ListItem\",\"position\":1,\"name\":\"Portada\",\"item\":\"https:\\\/\\\/www.revistarambla.com\\\/\"},{\"@type\":\"ListItem\",\"position\":2,\"name\":\"Ayuso y el circo de las amenazas\"}]},{\"@type\":\"WebSite\",\"@id\":\"https:\\\/\\\/www.revistarambla.com\\\/#website\",\"url\":\"https:\\\/\\\/www.revistarambla.com\\\/\",\"name\":\"Revista Rambla Barcelona\",\"description\":\"Periodismo independiente\",\"publisher\":{\"@id\":\"https:\\\/\\\/www.revistarambla.com\\\/#organization\"},\"potentialAction\":[{\"@type\":\"SearchAction\",\"target\":{\"@type\":\"EntryPoint\",\"urlTemplate\":\"https:\\\/\\\/www.revistarambla.com\\\/?s={search_term_string}\"},\"query-input\":{\"@type\":\"PropertyValueSpecification\",\"valueRequired\":true,\"valueName\":\"search_term_string\"}}],\"inLanguage\":\"en-GB\"},{\"@type\":\"Organization\",\"@id\":\"https:\\\/\\\/www.revistarambla.com\\\/#organization\",\"name\":\"Revista Rambla\",\"url\":\"https:\\\/\\\/www.revistarambla.com\\\/\",\"logo\":{\"@type\":\"ImageObject\",\"inLanguage\":\"en-GB\",\"@id\":\"https:\\\/\\\/www.revistarambla.com\\\/#\\\/schema\\\/logo\\\/image\\\/\",\"url\":\"https:\\\/\\\/www.revistarambla.com\\\/wp-content\\\/uploads\\\/2020\\\/09\\\/banner_rambla_1900x600_BB.png\",\"contentUrl\":\"https:\\\/\\\/www.revistarambla.com\\\/wp-content\\\/uploads\\\/2020\\\/09\\\/banner_rambla_1900x600_BB.png\",\"width\":1900,\"height\":600,\"caption\":\"Revista Rambla\"},\"image\":{\"@id\":\"https:\\\/\\\/www.revistarambla.com\\\/#\\\/schema\\\/logo\\\/image\\\/\"},\"sameAs\":[\"https:\\\/\\\/www.facebook.com\\\/revistarambla\\\/\",\"https:\\\/\\\/x.com\\\/revistarambla\",\"https:\\\/\\\/www.instagram.com\\\/revista_rambla\",\"https:\\\/\\\/es.linkedin.com\\\/company\\\/revista-rambla\"]},{\"@type\":\"Person\",\"@id\":\"https:\\\/\\\/www.revistarambla.com\\\/#\\\/schema\\\/person\\\/23a7868ff10cd88f8fdb045c7b7e4a4d\",\"name\":\"Germ\u00e1n Gorraiz L\u00f3pez\",\"description\":\"Nacido en Navarra en 1957. Escribe an\u00e1lisis sobre temas econ\u00f3micos y geopol\u00edticos. Es miembro de Attac-Navarra. Colabora habitualmente en varios medios digitales e impresos espa\u00f1oles y latinoamericanos.\"}]}<\/script>\n<!-- \/ Yoast SEO plugin. -->","yoast_head_json":{"title":"Ayuso y el circo de las amenazas - Revista Rambla","robots":{"index":"index","follow":"follow","max-snippet":"max-snippet:-1","max-image-preview":"max-image-preview:large","max-video-preview":"max-video-preview:-1"},"canonical":"https:\/\/www.revistarambla.com\/en\/ayuso-y-el-circo-de-las-amenazas\/","og_locale":"en_GB","og_type":"article","og_title":"Ayuso y el circo de las amenazas - Revista Rambla","og_description":"\u201cEl numen de estos campos es sanguinario y fiero, un trozo de planeta por donde cruza errante la sombra de Ca\u00edn\u201d (Antonio Machado)","og_url":"https:\/\/www.revistarambla.com\/en\/ayuso-y-el-circo-de-las-amenazas\/","og_site_name":"Revista Rambla","article_publisher":"https:\/\/www.facebook.com\/revistarambla\/","article_published_time":"2021-04-27T11:45:11+00:00","article_modified_time":"2021-12-07T15:16:52+00:00","og_image":[{"width":729,"height":1024,"url":"https:\/\/www.revistarambla.com\/wp-content\/uploads\/2021\/04\/729px-Isabel_Diaz_Ayuso_47017634384.jpg","type":"image\/jpeg"}],"author":"Germ\u00e1n Gorraiz L\u00f3pez","twitter_card":"summary_large_image","twitter_creator":"@revistarambla","twitter_site":"@revistarambla","twitter_misc":{"Written by":"Germ\u00e1n Gorraiz L\u00f3pez","Estimated reading time":"2 minutes"},"schema":{"@context":"https:\/\/schema.org","@graph":[{"@type":"Article","@id":"https:\/\/www.revistarambla.com\/ayuso-y-el-circo-de-las-amenazas\/#article","isPartOf":{"@id":"https:\/\/www.revistarambla.com\/ayuso-y-el-circo-de-las-amenazas\/"},"author":{"name":"Germ\u00e1n Gorraiz L\u00f3pez","@id":"https:\/\/www.revistarambla.com\/#\/schema\/person\/23a7868ff10cd88f8fdb045c7b7e4a4d"},"headline":"Ayuso y el circo de las amenazas","datePublished":"2021-04-27T11:45:11+00:00","dateModified":"2021-12-07T15:16:52+00:00","mainEntityOfPage":{"@id":"https:\/\/www.revistarambla.com\/ayuso-y-el-circo-de-las-amenazas\/"},"wordCount":447,"commentCount":0,"publisher":{"@id":"https:\/\/www.revistarambla.com\/#organization"},"image":{"@id":"https:\/\/www.revistarambla.com\/ayuso-y-el-circo-de-las-amenazas\/#primaryimage"},"thumbnailUrl":"https:\/\/www.revistarambla.com\/wp-content\/uploads\/2021\/04\/729px-Isabel_Diaz_Ayuso_47017634384.jpg","articleSection":["Opiniones"],"inLanguage":"en-GB","potentialAction":[{"@type":"CommentAction","name":"Comment","target":["https:\/\/www.revistarambla.com\/ayuso-y-el-circo-de-las-amenazas\/#respond"]}]},{"@type":"WebPage","@id":"https:\/\/www.revistarambla.com\/ayuso-y-el-circo-de-las-amenazas\/","url":"https:\/\/www.revistarambla.com\/ayuso-y-el-circo-de-las-amenazas\/","name":"Ayuso y el circo de las amenazas - Revista Rambla","isPartOf":{"@id":"https:\/\/www.revistarambla.com\/#website"},"primaryImageOfPage":{"@id":"https:\/\/www.revistarambla.com\/ayuso-y-el-circo-de-las-amenazas\/#primaryimage"},"image":{"@id":"https:\/\/www.revistarambla.com\/ayuso-y-el-circo-de-las-amenazas\/#primaryimage"},"thumbnailUrl":"https:\/\/www.revistarambla.com\/wp-content\/uploads\/2021\/04\/729px-Isabel_Diaz_Ayuso_47017634384.jpg","datePublished":"2021-04-27T11:45:11+00:00","dateModified":"2021-12-07T15:16:52+00:00","breadcrumb":{"@id":"https:\/\/www.revistarambla.com\/ayuso-y-el-circo-de-las-amenazas\/#breadcrumb"},"inLanguage":"en-GB","potentialAction":[{"@type":"ReadAction","target":["https:\/\/www.revistarambla.com\/ayuso-y-el-circo-de-las-amenazas\/"]}]},{"@type":"ImageObject","inLanguage":"en-GB","@id":"https:\/\/www.revistarambla.com\/ayuso-y-el-circo-de-las-amenazas\/#primaryimage","url":"https:\/\/www.revistarambla.com\/wp-content\/uploads\/2021\/04\/729px-Isabel_Diaz_Ayuso_47017634384.jpg","contentUrl":"https:\/\/www.revistarambla.com\/wp-content\/uploads\/2021\/04\/729px-Isabel_Diaz_Ayuso_47017634384.jpg","width":729,"height":1024},{"@type":"BreadcrumbList","@id":"https:\/\/www.revistarambla.com\/ayuso-y-el-circo-de-las-amenazas\/#breadcrumb","itemListElement":[{"@type":"ListItem","position":1,"name":"Portada","item":"https:\/\/www.revistarambla.com\/"},{"@type":"ListItem","position":2,"name":"Ayuso y el circo de las amenazas"}]},{"@type":"WebSite","@id":"https:\/\/www.revistarambla.com\/#website","url":"https:\/\/www.revistarambla.com\/","name":"Revista Rambla Barcelona","description":"Periodismo independiente","publisher":{"@id":"https:\/\/www.revistarambla.com\/#organization"},"potentialAction":[{"@type":"SearchAction","target":{"@type":"EntryPoint","urlTemplate":"https:\/\/www.revistarambla.com\/?s={search_term_string}"},"query-input":{"@type":"PropertyValueSpecification","valueRequired":true,"valueName":"search_term_string"}}],"inLanguage":"en-GB"},{"@type":"Organization","@id":"https:\/\/www.revistarambla.com\/#organization","name":"Revista Rambla","url":"https:\/\/www.revistarambla.com\/","logo":{"@type":"ImageObject","inLanguage":"en-GB","@id":"https:\/\/www.revistarambla.com\/#\/schema\/logo\/image\/","url":"https:\/\/www.revistarambla.com\/wp-content\/uploads\/2020\/09\/banner_rambla_1900x600_BB.png","contentUrl":"https:\/\/www.revistarambla.com\/wp-content\/uploads\/2020\/09\/banner_rambla_1900x600_BB.png","width":1900,"height":600,"caption":"Revista Rambla"},"image":{"@id":"https:\/\/www.revistarambla.com\/#\/schema\/logo\/image\/"},"sameAs":["https:\/\/www.facebook.com\/revistarambla\/","https:\/\/x.com\/revistarambla","https:\/\/www.instagram.com\/revista_rambla","https:\/\/es.linkedin.com\/company\/revista-rambla"]},{"@type":"Person","@id":"https:\/\/www.revistarambla.com\/#\/schema\/person\/23a7868ff10cd88f8fdb045c7b7e4a4d","name":"Germ\u00e1n Gorraiz L\u00f3pez","description":"Nacido en Navarra en 1957. Escribe an\u00e1lisis sobre temas econ\u00f3micos y geopol\u00edticos. Es miembro de Attac-Navarra. Colabora habitualmente en varios medios digitales e impresos espa\u00f1oles y latinoamericanos."}]}},"_links":{"self":[{"href":"https:\/\/www.revistarambla.com\/en\/wp-json\/wp\/v2\/posts\/30947","targetHints":{"allow":["GET"]}}],"collection":[{"href":"https:\/\/www.revistarambla.com\/en\/wp-json\/wp\/v2\/posts"}],"about":[{"href":"https:\/\/www.revistarambla.com\/en\/wp-json\/wp\/v2\/types\/post"}],"author":[{"embeddable":true,"href":"https:\/\/www.revistarambla.com\/en\/wp-json\/wp\/v2\/users\/16"}],"replies":[{"embeddable":true,"href":"https:\/\/www.revistarambla.com\/en\/wp-json\/wp\/v2\/comments?post=30947"}],"version-history":[{"count":0,"href":"https:\/\/www.revistarambla.com\/en\/wp-json\/wp\/v2\/posts\/30947\/revisions"}],"wp:featuredmedia":[{"embeddable":true,"href":"https:\/\/www.revistarambla.com\/en\/wp-json\/wp\/v2\/media\/30948"}],"wp:attachment":[{"href":"https:\/\/www.revistarambla.com\/en\/wp-json\/wp\/v2\/media?parent=30947"}],"wp:term":[{"taxonomy":"category","embeddable":true,"href":"https:\/\/www.revistarambla.com\/en\/wp-json\/wp\/v2\/categories?post=30947"},{"taxonomy":"post_tag","embeddable":true,"href":"https:\/\/www.revistarambla.com\/en\/wp-json\/wp\/v2\/tags?post=30947"}],"curies":[{"name":"wp","href":"https:\/\/api.w.org\/{rel}","templated":true}]}}