{"id":309,"date":"2010-09-01T08:47:56","date_gmt":"2010-09-01T06:47:56","guid":{"rendered":"https:\/\/www.revistarambla.com\/una-chispa-en-el-espacio\/"},"modified":"2023-12-29T13:45:09","modified_gmt":"2023-12-29T12:45:09","slug":"una-chispa-en-el-espacio","status":"publish","type":"post","link":"https:\/\/www.revistarambla.com\/en\/una-chispa-en-el-espacio\/","title":{"rendered":"Una chispa en el espacio"},"content":{"rendered":"<p><img decoding=\"async\" class=\"size-full wp-image-308 aligncenter\" style=\"width: 550px; height: 198px;\" src=\"https:\/\/www.revistarambla.com\/wp-content\/uploads\/2010\/09\/sonsandLovers.jpg\" alt=\"alt\" width=\"550\" height=\"198\" srcset=\"https:\/\/www.revistarambla.com\/wp-content\/uploads\/2010\/09\/sonsandLovers.jpg 550w, https:\/\/www.revistarambla.com\/wp-content\/uploads\/2010\/09\/sonsandLovers-300x108.jpg 300w, https:\/\/www.revistarambla.com\/wp-content\/uploads\/2010\/09\/sonsandLovers-500x180.jpg 500w\" sizes=\"(max-width: 550px) 100vw, 550px\" \/><\/p>\n<p style=\"text-align: left;\">Si vivir es sumergir la cabeza entre las aguas y contener el aliento hasta verse enzarzado en una lucha a ciegas con la oscuridad y el aire; si morir es la \u00fanica manera que uno tiene de decir basta y quedar en paz con su enemigo, cuando el cuerpo inerme rasga un segundo la superficie y luego se hunde y se pierde en el pozo de tinieblas, entonces quiz\u00e1 sea cierto que la difunta Gertrude Coppard, esposa del minero Walter Morel, empez\u00f3 a luchar mucho antes de lo debido, si bien sus fuerzas fueron tales que no vio jam\u00e1s el momento de apartarse y decir \u00abbasta, ya no lo resisto m\u00e1s\u00bb.<\/p>\n<p style=\"text-align: left;\">Del azul enfermo de sus labios se escapa ahora el ronco estertor de su respiraci\u00f3n entrecortada. Es un bramido que dura toda la noche, toda la ma\u00f1ana; sus hijos ya no pueden m\u00e1s. Finalmente, como un \u00e1rbitro imparcial, el silencio toma la casa poniendo fin a la contienda. Es el alivio de la muerte que se impone, disolviendo los dolores y liberando las penas. Gertrude Morel, agobiada en los \u00faltimos meses por los intentos de consuelo de su amigo el pastor, a quien sol\u00eda pedir que por favor no continuase, que ninguna necesidad ten\u00eda ella de reencontrarse con unos muertos de los que durante tanto tiempo hab\u00eda sabido prescindir, yace ahora irremisiblemente muerta en el lecho, sola, vencida, bella y como rejuvenecida.<\/p>\n<p style=\"text-align: left;\">Si, por otro lado, amar es depositar ingenuamente el coraz\u00f3n en las manos de alguien y ah\u00ed enterrarlo con d\u00edas, palabras, palabras y m\u00e1s d\u00edas; si el odio se gesta despu\u00e9s en la intuici\u00f3n de que el coraz\u00f3n propio se exalta o languidece sepultado siempre entre otras manos, entonces quiz\u00e1 la decisi\u00f3n que Paul Morel toma tras la muerte de su madre (ah\u00ed vuelve el joven sus pasos hacia las luces de la ciudad, el pozo de la noche a sus espaldas) no sea en el fondo \u2013si es que amor y odio son en verdad los soplos que hacen temblar la vida humana\u2013 nada m\u00e1s que un cierto quedarse a distancia, procurando guardarse tanto de la absorci\u00f3n ciega del amor como del extra\u00f1amiento inflexible del odio. Sus pu\u00f1os cerrados lo dicen: no hay asidero (\u00abpor todas partes reinaban la vastedad y el terror de la noche inmensa\u00bb), ya no quedan v\u00ednculos (\u00abella era el \u00fanico ser que lo sosten\u00eda en medio de todo eso. Y se hab\u00eda ido, se hab\u00eda fundido con todo\u00bb), y, despu\u00e9s de todo, uno debe en alg\u00fan momento tener el coraje de arrojar otra vez el peso del propio coraz\u00f3n sobre las propias espaldas.<\/p>\n<p style=\"text-align: left;\">Sin embargo, <em>Hijos y amantes<\/em> no termina exactamente con una promesa, ni logra convencernos de que con el paso veloz de Paul hacia \u00abla fosforescencia dorada de la ciudad\u00bb algo prometedor o algo con lo que comprometerse est\u00e1 a punto de salir a flote. Tampoco nos permitir\u00edamos apostar nada a que su sollozo lastimero no retornar\u00e1 doblada la esquina de la primera calle de Nottingham. No, ha habido un corte y se han vertido muchas l\u00e1grimas, pero \u00abla noche en que todo se perd\u00eda se extend\u00eda al infinito, m\u00e1s all\u00e1 de las estrellas y del sol. Las estrellas y el sol, unos cuantos granos de luz dispersos, giraban presos del terror y se sosten\u00edan en un mutuo abrazo, empeque\u00f1ecidos y acobardados\u00bb. No sabemos si la ciudad resplandeciente permitir\u00e1 a Paul aprender a vivir, tambi\u00e9n en la negrura de la noche, sin sentirse atormentado; ignoramos si el \u00abvac\u00edo infinito\u00bb que brota de su pecho lo alzar\u00e1 por encima de s\u00ed mismo, haciendo de \u00e9l algo m\u00e1s que un hijo y un amante, o si, por el contrario, lo confinar\u00e1 definitivamente en la esterilidad de las propias tinieblas. Nada sino una noche pre\u00f1ada de dudas queda de los panes lentamente horneados en la cocina de la infancia; nada, sino ese manto oscuro que torna insignificantes al sol y a las estrellas, permanece de los largos paseos con Miriam en la granja de Willey. Paul Morel se da cuenta, por primera vez en su vida, de que est\u00e1 absolutamente solo, como una \u00abchispa diminuta\u00bb en el espacio.<\/p>","protected":false},"excerpt":{"rendered":"<p>Si vivir es sumergir la cabeza entre las aguas y contener el aliento hasta verse enzarzado en una lucha a ciegas con la oscuridad y el aire; si morir es la \u00fanica manera que uno tiene de decir basta y quedar en paz con su enemigo, cuando el cuerpo inerme [&hellip;]<\/p>\n","protected":false},"author":31,"featured_media":0,"comment_status":"open","ping_status":"open","sticky":false,"template":"","format":"standard","meta":{"footnotes":""},"categories":[75],"tags":[],"class_list":["post-309","post","type-post","status-publish","format-standard","hentry","category-letras-y-cuentos"],"yoast_head":"<!-- This site is optimized with the Yoast SEO plugin v27.5 - https:\/\/yoast.com\/product\/yoast-seo-wordpress\/ -->\n<title>Una chispa en el espacio - Revista Rambla<\/title>\n<meta name=\"robots\" content=\"index, follow, max-snippet:-1, max-image-preview:large, max-video-preview:-1\" \/>\n<link rel=\"canonical\" href=\"https:\/\/www.revistarambla.com\/en\/una-chispa-en-el-espacio\/\" \/>\n<meta property=\"og:locale\" content=\"en_GB\" \/>\n<meta property=\"og:type\" content=\"article\" \/>\n<meta property=\"og:title\" content=\"Una chispa en el espacio - Revista Rambla\" \/>\n<meta property=\"og:description\" content=\"Si vivir es sumergir la cabeza entre las aguas y contener el aliento hasta verse enzarzado en una lucha a ciegas con la oscuridad y el aire; si morir es la \u00fanica manera que uno tiene de decir basta y quedar en paz con su enemigo, cuando el cuerpo inerme [&hellip;]\" \/>\n<meta property=\"og:url\" content=\"https:\/\/www.revistarambla.com\/en\/una-chispa-en-el-espacio\/\" \/>\n<meta property=\"og:site_name\" content=\"Revista Rambla\" \/>\n<meta property=\"article:publisher\" content=\"https:\/\/www.facebook.com\/revistarambla\/\" \/>\n<meta property=\"article:published_time\" content=\"2010-09-01T06:47:56+00:00\" \/>\n<meta property=\"article:modified_time\" content=\"2023-12-29T12:45:09+00:00\" \/>\n<meta property=\"og:image\" content=\"https:\/\/www.revistarambla.com\/wp-content\/uploads\/2010\/09\/sonsandLovers.jpg\" \/>\n<meta name=\"author\" content=\"Aida M\u00edguez Barciela\" \/>\n<meta name=\"twitter:card\" content=\"summary_large_image\" \/>\n<meta name=\"twitter:creator\" content=\"@revistarambla\" \/>\n<meta name=\"twitter:site\" content=\"@revistarambla\" \/>\n<meta name=\"twitter:label1\" content=\"Written by\" \/>\n\t<meta name=\"twitter:data1\" content=\"Aida M\u00edguez Barciela\" \/>\n\t<meta name=\"twitter:label2\" content=\"Estimated reading time\" \/>\n\t<meta name=\"twitter:data2\" content=\"4 minutes\" \/>\n<script type=\"application\/ld+json\" class=\"yoast-schema-graph\">{\"@context\":\"https:\\\/\\\/schema.org\",\"@graph\":[{\"@type\":\"Article\",\"@id\":\"https:\\\/\\\/www.revistarambla.com\\\/una-chispa-en-el-espacio\\\/#article\",\"isPartOf\":{\"@id\":\"https:\\\/\\\/www.revistarambla.com\\\/una-chispa-en-el-espacio\\\/\"},\"author\":{\"name\":\"Aida M\u00edguez Barciela\",\"@id\":\"https:\\\/\\\/www.revistarambla.com\\\/#\\\/schema\\\/person\\\/25a0419bcd668768d91ea2aed2fa2b3f\"},\"headline\":\"Una chispa en el espacio\",\"datePublished\":\"2010-09-01T06:47:56+00:00\",\"dateModified\":\"2023-12-29T12:45:09+00:00\",\"mainEntityOfPage\":{\"@id\":\"https:\\\/\\\/www.revistarambla.com\\\/una-chispa-en-el-espacio\\\/\"},\"wordCount\":729,\"commentCount\":0,\"publisher\":{\"@id\":\"https:\\\/\\\/www.revistarambla.com\\\/#organization\"},\"image\":{\"@id\":\"https:\\\/\\\/www.revistarambla.com\\\/una-chispa-en-el-espacio\\\/#primaryimage\"},\"thumbnailUrl\":\"https:\\\/\\\/www.revistarambla.com\\\/wp-content\\\/uploads\\\/2010\\\/09\\\/sonsandLovers.jpg\",\"articleSection\":[\"Letras y Cuentos\"],\"inLanguage\":\"en-GB\",\"potentialAction\":[{\"@type\":\"CommentAction\",\"name\":\"Comment\",\"target\":[\"https:\\\/\\\/www.revistarambla.com\\\/una-chispa-en-el-espacio\\\/#respond\"]}]},{\"@type\":\"WebPage\",\"@id\":\"https:\\\/\\\/www.revistarambla.com\\\/una-chispa-en-el-espacio\\\/\",\"url\":\"https:\\\/\\\/www.revistarambla.com\\\/una-chispa-en-el-espacio\\\/\",\"name\":\"Una chispa en el espacio - Revista Rambla\",\"isPartOf\":{\"@id\":\"https:\\\/\\\/www.revistarambla.com\\\/#website\"},\"primaryImageOfPage\":{\"@id\":\"https:\\\/\\\/www.revistarambla.com\\\/una-chispa-en-el-espacio\\\/#primaryimage\"},\"image\":{\"@id\":\"https:\\\/\\\/www.revistarambla.com\\\/una-chispa-en-el-espacio\\\/#primaryimage\"},\"thumbnailUrl\":\"https:\\\/\\\/www.revistarambla.com\\\/wp-content\\\/uploads\\\/2010\\\/09\\\/sonsandLovers.jpg\",\"datePublished\":\"2010-09-01T06:47:56+00:00\",\"dateModified\":\"2023-12-29T12:45:09+00:00\",\"breadcrumb\":{\"@id\":\"https:\\\/\\\/www.revistarambla.com\\\/una-chispa-en-el-espacio\\\/#breadcrumb\"},\"inLanguage\":\"en-GB\",\"potentialAction\":[{\"@type\":\"ReadAction\",\"target\":[\"https:\\\/\\\/www.revistarambla.com\\\/una-chispa-en-el-espacio\\\/\"]}]},{\"@type\":\"ImageObject\",\"inLanguage\":\"en-GB\",\"@id\":\"https:\\\/\\\/www.revistarambla.com\\\/una-chispa-en-el-espacio\\\/#primaryimage\",\"url\":\"https:\\\/\\\/www.revistarambla.com\\\/wp-content\\\/uploads\\\/2010\\\/09\\\/sonsandLovers.jpg\",\"contentUrl\":\"https:\\\/\\\/www.revistarambla.com\\\/wp-content\\\/uploads\\\/2010\\\/09\\\/sonsandLovers.jpg\"},{\"@type\":\"BreadcrumbList\",\"@id\":\"https:\\\/\\\/www.revistarambla.com\\\/una-chispa-en-el-espacio\\\/#breadcrumb\",\"itemListElement\":[{\"@type\":\"ListItem\",\"position\":1,\"name\":\"Portada\",\"item\":\"https:\\\/\\\/www.revistarambla.com\\\/\"},{\"@type\":\"ListItem\",\"position\":2,\"name\":\"Una chispa en el espacio\"}]},{\"@type\":\"WebSite\",\"@id\":\"https:\\\/\\\/www.revistarambla.com\\\/#website\",\"url\":\"https:\\\/\\\/www.revistarambla.com\\\/\",\"name\":\"Revista Rambla Barcelona\",\"description\":\"Periodismo independiente\",\"publisher\":{\"@id\":\"https:\\\/\\\/www.revistarambla.com\\\/#organization\"},\"potentialAction\":[{\"@type\":\"SearchAction\",\"target\":{\"@type\":\"EntryPoint\",\"urlTemplate\":\"https:\\\/\\\/www.revistarambla.com\\\/?s={search_term_string}\"},\"query-input\":{\"@type\":\"PropertyValueSpecification\",\"valueRequired\":true,\"valueName\":\"search_term_string\"}}],\"inLanguage\":\"en-GB\"},{\"@type\":\"Organization\",\"@id\":\"https:\\\/\\\/www.revistarambla.com\\\/#organization\",\"name\":\"Revista Rambla\",\"url\":\"https:\\\/\\\/www.revistarambla.com\\\/\",\"logo\":{\"@type\":\"ImageObject\",\"inLanguage\":\"en-GB\",\"@id\":\"https:\\\/\\\/www.revistarambla.com\\\/#\\\/schema\\\/logo\\\/image\\\/\",\"url\":\"https:\\\/\\\/www.revistarambla.com\\\/wp-content\\\/uploads\\\/2020\\\/09\\\/banner_rambla_1900x600_BB.png\",\"contentUrl\":\"https:\\\/\\\/www.revistarambla.com\\\/wp-content\\\/uploads\\\/2020\\\/09\\\/banner_rambla_1900x600_BB.png\",\"width\":1900,\"height\":600,\"caption\":\"Revista Rambla\"},\"image\":{\"@id\":\"https:\\\/\\\/www.revistarambla.com\\\/#\\\/schema\\\/logo\\\/image\\\/\"},\"sameAs\":[\"https:\\\/\\\/www.facebook.com\\\/revistarambla\\\/\",\"https:\\\/\\\/x.com\\\/revistarambla\",\"https:\\\/\\\/www.instagram.com\\\/revista_rambla\",\"https:\\\/\\\/es.linkedin.com\\\/company\\\/revista-rambla\"]},{\"@type\":\"Person\",\"@id\":\"https:\\\/\\\/www.revistarambla.com\\\/#\\\/schema\\\/person\\\/25a0419bcd668768d91ea2aed2fa2b3f\",\"name\":\"Aida M\u00edguez Barciela\",\"description\":\"Doctora en Filosof\u00eda por la Universidad de Barcelona. Su trabajo de investigaci\u00f3n se centra en la hermen\u00e9utica de los textos griegos antiguos.\"}]}<\/script>\n<!-- \/ Yoast SEO plugin. -->","yoast_head_json":{"title":"Una chispa en el espacio - Revista Rambla","robots":{"index":"index","follow":"follow","max-snippet":"max-snippet:-1","max-image-preview":"max-image-preview:large","max-video-preview":"max-video-preview:-1"},"canonical":"https:\/\/www.revistarambla.com\/en\/una-chispa-en-el-espacio\/","og_locale":"en_GB","og_type":"article","og_title":"Una chispa en el espacio - Revista Rambla","og_description":"Si vivir es sumergir la cabeza entre las aguas y contener el aliento hasta verse enzarzado en una lucha a ciegas con la oscuridad y el aire; si morir es la \u00fanica manera que uno tiene de decir basta y quedar en paz con su enemigo, cuando el cuerpo inerme [&hellip;]","og_url":"https:\/\/www.revistarambla.com\/en\/una-chispa-en-el-espacio\/","og_site_name":"Revista Rambla","article_publisher":"https:\/\/www.facebook.com\/revistarambla\/","article_published_time":"2010-09-01T06:47:56+00:00","article_modified_time":"2023-12-29T12:45:09+00:00","og_image":[{"url":"https:\/\/www.revistarambla.com\/wp-content\/uploads\/2010\/09\/sonsandLovers.jpg","type":"","width":"","height":""}],"author":"Aida M\u00edguez Barciela","twitter_card":"summary_large_image","twitter_creator":"@revistarambla","twitter_site":"@revistarambla","twitter_misc":{"Written by":"Aida M\u00edguez Barciela","Estimated reading time":"4 minutes"},"schema":{"@context":"https:\/\/schema.org","@graph":[{"@type":"Article","@id":"https:\/\/www.revistarambla.com\/una-chispa-en-el-espacio\/#article","isPartOf":{"@id":"https:\/\/www.revistarambla.com\/una-chispa-en-el-espacio\/"},"author":{"name":"Aida M\u00edguez Barciela","@id":"https:\/\/www.revistarambla.com\/#\/schema\/person\/25a0419bcd668768d91ea2aed2fa2b3f"},"headline":"Una chispa en el espacio","datePublished":"2010-09-01T06:47:56+00:00","dateModified":"2023-12-29T12:45:09+00:00","mainEntityOfPage":{"@id":"https:\/\/www.revistarambla.com\/una-chispa-en-el-espacio\/"},"wordCount":729,"commentCount":0,"publisher":{"@id":"https:\/\/www.revistarambla.com\/#organization"},"image":{"@id":"https:\/\/www.revistarambla.com\/una-chispa-en-el-espacio\/#primaryimage"},"thumbnailUrl":"https:\/\/www.revistarambla.com\/wp-content\/uploads\/2010\/09\/sonsandLovers.jpg","articleSection":["Letras y Cuentos"],"inLanguage":"en-GB","potentialAction":[{"@type":"CommentAction","name":"Comment","target":["https:\/\/www.revistarambla.com\/una-chispa-en-el-espacio\/#respond"]}]},{"@type":"WebPage","@id":"https:\/\/www.revistarambla.com\/una-chispa-en-el-espacio\/","url":"https:\/\/www.revistarambla.com\/una-chispa-en-el-espacio\/","name":"Una chispa en el espacio - Revista Rambla","isPartOf":{"@id":"https:\/\/www.revistarambla.com\/#website"},"primaryImageOfPage":{"@id":"https:\/\/www.revistarambla.com\/una-chispa-en-el-espacio\/#primaryimage"},"image":{"@id":"https:\/\/www.revistarambla.com\/una-chispa-en-el-espacio\/#primaryimage"},"thumbnailUrl":"https:\/\/www.revistarambla.com\/wp-content\/uploads\/2010\/09\/sonsandLovers.jpg","datePublished":"2010-09-01T06:47:56+00:00","dateModified":"2023-12-29T12:45:09+00:00","breadcrumb":{"@id":"https:\/\/www.revistarambla.com\/una-chispa-en-el-espacio\/#breadcrumb"},"inLanguage":"en-GB","potentialAction":[{"@type":"ReadAction","target":["https:\/\/www.revistarambla.com\/una-chispa-en-el-espacio\/"]}]},{"@type":"ImageObject","inLanguage":"en-GB","@id":"https:\/\/www.revistarambla.com\/una-chispa-en-el-espacio\/#primaryimage","url":"https:\/\/www.revistarambla.com\/wp-content\/uploads\/2010\/09\/sonsandLovers.jpg","contentUrl":"https:\/\/www.revistarambla.com\/wp-content\/uploads\/2010\/09\/sonsandLovers.jpg"},{"@type":"BreadcrumbList","@id":"https:\/\/www.revistarambla.com\/una-chispa-en-el-espacio\/#breadcrumb","itemListElement":[{"@type":"ListItem","position":1,"name":"Portada","item":"https:\/\/www.revistarambla.com\/"},{"@type":"ListItem","position":2,"name":"Una chispa en el espacio"}]},{"@type":"WebSite","@id":"https:\/\/www.revistarambla.com\/#website","url":"https:\/\/www.revistarambla.com\/","name":"Revista Rambla Barcelona","description":"Periodismo independiente","publisher":{"@id":"https:\/\/www.revistarambla.com\/#organization"},"potentialAction":[{"@type":"SearchAction","target":{"@type":"EntryPoint","urlTemplate":"https:\/\/www.revistarambla.com\/?s={search_term_string}"},"query-input":{"@type":"PropertyValueSpecification","valueRequired":true,"valueName":"search_term_string"}}],"inLanguage":"en-GB"},{"@type":"Organization","@id":"https:\/\/www.revistarambla.com\/#organization","name":"Revista Rambla","url":"https:\/\/www.revistarambla.com\/","logo":{"@type":"ImageObject","inLanguage":"en-GB","@id":"https:\/\/www.revistarambla.com\/#\/schema\/logo\/image\/","url":"https:\/\/www.revistarambla.com\/wp-content\/uploads\/2020\/09\/banner_rambla_1900x600_BB.png","contentUrl":"https:\/\/www.revistarambla.com\/wp-content\/uploads\/2020\/09\/banner_rambla_1900x600_BB.png","width":1900,"height":600,"caption":"Revista Rambla"},"image":{"@id":"https:\/\/www.revistarambla.com\/#\/schema\/logo\/image\/"},"sameAs":["https:\/\/www.facebook.com\/revistarambla\/","https:\/\/x.com\/revistarambla","https:\/\/www.instagram.com\/revista_rambla","https:\/\/es.linkedin.com\/company\/revista-rambla"]},{"@type":"Person","@id":"https:\/\/www.revistarambla.com\/#\/schema\/person\/25a0419bcd668768d91ea2aed2fa2b3f","name":"Aida M\u00edguez Barciela","description":"Doctora en Filosof\u00eda por la Universidad de Barcelona. Su trabajo de investigaci\u00f3n se centra en la hermen\u00e9utica de los textos griegos antiguos."}]}},"_links":{"self":[{"href":"https:\/\/www.revistarambla.com\/en\/wp-json\/wp\/v2\/posts\/309","targetHints":{"allow":["GET"]}}],"collection":[{"href":"https:\/\/www.revistarambla.com\/en\/wp-json\/wp\/v2\/posts"}],"about":[{"href":"https:\/\/www.revistarambla.com\/en\/wp-json\/wp\/v2\/types\/post"}],"author":[{"embeddable":true,"href":"https:\/\/www.revistarambla.com\/en\/wp-json\/wp\/v2\/users\/31"}],"replies":[{"embeddable":true,"href":"https:\/\/www.revistarambla.com\/en\/wp-json\/wp\/v2\/comments?post=309"}],"version-history":[{"count":1,"href":"https:\/\/www.revistarambla.com\/en\/wp-json\/wp\/v2\/posts\/309\/revisions"}],"predecessor-version":[{"id":57818,"href":"https:\/\/www.revistarambla.com\/en\/wp-json\/wp\/v2\/posts\/309\/revisions\/57818"}],"wp:attachment":[{"href":"https:\/\/www.revistarambla.com\/en\/wp-json\/wp\/v2\/media?parent=309"}],"wp:term":[{"taxonomy":"category","embeddable":true,"href":"https:\/\/www.revistarambla.com\/en\/wp-json\/wp\/v2\/categories?post=309"},{"taxonomy":"post_tag","embeddable":true,"href":"https:\/\/www.revistarambla.com\/en\/wp-json\/wp\/v2\/tags?post=309"}],"curies":[{"name":"wp","href":"https:\/\/api.w.org\/{rel}","templated":true}]}}