{"id":3043,"date":"2013-03-25T16:03:01","date_gmt":"2013-03-25T16:03:01","guid":{"rendered":"https:\/\/www.revistarambla.com\/la-denuncia-es-la-clave-y-si-no-denuncias-no-existes-hasta-que-te-matan-y-te-conviertes-en-una-numero-mas\/"},"modified":"2021-07-29T20:46:59","modified_gmt":"2021-07-29T18:46:59","slug":"la-denuncia-es-la-clave-y-si-no-denuncias-no-existes-hasta-que-te-matan-y-te-conviertes-en-una-numero-mas","status":"publish","type":"post","link":"https:\/\/www.revistarambla.com\/en\/la-denuncia-es-la-clave-y-si-no-denuncias-no-existes-hasta-que-te-matan-y-te-conviertes-en-una-numero-mas\/","title":{"rendered":"Diego S\u00e1nchez Murube: \u00abLa denuncia es la clave, y si no denuncias no existes hasta que te matan y te conviertes en un n\u00famero m\u00e1s\u00bb"},"content":{"rendered":"<p><img decoding=\"async\" class=\"aligncenter\" src=\"https:\/\/www.revistarambla.com\/wp-content\/uploads\/2013\/03\/violencia_00.jpg\" alt=\"alt\" width=\"682\" height=\"400\" \/><\/p>\n<p>La Violencia de G\u00e9nero sigue siendo un problema latente en la actualidad, y la cifra de mujeres muertas a manos de sus parejas o ex parejas contin\u00faa aumentando. En lo que va de a\u00f1o, ya son 8 las fallecidas por Violencia de G\u00e9nero, que se suman a las 46 v\u00edctimas mortales de 2012. Desde que este tipo de violencia se entendiera como una lacra social a erradicar y se creara una ley espec\u00edfica para regular estos casos, los datos han ido disminuyendo progresivamente, pero no lo suficiente. La pol\u00e9mica creada por el actor y diputado de UPyD Toni Cant\u00f3 ha destapado la caja de Pandora y, de nuevo, los pol\u00edticos, los medios y la sociedad han centrado su atenci\u00f3n en esta cuesti\u00f3n. Pero la Violencia de G\u00e9nero es algo m\u00e1s que una cifra de v\u00edctimas mortales.<\/p>\n<p>Diego S\u00e1nchez Murube, psic\u00f3logo y experto en G\u00e9nero e Igualdad, ha trabajado durante mucho tiempo la Violencia de G\u00e9nero. Sus estudios y an\u00e1lisis, derivados de su experiencia tanto en la prevenci\u00f3n, como en la sensibilizaci\u00f3n y la atenci\u00f3n de v\u00edctimas de esta violencia, le han otorgado un gran conocimiento entorno a la Violencia de G\u00e9nero, un t\u00e9rmino muy utilizado pero poco conocido. La definici\u00f3n de este concepto, las causas y las consecuencias de sufrir esta violencia son algunas de las cuestiones a las que este psic\u00f3logo trata de dar respuesta.<\/p>\n<p><strong>\u00bfViolencia de g\u00e9nero, dom\u00e9stica o hacia la Mujer?<\/strong><\/p>\n<p>En primer lugar hay que aclarar t\u00e9rminos. El nombre que se le tiene de atribuir debe reflejar la motivaci\u00f3n de la violencia, por lo que Violencia de G\u00e9nero ser\u00eda el concepto m\u00e1s acertado, diferenci\u00e1ndose de los otros tipos de violencia como la Violencia Intrafamiliar o Dom\u00e9stica.<\/p>\n<p>Antiguamente se llamaba Violencia Domestica a toda la que ocurr\u00eda dentro del hogar. Ah\u00ed entra la de padres a hijos, la de hijos a padres, la de abuelos a nietos y viceversa, y la de parejas. Lo que reflejaba este t\u00e9rmino es que la violencia ocurr\u00eda dentro del hogar, lo que supon\u00eda un problema, ya que la idea era visibilizar aquello que ocurr\u00eda en el \u00e1mbito dom\u00e9stico, demostrar que era un problema social e intentar erradicarlo. Si se entiende como un problema del hogar, se respeta como una situaci\u00f3n privada y no se denuncia.<\/p>\n<p>Yo considero que la violencia de la que estamos hablando es Violencia de g\u00e9nero. La Teor\u00eda de g\u00e9nero se basa en la reproducci\u00f3n de los roles tradicionales, los roles masculinos y femeninos, es decir, una estructura patriarcal. En la teor\u00eda de g\u00e9nero hay un hombre dominante y una mujer dominada, un hombre que hace los roles productivos, trabaja, y una mujer que hace los reproductivos, las tareas dom\u00e9sticas y de la familia. Hasta los a\u00f1os 60, no hace mucho, la mujer depend\u00eda del hombre. No ten\u00eda capacidad jur\u00eddica, ni derecho a tener una cuenta bancaria sin la autorizaci\u00f3n del marido. Era propiedad del marido, como los hijos, la casa y el perro. Esta dependencia daba el poder al marido de educar a los hijos y a ella misma, generalmente con violencia y seg\u00fan las bases patriarcales. Por suerte, esto ha cambiado, aunque no demasiado.<\/p>\n<p>La motivaci\u00f3n de esta violencia, que es lo que la diferencia de otros tipos de violencia, es la Teor\u00eda de g\u00e9nero, de ah\u00ed que se denomine Violencia de G\u00e9nero. Esta violencia es la que va del rol masculino al rol femenino, pero eso no quiere decir que siempre sea un hombre el que la ejerce sobre una mujer. Pueden darse casos de mujeres que ejercen violencia sobre el hombre, aunque es m\u00e1s raro. Adem\u00e1s, las parejas homosexuales, que han sido educadas en la misma estructura patriarcal, pueden reproducir los mismo roles. Una parte de la pareja tiene un rol m\u00e1s dominante y el otro m\u00e1s dominado, m\u00e1s sumiso, lo que puede derivar en casos de Violencia de G\u00e9nero. De hecho ha habido alg\u00fan caso que ha abierto jurisprudencia bas\u00e1ndose en la Ley de la Violencia de G\u00e9nero, y aunque esta legislaci\u00f3n en principio no lo reconoce, hay situaciones en que s\u00ed se incluyen. Bajo mi punto de vista, si la motivaci\u00f3n es la misma, es decir, la desigualdad de poder y la dominaci\u00f3n, se trata de Violencia de G\u00e9nero.<\/p>\n<p><strong>Desde hace algunos a\u00f1os existe una legislaci\u00f3n espec\u00edfica para este tipo de violencia. \u00bfPodr\u00eda afirmar que esta ley funciona?<\/strong><\/p>\n<p>Los \u00faltimos datos son muy buenos, as\u00ed que supongo que la ley est\u00e1 sirviendo para algo. Lo bueno de esta ley,\u00a0 la Ley Org\u00e1nica 1\/2004 de Medidas de Protecci\u00f3n Integral Contra la Violencia de G\u00e9nero, es que por primera vez unifica todos los \u00e1mbitos, tanto el sanitario y el educativo, como el policial y los servicios sociales. Tiene medidas de sensibilizaci\u00f3n, protecci\u00f3n y prevenci\u00f3n de la violencia, y se centra adem\u00e1s en los derechos de las mujeres v\u00edctimas de violencia y en la tutela institucional y penal de los hijos.<\/p>\n<p>Uno de los aspectos m\u00e1s importantes de esta ley es que integra el \u00e1mbito judicial. Hasta ese momento, en los casos de Violencia de G\u00e9nero, cuando hab\u00eda un asesinato se trataba como un asesinato m\u00e1s. Durante un tiempo, el hecho de que fuera tu pareja la que te matara se consideraba un atenuante, es decir, un crimen pasional, y as\u00ed se vend\u00eda en los medios. No hace mucho hubo un cambio y se empez\u00f3 a considerar un agravante, aunque segu\u00eda siendo tratado como un asesinato m\u00e1s.<\/p>\n<p>En el caso de los ni\u00f1os asesinados en C\u00f3rdoba, por ejemplo, el hecho de que sea su padre el que los ha matado se considera un agravante para la condena. Este caso es un ejemplo claro de Violencia de G\u00e9nero. Las v\u00edctimas mortales son los ni\u00f1os, pero el padre no los ha matado porque tuviera motivos contra ellos, sino para hacer da\u00f1o a la mujer. El objetivo era la mujer, y ella es la v\u00edctima indirecta de este crimen, aunque no sea la asesinada.<\/p>\n<p>A partir de la implantaci\u00f3n de esta ley se crea un juzgado espec\u00edfico para tratar estos temas, con una legislaci\u00f3n concreta que gestiona s\u00f3lo estos asuntos.<\/p>\n<p><strong>\u00bfQu\u00e9 indican los datos?<\/strong><\/p>\n<p>Seg\u00fan un estudio realizado en 2012 entre el CIS y el Ministerio de Igualdad, m\u00e1s de 600.000 mujeres sufren Violencia de G\u00e9nero. De estos 600.000 casos, s\u00f3lo el 24% denuncian, unos 120.000.<\/p>\n<p>A pesar de la idea generalizada de que estas situaciones se dan m\u00e1s en personas inmigrantes, s\u00f3lo el 33% de esos casos eran extranjeras, mientras que el 64% corresponde a mujeres espa\u00f1olas. Con estos datos se demuestra que la nacionalidad, al igual que la clase social o econ\u00f3mica no es determinante.<\/p>\n<p>El n\u00famero de juicios por faltas, que son las injurias, los insultos, las vejaciones y las humillaciones, ha aumentado. Esto indica que las mujeres ya no esperan a la agresi\u00f3n f\u00edsica para denunciar, sino que se ataja antes el problema, lo que resulta muy positivo. En cuanto a los delitos, el 78\u20194% de los juicios corresponde a delitos por lesiones. De este porcentaje, s\u00f3lo un 2\u20196% fueron por lesiones con intervenci\u00f3n m\u00e9dica, mientras que los juicios por maltrato habitual alcanzaron el 11\u20196%. El 64\u20192% fueron juicios por lesiones sin tratamiento, el 8\u20195% por coacciones y amenazas y el 6% de los casos por quebrantamiento de las medidas de alejamiento. Todos estos datos son positivos, ya que hay menos quebrantamientos y menos lesiones con tratamiento m\u00e9dico.<\/p>\n<p><strong>\u00bfHan aumentado las denuncias con respecto a a\u00f1os anteriores?<\/strong><\/p>\n<p>S\u00ed. Cada vez se denuncia m\u00e1s y se retiran menos. De hecho, en el \u00faltimo trimestre de 2012 ha habido un 3\u20194% m\u00e1s de denuncias que en ese mismo periodo del a\u00f1o anterior. De ese porcentaje, s\u00f3lo 4.000 denuncias fueron retiradas. Antes las mujeres no denunciaban, sino que se callaban, hasta que ya era tarde. Incluso estaba mal visto que las mujeres se quejaran de este tema, porque era normal. Una frase muy com\u00fan era \u201cmi marido me pega lo normal\u201d. Porque era normal que los maridos pegaran, como era normal que tuvieran amantes o salieran. Ahora esto ha cambiado. Cada vez son m\u00e1s las mujeres que denuncian su situaci\u00f3n, y en gran parte ha sido gracias a esta ley. Antes, cuando no exist\u00eda la ley, la resoluci\u00f3n de las denuncias en estos casos pod\u00eda tardar a\u00f1os, y no hab\u00eda medidas de alejamiento ni se proteg\u00eda a la mujer. No serv\u00eda para nada. Ahora, a las 24 o 48 horas de denunciar ya hay medidas cautelares, lo que impide que la mujer pueda ser coaccionada o manipulada para que retire la denuncia, y a la vez se sienta protegida y apoyada.<\/p>\n<p>Aun as\u00ed, el n\u00famero de denuncias retiradas sigue siendo alto, y puede aumentar debido a la crisis, y por consiguiente el n\u00famero de muertes. Las nuevas tasas judiciales tambi\u00e9n se aplican en los casos de Violencia de G\u00e9nero, y muchas mujeres no pueden hacerse cargo. Las mujeres, seg\u00fan los patrones tradicionales, dependen econ\u00f3micamente del marido o no cuentan con unos ingresos altos, lo que hace que en muchos casos no puedan hacer frente al coste de las vistas y los juicios y decidan no seguir adelante con el proceso.<\/p>\n<p><strong>\u00bfY las muertes?<\/strong><\/p>\n<p>En 2012 han sido 46 las v\u00edctimas mortales por Violencia de G\u00e9nero, el dato m\u00e1s bajo en muchos a\u00f1os. En periodos anteriores, el n\u00famero de v\u00edctimas no hab\u00eda bajado de 50, llegando a 60 o 70. De estas 46 v\u00edctimas, s\u00f3lo 9 hab\u00edan denunciado su caso, y 7 de ellas hab\u00edan solicitado medidas de protecci\u00f3n. Las medidas de protecci\u00f3n de 3 de las v\u00edctimas estaban vigentes, por lo que ha habido quebrantamiento, mientras que las 4 restantes ten\u00edan las medidas caducadas.<\/p>\n<p>Estos n\u00fameros, a pesar de ser positivos, indican que todav\u00eda hay muchos casos que no se denuncian. La denuncia es la clave, y si no denuncias no existes, hasta que te matan y te conviertes en un n\u00famero m\u00e1s.<\/p>\n<p><strong>\u00bfC\u00f3mo se detecta un caso de Violencia de G\u00e9nero?<\/strong><\/p>\n<p>Normalmente, la Violencia de G\u00e9nero sigue un ciclo, una espiral llamada \u2018El c\u00edrculo de la violencia\u2019, con tres fases que se repiten de forma c\u00edclica. El primer signo de violencia no es f\u00edsico, sino psicol\u00f3gico. La dominaci\u00f3n de la mujer empieza con el control de las relaciones sociales: \u201ccon esa chica no hables que no me gusta\u201d, \u201ccon hombres no te relaciones\u201d, del vestuario: \u201cesa falda no\u201d, \u201cesos tacones no\u201d, \u201cno te pongas escote\u201d, de las comunicaciones por m\u00f3vil o correo electr\u00f3nico. Esas se\u00f1ales de control son las primeras alarmas de que algo no va bien. Es en ese momento en el que la chica deber\u00eda salir de la relaci\u00f3n, porque cuanto m\u00e1s tiempo se mantenga, m\u00e1s sentir\u00e1 \u00e9l que la chica le pertenece y m\u00e1s dif\u00edcil ser\u00e1 acabarla. Es por eso que la mayor\u00eda de casos de muertes o agresiones f\u00edsicas m\u00e1s graves se dan en las rupturas o procesos de separaci\u00f3n y divorcio. \u201cLa mat\u00e9 porque era m\u00eda\u201d. Esta fase, conocida como \u2018Fase de tensi\u00f3n\u2019, incluye agresiones verbales y hace que la mujer se sienta angustiada, con miedo, culpable, e intenta quitarle peso al asunto.<\/p>\n<p>La fase siguiente es la \u2018Fase de explosi\u00f3n violenta\u2019, donde cada vez son m\u00e1s frecuentes los momentos de tensi\u00f3n y derivan en agresiones f\u00edsicas, psicol\u00f3gicas y\/o sexuales.<\/p>\n<p>Una vez pasadas estas dos fases, llega la \u2018Fase de amabilidad y afecto\u2019, conocida como \u2018Luna de miel\u2019. El agresor hace creer a la v\u00edctima que nunca volver\u00e1 a pasar, y se presenta especialmente amable con ella, manipul\u00e1ndola psicol\u00f3gicamente con el perd\u00f3n y el arrepentimiento.<\/p>\n<p>El ciclo vuelve a repetirse en la medida que el agresor siente que la mujer ha ganado confianza y que ello puede suponer una amenaza para su poder y su dominaci\u00f3n, volviendo a la primera fase.<\/p>\n<p>Puede haber casos en los que la violencia s\u00f3lo se quede en psicol\u00f3gica, porque la relaci\u00f3n se termine, por ejemplo. O simplemente porque ese hombre desarrolla el rol masculino tradicional en un 60% y no en un 90%, por lo que no llega al maltrato f\u00edsico y como mucho le da una patada a una puerta o un pu\u00f1etazo a una pared. A ella no la toca. Eso no quiere decir que no haya Violencia de G\u00e9nero ni que sea menos grave, porque la situaci\u00f3n de violencia es la misma, la dominaci\u00f3n, el control, las vejaciones, las humillaciones y los insultos coinciden con el caso de violencia f\u00edsica.<\/p>\n<p><strong>\u00bfHay justificaci\u00f3n?<\/strong><\/p>\n<p>No. En ning\u00fan caso est\u00e1 justificado. Ni el alcohol, ni las drogas, ni la crisis, que es otra cosa que he escuchado. Por mucho que bebas o te drogues o est\u00e9s agobiado, si no eres una persona violenta y tu relaci\u00f3n con tu pareja es de igualdad y de respeto mutuo, nunca se te va a ocurrir ponerle una mano encima. Mucha gente justifica los malos tratos porque estaba borracho, o se hab\u00eda drogado, pero no existe justificaci\u00f3n. Es cierto que el alcohol te libera, pero si no eres violento no tiene ese efecto. Y en todo caso, \u00bfpor qu\u00e9 le pega a su mujer y no a un amigo? Por ejemplo. Lo hace porque eso est\u00e1 ah\u00ed. El que es violento es porque es as\u00ed, porque ha sido educado as\u00ed y adem\u00e1s le parece bien.<\/p>\n<p><strong>Y en cuanto a los trastornos mentales, \u00bfpuede la psicolog\u00eda justificar los motivos de una persona para maltratar a su pareja?<\/strong><\/p>\n<p>Puede haber casos de trastornos psicol\u00f3gicos que justifiquen que unas personas sean m\u00e1s violentas que otras, pero son los menos. Y en todo caso, volvemos a lo mismo. Que sea m\u00e1s violenta no justifica que ejerza esa violencia precisamente contra su mujer y no contra otra u otras personas de su entorno. Generalmente, el que ejerce la violencia con su pareja lo hace por la educaci\u00f3n que ha recibido y por los roles adquiridos durante su madurez.<\/p>\n<p><strong>\u00bfExiste un perfil de mujer maltratada?<\/strong><\/p>\n<p>En principio, cualquier mujer puede ser v\u00edctima de Violencia de G\u00e9nero. Es verdad que si se trata de una mujer independiente, aut\u00f3noma, autosuficiente, con un trabajo y una independencia econ\u00f3mica y emocional, la situaci\u00f3n es m\u00e1s dif\u00edcil. Cuando dicha mujer se encuentra con una pareja que es m\u00e1s tradicional o machista, por decirlo de alguna forma, lo m\u00e1s probable es que los choques entre ambos sean muy frecuentes y esa relaci\u00f3n no siga adelante, sin llegar a la Violencia de G\u00e9nero.<\/p>\n<p>Por otra parte, hay mujeres que se adhieren m\u00e1s al modelo tradicional y que, por tanto, pueden tener m\u00e1s posibilidades de sufrir Violencia de G\u00e9nero que estas otras mujeres, lo que no quiere decir que por ello la sufran.<\/p>\n<p>El problema es que a todos nos han educado en lo mismo, en la idea de un pr\u00edncipe azul, del amor eterno. A todas, en el fondo, les gusta que la cuiden, que les hagan regalos, que le abran la puerta del coche. Estos detalles de \u2018caballerosidad\u2019 o de romanticismo pueden convertirse o dar pie a actos de dominaci\u00f3n justificados por la educaci\u00f3n, la cultura, la televisi\u00f3n y sus pel\u00edculas rom\u00e1nticas, y la religi\u00f3n. Todas las religiones son machistas y reproducen el mismo modelo: el poder est\u00e1 en manos de los hombres, la fuente del pecado siempre viene de la mujer y, adem\u00e1s, Dios es hombre. Todo esto conduce a que se creen unas l\u00edneas de pensamiento que hacen que una mujer viva por y para su pareja, dejando de lado todo lo dem\u00e1s, sin pensar que son, por ellas mismas, algo m\u00e1s que la pareja de alguien.<\/p>\n<p><strong>Una vez que se consigue salir de esa situaci\u00f3n, \u00bfqu\u00e9 secuelas quedan?<\/strong><\/p>\n<p>Generalmente, las mujeres que han sido v\u00edctimas de la Violencia de G\u00e9nero tienen mucho miedo al agresor, un miedo que se extiende a los hombres. De ah\u00ed que los equipos de atenci\u00f3n primaria a la mujer en estos casos, tanto polic\u00eda como salud, est\u00e9n formados por mujeres. Yo opino que tambi\u00e9n es bueno que en esos momentos tengan delante a otros hombres, al menos uno, que reproduzca otros roles y que le haga ver a la mujer que tambi\u00e9n hay hombres no violentos.\u00a0 Ese miedo generalizado a los hombres hace que muchas de ellas no vuelvan a rehacer su vida.<\/p>\n<p>En otros casos, pasado un tiempo, las mujeres consiguen rehacer su vida y vuelven a ser v\u00edctimas de Violencia de G\u00e9nero. Esto es posible porque estas mujeres, adem\u00e1s de no haber trabajado el tema de la Violencia de G\u00e9nero y no son capaces de volver a detectarla, siguen reproduciendo los mismos roles femeninos tradicionales y siguen buscando el mismo modelo de hombre.<\/p>\n<p><strong>\u00bfSe puede superar haber sido v\u00edctima de esta violencia?<\/strong><\/p>\n<p>Se puede superar y se supera. El pasado a\u00f1o, el 25 de noviembre, d\u00eda en que se celebra el d\u00eda Internacional contra la Violencia de G\u00e9nero, hubo una programaci\u00f3n especial en televisi\u00f3n y pude ver a la presidenta de una asociaci\u00f3n de mujeres llamada \u2018Supervivientes\u2019. Esta mujer defend\u00eda la idea de que las v\u00edctimas son las 46 muertas de 2012 y todas las mujeres que sufren esta violencia cada d\u00eda. Las dem\u00e1s, las que han logrado salir de esa situaci\u00f3n y pueden contar su caso, son supervivientes de la Violencia de G\u00e9nero, no v\u00edctimas. Supervivientes que demuestran que se puede salir de eso, que ellas lo han conseguido y que las dem\u00e1s tambi\u00e9n pueden hacerlo.<\/p>\n<p>Una situaci\u00f3n de Violencia de G\u00e9nero es muy dura, deja muchas secuelas y traumas y puede costarles la vida, pero con ayuda, es una situaci\u00f3n que se puede superar y de la que las mujeres, o muchas de ellas, consiguen salir reforzadas. Tambi\u00e9n es bueno dar esa visi\u00f3n. \u201cS\u00ed, ha sido duro, pero he salido y he sobrevivido.\u201d<\/p>","protected":false},"excerpt":{"rendered":"<p>La Violencia de G\u00e9nero sigue siendo un problema latente en la actualidad, y la cifra de mujeres muertas a manos de sus parejas o ex parejas contin\u00faa aumentando. En lo que va de a\u00f1o, ya son 8 las fallecidas por Violencia de G\u00e9nero, que se suman a las 46 v\u00edctimas [&hellip;]<\/p>\n","protected":false},"author":1,"featured_media":0,"comment_status":"open","ping_status":"open","sticky":false,"template":"","format":"standard","meta":{"footnotes":""},"categories":[3,76],"tags":[],"class_list":["post-3043","post","type-post","status-publish","format-standard","hentry","category-actualidad","category-barcelona"],"yoast_head":"<!-- This site is optimized with the Yoast SEO plugin v27.5 - https:\/\/yoast.com\/product\/yoast-seo-wordpress\/ -->\n<title>Diego S\u00e1nchez Murube: &quot;La denuncia es la clave, y si no denuncias no existes hasta que te matan y te conviertes en un n\u00famero m\u00e1s&quot; - Revista Rambla<\/title>\n<meta name=\"robots\" content=\"index, follow, max-snippet:-1, max-image-preview:large, max-video-preview:-1\" \/>\n<link rel=\"canonical\" href=\"https:\/\/www.revistarambla.com\/en\/la-denuncia-es-la-clave-y-si-no-denuncias-no-existes-hasta-que-te-matan-y-te-conviertes-en-una-numero-mas\/\" \/>\n<meta property=\"og:locale\" content=\"en_GB\" \/>\n<meta property=\"og:type\" content=\"article\" \/>\n<meta property=\"og:title\" content=\"Diego S\u00e1nchez Murube: &quot;La denuncia es la clave, y si no denuncias no existes hasta que te matan y te conviertes en un n\u00famero m\u00e1s&quot; - Revista Rambla\" \/>\n<meta property=\"og:description\" content=\"La Violencia de G\u00e9nero sigue siendo un problema latente en la actualidad, y la cifra de mujeres muertas a manos de sus parejas o ex parejas contin\u00faa aumentando. En lo que va de a\u00f1o, ya son 8 las fallecidas por Violencia de G\u00e9nero, que se suman a las 46 v\u00edctimas [&hellip;]\" \/>\n<meta property=\"og:url\" content=\"https:\/\/www.revistarambla.com\/en\/la-denuncia-es-la-clave-y-si-no-denuncias-no-existes-hasta-que-te-matan-y-te-conviertes-en-una-numero-mas\/\" \/>\n<meta property=\"og:site_name\" content=\"Revista Rambla\" \/>\n<meta property=\"article:publisher\" content=\"https:\/\/www.facebook.com\/revistarambla\/\" \/>\n<meta property=\"article:published_time\" content=\"2013-03-25T16:03:01+00:00\" \/>\n<meta property=\"article:modified_time\" content=\"2021-07-29T18:46:59+00:00\" \/>\n<meta property=\"og:image\" content=\"https:\/\/i2.wp.com\/www.revistarambla.com\/wp-content\/uploads\/2013\/03\/violencia_00.jpg?fit=682%2C400&ssl=1\" \/>\n\t<meta property=\"og:image:width\" content=\"682\" \/>\n\t<meta property=\"og:image:height\" content=\"400\" \/>\n\t<meta property=\"og:image:type\" content=\"image\/jpeg\" \/>\n<meta name=\"author\" content=\"Lola Murube\" \/>\n<meta name=\"twitter:card\" content=\"summary_large_image\" \/>\n<meta name=\"twitter:creator\" content=\"@revistarambla\" \/>\n<meta name=\"twitter:site\" content=\"@revistarambla\" \/>\n<meta name=\"twitter:label1\" content=\"Written by\" \/>\n\t<meta name=\"twitter:data1\" content=\"Lola Murube\" \/>\n\t<meta name=\"twitter:label2\" content=\"Estimated reading time\" \/>\n\t<meta name=\"twitter:data2\" content=\"13 minutes\" \/>\n<script type=\"application\/ld+json\" class=\"yoast-schema-graph\">{\"@context\":\"https:\\\/\\\/schema.org\",\"@graph\":[{\"@type\":\"Article\",\"@id\":\"https:\\\/\\\/www.revistarambla.com\\\/la-denuncia-es-la-clave-y-si-no-denuncias-no-existes-hasta-que-te-matan-y-te-conviertes-en-una-numero-mas\\\/#article\",\"isPartOf\":{\"@id\":\"https:\\\/\\\/www.revistarambla.com\\\/la-denuncia-es-la-clave-y-si-no-denuncias-no-existes-hasta-que-te-matan-y-te-conviertes-en-una-numero-mas\\\/\"},\"author\":{\"name\":\"Lola Murube\",\"@id\":\"https:\\\/\\\/www.revistarambla.com\\\/#\\\/schema\\\/person\\\/4a5652fc8c82df1f8593002d038cd79e\"},\"headline\":\"Diego S\u00e1nchez Murube: \u00abLa denuncia es la clave, y si no denuncias no existes hasta que te matan y te conviertes en un n\u00famero m\u00e1s\u00bb\",\"datePublished\":\"2013-03-25T16:03:01+00:00\",\"dateModified\":\"2021-07-29T18:46:59+00:00\",\"mainEntityOfPage\":{\"@id\":\"https:\\\/\\\/www.revistarambla.com\\\/la-denuncia-es-la-clave-y-si-no-denuncias-no-existes-hasta-que-te-matan-y-te-conviertes-en-una-numero-mas\\\/\"},\"wordCount\":3165,\"commentCount\":0,\"publisher\":{\"@id\":\"https:\\\/\\\/www.revistarambla.com\\\/#organization\"},\"image\":{\"@id\":\"https:\\\/\\\/www.revistarambla.com\\\/la-denuncia-es-la-clave-y-si-no-denuncias-no-existes-hasta-que-te-matan-y-te-conviertes-en-una-numero-mas\\\/#primaryimage\"},\"thumbnailUrl\":\"https:\\\/\\\/www.revistarambla.com\\\/wp-content\\\/uploads\\\/2013\\\/03\\\/violencia_00.jpg\",\"articleSection\":[\"Actualidad\",\"Barcelona\"],\"inLanguage\":\"en-GB\",\"potentialAction\":[{\"@type\":\"CommentAction\",\"name\":\"Comment\",\"target\":[\"https:\\\/\\\/www.revistarambla.com\\\/la-denuncia-es-la-clave-y-si-no-denuncias-no-existes-hasta-que-te-matan-y-te-conviertes-en-una-numero-mas\\\/#respond\"]}]},{\"@type\":\"WebPage\",\"@id\":\"https:\\\/\\\/www.revistarambla.com\\\/la-denuncia-es-la-clave-y-si-no-denuncias-no-existes-hasta-que-te-matan-y-te-conviertes-en-una-numero-mas\\\/\",\"url\":\"https:\\\/\\\/www.revistarambla.com\\\/la-denuncia-es-la-clave-y-si-no-denuncias-no-existes-hasta-que-te-matan-y-te-conviertes-en-una-numero-mas\\\/\",\"name\":\"Diego S\u00e1nchez Murube: \\\"La denuncia es la clave, y si no denuncias no existes hasta que te matan y te conviertes en un n\u00famero m\u00e1s\\\" - Revista Rambla\",\"isPartOf\":{\"@id\":\"https:\\\/\\\/www.revistarambla.com\\\/#website\"},\"primaryImageOfPage\":{\"@id\":\"https:\\\/\\\/www.revistarambla.com\\\/la-denuncia-es-la-clave-y-si-no-denuncias-no-existes-hasta-que-te-matan-y-te-conviertes-en-una-numero-mas\\\/#primaryimage\"},\"image\":{\"@id\":\"https:\\\/\\\/www.revistarambla.com\\\/la-denuncia-es-la-clave-y-si-no-denuncias-no-existes-hasta-que-te-matan-y-te-conviertes-en-una-numero-mas\\\/#primaryimage\"},\"thumbnailUrl\":\"https:\\\/\\\/www.revistarambla.com\\\/wp-content\\\/uploads\\\/2013\\\/03\\\/violencia_00.jpg\",\"datePublished\":\"2013-03-25T16:03:01+00:00\",\"dateModified\":\"2021-07-29T18:46:59+00:00\",\"breadcrumb\":{\"@id\":\"https:\\\/\\\/www.revistarambla.com\\\/la-denuncia-es-la-clave-y-si-no-denuncias-no-existes-hasta-que-te-matan-y-te-conviertes-en-una-numero-mas\\\/#breadcrumb\"},\"inLanguage\":\"en-GB\",\"potentialAction\":[{\"@type\":\"ReadAction\",\"target\":[\"https:\\\/\\\/www.revistarambla.com\\\/la-denuncia-es-la-clave-y-si-no-denuncias-no-existes-hasta-que-te-matan-y-te-conviertes-en-una-numero-mas\\\/\"]}]},{\"@type\":\"ImageObject\",\"inLanguage\":\"en-GB\",\"@id\":\"https:\\\/\\\/www.revistarambla.com\\\/la-denuncia-es-la-clave-y-si-no-denuncias-no-existes-hasta-que-te-matan-y-te-conviertes-en-una-numero-mas\\\/#primaryimage\",\"url\":\"https:\\\/\\\/www.revistarambla.com\\\/wp-content\\\/uploads\\\/2013\\\/03\\\/violencia_00.jpg\",\"contentUrl\":\"https:\\\/\\\/www.revistarambla.com\\\/wp-content\\\/uploads\\\/2013\\\/03\\\/violencia_00.jpg\"},{\"@type\":\"BreadcrumbList\",\"@id\":\"https:\\\/\\\/www.revistarambla.com\\\/la-denuncia-es-la-clave-y-si-no-denuncias-no-existes-hasta-que-te-matan-y-te-conviertes-en-una-numero-mas\\\/#breadcrumb\",\"itemListElement\":[{\"@type\":\"ListItem\",\"position\":1,\"name\":\"Portada\",\"item\":\"https:\\\/\\\/www.revistarambla.com\\\/\"},{\"@type\":\"ListItem\",\"position\":2,\"name\":\"Diego S\u00e1nchez Murube: \u00abLa denuncia es la clave, y si no denuncias no existes hasta que te matan y te conviertes en un n\u00famero m\u00e1s\u00bb\"}]},{\"@type\":\"WebSite\",\"@id\":\"https:\\\/\\\/www.revistarambla.com\\\/#website\",\"url\":\"https:\\\/\\\/www.revistarambla.com\\\/\",\"name\":\"Revista Rambla Barcelona\",\"description\":\"Periodismo independiente\",\"publisher\":{\"@id\":\"https:\\\/\\\/www.revistarambla.com\\\/#organization\"},\"potentialAction\":[{\"@type\":\"SearchAction\",\"target\":{\"@type\":\"EntryPoint\",\"urlTemplate\":\"https:\\\/\\\/www.revistarambla.com\\\/?s={search_term_string}\"},\"query-input\":{\"@type\":\"PropertyValueSpecification\",\"valueRequired\":true,\"valueName\":\"search_term_string\"}}],\"inLanguage\":\"en-GB\"},{\"@type\":\"Organization\",\"@id\":\"https:\\\/\\\/www.revistarambla.com\\\/#organization\",\"name\":\"Revista Rambla\",\"url\":\"https:\\\/\\\/www.revistarambla.com\\\/\",\"logo\":{\"@type\":\"ImageObject\",\"inLanguage\":\"en-GB\",\"@id\":\"https:\\\/\\\/www.revistarambla.com\\\/#\\\/schema\\\/logo\\\/image\\\/\",\"url\":\"https:\\\/\\\/www.revistarambla.com\\\/wp-content\\\/uploads\\\/2020\\\/09\\\/banner_rambla_1900x600_BB.png\",\"contentUrl\":\"https:\\\/\\\/www.revistarambla.com\\\/wp-content\\\/uploads\\\/2020\\\/09\\\/banner_rambla_1900x600_BB.png\",\"width\":1900,\"height\":600,\"caption\":\"Revista Rambla\"},\"image\":{\"@id\":\"https:\\\/\\\/www.revistarambla.com\\\/#\\\/schema\\\/logo\\\/image\\\/\"},\"sameAs\":[\"https:\\\/\\\/www.facebook.com\\\/revistarambla\\\/\",\"https:\\\/\\\/x.com\\\/revistarambla\",\"https:\\\/\\\/www.instagram.com\\\/revista_rambla\",\"https:\\\/\\\/es.linkedin.com\\\/company\\\/revista-rambla\"]},{\"@type\":\"Person\",\"@id\":\"https:\\\/\\\/www.revistarambla.com\\\/#\\\/schema\\\/person\\\/4a5652fc8c82df1f8593002d038cd79e\",\"name\":\"Lola Murube\"}]}<\/script>\n<!-- \/ Yoast SEO plugin. -->","yoast_head_json":{"title":"Diego S\u00e1nchez Murube: \"La denuncia es la clave, y si no denuncias no existes hasta que te matan y te conviertes en un n\u00famero m\u00e1s\" - Revista Rambla","robots":{"index":"index","follow":"follow","max-snippet":"max-snippet:-1","max-image-preview":"max-image-preview:large","max-video-preview":"max-video-preview:-1"},"canonical":"https:\/\/www.revistarambla.com\/en\/la-denuncia-es-la-clave-y-si-no-denuncias-no-existes-hasta-que-te-matan-y-te-conviertes-en-una-numero-mas\/","og_locale":"en_GB","og_type":"article","og_title":"Diego S\u00e1nchez Murube: \"La denuncia es la clave, y si no denuncias no existes hasta que te matan y te conviertes en un n\u00famero m\u00e1s\" - Revista Rambla","og_description":"La Violencia de G\u00e9nero sigue siendo un problema latente en la actualidad, y la cifra de mujeres muertas a manos de sus parejas o ex parejas contin\u00faa aumentando. En lo que va de a\u00f1o, ya son 8 las fallecidas por Violencia de G\u00e9nero, que se suman a las 46 v\u00edctimas [&hellip;]","og_url":"https:\/\/www.revistarambla.com\/en\/la-denuncia-es-la-clave-y-si-no-denuncias-no-existes-hasta-que-te-matan-y-te-conviertes-en-una-numero-mas\/","og_site_name":"Revista Rambla","article_publisher":"https:\/\/www.facebook.com\/revistarambla\/","article_published_time":"2013-03-25T16:03:01+00:00","article_modified_time":"2021-07-29T18:46:59+00:00","og_image":[{"width":682,"height":400,"url":"https:\/\/i2.wp.com\/www.revistarambla.com\/wp-content\/uploads\/2013\/03\/violencia_00.jpg?fit=682%2C400&ssl=1","type":"image\/jpeg"}],"author":"Lola Murube","twitter_card":"summary_large_image","twitter_creator":"@revistarambla","twitter_site":"@revistarambla","twitter_misc":{"Written by":"Lola Murube","Estimated reading time":"13 minutes"},"schema":{"@context":"https:\/\/schema.org","@graph":[{"@type":"Article","@id":"https:\/\/www.revistarambla.com\/la-denuncia-es-la-clave-y-si-no-denuncias-no-existes-hasta-que-te-matan-y-te-conviertes-en-una-numero-mas\/#article","isPartOf":{"@id":"https:\/\/www.revistarambla.com\/la-denuncia-es-la-clave-y-si-no-denuncias-no-existes-hasta-que-te-matan-y-te-conviertes-en-una-numero-mas\/"},"author":{"name":"Lola Murube","@id":"https:\/\/www.revistarambla.com\/#\/schema\/person\/4a5652fc8c82df1f8593002d038cd79e"},"headline":"Diego S\u00e1nchez Murube: \u00abLa denuncia es la clave, y si no denuncias no existes hasta que te matan y te conviertes en un n\u00famero m\u00e1s\u00bb","datePublished":"2013-03-25T16:03:01+00:00","dateModified":"2021-07-29T18:46:59+00:00","mainEntityOfPage":{"@id":"https:\/\/www.revistarambla.com\/la-denuncia-es-la-clave-y-si-no-denuncias-no-existes-hasta-que-te-matan-y-te-conviertes-en-una-numero-mas\/"},"wordCount":3165,"commentCount":0,"publisher":{"@id":"https:\/\/www.revistarambla.com\/#organization"},"image":{"@id":"https:\/\/www.revistarambla.com\/la-denuncia-es-la-clave-y-si-no-denuncias-no-existes-hasta-que-te-matan-y-te-conviertes-en-una-numero-mas\/#primaryimage"},"thumbnailUrl":"https:\/\/www.revistarambla.com\/wp-content\/uploads\/2013\/03\/violencia_00.jpg","articleSection":["Actualidad","Barcelona"],"inLanguage":"en-GB","potentialAction":[{"@type":"CommentAction","name":"Comment","target":["https:\/\/www.revistarambla.com\/la-denuncia-es-la-clave-y-si-no-denuncias-no-existes-hasta-que-te-matan-y-te-conviertes-en-una-numero-mas\/#respond"]}]},{"@type":"WebPage","@id":"https:\/\/www.revistarambla.com\/la-denuncia-es-la-clave-y-si-no-denuncias-no-existes-hasta-que-te-matan-y-te-conviertes-en-una-numero-mas\/","url":"https:\/\/www.revistarambla.com\/la-denuncia-es-la-clave-y-si-no-denuncias-no-existes-hasta-que-te-matan-y-te-conviertes-en-una-numero-mas\/","name":"Diego S\u00e1nchez Murube: \"La denuncia es la clave, y si no denuncias no existes hasta que te matan y te conviertes en un n\u00famero m\u00e1s\" - Revista Rambla","isPartOf":{"@id":"https:\/\/www.revistarambla.com\/#website"},"primaryImageOfPage":{"@id":"https:\/\/www.revistarambla.com\/la-denuncia-es-la-clave-y-si-no-denuncias-no-existes-hasta-que-te-matan-y-te-conviertes-en-una-numero-mas\/#primaryimage"},"image":{"@id":"https:\/\/www.revistarambla.com\/la-denuncia-es-la-clave-y-si-no-denuncias-no-existes-hasta-que-te-matan-y-te-conviertes-en-una-numero-mas\/#primaryimage"},"thumbnailUrl":"https:\/\/www.revistarambla.com\/wp-content\/uploads\/2013\/03\/violencia_00.jpg","datePublished":"2013-03-25T16:03:01+00:00","dateModified":"2021-07-29T18:46:59+00:00","breadcrumb":{"@id":"https:\/\/www.revistarambla.com\/la-denuncia-es-la-clave-y-si-no-denuncias-no-existes-hasta-que-te-matan-y-te-conviertes-en-una-numero-mas\/#breadcrumb"},"inLanguage":"en-GB","potentialAction":[{"@type":"ReadAction","target":["https:\/\/www.revistarambla.com\/la-denuncia-es-la-clave-y-si-no-denuncias-no-existes-hasta-que-te-matan-y-te-conviertes-en-una-numero-mas\/"]}]},{"@type":"ImageObject","inLanguage":"en-GB","@id":"https:\/\/www.revistarambla.com\/la-denuncia-es-la-clave-y-si-no-denuncias-no-existes-hasta-que-te-matan-y-te-conviertes-en-una-numero-mas\/#primaryimage","url":"https:\/\/www.revistarambla.com\/wp-content\/uploads\/2013\/03\/violencia_00.jpg","contentUrl":"https:\/\/www.revistarambla.com\/wp-content\/uploads\/2013\/03\/violencia_00.jpg"},{"@type":"BreadcrumbList","@id":"https:\/\/www.revistarambla.com\/la-denuncia-es-la-clave-y-si-no-denuncias-no-existes-hasta-que-te-matan-y-te-conviertes-en-una-numero-mas\/#breadcrumb","itemListElement":[{"@type":"ListItem","position":1,"name":"Portada","item":"https:\/\/www.revistarambla.com\/"},{"@type":"ListItem","position":2,"name":"Diego S\u00e1nchez Murube: \u00abLa denuncia es la clave, y si no denuncias no existes hasta que te matan y te conviertes en un n\u00famero m\u00e1s\u00bb"}]},{"@type":"WebSite","@id":"https:\/\/www.revistarambla.com\/#website","url":"https:\/\/www.revistarambla.com\/","name":"Revista Rambla Barcelona","description":"Periodismo independiente","publisher":{"@id":"https:\/\/www.revistarambla.com\/#organization"},"potentialAction":[{"@type":"SearchAction","target":{"@type":"EntryPoint","urlTemplate":"https:\/\/www.revistarambla.com\/?s={search_term_string}"},"query-input":{"@type":"PropertyValueSpecification","valueRequired":true,"valueName":"search_term_string"}}],"inLanguage":"en-GB"},{"@type":"Organization","@id":"https:\/\/www.revistarambla.com\/#organization","name":"Revista Rambla","url":"https:\/\/www.revistarambla.com\/","logo":{"@type":"ImageObject","inLanguage":"en-GB","@id":"https:\/\/www.revistarambla.com\/#\/schema\/logo\/image\/","url":"https:\/\/www.revistarambla.com\/wp-content\/uploads\/2020\/09\/banner_rambla_1900x600_BB.png","contentUrl":"https:\/\/www.revistarambla.com\/wp-content\/uploads\/2020\/09\/banner_rambla_1900x600_BB.png","width":1900,"height":600,"caption":"Revista Rambla"},"image":{"@id":"https:\/\/www.revistarambla.com\/#\/schema\/logo\/image\/"},"sameAs":["https:\/\/www.facebook.com\/revistarambla\/","https:\/\/x.com\/revistarambla","https:\/\/www.instagram.com\/revista_rambla","https:\/\/es.linkedin.com\/company\/revista-rambla"]},{"@type":"Person","@id":"https:\/\/www.revistarambla.com\/#\/schema\/person\/4a5652fc8c82df1f8593002d038cd79e","name":"Lola Murube"}]}},"_links":{"self":[{"href":"https:\/\/www.revistarambla.com\/en\/wp-json\/wp\/v2\/posts\/3043","targetHints":{"allow":["GET"]}}],"collection":[{"href":"https:\/\/www.revistarambla.com\/en\/wp-json\/wp\/v2\/posts"}],"about":[{"href":"https:\/\/www.revistarambla.com\/en\/wp-json\/wp\/v2\/types\/post"}],"author":[{"embeddable":true,"href":"https:\/\/www.revistarambla.com\/en\/wp-json\/wp\/v2\/users\/1"}],"replies":[{"embeddable":true,"href":"https:\/\/www.revistarambla.com\/en\/wp-json\/wp\/v2\/comments?post=3043"}],"version-history":[{"count":0,"href":"https:\/\/www.revistarambla.com\/en\/wp-json\/wp\/v2\/posts\/3043\/revisions"}],"wp:attachment":[{"href":"https:\/\/www.revistarambla.com\/en\/wp-json\/wp\/v2\/media?parent=3043"}],"wp:term":[{"taxonomy":"category","embeddable":true,"href":"https:\/\/www.revistarambla.com\/en\/wp-json\/wp\/v2\/categories?post=3043"},{"taxonomy":"post_tag","embeddable":true,"href":"https:\/\/www.revistarambla.com\/en\/wp-json\/wp\/v2\/tags?post=3043"}],"curies":[{"name":"wp","href":"https:\/\/api.w.org\/{rel}","templated":true}]}}