{"id":3039,"date":"2013-03-25T15:52:18","date_gmt":"2013-03-25T14:52:18","guid":{"rendered":"https:\/\/www.revistarambla.com\/hablando-de-messi\/"},"modified":"2021-12-07T17:27:48","modified_gmt":"2021-12-07T16:27:48","slug":"hablando-de-messi","status":"publish","type":"post","link":"https:\/\/www.revistarambla.com\/en\/hablando-de-messi\/","title":{"rendered":"Hablando de Messi"},"content":{"rendered":"<figure style=\"width: 365px\" class=\"wp-caption alignright\"><img decoding=\"async\" src=\"https:\/\/www.revistarambla.com\/wp-content\/uploads\/2013\/03\/messi.jpg\" alt=\"alt\" width=\"365\" height=\"241\" \/><figcaption class=\"wp-caption-text\">Ilustra Evelio G\u00f3mez.<\/figcaption><\/figure>\n<p>Argentinos \u00bfc\u00f3mo son los argentinos? pues dir\u00eda que son como las personas del resto del mundo. Los hay buenos, los hay malos, los hay capitalinos, los hay provincianos, hay argentinos con talento y los hay sin talento, hay argentinos muy cre\u00eddos y argentinos como Messi.<\/p>\n<p>La sociedad argentina es diversa y adem\u00e1s cambia, como cambian todas las sociedades. Desde que deje mi pa\u00eds de origen han pasado 27 a\u00f1os y desde fuera ya no entiendes nada de lo que pasa por all\u00ed, con Facebook o sin Facebook, cuando vuelves de vacaciones todo es distinto y menos mal.<\/p>\n<p>Hoy a lombardos, sicilianos, genoveses, gallegos, catalanes, andaluces, brit\u00e1nicos, escoceses, \u00e1rabes en general, israelitas, resto de sudamericanos, gentes de los pueblos originarios etc. se les han sumado chinos de diversas regiones, coreanos y otras nacionalidades. Pero sobre la diversidad natural y cultural de las sociedades a veces sobresalen fen\u00f3menos que vistos desde fuera llaman mucho la atenci\u00f3n por recurrentes.<\/p>\n<p>Cuando gan\u00f3 un Bal\u00f3n de Oro Messi, el cuarto, lo convirti\u00f3 en mito. Tambi\u00e9n lo hace un mito su personalidad y seguramente el asesor de imagen del Bar\u00e7a. Los argentinos reclamaron la nacionalidad de Messi en ese momento con un \u00edmpetu que rozaba el fanatismo. Pero Messi no es una excepci\u00f3n. Maradona fue mitificado por impulsivo, trasparente, exuberante y sobre todo porque representa a las personas que saltan de la nada a la obtenci\u00f3n del todo.<\/p>\n<p>Esta beatificaci\u00f3n no s\u00f3lo se otorga a los futbolistas. Hace unos d\u00edas le\u00ed que han descubierto que Gardel se dedicaba al dudoso trabajo de embaucador en su temprana juventud. Lo m\u00e1s probable es que este dato no corrompa el mito, si no que lo refuerce, convirtiendo al p\u00edcaro en h\u00e9roe, lo mejor que le sucedi\u00f3 al mito fue lo peor que le pod\u00eda pasar a una persona, muri\u00f3 joven.<\/p>\n<p>Tambi\u00e9n se extienden estas beatificaciones laicas a los pol\u00edticos, Eva Per\u00f3n est\u00e1 siempre en el escal\u00f3n m\u00e1s alto de la idolatr\u00eda. La Sra Fern\u00e1ndez sabe lo que representa la caritativa Se\u00f1ora del mo\u00f1o, para la clase trabajadora argentina, por lo tanto imprimi\u00f3 billetes con su esfinge \u00bfpopulismo? ese es otro tema. Igual en el pr\u00f3ximo billete les dibujan las Malvinas.<\/p>\n<p>El mundo de la literatura tambi\u00e9n tiene sus santos, no eres un lector argentino que se precie si no amas a Borges o a Cort\u00e1zar. Y encima has de afirmar que los comprendes, que te emocionan, aunque en realidad son tan complicados que a veces no se entendamos un tubo, pero has de decir que te has le\u00eddo Rayuela de un tir\u00f3n y que has analizado El jard\u00edn de los senderos que se bifurcan.<\/p>\n<p>En el momento en que la fumata blanca sali\u00f3 de la chimenea Vaticana, mi Facebook explot\u00f3 en mil opiniones en contra y a favor del nuevo Papa. Desde Italia me escribieron, \u201cE adesso voi argentini avete pure il Papa..\u201d\u00a0un amigo catal\u00e1n escribi\u00f3 en su muro \u201csi Messi \u00e8s Deu \u00e8s normal que el Papa sigui argent\u00ed\u201d. Los amigos argentinos creyentes abogaron por comenzar la creaci\u00f3n del mito y los ateos se dedicaron a voltearlo poniendo en evidencia los errores y pecaditos de omisi\u00f3n del jesuita. Lo primero que dijo la prensa seria italiana ha sido que el nuevo Papa tiene los tintes populistas de los aires argentinos.<\/p>\n<p>A los mitos se les perdona todo, se les justifican los errores, se les disculpan las cr\u00edticas a lo m\u00e1s sagrado, se les excusan las deshonestidades y se giran argumentos explicativos para convertir humanos en dioses.<\/p>\n<p>Algunos argentinos me dicen que se trata de olvidar lo cotidiano y emborracharse de orgullo por dar a luz como pa\u00eds a un individuo excepcional. Creo que la cuesti\u00f3n es un poco m\u00e1s profunda y viene determinada por las ideolog\u00edas neoliberales que han gobernado casi siempre Argentina, una ideolog\u00eda basada en un neodarwinismo social donde s\u00f3lo deber\u00edan sobrevivir los mejor adaptados y donde el \u00e9xito s\u00f3lo lo logran individuos excepcionales. El sentido de colectividad, donde todos puedan sobrevivir y disfrutar de un \u00e9xito basado en los logros comunitarios, creo, que a la sociedad argentina le suena a comunismo marxista ortodoxo.<\/p>","protected":false},"excerpt":{"rendered":"<p>Argentinos \u00bfc\u00f3mo son los argentinos? pues dir\u00eda que son como las personas del resto del mundo. Los hay buenos, los hay malos, los hay capitalinos, los hay provincianos, hay argentinos con talento y los hay sin talento, hay argentinos muy cre\u00eddos y argentinos como Messi. La sociedad argentina es diversa [&hellip;]<\/p>\n","protected":false},"author":20,"featured_media":0,"comment_status":"open","ping_status":"open","sticky":false,"template":"","format":"standard","meta":{"footnotes":""},"categories":[72],"tags":[],"class_list":["post-3039","post","type-post","status-publish","format-standard","hentry","category-opinion"],"yoast_head":"<!-- This site is optimized with the Yoast SEO plugin v27.5 - https:\/\/yoast.com\/product\/yoast-seo-wordpress\/ -->\n<title>Hablando de Messi - Revista Rambla<\/title>\n<meta name=\"robots\" content=\"index, follow, max-snippet:-1, max-image-preview:large, max-video-preview:-1\" \/>\n<link rel=\"canonical\" href=\"https:\/\/www.revistarambla.com\/en\/hablando-de-messi\/\" \/>\n<meta property=\"og:locale\" content=\"en_GB\" \/>\n<meta property=\"og:type\" content=\"article\" \/>\n<meta property=\"og:title\" content=\"Hablando de Messi - Revista Rambla\" \/>\n<meta property=\"og:description\" content=\"Argentinos \u00bfc\u00f3mo son los argentinos? pues dir\u00eda que son como las personas del resto del mundo. Los hay buenos, los hay malos, los hay capitalinos, los hay provincianos, hay argentinos con talento y los hay sin talento, hay argentinos muy cre\u00eddos y argentinos como Messi. La sociedad argentina es diversa [&hellip;]\" \/>\n<meta property=\"og:url\" content=\"https:\/\/www.revistarambla.com\/en\/hablando-de-messi\/\" \/>\n<meta property=\"og:site_name\" content=\"Revista Rambla\" \/>\n<meta property=\"article:publisher\" content=\"https:\/\/www.facebook.com\/revistarambla\/\" \/>\n<meta property=\"article:published_time\" content=\"2013-03-25T14:52:18+00:00\" \/>\n<meta property=\"article:modified_time\" content=\"2021-12-07T16:27:48+00:00\" \/>\n<meta property=\"og:image\" content=\"https:\/\/www.revistarambla.com\/wp-content\/uploads\/2013\/03\/messi.jpg\" \/>\n\t<meta property=\"og:image:width\" content=\"682\" \/>\n\t<meta property=\"og:image:height\" content=\"450\" \/>\n\t<meta property=\"og:image:type\" content=\"image\/jpeg\" \/>\n<meta name=\"author\" content=\"Patricia Rocha Antonelli\" \/>\n<meta name=\"twitter:card\" content=\"summary_large_image\" \/>\n<meta name=\"twitter:creator\" content=\"@RochaAntonelli\" \/>\n<meta name=\"twitter:site\" content=\"@revistarambla\" \/>\n<meta name=\"twitter:label1\" content=\"Written by\" \/>\n\t<meta name=\"twitter:data1\" content=\"Patricia Rocha Antonelli\" \/>\n\t<meta name=\"twitter:label2\" content=\"Estimated reading time\" \/>\n\t<meta name=\"twitter:data2\" content=\"4 minutes\" \/>\n<script type=\"application\/ld+json\" class=\"yoast-schema-graph\">{\"@context\":\"https:\\\/\\\/schema.org\",\"@graph\":[{\"@type\":\"Article\",\"@id\":\"https:\\\/\\\/www.revistarambla.com\\\/hablando-de-messi\\\/#article\",\"isPartOf\":{\"@id\":\"https:\\\/\\\/www.revistarambla.com\\\/hablando-de-messi\\\/\"},\"author\":{\"name\":\"Patricia Rocha Antonelli\",\"@id\":\"https:\\\/\\\/www.revistarambla.com\\\/#\\\/schema\\\/person\\\/eee50e1ca8b770fce507cc55cdb42f78\"},\"headline\":\"Hablando de Messi\",\"datePublished\":\"2013-03-25T14:52:18+00:00\",\"dateModified\":\"2021-12-07T16:27:48+00:00\",\"mainEntityOfPage\":{\"@id\":\"https:\\\/\\\/www.revistarambla.com\\\/hablando-de-messi\\\/\"},\"wordCount\":740,\"commentCount\":0,\"publisher\":{\"@id\":\"https:\\\/\\\/www.revistarambla.com\\\/#organization\"},\"image\":{\"@id\":\"https:\\\/\\\/www.revistarambla.com\\\/hablando-de-messi\\\/#primaryimage\"},\"thumbnailUrl\":\"https:\\\/\\\/www.revistarambla.com\\\/wp-content\\\/uploads\\\/2013\\\/03\\\/messi.jpg\",\"articleSection\":[\"Opiniones\"],\"inLanguage\":\"en-GB\",\"potentialAction\":[{\"@type\":\"CommentAction\",\"name\":\"Comment\",\"target\":[\"https:\\\/\\\/www.revistarambla.com\\\/hablando-de-messi\\\/#respond\"]}]},{\"@type\":\"WebPage\",\"@id\":\"https:\\\/\\\/www.revistarambla.com\\\/hablando-de-messi\\\/\",\"url\":\"https:\\\/\\\/www.revistarambla.com\\\/hablando-de-messi\\\/\",\"name\":\"Hablando de Messi - Revista Rambla\",\"isPartOf\":{\"@id\":\"https:\\\/\\\/www.revistarambla.com\\\/#website\"},\"primaryImageOfPage\":{\"@id\":\"https:\\\/\\\/www.revistarambla.com\\\/hablando-de-messi\\\/#primaryimage\"},\"image\":{\"@id\":\"https:\\\/\\\/www.revistarambla.com\\\/hablando-de-messi\\\/#primaryimage\"},\"thumbnailUrl\":\"https:\\\/\\\/www.revistarambla.com\\\/wp-content\\\/uploads\\\/2013\\\/03\\\/messi.jpg\",\"datePublished\":\"2013-03-25T14:52:18+00:00\",\"dateModified\":\"2021-12-07T16:27:48+00:00\",\"breadcrumb\":{\"@id\":\"https:\\\/\\\/www.revistarambla.com\\\/hablando-de-messi\\\/#breadcrumb\"},\"inLanguage\":\"en-GB\",\"potentialAction\":[{\"@type\":\"ReadAction\",\"target\":[\"https:\\\/\\\/www.revistarambla.com\\\/hablando-de-messi\\\/\"]}]},{\"@type\":\"ImageObject\",\"inLanguage\":\"en-GB\",\"@id\":\"https:\\\/\\\/www.revistarambla.com\\\/hablando-de-messi\\\/#primaryimage\",\"url\":\"https:\\\/\\\/www.revistarambla.com\\\/wp-content\\\/uploads\\\/2013\\\/03\\\/messi.jpg\",\"contentUrl\":\"https:\\\/\\\/www.revistarambla.com\\\/wp-content\\\/uploads\\\/2013\\\/03\\\/messi.jpg\"},{\"@type\":\"BreadcrumbList\",\"@id\":\"https:\\\/\\\/www.revistarambla.com\\\/hablando-de-messi\\\/#breadcrumb\",\"itemListElement\":[{\"@type\":\"ListItem\",\"position\":1,\"name\":\"Portada\",\"item\":\"https:\\\/\\\/www.revistarambla.com\\\/\"},{\"@type\":\"ListItem\",\"position\":2,\"name\":\"Hablando de Messi\"}]},{\"@type\":\"WebSite\",\"@id\":\"https:\\\/\\\/www.revistarambla.com\\\/#website\",\"url\":\"https:\\\/\\\/www.revistarambla.com\\\/\",\"name\":\"Revista Rambla Barcelona\",\"description\":\"Periodismo independiente\",\"publisher\":{\"@id\":\"https:\\\/\\\/www.revistarambla.com\\\/#organization\"},\"potentialAction\":[{\"@type\":\"SearchAction\",\"target\":{\"@type\":\"EntryPoint\",\"urlTemplate\":\"https:\\\/\\\/www.revistarambla.com\\\/?s={search_term_string}\"},\"query-input\":{\"@type\":\"PropertyValueSpecification\",\"valueRequired\":true,\"valueName\":\"search_term_string\"}}],\"inLanguage\":\"en-GB\"},{\"@type\":\"Organization\",\"@id\":\"https:\\\/\\\/www.revistarambla.com\\\/#organization\",\"name\":\"Revista Rambla\",\"url\":\"https:\\\/\\\/www.revistarambla.com\\\/\",\"logo\":{\"@type\":\"ImageObject\",\"inLanguage\":\"en-GB\",\"@id\":\"https:\\\/\\\/www.revistarambla.com\\\/#\\\/schema\\\/logo\\\/image\\\/\",\"url\":\"https:\\\/\\\/www.revistarambla.com\\\/wp-content\\\/uploads\\\/2020\\\/09\\\/banner_rambla_1900x600_BB.png\",\"contentUrl\":\"https:\\\/\\\/www.revistarambla.com\\\/wp-content\\\/uploads\\\/2020\\\/09\\\/banner_rambla_1900x600_BB.png\",\"width\":1900,\"height\":600,\"caption\":\"Revista Rambla\"},\"image\":{\"@id\":\"https:\\\/\\\/www.revistarambla.com\\\/#\\\/schema\\\/logo\\\/image\\\/\"},\"sameAs\":[\"https:\\\/\\\/www.facebook.com\\\/revistarambla\\\/\",\"https:\\\/\\\/x.com\\\/revistarambla\",\"https:\\\/\\\/www.instagram.com\\\/revista_rambla\",\"https:\\\/\\\/es.linkedin.com\\\/company\\\/revista-rambla\"]},{\"@type\":\"Person\",\"@id\":\"https:\\\/\\\/www.revistarambla.com\\\/#\\\/schema\\\/person\\\/eee50e1ca8b770fce507cc55cdb42f78\",\"name\":\"Patricia Rocha Antonelli\",\"description\":\"Licenciada en Geograf\u00eda e Historia (UdL) y Antropolog\u00eda (URV).\",\"sameAs\":[\"http:\\\/\\\/patriciarochantonelli.blogspot.com\\\/\",\"https:\\\/\\\/x.com\\\/RochaAntonelli\"]}]}<\/script>\n<!-- \/ Yoast SEO plugin. -->","yoast_head_json":{"title":"Hablando de Messi - Revista Rambla","robots":{"index":"index","follow":"follow","max-snippet":"max-snippet:-1","max-image-preview":"max-image-preview:large","max-video-preview":"max-video-preview:-1"},"canonical":"https:\/\/www.revistarambla.com\/en\/hablando-de-messi\/","og_locale":"en_GB","og_type":"article","og_title":"Hablando de Messi - Revista Rambla","og_description":"Argentinos \u00bfc\u00f3mo son los argentinos? pues dir\u00eda que son como las personas del resto del mundo. Los hay buenos, los hay malos, los hay capitalinos, los hay provincianos, hay argentinos con talento y los hay sin talento, hay argentinos muy cre\u00eddos y argentinos como Messi. La sociedad argentina es diversa [&hellip;]","og_url":"https:\/\/www.revistarambla.com\/en\/hablando-de-messi\/","og_site_name":"Revista Rambla","article_publisher":"https:\/\/www.facebook.com\/revistarambla\/","article_published_time":"2013-03-25T14:52:18+00:00","article_modified_time":"2021-12-07T16:27:48+00:00","og_image":[{"width":682,"height":450,"url":"https:\/\/www.revistarambla.com\/wp-content\/uploads\/2013\/03\/messi.jpg","type":"image\/jpeg"}],"author":"Patricia Rocha Antonelli","twitter_card":"summary_large_image","twitter_creator":"@RochaAntonelli","twitter_site":"@revistarambla","twitter_misc":{"Written by":"Patricia Rocha Antonelli","Estimated reading time":"4 minutes"},"schema":{"@context":"https:\/\/schema.org","@graph":[{"@type":"Article","@id":"https:\/\/www.revistarambla.com\/hablando-de-messi\/#article","isPartOf":{"@id":"https:\/\/www.revistarambla.com\/hablando-de-messi\/"},"author":{"name":"Patricia Rocha Antonelli","@id":"https:\/\/www.revistarambla.com\/#\/schema\/person\/eee50e1ca8b770fce507cc55cdb42f78"},"headline":"Hablando de Messi","datePublished":"2013-03-25T14:52:18+00:00","dateModified":"2021-12-07T16:27:48+00:00","mainEntityOfPage":{"@id":"https:\/\/www.revistarambla.com\/hablando-de-messi\/"},"wordCount":740,"commentCount":0,"publisher":{"@id":"https:\/\/www.revistarambla.com\/#organization"},"image":{"@id":"https:\/\/www.revistarambla.com\/hablando-de-messi\/#primaryimage"},"thumbnailUrl":"https:\/\/www.revistarambla.com\/wp-content\/uploads\/2013\/03\/messi.jpg","articleSection":["Opiniones"],"inLanguage":"en-GB","potentialAction":[{"@type":"CommentAction","name":"Comment","target":["https:\/\/www.revistarambla.com\/hablando-de-messi\/#respond"]}]},{"@type":"WebPage","@id":"https:\/\/www.revistarambla.com\/hablando-de-messi\/","url":"https:\/\/www.revistarambla.com\/hablando-de-messi\/","name":"Hablando de Messi - Revista Rambla","isPartOf":{"@id":"https:\/\/www.revistarambla.com\/#website"},"primaryImageOfPage":{"@id":"https:\/\/www.revistarambla.com\/hablando-de-messi\/#primaryimage"},"image":{"@id":"https:\/\/www.revistarambla.com\/hablando-de-messi\/#primaryimage"},"thumbnailUrl":"https:\/\/www.revistarambla.com\/wp-content\/uploads\/2013\/03\/messi.jpg","datePublished":"2013-03-25T14:52:18+00:00","dateModified":"2021-12-07T16:27:48+00:00","breadcrumb":{"@id":"https:\/\/www.revistarambla.com\/hablando-de-messi\/#breadcrumb"},"inLanguage":"en-GB","potentialAction":[{"@type":"ReadAction","target":["https:\/\/www.revistarambla.com\/hablando-de-messi\/"]}]},{"@type":"ImageObject","inLanguage":"en-GB","@id":"https:\/\/www.revistarambla.com\/hablando-de-messi\/#primaryimage","url":"https:\/\/www.revistarambla.com\/wp-content\/uploads\/2013\/03\/messi.jpg","contentUrl":"https:\/\/www.revistarambla.com\/wp-content\/uploads\/2013\/03\/messi.jpg"},{"@type":"BreadcrumbList","@id":"https:\/\/www.revistarambla.com\/hablando-de-messi\/#breadcrumb","itemListElement":[{"@type":"ListItem","position":1,"name":"Portada","item":"https:\/\/www.revistarambla.com\/"},{"@type":"ListItem","position":2,"name":"Hablando de Messi"}]},{"@type":"WebSite","@id":"https:\/\/www.revistarambla.com\/#website","url":"https:\/\/www.revistarambla.com\/","name":"Revista Rambla Barcelona","description":"Periodismo independiente","publisher":{"@id":"https:\/\/www.revistarambla.com\/#organization"},"potentialAction":[{"@type":"SearchAction","target":{"@type":"EntryPoint","urlTemplate":"https:\/\/www.revistarambla.com\/?s={search_term_string}"},"query-input":{"@type":"PropertyValueSpecification","valueRequired":true,"valueName":"search_term_string"}}],"inLanguage":"en-GB"},{"@type":"Organization","@id":"https:\/\/www.revistarambla.com\/#organization","name":"Revista Rambla","url":"https:\/\/www.revistarambla.com\/","logo":{"@type":"ImageObject","inLanguage":"en-GB","@id":"https:\/\/www.revistarambla.com\/#\/schema\/logo\/image\/","url":"https:\/\/www.revistarambla.com\/wp-content\/uploads\/2020\/09\/banner_rambla_1900x600_BB.png","contentUrl":"https:\/\/www.revistarambla.com\/wp-content\/uploads\/2020\/09\/banner_rambla_1900x600_BB.png","width":1900,"height":600,"caption":"Revista Rambla"},"image":{"@id":"https:\/\/www.revistarambla.com\/#\/schema\/logo\/image\/"},"sameAs":["https:\/\/www.facebook.com\/revistarambla\/","https:\/\/x.com\/revistarambla","https:\/\/www.instagram.com\/revista_rambla","https:\/\/es.linkedin.com\/company\/revista-rambla"]},{"@type":"Person","@id":"https:\/\/www.revistarambla.com\/#\/schema\/person\/eee50e1ca8b770fce507cc55cdb42f78","name":"Patricia Rocha Antonelli","description":"Licenciada en Geograf\u00eda e Historia (UdL) y Antropolog\u00eda (URV).","sameAs":["http:\/\/patriciarochantonelli.blogspot.com\/","https:\/\/x.com\/RochaAntonelli"]}]}},"_links":{"self":[{"href":"https:\/\/www.revistarambla.com\/en\/wp-json\/wp\/v2\/posts\/3039","targetHints":{"allow":["GET"]}}],"collection":[{"href":"https:\/\/www.revistarambla.com\/en\/wp-json\/wp\/v2\/posts"}],"about":[{"href":"https:\/\/www.revistarambla.com\/en\/wp-json\/wp\/v2\/types\/post"}],"author":[{"embeddable":true,"href":"https:\/\/www.revistarambla.com\/en\/wp-json\/wp\/v2\/users\/20"}],"replies":[{"embeddable":true,"href":"https:\/\/www.revistarambla.com\/en\/wp-json\/wp\/v2\/comments?post=3039"}],"version-history":[{"count":0,"href":"https:\/\/www.revistarambla.com\/en\/wp-json\/wp\/v2\/posts\/3039\/revisions"}],"wp:attachment":[{"href":"https:\/\/www.revistarambla.com\/en\/wp-json\/wp\/v2\/media?parent=3039"}],"wp:term":[{"taxonomy":"category","embeddable":true,"href":"https:\/\/www.revistarambla.com\/en\/wp-json\/wp\/v2\/categories?post=3039"},{"taxonomy":"post_tag","embeddable":true,"href":"https:\/\/www.revistarambla.com\/en\/wp-json\/wp\/v2\/tags?post=3039"}],"curies":[{"name":"wp","href":"https:\/\/api.w.org\/{rel}","templated":true}]}}