{"id":2973,"date":"2013-03-11T09:02:33","date_gmt":"2013-03-11T08:02:33","guid":{"rendered":"https:\/\/www.revistarambla.com\/la-mujer-que-mal-anda\/"},"modified":"2022-10-21T18:46:13","modified_gmt":"2022-10-21T16:46:13","slug":"la-mujer-que-mal-anda","status":"publish","type":"post","link":"https:\/\/www.revistarambla.com\/en\/la-mujer-que-mal-anda\/","title":{"rendered":"La mujer que mal anda"},"content":{"rendered":"<figure style=\"width: 700px\" class=\"wp-caption aligncenter\"><img decoding=\"async\" src=\"https:\/\/www.revistarambla.com\/wp-content\/uploads\/2013\/03\/Dones%20Rambla.jpg\" alt=\"alt\" width=\"700\" height=\"252\" \/><figcaption class=\"wp-caption-text\">Ilustra Evelio G\u00f3mez.<\/figcaption><\/figure>\n<p>No termino de entender la pol\u00e9mica generada por el comentario de la Concejala de la Mujer de Sagunto mostrando su perplejidad por algunas mujeres que, a su juicio, pese a la elegancia de sus ropas y complementos, a la hora de la verdad \u201ccuando andan, la cagan\u201d. La afirmaci\u00f3n, lanzada a los cuatro vientos cibern\u00e9ticos del Twitter, no hace m\u00e1s que reflejar esa eterna preocupaci\u00f3n que la derecha, la de siempre y la reci\u00e9n llegada, tiene por la clase, no la clase social sobre la que teorizara Marx, sino por ese extra\u00f1o don natural que permite a quien lo posee sobresalir con una gracia peculiar por encima de las mediocridades que le rodean.<\/p>\n<p>No sorprende, pues, que las mujeres conservadoras\u00a0 no anden muy al d\u00eda de las \u00faltimas teor\u00edas feministas o del pensamiento queer. Al fin y al cabo, entre sus referentes personales no se encuentran <a href=\"http:\/\/es.wikipedia.org\/wiki\/Beatriz_Preciado\">Beatriz Preciado<\/a>, y su bigotillo andr\u00f3gino, ambiguo y provocador. Ni <a href=\"http:\/\/es.wikipedia.org\/wiki\/Judith_Butler\">Judith Butler<\/a>, a no ser, claro, que confundan a la pensadora norteamericana con la entra\u00f1able Judith Garland de\u00a0El mago de Oz, en cuyo caso podr\u00e1n mostrar cierta inocente simpat\u00eda mientras tararean Over the rainbow \u00a0(al menos hasta que descubran el lesbianismo militante de la actriz, momento en el que, sin duda, correr\u00e1n a cobijarse bajo la sabidur\u00eda del ministro del Interior Jorge Fern\u00e1ndez D\u00edaz y su homofobia racional por la supervivencia de la especie).<\/p>\n<p>No, entre las peperas atraen m\u00e1s el paso firme de Rita Barber\u00e1 y sus bolsos de Louis Vuitton o las castizas mantillas de una Dolores de Cospedal capaz de asumir con modernidad y solter\u00eda el mandato maternal de g\u00e9nero. O la pragm\u00e1tica pisada de las hermanas Koplowitz, insuperables a la hora de fusionar Marie Clarie y el pensamiento de <a href=\"http:\/\/es.wikipedia.org\/wiki\/Milton_Friedman\">Milton Friedman<\/a>. Pero sobre todo, lo que m\u00e1s atrae a las aprendices de neocon es la distinci\u00f3n cong\u00e9nita de mujeres como Sof\u00eda de Grecia o Corinna Zu Sayn-Wittgenstein.\u00a0Ambas son, cada una a su estilo, se\u00f1oras discretas, refinadas, elegantes \u00a0y, por encima de todo, con clase. Ellas nunca la cagar\u00e1n al andar, una habilidad, por cierto, no compartida por el amigo com\u00fan de ambas, Juan Carlos I, dada su propensi\u00f3n a terminar por los suelos.<\/p>\n<p>Para el resto de mujeres, las no bendecidas por esa gracia reservada a la alta sociedad, solo les queda el consuelo de sentirse guapas. Pero eso s\u00ed, renunciando a andar, a dar ese fat\u00eddico paso que pone en evidencia su diarr\u00e9ica y mundana condici\u00f3n. No en vano,\u00a0el inmovilismo siempre ha sido el estado ideal para la derecha. Tal vez por ello ciertas empresas japonesas llevan a\u00f1os empe\u00f1ados en conseguir la mujer perfecta. Mujeres que, en suma, se adapten a las exigencias de una sociedad que ha aprendido a ocultar sus enso\u00f1aciones mis\u00f3ginas bajo las s\u00e1banas de lo pol\u00edticamente correcto: hembras paralizadas y sin pensamiento.<\/p>\n<p>El prototipo m\u00e1s avanzado de este proyecto se presentaba esta semana en la Feria de Mu\u00f1ecas Hinchables de S\u00e3o Paulo. Se llama Valentina y su precio ronda los 7.000 d\u00f3lares. Ha sido tanta la expectativa despertada que los organizadores del evento han decidido explotar al m\u00e1ximo el inter\u00e9s generado con una peculiar iniciativa:<a href=\"http:\/\/g1.globo.com\/sao-paulo\/noticia\/2013\/02\/leilao-da-virgindade-de-boneca-inflavel-chega-r-100-mil.html\">subastar la \u201cvirginidad\u201d de la mu\u00f1eca<\/a>. Hasta 4.000 euros se est\u00e1n pagando por aspirar a ser el primero en desflorar el artefacto en una exclusiva noche de hotel.<\/p>\n<p>Ahora, mientras se regodean en su \u00e9xito, los ingenieros nipones ya trabajan en su siguiente reto: conseguir, para tranquilidad de Fernandez D\u00edaz y el Vaticando, que las articuladas criaturas \u00a0tengan capacidad reproductiva para perpetuar \u00a0la especie. Eso s\u00ed, solo engendrar\u00e1n humanos inm\u00f3viles, que ni siquiera tengan que renunciar como ahora a su potencialidad de echarse a andar, no vaya a ser que un d\u00eda decidan ponerse a caminar y la caguen. Y ya se sabe, quien mal anda\u2026<\/p>","protected":false},"excerpt":{"rendered":"<p>No termino de entender la pol\u00e9mica generada por el comentario de la Concejala de la Mujer de Sagunto mostrando su perplejidad por algunas mujeres que, a su juicio, pese a la elegancia de sus ropas y complementos, a la hora de la verdad \u201ccuando andan, la cagan\u201d. La afirmaci\u00f3n, lanzada [&hellip;]<\/p>\n","protected":false},"author":325,"featured_media":0,"comment_status":"open","ping_status":"open","sticky":false,"template":"","format":"standard","meta":{"footnotes":""},"categories":[72],"tags":[],"class_list":["post-2973","post","type-post","status-publish","format-standard","hentry","category-opinion"],"yoast_head":"<!-- This site is optimized with the Yoast SEO plugin v27.5 - https:\/\/yoast.com\/product\/yoast-seo-wordpress\/ -->\n<title>La mujer que mal anda - Revista Rambla<\/title>\n<meta name=\"robots\" content=\"index, follow, max-snippet:-1, max-image-preview:large, max-video-preview:-1\" \/>\n<link rel=\"canonical\" href=\"https:\/\/www.revistarambla.com\/en\/la-mujer-que-mal-anda\/\" \/>\n<meta property=\"og:locale\" content=\"en_GB\" \/>\n<meta property=\"og:type\" content=\"article\" \/>\n<meta property=\"og:title\" content=\"La mujer que mal anda - Revista Rambla\" \/>\n<meta property=\"og:description\" content=\"No termino de entender la pol\u00e9mica generada por el comentario de la Concejala de la Mujer de Sagunto mostrando su perplejidad por algunas mujeres que, a su juicio, pese a la elegancia de sus ropas y complementos, a la hora de la verdad \u201ccuando andan, la cagan\u201d. La afirmaci\u00f3n, lanzada [&hellip;]\" \/>\n<meta property=\"og:url\" content=\"https:\/\/www.revistarambla.com\/en\/la-mujer-que-mal-anda\/\" \/>\n<meta property=\"og:site_name\" content=\"Revista Rambla\" \/>\n<meta property=\"article:publisher\" content=\"https:\/\/www.facebook.com\/revistarambla\/\" \/>\n<meta property=\"article:author\" content=\"https:\/\/www.facebook.com\/josemanuelrambla\/\" \/>\n<meta property=\"article:published_time\" content=\"2013-03-11T08:02:33+00:00\" \/>\n<meta property=\"article:modified_time\" content=\"2022-10-21T16:46:13+00:00\" \/>\n<meta property=\"og:image\" content=\"https:\/\/www.revistarambla.com\/wp-content\/uploads\/2013\/03\/Dones_00.jpg\" \/>\n\t<meta property=\"og:image:width\" content=\"682\" \/>\n\t<meta property=\"og:image:height\" content=\"400\" \/>\n\t<meta property=\"og:image:type\" content=\"image\/jpeg\" \/>\n<meta name=\"author\" content=\"Jos\u00e9 Manuel Rambla\" \/>\n<meta name=\"twitter:card\" content=\"summary_large_image\" \/>\n<meta name=\"twitter:creator\" content=\"@jmrambla\" \/>\n<meta name=\"twitter:site\" content=\"@revistarambla\" \/>\n<meta name=\"twitter:label1\" content=\"Written by\" \/>\n\t<meta name=\"twitter:data1\" content=\"Jos\u00e9 Manuel Rambla\" \/>\n\t<meta name=\"twitter:label2\" content=\"Estimated reading time\" \/>\n\t<meta name=\"twitter:data2\" content=\"3 minutes\" \/>\n<script type=\"application\/ld+json\" class=\"yoast-schema-graph\">{\"@context\":\"https:\\\/\\\/schema.org\",\"@graph\":[{\"@type\":\"Article\",\"@id\":\"https:\\\/\\\/www.revistarambla.com\\\/la-mujer-que-mal-anda\\\/#article\",\"isPartOf\":{\"@id\":\"https:\\\/\\\/www.revistarambla.com\\\/la-mujer-que-mal-anda\\\/\"},\"author\":{\"name\":\"Jos\u00e9 Manuel Rambla\",\"@id\":\"https:\\\/\\\/www.revistarambla.com\\\/#\\\/schema\\\/person\\\/f8e404c0293434eaf6a60da08d1123e3\"},\"headline\":\"La mujer que mal anda\",\"datePublished\":\"2013-03-11T08:02:33+00:00\",\"dateModified\":\"2022-10-21T16:46:13+00:00\",\"mainEntityOfPage\":{\"@id\":\"https:\\\/\\\/www.revistarambla.com\\\/la-mujer-que-mal-anda\\\/\"},\"wordCount\":692,\"commentCount\":0,\"publisher\":{\"@id\":\"https:\\\/\\\/www.revistarambla.com\\\/#organization\"},\"image\":{\"@id\":\"https:\\\/\\\/www.revistarambla.com\\\/la-mujer-que-mal-anda\\\/#primaryimage\"},\"thumbnailUrl\":\"https:\\\/\\\/www.revistarambla.com\\\/wp-content\\\/uploads\\\/2013\\\/03\\\/Dones%20Rambla.jpg\",\"articleSection\":[\"Opiniones\"],\"inLanguage\":\"en-GB\",\"potentialAction\":[{\"@type\":\"CommentAction\",\"name\":\"Comment\",\"target\":[\"https:\\\/\\\/www.revistarambla.com\\\/la-mujer-que-mal-anda\\\/#respond\"]}]},{\"@type\":\"WebPage\",\"@id\":\"https:\\\/\\\/www.revistarambla.com\\\/la-mujer-que-mal-anda\\\/\",\"url\":\"https:\\\/\\\/www.revistarambla.com\\\/la-mujer-que-mal-anda\\\/\",\"name\":\"La mujer que mal anda - Revista Rambla\",\"isPartOf\":{\"@id\":\"https:\\\/\\\/www.revistarambla.com\\\/#website\"},\"primaryImageOfPage\":{\"@id\":\"https:\\\/\\\/www.revistarambla.com\\\/la-mujer-que-mal-anda\\\/#primaryimage\"},\"image\":{\"@id\":\"https:\\\/\\\/www.revistarambla.com\\\/la-mujer-que-mal-anda\\\/#primaryimage\"},\"thumbnailUrl\":\"https:\\\/\\\/www.revistarambla.com\\\/wp-content\\\/uploads\\\/2013\\\/03\\\/Dones%20Rambla.jpg\",\"datePublished\":\"2013-03-11T08:02:33+00:00\",\"dateModified\":\"2022-10-21T16:46:13+00:00\",\"breadcrumb\":{\"@id\":\"https:\\\/\\\/www.revistarambla.com\\\/la-mujer-que-mal-anda\\\/#breadcrumb\"},\"inLanguage\":\"en-GB\",\"potentialAction\":[{\"@type\":\"ReadAction\",\"target\":[\"https:\\\/\\\/www.revistarambla.com\\\/la-mujer-que-mal-anda\\\/\"]}]},{\"@type\":\"ImageObject\",\"inLanguage\":\"en-GB\",\"@id\":\"https:\\\/\\\/www.revistarambla.com\\\/la-mujer-que-mal-anda\\\/#primaryimage\",\"url\":\"https:\\\/\\\/www.revistarambla.com\\\/wp-content\\\/uploads\\\/2013\\\/03\\\/Dones%20Rambla.jpg\",\"contentUrl\":\"https:\\\/\\\/www.revistarambla.com\\\/wp-content\\\/uploads\\\/2013\\\/03\\\/Dones%20Rambla.jpg\"},{\"@type\":\"BreadcrumbList\",\"@id\":\"https:\\\/\\\/www.revistarambla.com\\\/la-mujer-que-mal-anda\\\/#breadcrumb\",\"itemListElement\":[{\"@type\":\"ListItem\",\"position\":1,\"name\":\"Portada\",\"item\":\"https:\\\/\\\/www.revistarambla.com\\\/\"},{\"@type\":\"ListItem\",\"position\":2,\"name\":\"La mujer que mal anda\"}]},{\"@type\":\"WebSite\",\"@id\":\"https:\\\/\\\/www.revistarambla.com\\\/#website\",\"url\":\"https:\\\/\\\/www.revistarambla.com\\\/\",\"name\":\"Revista Rambla Barcelona\",\"description\":\"Periodismo independiente\",\"publisher\":{\"@id\":\"https:\\\/\\\/www.revistarambla.com\\\/#organization\"},\"potentialAction\":[{\"@type\":\"SearchAction\",\"target\":{\"@type\":\"EntryPoint\",\"urlTemplate\":\"https:\\\/\\\/www.revistarambla.com\\\/?s={search_term_string}\"},\"query-input\":{\"@type\":\"PropertyValueSpecification\",\"valueRequired\":true,\"valueName\":\"search_term_string\"}}],\"inLanguage\":\"en-GB\"},{\"@type\":\"Organization\",\"@id\":\"https:\\\/\\\/www.revistarambla.com\\\/#organization\",\"name\":\"Revista Rambla\",\"url\":\"https:\\\/\\\/www.revistarambla.com\\\/\",\"logo\":{\"@type\":\"ImageObject\",\"inLanguage\":\"en-GB\",\"@id\":\"https:\\\/\\\/www.revistarambla.com\\\/#\\\/schema\\\/logo\\\/image\\\/\",\"url\":\"https:\\\/\\\/www.revistarambla.com\\\/wp-content\\\/uploads\\\/2020\\\/09\\\/banner_rambla_1900x600_BB.png\",\"contentUrl\":\"https:\\\/\\\/www.revistarambla.com\\\/wp-content\\\/uploads\\\/2020\\\/09\\\/banner_rambla_1900x600_BB.png\",\"width\":1900,\"height\":600,\"caption\":\"Revista Rambla\"},\"image\":{\"@id\":\"https:\\\/\\\/www.revistarambla.com\\\/#\\\/schema\\\/logo\\\/image\\\/\"},\"sameAs\":[\"https:\\\/\\\/www.facebook.com\\\/revistarambla\\\/\",\"https:\\\/\\\/x.com\\\/revistarambla\",\"https:\\\/\\\/www.instagram.com\\\/revista_rambla\",\"https:\\\/\\\/es.linkedin.com\\\/company\\\/revista-rambla\"]},{\"@type\":\"Person\",\"@id\":\"https:\\\/\\\/www.revistarambla.com\\\/#\\\/schema\\\/person\\\/f8e404c0293434eaf6a60da08d1123e3\",\"name\":\"Jos\u00e9 Manuel Rambla\",\"description\":\"Periodista cultural y columnista.\",\"sameAs\":[\"https:\\\/\\\/aesteladodelparaiso.com\\\/\",\"https:\\\/\\\/www.facebook.com\\\/josemanuelrambla\\\/\",\"https:\\\/\\\/x.com\\\/jmrambla\"]}]}<\/script>\n<!-- \/ Yoast SEO plugin. -->","yoast_head_json":{"title":"La mujer que mal anda - Revista Rambla","robots":{"index":"index","follow":"follow","max-snippet":"max-snippet:-1","max-image-preview":"max-image-preview:large","max-video-preview":"max-video-preview:-1"},"canonical":"https:\/\/www.revistarambla.com\/en\/la-mujer-que-mal-anda\/","og_locale":"en_GB","og_type":"article","og_title":"La mujer que mal anda - Revista Rambla","og_description":"No termino de entender la pol\u00e9mica generada por el comentario de la Concejala de la Mujer de Sagunto mostrando su perplejidad por algunas mujeres que, a su juicio, pese a la elegancia de sus ropas y complementos, a la hora de la verdad \u201ccuando andan, la cagan\u201d. La afirmaci\u00f3n, lanzada [&hellip;]","og_url":"https:\/\/www.revistarambla.com\/en\/la-mujer-que-mal-anda\/","og_site_name":"Revista Rambla","article_publisher":"https:\/\/www.facebook.com\/revistarambla\/","article_author":"https:\/\/www.facebook.com\/josemanuelrambla\/","article_published_time":"2013-03-11T08:02:33+00:00","article_modified_time":"2022-10-21T16:46:13+00:00","og_image":[{"width":682,"height":400,"url":"https:\/\/www.revistarambla.com\/wp-content\/uploads\/2013\/03\/Dones_00.jpg","type":"image\/jpeg"}],"author":"Jos\u00e9 Manuel Rambla","twitter_card":"summary_large_image","twitter_creator":"@jmrambla","twitter_site":"@revistarambla","twitter_misc":{"Written by":"Jos\u00e9 Manuel Rambla","Estimated reading time":"3 minutes"},"schema":{"@context":"https:\/\/schema.org","@graph":[{"@type":"Article","@id":"https:\/\/www.revistarambla.com\/la-mujer-que-mal-anda\/#article","isPartOf":{"@id":"https:\/\/www.revistarambla.com\/la-mujer-que-mal-anda\/"},"author":{"name":"Jos\u00e9 Manuel Rambla","@id":"https:\/\/www.revistarambla.com\/#\/schema\/person\/f8e404c0293434eaf6a60da08d1123e3"},"headline":"La mujer que mal anda","datePublished":"2013-03-11T08:02:33+00:00","dateModified":"2022-10-21T16:46:13+00:00","mainEntityOfPage":{"@id":"https:\/\/www.revistarambla.com\/la-mujer-que-mal-anda\/"},"wordCount":692,"commentCount":0,"publisher":{"@id":"https:\/\/www.revistarambla.com\/#organization"},"image":{"@id":"https:\/\/www.revistarambla.com\/la-mujer-que-mal-anda\/#primaryimage"},"thumbnailUrl":"https:\/\/www.revistarambla.com\/wp-content\/uploads\/2013\/03\/Dones%20Rambla.jpg","articleSection":["Opiniones"],"inLanguage":"en-GB","potentialAction":[{"@type":"CommentAction","name":"Comment","target":["https:\/\/www.revistarambla.com\/la-mujer-que-mal-anda\/#respond"]}]},{"@type":"WebPage","@id":"https:\/\/www.revistarambla.com\/la-mujer-que-mal-anda\/","url":"https:\/\/www.revistarambla.com\/la-mujer-que-mal-anda\/","name":"La mujer que mal anda - Revista Rambla","isPartOf":{"@id":"https:\/\/www.revistarambla.com\/#website"},"primaryImageOfPage":{"@id":"https:\/\/www.revistarambla.com\/la-mujer-que-mal-anda\/#primaryimage"},"image":{"@id":"https:\/\/www.revistarambla.com\/la-mujer-que-mal-anda\/#primaryimage"},"thumbnailUrl":"https:\/\/www.revistarambla.com\/wp-content\/uploads\/2013\/03\/Dones%20Rambla.jpg","datePublished":"2013-03-11T08:02:33+00:00","dateModified":"2022-10-21T16:46:13+00:00","breadcrumb":{"@id":"https:\/\/www.revistarambla.com\/la-mujer-que-mal-anda\/#breadcrumb"},"inLanguage":"en-GB","potentialAction":[{"@type":"ReadAction","target":["https:\/\/www.revistarambla.com\/la-mujer-que-mal-anda\/"]}]},{"@type":"ImageObject","inLanguage":"en-GB","@id":"https:\/\/www.revistarambla.com\/la-mujer-que-mal-anda\/#primaryimage","url":"https:\/\/www.revistarambla.com\/wp-content\/uploads\/2013\/03\/Dones%20Rambla.jpg","contentUrl":"https:\/\/www.revistarambla.com\/wp-content\/uploads\/2013\/03\/Dones%20Rambla.jpg"},{"@type":"BreadcrumbList","@id":"https:\/\/www.revistarambla.com\/la-mujer-que-mal-anda\/#breadcrumb","itemListElement":[{"@type":"ListItem","position":1,"name":"Portada","item":"https:\/\/www.revistarambla.com\/"},{"@type":"ListItem","position":2,"name":"La mujer que mal anda"}]},{"@type":"WebSite","@id":"https:\/\/www.revistarambla.com\/#website","url":"https:\/\/www.revistarambla.com\/","name":"Revista Rambla Barcelona","description":"Periodismo independiente","publisher":{"@id":"https:\/\/www.revistarambla.com\/#organization"},"potentialAction":[{"@type":"SearchAction","target":{"@type":"EntryPoint","urlTemplate":"https:\/\/www.revistarambla.com\/?s={search_term_string}"},"query-input":{"@type":"PropertyValueSpecification","valueRequired":true,"valueName":"search_term_string"}}],"inLanguage":"en-GB"},{"@type":"Organization","@id":"https:\/\/www.revistarambla.com\/#organization","name":"Revista Rambla","url":"https:\/\/www.revistarambla.com\/","logo":{"@type":"ImageObject","inLanguage":"en-GB","@id":"https:\/\/www.revistarambla.com\/#\/schema\/logo\/image\/","url":"https:\/\/www.revistarambla.com\/wp-content\/uploads\/2020\/09\/banner_rambla_1900x600_BB.png","contentUrl":"https:\/\/www.revistarambla.com\/wp-content\/uploads\/2020\/09\/banner_rambla_1900x600_BB.png","width":1900,"height":600,"caption":"Revista Rambla"},"image":{"@id":"https:\/\/www.revistarambla.com\/#\/schema\/logo\/image\/"},"sameAs":["https:\/\/www.facebook.com\/revistarambla\/","https:\/\/x.com\/revistarambla","https:\/\/www.instagram.com\/revista_rambla","https:\/\/es.linkedin.com\/company\/revista-rambla"]},{"@type":"Person","@id":"https:\/\/www.revistarambla.com\/#\/schema\/person\/f8e404c0293434eaf6a60da08d1123e3","name":"Jos\u00e9 Manuel Rambla","description":"Periodista cultural y columnista.","sameAs":["https:\/\/aesteladodelparaiso.com\/","https:\/\/www.facebook.com\/josemanuelrambla\/","https:\/\/x.com\/jmrambla"]}]}},"_links":{"self":[{"href":"https:\/\/www.revistarambla.com\/en\/wp-json\/wp\/v2\/posts\/2973","targetHints":{"allow":["GET"]}}],"collection":[{"href":"https:\/\/www.revistarambla.com\/en\/wp-json\/wp\/v2\/posts"}],"about":[{"href":"https:\/\/www.revistarambla.com\/en\/wp-json\/wp\/v2\/types\/post"}],"author":[{"embeddable":true,"href":"https:\/\/www.revistarambla.com\/en\/wp-json\/wp\/v2\/users\/325"}],"replies":[{"embeddable":true,"href":"https:\/\/www.revistarambla.com\/en\/wp-json\/wp\/v2\/comments?post=2973"}],"version-history":[{"count":1,"href":"https:\/\/www.revistarambla.com\/en\/wp-json\/wp\/v2\/posts\/2973\/revisions"}],"predecessor-version":[{"id":48303,"href":"https:\/\/www.revistarambla.com\/en\/wp-json\/wp\/v2\/posts\/2973\/revisions\/48303"}],"wp:attachment":[{"href":"https:\/\/www.revistarambla.com\/en\/wp-json\/wp\/v2\/media?parent=2973"}],"wp:term":[{"taxonomy":"category","embeddable":true,"href":"https:\/\/www.revistarambla.com\/en\/wp-json\/wp\/v2\/categories?post=2973"},{"taxonomy":"post_tag","embeddable":true,"href":"https:\/\/www.revistarambla.com\/en\/wp-json\/wp\/v2\/tags?post=2973"}],"curies":[{"name":"wp","href":"https:\/\/api.w.org\/{rel}","templated":true}]}}