{"id":2953,"date":"2013-03-07T06:39:27","date_gmt":"2013-03-07T06:39:27","guid":{"rendered":"https:\/\/www.revistarambla.com\/el-noi-del-sucre-referente-obrero-y-sindical-90-anos-despues-de-su-asesinato\/"},"modified":"2021-07-03T21:14:25","modified_gmt":"2021-07-03T19:14:25","slug":"el-noi-del-sucre-referente-obrero-y-sindical-90-anos-despues-de-su-asesinato","status":"publish","type":"post","link":"https:\/\/www.revistarambla.com\/en\/el-noi-del-sucre-referente-obrero-y-sindical-90-anos-despues-de-su-asesinato\/","title":{"rendered":"El Noi del Sucre, referente obrero y sindical, 90 a\u00f1os despu\u00e9s de su asesinato"},"content":{"rendered":"<p>En la esquina barcelonesa de la calle Sant Rafael con la Rambla del Raval, una placa conmemorativa nos recuerda que, justo en ese lugar, el d\u00eda 10 de marzo de 1923, en un crudo y sangriento episodio del Pistolerismo de los a\u00f1os veinte, fue asesinado por la huestes de la patronal catalana Salvador Segu\u00ed Rubinat, m\u00e1s conocido como \u201cel noi del sucre\u201d, uno de los l\u00edderes anarcosindicalistas m\u00e1s destacados de toda la historia. Y justo en el momento actual, cuando la crisis econ\u00f3mica del mismo sistema capitalista que tanto combat\u00eda Salvador Segu\u00ed, es aprovechada por la actual patronal catalana para exprimir a la clase trabajadora, el Secretario General de la Comissi\u00f3 Obrera Nacional de Catalunya (CCOO), Joan Carles Gallego, ha querido rendir homenaje al que le fuera un gran predecesor en la lucha del movimiento obrero y sindical catal\u00e1n.<\/p>\n<p><img decoding=\"async\" class=\"aligncenter\" src=\"https:\/\/www.revistarambla.com\/wp-content\/uploads\/2013\/03\/noi_del_sucre_01%283%29.jpg\" alt=\"alt\" width=\"700\" height=\"441\" \/><\/p>\n<p>Aquel que fuera un gran l\u00edder sindical, contin\u00faa hoy en el recuerdo de muchas personas que, ante las injusticias que les acechan, pugnan por sobrevivir y seguir luchando como en su d\u00eda hicieron miles y miles de obreros y obreras. Pintor de profesi\u00f3n, inquieto por la pol\u00edtica y las ideas libertarias, autodidacta por necesidad y justa convicci\u00f3n, Salvador Segu\u00ed impuls\u00f3 la formaci\u00f3n intelectual, t\u00e9cnica y cultural de la clase trabajadora a trav\u00e9s de ateneos y bibliotecas. Impulsor tambi\u00e9n de Solidaridad Obrera, promotor de la unidad sindical entre la UGT y la CNT en 1916, y secretario general de la organizaci\u00f3n anarcosindicalista desde 1918, Salvador Segu\u00ed pas\u00f3 toda su vida luchando por la emancipaci\u00f3n de la clase trabajadora hasta que, un d\u00eda de marzo de 1923, unos pistoleros a sueldo de la patronal, el gran enemigo de clase, fueron a por \u00e9l y lo asesinaron a tiro limpio, como se hac\u00eda en aquellos a\u00f1os en Catalu\u00f1a cuando un sindicalista cuestionaba en demas\u00eda los intereses de la burgues\u00eda.<\/p>\n<p>El d\u00eda 10 de marzo se cumple el 90 aniversario del asesinato de \u201cel noi del sucre\u201d,pero ya el 6 de marzo, bajo una lluvia persistente, el sindicato Comisiones Obreras se ha acercado al lugar de los hechos para ensalzar la figura del l\u00edder anarcosindicalista y aprovechar, en el momento actual de dura crisis sist\u00e9mica, para reivindicar la lucha de la clase trabajadora y el papel del sindicato en la defensa de los derechos laborales, sociales y nacionales.<\/p>\n<p>Ante personaje hist\u00f3rico de tal magnitud, el principal sindicato de Catalunya no ha querido olvidarle. \u201cNos gusta llamarnos herederos de Salvador Segu\u00ed y de su forma de hacer sindicalismo; CCOO somos herederos de esa idea de sindicato sociopol\u00edtico que act\u00faa en la empresa para asegurar las condiciones laborales, pero tambi\u00e9n act\u00faa en la sociedad para asegurar las condiciones de vida, porqu\u00e9 unas y otras forman parte de la redistribuci\u00f3n de la riqueza y sin unas las otras no sirven\u201d, ha afirmado Joan Carles Gallego ante la prensa minutos antes de empezar el homenaje.<\/p>\n<h3><img decoding=\"async\" class=\"alignright\" src=\"https:\/\/www.revistarambla.com\/wp-content\/uploads\/2013\/03\/noi_del_sucre_02.jpg\" alt=\"alt\" width=\"242\" height=\"453\" \/>La cuesti\u00f3n nacional<\/h3>\n<p>De entre la gran y heterogenia familia del anarquismo catal\u00e1n anterior a la Guerra Civil, Salvador Segu\u00ed, amigo d\u2019\u00c0ngel Pesta\u00f1a, Josep Viadiu y Joan Peir\u00f3, form\u00f3 parte del sector m\u00e1s \u00a0sindicalista, rojinegro y catalanista. \u201cEl noi del sucre\u201d fue uno de los m\u00e1ximos exponentes del anarquismo en plantear la relaci\u00f3n de la clase trabajadora catalana con la libertad nacional de Catalu\u00f1a.<\/p>\n<p>Por su parte, aprovechando el car\u00e1cter catalanista de Salvador Segu\u00ed, Joan Carles Gallego ha reivindicado el catalanismo de CCOO afirmando que quieren ser herederos de una tradici\u00f3n sindical catalana y propia. \u201cNuestro sindicato no tiene miedo a la independencia\u201d, ha lanzado con vehemencia Joan Carles Gallego en su intervenci\u00f3n de homenaje al l\u00edder anarcosindicalista.<\/p>\n<h3>La lucha de clases<\/h3>\n<p>Al calor de la Primera Guerra Mundial, la burgues\u00eda catalana supo aprovechar la situaci\u00f3n de neutralidad de su estado para hacer negocios por doquier con los distintos pa\u00edses de la contienda b\u00e9lica. El consecuente aumento de los beneficios empresariales trajo consigo un alza de los precios de los bienes de consumo que afect\u00f3 negativamente a la clase trabajadora. El agravamiento de las condiciones de vida de la mayor\u00eda de la poblaci\u00f3n, la existencia de una organizaci\u00f3n de clase, la CNT, y de l\u00edderes sindicales como Salvador Segu\u00ed, facilitaron la realizaci\u00f3n de la huelga de 1917, uno de los hitos m\u00e1s importantes del movimiento obrero del estado espa\u00f1ol habidos y por haber. Una de las victorias m\u00e1s importantes de esa huelga fue la jornada laboral de 8 horas, pero tan pronto como pudo, la patronal volv\u00eda a lanzar una fuerte oleada de represi\u00f3n para asustar a los l\u00edderes combativos y tratar de arrebatarle al movimiento obrero las conquistas de 1917. Lejos de amedrentarse, la CNT se organiz\u00f3 para hacer frente al terrorismo empresarial. En esos a\u00f1os el derecho a huelga se conquistaba pistola en mano. La violencia exacerbada a finales de la d\u00e9cada de los diez y principios de los veinte entre proletariado y burgues\u00eda se ha conocido hist\u00f3ricamente como el fen\u00f3meno del \u201cPistolerismo\u201d y de esos episodios,Salvador Segu\u00ed fue una de las v\u00edctimas m\u00e1s conocidas.<\/p>\n<p>Actualmente no existe tal punto de violencia en la lucha de clases, es obvio, pero ante posible futurible que se pudiese perfilar, Joan Carles Gallego ha dejado bien claro, en alusi\u00f3n a cualquier comparaci\u00f3n entre contextos hist\u00f3ricos, que \u201cla estrategia de CCOO pasa por la movilizaci\u00f3n general y sostenida, entendiendo que la movilizaci\u00f3n sostenida no pasa por actos puntuales, sino por una movilizaci\u00f3n contin\u00faa\u201d, y ha rechazado todo posible atisbo de violencia obrera contra el capital, afirmando que \u201ceso nos llevar\u00eda a ninguna parte\u201d y que \u201cen los a\u00f1os setenta ya qued\u00f3 demostrado que grupos violentos minoritarios no consiguieron cambiar la realidad\u201d. No obstante, Joan Carles Gallego ha reconocido que, \u201ctodo y no estar viviendo en los a\u00f1os veinte, si no luchamos por mejorar las condiciones de la clase trabajadora, se pueden generar bolsas de marginalidad que se radicalicen y act\u00faen violentamente\u201d.<\/p>\n<p>Sin ser nuestra \u00e9poca los a\u00f1os veinte, sin ser CCOO la CNT y sin ser Joan Carles Gallego el l\u00edder Salvador Segu\u00ed, si podemos comprobar que, este homenaje pone de relieve que la lucha de clase sigue vigente.<\/p>","protected":false},"excerpt":{"rendered":"<p>En la esquina barcelonesa de la calle Sant Rafael con la Rambla del Raval, una placa conmemorativa nos recuerda que, justo en ese lugar, el d\u00eda 10 de marzo de 1923, en un crudo y sangriento episodio del Pistolerismo de los a\u00f1os veinte, fue asesinado por la huestes de la [&hellip;]<\/p>\n","protected":false},"author":1,"featured_media":0,"comment_status":"open","ping_status":"open","sticky":false,"template":"","format":"standard","meta":{"footnotes":""},"categories":[3,76,562],"tags":[],"class_list":["post-2953","post","type-post","status-publish","format-standard","hentry","category-actualidad","category-barcelona","category-historia"],"yoast_head":"<!-- This site is optimized with the Yoast SEO plugin v27.5 - https:\/\/yoast.com\/product\/yoast-seo-wordpress\/ -->\n<title>El Noi del Sucre, referente obrero y sindical, 90 a\u00f1os despu\u00e9s de su asesinato - Revista Rambla<\/title>\n<meta name=\"robots\" content=\"index, follow, max-snippet:-1, max-image-preview:large, max-video-preview:-1\" \/>\n<link rel=\"canonical\" href=\"https:\/\/www.revistarambla.com\/en\/el-noi-del-sucre-referente-obrero-y-sindical-90-anos-despues-de-su-asesinato\/\" \/>\n<meta property=\"og:locale\" content=\"en_GB\" \/>\n<meta property=\"og:type\" content=\"article\" \/>\n<meta property=\"og:title\" content=\"El Noi del Sucre, referente obrero y sindical, 90 a\u00f1os despu\u00e9s de su asesinato - Revista Rambla\" \/>\n<meta property=\"og:description\" content=\"En la esquina barcelonesa de la calle Sant Rafael con la Rambla del Raval, una placa conmemorativa nos recuerda que, justo en ese lugar, el d\u00eda 10 de marzo de 1923, en un crudo y sangriento episodio del Pistolerismo de los a\u00f1os veinte, fue asesinado por la huestes de la [&hellip;]\" \/>\n<meta property=\"og:url\" content=\"https:\/\/www.revistarambla.com\/en\/el-noi-del-sucre-referente-obrero-y-sindical-90-anos-despues-de-su-asesinato\/\" \/>\n<meta property=\"og:site_name\" content=\"Revista Rambla\" \/>\n<meta property=\"article:publisher\" content=\"https:\/\/www.facebook.com\/revistarambla\/\" \/>\n<meta property=\"article:published_time\" content=\"2013-03-07T06:39:27+00:00\" \/>\n<meta property=\"article:modified_time\" content=\"2021-07-03T19:14:25+00:00\" \/>\n<meta property=\"og:image\" content=\"https:\/\/i1.wp.com\/www.revistarambla.com\/wp-content\/uploads\/2013\/03\/noi_del_sucre_00.jpg?fit=682%2C400&ssl=1\" \/>\n\t<meta property=\"og:image:width\" content=\"682\" \/>\n\t<meta property=\"og:image:height\" content=\"400\" \/>\n\t<meta property=\"og:image:type\" content=\"image\/jpeg\" \/>\n<meta name=\"author\" content=\"Ferran Peris\" \/>\n<meta name=\"twitter:card\" content=\"summary_large_image\" \/>\n<meta name=\"twitter:creator\" content=\"@revistarambla\" \/>\n<meta name=\"twitter:site\" content=\"@revistarambla\" \/>\n<meta name=\"twitter:label1\" content=\"Written by\" \/>\n\t<meta name=\"twitter:data1\" content=\"Ferran Peris\" \/>\n\t<meta name=\"twitter:label2\" content=\"Estimated reading time\" \/>\n\t<meta name=\"twitter:data2\" content=\"5 minutes\" \/>\n<script type=\"application\/ld+json\" class=\"yoast-schema-graph\">{\"@context\":\"https:\\\/\\\/schema.org\",\"@graph\":[{\"@type\":\"Article\",\"@id\":\"https:\\\/\\\/www.revistarambla.com\\\/el-noi-del-sucre-referente-obrero-y-sindical-90-anos-despues-de-su-asesinato\\\/#article\",\"isPartOf\":{\"@id\":\"https:\\\/\\\/www.revistarambla.com\\\/el-noi-del-sucre-referente-obrero-y-sindical-90-anos-despues-de-su-asesinato\\\/\"},\"author\":{\"name\":\"Ferran Peris\",\"@id\":\"https:\\\/\\\/www.revistarambla.com\\\/#\\\/schema\\\/person\\\/4a5652fc8c82df1f8593002d038cd79e\"},\"headline\":\"El Noi del Sucre, referente obrero y sindical, 90 a\u00f1os despu\u00e9s de su asesinato\",\"datePublished\":\"2013-03-07T06:39:27+00:00\",\"dateModified\":\"2021-07-03T19:14:25+00:00\",\"mainEntityOfPage\":{\"@id\":\"https:\\\/\\\/www.revistarambla.com\\\/el-noi-del-sucre-referente-obrero-y-sindical-90-anos-despues-de-su-asesinato\\\/\"},\"wordCount\":1091,\"commentCount\":0,\"publisher\":{\"@id\":\"https:\\\/\\\/www.revistarambla.com\\\/#organization\"},\"image\":{\"@id\":\"https:\\\/\\\/www.revistarambla.com\\\/el-noi-del-sucre-referente-obrero-y-sindical-90-anos-despues-de-su-asesinato\\\/#primaryimage\"},\"thumbnailUrl\":\"https:\\\/\\\/www.revistarambla.com\\\/wp-content\\\/uploads\\\/2013\\\/03\\\/noi_del_sucre_01%283%29.jpg\",\"articleSection\":[\"Actualidad\",\"Barcelona\",\"Historia\"],\"inLanguage\":\"en-GB\",\"potentialAction\":[{\"@type\":\"CommentAction\",\"name\":\"Comment\",\"target\":[\"https:\\\/\\\/www.revistarambla.com\\\/el-noi-del-sucre-referente-obrero-y-sindical-90-anos-despues-de-su-asesinato\\\/#respond\"]}]},{\"@type\":\"WebPage\",\"@id\":\"https:\\\/\\\/www.revistarambla.com\\\/el-noi-del-sucre-referente-obrero-y-sindical-90-anos-despues-de-su-asesinato\\\/\",\"url\":\"https:\\\/\\\/www.revistarambla.com\\\/el-noi-del-sucre-referente-obrero-y-sindical-90-anos-despues-de-su-asesinato\\\/\",\"name\":\"El Noi del Sucre, referente obrero y sindical, 90 a\u00f1os despu\u00e9s de su asesinato - Revista Rambla\",\"isPartOf\":{\"@id\":\"https:\\\/\\\/www.revistarambla.com\\\/#website\"},\"primaryImageOfPage\":{\"@id\":\"https:\\\/\\\/www.revistarambla.com\\\/el-noi-del-sucre-referente-obrero-y-sindical-90-anos-despues-de-su-asesinato\\\/#primaryimage\"},\"image\":{\"@id\":\"https:\\\/\\\/www.revistarambla.com\\\/el-noi-del-sucre-referente-obrero-y-sindical-90-anos-despues-de-su-asesinato\\\/#primaryimage\"},\"thumbnailUrl\":\"https:\\\/\\\/www.revistarambla.com\\\/wp-content\\\/uploads\\\/2013\\\/03\\\/noi_del_sucre_01%283%29.jpg\",\"datePublished\":\"2013-03-07T06:39:27+00:00\",\"dateModified\":\"2021-07-03T19:14:25+00:00\",\"breadcrumb\":{\"@id\":\"https:\\\/\\\/www.revistarambla.com\\\/el-noi-del-sucre-referente-obrero-y-sindical-90-anos-despues-de-su-asesinato\\\/#breadcrumb\"},\"inLanguage\":\"en-GB\",\"potentialAction\":[{\"@type\":\"ReadAction\",\"target\":[\"https:\\\/\\\/www.revistarambla.com\\\/el-noi-del-sucre-referente-obrero-y-sindical-90-anos-despues-de-su-asesinato\\\/\"]}]},{\"@type\":\"ImageObject\",\"inLanguage\":\"en-GB\",\"@id\":\"https:\\\/\\\/www.revistarambla.com\\\/el-noi-del-sucre-referente-obrero-y-sindical-90-anos-despues-de-su-asesinato\\\/#primaryimage\",\"url\":\"https:\\\/\\\/www.revistarambla.com\\\/wp-content\\\/uploads\\\/2013\\\/03\\\/noi_del_sucre_01%283%29.jpg\",\"contentUrl\":\"https:\\\/\\\/www.revistarambla.com\\\/wp-content\\\/uploads\\\/2013\\\/03\\\/noi_del_sucre_01%283%29.jpg\"},{\"@type\":\"BreadcrumbList\",\"@id\":\"https:\\\/\\\/www.revistarambla.com\\\/el-noi-del-sucre-referente-obrero-y-sindical-90-anos-despues-de-su-asesinato\\\/#breadcrumb\",\"itemListElement\":[{\"@type\":\"ListItem\",\"position\":1,\"name\":\"Portada\",\"item\":\"https:\\\/\\\/www.revistarambla.com\\\/\"},{\"@type\":\"ListItem\",\"position\":2,\"name\":\"El Noi del Sucre, referente obrero y sindical, 90 a\u00f1os despu\u00e9s de su asesinato\"}]},{\"@type\":\"WebSite\",\"@id\":\"https:\\\/\\\/www.revistarambla.com\\\/#website\",\"url\":\"https:\\\/\\\/www.revistarambla.com\\\/\",\"name\":\"Revista Rambla Barcelona\",\"description\":\"Periodismo independiente\",\"publisher\":{\"@id\":\"https:\\\/\\\/www.revistarambla.com\\\/#organization\"},\"potentialAction\":[{\"@type\":\"SearchAction\",\"target\":{\"@type\":\"EntryPoint\",\"urlTemplate\":\"https:\\\/\\\/www.revistarambla.com\\\/?s={search_term_string}\"},\"query-input\":{\"@type\":\"PropertyValueSpecification\",\"valueRequired\":true,\"valueName\":\"search_term_string\"}}],\"inLanguage\":\"en-GB\"},{\"@type\":\"Organization\",\"@id\":\"https:\\\/\\\/www.revistarambla.com\\\/#organization\",\"name\":\"Revista Rambla\",\"url\":\"https:\\\/\\\/www.revistarambla.com\\\/\",\"logo\":{\"@type\":\"ImageObject\",\"inLanguage\":\"en-GB\",\"@id\":\"https:\\\/\\\/www.revistarambla.com\\\/#\\\/schema\\\/logo\\\/image\\\/\",\"url\":\"https:\\\/\\\/www.revistarambla.com\\\/wp-content\\\/uploads\\\/2020\\\/09\\\/banner_rambla_1900x600_BB.png\",\"contentUrl\":\"https:\\\/\\\/www.revistarambla.com\\\/wp-content\\\/uploads\\\/2020\\\/09\\\/banner_rambla_1900x600_BB.png\",\"width\":1900,\"height\":600,\"caption\":\"Revista Rambla\"},\"image\":{\"@id\":\"https:\\\/\\\/www.revistarambla.com\\\/#\\\/schema\\\/logo\\\/image\\\/\"},\"sameAs\":[\"https:\\\/\\\/www.facebook.com\\\/revistarambla\\\/\",\"https:\\\/\\\/x.com\\\/revistarambla\",\"https:\\\/\\\/www.instagram.com\\\/revista_rambla\",\"https:\\\/\\\/es.linkedin.com\\\/company\\\/revista-rambla\"]},{\"@type\":\"Person\",\"@id\":\"https:\\\/\\\/www.revistarambla.com\\\/#\\\/schema\\\/person\\\/4a5652fc8c82df1f8593002d038cd79e\",\"name\":\"Ferran Peris\"}]}<\/script>\n<!-- \/ Yoast SEO plugin. -->","yoast_head_json":{"title":"El Noi del Sucre, referente obrero y sindical, 90 a\u00f1os despu\u00e9s de su asesinato - Revista Rambla","robots":{"index":"index","follow":"follow","max-snippet":"max-snippet:-1","max-image-preview":"max-image-preview:large","max-video-preview":"max-video-preview:-1"},"canonical":"https:\/\/www.revistarambla.com\/en\/el-noi-del-sucre-referente-obrero-y-sindical-90-anos-despues-de-su-asesinato\/","og_locale":"en_GB","og_type":"article","og_title":"El Noi del Sucre, referente obrero y sindical, 90 a\u00f1os despu\u00e9s de su asesinato - Revista Rambla","og_description":"En la esquina barcelonesa de la calle Sant Rafael con la Rambla del Raval, una placa conmemorativa nos recuerda que, justo en ese lugar, el d\u00eda 10 de marzo de 1923, en un crudo y sangriento episodio del Pistolerismo de los a\u00f1os veinte, fue asesinado por la huestes de la [&hellip;]","og_url":"https:\/\/www.revistarambla.com\/en\/el-noi-del-sucre-referente-obrero-y-sindical-90-anos-despues-de-su-asesinato\/","og_site_name":"Revista Rambla","article_publisher":"https:\/\/www.facebook.com\/revistarambla\/","article_published_time":"2013-03-07T06:39:27+00:00","article_modified_time":"2021-07-03T19:14:25+00:00","og_image":[{"width":682,"height":400,"url":"https:\/\/i1.wp.com\/www.revistarambla.com\/wp-content\/uploads\/2013\/03\/noi_del_sucre_00.jpg?fit=682%2C400&ssl=1","type":"image\/jpeg"}],"author":"Ferran Peris","twitter_card":"summary_large_image","twitter_creator":"@revistarambla","twitter_site":"@revistarambla","twitter_misc":{"Written by":"Ferran Peris","Estimated reading time":"5 minutes"},"schema":{"@context":"https:\/\/schema.org","@graph":[{"@type":"Article","@id":"https:\/\/www.revistarambla.com\/el-noi-del-sucre-referente-obrero-y-sindical-90-anos-despues-de-su-asesinato\/#article","isPartOf":{"@id":"https:\/\/www.revistarambla.com\/el-noi-del-sucre-referente-obrero-y-sindical-90-anos-despues-de-su-asesinato\/"},"author":{"name":"Ferran Peris","@id":"https:\/\/www.revistarambla.com\/#\/schema\/person\/4a5652fc8c82df1f8593002d038cd79e"},"headline":"El Noi del Sucre, referente obrero y sindical, 90 a\u00f1os despu\u00e9s de su asesinato","datePublished":"2013-03-07T06:39:27+00:00","dateModified":"2021-07-03T19:14:25+00:00","mainEntityOfPage":{"@id":"https:\/\/www.revistarambla.com\/el-noi-del-sucre-referente-obrero-y-sindical-90-anos-despues-de-su-asesinato\/"},"wordCount":1091,"commentCount":0,"publisher":{"@id":"https:\/\/www.revistarambla.com\/#organization"},"image":{"@id":"https:\/\/www.revistarambla.com\/el-noi-del-sucre-referente-obrero-y-sindical-90-anos-despues-de-su-asesinato\/#primaryimage"},"thumbnailUrl":"https:\/\/www.revistarambla.com\/wp-content\/uploads\/2013\/03\/noi_del_sucre_01%283%29.jpg","articleSection":["Actualidad","Barcelona","Historia"],"inLanguage":"en-GB","potentialAction":[{"@type":"CommentAction","name":"Comment","target":["https:\/\/www.revistarambla.com\/el-noi-del-sucre-referente-obrero-y-sindical-90-anos-despues-de-su-asesinato\/#respond"]}]},{"@type":"WebPage","@id":"https:\/\/www.revistarambla.com\/el-noi-del-sucre-referente-obrero-y-sindical-90-anos-despues-de-su-asesinato\/","url":"https:\/\/www.revistarambla.com\/el-noi-del-sucre-referente-obrero-y-sindical-90-anos-despues-de-su-asesinato\/","name":"El Noi del Sucre, referente obrero y sindical, 90 a\u00f1os despu\u00e9s de su asesinato - Revista Rambla","isPartOf":{"@id":"https:\/\/www.revistarambla.com\/#website"},"primaryImageOfPage":{"@id":"https:\/\/www.revistarambla.com\/el-noi-del-sucre-referente-obrero-y-sindical-90-anos-despues-de-su-asesinato\/#primaryimage"},"image":{"@id":"https:\/\/www.revistarambla.com\/el-noi-del-sucre-referente-obrero-y-sindical-90-anos-despues-de-su-asesinato\/#primaryimage"},"thumbnailUrl":"https:\/\/www.revistarambla.com\/wp-content\/uploads\/2013\/03\/noi_del_sucre_01%283%29.jpg","datePublished":"2013-03-07T06:39:27+00:00","dateModified":"2021-07-03T19:14:25+00:00","breadcrumb":{"@id":"https:\/\/www.revistarambla.com\/el-noi-del-sucre-referente-obrero-y-sindical-90-anos-despues-de-su-asesinato\/#breadcrumb"},"inLanguage":"en-GB","potentialAction":[{"@type":"ReadAction","target":["https:\/\/www.revistarambla.com\/el-noi-del-sucre-referente-obrero-y-sindical-90-anos-despues-de-su-asesinato\/"]}]},{"@type":"ImageObject","inLanguage":"en-GB","@id":"https:\/\/www.revistarambla.com\/el-noi-del-sucre-referente-obrero-y-sindical-90-anos-despues-de-su-asesinato\/#primaryimage","url":"https:\/\/www.revistarambla.com\/wp-content\/uploads\/2013\/03\/noi_del_sucre_01%283%29.jpg","contentUrl":"https:\/\/www.revistarambla.com\/wp-content\/uploads\/2013\/03\/noi_del_sucre_01%283%29.jpg"},{"@type":"BreadcrumbList","@id":"https:\/\/www.revistarambla.com\/el-noi-del-sucre-referente-obrero-y-sindical-90-anos-despues-de-su-asesinato\/#breadcrumb","itemListElement":[{"@type":"ListItem","position":1,"name":"Portada","item":"https:\/\/www.revistarambla.com\/"},{"@type":"ListItem","position":2,"name":"El Noi del Sucre, referente obrero y sindical, 90 a\u00f1os despu\u00e9s de su asesinato"}]},{"@type":"WebSite","@id":"https:\/\/www.revistarambla.com\/#website","url":"https:\/\/www.revistarambla.com\/","name":"Revista Rambla Barcelona","description":"Periodismo independiente","publisher":{"@id":"https:\/\/www.revistarambla.com\/#organization"},"potentialAction":[{"@type":"SearchAction","target":{"@type":"EntryPoint","urlTemplate":"https:\/\/www.revistarambla.com\/?s={search_term_string}"},"query-input":{"@type":"PropertyValueSpecification","valueRequired":true,"valueName":"search_term_string"}}],"inLanguage":"en-GB"},{"@type":"Organization","@id":"https:\/\/www.revistarambla.com\/#organization","name":"Revista Rambla","url":"https:\/\/www.revistarambla.com\/","logo":{"@type":"ImageObject","inLanguage":"en-GB","@id":"https:\/\/www.revistarambla.com\/#\/schema\/logo\/image\/","url":"https:\/\/www.revistarambla.com\/wp-content\/uploads\/2020\/09\/banner_rambla_1900x600_BB.png","contentUrl":"https:\/\/www.revistarambla.com\/wp-content\/uploads\/2020\/09\/banner_rambla_1900x600_BB.png","width":1900,"height":600,"caption":"Revista Rambla"},"image":{"@id":"https:\/\/www.revistarambla.com\/#\/schema\/logo\/image\/"},"sameAs":["https:\/\/www.facebook.com\/revistarambla\/","https:\/\/x.com\/revistarambla","https:\/\/www.instagram.com\/revista_rambla","https:\/\/es.linkedin.com\/company\/revista-rambla"]},{"@type":"Person","@id":"https:\/\/www.revistarambla.com\/#\/schema\/person\/4a5652fc8c82df1f8593002d038cd79e","name":"Ferran Peris"}]}},"_links":{"self":[{"href":"https:\/\/www.revistarambla.com\/en\/wp-json\/wp\/v2\/posts\/2953","targetHints":{"allow":["GET"]}}],"collection":[{"href":"https:\/\/www.revistarambla.com\/en\/wp-json\/wp\/v2\/posts"}],"about":[{"href":"https:\/\/www.revistarambla.com\/en\/wp-json\/wp\/v2\/types\/post"}],"author":[{"embeddable":true,"href":"https:\/\/www.revistarambla.com\/en\/wp-json\/wp\/v2\/users\/1"}],"replies":[{"embeddable":true,"href":"https:\/\/www.revistarambla.com\/en\/wp-json\/wp\/v2\/comments?post=2953"}],"version-history":[{"count":0,"href":"https:\/\/www.revistarambla.com\/en\/wp-json\/wp\/v2\/posts\/2953\/revisions"}],"wp:attachment":[{"href":"https:\/\/www.revistarambla.com\/en\/wp-json\/wp\/v2\/media?parent=2953"}],"wp:term":[{"taxonomy":"category","embeddable":true,"href":"https:\/\/www.revistarambla.com\/en\/wp-json\/wp\/v2\/categories?post=2953"},{"taxonomy":"post_tag","embeddable":true,"href":"https:\/\/www.revistarambla.com\/en\/wp-json\/wp\/v2\/tags?post=2953"}],"curies":[{"name":"wp","href":"https:\/\/api.w.org\/{rel}","templated":true}]}}