{"id":2923,"date":"2013-03-01T09:39:36","date_gmt":"2013-03-01T09:39:36","guid":{"rendered":"https:\/\/www.revistarambla.com\/la-renuncia-de-un-opreso\/"},"modified":"2021-06-28T17:26:36","modified_gmt":"2021-06-28T15:26:36","slug":"la-renuncia-de-un-opreso","status":"publish","type":"post","link":"https:\/\/www.revistarambla.com\/en\/la-renuncia-de-un-opreso\/","title":{"rendered":"La renuncia de un opresor"},"content":{"rendered":"<figure style=\"width: 700px\" class=\"wp-caption aligncenter\"><img decoding=\"async\" src=\"https:\/\/www.revistarambla.com\/wp-content\/uploads\/2013\/03\/Papa%20copia.jpg\" alt=\"alt\" width=\"700\" height=\"252\" \/><figcaption class=\"wp-caption-text\">Ilustra Evelio G\u00f3mez.<\/figcaption><\/figure>\n<p>Joseph Ratzinger, quien fuera considerado el \u201calma gemela\u201d intelectual de Karol Wojtyla (Juan Pablo II para los amigos), ha sido un h\u00e1bil camale\u00f3n desde sus tiempos de cardenal. Desde el principio, ha sabido jugar y ha jugado h\u00e1bilmente con esa vieja estratagema del \u201cpoli bueno-poli malo\u201d.<\/p>\n<p>Haciendo suya la doctrina comenzada por su antecesor \u2013ser progresista por fuera y conservador por dentro- ha hecho llamamientos a la refundaci\u00f3n de la Iglesia en su forma m\u00e1s primitiva, siendo partidario de adaptar el lenguaje evangelizador a la realidad moderna \u2013abrirse una cuenta en Twitter- prodigar los valores del nuevo testamento por encima del antiguo \u2013poniendo \u00e9nfasis en el amor como eje central de la doctrina- as\u00ed como luchar contra la corrupci\u00f3n dentro de su propia organizaci\u00f3n \u2013aunque muchos vemos en ello una desesperada maniobra publicitaria m\u00e1s que una genuina intenci\u00f3n de renovaci\u00f3n-.<\/p>\n<p>Es por esa maravillosa interpretaci\u00f3n del buen samaritano que tantos intelectuales, pol\u00edticos y otras figuras p\u00fablicas de (casi) todos los frentes de la sociedad (de progresistas a conservadores, de derechas y de izquierdas, de ateos a creyentes, de cat\u00f3licos a musulmanes) se deshicieron en elogios cuando el vicario de Cristo anunci\u00f3 su decisi\u00f3n de abandonar el trono. Valiente, honorable, digno y otros adjetivos son los t\u00e9rminos que han cubierto los medios de comunicaci\u00f3n m\u00e1s variados durante estos \u00faltimos d\u00edas.<\/p>\n<p>Pero los pecados que este alem\u00e1n ha sido tan h\u00e1bil en camuflar no pasan desapercibidos ante el ojo atento. Bajo su apariencia t\u00edmida y d\u00f3cil y tras la promesa de una nueva iglesia se ocultan los hechos m\u00e1s reprobables. Si prestamos atenci\u00f3n, descubriremos qui\u00e9n es realmente Benedicto XVI.<\/p>\n<p>Si prestamos atenci\u00f3n, descubrimos a un opulento caradura que, vistiendo ropajes de miles de euros, llevando cetros de oro y viviendo en enormes palacios rodeado de los mejores cuidados y alimentaci\u00f3n, se atreve a exigir al mundo las virtudes de la pobreza, la humildad y la templanza.<\/p>\n<p>Descubrimos a un estafador multitudinario, la vida del cual gira entorno a la expansi\u00f3n de un delirio colectivo, un delirio que predica la creencia ciega e inamovible en un ser invisible e omnipotente mientras que, por otra parte, escribe enc\u00edclicas jact\u00e1ndose del necesario papel de la raz\u00f3n en la vida humana.<\/p>\n<p>Descubrimos al l\u00edder y portavoz de una organizaci\u00f3n terrorista, dedicada a la extorsi\u00f3n de miles de individuos bajo la amenaza de un terrible sufrimiento eterno si no se siguen al pie de la letra los dictados de su piadoso Dios.<\/p>\n<p>Descubrimos a un opresor que, mediante la negaci\u00f3n de los derechos civiles y sociales de numerosos colectivos \u2013como los homosexuales- o mediante su devaluaci\u00f3n \u2013en el caso de la mujer- les condena a una vida de rechazo, culpa, flagelo y miseria.<\/p>\n<p>Descubrimos a un genocida, cuya resistencia a los m\u00e9todos anticonceptivos y a la planificaci\u00f3n familiar condena al continente africano y otros lugares perpetuamente pobres a una inacabable epidemia de SIDA y otras enfermedades de transmisi\u00f3n sexual.<\/p>\n<p>En cualquier otro contexto su renuncia no hubiese sido suficiente, requiriendo el grueso de la sociedad la disoluci\u00f3n de su organizaci\u00f3n sectaria y la retribuci\u00f3n de sus cr\u00edmenes con un castigo acorde a la gravedad de los mismos.<\/p>\n<p>Sin embargo \u00bfQui\u00e9n en su sano juicio se atrever\u00eda a condenar a un l\u00edder de una secta de mil millones de seguidores? \u00bfQui\u00e9n se atrever\u00eda a desarticular una mafia la influencia de la cual se extiende sobre las instituciones p\u00fablicas y privadas de numerosas regiones del globo?<\/p>","protected":false},"excerpt":{"rendered":"<p>Joseph Ratzinger, quien fuera considerado el \u201calma gemela\u201d intelectual de Karol Wojtyla (Juan Pablo II para los amigos), ha sido un h\u00e1bil camale\u00f3n desde sus tiempos de cardenal. Desde el principio, ha sabido jugar y ha jugado h\u00e1bilmente con esa vieja estratagema del \u201cpoli bueno-poli malo\u201d. Haciendo suya la doctrina [&hellip;]<\/p>\n","protected":false},"author":1,"featured_media":0,"comment_status":"open","ping_status":"open","sticky":false,"template":"","format":"standard","meta":{"footnotes":""},"categories":[72],"tags":[],"class_list":["post-2923","post","type-post","status-publish","format-standard","hentry","category-opinion"],"yoast_head":"<!-- This site is optimized with the Yoast SEO plugin v27.5 - https:\/\/yoast.com\/product\/yoast-seo-wordpress\/ -->\n<title>La renuncia de un opresor - Revista Rambla<\/title>\n<meta name=\"robots\" content=\"index, follow, max-snippet:-1, max-image-preview:large, max-video-preview:-1\" \/>\n<link rel=\"canonical\" href=\"https:\/\/www.revistarambla.com\/en\/la-renuncia-de-un-opreso\/\" \/>\n<meta property=\"og:locale\" content=\"en_GB\" \/>\n<meta property=\"og:type\" content=\"article\" \/>\n<meta property=\"og:title\" content=\"La renuncia de un opresor - Revista Rambla\" \/>\n<meta property=\"og:description\" content=\"Joseph Ratzinger, quien fuera considerado el \u201calma gemela\u201d intelectual de Karol Wojtyla (Juan Pablo II para los amigos), ha sido un h\u00e1bil camale\u00f3n desde sus tiempos de cardenal. Desde el principio, ha sabido jugar y ha jugado h\u00e1bilmente con esa vieja estratagema del \u201cpoli bueno-poli malo\u201d. Haciendo suya la doctrina [&hellip;]\" \/>\n<meta property=\"og:url\" content=\"https:\/\/www.revistarambla.com\/en\/la-renuncia-de-un-opreso\/\" \/>\n<meta property=\"og:site_name\" content=\"Revista Rambla\" \/>\n<meta property=\"article:publisher\" content=\"https:\/\/www.facebook.com\/revistarambla\/\" \/>\n<meta property=\"article:published_time\" content=\"2013-03-01T09:39:36+00:00\" \/>\n<meta property=\"article:modified_time\" content=\"2021-06-28T15:26:36+00:00\" \/>\n<meta property=\"og:image\" content=\"https:\/\/i1.wp.com\/www.revistarambla.com\/wp-content\/uploads\/2013\/03\/Papa_01.jpg?fit=682%2C400&ssl=1\" \/>\n\t<meta property=\"og:image:width\" content=\"682\" \/>\n\t<meta property=\"og:image:height\" content=\"400\" \/>\n\t<meta property=\"og:image:type\" content=\"image\/jpeg\" \/>\n<meta name=\"author\" content=\"Maiol Salse Escudero\" \/>\n<meta name=\"twitter:card\" content=\"summary_large_image\" \/>\n<meta name=\"twitter:creator\" content=\"@revistarambla\" \/>\n<meta name=\"twitter:site\" content=\"@revistarambla\" \/>\n<meta name=\"twitter:label1\" content=\"Written by\" \/>\n\t<meta name=\"twitter:data1\" content=\"Maiol Salse Escudero\" \/>\n\t<meta name=\"twitter:label2\" content=\"Estimated reading time\" \/>\n\t<meta name=\"twitter:data2\" content=\"3 minutes\" \/>\n<script type=\"application\/ld+json\" class=\"yoast-schema-graph\">{\"@context\":\"https:\\\/\\\/schema.org\",\"@graph\":[{\"@type\":\"Article\",\"@id\":\"https:\\\/\\\/www.revistarambla.com\\\/la-renuncia-de-un-opreso\\\/#article\",\"isPartOf\":{\"@id\":\"https:\\\/\\\/www.revistarambla.com\\\/la-renuncia-de-un-opreso\\\/\"},\"author\":{\"name\":\"Maiol Salse Escudero\",\"@id\":\"https:\\\/\\\/www.revistarambla.com\\\/#\\\/schema\\\/person\\\/4a5652fc8c82df1f8593002d038cd79e\"},\"headline\":\"La renuncia de un opresor\",\"datePublished\":\"2013-03-01T09:39:36+00:00\",\"dateModified\":\"2021-06-28T15:26:36+00:00\",\"mainEntityOfPage\":{\"@id\":\"https:\\\/\\\/www.revistarambla.com\\\/la-renuncia-de-un-opreso\\\/\"},\"wordCount\":632,\"commentCount\":0,\"publisher\":{\"@id\":\"https:\\\/\\\/www.revistarambla.com\\\/#organization\"},\"image\":{\"@id\":\"https:\\\/\\\/www.revistarambla.com\\\/la-renuncia-de-un-opreso\\\/#primaryimage\"},\"thumbnailUrl\":\"https:\\\/\\\/www.revistarambla.com\\\/wp-content\\\/uploads\\\/2013\\\/03\\\/Papa%20copia.jpg\",\"articleSection\":[\"Opiniones\"],\"inLanguage\":\"en-GB\",\"potentialAction\":[{\"@type\":\"CommentAction\",\"name\":\"Comment\",\"target\":[\"https:\\\/\\\/www.revistarambla.com\\\/la-renuncia-de-un-opreso\\\/#respond\"]}]},{\"@type\":\"WebPage\",\"@id\":\"https:\\\/\\\/www.revistarambla.com\\\/la-renuncia-de-un-opreso\\\/\",\"url\":\"https:\\\/\\\/www.revistarambla.com\\\/la-renuncia-de-un-opreso\\\/\",\"name\":\"La renuncia de un opresor - Revista Rambla\",\"isPartOf\":{\"@id\":\"https:\\\/\\\/www.revistarambla.com\\\/#website\"},\"primaryImageOfPage\":{\"@id\":\"https:\\\/\\\/www.revistarambla.com\\\/la-renuncia-de-un-opreso\\\/#primaryimage\"},\"image\":{\"@id\":\"https:\\\/\\\/www.revistarambla.com\\\/la-renuncia-de-un-opreso\\\/#primaryimage\"},\"thumbnailUrl\":\"https:\\\/\\\/www.revistarambla.com\\\/wp-content\\\/uploads\\\/2013\\\/03\\\/Papa%20copia.jpg\",\"datePublished\":\"2013-03-01T09:39:36+00:00\",\"dateModified\":\"2021-06-28T15:26:36+00:00\",\"breadcrumb\":{\"@id\":\"https:\\\/\\\/www.revistarambla.com\\\/la-renuncia-de-un-opreso\\\/#breadcrumb\"},\"inLanguage\":\"en-GB\",\"potentialAction\":[{\"@type\":\"ReadAction\",\"target\":[\"https:\\\/\\\/www.revistarambla.com\\\/la-renuncia-de-un-opreso\\\/\"]}]},{\"@type\":\"ImageObject\",\"inLanguage\":\"en-GB\",\"@id\":\"https:\\\/\\\/www.revistarambla.com\\\/la-renuncia-de-un-opreso\\\/#primaryimage\",\"url\":\"https:\\\/\\\/www.revistarambla.com\\\/wp-content\\\/uploads\\\/2013\\\/03\\\/Papa%20copia.jpg\",\"contentUrl\":\"https:\\\/\\\/www.revistarambla.com\\\/wp-content\\\/uploads\\\/2013\\\/03\\\/Papa%20copia.jpg\"},{\"@type\":\"BreadcrumbList\",\"@id\":\"https:\\\/\\\/www.revistarambla.com\\\/la-renuncia-de-un-opreso\\\/#breadcrumb\",\"itemListElement\":[{\"@type\":\"ListItem\",\"position\":1,\"name\":\"Portada\",\"item\":\"https:\\\/\\\/www.revistarambla.com\\\/\"},{\"@type\":\"ListItem\",\"position\":2,\"name\":\"La renuncia de un opresor\"}]},{\"@type\":\"WebSite\",\"@id\":\"https:\\\/\\\/www.revistarambla.com\\\/#website\",\"url\":\"https:\\\/\\\/www.revistarambla.com\\\/\",\"name\":\"Revista Rambla Barcelona\",\"description\":\"Periodismo independiente\",\"publisher\":{\"@id\":\"https:\\\/\\\/www.revistarambla.com\\\/#organization\"},\"potentialAction\":[{\"@type\":\"SearchAction\",\"target\":{\"@type\":\"EntryPoint\",\"urlTemplate\":\"https:\\\/\\\/www.revistarambla.com\\\/?s={search_term_string}\"},\"query-input\":{\"@type\":\"PropertyValueSpecification\",\"valueRequired\":true,\"valueName\":\"search_term_string\"}}],\"inLanguage\":\"en-GB\"},{\"@type\":\"Organization\",\"@id\":\"https:\\\/\\\/www.revistarambla.com\\\/#organization\",\"name\":\"Revista Rambla\",\"url\":\"https:\\\/\\\/www.revistarambla.com\\\/\",\"logo\":{\"@type\":\"ImageObject\",\"inLanguage\":\"en-GB\",\"@id\":\"https:\\\/\\\/www.revistarambla.com\\\/#\\\/schema\\\/logo\\\/image\\\/\",\"url\":\"https:\\\/\\\/www.revistarambla.com\\\/wp-content\\\/uploads\\\/2020\\\/09\\\/banner_rambla_1900x600_BB.png\",\"contentUrl\":\"https:\\\/\\\/www.revistarambla.com\\\/wp-content\\\/uploads\\\/2020\\\/09\\\/banner_rambla_1900x600_BB.png\",\"width\":1900,\"height\":600,\"caption\":\"Revista Rambla\"},\"image\":{\"@id\":\"https:\\\/\\\/www.revistarambla.com\\\/#\\\/schema\\\/logo\\\/image\\\/\"},\"sameAs\":[\"https:\\\/\\\/www.facebook.com\\\/revistarambla\\\/\",\"https:\\\/\\\/x.com\\\/revistarambla\",\"https:\\\/\\\/www.instagram.com\\\/revista_rambla\",\"https:\\\/\\\/es.linkedin.com\\\/company\\\/revista-rambla\"]},{\"@type\":\"Person\",\"@id\":\"https:\\\/\\\/www.revistarambla.com\\\/#\\\/schema\\\/person\\\/4a5652fc8c82df1f8593002d038cd79e\",\"name\":\"Maiol Salse Escudero\"}]}<\/script>\n<!-- \/ Yoast SEO plugin. -->","yoast_head_json":{"title":"La renuncia de un opresor - Revista Rambla","robots":{"index":"index","follow":"follow","max-snippet":"max-snippet:-1","max-image-preview":"max-image-preview:large","max-video-preview":"max-video-preview:-1"},"canonical":"https:\/\/www.revistarambla.com\/en\/la-renuncia-de-un-opreso\/","og_locale":"en_GB","og_type":"article","og_title":"La renuncia de un opresor - Revista Rambla","og_description":"Joseph Ratzinger, quien fuera considerado el \u201calma gemela\u201d intelectual de Karol Wojtyla (Juan Pablo II para los amigos), ha sido un h\u00e1bil camale\u00f3n desde sus tiempos de cardenal. Desde el principio, ha sabido jugar y ha jugado h\u00e1bilmente con esa vieja estratagema del \u201cpoli bueno-poli malo\u201d. Haciendo suya la doctrina [&hellip;]","og_url":"https:\/\/www.revistarambla.com\/en\/la-renuncia-de-un-opreso\/","og_site_name":"Revista Rambla","article_publisher":"https:\/\/www.facebook.com\/revistarambla\/","article_published_time":"2013-03-01T09:39:36+00:00","article_modified_time":"2021-06-28T15:26:36+00:00","og_image":[{"width":682,"height":400,"url":"https:\/\/i1.wp.com\/www.revistarambla.com\/wp-content\/uploads\/2013\/03\/Papa_01.jpg?fit=682%2C400&ssl=1","type":"image\/jpeg"}],"author":"Maiol Salse Escudero","twitter_card":"summary_large_image","twitter_creator":"@revistarambla","twitter_site":"@revistarambla","twitter_misc":{"Written by":"Maiol Salse Escudero","Estimated reading time":"3 minutes"},"schema":{"@context":"https:\/\/schema.org","@graph":[{"@type":"Article","@id":"https:\/\/www.revistarambla.com\/la-renuncia-de-un-opreso\/#article","isPartOf":{"@id":"https:\/\/www.revistarambla.com\/la-renuncia-de-un-opreso\/"},"author":{"name":"Maiol Salse Escudero","@id":"https:\/\/www.revistarambla.com\/#\/schema\/person\/4a5652fc8c82df1f8593002d038cd79e"},"headline":"La renuncia de un opresor","datePublished":"2013-03-01T09:39:36+00:00","dateModified":"2021-06-28T15:26:36+00:00","mainEntityOfPage":{"@id":"https:\/\/www.revistarambla.com\/la-renuncia-de-un-opreso\/"},"wordCount":632,"commentCount":0,"publisher":{"@id":"https:\/\/www.revistarambla.com\/#organization"},"image":{"@id":"https:\/\/www.revistarambla.com\/la-renuncia-de-un-opreso\/#primaryimage"},"thumbnailUrl":"https:\/\/www.revistarambla.com\/wp-content\/uploads\/2013\/03\/Papa%20copia.jpg","articleSection":["Opiniones"],"inLanguage":"en-GB","potentialAction":[{"@type":"CommentAction","name":"Comment","target":["https:\/\/www.revistarambla.com\/la-renuncia-de-un-opreso\/#respond"]}]},{"@type":"WebPage","@id":"https:\/\/www.revistarambla.com\/la-renuncia-de-un-opreso\/","url":"https:\/\/www.revistarambla.com\/la-renuncia-de-un-opreso\/","name":"La renuncia de un opresor - Revista Rambla","isPartOf":{"@id":"https:\/\/www.revistarambla.com\/#website"},"primaryImageOfPage":{"@id":"https:\/\/www.revistarambla.com\/la-renuncia-de-un-opreso\/#primaryimage"},"image":{"@id":"https:\/\/www.revistarambla.com\/la-renuncia-de-un-opreso\/#primaryimage"},"thumbnailUrl":"https:\/\/www.revistarambla.com\/wp-content\/uploads\/2013\/03\/Papa%20copia.jpg","datePublished":"2013-03-01T09:39:36+00:00","dateModified":"2021-06-28T15:26:36+00:00","breadcrumb":{"@id":"https:\/\/www.revistarambla.com\/la-renuncia-de-un-opreso\/#breadcrumb"},"inLanguage":"en-GB","potentialAction":[{"@type":"ReadAction","target":["https:\/\/www.revistarambla.com\/la-renuncia-de-un-opreso\/"]}]},{"@type":"ImageObject","inLanguage":"en-GB","@id":"https:\/\/www.revistarambla.com\/la-renuncia-de-un-opreso\/#primaryimage","url":"https:\/\/www.revistarambla.com\/wp-content\/uploads\/2013\/03\/Papa%20copia.jpg","contentUrl":"https:\/\/www.revistarambla.com\/wp-content\/uploads\/2013\/03\/Papa%20copia.jpg"},{"@type":"BreadcrumbList","@id":"https:\/\/www.revistarambla.com\/la-renuncia-de-un-opreso\/#breadcrumb","itemListElement":[{"@type":"ListItem","position":1,"name":"Portada","item":"https:\/\/www.revistarambla.com\/"},{"@type":"ListItem","position":2,"name":"La renuncia de un opresor"}]},{"@type":"WebSite","@id":"https:\/\/www.revistarambla.com\/#website","url":"https:\/\/www.revistarambla.com\/","name":"Revista Rambla Barcelona","description":"Periodismo independiente","publisher":{"@id":"https:\/\/www.revistarambla.com\/#organization"},"potentialAction":[{"@type":"SearchAction","target":{"@type":"EntryPoint","urlTemplate":"https:\/\/www.revistarambla.com\/?s={search_term_string}"},"query-input":{"@type":"PropertyValueSpecification","valueRequired":true,"valueName":"search_term_string"}}],"inLanguage":"en-GB"},{"@type":"Organization","@id":"https:\/\/www.revistarambla.com\/#organization","name":"Revista Rambla","url":"https:\/\/www.revistarambla.com\/","logo":{"@type":"ImageObject","inLanguage":"en-GB","@id":"https:\/\/www.revistarambla.com\/#\/schema\/logo\/image\/","url":"https:\/\/www.revistarambla.com\/wp-content\/uploads\/2020\/09\/banner_rambla_1900x600_BB.png","contentUrl":"https:\/\/www.revistarambla.com\/wp-content\/uploads\/2020\/09\/banner_rambla_1900x600_BB.png","width":1900,"height":600,"caption":"Revista Rambla"},"image":{"@id":"https:\/\/www.revistarambla.com\/#\/schema\/logo\/image\/"},"sameAs":["https:\/\/www.facebook.com\/revistarambla\/","https:\/\/x.com\/revistarambla","https:\/\/www.instagram.com\/revista_rambla","https:\/\/es.linkedin.com\/company\/revista-rambla"]},{"@type":"Person","@id":"https:\/\/www.revistarambla.com\/#\/schema\/person\/4a5652fc8c82df1f8593002d038cd79e","name":"Maiol Salse Escudero"}]}},"_links":{"self":[{"href":"https:\/\/www.revistarambla.com\/en\/wp-json\/wp\/v2\/posts\/2923","targetHints":{"allow":["GET"]}}],"collection":[{"href":"https:\/\/www.revistarambla.com\/en\/wp-json\/wp\/v2\/posts"}],"about":[{"href":"https:\/\/www.revistarambla.com\/en\/wp-json\/wp\/v2\/types\/post"}],"author":[{"embeddable":true,"href":"https:\/\/www.revistarambla.com\/en\/wp-json\/wp\/v2\/users\/1"}],"replies":[{"embeddable":true,"href":"https:\/\/www.revistarambla.com\/en\/wp-json\/wp\/v2\/comments?post=2923"}],"version-history":[{"count":0,"href":"https:\/\/www.revistarambla.com\/en\/wp-json\/wp\/v2\/posts\/2923\/revisions"}],"wp:attachment":[{"href":"https:\/\/www.revistarambla.com\/en\/wp-json\/wp\/v2\/media?parent=2923"}],"wp:term":[{"taxonomy":"category","embeddable":true,"href":"https:\/\/www.revistarambla.com\/en\/wp-json\/wp\/v2\/categories?post=2923"},{"taxonomy":"post_tag","embeddable":true,"href":"https:\/\/www.revistarambla.com\/en\/wp-json\/wp\/v2\/tags?post=2923"}],"curies":[{"name":"wp","href":"https:\/\/api.w.org\/{rel}","templated":true}]}}