{"id":29052,"date":"2021-03-31T20:55:16","date_gmt":"2021-03-31T18:55:16","guid":{"rendered":"https:\/\/www.revistarambla.com\/?p=29052"},"modified":"2021-03-31T20:56:46","modified_gmt":"2021-03-31T18:56:46","slug":"el-ejercito-tiene-una-unidad-de-la-legion-llamada-bandera-comandante-franco","status":"publish","type":"post","link":"https:\/\/www.revistarambla.com\/en\/el-ejercito-tiene-una-unidad-de-la-legion-llamada-bandera-comandante-franco\/","title":{"rendered":"El Ej\u00e9rcito tiene una unidad de la Legi\u00f3n llamada \u00abBandera Comandante Franco\u00bb"},"content":{"rendered":"<p style=\"text-align: left;\">\u00ab\u00bfImagin\u00e1is lo que suceder\u00eda si una unidad del Ej\u00e9rcito alem\u00e1n se llamara \u2018Adolf Hitler\u2019? Pues Margarita Robles y el PSOE permiten que una unidad de la Legi\u00f3n se llame &#8216;Bandera Comandante Franco'\u00bb. As\u00ed lo ha denunciado este mi\u00e9rcoles en su perfil de Twitter el exteniente del Ej\u00e9rcito de Tierra <strong>Luis Gonzalo Segura<\/strong>, que fue expulsado de las Fuerzas Armadas Espa\u00f1olas en 2015, tras denunciar lo vivido en el seno del Ej\u00e9rcito espa\u00f1ol, y que es autor de <em>El libro negro del Ej\u00e9rcito espa\u00f1ol<\/em> (2017) y de <em>En la guarida de la bestia. La situaci\u00f3n de la mujer en el Ej\u00e9rcito espa\u00f1ol<\/em> (2019).<\/p>\n<blockquote class=\"twitter-tweet\">\n<p dir=\"ltr\" lang=\"es\">\u00bfOs imagin\u00e1is lo que suceder\u00eda si una unidad del Ej\u00e9rcito alem\u00e1n se llamara \u00abAdolf Hitler\u00bb?<\/p>\n<p>Pues Margarita Robles y el PSOE permiten que una unidad de la Legi\u00f3n se llame \u00abBandera Comandante Franco\u00bb.<\/p>\n<p>Y despu\u00e9s nos vienen con lo de Ej\u00e9rcito democr\u00e1tico y democracia plena.<\/p>\n<p>\ud83d\ude44<\/p>\n<p>\u2014 Luis Gonzalo Segura (@luisgonzaloseg) <a href=\"https:\/\/twitter.com\/luisgonzaloseg\/status\/1377264872036122627?ref_src=twsrc%5Etfw\">March 31, 2021<\/a><\/p><\/blockquote>\n<p><script async src=\"https:\/\/platform.twitter.com\/widgets.js\" charset=\"utf-8\"><\/script><\/p>\n<p style=\"text-align: left;\">Encuadrada en el Tercio Gran Capit\u00e1n 1\u00ba de la Legi\u00f3n, la Bandera Comandante Franco lleva el nombre de <strong>Francisco Franco<\/strong> porque el militar golpista \u2013que gan\u00f3 la Guerra Civil precisamente con la ayuda de <strong>Adolf Hitler<\/strong>\u2013, fue su primer jefe entre 1920 y 1922, cuando a\u00fan ostentaba el rango de comandante. El propio Franco public\u00f3 sobre ella, en 1922, el libro <em>Marruecos. Diario de una bandera<\/em>, prologado por el tambi\u00e9n militar golpista <strong>Jos\u00e9 Mill\u00e1n-Astray<\/strong>, amigo personal de Franco, fundador de la Legi\u00f3n y procurador en las Cortes franquistas desde 1943 hasta su muerte en 1954.<\/p>\n<p><a href=\"https:\/\/www.revistarambla.com\/wp-content\/uploads\/2021\/03\/Screenshot_2021-03-31-Ejercito-de-tierra-Tercio-Gran-Capitan-1-ordm-de-la-Legion-.png\"><img decoding=\"async\" class=\"aligncenter wp-image-29053\" src=\"https:\/\/www.revistarambla.com\/wp-content\/uploads\/2021\/03\/Screenshot_2021-03-31-Ejercito-de-tierra-Tercio-Gran-Capitan-1-ordm-de-la-Legion--300x247.png\" alt=\"\" width=\"400\" height=\"329\" srcset=\"https:\/\/www.revistarambla.com\/wp-content\/uploads\/2021\/03\/Screenshot_2021-03-31-Ejercito-de-tierra-Tercio-Gran-Capitan-1-ordm-de-la-Legion--300x247.png 300w, https:\/\/www.revistarambla.com\/wp-content\/uploads\/2021\/03\/Screenshot_2021-03-31-Ejercito-de-tierra-Tercio-Gran-Capitan-1-ordm-de-la-Legion-.png 670w\" sizes=\"(max-width: 400px) 100vw, 400px\" \/><\/a><\/p>\n<p style=\"text-align: left;\">Descripci\u00f3n: \u201cEn campo de sable (negro), tronco ecotado en barra de sinople (verde), fileteado de plata, engolado por dos cabezas de jabal\u00ed en su color. Aprobado en la Ponencia de Uniformidad en Acta 34 el 23 de junio de 1988\u201d. Justificaci\u00f3n: \u201cEst\u00e1 tomado de su gui\u00f3n, que fue elegido por su primer Comandante\u201d. As\u00ed se refiere la web del Ministerio de Defensa, dirigido por Margarita Robles, al escudo de armas de la Bandera de Infanter\u00eda Protegida \u2018Comandante Franco\u2019 I.<\/p>","protected":false},"excerpt":{"rendered":"<p>\u201c\u00bfImagin\u00e1is lo que suceder\u00eda si una unidad del Ej\u00e9rcito alem\u00e1n se llamara \u2018Adolf Hitler\u2019?\u201d, pregunta Luis Gonzalo Segura, exteniente del Ej\u00e9rcito de Tierra.<\/p>","protected":false},"author":3,"featured_media":29053,"comment_status":"open","ping_status":"open","sticky":false,"template":"","format":"standard","meta":{"footnotes":""},"categories":[3,58],"tags":[],"class_list":["post-29052","post","type-post","status-publish","format-standard","has-post-thumbnail","hentry","category-actualidad","category-estado-espanol"],"yoast_head":"<!-- This site is optimized with the Yoast SEO plugin v27.5 - https:\/\/yoast.com\/product\/yoast-seo-wordpress\/ -->\n<title>El Ej\u00e9rcito tiene una unidad de la Legi\u00f3n llamada &quot;Bandera Comandante Franco&quot; - Revista Rambla<\/title>\n<meta name=\"robots\" content=\"index, follow, max-snippet:-1, max-image-preview:large, max-video-preview:-1\" \/>\n<link rel=\"canonical\" href=\"https:\/\/www.revistarambla.com\/en\/el-ejercito-tiene-una-unidad-de-la-legion-llamada-bandera-comandante-franco\/\" \/>\n<meta property=\"og:locale\" content=\"en_GB\" \/>\n<meta property=\"og:type\" content=\"article\" \/>\n<meta property=\"og:title\" content=\"El Ej\u00e9rcito tiene una unidad de la Legi\u00f3n llamada &quot;Bandera Comandante Franco&quot; - Revista Rambla\" \/>\n<meta property=\"og:description\" content=\"\u201c\u00bfImagin\u00e1is lo que suceder\u00eda si una unidad del Ej\u00e9rcito alem\u00e1n se llamara \u2018Adolf Hitler\u2019?\u201d, pregunta Luis Gonzalo Segura, exteniente del Ej\u00e9rcito de Tierra.\" \/>\n<meta property=\"og:url\" content=\"https:\/\/www.revistarambla.com\/en\/el-ejercito-tiene-una-unidad-de-la-legion-llamada-bandera-comandante-franco\/\" \/>\n<meta property=\"og:site_name\" content=\"Revista Rambla\" \/>\n<meta property=\"article:publisher\" content=\"https:\/\/www.facebook.com\/revistarambla\/\" \/>\n<meta property=\"article:author\" content=\"https:\/\/www.facebook.com\/revistarambla\" \/>\n<meta property=\"article:published_time\" content=\"2021-03-31T18:55:16+00:00\" \/>\n<meta property=\"article:modified_time\" content=\"2021-03-31T18:56:46+00:00\" \/>\n<meta property=\"og:image\" content=\"https:\/\/i1.wp.com\/www.revistarambla.com\/wp-content\/uploads\/2021\/03\/Screenshot_2021-03-31-Ejercito-de-tierra-Tercio-Gran-Capitan-1-ordm-de-la-Legion-.png?fit=670%2C551&ssl=1\" \/>\n\t<meta property=\"og:image:width\" content=\"670\" \/>\n\t<meta property=\"og:image:height\" content=\"551\" \/>\n\t<meta property=\"og:image:type\" content=\"image\/png\" \/>\n<meta name=\"author\" content=\"R@mbla\" \/>\n<meta name=\"twitter:card\" content=\"summary_large_image\" \/>\n<meta name=\"twitter:creator\" content=\"@revistarambla\" \/>\n<meta name=\"twitter:site\" content=\"@revistarambla\" \/>\n<meta name=\"twitter:label1\" content=\"Written by\" \/>\n\t<meta name=\"twitter:data1\" content=\"R@mbla\" \/>\n\t<meta name=\"twitter:label2\" content=\"Estimated reading time\" \/>\n\t<meta name=\"twitter:data2\" content=\"2 minutes\" \/>\n<script type=\"application\/ld+json\" class=\"yoast-schema-graph\">{\"@context\":\"https:\\\/\\\/schema.org\",\"@graph\":[{\"@type\":\"Article\",\"@id\":\"https:\\\/\\\/www.revistarambla.com\\\/el-ejercito-tiene-una-unidad-de-la-legion-llamada-bandera-comandante-franco\\\/#article\",\"isPartOf\":{\"@id\":\"https:\\\/\\\/www.revistarambla.com\\\/el-ejercito-tiene-una-unidad-de-la-legion-llamada-bandera-comandante-franco\\\/\"},\"author\":{\"name\":\"R@mbla\",\"@id\":\"https:\\\/\\\/www.revistarambla.com\\\/#\\\/schema\\\/person\\\/a146a5a2550b94981a75131180e1bd9c\"},\"headline\":\"El Ej\u00e9rcito tiene una unidad de la Legi\u00f3n llamada \u00abBandera Comandante Franco\u00bb\",\"datePublished\":\"2021-03-31T18:55:16+00:00\",\"dateModified\":\"2021-03-31T18:56:46+00:00\",\"mainEntityOfPage\":{\"@id\":\"https:\\\/\\\/www.revistarambla.com\\\/el-ejercito-tiene-una-unidad-de-la-legion-llamada-bandera-comandante-franco\\\/\"},\"wordCount\":361,\"commentCount\":0,\"publisher\":{\"@id\":\"https:\\\/\\\/www.revistarambla.com\\\/#organization\"},\"image\":{\"@id\":\"https:\\\/\\\/www.revistarambla.com\\\/el-ejercito-tiene-una-unidad-de-la-legion-llamada-bandera-comandante-franco\\\/#primaryimage\"},\"thumbnailUrl\":\"https:\\\/\\\/www.revistarambla.com\\\/wp-content\\\/uploads\\\/2021\\\/03\\\/Screenshot_2021-03-31-Ejercito-de-tierra-Tercio-Gran-Capitan-1-ordm-de-la-Legion-.png\",\"articleSection\":[\"Actualidad\",\"Estado Espa\u00f1ol\"],\"inLanguage\":\"en-GB\",\"potentialAction\":[{\"@type\":\"CommentAction\",\"name\":\"Comment\",\"target\":[\"https:\\\/\\\/www.revistarambla.com\\\/el-ejercito-tiene-una-unidad-de-la-legion-llamada-bandera-comandante-franco\\\/#respond\"]}]},{\"@type\":\"WebPage\",\"@id\":\"https:\\\/\\\/www.revistarambla.com\\\/el-ejercito-tiene-una-unidad-de-la-legion-llamada-bandera-comandante-franco\\\/\",\"url\":\"https:\\\/\\\/www.revistarambla.com\\\/el-ejercito-tiene-una-unidad-de-la-legion-llamada-bandera-comandante-franco\\\/\",\"name\":\"El Ej\u00e9rcito tiene una unidad de la Legi\u00f3n llamada \\\"Bandera Comandante Franco\\\" - Revista Rambla\",\"isPartOf\":{\"@id\":\"https:\\\/\\\/www.revistarambla.com\\\/#website\"},\"primaryImageOfPage\":{\"@id\":\"https:\\\/\\\/www.revistarambla.com\\\/el-ejercito-tiene-una-unidad-de-la-legion-llamada-bandera-comandante-franco\\\/#primaryimage\"},\"image\":{\"@id\":\"https:\\\/\\\/www.revistarambla.com\\\/el-ejercito-tiene-una-unidad-de-la-legion-llamada-bandera-comandante-franco\\\/#primaryimage\"},\"thumbnailUrl\":\"https:\\\/\\\/www.revistarambla.com\\\/wp-content\\\/uploads\\\/2021\\\/03\\\/Screenshot_2021-03-31-Ejercito-de-tierra-Tercio-Gran-Capitan-1-ordm-de-la-Legion-.png\",\"datePublished\":\"2021-03-31T18:55:16+00:00\",\"dateModified\":\"2021-03-31T18:56:46+00:00\",\"breadcrumb\":{\"@id\":\"https:\\\/\\\/www.revistarambla.com\\\/el-ejercito-tiene-una-unidad-de-la-legion-llamada-bandera-comandante-franco\\\/#breadcrumb\"},\"inLanguage\":\"en-GB\",\"potentialAction\":[{\"@type\":\"ReadAction\",\"target\":[\"https:\\\/\\\/www.revistarambla.com\\\/el-ejercito-tiene-una-unidad-de-la-legion-llamada-bandera-comandante-franco\\\/\"]}]},{\"@type\":\"ImageObject\",\"inLanguage\":\"en-GB\",\"@id\":\"https:\\\/\\\/www.revistarambla.com\\\/el-ejercito-tiene-una-unidad-de-la-legion-llamada-bandera-comandante-franco\\\/#primaryimage\",\"url\":\"https:\\\/\\\/www.revistarambla.com\\\/wp-content\\\/uploads\\\/2021\\\/03\\\/Screenshot_2021-03-31-Ejercito-de-tierra-Tercio-Gran-Capitan-1-ordm-de-la-Legion-.png\",\"contentUrl\":\"https:\\\/\\\/www.revistarambla.com\\\/wp-content\\\/uploads\\\/2021\\\/03\\\/Screenshot_2021-03-31-Ejercito-de-tierra-Tercio-Gran-Capitan-1-ordm-de-la-Legion-.png\",\"width\":670,\"height\":551},{\"@type\":\"BreadcrumbList\",\"@id\":\"https:\\\/\\\/www.revistarambla.com\\\/el-ejercito-tiene-una-unidad-de-la-legion-llamada-bandera-comandante-franco\\\/#breadcrumb\",\"itemListElement\":[{\"@type\":\"ListItem\",\"position\":1,\"name\":\"Portada\",\"item\":\"https:\\\/\\\/www.revistarambla.com\\\/\"},{\"@type\":\"ListItem\",\"position\":2,\"name\":\"El Ej\u00e9rcito tiene una unidad de la Legi\u00f3n llamada \u00abBandera Comandante Franco\u00bb\"}]},{\"@type\":\"WebSite\",\"@id\":\"https:\\\/\\\/www.revistarambla.com\\\/#website\",\"url\":\"https:\\\/\\\/www.revistarambla.com\\\/\",\"name\":\"Revista Rambla Barcelona\",\"description\":\"Periodismo independiente\",\"publisher\":{\"@id\":\"https:\\\/\\\/www.revistarambla.com\\\/#organization\"},\"potentialAction\":[{\"@type\":\"SearchAction\",\"target\":{\"@type\":\"EntryPoint\",\"urlTemplate\":\"https:\\\/\\\/www.revistarambla.com\\\/?s={search_term_string}\"},\"query-input\":{\"@type\":\"PropertyValueSpecification\",\"valueRequired\":true,\"valueName\":\"search_term_string\"}}],\"inLanguage\":\"en-GB\"},{\"@type\":\"Organization\",\"@id\":\"https:\\\/\\\/www.revistarambla.com\\\/#organization\",\"name\":\"Revista Rambla\",\"url\":\"https:\\\/\\\/www.revistarambla.com\\\/\",\"logo\":{\"@type\":\"ImageObject\",\"inLanguage\":\"en-GB\",\"@id\":\"https:\\\/\\\/www.revistarambla.com\\\/#\\\/schema\\\/logo\\\/image\\\/\",\"url\":\"https:\\\/\\\/www.revistarambla.com\\\/wp-content\\\/uploads\\\/2020\\\/09\\\/banner_rambla_1900x600_BB.png\",\"contentUrl\":\"https:\\\/\\\/www.revistarambla.com\\\/wp-content\\\/uploads\\\/2020\\\/09\\\/banner_rambla_1900x600_BB.png\",\"width\":1900,\"height\":600,\"caption\":\"Revista Rambla\"},\"image\":{\"@id\":\"https:\\\/\\\/www.revistarambla.com\\\/#\\\/schema\\\/logo\\\/image\\\/\"},\"sameAs\":[\"https:\\\/\\\/www.facebook.com\\\/revistarambla\\\/\",\"https:\\\/\\\/x.com\\\/revistarambla\",\"https:\\\/\\\/www.instagram.com\\\/revista_rambla\",\"https:\\\/\\\/es.linkedin.com\\\/company\\\/revista-rambla\"]},{\"@type\":\"Person\",\"@id\":\"https:\\\/\\\/www.revistarambla.com\\\/#\\\/schema\\\/person\\\/a146a5a2550b94981a75131180e1bd9c\",\"name\":\"R@mbla\",\"description\":\"Este art\u00edculo ha sido redactado y\\\/o validado por el equipo de redacci\u00f3n de Revista Rambla.\",\"sameAs\":[\"https:\\\/\\\/www.revistarambla.com\\\/\",\"https:\\\/\\\/www.facebook.com\\\/revistarambla\",\"https:\\\/\\\/x.com\\\/revistarambla\"]}]}<\/script>\n<!-- \/ Yoast SEO plugin. -->","yoast_head_json":{"title":"El Ej\u00e9rcito tiene una unidad de la Legi\u00f3n llamada \"Bandera Comandante Franco\" - Revista Rambla","robots":{"index":"index","follow":"follow","max-snippet":"max-snippet:-1","max-image-preview":"max-image-preview:large","max-video-preview":"max-video-preview:-1"},"canonical":"https:\/\/www.revistarambla.com\/en\/el-ejercito-tiene-una-unidad-de-la-legion-llamada-bandera-comandante-franco\/","og_locale":"en_GB","og_type":"article","og_title":"El Ej\u00e9rcito tiene una unidad de la Legi\u00f3n llamada \"Bandera Comandante Franco\" - Revista Rambla","og_description":"\u201c\u00bfImagin\u00e1is lo que suceder\u00eda si una unidad del Ej\u00e9rcito alem\u00e1n se llamara \u2018Adolf Hitler\u2019?\u201d, pregunta Luis Gonzalo Segura, exteniente del Ej\u00e9rcito de Tierra.","og_url":"https:\/\/www.revistarambla.com\/en\/el-ejercito-tiene-una-unidad-de-la-legion-llamada-bandera-comandante-franco\/","og_site_name":"Revista Rambla","article_publisher":"https:\/\/www.facebook.com\/revistarambla\/","article_author":"https:\/\/www.facebook.com\/revistarambla","article_published_time":"2021-03-31T18:55:16+00:00","article_modified_time":"2021-03-31T18:56:46+00:00","og_image":[{"width":670,"height":551,"url":"https:\/\/i1.wp.com\/www.revistarambla.com\/wp-content\/uploads\/2021\/03\/Screenshot_2021-03-31-Ejercito-de-tierra-Tercio-Gran-Capitan-1-ordm-de-la-Legion-.png?fit=670%2C551&ssl=1","type":"image\/png"}],"author":"R@mbla","twitter_card":"summary_large_image","twitter_creator":"@revistarambla","twitter_site":"@revistarambla","twitter_misc":{"Written by":"R@mbla","Estimated reading time":"2 minutes"},"schema":{"@context":"https:\/\/schema.org","@graph":[{"@type":"Article","@id":"https:\/\/www.revistarambla.com\/el-ejercito-tiene-una-unidad-de-la-legion-llamada-bandera-comandante-franco\/#article","isPartOf":{"@id":"https:\/\/www.revistarambla.com\/el-ejercito-tiene-una-unidad-de-la-legion-llamada-bandera-comandante-franco\/"},"author":{"name":"R@mbla","@id":"https:\/\/www.revistarambla.com\/#\/schema\/person\/a146a5a2550b94981a75131180e1bd9c"},"headline":"El Ej\u00e9rcito tiene una unidad de la Legi\u00f3n llamada \u00abBandera Comandante Franco\u00bb","datePublished":"2021-03-31T18:55:16+00:00","dateModified":"2021-03-31T18:56:46+00:00","mainEntityOfPage":{"@id":"https:\/\/www.revistarambla.com\/el-ejercito-tiene-una-unidad-de-la-legion-llamada-bandera-comandante-franco\/"},"wordCount":361,"commentCount":0,"publisher":{"@id":"https:\/\/www.revistarambla.com\/#organization"},"image":{"@id":"https:\/\/www.revistarambla.com\/el-ejercito-tiene-una-unidad-de-la-legion-llamada-bandera-comandante-franco\/#primaryimage"},"thumbnailUrl":"https:\/\/www.revistarambla.com\/wp-content\/uploads\/2021\/03\/Screenshot_2021-03-31-Ejercito-de-tierra-Tercio-Gran-Capitan-1-ordm-de-la-Legion-.png","articleSection":["Actualidad","Estado Espa\u00f1ol"],"inLanguage":"en-GB","potentialAction":[{"@type":"CommentAction","name":"Comment","target":["https:\/\/www.revistarambla.com\/el-ejercito-tiene-una-unidad-de-la-legion-llamada-bandera-comandante-franco\/#respond"]}]},{"@type":"WebPage","@id":"https:\/\/www.revistarambla.com\/el-ejercito-tiene-una-unidad-de-la-legion-llamada-bandera-comandante-franco\/","url":"https:\/\/www.revistarambla.com\/el-ejercito-tiene-una-unidad-de-la-legion-llamada-bandera-comandante-franco\/","name":"El Ej\u00e9rcito tiene una unidad de la Legi\u00f3n llamada \"Bandera Comandante Franco\" - Revista Rambla","isPartOf":{"@id":"https:\/\/www.revistarambla.com\/#website"},"primaryImageOfPage":{"@id":"https:\/\/www.revistarambla.com\/el-ejercito-tiene-una-unidad-de-la-legion-llamada-bandera-comandante-franco\/#primaryimage"},"image":{"@id":"https:\/\/www.revistarambla.com\/el-ejercito-tiene-una-unidad-de-la-legion-llamada-bandera-comandante-franco\/#primaryimage"},"thumbnailUrl":"https:\/\/www.revistarambla.com\/wp-content\/uploads\/2021\/03\/Screenshot_2021-03-31-Ejercito-de-tierra-Tercio-Gran-Capitan-1-ordm-de-la-Legion-.png","datePublished":"2021-03-31T18:55:16+00:00","dateModified":"2021-03-31T18:56:46+00:00","breadcrumb":{"@id":"https:\/\/www.revistarambla.com\/el-ejercito-tiene-una-unidad-de-la-legion-llamada-bandera-comandante-franco\/#breadcrumb"},"inLanguage":"en-GB","potentialAction":[{"@type":"ReadAction","target":["https:\/\/www.revistarambla.com\/el-ejercito-tiene-una-unidad-de-la-legion-llamada-bandera-comandante-franco\/"]}]},{"@type":"ImageObject","inLanguage":"en-GB","@id":"https:\/\/www.revistarambla.com\/el-ejercito-tiene-una-unidad-de-la-legion-llamada-bandera-comandante-franco\/#primaryimage","url":"https:\/\/www.revistarambla.com\/wp-content\/uploads\/2021\/03\/Screenshot_2021-03-31-Ejercito-de-tierra-Tercio-Gran-Capitan-1-ordm-de-la-Legion-.png","contentUrl":"https:\/\/www.revistarambla.com\/wp-content\/uploads\/2021\/03\/Screenshot_2021-03-31-Ejercito-de-tierra-Tercio-Gran-Capitan-1-ordm-de-la-Legion-.png","width":670,"height":551},{"@type":"BreadcrumbList","@id":"https:\/\/www.revistarambla.com\/el-ejercito-tiene-una-unidad-de-la-legion-llamada-bandera-comandante-franco\/#breadcrumb","itemListElement":[{"@type":"ListItem","position":1,"name":"Portada","item":"https:\/\/www.revistarambla.com\/"},{"@type":"ListItem","position":2,"name":"El Ej\u00e9rcito tiene una unidad de la Legi\u00f3n llamada \u00abBandera Comandante Franco\u00bb"}]},{"@type":"WebSite","@id":"https:\/\/www.revistarambla.com\/#website","url":"https:\/\/www.revistarambla.com\/","name":"Revista Rambla Barcelona","description":"Periodismo independiente","publisher":{"@id":"https:\/\/www.revistarambla.com\/#organization"},"potentialAction":[{"@type":"SearchAction","target":{"@type":"EntryPoint","urlTemplate":"https:\/\/www.revistarambla.com\/?s={search_term_string}"},"query-input":{"@type":"PropertyValueSpecification","valueRequired":true,"valueName":"search_term_string"}}],"inLanguage":"en-GB"},{"@type":"Organization","@id":"https:\/\/www.revistarambla.com\/#organization","name":"Revista Rambla","url":"https:\/\/www.revistarambla.com\/","logo":{"@type":"ImageObject","inLanguage":"en-GB","@id":"https:\/\/www.revistarambla.com\/#\/schema\/logo\/image\/","url":"https:\/\/www.revistarambla.com\/wp-content\/uploads\/2020\/09\/banner_rambla_1900x600_BB.png","contentUrl":"https:\/\/www.revistarambla.com\/wp-content\/uploads\/2020\/09\/banner_rambla_1900x600_BB.png","width":1900,"height":600,"caption":"Revista Rambla"},"image":{"@id":"https:\/\/www.revistarambla.com\/#\/schema\/logo\/image\/"},"sameAs":["https:\/\/www.facebook.com\/revistarambla\/","https:\/\/x.com\/revistarambla","https:\/\/www.instagram.com\/revista_rambla","https:\/\/es.linkedin.com\/company\/revista-rambla"]},{"@type":"Person","@id":"https:\/\/www.revistarambla.com\/#\/schema\/person\/a146a5a2550b94981a75131180e1bd9c","name":"R@mbla","description":"Este art\u00edculo ha sido redactado y\/o validado por el equipo de redacci\u00f3n de Revista Rambla.","sameAs":["https:\/\/www.revistarambla.com\/","https:\/\/www.facebook.com\/revistarambla","https:\/\/x.com\/revistarambla"]}]}},"_links":{"self":[{"href":"https:\/\/www.revistarambla.com\/en\/wp-json\/wp\/v2\/posts\/29052","targetHints":{"allow":["GET"]}}],"collection":[{"href":"https:\/\/www.revistarambla.com\/en\/wp-json\/wp\/v2\/posts"}],"about":[{"href":"https:\/\/www.revistarambla.com\/en\/wp-json\/wp\/v2\/types\/post"}],"author":[{"embeddable":true,"href":"https:\/\/www.revistarambla.com\/en\/wp-json\/wp\/v2\/users\/3"}],"replies":[{"embeddable":true,"href":"https:\/\/www.revistarambla.com\/en\/wp-json\/wp\/v2\/comments?post=29052"}],"version-history":[{"count":0,"href":"https:\/\/www.revistarambla.com\/en\/wp-json\/wp\/v2\/posts\/29052\/revisions"}],"wp:featuredmedia":[{"embeddable":true,"href":"https:\/\/www.revistarambla.com\/en\/wp-json\/wp\/v2\/media\/29053"}],"wp:attachment":[{"href":"https:\/\/www.revistarambla.com\/en\/wp-json\/wp\/v2\/media?parent=29052"}],"wp:term":[{"taxonomy":"category","embeddable":true,"href":"https:\/\/www.revistarambla.com\/en\/wp-json\/wp\/v2\/categories?post=29052"},{"taxonomy":"post_tag","embeddable":true,"href":"https:\/\/www.revistarambla.com\/en\/wp-json\/wp\/v2\/tags?post=29052"}],"curies":[{"name":"wp","href":"https:\/\/api.w.org\/{rel}","templated":true}]}}