{"id":29035,"date":"2021-03-31T13:30:47","date_gmt":"2021-03-31T11:30:47","guid":{"rendered":"https:\/\/www.revistarambla.com\/?p=29035"},"modified":"2021-12-07T17:08:07","modified_gmt":"2021-12-07T16:08:07","slug":"peru-nuevo-record-de-casos-de-coronavirus","status":"publish","type":"post","link":"https:\/\/www.revistarambla.com\/en\/peru-nuevo-record-de-casos-de-coronavirus\/","title":{"rendered":"Per\u00fa: nuevo r\u00e9cord de casos de coronavirus"},"content":{"rendered":"<p style=\"text-align: left;\" align=\"JUSTIFY\"><span lang=\"es-PE\">La cepa brasile\u00f1a del coronavirus est\u00e1 causando estragos en varios pa\u00edses de Am\u00e9rica del Sur.\u00a0En el Per\u00fa\u00a0se registr\u00f3 un\u00a0nuevo r\u00e9cord de contagios en 24 horas, con casi 12, 000\u00a0casos, la cifra diaria m\u00e1s alta en pr\u00e1cticamente un a\u00f1o de pandemia. Lo mismo sucede en\u00a0Paraguay, donde los decesos por la covid-19 se multiplicaron por cuatro desde enero hasta ahora.<\/span><\/p>\n<p style=\"text-align: left;\" align=\"JUSTIFY\"><span lang=\"es-PE\">Mucho m\u00e1s contagiosa que la versi\u00f3n original del coronavirus, la cepa brasile\u00f1a es capaz de acelerar los casos por su alta contagiosidad, lo que est\u00e1 poniendo en\u00a0alerta m\u00e1xima a los pa\u00edses sudamericanos. Los estragos en\u00a0Paraguay, Bolivia, Chile, Uruguay y en el Per\u00fa\u00a0est\u00e1n derivando en cierres o restricciones de fronteras.<\/span><\/p>\n<p style=\"text-align: left;\" align=\"JUSTIFY\"><span lang=\"es-PE\">Per\u00fa registr\u00f3 este viernes veintis\u00e9is de marzo un r\u00e9cord de 11, 919 nuevos casos diarios de coronavirus en un s\u00f3lo d\u00eda, convirti\u00e9ndose en la cifra m\u00e1s alta en doce (12) meses de pandemia, superando por segunda vez en la semana el umbral de 11, 000 contagios en medio de una segunda ola que azota sin pausa. <\/span><\/p>\n<p style=\"text-align: left;\" align=\"JUSTIFY\"><span lang=\"es-PE\">El vertiginoso aumento de casos confirmados desde que el pa\u00eds fue abrumado por la segunda ola de coronavirus increment\u00f3 al total de 1, 512, 384, seg\u00fan el Ministerio de Salud (Minsa). En las mismas 24 horas se registr\u00f3 la cifra de 201 decesos diarios relacionadas con el coronavirus para totalizar 51, 032, seg\u00fan datos del Ministerio de Salud desde que se anunci\u00f3 la primera v\u00edctima a mediados de marzo del 2020.<\/span><\/p>\n<p style=\"text-align: left;\" align=\"JUSTIFY\"><span lang=\"es-PE\">Per\u00fa tuvo el mi\u00e9rcoles veinticuatro de marzo 11, 260 casos diarios, lo que marc\u00f3 en ese momento un r\u00e9cord. Hasta entonces la cifra m\u00e1s alta de contagios remit\u00eda al 16 de agosto de 2020, con 10, 143 nuevos enfermos en un d\u00eda. Los contagios se han disparado desde inicios de enero, cuando una segunda ola de la pandemia empez\u00f3 a golpear sin pausa nuestra naci\u00f3n.<\/span><\/p>\n<p style=\"text-align: left;\" align=\"JUSTIFY\"><span lang=\"es-PE\">Nuestro pa\u00eds es otra naci\u00f3n sudamericana lim\u00edtrofe de Brasil que no pudo contener el ingreso de la cepa de origen amaz\u00f3nico. Las autoridades sanitarias confirmaron el alarmante incremento que coincide con la difusi\u00f3n de un reporte oficial donde se se\u00f1ala que la variante brasile\u00f1a del coronavirus es la causante del 40% de casos registrados los \u00faltimos meses en Lima, donde se concentra casi la mitad del total de contagios a nivel nacional.<\/span><\/p>\n<p style=\"text-align: left;\" align=\"JUSTIFY\"><span lang=\"es-PE\">La segunda ola, que se desat\u00f3 luego de las fiestas navide\u00f1as, tiene a los hospitales al borde del colapso y sin camas libres en las Unidades de Cuidados Intensivos (UCI). Como publiqu\u00e9 en diciembre de 2020, Jes\u00fas Valverde, presidente de la Sociedad Peruana de Medicina Intensiva (Sopemi) advirti\u00f3 que \u201cno es necesario ingresar a una segunda ola, para observar la insuficiente cantidad de camas UCI y que por ello, la disponibilidad \u2018est\u00e1 al borde del colapso\u2019\u201d.<\/span><\/p>\n<p style=\"text-align: left;\" align=\"JUSTIFY\"><span lang=\"es-PE\">Mientras, la vacunaci\u00f3n contra la covid-19 avanza a paso lento desde que empez\u00f3 el nueve (9) de febrero, debido a la falta de dosis cuya adquisici\u00f3n negocia el gobierno. A pesar de que el proceso de vacunaci\u00f3n se ha acelerado ligeramente con el correr de las semanas, la inquietud no cesa: el que menos desea saber cu\u00e1ndo le tocar\u00e1 ser vacunado.<\/span><\/p>\n<p style=\"text-align: left;\" align=\"JUSTIFY\"><span lang=\"es-PE\">Apenas 238, 000 personas fueron vacunadas mientras unas 512, 0000 recibieron una dosis seg\u00fan datos del veinticuatro de marzo. La meta es inmunizar a 24, 5 millones de peruanos durante 2021, sobre una poblaci\u00f3n de 32 millones valiosos profesionales de la salud recibieron su primera dosis de la vacuna contra el coronavirus, se conocieron los nexos de los casi quinientos (500) vacunados irregularmente por fuera del ensayo cl\u00ednico del laboratorio Sinopharm.<\/span><\/p>\n<p style=\"text-align: left;\" align=\"JUSTIFY\"><span lang=\"es-PE\">Por el momento, la campa\u00f1a de vacunaci\u00f3n est\u00e1 limitada a personal de primera l\u00ednea de salud, militares, polic\u00edas y civiles mayores de 80 a\u00f1os.<\/span><\/p>\n<p style=\"text-align: left;\" align=\"JUSTIFY\"><span lang=\"es-PE\">El gobierno anunci\u00f3 un conjunto de medidas extraordinarias para que se cumplan durante la Semana Santa 2021. El objetivo de estas normas es que no se incremente el n\u00famero de contagios en el pa\u00eds, por lo que cerrar\u00e1n los comercios y se suspender\u00e1 el transporte a\u00e9reo y terrestre. Los d\u00edas que cubre la Semana Santa (jueves 1, viernes 2, s\u00e1bado 3 y domingo 4 de abril) tendr\u00e1n una cuarentena con movilidad limitada.<\/span><\/p>\n<p style=\"text-align: left;\" align=\"JUSTIFY\"><span lang=\"es-PE\">Como se\u00f1al\u00e9 en mi art\u00edculo \u201cEl Per\u00fa ante una inminente segunda ola de Covid-19\u201d, en el a\u00f1o 2020 el PBI tuvo proyecci\u00f3n de caer 12%, afectando sobre todo a los peque\u00f1os empresarios. \u201cEsta caracter\u00edstica es propia de la crisis econ\u00f3mica que nos encontramos viviendo\u201d, indiqu\u00e9. <\/span><\/p>\n<p style=\"text-align: left;\" align=\"JUSTIFY\"><span lang=\"es-PE\">Cuidemos la econom\u00eda y el sistema financiero. Y asumamos de la manera debida las medidas preventivas y nuevas cuarentenas del Per\u00fa.<\/span><\/p>\n<p style=\"text-align: left;\" align=\"JUSTIFY\"><em>*Ra\u00fal Allain es escritor, poeta, editor y soci\u00f3logo. Presidente del Instituto Peruano de la Juventud (IPJ) y director de Editorial R\u00edo Negro.<\/em><\/p>","protected":false},"excerpt":{"rendered":"<p>La cepa brasile\u00f1a del coronavirus est\u00e1 causando estragos en varios pa\u00edses de Am\u00e9rica del Sur.\u00a0En el Per\u00fa\u00a0se registr\u00f3 un\u00a0nuevo r\u00e9cord de contagios en 24 horas, con casi 12, 000\u00a0casos, la cifra diaria m\u00e1s alta en pr\u00e1cticamente un a\u00f1o de pandemia. Lo mismo sucede en\u00a0Paraguay, donde los decesos por la covid-19 [&hellip;]<\/p>\n","protected":false},"author":18,"featured_media":29036,"comment_status":"open","ping_status":"open","sticky":false,"template":"","format":"standard","meta":{"footnotes":""},"categories":[72],"tags":[],"class_list":["post-29035","post","type-post","status-publish","format-standard","has-post-thumbnail","hentry","category-opinion"],"yoast_head":"<!-- This site is optimized with the Yoast SEO plugin v27.5 - https:\/\/yoast.com\/product\/yoast-seo-wordpress\/ -->\n<title>Per\u00fa: nuevo r\u00e9cord de casos de coronavirus - Revista Rambla<\/title>\n<meta name=\"robots\" content=\"index, follow, max-snippet:-1, max-image-preview:large, max-video-preview:-1\" \/>\n<link rel=\"canonical\" href=\"https:\/\/www.revistarambla.com\/en\/peru-nuevo-record-de-casos-de-coronavirus\/\" \/>\n<meta property=\"og:locale\" content=\"en_GB\" \/>\n<meta property=\"og:type\" content=\"article\" \/>\n<meta property=\"og:title\" content=\"Per\u00fa: nuevo r\u00e9cord de casos de coronavirus - Revista Rambla\" \/>\n<meta property=\"og:description\" content=\"La cepa brasile\u00f1a del coronavirus est\u00e1 causando estragos en varios pa\u00edses de Am\u00e9rica del Sur.\u00a0En el Per\u00fa\u00a0se registr\u00f3 un\u00a0nuevo r\u00e9cord de contagios en 24 horas, con casi 12, 000\u00a0casos, la cifra diaria m\u00e1s alta en pr\u00e1cticamente un a\u00f1o de pandemia. Lo mismo sucede en\u00a0Paraguay, donde los decesos por la covid-19 [&hellip;]\" \/>\n<meta property=\"og:url\" content=\"https:\/\/www.revistarambla.com\/en\/peru-nuevo-record-de-casos-de-coronavirus\/\" \/>\n<meta property=\"og:site_name\" content=\"Revista Rambla\" \/>\n<meta property=\"article:publisher\" content=\"https:\/\/www.facebook.com\/revistarambla\/\" \/>\n<meta property=\"article:author\" content=\"https:\/\/www.facebook.com\/raul.allainvega\" \/>\n<meta property=\"article:published_time\" content=\"2021-03-31T11:30:47+00:00\" \/>\n<meta property=\"article:modified_time\" content=\"2021-12-07T16:08:07+00:00\" \/>\n<meta property=\"og:image\" content=\"https:\/\/www.revistarambla.com\/wp-content\/uploads\/2021\/03\/3b033f71-31ba-4f4c-9b98-d464bb83869f_16-9-discover-aspect-ratio_default_0.jpg\" \/>\n\t<meta property=\"og:image:width\" content=\"1200\" \/>\n\t<meta property=\"og:image:height\" content=\"675\" \/>\n\t<meta property=\"og:image:type\" content=\"image\/jpeg\" \/>\n<meta name=\"author\" content=\"Ra\u00fal Alfonso Allain Vega\" \/>\n<meta name=\"twitter:card\" content=\"summary_large_image\" \/>\n<meta name=\"twitter:creator\" content=\"@RaulAllain\" \/>\n<meta name=\"twitter:site\" content=\"@revistarambla\" \/>\n<meta name=\"twitter:label1\" content=\"Written by\" \/>\n\t<meta name=\"twitter:data1\" content=\"Ra\u00fal Alfonso Allain Vega\" \/>\n\t<meta name=\"twitter:label2\" content=\"Estimated reading time\" \/>\n\t<meta name=\"twitter:data2\" content=\"4 minutes\" \/>\n<script type=\"application\/ld+json\" class=\"yoast-schema-graph\">{\"@context\":\"https:\\\/\\\/schema.org\",\"@graph\":[{\"@type\":\"Article\",\"@id\":\"https:\\\/\\\/www.revistarambla.com\\\/peru-nuevo-record-de-casos-de-coronavirus\\\/#article\",\"isPartOf\":{\"@id\":\"https:\\\/\\\/www.revistarambla.com\\\/peru-nuevo-record-de-casos-de-coronavirus\\\/\"},\"author\":{\"name\":\"Ra\u00fal Alfonso Allain Vega\",\"@id\":\"https:\\\/\\\/www.revistarambla.com\\\/#\\\/schema\\\/person\\\/9b4378c82c48caa37acecffb9450e934\"},\"headline\":\"Per\u00fa: nuevo r\u00e9cord de casos de coronavirus\",\"datePublished\":\"2021-03-31T11:30:47+00:00\",\"dateModified\":\"2021-12-07T16:08:07+00:00\",\"mainEntityOfPage\":{\"@id\":\"https:\\\/\\\/www.revistarambla.com\\\/peru-nuevo-record-de-casos-de-coronavirus\\\/\"},\"wordCount\":805,\"commentCount\":0,\"publisher\":{\"@id\":\"https:\\\/\\\/www.revistarambla.com\\\/#organization\"},\"image\":{\"@id\":\"https:\\\/\\\/www.revistarambla.com\\\/peru-nuevo-record-de-casos-de-coronavirus\\\/#primaryimage\"},\"thumbnailUrl\":\"https:\\\/\\\/www.revistarambla.com\\\/wp-content\\\/uploads\\\/2021\\\/03\\\/3b033f71-31ba-4f4c-9b98-d464bb83869f_16-9-discover-aspect-ratio_default_0.jpg\",\"articleSection\":[\"Opiniones\"],\"inLanguage\":\"en-GB\",\"potentialAction\":[{\"@type\":\"CommentAction\",\"name\":\"Comment\",\"target\":[\"https:\\\/\\\/www.revistarambla.com\\\/peru-nuevo-record-de-casos-de-coronavirus\\\/#respond\"]}]},{\"@type\":\"WebPage\",\"@id\":\"https:\\\/\\\/www.revistarambla.com\\\/peru-nuevo-record-de-casos-de-coronavirus\\\/\",\"url\":\"https:\\\/\\\/www.revistarambla.com\\\/peru-nuevo-record-de-casos-de-coronavirus\\\/\",\"name\":\"Per\u00fa: nuevo r\u00e9cord de casos de coronavirus - Revista Rambla\",\"isPartOf\":{\"@id\":\"https:\\\/\\\/www.revistarambla.com\\\/#website\"},\"primaryImageOfPage\":{\"@id\":\"https:\\\/\\\/www.revistarambla.com\\\/peru-nuevo-record-de-casos-de-coronavirus\\\/#primaryimage\"},\"image\":{\"@id\":\"https:\\\/\\\/www.revistarambla.com\\\/peru-nuevo-record-de-casos-de-coronavirus\\\/#primaryimage\"},\"thumbnailUrl\":\"https:\\\/\\\/www.revistarambla.com\\\/wp-content\\\/uploads\\\/2021\\\/03\\\/3b033f71-31ba-4f4c-9b98-d464bb83869f_16-9-discover-aspect-ratio_default_0.jpg\",\"datePublished\":\"2021-03-31T11:30:47+00:00\",\"dateModified\":\"2021-12-07T16:08:07+00:00\",\"breadcrumb\":{\"@id\":\"https:\\\/\\\/www.revistarambla.com\\\/peru-nuevo-record-de-casos-de-coronavirus\\\/#breadcrumb\"},\"inLanguage\":\"en-GB\",\"potentialAction\":[{\"@type\":\"ReadAction\",\"target\":[\"https:\\\/\\\/www.revistarambla.com\\\/peru-nuevo-record-de-casos-de-coronavirus\\\/\"]}]},{\"@type\":\"ImageObject\",\"inLanguage\":\"en-GB\",\"@id\":\"https:\\\/\\\/www.revistarambla.com\\\/peru-nuevo-record-de-casos-de-coronavirus\\\/#primaryimage\",\"url\":\"https:\\\/\\\/www.revistarambla.com\\\/wp-content\\\/uploads\\\/2021\\\/03\\\/3b033f71-31ba-4f4c-9b98-d464bb83869f_16-9-discover-aspect-ratio_default_0.jpg\",\"contentUrl\":\"https:\\\/\\\/www.revistarambla.com\\\/wp-content\\\/uploads\\\/2021\\\/03\\\/3b033f71-31ba-4f4c-9b98-d464bb83869f_16-9-discover-aspect-ratio_default_0.jpg\",\"width\":1200,\"height\":675},{\"@type\":\"BreadcrumbList\",\"@id\":\"https:\\\/\\\/www.revistarambla.com\\\/peru-nuevo-record-de-casos-de-coronavirus\\\/#breadcrumb\",\"itemListElement\":[{\"@type\":\"ListItem\",\"position\":1,\"name\":\"Portada\",\"item\":\"https:\\\/\\\/www.revistarambla.com\\\/\"},{\"@type\":\"ListItem\",\"position\":2,\"name\":\"Per\u00fa: nuevo r\u00e9cord de casos de coronavirus\"}]},{\"@type\":\"WebSite\",\"@id\":\"https:\\\/\\\/www.revistarambla.com\\\/#website\",\"url\":\"https:\\\/\\\/www.revistarambla.com\\\/\",\"name\":\"Revista Rambla Barcelona\",\"description\":\"Periodismo independiente\",\"publisher\":{\"@id\":\"https:\\\/\\\/www.revistarambla.com\\\/#organization\"},\"potentialAction\":[{\"@type\":\"SearchAction\",\"target\":{\"@type\":\"EntryPoint\",\"urlTemplate\":\"https:\\\/\\\/www.revistarambla.com\\\/?s={search_term_string}\"},\"query-input\":{\"@type\":\"PropertyValueSpecification\",\"valueRequired\":true,\"valueName\":\"search_term_string\"}}],\"inLanguage\":\"en-GB\"},{\"@type\":\"Organization\",\"@id\":\"https:\\\/\\\/www.revistarambla.com\\\/#organization\",\"name\":\"Revista Rambla\",\"url\":\"https:\\\/\\\/www.revistarambla.com\\\/\",\"logo\":{\"@type\":\"ImageObject\",\"inLanguage\":\"en-GB\",\"@id\":\"https:\\\/\\\/www.revistarambla.com\\\/#\\\/schema\\\/logo\\\/image\\\/\",\"url\":\"https:\\\/\\\/www.revistarambla.com\\\/wp-content\\\/uploads\\\/2020\\\/09\\\/banner_rambla_1900x600_BB.png\",\"contentUrl\":\"https:\\\/\\\/www.revistarambla.com\\\/wp-content\\\/uploads\\\/2020\\\/09\\\/banner_rambla_1900x600_BB.png\",\"width\":1900,\"height\":600,\"caption\":\"Revista Rambla\"},\"image\":{\"@id\":\"https:\\\/\\\/www.revistarambla.com\\\/#\\\/schema\\\/logo\\\/image\\\/\"},\"sameAs\":[\"https:\\\/\\\/www.facebook.com\\\/revistarambla\\\/\",\"https:\\\/\\\/x.com\\\/revistarambla\",\"https:\\\/\\\/www.instagram.com\\\/revista_rambla\",\"https:\\\/\\\/es.linkedin.com\\\/company\\\/revista-rambla\"]},{\"@type\":\"Person\",\"@id\":\"https:\\\/\\\/www.revistarambla.com\\\/#\\\/schema\\\/person\\\/9b4378c82c48caa37acecffb9450e934\",\"name\":\"Ra\u00fal Alfonso Allain Vega\",\"description\":\"Escritor, poeta, editor y soci\u00f3logo. Presidente del Instituto Peruano de la Juventud (IPJ) y director de Editorial R\u00edo Negro.\",\"sameAs\":[\"https:\\\/\\\/en.m.wikipedia.org\\\/wiki\\\/Ra%C3%BAl_Allain\",\"https:\\\/\\\/www.facebook.com\\\/raul.allainvega\",\"https:\\\/\\\/x.com\\\/RaulAllain\"]}]}<\/script>\n<!-- \/ Yoast SEO plugin. -->","yoast_head_json":{"title":"Per\u00fa: nuevo r\u00e9cord de casos de coronavirus - Revista Rambla","robots":{"index":"index","follow":"follow","max-snippet":"max-snippet:-1","max-image-preview":"max-image-preview:large","max-video-preview":"max-video-preview:-1"},"canonical":"https:\/\/www.revistarambla.com\/en\/peru-nuevo-record-de-casos-de-coronavirus\/","og_locale":"en_GB","og_type":"article","og_title":"Per\u00fa: nuevo r\u00e9cord de casos de coronavirus - Revista Rambla","og_description":"La cepa brasile\u00f1a del coronavirus est\u00e1 causando estragos en varios pa\u00edses de Am\u00e9rica del Sur.\u00a0En el Per\u00fa\u00a0se registr\u00f3 un\u00a0nuevo r\u00e9cord de contagios en 24 horas, con casi 12, 000\u00a0casos, la cifra diaria m\u00e1s alta en pr\u00e1cticamente un a\u00f1o de pandemia. Lo mismo sucede en\u00a0Paraguay, donde los decesos por la covid-19 [&hellip;]","og_url":"https:\/\/www.revistarambla.com\/en\/peru-nuevo-record-de-casos-de-coronavirus\/","og_site_name":"Revista Rambla","article_publisher":"https:\/\/www.facebook.com\/revistarambla\/","article_author":"https:\/\/www.facebook.com\/raul.allainvega","article_published_time":"2021-03-31T11:30:47+00:00","article_modified_time":"2021-12-07T16:08:07+00:00","og_image":[{"width":1200,"height":675,"url":"https:\/\/www.revistarambla.com\/wp-content\/uploads\/2021\/03\/3b033f71-31ba-4f4c-9b98-d464bb83869f_16-9-discover-aspect-ratio_default_0.jpg","type":"image\/jpeg"}],"author":"Ra\u00fal Alfonso Allain Vega","twitter_card":"summary_large_image","twitter_creator":"@RaulAllain","twitter_site":"@revistarambla","twitter_misc":{"Written by":"Ra\u00fal Alfonso Allain Vega","Estimated reading time":"4 minutes"},"schema":{"@context":"https:\/\/schema.org","@graph":[{"@type":"Article","@id":"https:\/\/www.revistarambla.com\/peru-nuevo-record-de-casos-de-coronavirus\/#article","isPartOf":{"@id":"https:\/\/www.revistarambla.com\/peru-nuevo-record-de-casos-de-coronavirus\/"},"author":{"name":"Ra\u00fal Alfonso Allain Vega","@id":"https:\/\/www.revistarambla.com\/#\/schema\/person\/9b4378c82c48caa37acecffb9450e934"},"headline":"Per\u00fa: nuevo r\u00e9cord de casos de coronavirus","datePublished":"2021-03-31T11:30:47+00:00","dateModified":"2021-12-07T16:08:07+00:00","mainEntityOfPage":{"@id":"https:\/\/www.revistarambla.com\/peru-nuevo-record-de-casos-de-coronavirus\/"},"wordCount":805,"commentCount":0,"publisher":{"@id":"https:\/\/www.revistarambla.com\/#organization"},"image":{"@id":"https:\/\/www.revistarambla.com\/peru-nuevo-record-de-casos-de-coronavirus\/#primaryimage"},"thumbnailUrl":"https:\/\/www.revistarambla.com\/wp-content\/uploads\/2021\/03\/3b033f71-31ba-4f4c-9b98-d464bb83869f_16-9-discover-aspect-ratio_default_0.jpg","articleSection":["Opiniones"],"inLanguage":"en-GB","potentialAction":[{"@type":"CommentAction","name":"Comment","target":["https:\/\/www.revistarambla.com\/peru-nuevo-record-de-casos-de-coronavirus\/#respond"]}]},{"@type":"WebPage","@id":"https:\/\/www.revistarambla.com\/peru-nuevo-record-de-casos-de-coronavirus\/","url":"https:\/\/www.revistarambla.com\/peru-nuevo-record-de-casos-de-coronavirus\/","name":"Per\u00fa: nuevo r\u00e9cord de casos de coronavirus - Revista Rambla","isPartOf":{"@id":"https:\/\/www.revistarambla.com\/#website"},"primaryImageOfPage":{"@id":"https:\/\/www.revistarambla.com\/peru-nuevo-record-de-casos-de-coronavirus\/#primaryimage"},"image":{"@id":"https:\/\/www.revistarambla.com\/peru-nuevo-record-de-casos-de-coronavirus\/#primaryimage"},"thumbnailUrl":"https:\/\/www.revistarambla.com\/wp-content\/uploads\/2021\/03\/3b033f71-31ba-4f4c-9b98-d464bb83869f_16-9-discover-aspect-ratio_default_0.jpg","datePublished":"2021-03-31T11:30:47+00:00","dateModified":"2021-12-07T16:08:07+00:00","breadcrumb":{"@id":"https:\/\/www.revistarambla.com\/peru-nuevo-record-de-casos-de-coronavirus\/#breadcrumb"},"inLanguage":"en-GB","potentialAction":[{"@type":"ReadAction","target":["https:\/\/www.revistarambla.com\/peru-nuevo-record-de-casos-de-coronavirus\/"]}]},{"@type":"ImageObject","inLanguage":"en-GB","@id":"https:\/\/www.revistarambla.com\/peru-nuevo-record-de-casos-de-coronavirus\/#primaryimage","url":"https:\/\/www.revistarambla.com\/wp-content\/uploads\/2021\/03\/3b033f71-31ba-4f4c-9b98-d464bb83869f_16-9-discover-aspect-ratio_default_0.jpg","contentUrl":"https:\/\/www.revistarambla.com\/wp-content\/uploads\/2021\/03\/3b033f71-31ba-4f4c-9b98-d464bb83869f_16-9-discover-aspect-ratio_default_0.jpg","width":1200,"height":675},{"@type":"BreadcrumbList","@id":"https:\/\/www.revistarambla.com\/peru-nuevo-record-de-casos-de-coronavirus\/#breadcrumb","itemListElement":[{"@type":"ListItem","position":1,"name":"Portada","item":"https:\/\/www.revistarambla.com\/"},{"@type":"ListItem","position":2,"name":"Per\u00fa: nuevo r\u00e9cord de casos de coronavirus"}]},{"@type":"WebSite","@id":"https:\/\/www.revistarambla.com\/#website","url":"https:\/\/www.revistarambla.com\/","name":"Revista Rambla Barcelona","description":"Periodismo independiente","publisher":{"@id":"https:\/\/www.revistarambla.com\/#organization"},"potentialAction":[{"@type":"SearchAction","target":{"@type":"EntryPoint","urlTemplate":"https:\/\/www.revistarambla.com\/?s={search_term_string}"},"query-input":{"@type":"PropertyValueSpecification","valueRequired":true,"valueName":"search_term_string"}}],"inLanguage":"en-GB"},{"@type":"Organization","@id":"https:\/\/www.revistarambla.com\/#organization","name":"Revista Rambla","url":"https:\/\/www.revistarambla.com\/","logo":{"@type":"ImageObject","inLanguage":"en-GB","@id":"https:\/\/www.revistarambla.com\/#\/schema\/logo\/image\/","url":"https:\/\/www.revistarambla.com\/wp-content\/uploads\/2020\/09\/banner_rambla_1900x600_BB.png","contentUrl":"https:\/\/www.revistarambla.com\/wp-content\/uploads\/2020\/09\/banner_rambla_1900x600_BB.png","width":1900,"height":600,"caption":"Revista Rambla"},"image":{"@id":"https:\/\/www.revistarambla.com\/#\/schema\/logo\/image\/"},"sameAs":["https:\/\/www.facebook.com\/revistarambla\/","https:\/\/x.com\/revistarambla","https:\/\/www.instagram.com\/revista_rambla","https:\/\/es.linkedin.com\/company\/revista-rambla"]},{"@type":"Person","@id":"https:\/\/www.revistarambla.com\/#\/schema\/person\/9b4378c82c48caa37acecffb9450e934","name":"Ra\u00fal Alfonso Allain Vega","description":"Escritor, poeta, editor y soci\u00f3logo. Presidente del Instituto Peruano de la Juventud (IPJ) y director de Editorial R\u00edo Negro.","sameAs":["https:\/\/en.m.wikipedia.org\/wiki\/Ra%C3%BAl_Allain","https:\/\/www.facebook.com\/raul.allainvega","https:\/\/x.com\/RaulAllain"]}]}},"_links":{"self":[{"href":"https:\/\/www.revistarambla.com\/en\/wp-json\/wp\/v2\/posts\/29035","targetHints":{"allow":["GET"]}}],"collection":[{"href":"https:\/\/www.revistarambla.com\/en\/wp-json\/wp\/v2\/posts"}],"about":[{"href":"https:\/\/www.revistarambla.com\/en\/wp-json\/wp\/v2\/types\/post"}],"author":[{"embeddable":true,"href":"https:\/\/www.revistarambla.com\/en\/wp-json\/wp\/v2\/users\/18"}],"replies":[{"embeddable":true,"href":"https:\/\/www.revistarambla.com\/en\/wp-json\/wp\/v2\/comments?post=29035"}],"version-history":[{"count":0,"href":"https:\/\/www.revistarambla.com\/en\/wp-json\/wp\/v2\/posts\/29035\/revisions"}],"wp:featuredmedia":[{"embeddable":true,"href":"https:\/\/www.revistarambla.com\/en\/wp-json\/wp\/v2\/media\/29036"}],"wp:attachment":[{"href":"https:\/\/www.revistarambla.com\/en\/wp-json\/wp\/v2\/media?parent=29035"}],"wp:term":[{"taxonomy":"category","embeddable":true,"href":"https:\/\/www.revistarambla.com\/en\/wp-json\/wp\/v2\/categories?post=29035"},{"taxonomy":"post_tag","embeddable":true,"href":"https:\/\/www.revistarambla.com\/en\/wp-json\/wp\/v2\/tags?post=29035"}],"curies":[{"name":"wp","href":"https:\/\/api.w.org\/{rel}","templated":true}]}}