{"id":2900,"date":"2013-02-26T14:24:06","date_gmt":"2013-02-26T14:24:06","guid":{"rendered":"https:\/\/www.revistarambla.com\/la-funcion-publica-catalana-en-peligro-de-extincion\/"},"modified":"2021-06-28T13:45:08","modified_gmt":"2021-06-28T11:45:08","slug":"la-funcion-publica-catalana-en-peligro-de-extincion","status":"publish","type":"post","link":"https:\/\/www.revistarambla.com\/en\/la-funcion-publica-catalana-en-peligro-de-extincion\/","title":{"rendered":"La funci\u00f3n p\u00fablica catalana en peligro de extinci\u00f3n"},"content":{"rendered":"<p>Con puntualidad cada d\u00eda m\u00e1s revolucionaria, los sindicatos de la funci\u00f3n p\u00fablica de Catalunya, CCOO, UGT y USTEC-SETs se han presentado esta ma\u00f1ana en la Pla\u00e7a Sant Jaume para protestar ante las \u00faltimas medidas tomadas por el Govern de la Generalitat de Catalunya, despu\u00e9s de que ayer se celebrara el 3r encuentro de la Mesa de la Funci\u00f3n P\u00fablica catalana.<\/p>\n<p>El Govern catal\u00e1n ha puesto sobre la mesa la supuesta necesidad imperiosa de recortar salarios y puestos de trabajo. Los sindicatos, por su parte, proponen el aumento del gasto p\u00fablico para impedir los recortes y una mayor predisposici\u00f3n de negociaci\u00f3n por parte del Govern, que se niega a negociar con los sindicatos los presupuestos generales de 2013.<\/p>\n<p><img decoding=\"async\" class=\"aligncenter\" src=\"https:\/\/www.revistarambla.com\/wp-content\/uploads\/2013\/02\/retallades_02.jpg\" alt=\"alt\" width=\"700\" height=\"333\" \/><\/p>\n<p>La Secretaria de Acci\u00f3n Sindical de la Federaci\u00f3n de Sanidad de CCOO, Rosalia Port Gimeno, ha recalcado ante los medios de comunicaci\u00f3n que todas las medidas propuestas por la Generalitat en los presupuestos de 2013 \u201csolo proponen recortes y m\u00e1s recortes\u201d.<\/p>\n<p>La rebaja presupuestaria en la funci\u00f3n p\u00fablica afectar\u00e1 al conjunto de la clase trabajadora de m\u00faltiples maneras. De entrada como ya ha quedado establecido, habr\u00e1 una reducci\u00f3n salarial concretada en la p\u00e9rdida de una paga para todos los funcionarios e interinos y una reducci\u00f3n de m\u00e1s de 3000 puestos de trabajo, as\u00ed como el ahorro de diez mil puestos de trabajo en sustituciones. Pero la reducci\u00f3n del gasto y de la mano de obra comportar\u00e1 un aumento de la carga de trabajo y el deterioro de la calidad de los servicios p\u00fablicos en t\u00e9rminos generales con una dura repercusi\u00f3n para todos los usuarios.<\/p>\n<p><img decoding=\"async\" class=\"aligncenter\" src=\"https:\/\/www.revistarambla.com\/wp-content\/uploads\/2013\/02\/retallades_03.jpg\" alt=\"alt\" width=\"700\" height=\"518\" \/><\/p>\n<p>En el caso del servicio p\u00fablico de Ensenyament, el Departament no sustituye las bajas hasta los diez d\u00edas y esto est\u00e1 provocando que se dejen de impartir algunas materias. El profesorado tambi\u00e9n est\u00e1 detectando el incremento de situaciones de absentismo laboral y desnutrici\u00f3n. \u201cMucha gente no puede ni piedir las becas de comedor porque no le sirven ya que solo costean la mitad de los gastos. Estamos viendo como muchos ni\u00f1os van a comer a casa pero por las tardes ya no vuelven\u201d, ha declarado Helena Cornelio, delegada sindical de USTEC-STEs.<\/p>\n<p>En los pr\u00f3ximos d\u00edas van continuar las movilizaciones sectoriales, pero se espera una primavera caliente con protestas m\u00e1s generalizadas.<\/p>","protected":false},"excerpt":{"rendered":"<p>Con puntualidad cada d\u00eda m\u00e1s revolucionaria, los sindicatos de la funci\u00f3n p\u00fablica de Catalunya, CCOO, UGT y USTEC-SETs se han presentado esta ma\u00f1ana en la Pla\u00e7a Sant Jaume para protestar ante las \u00faltimas medidas tomadas por el Govern de la Generalitat de Catalunya, despu\u00e9s de que ayer se celebrara el [&hellip;]<\/p>\n","protected":false},"author":1,"featured_media":0,"comment_status":"open","ping_status":"open","sticky":false,"template":"","format":"standard","meta":{"footnotes":""},"categories":[3,76],"tags":[],"class_list":["post-2900","post","type-post","status-publish","format-standard","hentry","category-actualidad","category-barcelona"],"yoast_head":"<!-- This site is optimized with the Yoast SEO plugin v27.5 - https:\/\/yoast.com\/product\/yoast-seo-wordpress\/ -->\n<title>La funci\u00f3n p\u00fablica catalana en peligro de extinci\u00f3n - Revista Rambla<\/title>\n<meta name=\"robots\" content=\"index, follow, max-snippet:-1, max-image-preview:large, max-video-preview:-1\" \/>\n<link rel=\"canonical\" href=\"https:\/\/www.revistarambla.com\/en\/la-funcion-publica-catalana-en-peligro-de-extincion\/\" \/>\n<meta property=\"og:locale\" content=\"en_GB\" \/>\n<meta property=\"og:type\" content=\"article\" \/>\n<meta property=\"og:title\" content=\"La funci\u00f3n p\u00fablica catalana en peligro de extinci\u00f3n - Revista Rambla\" \/>\n<meta property=\"og:description\" content=\"Con puntualidad cada d\u00eda m\u00e1s revolucionaria, los sindicatos de la funci\u00f3n p\u00fablica de Catalunya, CCOO, UGT y USTEC-SETs se han presentado esta ma\u00f1ana en la Pla\u00e7a Sant Jaume para protestar ante las \u00faltimas medidas tomadas por el Govern de la Generalitat de Catalunya, despu\u00e9s de que ayer se celebrara el [&hellip;]\" \/>\n<meta property=\"og:url\" content=\"https:\/\/www.revistarambla.com\/en\/la-funcion-publica-catalana-en-peligro-de-extincion\/\" \/>\n<meta property=\"og:site_name\" content=\"Revista Rambla\" \/>\n<meta property=\"article:publisher\" content=\"https:\/\/www.facebook.com\/revistarambla\/\" \/>\n<meta property=\"article:published_time\" content=\"2013-02-26T14:24:06+00:00\" \/>\n<meta property=\"article:modified_time\" content=\"2021-06-28T11:45:08+00:00\" \/>\n<meta property=\"og:image\" content=\"https:\/\/i0.wp.com\/www.revistarambla.com\/wp-content\/uploads\/2013\/02\/retallades_00.jpg?fit=682%2C400&ssl=1\" \/>\n\t<meta property=\"og:image:width\" content=\"682\" \/>\n\t<meta property=\"og:image:height\" content=\"400\" \/>\n\t<meta property=\"og:image:type\" content=\"image\/jpeg\" \/>\n<meta name=\"author\" content=\"Ferran Peris\" \/>\n<meta name=\"twitter:card\" content=\"summary_large_image\" \/>\n<meta name=\"twitter:creator\" content=\"@revistarambla\" \/>\n<meta name=\"twitter:site\" content=\"@revistarambla\" \/>\n<meta name=\"twitter:label1\" content=\"Written by\" \/>\n\t<meta name=\"twitter:data1\" content=\"Ferran Peris\" \/>\n\t<meta name=\"twitter:label2\" content=\"Estimated reading time\" \/>\n\t<meta name=\"twitter:data2\" content=\"3 minutes\" \/>\n<script type=\"application\/ld+json\" class=\"yoast-schema-graph\">{\"@context\":\"https:\\\/\\\/schema.org\",\"@graph\":[{\"@type\":\"Article\",\"@id\":\"https:\\\/\\\/www.revistarambla.com\\\/la-funcion-publica-catalana-en-peligro-de-extincion\\\/#article\",\"isPartOf\":{\"@id\":\"https:\\\/\\\/www.revistarambla.com\\\/la-funcion-publica-catalana-en-peligro-de-extincion\\\/\"},\"author\":{\"name\":\"Ferran Peris\",\"@id\":\"https:\\\/\\\/www.revistarambla.com\\\/#\\\/schema\\\/person\\\/4a5652fc8c82df1f8593002d038cd79e\"},\"headline\":\"La funci\u00f3n p\u00fablica catalana en peligro de extinci\u00f3n\",\"datePublished\":\"2013-02-26T14:24:06+00:00\",\"dateModified\":\"2021-06-28T11:45:08+00:00\",\"mainEntityOfPage\":{\"@id\":\"https:\\\/\\\/www.revistarambla.com\\\/la-funcion-publica-catalana-en-peligro-de-extincion\\\/\"},\"wordCount\":415,\"commentCount\":0,\"publisher\":{\"@id\":\"https:\\\/\\\/www.revistarambla.com\\\/#organization\"},\"image\":{\"@id\":\"https:\\\/\\\/www.revistarambla.com\\\/la-funcion-publica-catalana-en-peligro-de-extincion\\\/#primaryimage\"},\"thumbnailUrl\":\"https:\\\/\\\/www.revistarambla.com\\\/wp-content\\\/uploads\\\/2013\\\/02\\\/retallades_02.jpg\",\"articleSection\":[\"Actualidad\",\"Barcelona\"],\"inLanguage\":\"en-GB\",\"potentialAction\":[{\"@type\":\"CommentAction\",\"name\":\"Comment\",\"target\":[\"https:\\\/\\\/www.revistarambla.com\\\/la-funcion-publica-catalana-en-peligro-de-extincion\\\/#respond\"]}]},{\"@type\":\"WebPage\",\"@id\":\"https:\\\/\\\/www.revistarambla.com\\\/la-funcion-publica-catalana-en-peligro-de-extincion\\\/\",\"url\":\"https:\\\/\\\/www.revistarambla.com\\\/la-funcion-publica-catalana-en-peligro-de-extincion\\\/\",\"name\":\"La funci\u00f3n p\u00fablica catalana en peligro de extinci\u00f3n - Revista Rambla\",\"isPartOf\":{\"@id\":\"https:\\\/\\\/www.revistarambla.com\\\/#website\"},\"primaryImageOfPage\":{\"@id\":\"https:\\\/\\\/www.revistarambla.com\\\/la-funcion-publica-catalana-en-peligro-de-extincion\\\/#primaryimage\"},\"image\":{\"@id\":\"https:\\\/\\\/www.revistarambla.com\\\/la-funcion-publica-catalana-en-peligro-de-extincion\\\/#primaryimage\"},\"thumbnailUrl\":\"https:\\\/\\\/www.revistarambla.com\\\/wp-content\\\/uploads\\\/2013\\\/02\\\/retallades_02.jpg\",\"datePublished\":\"2013-02-26T14:24:06+00:00\",\"dateModified\":\"2021-06-28T11:45:08+00:00\",\"breadcrumb\":{\"@id\":\"https:\\\/\\\/www.revistarambla.com\\\/la-funcion-publica-catalana-en-peligro-de-extincion\\\/#breadcrumb\"},\"inLanguage\":\"en-GB\",\"potentialAction\":[{\"@type\":\"ReadAction\",\"target\":[\"https:\\\/\\\/www.revistarambla.com\\\/la-funcion-publica-catalana-en-peligro-de-extincion\\\/\"]}]},{\"@type\":\"ImageObject\",\"inLanguage\":\"en-GB\",\"@id\":\"https:\\\/\\\/www.revistarambla.com\\\/la-funcion-publica-catalana-en-peligro-de-extincion\\\/#primaryimage\",\"url\":\"https:\\\/\\\/www.revistarambla.com\\\/wp-content\\\/uploads\\\/2013\\\/02\\\/retallades_02.jpg\",\"contentUrl\":\"https:\\\/\\\/www.revistarambla.com\\\/wp-content\\\/uploads\\\/2013\\\/02\\\/retallades_02.jpg\"},{\"@type\":\"BreadcrumbList\",\"@id\":\"https:\\\/\\\/www.revistarambla.com\\\/la-funcion-publica-catalana-en-peligro-de-extincion\\\/#breadcrumb\",\"itemListElement\":[{\"@type\":\"ListItem\",\"position\":1,\"name\":\"Portada\",\"item\":\"https:\\\/\\\/www.revistarambla.com\\\/\"},{\"@type\":\"ListItem\",\"position\":2,\"name\":\"La funci\u00f3n p\u00fablica catalana en peligro de extinci\u00f3n\"}]},{\"@type\":\"WebSite\",\"@id\":\"https:\\\/\\\/www.revistarambla.com\\\/#website\",\"url\":\"https:\\\/\\\/www.revistarambla.com\\\/\",\"name\":\"Revista Rambla Barcelona\",\"description\":\"Periodismo independiente\",\"publisher\":{\"@id\":\"https:\\\/\\\/www.revistarambla.com\\\/#organization\"},\"potentialAction\":[{\"@type\":\"SearchAction\",\"target\":{\"@type\":\"EntryPoint\",\"urlTemplate\":\"https:\\\/\\\/www.revistarambla.com\\\/?s={search_term_string}\"},\"query-input\":{\"@type\":\"PropertyValueSpecification\",\"valueRequired\":true,\"valueName\":\"search_term_string\"}}],\"inLanguage\":\"en-GB\"},{\"@type\":\"Organization\",\"@id\":\"https:\\\/\\\/www.revistarambla.com\\\/#organization\",\"name\":\"Revista Rambla\",\"url\":\"https:\\\/\\\/www.revistarambla.com\\\/\",\"logo\":{\"@type\":\"ImageObject\",\"inLanguage\":\"en-GB\",\"@id\":\"https:\\\/\\\/www.revistarambla.com\\\/#\\\/schema\\\/logo\\\/image\\\/\",\"url\":\"https:\\\/\\\/www.revistarambla.com\\\/wp-content\\\/uploads\\\/2020\\\/09\\\/banner_rambla_1900x600_BB.png\",\"contentUrl\":\"https:\\\/\\\/www.revistarambla.com\\\/wp-content\\\/uploads\\\/2020\\\/09\\\/banner_rambla_1900x600_BB.png\",\"width\":1900,\"height\":600,\"caption\":\"Revista Rambla\"},\"image\":{\"@id\":\"https:\\\/\\\/www.revistarambla.com\\\/#\\\/schema\\\/logo\\\/image\\\/\"},\"sameAs\":[\"https:\\\/\\\/www.facebook.com\\\/revistarambla\\\/\",\"https:\\\/\\\/x.com\\\/revistarambla\",\"https:\\\/\\\/www.instagram.com\\\/revista_rambla\",\"https:\\\/\\\/es.linkedin.com\\\/company\\\/revista-rambla\"]},{\"@type\":\"Person\",\"@id\":\"https:\\\/\\\/www.revistarambla.com\\\/#\\\/schema\\\/person\\\/4a5652fc8c82df1f8593002d038cd79e\",\"name\":\"Ferran Peris\"}]}<\/script>\n<!-- \/ Yoast SEO plugin. -->","yoast_head_json":{"title":"La funci\u00f3n p\u00fablica catalana en peligro de extinci\u00f3n - Revista Rambla","robots":{"index":"index","follow":"follow","max-snippet":"max-snippet:-1","max-image-preview":"max-image-preview:large","max-video-preview":"max-video-preview:-1"},"canonical":"https:\/\/www.revistarambla.com\/en\/la-funcion-publica-catalana-en-peligro-de-extincion\/","og_locale":"en_GB","og_type":"article","og_title":"La funci\u00f3n p\u00fablica catalana en peligro de extinci\u00f3n - Revista Rambla","og_description":"Con puntualidad cada d\u00eda m\u00e1s revolucionaria, los sindicatos de la funci\u00f3n p\u00fablica de Catalunya, CCOO, UGT y USTEC-SETs se han presentado esta ma\u00f1ana en la Pla\u00e7a Sant Jaume para protestar ante las \u00faltimas medidas tomadas por el Govern de la Generalitat de Catalunya, despu\u00e9s de que ayer se celebrara el [&hellip;]","og_url":"https:\/\/www.revistarambla.com\/en\/la-funcion-publica-catalana-en-peligro-de-extincion\/","og_site_name":"Revista Rambla","article_publisher":"https:\/\/www.facebook.com\/revistarambla\/","article_published_time":"2013-02-26T14:24:06+00:00","article_modified_time":"2021-06-28T11:45:08+00:00","og_image":[{"width":682,"height":400,"url":"https:\/\/i0.wp.com\/www.revistarambla.com\/wp-content\/uploads\/2013\/02\/retallades_00.jpg?fit=682%2C400&ssl=1","type":"image\/jpeg"}],"author":"Ferran Peris","twitter_card":"summary_large_image","twitter_creator":"@revistarambla","twitter_site":"@revistarambla","twitter_misc":{"Written by":"Ferran Peris","Estimated reading time":"3 minutes"},"schema":{"@context":"https:\/\/schema.org","@graph":[{"@type":"Article","@id":"https:\/\/www.revistarambla.com\/la-funcion-publica-catalana-en-peligro-de-extincion\/#article","isPartOf":{"@id":"https:\/\/www.revistarambla.com\/la-funcion-publica-catalana-en-peligro-de-extincion\/"},"author":{"name":"Ferran Peris","@id":"https:\/\/www.revistarambla.com\/#\/schema\/person\/4a5652fc8c82df1f8593002d038cd79e"},"headline":"La funci\u00f3n p\u00fablica catalana en peligro de extinci\u00f3n","datePublished":"2013-02-26T14:24:06+00:00","dateModified":"2021-06-28T11:45:08+00:00","mainEntityOfPage":{"@id":"https:\/\/www.revistarambla.com\/la-funcion-publica-catalana-en-peligro-de-extincion\/"},"wordCount":415,"commentCount":0,"publisher":{"@id":"https:\/\/www.revistarambla.com\/#organization"},"image":{"@id":"https:\/\/www.revistarambla.com\/la-funcion-publica-catalana-en-peligro-de-extincion\/#primaryimage"},"thumbnailUrl":"https:\/\/www.revistarambla.com\/wp-content\/uploads\/2013\/02\/retallades_02.jpg","articleSection":["Actualidad","Barcelona"],"inLanguage":"en-GB","potentialAction":[{"@type":"CommentAction","name":"Comment","target":["https:\/\/www.revistarambla.com\/la-funcion-publica-catalana-en-peligro-de-extincion\/#respond"]}]},{"@type":"WebPage","@id":"https:\/\/www.revistarambla.com\/la-funcion-publica-catalana-en-peligro-de-extincion\/","url":"https:\/\/www.revistarambla.com\/la-funcion-publica-catalana-en-peligro-de-extincion\/","name":"La funci\u00f3n p\u00fablica catalana en peligro de extinci\u00f3n - Revista Rambla","isPartOf":{"@id":"https:\/\/www.revistarambla.com\/#website"},"primaryImageOfPage":{"@id":"https:\/\/www.revistarambla.com\/la-funcion-publica-catalana-en-peligro-de-extincion\/#primaryimage"},"image":{"@id":"https:\/\/www.revistarambla.com\/la-funcion-publica-catalana-en-peligro-de-extincion\/#primaryimage"},"thumbnailUrl":"https:\/\/www.revistarambla.com\/wp-content\/uploads\/2013\/02\/retallades_02.jpg","datePublished":"2013-02-26T14:24:06+00:00","dateModified":"2021-06-28T11:45:08+00:00","breadcrumb":{"@id":"https:\/\/www.revistarambla.com\/la-funcion-publica-catalana-en-peligro-de-extincion\/#breadcrumb"},"inLanguage":"en-GB","potentialAction":[{"@type":"ReadAction","target":["https:\/\/www.revistarambla.com\/la-funcion-publica-catalana-en-peligro-de-extincion\/"]}]},{"@type":"ImageObject","inLanguage":"en-GB","@id":"https:\/\/www.revistarambla.com\/la-funcion-publica-catalana-en-peligro-de-extincion\/#primaryimage","url":"https:\/\/www.revistarambla.com\/wp-content\/uploads\/2013\/02\/retallades_02.jpg","contentUrl":"https:\/\/www.revistarambla.com\/wp-content\/uploads\/2013\/02\/retallades_02.jpg"},{"@type":"BreadcrumbList","@id":"https:\/\/www.revistarambla.com\/la-funcion-publica-catalana-en-peligro-de-extincion\/#breadcrumb","itemListElement":[{"@type":"ListItem","position":1,"name":"Portada","item":"https:\/\/www.revistarambla.com\/"},{"@type":"ListItem","position":2,"name":"La funci\u00f3n p\u00fablica catalana en peligro de extinci\u00f3n"}]},{"@type":"WebSite","@id":"https:\/\/www.revistarambla.com\/#website","url":"https:\/\/www.revistarambla.com\/","name":"Revista Rambla Barcelona","description":"Periodismo independiente","publisher":{"@id":"https:\/\/www.revistarambla.com\/#organization"},"potentialAction":[{"@type":"SearchAction","target":{"@type":"EntryPoint","urlTemplate":"https:\/\/www.revistarambla.com\/?s={search_term_string}"},"query-input":{"@type":"PropertyValueSpecification","valueRequired":true,"valueName":"search_term_string"}}],"inLanguage":"en-GB"},{"@type":"Organization","@id":"https:\/\/www.revistarambla.com\/#organization","name":"Revista Rambla","url":"https:\/\/www.revistarambla.com\/","logo":{"@type":"ImageObject","inLanguage":"en-GB","@id":"https:\/\/www.revistarambla.com\/#\/schema\/logo\/image\/","url":"https:\/\/www.revistarambla.com\/wp-content\/uploads\/2020\/09\/banner_rambla_1900x600_BB.png","contentUrl":"https:\/\/www.revistarambla.com\/wp-content\/uploads\/2020\/09\/banner_rambla_1900x600_BB.png","width":1900,"height":600,"caption":"Revista Rambla"},"image":{"@id":"https:\/\/www.revistarambla.com\/#\/schema\/logo\/image\/"},"sameAs":["https:\/\/www.facebook.com\/revistarambla\/","https:\/\/x.com\/revistarambla","https:\/\/www.instagram.com\/revista_rambla","https:\/\/es.linkedin.com\/company\/revista-rambla"]},{"@type":"Person","@id":"https:\/\/www.revistarambla.com\/#\/schema\/person\/4a5652fc8c82df1f8593002d038cd79e","name":"Ferran Peris"}]}},"_links":{"self":[{"href":"https:\/\/www.revistarambla.com\/en\/wp-json\/wp\/v2\/posts\/2900","targetHints":{"allow":["GET"]}}],"collection":[{"href":"https:\/\/www.revistarambla.com\/en\/wp-json\/wp\/v2\/posts"}],"about":[{"href":"https:\/\/www.revistarambla.com\/en\/wp-json\/wp\/v2\/types\/post"}],"author":[{"embeddable":true,"href":"https:\/\/www.revistarambla.com\/en\/wp-json\/wp\/v2\/users\/1"}],"replies":[{"embeddable":true,"href":"https:\/\/www.revistarambla.com\/en\/wp-json\/wp\/v2\/comments?post=2900"}],"version-history":[{"count":0,"href":"https:\/\/www.revistarambla.com\/en\/wp-json\/wp\/v2\/posts\/2900\/revisions"}],"wp:attachment":[{"href":"https:\/\/www.revistarambla.com\/en\/wp-json\/wp\/v2\/media?parent=2900"}],"wp:term":[{"taxonomy":"category","embeddable":true,"href":"https:\/\/www.revistarambla.com\/en\/wp-json\/wp\/v2\/categories?post=2900"},{"taxonomy":"post_tag","embeddable":true,"href":"https:\/\/www.revistarambla.com\/en\/wp-json\/wp\/v2\/tags?post=2900"}],"curies":[{"name":"wp","href":"https:\/\/api.w.org\/{rel}","templated":true}]}}