{"id":28882,"date":"2021-03-23T21:16:42","date_gmt":"2021-03-23T20:16:42","guid":{"rendered":"https:\/\/www.revistarambla.com\/?p=28882"},"modified":"2021-12-07T20:39:14","modified_gmt":"2021-12-07T19:39:14","slug":"normal-el-nuevo-local-de-los-roca","status":"publish","type":"post","link":"https:\/\/www.revistarambla.com\/en\/normal-el-nuevo-local-de-los-roca\/","title":{"rendered":"Normal, el nuevo local de los Roca"},"content":{"rendered":"<p>Los hermanos Roca han aprovechado estos \u00faltimos meses para dar forma a sus nuevos proyectos. Entre ellos, ha trascendido, a trav\u00e9s de sus redes sociales, la inauguraci\u00f3n de un nuevo local, bautizado como Normal, en Girona. \u201cSer\u00e1 un restaurante normal, en una esquina normal de una ciudad normal\u201d, define la familia.<\/p>\n<p>Al Celler de Can Roca, Mas Marroch, Rocambolesc y Casa Cacao se a\u00f1ade un hermano m\u00e1s a la familia de locales con el sello Roca: Normal, en Girona. Los hermanos Roca se har\u00e1n cargo de un local en la c\u00e9ntrica plaza de l\u2019Oli gerundense, un espacio que ya hab\u00eda alojado un restaurante anteriormente, el Llevataps.<\/p>\n<p><img decoding=\"async\" class=\"aligncenter wp-image-28885 size-full\" src=\"https:\/\/www.revistarambla.com\/wp-content\/uploads\/2021\/03\/roca.png\" alt=\"\" width=\"840\" height=\"747\" srcset=\"https:\/\/www.revistarambla.com\/wp-content\/uploads\/2021\/03\/roca.png 840w, https:\/\/www.revistarambla.com\/wp-content\/uploads\/2021\/03\/roca-300x267.png 300w, https:\/\/www.revistarambla.com\/wp-content\/uploads\/2021\/03\/roca-768x683.png 768w\" sizes=\"(max-width: 840px) 100vw, 840px\" \/><\/p>\n<p>El proyecto se gest\u00f3 antes de la pandemia tal y como nos indica Josep Roca \u201cHace tiempo que busc\u00e1bamos una ubicaci\u00f3n para instalarnos en el Barri Vell. Somos de Girona y quer\u00edamos llevar al centro una parte de nuestro trabajo. Ser\u00e1 un restaurante para la gente de Girona y para quien quiera disfrutar de una propuesta de cocina m\u00e1s accesible que la del Celler. Es un lugar precioso del Barri Vell, en una esquina de la Pla\u00e7a de l\u2019Oli -donde antes estaba el Llevataps- y que es muy bonita\u201d. Y a\u00f1ade \u201cla oportunidad vino a nosotros, como cuando nuestro padre pasaba un d\u00eda por delante del bar donde actualmente est\u00e1 Can Roca y pens\u00f3 que ser\u00eda bueno montar un restaurante. Supongo que debemos llevar esta actitud atrevida en la sangre, siempre hemos tenido m\u00e1s coraz\u00f3n que cabeza. La proximidad con el Hotel Casa Cacao y con el bistrot de vinos Pla\u00e7a del Vi 7 (con Roger Vius\u00e0 y Carles Orta) tambi\u00e9n ha jugado a favor para completar la oferta gastron\u00f3mica que queremos ofrecer a Girona\u201d.<\/p>\n<p>\u00bfY c\u00f3mo ser\u00e1 la propuesta?, preguntamos. \u201cLos precios oscilar\u00e1n entre 50 y 70 euros per persona, y la propuesta gastron\u00f3mica que estamos dibujando con el equipo de El Celler quiere ser una cocina m\u00e1s artesana que de orfebrer\u00eda, espont\u00e1nea, de mercado, suculenta, sabrosa, de temporada\u2026\u201d<\/p>\n<p>En cuanto al nombre, Normal, los hermanos apuntan que se debe a las ganas de normalidad, de restablecer el contexto en el que todos los que aman esta profesi\u00f3n y la viven puedan sentirse satisfechos haciendo lo que m\u00e1s les gusta hacer \u201cservir y cuidar. \u201cEs lo m\u00e1s normal del mundo, \u00bfno?\u201d. Queremos reivindicar la normalidad como lo hizo la corriente francesa de la m\u00fasica e incluso la escuela normal que ya existe en Francia, entender que una cosa normal puede ser, incluso extraordinaria\u201d, se\u00f1alan.<\/p>\n<p>Aunque no hay fecha definitiva, la idea es abrir en dos o tres meses o \u201ctan pronto como podamos y nos permitan los protocolos y medidas de la pandemia. Ser\u00eda fant\u00e1stico que fuera en primavera\u201d, destacan. En cuanto al local, como dec\u00edamos donde estaba el restaurante Llevataps, se\u00f1alan que est\u00e1 en buenas condiciones y que no habr\u00e1 que realizar grandes obras. \u201cSe har\u00e1 un proyecto de interiorismo a cargo de nuestro colaborador, el dise\u00f1ador industrial Andreu Carulla. Estamos haciendo pocos cambios, ninguno estructural. El local tiene muy buenas prestaciones, una cocina bien equipada y solo lo justo para hacerlo m\u00e1s nuestro. Algunos detalles dentro y arreglar la estructura externa. Lo que s\u00ed que mantendremos son los trabajadores del antiguo restaurante, que estar\u00e1n capitaneados en sala y cocina por dos miembros de El Celler de Can Roca, la jefa de cocina Eli Nolla y nuestro sumiller Quim Cufr\u00e9. Confiamos en todos ellos y sabemos que har\u00e1n un gran equipo. Estamos muy ilusionados\u201d, explican Josep Roca. El aforo se prev\u00e9 que sea de 45 personas.<\/p>\n<p>Al margen de este nuevo proyecto, se habla de que los Roca han adquirido un local conjunto a Casa Cacao. \u00bfServir\u00e1 para realizar una ampliaci\u00f3n? \u201cEstamos muy pendientes de la cambiante situaci\u00f3n que dibuja la pandemia, incierta en el calendario, y sobre todo de los protocolos y medidas de seguridad que est\u00e1n regulando en Catalunya la actividad de todo el sector. Todo ello ser\u00e1 determinante para la propuesta en este local que ser\u00e1 una extensi\u00f3n de Casa Cacao. De momento el local ha servido como espacio para la tienda online de Casa Cacao, y tambi\u00e9n como comedor del personal de Casa Cacao. En los pr\u00f3ximos meses decidiremos sobre ello, ahora, toca esperar a ver como evoluciona la pandemia\u201d, afirman.<\/p>\n<p>Con todas estas novedades entre manos, la familia confiesa, \u201ctenemos ganas de ver la luz al final de la restricci\u00f3n, y somos atrevidos, valientes, inocentes, al igual que cuando decidimos abrir un gastron\u00f3mico en un barrio obrero de las afueras de Girona, que es hoy El Celler de Can Roca. La experiencia nos ha ense\u00f1ado que so\u00f1ar es posible, y queremos con la misma actitud que entonces, dar vida al optimismo. Es el momento de dejar fluir proyectos. En las crisis siempre hay que buscar las oportunidades\u201d. Am\u00e9n.<\/p>\n<p>Nace as\u00ed una nueva oportunidad para disfrutar del genio gastron\u00f3mico de este triunvirato, pero tambi\u00e9n para los negocios -para qu\u00e9 negarlo-, de los de Girona.<\/p>","protected":false},"excerpt":{"rendered":"<p>Los hermanos Roca han aprovechado estos \u00faltimos meses para dar forma a sus nuevos proyectos. Entre ellos, ha trascendido, a trav\u00e9s de sus redes sociales, la inauguraci\u00f3n de un nuevo local, bautizado como Normal, en Girona. \u201cSer\u00e1 un restaurante normal, en una esquina normal de una ciudad normal\u201d, define la [&hellip;]<\/p>\n","protected":false},"author":28,"featured_media":28885,"comment_status":"open","ping_status":"open","sticky":false,"template":"","format":"standard","meta":{"footnotes":""},"categories":[67,6],"tags":[],"class_list":["post-28882","post","type-post","status-publish","format-standard","has-post-thumbnail","hentry","category-gastronomia","category-ocio"],"yoast_head":"<!-- This site is optimized with the Yoast SEO plugin v27.5 - https:\/\/yoast.com\/product\/yoast-seo-wordpress\/ -->\n<title>Normal, el nuevo local de los Roca - Revista Rambla<\/title>\n<meta name=\"robots\" content=\"index, follow, max-snippet:-1, max-image-preview:large, max-video-preview:-1\" \/>\n<link rel=\"canonical\" href=\"https:\/\/www.revistarambla.com\/en\/normal-el-nuevo-local-de-los-roca\/\" \/>\n<meta property=\"og:locale\" content=\"en_GB\" \/>\n<meta property=\"og:type\" content=\"article\" \/>\n<meta property=\"og:title\" content=\"Normal, el nuevo local de los Roca - Revista Rambla\" \/>\n<meta property=\"og:description\" content=\"Los hermanos Roca han aprovechado estos \u00faltimos meses para dar forma a sus nuevos proyectos. Entre ellos, ha trascendido, a trav\u00e9s de sus redes sociales, la inauguraci\u00f3n de un nuevo local, bautizado como Normal, en Girona. \u201cSer\u00e1 un restaurante normal, en una esquina normal de una ciudad normal\u201d, define la [&hellip;]\" \/>\n<meta property=\"og:url\" content=\"https:\/\/www.revistarambla.com\/en\/normal-el-nuevo-local-de-los-roca\/\" \/>\n<meta property=\"og:site_name\" content=\"Revista Rambla\" \/>\n<meta property=\"article:publisher\" content=\"https:\/\/www.facebook.com\/revistarambla\/\" \/>\n<meta property=\"article:author\" content=\"https:\/\/www.facebook.com\/7Canibales\" \/>\n<meta property=\"article:published_time\" content=\"2021-03-23T20:16:42+00:00\" \/>\n<meta property=\"article:modified_time\" content=\"2021-12-07T19:39:14+00:00\" \/>\n<meta property=\"og:image\" content=\"https:\/\/www.revistarambla.com\/wp-content\/uploads\/2021\/03\/roca.png\" \/>\n\t<meta property=\"og:image:width\" content=\"840\" \/>\n\t<meta property=\"og:image:height\" content=\"747\" \/>\n\t<meta property=\"og:image:type\" content=\"image\/png\" \/>\n<meta name=\"author\" content=\"7 Canibales\" \/>\n<meta name=\"twitter:card\" content=\"summary_large_image\" \/>\n<meta name=\"twitter:creator\" content=\"@7canibales\" \/>\n<meta name=\"twitter:site\" content=\"@revistarambla\" \/>\n<meta name=\"twitter:label1\" content=\"Written by\" \/>\n\t<meta name=\"twitter:data1\" content=\"7 Canibales\" \/>\n\t<meta name=\"twitter:label2\" content=\"Estimated reading time\" \/>\n\t<meta name=\"twitter:data2\" content=\"4 minutes\" \/>\n<script type=\"application\/ld+json\" class=\"yoast-schema-graph\">{\"@context\":\"https:\\\/\\\/schema.org\",\"@graph\":[{\"@type\":\"Article\",\"@id\":\"https:\\\/\\\/www.revistarambla.com\\\/normal-el-nuevo-local-de-los-roca\\\/#article\",\"isPartOf\":{\"@id\":\"https:\\\/\\\/www.revistarambla.com\\\/normal-el-nuevo-local-de-los-roca\\\/\"},\"author\":{\"name\":\"7 Canibales\",\"@id\":\"https:\\\/\\\/www.revistarambla.com\\\/#\\\/schema\\\/person\\\/71b69e46ec403b588426088315086187\"},\"headline\":\"Normal, el nuevo local de los Roca\",\"datePublished\":\"2021-03-23T20:16:42+00:00\",\"dateModified\":\"2021-12-07T19:39:14+00:00\",\"mainEntityOfPage\":{\"@id\":\"https:\\\/\\\/www.revistarambla.com\\\/normal-el-nuevo-local-de-los-roca\\\/\"},\"wordCount\":873,\"commentCount\":0,\"publisher\":{\"@id\":\"https:\\\/\\\/www.revistarambla.com\\\/#organization\"},\"image\":{\"@id\":\"https:\\\/\\\/www.revistarambla.com\\\/normal-el-nuevo-local-de-los-roca\\\/#primaryimage\"},\"thumbnailUrl\":\"https:\\\/\\\/www.revistarambla.com\\\/wp-content\\\/uploads\\\/2021\\\/03\\\/roca.png\",\"articleSection\":[\"Gastronom\u00eda\",\"Ocio\"],\"inLanguage\":\"en-GB\",\"potentialAction\":[{\"@type\":\"CommentAction\",\"name\":\"Comment\",\"target\":[\"https:\\\/\\\/www.revistarambla.com\\\/normal-el-nuevo-local-de-los-roca\\\/#respond\"]}]},{\"@type\":\"WebPage\",\"@id\":\"https:\\\/\\\/www.revistarambla.com\\\/normal-el-nuevo-local-de-los-roca\\\/\",\"url\":\"https:\\\/\\\/www.revistarambla.com\\\/normal-el-nuevo-local-de-los-roca\\\/\",\"name\":\"Normal, el nuevo local de los Roca - Revista Rambla\",\"isPartOf\":{\"@id\":\"https:\\\/\\\/www.revistarambla.com\\\/#website\"},\"primaryImageOfPage\":{\"@id\":\"https:\\\/\\\/www.revistarambla.com\\\/normal-el-nuevo-local-de-los-roca\\\/#primaryimage\"},\"image\":{\"@id\":\"https:\\\/\\\/www.revistarambla.com\\\/normal-el-nuevo-local-de-los-roca\\\/#primaryimage\"},\"thumbnailUrl\":\"https:\\\/\\\/www.revistarambla.com\\\/wp-content\\\/uploads\\\/2021\\\/03\\\/roca.png\",\"datePublished\":\"2021-03-23T20:16:42+00:00\",\"dateModified\":\"2021-12-07T19:39:14+00:00\",\"breadcrumb\":{\"@id\":\"https:\\\/\\\/www.revistarambla.com\\\/normal-el-nuevo-local-de-los-roca\\\/#breadcrumb\"},\"inLanguage\":\"en-GB\",\"potentialAction\":[{\"@type\":\"ReadAction\",\"target\":[\"https:\\\/\\\/www.revistarambla.com\\\/normal-el-nuevo-local-de-los-roca\\\/\"]}]},{\"@type\":\"ImageObject\",\"inLanguage\":\"en-GB\",\"@id\":\"https:\\\/\\\/www.revistarambla.com\\\/normal-el-nuevo-local-de-los-roca\\\/#primaryimage\",\"url\":\"https:\\\/\\\/www.revistarambla.com\\\/wp-content\\\/uploads\\\/2021\\\/03\\\/roca.png\",\"contentUrl\":\"https:\\\/\\\/www.revistarambla.com\\\/wp-content\\\/uploads\\\/2021\\\/03\\\/roca.png\",\"width\":840,\"height\":747},{\"@type\":\"BreadcrumbList\",\"@id\":\"https:\\\/\\\/www.revistarambla.com\\\/normal-el-nuevo-local-de-los-roca\\\/#breadcrumb\",\"itemListElement\":[{\"@type\":\"ListItem\",\"position\":1,\"name\":\"Portada\",\"item\":\"https:\\\/\\\/www.revistarambla.com\\\/\"},{\"@type\":\"ListItem\",\"position\":2,\"name\":\"Normal, el nuevo local de los Roca\"}]},{\"@type\":\"WebSite\",\"@id\":\"https:\\\/\\\/www.revistarambla.com\\\/#website\",\"url\":\"https:\\\/\\\/www.revistarambla.com\\\/\",\"name\":\"Revista Rambla Barcelona\",\"description\":\"Periodismo independiente\",\"publisher\":{\"@id\":\"https:\\\/\\\/www.revistarambla.com\\\/#organization\"},\"potentialAction\":[{\"@type\":\"SearchAction\",\"target\":{\"@type\":\"EntryPoint\",\"urlTemplate\":\"https:\\\/\\\/www.revistarambla.com\\\/?s={search_term_string}\"},\"query-input\":{\"@type\":\"PropertyValueSpecification\",\"valueRequired\":true,\"valueName\":\"search_term_string\"}}],\"inLanguage\":\"en-GB\"},{\"@type\":\"Organization\",\"@id\":\"https:\\\/\\\/www.revistarambla.com\\\/#organization\",\"name\":\"Revista Rambla\",\"url\":\"https:\\\/\\\/www.revistarambla.com\\\/\",\"logo\":{\"@type\":\"ImageObject\",\"inLanguage\":\"en-GB\",\"@id\":\"https:\\\/\\\/www.revistarambla.com\\\/#\\\/schema\\\/logo\\\/image\\\/\",\"url\":\"https:\\\/\\\/www.revistarambla.com\\\/wp-content\\\/uploads\\\/2020\\\/09\\\/banner_rambla_1900x600_BB.png\",\"contentUrl\":\"https:\\\/\\\/www.revistarambla.com\\\/wp-content\\\/uploads\\\/2020\\\/09\\\/banner_rambla_1900x600_BB.png\",\"width\":1900,\"height\":600,\"caption\":\"Revista Rambla\"},\"image\":{\"@id\":\"https:\\\/\\\/www.revistarambla.com\\\/#\\\/schema\\\/logo\\\/image\\\/\"},\"sameAs\":[\"https:\\\/\\\/www.facebook.com\\\/revistarambla\\\/\",\"https:\\\/\\\/x.com\\\/revistarambla\",\"https:\\\/\\\/www.instagram.com\\\/revista_rambla\",\"https:\\\/\\\/es.linkedin.com\\\/company\\\/revista-rambla\"]},{\"@type\":\"Person\",\"@id\":\"https:\\\/\\\/www.revistarambla.com\\\/#\\\/schema\\\/person\\\/71b69e46ec403b588426088315086187\",\"name\":\"7 Canibales\",\"description\":\"Revista gastron\u00f3mica digital.\",\"sameAs\":[\"https:\\\/\\\/www.7canibales.com\\\/\",\"https:\\\/\\\/www.facebook.com\\\/7Canibales\",\"https:\\\/\\\/www.instagram.com\\\/7canibales\\\/\",\"https:\\\/\\\/x.com\\\/7canibales\"]}]}<\/script>\n<!-- \/ Yoast SEO plugin. -->","yoast_head_json":{"title":"Normal, el nuevo local de los Roca - Revista Rambla","robots":{"index":"index","follow":"follow","max-snippet":"max-snippet:-1","max-image-preview":"max-image-preview:large","max-video-preview":"max-video-preview:-1"},"canonical":"https:\/\/www.revistarambla.com\/en\/normal-el-nuevo-local-de-los-roca\/","og_locale":"en_GB","og_type":"article","og_title":"Normal, el nuevo local de los Roca - Revista Rambla","og_description":"Los hermanos Roca han aprovechado estos \u00faltimos meses para dar forma a sus nuevos proyectos. Entre ellos, ha trascendido, a trav\u00e9s de sus redes sociales, la inauguraci\u00f3n de un nuevo local, bautizado como Normal, en Girona. \u201cSer\u00e1 un restaurante normal, en una esquina normal de una ciudad normal\u201d, define la [&hellip;]","og_url":"https:\/\/www.revistarambla.com\/en\/normal-el-nuevo-local-de-los-roca\/","og_site_name":"Revista Rambla","article_publisher":"https:\/\/www.facebook.com\/revistarambla\/","article_author":"https:\/\/www.facebook.com\/7Canibales","article_published_time":"2021-03-23T20:16:42+00:00","article_modified_time":"2021-12-07T19:39:14+00:00","og_image":[{"width":840,"height":747,"url":"https:\/\/www.revistarambla.com\/wp-content\/uploads\/2021\/03\/roca.png","type":"image\/png"}],"author":"7 Canibales","twitter_card":"summary_large_image","twitter_creator":"@7canibales","twitter_site":"@revistarambla","twitter_misc":{"Written by":"7 Canibales","Estimated reading time":"4 minutes"},"schema":{"@context":"https:\/\/schema.org","@graph":[{"@type":"Article","@id":"https:\/\/www.revistarambla.com\/normal-el-nuevo-local-de-los-roca\/#article","isPartOf":{"@id":"https:\/\/www.revistarambla.com\/normal-el-nuevo-local-de-los-roca\/"},"author":{"name":"7 Canibales","@id":"https:\/\/www.revistarambla.com\/#\/schema\/person\/71b69e46ec403b588426088315086187"},"headline":"Normal, el nuevo local de los Roca","datePublished":"2021-03-23T20:16:42+00:00","dateModified":"2021-12-07T19:39:14+00:00","mainEntityOfPage":{"@id":"https:\/\/www.revistarambla.com\/normal-el-nuevo-local-de-los-roca\/"},"wordCount":873,"commentCount":0,"publisher":{"@id":"https:\/\/www.revistarambla.com\/#organization"},"image":{"@id":"https:\/\/www.revistarambla.com\/normal-el-nuevo-local-de-los-roca\/#primaryimage"},"thumbnailUrl":"https:\/\/www.revistarambla.com\/wp-content\/uploads\/2021\/03\/roca.png","articleSection":["Gastronom\u00eda","Ocio"],"inLanguage":"en-GB","potentialAction":[{"@type":"CommentAction","name":"Comment","target":["https:\/\/www.revistarambla.com\/normal-el-nuevo-local-de-los-roca\/#respond"]}]},{"@type":"WebPage","@id":"https:\/\/www.revistarambla.com\/normal-el-nuevo-local-de-los-roca\/","url":"https:\/\/www.revistarambla.com\/normal-el-nuevo-local-de-los-roca\/","name":"Normal, el nuevo local de los Roca - Revista Rambla","isPartOf":{"@id":"https:\/\/www.revistarambla.com\/#website"},"primaryImageOfPage":{"@id":"https:\/\/www.revistarambla.com\/normal-el-nuevo-local-de-los-roca\/#primaryimage"},"image":{"@id":"https:\/\/www.revistarambla.com\/normal-el-nuevo-local-de-los-roca\/#primaryimage"},"thumbnailUrl":"https:\/\/www.revistarambla.com\/wp-content\/uploads\/2021\/03\/roca.png","datePublished":"2021-03-23T20:16:42+00:00","dateModified":"2021-12-07T19:39:14+00:00","breadcrumb":{"@id":"https:\/\/www.revistarambla.com\/normal-el-nuevo-local-de-los-roca\/#breadcrumb"},"inLanguage":"en-GB","potentialAction":[{"@type":"ReadAction","target":["https:\/\/www.revistarambla.com\/normal-el-nuevo-local-de-los-roca\/"]}]},{"@type":"ImageObject","inLanguage":"en-GB","@id":"https:\/\/www.revistarambla.com\/normal-el-nuevo-local-de-los-roca\/#primaryimage","url":"https:\/\/www.revistarambla.com\/wp-content\/uploads\/2021\/03\/roca.png","contentUrl":"https:\/\/www.revistarambla.com\/wp-content\/uploads\/2021\/03\/roca.png","width":840,"height":747},{"@type":"BreadcrumbList","@id":"https:\/\/www.revistarambla.com\/normal-el-nuevo-local-de-los-roca\/#breadcrumb","itemListElement":[{"@type":"ListItem","position":1,"name":"Portada","item":"https:\/\/www.revistarambla.com\/"},{"@type":"ListItem","position":2,"name":"Normal, el nuevo local de los Roca"}]},{"@type":"WebSite","@id":"https:\/\/www.revistarambla.com\/#website","url":"https:\/\/www.revistarambla.com\/","name":"Revista Rambla Barcelona","description":"Periodismo independiente","publisher":{"@id":"https:\/\/www.revistarambla.com\/#organization"},"potentialAction":[{"@type":"SearchAction","target":{"@type":"EntryPoint","urlTemplate":"https:\/\/www.revistarambla.com\/?s={search_term_string}"},"query-input":{"@type":"PropertyValueSpecification","valueRequired":true,"valueName":"search_term_string"}}],"inLanguage":"en-GB"},{"@type":"Organization","@id":"https:\/\/www.revistarambla.com\/#organization","name":"Revista Rambla","url":"https:\/\/www.revistarambla.com\/","logo":{"@type":"ImageObject","inLanguage":"en-GB","@id":"https:\/\/www.revistarambla.com\/#\/schema\/logo\/image\/","url":"https:\/\/www.revistarambla.com\/wp-content\/uploads\/2020\/09\/banner_rambla_1900x600_BB.png","contentUrl":"https:\/\/www.revistarambla.com\/wp-content\/uploads\/2020\/09\/banner_rambla_1900x600_BB.png","width":1900,"height":600,"caption":"Revista Rambla"},"image":{"@id":"https:\/\/www.revistarambla.com\/#\/schema\/logo\/image\/"},"sameAs":["https:\/\/www.facebook.com\/revistarambla\/","https:\/\/x.com\/revistarambla","https:\/\/www.instagram.com\/revista_rambla","https:\/\/es.linkedin.com\/company\/revista-rambla"]},{"@type":"Person","@id":"https:\/\/www.revistarambla.com\/#\/schema\/person\/71b69e46ec403b588426088315086187","name":"7 Canibales","description":"Revista gastron\u00f3mica digital.","sameAs":["https:\/\/www.7canibales.com\/","https:\/\/www.facebook.com\/7Canibales","https:\/\/www.instagram.com\/7canibales\/","https:\/\/x.com\/7canibales"]}]}},"_links":{"self":[{"href":"https:\/\/www.revistarambla.com\/en\/wp-json\/wp\/v2\/posts\/28882","targetHints":{"allow":["GET"]}}],"collection":[{"href":"https:\/\/www.revistarambla.com\/en\/wp-json\/wp\/v2\/posts"}],"about":[{"href":"https:\/\/www.revistarambla.com\/en\/wp-json\/wp\/v2\/types\/post"}],"author":[{"embeddable":true,"href":"https:\/\/www.revistarambla.com\/en\/wp-json\/wp\/v2\/users\/28"}],"replies":[{"embeddable":true,"href":"https:\/\/www.revistarambla.com\/en\/wp-json\/wp\/v2\/comments?post=28882"}],"version-history":[{"count":0,"href":"https:\/\/www.revistarambla.com\/en\/wp-json\/wp\/v2\/posts\/28882\/revisions"}],"wp:featuredmedia":[{"embeddable":true,"href":"https:\/\/www.revistarambla.com\/en\/wp-json\/wp\/v2\/media\/28885"}],"wp:attachment":[{"href":"https:\/\/www.revistarambla.com\/en\/wp-json\/wp\/v2\/media?parent=28882"}],"wp:term":[{"taxonomy":"category","embeddable":true,"href":"https:\/\/www.revistarambla.com\/en\/wp-json\/wp\/v2\/categories?post=28882"},{"taxonomy":"post_tag","embeddable":true,"href":"https:\/\/www.revistarambla.com\/en\/wp-json\/wp\/v2\/tags?post=28882"}],"curies":[{"name":"wp","href":"https:\/\/api.w.org\/{rel}","templated":true}]}}