{"id":2885,"date":"2013-02-19T09:56:51","date_gmt":"2013-02-19T08:56:51","guid":{"rendered":"https:\/\/www.revistarambla.com\/de-meteoritos-toros-y-suicidas\/"},"modified":"2022-10-21T18:47:04","modified_gmt":"2022-10-21T16:47:04","slug":"de-meteoritos-toros-y-suicidas","status":"publish","type":"post","link":"https:\/\/www.revistarambla.com\/en\/de-meteoritos-toros-y-suicidas\/","title":{"rendered":"De meteoritos, toros y suicidas"},"content":{"rendered":"<figure style=\"width: 700px\" class=\"wp-caption aligncenter\"><img decoding=\"async\" src=\"https:\/\/www.revistarambla.com\/wp-content\/uploads\/2013\/02\/Ole%20toros.jpg\" alt=\"alt\" width=\"700\" height=\"252\" \/><figcaption class=\"wp-caption-text\">Ilustra Evelio G\u00f3mez.<\/figcaption><\/figure>\n<p>Vivimos tiempos apocal\u00edpticos. Acechados por el asteroide 2012 DA14, magullados por el impacto de los meteoritos de Cheli\u00e1binsk, aturdidos por las explosiones de los b\u00f3lidos que nos lanza Mario Draghi. El s\u00edndrome del fin del mundo va poco a poco convirti\u00e9ndose en un referente cotidiano, una vivencia, sin embargo, ajena tanto a los cabal\u00edsticos c\u00e1lculos del calendario maya, como a los milenarismos hist\u00e9ricos del medievo, a pesar de que en este \u00faltimo caso la renuncia del Papa parezca anunciar la inminencia del Anticristo.<\/p>\n<p>En realidad vivimos un fin del mundo aburrido, gris y decepcionante. Solo en los \u00e1mbitos de la derecha pol\u00edtica, tan habituada a las sacrist\u00edas, parecen dispuestos a recurrir a la transcendencia para afrontar la lluvia de estrellas mort\u00edferas que desde la constelaci\u00f3n de B\u00e1rcenas amenazan las estructuras de la calle G\u00e9nova. Es as\u00ed, en fin, como estos d\u00edas han sacado a pasear de nuevo a la m\u00e1s transcendente de las transcendencias: la Muerte. Ah\u00ed est\u00e1 para demostrarlo el entusiasmo con que los populares \u2013junto a los novatos de UPyD-han acogido en el Congreso la petici\u00f3n de convertir la tauromaquia en bien de inter\u00e9s cultural, esencia del alma espa\u00f1ola.<\/p>\n<p>En realidad, la derecha siempre ha apostado por convertir a la muerte en una especie de cromosoma imprescindible del genoma hispano, como atestiguan esas calaveras evocadoras de la fugacidad de la vida desde los cuadros de nuestro Barroco. Pero sin duda, quien m\u00e1s patente simboliz\u00f3 este apego cat\u00e1rtico por la amiga de la guada\u00f1a fue Mill\u00e1n Astray y su\u00a1Muera la inteligencia! \u00a1Viva la muerte!, lema que ven\u00eda a resumir lo que le esperaba a los espa\u00f1oles en los siguientes cuarenta a\u00f1os de su historia.<\/p>\n<p>Este culto a la Muerte no siempre ha adquirido, por fortuna, extremos tan asesinos. As\u00ed, la derecha logr\u00f3 sublimar esta devoci\u00f3n transform\u00e1ndola en fiesta nacional. Por eso, como ya destacara Manuel Vicent, Fernando VII opt\u00f3 por cerrar las universidades de Madrid y abrir la escuela de tauromaquia. Porque, aunque Picasso o Miquel Barcel\u00f3 se aproximen desde su modernidad al festejo taurino con la misma curiosidad que les despierta las m\u00e1scaras africanas, lo cierto es que el \u201carte\u201d del toreo siempre ha estado ligado a la mentalidad m\u00e1s carpetovet\u00f3nica. Por eso, mientras la burgues\u00eda europea se esforzaba por ser vista en los palcos de la \u00f3pera, con Verdi como m\u00fasica de fondo, sus hom\u00f3nimos espa\u00f1oles se un\u00edan a la vetusta aristocracia para dejarse ver por las plazas, entre peinetas, olor a sangre y excrementos, pasodobles, caballos destripados y toros muertos.<\/p>\n<p>Se dir\u00e1 que tambi\u00e9n el pueblo llano vibra con el espect\u00e1culo taurino, aunque curiosamente ning\u00fan apologista de la tauromaquia reivindica como \u201carte\u201d las manifestaciones m\u00e1s populares (y numerosas) de la fiesta, esas que llenan las calles de toros lanceados, corridos o con las astas ardiendo. En esto el pueblo suele ser m\u00e1s honesto y modesto, por ello nunca se reclam\u00f3 protagonista de ning\u00fan arte, tan solo aspir\u00f3 a encontrar en el toro un desahogo temporal y brutal frente a sus miserias. O a escapar de las cornadas del hambre saltando furtivo al ruedo en una tarde de suerte.<\/p>\n<p>No, para los pueblos la muerte no es arte ni transcendencia, sino rutina. La misma rutina con que sobrellevan el trabajo basura o los derechos perdidos. Rutina implacable, eso s\u00ed, esperando mort\u00edfera a la vuelta de una orden de desahucio, carta de despido o la \u00faltima deuda impagada. Tal vez ha sido su visi\u00f3n fascinada de la muerte la que ha llevado al PP a admitir, en el \u00faltimo momento, la iniciativa legislativa popular contra los desahucios. Eso, claro, y la soledad de las encuestas o el terror a la revuelta. Con todo, su gesto deja abierta una puerta a la esperanza: hasta puede que, junto a los toros, acaben declarando el suicidio un bien de inter\u00e9s cultural, encarnaci\u00f3n de las esencias de esta nueva Espa\u00f1a.<\/p>","protected":false},"excerpt":{"rendered":"<p>Vivimos tiempos apocal\u00edpticos. Acechados por el asteroide 2012 DA14, magullados por el impacto de los meteoritos de Cheli\u00e1binsk, aturdidos por las explosiones de los b\u00f3lidos que nos lanza Mario Draghi. El s\u00edndrome del fin del mundo va poco a poco convirti\u00e9ndose en un referente cotidiano, una vivencia, sin embargo, ajena [&hellip;]<\/p>\n","protected":false},"author":325,"featured_media":0,"comment_status":"open","ping_status":"open","sticky":false,"template":"","format":"standard","meta":{"footnotes":""},"categories":[72],"tags":[],"class_list":["post-2885","post","type-post","status-publish","format-standard","hentry","category-opinion"],"yoast_head":"<!-- This site is optimized with the Yoast SEO plugin v27.5 - https:\/\/yoast.com\/product\/yoast-seo-wordpress\/ -->\n<title>De meteoritos, toros y suicidas - Revista Rambla<\/title>\n<meta name=\"robots\" content=\"index, follow, max-snippet:-1, max-image-preview:large, max-video-preview:-1\" \/>\n<link rel=\"canonical\" href=\"https:\/\/www.revistarambla.com\/en\/de-meteoritos-toros-y-suicidas\/\" \/>\n<meta property=\"og:locale\" content=\"en_GB\" \/>\n<meta property=\"og:type\" content=\"article\" \/>\n<meta property=\"og:title\" content=\"De meteoritos, toros y suicidas - Revista Rambla\" \/>\n<meta property=\"og:description\" content=\"Vivimos tiempos apocal\u00edpticos. Acechados por el asteroide 2012 DA14, magullados por el impacto de los meteoritos de Cheli\u00e1binsk, aturdidos por las explosiones de los b\u00f3lidos que nos lanza Mario Draghi. El s\u00edndrome del fin del mundo va poco a poco convirti\u00e9ndose en un referente cotidiano, una vivencia, sin embargo, ajena [&hellip;]\" \/>\n<meta property=\"og:url\" content=\"https:\/\/www.revistarambla.com\/en\/de-meteoritos-toros-y-suicidas\/\" \/>\n<meta property=\"og:site_name\" content=\"Revista Rambla\" \/>\n<meta property=\"article:publisher\" content=\"https:\/\/www.facebook.com\/revistarambla\/\" \/>\n<meta property=\"article:author\" content=\"https:\/\/www.facebook.com\/josemanuelrambla\/\" \/>\n<meta property=\"article:published_time\" content=\"2013-02-19T08:56:51+00:00\" \/>\n<meta property=\"article:modified_time\" content=\"2022-10-21T16:47:04+00:00\" \/>\n<meta property=\"og:image\" content=\"https:\/\/www.revistarambla.com\/wp-content\/uploads\/2013\/02\/Ole%20toros_01.jpg\" \/>\n\t<meta property=\"og:image:width\" content=\"682\" \/>\n\t<meta property=\"og:image:height\" content=\"400\" \/>\n\t<meta property=\"og:image:type\" content=\"image\/jpeg\" \/>\n<meta name=\"author\" content=\"Jos\u00e9 Manuel Rambla\" \/>\n<meta name=\"twitter:card\" content=\"summary_large_image\" \/>\n<meta name=\"twitter:creator\" content=\"@jmrambla\" \/>\n<meta name=\"twitter:site\" content=\"@revistarambla\" \/>\n<meta name=\"twitter:label1\" content=\"Written by\" \/>\n\t<meta name=\"twitter:data1\" content=\"Jos\u00e9 Manuel Rambla\" \/>\n\t<meta name=\"twitter:label2\" content=\"Estimated reading time\" \/>\n\t<meta name=\"twitter:data2\" content=\"4 minutes\" \/>\n<script type=\"application\/ld+json\" class=\"yoast-schema-graph\">{\"@context\":\"https:\\\/\\\/schema.org\",\"@graph\":[{\"@type\":\"Article\",\"@id\":\"https:\\\/\\\/www.revistarambla.com\\\/de-meteoritos-toros-y-suicidas\\\/#article\",\"isPartOf\":{\"@id\":\"https:\\\/\\\/www.revistarambla.com\\\/de-meteoritos-toros-y-suicidas\\\/\"},\"author\":{\"name\":\"Jos\u00e9 Manuel Rambla\",\"@id\":\"https:\\\/\\\/www.revistarambla.com\\\/#\\\/schema\\\/person\\\/f8e404c0293434eaf6a60da08d1123e3\"},\"headline\":\"De meteoritos, toros y suicidas\",\"datePublished\":\"2013-02-19T08:56:51+00:00\",\"dateModified\":\"2022-10-21T16:47:04+00:00\",\"mainEntityOfPage\":{\"@id\":\"https:\\\/\\\/www.revistarambla.com\\\/de-meteoritos-toros-y-suicidas\\\/\"},\"wordCount\":700,\"commentCount\":0,\"publisher\":{\"@id\":\"https:\\\/\\\/www.revistarambla.com\\\/#organization\"},\"image\":{\"@id\":\"https:\\\/\\\/www.revistarambla.com\\\/de-meteoritos-toros-y-suicidas\\\/#primaryimage\"},\"thumbnailUrl\":\"https:\\\/\\\/www.revistarambla.com\\\/wp-content\\\/uploads\\\/2013\\\/02\\\/Ole%20toros.jpg\",\"articleSection\":[\"Opiniones\"],\"inLanguage\":\"en-GB\",\"potentialAction\":[{\"@type\":\"CommentAction\",\"name\":\"Comment\",\"target\":[\"https:\\\/\\\/www.revistarambla.com\\\/de-meteoritos-toros-y-suicidas\\\/#respond\"]}]},{\"@type\":\"WebPage\",\"@id\":\"https:\\\/\\\/www.revistarambla.com\\\/de-meteoritos-toros-y-suicidas\\\/\",\"url\":\"https:\\\/\\\/www.revistarambla.com\\\/de-meteoritos-toros-y-suicidas\\\/\",\"name\":\"De meteoritos, toros y suicidas - Revista Rambla\",\"isPartOf\":{\"@id\":\"https:\\\/\\\/www.revistarambla.com\\\/#website\"},\"primaryImageOfPage\":{\"@id\":\"https:\\\/\\\/www.revistarambla.com\\\/de-meteoritos-toros-y-suicidas\\\/#primaryimage\"},\"image\":{\"@id\":\"https:\\\/\\\/www.revistarambla.com\\\/de-meteoritos-toros-y-suicidas\\\/#primaryimage\"},\"thumbnailUrl\":\"https:\\\/\\\/www.revistarambla.com\\\/wp-content\\\/uploads\\\/2013\\\/02\\\/Ole%20toros.jpg\",\"datePublished\":\"2013-02-19T08:56:51+00:00\",\"dateModified\":\"2022-10-21T16:47:04+00:00\",\"breadcrumb\":{\"@id\":\"https:\\\/\\\/www.revistarambla.com\\\/de-meteoritos-toros-y-suicidas\\\/#breadcrumb\"},\"inLanguage\":\"en-GB\",\"potentialAction\":[{\"@type\":\"ReadAction\",\"target\":[\"https:\\\/\\\/www.revistarambla.com\\\/de-meteoritos-toros-y-suicidas\\\/\"]}]},{\"@type\":\"ImageObject\",\"inLanguage\":\"en-GB\",\"@id\":\"https:\\\/\\\/www.revistarambla.com\\\/de-meteoritos-toros-y-suicidas\\\/#primaryimage\",\"url\":\"https:\\\/\\\/www.revistarambla.com\\\/wp-content\\\/uploads\\\/2013\\\/02\\\/Ole%20toros.jpg\",\"contentUrl\":\"https:\\\/\\\/www.revistarambla.com\\\/wp-content\\\/uploads\\\/2013\\\/02\\\/Ole%20toros.jpg\"},{\"@type\":\"BreadcrumbList\",\"@id\":\"https:\\\/\\\/www.revistarambla.com\\\/de-meteoritos-toros-y-suicidas\\\/#breadcrumb\",\"itemListElement\":[{\"@type\":\"ListItem\",\"position\":1,\"name\":\"Portada\",\"item\":\"https:\\\/\\\/www.revistarambla.com\\\/\"},{\"@type\":\"ListItem\",\"position\":2,\"name\":\"De meteoritos, toros y suicidas\"}]},{\"@type\":\"WebSite\",\"@id\":\"https:\\\/\\\/www.revistarambla.com\\\/#website\",\"url\":\"https:\\\/\\\/www.revistarambla.com\\\/\",\"name\":\"Revista Rambla Barcelona\",\"description\":\"Periodismo independiente\",\"publisher\":{\"@id\":\"https:\\\/\\\/www.revistarambla.com\\\/#organization\"},\"potentialAction\":[{\"@type\":\"SearchAction\",\"target\":{\"@type\":\"EntryPoint\",\"urlTemplate\":\"https:\\\/\\\/www.revistarambla.com\\\/?s={search_term_string}\"},\"query-input\":{\"@type\":\"PropertyValueSpecification\",\"valueRequired\":true,\"valueName\":\"search_term_string\"}}],\"inLanguage\":\"en-GB\"},{\"@type\":\"Organization\",\"@id\":\"https:\\\/\\\/www.revistarambla.com\\\/#organization\",\"name\":\"Revista Rambla\",\"url\":\"https:\\\/\\\/www.revistarambla.com\\\/\",\"logo\":{\"@type\":\"ImageObject\",\"inLanguage\":\"en-GB\",\"@id\":\"https:\\\/\\\/www.revistarambla.com\\\/#\\\/schema\\\/logo\\\/image\\\/\",\"url\":\"https:\\\/\\\/www.revistarambla.com\\\/wp-content\\\/uploads\\\/2020\\\/09\\\/banner_rambla_1900x600_BB.png\",\"contentUrl\":\"https:\\\/\\\/www.revistarambla.com\\\/wp-content\\\/uploads\\\/2020\\\/09\\\/banner_rambla_1900x600_BB.png\",\"width\":1900,\"height\":600,\"caption\":\"Revista Rambla\"},\"image\":{\"@id\":\"https:\\\/\\\/www.revistarambla.com\\\/#\\\/schema\\\/logo\\\/image\\\/\"},\"sameAs\":[\"https:\\\/\\\/www.facebook.com\\\/revistarambla\\\/\",\"https:\\\/\\\/x.com\\\/revistarambla\",\"https:\\\/\\\/www.instagram.com\\\/revista_rambla\",\"https:\\\/\\\/es.linkedin.com\\\/company\\\/revista-rambla\"]},{\"@type\":\"Person\",\"@id\":\"https:\\\/\\\/www.revistarambla.com\\\/#\\\/schema\\\/person\\\/f8e404c0293434eaf6a60da08d1123e3\",\"name\":\"Jos\u00e9 Manuel Rambla\",\"description\":\"Periodista cultural y columnista.\",\"sameAs\":[\"https:\\\/\\\/aesteladodelparaiso.com\\\/\",\"https:\\\/\\\/www.facebook.com\\\/josemanuelrambla\\\/\",\"https:\\\/\\\/x.com\\\/jmrambla\"]}]}<\/script>\n<!-- \/ Yoast SEO plugin. -->","yoast_head_json":{"title":"De meteoritos, toros y suicidas - Revista Rambla","robots":{"index":"index","follow":"follow","max-snippet":"max-snippet:-1","max-image-preview":"max-image-preview:large","max-video-preview":"max-video-preview:-1"},"canonical":"https:\/\/www.revistarambla.com\/en\/de-meteoritos-toros-y-suicidas\/","og_locale":"en_GB","og_type":"article","og_title":"De meteoritos, toros y suicidas - Revista Rambla","og_description":"Vivimos tiempos apocal\u00edpticos. Acechados por el asteroide 2012 DA14, magullados por el impacto de los meteoritos de Cheli\u00e1binsk, aturdidos por las explosiones de los b\u00f3lidos que nos lanza Mario Draghi. El s\u00edndrome del fin del mundo va poco a poco convirti\u00e9ndose en un referente cotidiano, una vivencia, sin embargo, ajena [&hellip;]","og_url":"https:\/\/www.revistarambla.com\/en\/de-meteoritos-toros-y-suicidas\/","og_site_name":"Revista Rambla","article_publisher":"https:\/\/www.facebook.com\/revistarambla\/","article_author":"https:\/\/www.facebook.com\/josemanuelrambla\/","article_published_time":"2013-02-19T08:56:51+00:00","article_modified_time":"2022-10-21T16:47:04+00:00","og_image":[{"width":682,"height":400,"url":"https:\/\/www.revistarambla.com\/wp-content\/uploads\/2013\/02\/Ole toros_01.jpg","type":"image\/jpeg"}],"author":"Jos\u00e9 Manuel Rambla","twitter_card":"summary_large_image","twitter_creator":"@jmrambla","twitter_site":"@revistarambla","twitter_misc":{"Written by":"Jos\u00e9 Manuel Rambla","Estimated reading time":"4 minutes"},"schema":{"@context":"https:\/\/schema.org","@graph":[{"@type":"Article","@id":"https:\/\/www.revistarambla.com\/de-meteoritos-toros-y-suicidas\/#article","isPartOf":{"@id":"https:\/\/www.revistarambla.com\/de-meteoritos-toros-y-suicidas\/"},"author":{"name":"Jos\u00e9 Manuel Rambla","@id":"https:\/\/www.revistarambla.com\/#\/schema\/person\/f8e404c0293434eaf6a60da08d1123e3"},"headline":"De meteoritos, toros y suicidas","datePublished":"2013-02-19T08:56:51+00:00","dateModified":"2022-10-21T16:47:04+00:00","mainEntityOfPage":{"@id":"https:\/\/www.revistarambla.com\/de-meteoritos-toros-y-suicidas\/"},"wordCount":700,"commentCount":0,"publisher":{"@id":"https:\/\/www.revistarambla.com\/#organization"},"image":{"@id":"https:\/\/www.revistarambla.com\/de-meteoritos-toros-y-suicidas\/#primaryimage"},"thumbnailUrl":"https:\/\/www.revistarambla.com\/wp-content\/uploads\/2013\/02\/Ole%20toros.jpg","articleSection":["Opiniones"],"inLanguage":"en-GB","potentialAction":[{"@type":"CommentAction","name":"Comment","target":["https:\/\/www.revistarambla.com\/de-meteoritos-toros-y-suicidas\/#respond"]}]},{"@type":"WebPage","@id":"https:\/\/www.revistarambla.com\/de-meteoritos-toros-y-suicidas\/","url":"https:\/\/www.revistarambla.com\/de-meteoritos-toros-y-suicidas\/","name":"De meteoritos, toros y suicidas - Revista Rambla","isPartOf":{"@id":"https:\/\/www.revistarambla.com\/#website"},"primaryImageOfPage":{"@id":"https:\/\/www.revistarambla.com\/de-meteoritos-toros-y-suicidas\/#primaryimage"},"image":{"@id":"https:\/\/www.revistarambla.com\/de-meteoritos-toros-y-suicidas\/#primaryimage"},"thumbnailUrl":"https:\/\/www.revistarambla.com\/wp-content\/uploads\/2013\/02\/Ole%20toros.jpg","datePublished":"2013-02-19T08:56:51+00:00","dateModified":"2022-10-21T16:47:04+00:00","breadcrumb":{"@id":"https:\/\/www.revistarambla.com\/de-meteoritos-toros-y-suicidas\/#breadcrumb"},"inLanguage":"en-GB","potentialAction":[{"@type":"ReadAction","target":["https:\/\/www.revistarambla.com\/de-meteoritos-toros-y-suicidas\/"]}]},{"@type":"ImageObject","inLanguage":"en-GB","@id":"https:\/\/www.revistarambla.com\/de-meteoritos-toros-y-suicidas\/#primaryimage","url":"https:\/\/www.revistarambla.com\/wp-content\/uploads\/2013\/02\/Ole%20toros.jpg","contentUrl":"https:\/\/www.revistarambla.com\/wp-content\/uploads\/2013\/02\/Ole%20toros.jpg"},{"@type":"BreadcrumbList","@id":"https:\/\/www.revistarambla.com\/de-meteoritos-toros-y-suicidas\/#breadcrumb","itemListElement":[{"@type":"ListItem","position":1,"name":"Portada","item":"https:\/\/www.revistarambla.com\/"},{"@type":"ListItem","position":2,"name":"De meteoritos, toros y suicidas"}]},{"@type":"WebSite","@id":"https:\/\/www.revistarambla.com\/#website","url":"https:\/\/www.revistarambla.com\/","name":"Revista Rambla Barcelona","description":"Periodismo independiente","publisher":{"@id":"https:\/\/www.revistarambla.com\/#organization"},"potentialAction":[{"@type":"SearchAction","target":{"@type":"EntryPoint","urlTemplate":"https:\/\/www.revistarambla.com\/?s={search_term_string}"},"query-input":{"@type":"PropertyValueSpecification","valueRequired":true,"valueName":"search_term_string"}}],"inLanguage":"en-GB"},{"@type":"Organization","@id":"https:\/\/www.revistarambla.com\/#organization","name":"Revista Rambla","url":"https:\/\/www.revistarambla.com\/","logo":{"@type":"ImageObject","inLanguage":"en-GB","@id":"https:\/\/www.revistarambla.com\/#\/schema\/logo\/image\/","url":"https:\/\/www.revistarambla.com\/wp-content\/uploads\/2020\/09\/banner_rambla_1900x600_BB.png","contentUrl":"https:\/\/www.revistarambla.com\/wp-content\/uploads\/2020\/09\/banner_rambla_1900x600_BB.png","width":1900,"height":600,"caption":"Revista Rambla"},"image":{"@id":"https:\/\/www.revistarambla.com\/#\/schema\/logo\/image\/"},"sameAs":["https:\/\/www.facebook.com\/revistarambla\/","https:\/\/x.com\/revistarambla","https:\/\/www.instagram.com\/revista_rambla","https:\/\/es.linkedin.com\/company\/revista-rambla"]},{"@type":"Person","@id":"https:\/\/www.revistarambla.com\/#\/schema\/person\/f8e404c0293434eaf6a60da08d1123e3","name":"Jos\u00e9 Manuel Rambla","description":"Periodista cultural y columnista.","sameAs":["https:\/\/aesteladodelparaiso.com\/","https:\/\/www.facebook.com\/josemanuelrambla\/","https:\/\/x.com\/jmrambla"]}]}},"_links":{"self":[{"href":"https:\/\/www.revistarambla.com\/en\/wp-json\/wp\/v2\/posts\/2885","targetHints":{"allow":["GET"]}}],"collection":[{"href":"https:\/\/www.revistarambla.com\/en\/wp-json\/wp\/v2\/posts"}],"about":[{"href":"https:\/\/www.revistarambla.com\/en\/wp-json\/wp\/v2\/types\/post"}],"author":[{"embeddable":true,"href":"https:\/\/www.revistarambla.com\/en\/wp-json\/wp\/v2\/users\/325"}],"replies":[{"embeddable":true,"href":"https:\/\/www.revistarambla.com\/en\/wp-json\/wp\/v2\/comments?post=2885"}],"version-history":[{"count":1,"href":"https:\/\/www.revistarambla.com\/en\/wp-json\/wp\/v2\/posts\/2885\/revisions"}],"predecessor-version":[{"id":48306,"href":"https:\/\/www.revistarambla.com\/en\/wp-json\/wp\/v2\/posts\/2885\/revisions\/48306"}],"wp:attachment":[{"href":"https:\/\/www.revistarambla.com\/en\/wp-json\/wp\/v2\/media?parent=2885"}],"wp:term":[{"taxonomy":"category","embeddable":true,"href":"https:\/\/www.revistarambla.com\/en\/wp-json\/wp\/v2\/categories?post=2885"},{"taxonomy":"post_tag","embeddable":true,"href":"https:\/\/www.revistarambla.com\/en\/wp-json\/wp\/v2\/tags?post=2885"}],"curies":[{"name":"wp","href":"https:\/\/api.w.org\/{rel}","templated":true}]}}