{"id":28374,"date":"2021-02-22T20:01:13","date_gmt":"2021-02-22T19:01:13","guid":{"rendered":"https:\/\/www.revistarambla.com\/?p=28374"},"modified":"2021-12-09T20:48:41","modified_gmt":"2021-12-09T19:48:41","slug":"la-mayoria-de-los-represaliados-de-izquierdas-fueron-gente-de-escasos-medios-en-general-jornaleros","status":"publish","type":"post","link":"https:\/\/www.revistarambla.com\/en\/la-mayoria-de-los-represaliados-de-izquierdas-fueron-gente-de-escasos-medios-en-general-jornaleros\/","title":{"rendered":"\u201cLa mayor\u00eda de los represaliados de izquierdas fueron gente de escasos medios, en general jornaleros\u201d"},"content":{"rendered":"<div>\n<figure id=\"attachment_28376\" aria-describedby=\"caption-attachment-28376\" style=\"width: 300px\" class=\"wp-caption alignright\"><a href=\"https:\/\/www.revistarambla.com\/wp-content\/uploads\/2021\/02\/Francisco-Espinosa_300121_4.jpg\"><img decoding=\"async\" class=\"wp-image-28376 size-medium\" src=\"https:\/\/www.revistarambla.com\/wp-content\/uploads\/2021\/02\/Francisco-Espinosa_300121_4-300x225.jpg\" alt=\"\" width=\"300\" height=\"225\" srcset=\"https:\/\/www.revistarambla.com\/wp-content\/uploads\/2021\/02\/Francisco-Espinosa_300121_4-300x225.jpg 300w, https:\/\/www.revistarambla.com\/wp-content\/uploads\/2021\/02\/Francisco-Espinosa_300121_4.jpg 650w\" sizes=\"(max-width: 300px) 100vw, 300px\" \/><\/a><figcaption id=\"caption-attachment-28376\" class=\"wp-caption-text\">Francisco Espinosa.<\/figcaption><\/figure>\n<p>El alto mando de la Guardia Civil, Manuel G\u00f3mez Cantos (1892-1977), fue \u201cun siniestro personaje que deber\u00eda figurar en el cuadro de honor del fascismo espa\u00f1ol\u201d; el fiscal militar Manuel Fern\u00e1ndez Mart\u00edn (1914-1967) \u201cactu\u00f3 en cientos de causas pese a no tener ni la carrera de Derecho\u201d; en la zona central y occidental de la provincia de Badajoz fueron asesinadas m\u00e1s de 500 mujeres; Miguel Mu\u00f1oz Murillo, edil del Partido Socialista en el municipio de Azuaga, fue condenado \u2013en marzo de 1942\u2013 a 20 a\u00f1os de prisi\u00f3n por un Consejo de Guerra.<\/p>\n<\/div>\n<div id=\"cols\">\n<p>Se trata de personas y episodios represivos incluidos por el historiador Francisco Espinosa Maestre (Villafranca de los Barros, Badajoz, 1954) en el libro <em>Por la sagrada causa nacional. Historias de un tiempo oscuro. Badajoz 1936-1939<\/em>, editado por Cr\u00edtica en enero.<\/p>\n<p>La investigaci\u00f3n recorre 29 municipios extreme\u00f1os ocupados por el bando fascista entre agosto y septiembre de 1936. \u201cLa justicia militar carec\u00eda de principios que rigieran su actuaci\u00f3n; era simplemente un instrumento represivo al servicio del golpe\u201d, afirma Espinosa Maestre, tambi\u00e9n autor de <em>La columna de la muerte. El avance del ej\u00e9rcito franquista de Sevilla a Badajoz <\/em>(2003); <em>La justicia de Queipo <\/em>(2009); y <em>Violencia roja y azul. Espa\u00f1a 1936-1950<\/em> (2010), entre otros vol\u00famenes. Adem\u00e1s fue coordinador del proyecto de recuperaci\u00f3n de la memoria <em>Todos los Nombres<\/em>, promovido por el sindicato CGT y la Asociaci\u00f3n Andaluza Memoria Hist\u00f3rica. La siguiente entrevista se realiza por correo electr\u00f3nico.<\/p>\n<p><strong>-\u00bfCu\u00e1ntos expedientes judiciales consultaste para la investigaci\u00f3n y cu\u00e1l fue el punto de partida?<\/strong><\/p>\n<p>El archivo militar se abri\u00f3 a la investigaci\u00f3n en 1997. Su estado era desastroso, pero hab\u00eda que alegrarse de que al menos todo ese material, que sufri\u00f3 dos mudanzas, hubiese llegado a nosotros. Su ordenaci\u00f3n y catalogaci\u00f3n llev\u00f3 a\u00f1os. De los mil expedientes relativos a Badajoz seleccion\u00e9 doscientos cincuenta, de los que finalmente me qued\u00e9 con unos sesenta. Del tiempo que llev\u00f3 este proceso dar\u00e1 idea el hecho de que los primeros procedimientos los vi a fines de los a\u00f1os noventa y el \u00faltimo en 2018. Desgraciadamente, pese a existir una m\u00ednima descripci\u00f3n de ellos, no todos aparecieron.<\/p>\n<p><strong>-\u00bfTe encontraste con dificultades en la consulta de los archivos militares?<\/strong><\/p>\n<p>Dado que mis primeras incursiones en estos archivos fueron en los a\u00f1os ochenta puedo decir que ha habido de todo. En los primeros a\u00f1os te hac\u00edan sentir como un intruso. Recuerdo que en el antiguo Servicio Hist\u00f3rico Militar uno no pod\u00eda ver cat\u00e1logo alguno sino que el militar de turno te preguntaba qu\u00e9 buscabas y \u00e9l te dec\u00eda lo que pod\u00edas ver. El actual Archivo Militar e Hist\u00f3rico de la Defensa, situado en el Paseo de Moret, existi\u00f3 antes con otro nombre y otro emplazamiento. Acudir all\u00ed era una pesadilla. Una copia que solicit\u00e9 de un expediente me la enviaron al a\u00f1o y medio.<\/p>\n<p>Y ya en Moret, hasta no hace mucho, te pon\u00edan pegas para todo hasta el punto de que para consultar unos expedientes de Badajoz, cuya consulta me negaban, tuve que presentar un recurso de alzada. \u00bfY qu\u00e9 decir del de Segovia, en el que te imped\u00edan ver cualquier hoja de servicio en la que hubiera cualquier tr\u00e1mite reciente? La suerte que hemos tenido con el Archivo del Tribunal Militar Territorial Segundo de Sevilla es que siempre ha sido un archivo abierto a la investigaci\u00f3n y con un personal colaborador. No es el \u00fanico, ya que otros, como el de Ferrol, tambi\u00e9n han cumplido su funci\u00f3n social.<\/p>\n<p><strong>-En el art\u00edculo \u201cEl revisionismo en perspectiva: de la FAES a la Academia\u201d (Conversaci\u00f3n sobre la Historia, 2019), te refieres al \u201ccar\u00e1cter indiscriminado de la matanza de Badajoz, sin duda el mayor ejercicio de terror que hubo en todo el pa\u00eds\u201d. \u00bfQu\u00e9 singularidades tuvo la represi\u00f3n fascista en esta provincia? <\/strong><\/p>\n<p>Lo ocurrido en Badajoz se debi\u00f3 a varias circunstancias. La primera es com\u00fan a todo el suroeste: era una provincia marcadamente de izquierdas en la que la derecha no gan\u00f3 ni en las elecciones de 1933. La fuerza del Partido Socialista era enorme y se hab\u00eda forjado desde fines del XIX. Como en el caso de Huelva el golpe militar fracas\u00f3 y miles de derechistas fueron detenidos por orden del Gobierno Civil. Y lo peor: la decisi\u00f3n de subir a Madrid por Extremadura con el ej\u00e9rcito de \u00c1frica en cabeza convirti\u00f3 esa operaci\u00f3n que va de julio a noviembre en el \u00faltimo coletazo de la guerra colonial al estilo africanista. Se actu\u00f3 igual que antes con las cabilas rife\u00f1as: una violencia ilimitada y el premio del bot\u00edn de guerra tras cada localidad ocupada. Todo ello dej\u00f3 un reguero de terror desde el norte de \u00c1frica hasta Madrid, la \u00e9poca del golpe triunfal en marcha. La derrota ante la capital supuso el inicio de la larga guerra civil.<\/p>\n<p><strong>-Seg\u00fan el magistrado e investigador Juan Jos\u00e9 del \u00c1guila Torres, en el periodo 1936-1945 se celebraron m\u00e1s de 300.000 Consejos de Guerra en Espa\u00f1a. \u00bfQu\u00e9 fueron los auditores militares?<\/strong><\/p>\n<p>Los auditores orientaban la actividad de la acci\u00f3n judicial militar de principio a fin. Su firma aparece en todos los procedimientos inmediatamente antes del jefe militar de la zona, que en este caso fue Queipo. El auditor de la Segunda Regi\u00f3n Militar fue Francisco Boh\u00f3rquez Vecina. Su poder le permit\u00eda todo, desde decidir qu\u00e9 procedimiento se abr\u00eda y cu\u00e1l no hasta orientar el curso y conclusi\u00f3n de la instrucci\u00f3n. Resulta escandaloso c\u00f3mo ayudaban a los suyos y c\u00f3mo dejaban que su modo de actuaci\u00f3n llevara a los dem\u00e1s al final deseado. Boh\u00f3rquez lleg\u00f3 a dar instrucciones a la Fiscal\u00eda de las Audiencias Provinciales sobre el porcentaje de las penas que deb\u00edan dictarse.<\/p>\n<p><strong>-\u00bfSobre qu\u00e9 aspectos llamar\u00edas la atenci\u00f3n respecto a la justicia castrense aplicada por los sublevados?<\/strong><\/p>\n<p>La justicia militar carec\u00eda de principios que rigieran su actuaci\u00f3n. Era simplemente un instrumento represivo al servicio del golpe. Fue adapt\u00e1ndose a las circunstancias. Las grandes matanzas de los primeros meses se hicieron a golpe de bandos de guerra que todo permit\u00edan. Antes del cerco a Madrid prepararon lo que se llam\u00f3 la Fiscal\u00eda del Ej\u00e9rcito de Ocupaci\u00f3n, instalada en Talavera y formada por una docena de consejos de guerra. Ante el fracaso de Madrid optaron por enviar la denominada columna jur\u00eddica a las diversas provincias que se iban ocupando, empezando por M\u00e1laga a comienzos de 1937. Por este mismo tiempo pusieron en marcha la segunda etapa represiva mediante los consejos de guerra sumar\u00edsimos de urgencia, que actuaron primero hasta el final de la guerra y que ya con el pa\u00eds ocupado y al amparo del nazifascismo, siguieron hasta 1944, cuando el curso de la guerra mundial les aconsej\u00f3 parar. Es decir, ocho a\u00f1os seguidos. Pero no acab\u00f3 aqu\u00ed, ya que la represi\u00f3n de la lucha guerrillera prolong\u00f3 esta situaci\u00f3n hasta ya entrados los a\u00f1os cincuenta.<\/p>\n<p><strong>-\u00bfSe produjo una violencia espec\u00edfica de los golpistas contra las mujeres?<\/strong><\/p>\n<p>Aquellas comprometidas con la experiencia republicana fueron v\u00edctimas de una represi\u00f3n similar a la de los hombres. Me refiero a l\u00edderes sindicales o a maestras de izquierdas. Aparte de maltrato y humillaciones, hubo mujeres que antes de ser asesinadas fueron violadas y hubo hombres que tras ser asesinados fueron castrados. Tambi\u00e9n sufrieron violencia por ser familiares directos de izquierdistas huidos o asesinados. Por lo dem\u00e1s y de modo general quedaron en total indefensi\u00f3n y a merced de las fuerzas que ocuparon cada localidad y de los fascistas que ocuparon el poder. En esa situaci\u00f3n cualquier contacto o relaci\u00f3n social era importante y, al mismo tiempo, su ausencia, pod\u00eda resultar fatal. Sirva de ejemplo el caso que se cuenta de Montijo.<\/p>\n<p><strong>-\u00bfQu\u00e9 m\u00e9todos de represi\u00f3n practicaron en los pueblos de Extremadura los falangistas y los requet\u00e9s?<\/strong><\/p>\n<p>Hay que tener en cuenta que en la zona en la que se desarrollan las historias del libro, Falange y Requet\u00e9 eran grupos minoritarios antes del 18 de julio. La avanzadilla del golpe en cada localidad no era otra que la Guardia Civil, punto final de una l\u00ednea que empezaba en los Estados Mayores y las Auditor\u00edas de guerra pasando por las Comisar\u00edas de Orden P\u00fablico y las Comandancias de la Guardia Civil. Falangistas, requet\u00e9s y c\u00edvicos no eran sino el eslab\u00f3n final de la cadena. Siempre obedientes a las \u00f3rdenes que ven\u00edan de arriba, ya fuera la camarilla que orientaba la represi\u00f3n en cada pueblo o las directrices marcadas por las Comandancias. Por as\u00ed decirlo eran la parte visible del iceberg, de ah\u00ed que la gente los percibiera como responsables de todo lo ocurrido. Nadie sab\u00eda el nombre del comandante militar ni del que daba las \u00f3rdenes desde Badajoz o Sevilla, pero todos sab\u00edan los nombres de los falangistas.<\/p>\n<p><strong>-\u00bfEn qu\u00e9 consistieron los saqueos y \u201cdonativos\u201d forzosos con que se castig\u00f3 a los rojos?<\/strong><\/p>\n<p>La mayor\u00eda de los represaliados de izquierdas eran gente de escasos medios, jornaleros por lo general. Diferente era en el caso de algunos dirigentes, que dispon\u00edan de algunas posesiones y de ciertos medios. El expolio tuvo dos fases. Una primera, ya mencionada, a cargo de las fuerzas de ocupaci\u00f3n, que orientadas por gente de la localidad saqueaban los domicilios y las empresas. Y una segunda a trav\u00e9s de los Comit\u00e9s Provinciales de Incautaciones y tras la guerra los Tribunales igualmente provinciales de Responsabilidades Pol\u00edticas. Todo ello quedaba englobado en lo que llamaron \u201creparaci\u00f3n pecuniaria\u201d. A esto hay que a\u00f1adir los simples saqueos, bien documentados en el libro.<\/p>\n<p><strong>-\u00bfQu\u00e9 papel desempe\u00f1\u00f3 la prensa \u201cpor la sagrada causa nacional\u201d? <\/strong><\/p>\n<p>La prensa liberal o de izquierdas fue igualmente absorbida por el Nuevo Orden. El ABC de Sevilla o el HOY de Badajoz siguieron su trayectoria reaccionaria aunque ahora volcados claramente hacia el fascismo, tanto hacia el de aqu\u00ed como hacia el de Alemania o Italia. Se convirtieron simplemente en medios de propaganda al servicio del golpe militar justificando todos sus excesos. El HOY, creado en 1933 por la Editorial Cat\u00f3lica, estuvo siempre al servicio de la reacci\u00f3n y contra la Rep\u00fablica.<\/p>\n<p><strong>-Por \u00faltimo, \u00bfrescatar\u00edas del olvido alguna escabechina o episodio represivo que haya quedado en el olvido\/impunidad?<\/strong><\/p>\n<p>La lista ser\u00eda interminable. Hay que pensar que lo que nos ha llegado es solo una m\u00ednima parte de lo ocurrido. Las razones por las que se abr\u00edan o no diligencias sobre un asunto quedan fuera de nuestro alcance. La mayor parte de los hechos violentos ocurridos en aquellos a\u00f1os no dieron lugar a procedimiento alguno. Los que conocemos no son m\u00e1s que ciertas ventanas abiertas a ese pasado oscuro del que ya no queda memoria y al que, pese al tiempo transcurrido, a\u00fan no hemos podido acceder plenamente por las limitaciones de acceso a fondos documentales de car\u00e1cter civil, militar, judicial y eclesi\u00e1stico.<\/p>\n<pre><em>rebelion.org<\/em><\/pre>\n<\/div>","protected":false},"excerpt":{"rendered":"<p>Entrevista al historiador Francisco Espinosa, autor de Por la sagrada causa nacional. Historias de un tiempo oscuro. Badajoz 1936-1939 (Cr\u00edtica)<\/p>","protected":false},"author":46,"featured_media":28376,"comment_status":"open","ping_status":"open","sticky":false,"template":"","format":"standard","meta":{"footnotes":""},"categories":[4],"tags":[],"class_list":["post-28374","post","type-post","status-publish","format-standard","has-post-thumbnail","hentry","category-cultura"],"yoast_head":"<!-- This site is optimized with the Yoast SEO plugin v27.5 - https:\/\/yoast.com\/product\/yoast-seo-wordpress\/ -->\n<title>\u201cLa mayor\u00eda de los represaliados de izquierdas fueron gente de escasos medios, en general jornaleros\u201d - Revista Rambla<\/title>\n<meta name=\"robots\" content=\"index, follow, max-snippet:-1, max-image-preview:large, max-video-preview:-1\" \/>\n<link rel=\"canonical\" href=\"https:\/\/www.revistarambla.com\/en\/la-mayoria-de-los-represaliados-de-izquierdas-fueron-gente-de-escasos-medios-en-general-jornaleros\/\" \/>\n<meta property=\"og:locale\" content=\"en_GB\" \/>\n<meta property=\"og:type\" content=\"article\" \/>\n<meta property=\"og:title\" content=\"\u201cLa mayor\u00eda de los represaliados de izquierdas fueron gente de escasos medios, en general jornaleros\u201d - Revista Rambla\" \/>\n<meta property=\"og:description\" content=\"Entrevista al historiador Francisco Espinosa, autor de Por la sagrada causa nacional. Historias de un tiempo oscuro. Badajoz 1936-1939 (Cr\u00edtica)\" \/>\n<meta property=\"og:url\" content=\"https:\/\/www.revistarambla.com\/en\/la-mayoria-de-los-represaliados-de-izquierdas-fueron-gente-de-escasos-medios-en-general-jornaleros\/\" \/>\n<meta property=\"og:site_name\" content=\"Revista Rambla\" \/>\n<meta property=\"article:publisher\" content=\"https:\/\/www.facebook.com\/revistarambla\/\" \/>\n<meta property=\"article:published_time\" content=\"2021-02-22T19:01:13+00:00\" \/>\n<meta property=\"article:modified_time\" content=\"2021-12-09T19:48:41+00:00\" \/>\n<meta property=\"og:image\" content=\"https:\/\/www.revistarambla.com\/wp-content\/uploads\/2021\/02\/Francisco-Espinosa_300121_4.jpg\" \/>\n\t<meta property=\"og:image:width\" content=\"650\" \/>\n\t<meta property=\"og:image:height\" content=\"488\" \/>\n\t<meta property=\"og:image:type\" content=\"image\/jpeg\" \/>\n<meta name=\"author\" content=\"Enric Llopis\" \/>\n<meta name=\"twitter:card\" content=\"summary_large_image\" \/>\n<meta name=\"twitter:creator\" content=\"@enric_llopis\" \/>\n<meta name=\"twitter:site\" content=\"@revistarambla\" \/>\n<meta name=\"twitter:label1\" content=\"Written by\" \/>\n\t<meta name=\"twitter:data1\" content=\"Enric Llopis\" \/>\n\t<meta name=\"twitter:label2\" content=\"Estimated reading time\" \/>\n\t<meta name=\"twitter:data2\" content=\"8 minutes\" \/>\n<script type=\"application\/ld+json\" class=\"yoast-schema-graph\">{\"@context\":\"https:\\\/\\\/schema.org\",\"@graph\":[{\"@type\":\"Article\",\"@id\":\"https:\\\/\\\/www.revistarambla.com\\\/la-mayoria-de-los-represaliados-de-izquierdas-fueron-gente-de-escasos-medios-en-general-jornaleros\\\/#article\",\"isPartOf\":{\"@id\":\"https:\\\/\\\/www.revistarambla.com\\\/la-mayoria-de-los-represaliados-de-izquierdas-fueron-gente-de-escasos-medios-en-general-jornaleros\\\/\"},\"author\":{\"name\":\"Enric Llopis\",\"@id\":\"https:\\\/\\\/www.revistarambla.com\\\/#\\\/schema\\\/person\\\/f5da6b0b5d3030f3075f52d8a3287bae\"},\"headline\":\"\u201cLa mayor\u00eda de los represaliados de izquierdas fueron gente de escasos medios, en general jornaleros\u201d\",\"datePublished\":\"2021-02-22T19:01:13+00:00\",\"dateModified\":\"2021-12-09T19:48:41+00:00\",\"mainEntityOfPage\":{\"@id\":\"https:\\\/\\\/www.revistarambla.com\\\/la-mayoria-de-los-represaliados-de-izquierdas-fueron-gente-de-escasos-medios-en-general-jornaleros\\\/\"},\"wordCount\":1914,\"commentCount\":0,\"publisher\":{\"@id\":\"https:\\\/\\\/www.revistarambla.com\\\/#organization\"},\"image\":{\"@id\":\"https:\\\/\\\/www.revistarambla.com\\\/la-mayoria-de-los-represaliados-de-izquierdas-fueron-gente-de-escasos-medios-en-general-jornaleros\\\/#primaryimage\"},\"thumbnailUrl\":\"https:\\\/\\\/www.revistarambla.com\\\/wp-content\\\/uploads\\\/2021\\\/02\\\/Francisco-Espinosa_300121_4.jpg\",\"articleSection\":[\"Cultura\"],\"inLanguage\":\"en-GB\",\"potentialAction\":[{\"@type\":\"CommentAction\",\"name\":\"Comment\",\"target\":[\"https:\\\/\\\/www.revistarambla.com\\\/la-mayoria-de-los-represaliados-de-izquierdas-fueron-gente-de-escasos-medios-en-general-jornaleros\\\/#respond\"]}]},{\"@type\":\"WebPage\",\"@id\":\"https:\\\/\\\/www.revistarambla.com\\\/la-mayoria-de-los-represaliados-de-izquierdas-fueron-gente-de-escasos-medios-en-general-jornaleros\\\/\",\"url\":\"https:\\\/\\\/www.revistarambla.com\\\/la-mayoria-de-los-represaliados-de-izquierdas-fueron-gente-de-escasos-medios-en-general-jornaleros\\\/\",\"name\":\"\u201cLa mayor\u00eda de los represaliados de izquierdas fueron gente de escasos medios, en general jornaleros\u201d - Revista Rambla\",\"isPartOf\":{\"@id\":\"https:\\\/\\\/www.revistarambla.com\\\/#website\"},\"primaryImageOfPage\":{\"@id\":\"https:\\\/\\\/www.revistarambla.com\\\/la-mayoria-de-los-represaliados-de-izquierdas-fueron-gente-de-escasos-medios-en-general-jornaleros\\\/#primaryimage\"},\"image\":{\"@id\":\"https:\\\/\\\/www.revistarambla.com\\\/la-mayoria-de-los-represaliados-de-izquierdas-fueron-gente-de-escasos-medios-en-general-jornaleros\\\/#primaryimage\"},\"thumbnailUrl\":\"https:\\\/\\\/www.revistarambla.com\\\/wp-content\\\/uploads\\\/2021\\\/02\\\/Francisco-Espinosa_300121_4.jpg\",\"datePublished\":\"2021-02-22T19:01:13+00:00\",\"dateModified\":\"2021-12-09T19:48:41+00:00\",\"breadcrumb\":{\"@id\":\"https:\\\/\\\/www.revistarambla.com\\\/la-mayoria-de-los-represaliados-de-izquierdas-fueron-gente-de-escasos-medios-en-general-jornaleros\\\/#breadcrumb\"},\"inLanguage\":\"en-GB\",\"potentialAction\":[{\"@type\":\"ReadAction\",\"target\":[\"https:\\\/\\\/www.revistarambla.com\\\/la-mayoria-de-los-represaliados-de-izquierdas-fueron-gente-de-escasos-medios-en-general-jornaleros\\\/\"]}]},{\"@type\":\"ImageObject\",\"inLanguage\":\"en-GB\",\"@id\":\"https:\\\/\\\/www.revistarambla.com\\\/la-mayoria-de-los-represaliados-de-izquierdas-fueron-gente-de-escasos-medios-en-general-jornaleros\\\/#primaryimage\",\"url\":\"https:\\\/\\\/www.revistarambla.com\\\/wp-content\\\/uploads\\\/2021\\\/02\\\/Francisco-Espinosa_300121_4.jpg\",\"contentUrl\":\"https:\\\/\\\/www.revistarambla.com\\\/wp-content\\\/uploads\\\/2021\\\/02\\\/Francisco-Espinosa_300121_4.jpg\",\"width\":650,\"height\":488},{\"@type\":\"BreadcrumbList\",\"@id\":\"https:\\\/\\\/www.revistarambla.com\\\/la-mayoria-de-los-represaliados-de-izquierdas-fueron-gente-de-escasos-medios-en-general-jornaleros\\\/#breadcrumb\",\"itemListElement\":[{\"@type\":\"ListItem\",\"position\":1,\"name\":\"Portada\",\"item\":\"https:\\\/\\\/www.revistarambla.com\\\/\"},{\"@type\":\"ListItem\",\"position\":2,\"name\":\"\u201cLa mayor\u00eda de los represaliados de izquierdas fueron gente de escasos medios, en general jornaleros\u201d\"}]},{\"@type\":\"WebSite\",\"@id\":\"https:\\\/\\\/www.revistarambla.com\\\/#website\",\"url\":\"https:\\\/\\\/www.revistarambla.com\\\/\",\"name\":\"Revista Rambla Barcelona\",\"description\":\"Periodismo independiente\",\"publisher\":{\"@id\":\"https:\\\/\\\/www.revistarambla.com\\\/#organization\"},\"potentialAction\":[{\"@type\":\"SearchAction\",\"target\":{\"@type\":\"EntryPoint\",\"urlTemplate\":\"https:\\\/\\\/www.revistarambla.com\\\/?s={search_term_string}\"},\"query-input\":{\"@type\":\"PropertyValueSpecification\",\"valueRequired\":true,\"valueName\":\"search_term_string\"}}],\"inLanguage\":\"en-GB\"},{\"@type\":\"Organization\",\"@id\":\"https:\\\/\\\/www.revistarambla.com\\\/#organization\",\"name\":\"Revista Rambla\",\"url\":\"https:\\\/\\\/www.revistarambla.com\\\/\",\"logo\":{\"@type\":\"ImageObject\",\"inLanguage\":\"en-GB\",\"@id\":\"https:\\\/\\\/www.revistarambla.com\\\/#\\\/schema\\\/logo\\\/image\\\/\",\"url\":\"https:\\\/\\\/www.revistarambla.com\\\/wp-content\\\/uploads\\\/2020\\\/09\\\/banner_rambla_1900x600_BB.png\",\"contentUrl\":\"https:\\\/\\\/www.revistarambla.com\\\/wp-content\\\/uploads\\\/2020\\\/09\\\/banner_rambla_1900x600_BB.png\",\"width\":1900,\"height\":600,\"caption\":\"Revista Rambla\"},\"image\":{\"@id\":\"https:\\\/\\\/www.revistarambla.com\\\/#\\\/schema\\\/logo\\\/image\\\/\"},\"sameAs\":[\"https:\\\/\\\/www.facebook.com\\\/revistarambla\\\/\",\"https:\\\/\\\/x.com\\\/revistarambla\",\"https:\\\/\\\/www.instagram.com\\\/revista_rambla\",\"https:\\\/\\\/es.linkedin.com\\\/company\\\/revista-rambla\"]},{\"@type\":\"Person\",\"@id\":\"https:\\\/\\\/www.revistarambla.com\\\/#\\\/schema\\\/person\\\/f5da6b0b5d3030f3075f52d8a3287bae\",\"name\":\"Enric Llopis\",\"description\":\"Periodista. Desde 2008 colabora habitualmente en las diferentes secciones del peri\u00f3dico Rebelion.org. Autor de \\\"Plumas Rebeldes. Periodistas contra la corriente\\\" o \\\"Por Europa y contra el sistema euro\\\", entre otros libros.\",\"sameAs\":[\"https:\\\/\\\/rebelion.org\\\/autor\\\/enric-llopis\\\/\",\"https:\\\/\\\/x.com\\\/enric_llopis\"]}]}<\/script>\n<!-- \/ Yoast SEO plugin. -->","yoast_head_json":{"title":"\u201cLa mayor\u00eda de los represaliados de izquierdas fueron gente de escasos medios, en general jornaleros\u201d - Revista Rambla","robots":{"index":"index","follow":"follow","max-snippet":"max-snippet:-1","max-image-preview":"max-image-preview:large","max-video-preview":"max-video-preview:-1"},"canonical":"https:\/\/www.revistarambla.com\/en\/la-mayoria-de-los-represaliados-de-izquierdas-fueron-gente-de-escasos-medios-en-general-jornaleros\/","og_locale":"en_GB","og_type":"article","og_title":"\u201cLa mayor\u00eda de los represaliados de izquierdas fueron gente de escasos medios, en general jornaleros\u201d - Revista Rambla","og_description":"Entrevista al historiador Francisco Espinosa, autor de Por la sagrada causa nacional. Historias de un tiempo oscuro. Badajoz 1936-1939 (Cr\u00edtica)","og_url":"https:\/\/www.revistarambla.com\/en\/la-mayoria-de-los-represaliados-de-izquierdas-fueron-gente-de-escasos-medios-en-general-jornaleros\/","og_site_name":"Revista Rambla","article_publisher":"https:\/\/www.facebook.com\/revistarambla\/","article_published_time":"2021-02-22T19:01:13+00:00","article_modified_time":"2021-12-09T19:48:41+00:00","og_image":[{"width":650,"height":488,"url":"https:\/\/www.revistarambla.com\/wp-content\/uploads\/2021\/02\/Francisco-Espinosa_300121_4.jpg","type":"image\/jpeg"}],"author":"Enric Llopis","twitter_card":"summary_large_image","twitter_creator":"@enric_llopis","twitter_site":"@revistarambla","twitter_misc":{"Written by":"Enric Llopis","Estimated reading time":"8 minutes"},"schema":{"@context":"https:\/\/schema.org","@graph":[{"@type":"Article","@id":"https:\/\/www.revistarambla.com\/la-mayoria-de-los-represaliados-de-izquierdas-fueron-gente-de-escasos-medios-en-general-jornaleros\/#article","isPartOf":{"@id":"https:\/\/www.revistarambla.com\/la-mayoria-de-los-represaliados-de-izquierdas-fueron-gente-de-escasos-medios-en-general-jornaleros\/"},"author":{"name":"Enric Llopis","@id":"https:\/\/www.revistarambla.com\/#\/schema\/person\/f5da6b0b5d3030f3075f52d8a3287bae"},"headline":"\u201cLa mayor\u00eda de los represaliados de izquierdas fueron gente de escasos medios, en general jornaleros\u201d","datePublished":"2021-02-22T19:01:13+00:00","dateModified":"2021-12-09T19:48:41+00:00","mainEntityOfPage":{"@id":"https:\/\/www.revistarambla.com\/la-mayoria-de-los-represaliados-de-izquierdas-fueron-gente-de-escasos-medios-en-general-jornaleros\/"},"wordCount":1914,"commentCount":0,"publisher":{"@id":"https:\/\/www.revistarambla.com\/#organization"},"image":{"@id":"https:\/\/www.revistarambla.com\/la-mayoria-de-los-represaliados-de-izquierdas-fueron-gente-de-escasos-medios-en-general-jornaleros\/#primaryimage"},"thumbnailUrl":"https:\/\/www.revistarambla.com\/wp-content\/uploads\/2021\/02\/Francisco-Espinosa_300121_4.jpg","articleSection":["Cultura"],"inLanguage":"en-GB","potentialAction":[{"@type":"CommentAction","name":"Comment","target":["https:\/\/www.revistarambla.com\/la-mayoria-de-los-represaliados-de-izquierdas-fueron-gente-de-escasos-medios-en-general-jornaleros\/#respond"]}]},{"@type":"WebPage","@id":"https:\/\/www.revistarambla.com\/la-mayoria-de-los-represaliados-de-izquierdas-fueron-gente-de-escasos-medios-en-general-jornaleros\/","url":"https:\/\/www.revistarambla.com\/la-mayoria-de-los-represaliados-de-izquierdas-fueron-gente-de-escasos-medios-en-general-jornaleros\/","name":"\u201cLa mayor\u00eda de los represaliados de izquierdas fueron gente de escasos medios, en general jornaleros\u201d - Revista Rambla","isPartOf":{"@id":"https:\/\/www.revistarambla.com\/#website"},"primaryImageOfPage":{"@id":"https:\/\/www.revistarambla.com\/la-mayoria-de-los-represaliados-de-izquierdas-fueron-gente-de-escasos-medios-en-general-jornaleros\/#primaryimage"},"image":{"@id":"https:\/\/www.revistarambla.com\/la-mayoria-de-los-represaliados-de-izquierdas-fueron-gente-de-escasos-medios-en-general-jornaleros\/#primaryimage"},"thumbnailUrl":"https:\/\/www.revistarambla.com\/wp-content\/uploads\/2021\/02\/Francisco-Espinosa_300121_4.jpg","datePublished":"2021-02-22T19:01:13+00:00","dateModified":"2021-12-09T19:48:41+00:00","breadcrumb":{"@id":"https:\/\/www.revistarambla.com\/la-mayoria-de-los-represaliados-de-izquierdas-fueron-gente-de-escasos-medios-en-general-jornaleros\/#breadcrumb"},"inLanguage":"en-GB","potentialAction":[{"@type":"ReadAction","target":["https:\/\/www.revistarambla.com\/la-mayoria-de-los-represaliados-de-izquierdas-fueron-gente-de-escasos-medios-en-general-jornaleros\/"]}]},{"@type":"ImageObject","inLanguage":"en-GB","@id":"https:\/\/www.revistarambla.com\/la-mayoria-de-los-represaliados-de-izquierdas-fueron-gente-de-escasos-medios-en-general-jornaleros\/#primaryimage","url":"https:\/\/www.revistarambla.com\/wp-content\/uploads\/2021\/02\/Francisco-Espinosa_300121_4.jpg","contentUrl":"https:\/\/www.revistarambla.com\/wp-content\/uploads\/2021\/02\/Francisco-Espinosa_300121_4.jpg","width":650,"height":488},{"@type":"BreadcrumbList","@id":"https:\/\/www.revistarambla.com\/la-mayoria-de-los-represaliados-de-izquierdas-fueron-gente-de-escasos-medios-en-general-jornaleros\/#breadcrumb","itemListElement":[{"@type":"ListItem","position":1,"name":"Portada","item":"https:\/\/www.revistarambla.com\/"},{"@type":"ListItem","position":2,"name":"\u201cLa mayor\u00eda de los represaliados de izquierdas fueron gente de escasos medios, en general jornaleros\u201d"}]},{"@type":"WebSite","@id":"https:\/\/www.revistarambla.com\/#website","url":"https:\/\/www.revistarambla.com\/","name":"Revista Rambla Barcelona","description":"Periodismo independiente","publisher":{"@id":"https:\/\/www.revistarambla.com\/#organization"},"potentialAction":[{"@type":"SearchAction","target":{"@type":"EntryPoint","urlTemplate":"https:\/\/www.revistarambla.com\/?s={search_term_string}"},"query-input":{"@type":"PropertyValueSpecification","valueRequired":true,"valueName":"search_term_string"}}],"inLanguage":"en-GB"},{"@type":"Organization","@id":"https:\/\/www.revistarambla.com\/#organization","name":"Revista Rambla","url":"https:\/\/www.revistarambla.com\/","logo":{"@type":"ImageObject","inLanguage":"en-GB","@id":"https:\/\/www.revistarambla.com\/#\/schema\/logo\/image\/","url":"https:\/\/www.revistarambla.com\/wp-content\/uploads\/2020\/09\/banner_rambla_1900x600_BB.png","contentUrl":"https:\/\/www.revistarambla.com\/wp-content\/uploads\/2020\/09\/banner_rambla_1900x600_BB.png","width":1900,"height":600,"caption":"Revista Rambla"},"image":{"@id":"https:\/\/www.revistarambla.com\/#\/schema\/logo\/image\/"},"sameAs":["https:\/\/www.facebook.com\/revistarambla\/","https:\/\/x.com\/revistarambla","https:\/\/www.instagram.com\/revista_rambla","https:\/\/es.linkedin.com\/company\/revista-rambla"]},{"@type":"Person","@id":"https:\/\/www.revistarambla.com\/#\/schema\/person\/f5da6b0b5d3030f3075f52d8a3287bae","name":"Enric Llopis","description":"Periodista. Desde 2008 colabora habitualmente en las diferentes secciones del peri\u00f3dico Rebelion.org. Autor de \"Plumas Rebeldes. Periodistas contra la corriente\" o \"Por Europa y contra el sistema euro\", entre otros libros.","sameAs":["https:\/\/rebelion.org\/autor\/enric-llopis\/","https:\/\/x.com\/enric_llopis"]}]}},"_links":{"self":[{"href":"https:\/\/www.revistarambla.com\/en\/wp-json\/wp\/v2\/posts\/28374","targetHints":{"allow":["GET"]}}],"collection":[{"href":"https:\/\/www.revistarambla.com\/en\/wp-json\/wp\/v2\/posts"}],"about":[{"href":"https:\/\/www.revistarambla.com\/en\/wp-json\/wp\/v2\/types\/post"}],"author":[{"embeddable":true,"href":"https:\/\/www.revistarambla.com\/en\/wp-json\/wp\/v2\/users\/46"}],"replies":[{"embeddable":true,"href":"https:\/\/www.revistarambla.com\/en\/wp-json\/wp\/v2\/comments?post=28374"}],"version-history":[{"count":0,"href":"https:\/\/www.revistarambla.com\/en\/wp-json\/wp\/v2\/posts\/28374\/revisions"}],"wp:featuredmedia":[{"embeddable":true,"href":"https:\/\/www.revistarambla.com\/en\/wp-json\/wp\/v2\/media\/28376"}],"wp:attachment":[{"href":"https:\/\/www.revistarambla.com\/en\/wp-json\/wp\/v2\/media?parent=28374"}],"wp:term":[{"taxonomy":"category","embeddable":true,"href":"https:\/\/www.revistarambla.com\/en\/wp-json\/wp\/v2\/categories?post=28374"},{"taxonomy":"post_tag","embeddable":true,"href":"https:\/\/www.revistarambla.com\/en\/wp-json\/wp\/v2\/tags?post=28374"}],"curies":[{"name":"wp","href":"https:\/\/api.w.org\/{rel}","templated":true}]}}