{"id":28312,"date":"2021-02-17T20:00:58","date_gmt":"2021-02-17T19:00:58","guid":{"rendered":"https:\/\/www.revistarambla.com\/?p=28312"},"modified":"2022-09-13T19:07:27","modified_gmt":"2022-09-13T17:07:27","slug":"mataro-abre-al-publico-una-segunda-exposicion-de-la-fundacio-carmen-y-lluis-bassat-dedicada-a-la-decada-de-los-90","status":"publish","type":"post","link":"https:\/\/www.revistarambla.com\/en\/mataro-abre-al-publico-una-segunda-exposicion-de-la-fundacio-carmen-y-lluis-bassat-dedicada-a-la-decada-de-los-90\/","title":{"rendered":"Matar\u00f3 abre al p\u00fablico una segunda exposici\u00f3n de la Fundaci\u00f3 Carmen y Llu\u00eds Bassat dedicada a la d\u00e9cada de los 90"},"content":{"rendered":"<figure id=\"attachment_28313\" aria-describedby=\"caption-attachment-28313\" style=\"width: 300px\" class=\"wp-caption alignright\"><a href=\"https:\/\/www.revistarambla.com\/wp-content\/uploads\/2021\/02\/Plano-general-de-Nau-Gaudi\u0301-scaled.jpg\"><img decoding=\"async\" class=\"wp-image-28313 size-medium\" src=\"https:\/\/www.revistarambla.com\/wp-content\/uploads\/2021\/02\/Plano-general-de-Nau-Gaudi\u0301-300x225.jpg\" alt=\"\" width=\"300\" height=\"225\" srcset=\"https:\/\/www.revistarambla.com\/wp-content\/uploads\/2021\/02\/Plano-general-de-Nau-Gaudi\u0301-300x225.jpg 300w, https:\/\/www.revistarambla.com\/wp-content\/uploads\/2021\/02\/Plano-general-de-Nau-Gaudi\u0301-1024x768.jpg 1024w, https:\/\/www.revistarambla.com\/wp-content\/uploads\/2021\/02\/Plano-general-de-Nau-Gaudi\u0301-768x576.jpg 768w, https:\/\/www.revistarambla.com\/wp-content\/uploads\/2021\/02\/Plano-general-de-Nau-Gaudi\u0301-1536x1152.jpg 1536w, https:\/\/www.revistarambla.com\/wp-content\/uploads\/2021\/02\/Plano-general-de-Nau-Gaudi\u0301-scaled.jpg 2048w\" sizes=\"(max-width: 300px) 100vw, 300px\" \/><\/a><figcaption id=\"caption-attachment-28313\" class=\"wp-caption-text\">Plano general de Nau Gaudi\u0301.<\/figcaption><\/figure>\n<p style=\"text-align: left;\" align=\"JUSTIFY\">La exposici\u00f3n, abierta en la <strong>Nau Gaud\u00ed<\/strong> desde el 27 de enero, podr\u00e1 visitarse hasta el 17 de octubre de 2021. Organizada por el Consorci del Museu d&#8217;Art Contemporani de Matar\u00f3, se muestran piezas de autores como Arranz-Bravo, Artigau, Barcel\u00f3, Chillida, Gordillo y Saura.<\/p>\n<p style=\"text-align: left;\" align=\"JUSTIFY\">La Nau Gaud\u00ed fue uno de los primeros edificios civiles que Antoni Gaud\u00ed proyect\u00f3 al poco tiempo de finalizar sus a\u00f1os de estudio. El proyecto de construcci\u00f3n fue encargado por la Sociedad Cooperativa Obrera Mataronense en 1878 y fue terminado en 1883.<i> <\/i>Su emblema, una abeja obrera que se coloc\u00f3 en la punta del estandarte de la Sociedad, tambi\u00e9n fue dise\u00f1ado por el arquitecto reusense. En estos momentos, el emblema se expone en la segunda planta del Museu de Matar\u00f3 (Can Serra Hist\u00f2ria de la Ciutat).<\/p>\n<p style=\"text-align: left;\" align=\"JUSTIFY\">Inicialmente, sirvi\u00f3 como nave de blanqueo de algod\u00f3n. Y a su alrededor, una colonia de viviendas, con escuelas y sanitarios, serv\u00eda como cobijo y protecci\u00f3n para los obreros que trabajaban en ella.<\/p>\n<p style=\"text-align: left;\" align=\"JUSTIFY\">Su estructura interior se compuso primero por siete arcos parab\u00f3licos pero en 1885 se a\u00f1adieron seis arcos m\u00e1s.<\/p>\n<p style=\"text-align: left;\" align=\"JUSTIFY\">Hoy en d\u00eda, y desde hace diez a\u00f1os, este paradigma del Modernismo en Matar\u00f3, alberga la colecci\u00f3n de arte del publicista Llu\u00eds Bassat y de su esposa Carmen.<\/p>\n<p style=\"text-align: left;\" align=\"JUSTIFY\">En estos d\u00edas, podemos visitar y contemplar una segunda exposici\u00f3n colectiva dedicada a piezas ejecutadas durante los a\u00f1os noventa (1990-1999 II<a class=\"sdfootnoteanc\" href=\"#sdfootnote1sym\" name=\"sdfootnote1anc\"><sup>1<\/sup><\/a>).<\/p>\n<p style=\"text-align: left;\" align=\"JUSTIFY\">Como se indica en el Programa de mano, la exposici\u00f3n est\u00e1 formada por ochenta y tres piezas de cuarenta artistas de nacionalidades y generaciones diversas, con un destacable reconocimiento y notoriedad a nivel global.<\/p>\n<div id=\"sdfootnote1\">\n<p style=\"text-align: left;\" align=\"JUSTIFY\"><span style=\"font-size: small;\"><a class=\"sdfootnotesym\" href=\"#sdfootnote1anc\" name=\"sdfootnote1sym\">1<\/a>En la edici\u00f3n anterior se expuso una primera muestra con producciones realizadas en esta d\u00e9cada. Y en retrospectivas anteriores, el contenido tambi\u00e9n segu\u00eda un orden cronol\u00f3gico: a\u00f1os sesenta, setenta y ochenta. Algunas de estas tambi\u00e9n se dividieron en dos partes.<\/span><\/p>\n<h3 align=\"JUSTIFY\">Galer\u00eda de im\u00e1genes:<\/h3>\n<figure id=\"attachment_28318\" aria-describedby=\"caption-attachment-28318\" style=\"width: 150px\" class=\"wp-caption alignleft\"><a href=\"https:\/\/www.revistarambla.com\/wp-content\/uploads\/2021\/02\/Lotura-XIV-1991-Eduardo-Chillida-scaled.jpg\"><img decoding=\"async\" class=\"wp-image-28318 size-thumbnail\" src=\"https:\/\/www.revistarambla.com\/wp-content\/uploads\/2021\/02\/Lotura-XIV-1991-Eduardo-Chillida-150x150.jpg\" alt=\"\" width=\"150\" height=\"150\" srcset=\"https:\/\/www.revistarambla.com\/wp-content\/uploads\/2021\/02\/Lotura-XIV-1991-Eduardo-Chillida-150x150.jpg 150w, https:\/\/www.revistarambla.com\/wp-content\/uploads\/2021\/02\/Lotura-XIV-1991-Eduardo-Chillida-70x70.jpg 70w\" sizes=\"(max-width: 150px) 100vw, 150px\" \/><\/a><figcaption id=\"caption-attachment-28318\" class=\"wp-caption-text\"><em>Lotura XIV<\/em> (1991), Eduardo Chillida.<\/figcaption><\/figure>\n<figure id=\"attachment_28316\" aria-describedby=\"caption-attachment-28316\" style=\"width: 150px\" class=\"wp-caption alignleft\"><a href=\"https:\/\/www.revistarambla.com\/wp-content\/uploads\/2021\/02\/Piezas-de-Gordillo-y-Genove\u0301s-scaled.jpg\"><img decoding=\"async\" class=\"wp-image-28316 size-thumbnail\" src=\"https:\/\/www.revistarambla.com\/wp-content\/uploads\/2021\/02\/Piezas-de-Gordillo-y-Genove\u0301s-150x150.jpg\" alt=\"\" width=\"150\" height=\"150\" srcset=\"https:\/\/www.revistarambla.com\/wp-content\/uploads\/2021\/02\/Piezas-de-Gordillo-y-Genove\u0301s-150x150.jpg 150w, https:\/\/www.revistarambla.com\/wp-content\/uploads\/2021\/02\/Piezas-de-Gordillo-y-Genove\u0301s-70x70.jpg 70w\" sizes=\"(max-width: 150px) 100vw, 150px\" \/><\/a><figcaption id=\"caption-attachment-28316\" class=\"wp-caption-text\">Piezas de Gordillo y Genove\u0301s.<\/figcaption><\/figure>\n<figure id=\"attachment_28317\" aria-describedby=\"caption-attachment-28317\" style=\"width: 150px\" class=\"wp-caption alignleft\"><a href=\"https:\/\/www.revistarambla.com\/wp-content\/uploads\/2021\/02\/Ring-1998-Manuel-Rubiales-scaled.jpg\"><img decoding=\"async\" class=\"wp-image-28317 size-thumbnail\" src=\"https:\/\/www.revistarambla.com\/wp-content\/uploads\/2021\/02\/Ring-1998-Manuel-Rubiales-150x150.jpg\" alt=\"\" width=\"150\" height=\"150\" srcset=\"https:\/\/www.revistarambla.com\/wp-content\/uploads\/2021\/02\/Ring-1998-Manuel-Rubiales-150x150.jpg 150w, https:\/\/www.revistarambla.com\/wp-content\/uploads\/2021\/02\/Ring-1998-Manuel-Rubiales-70x70.jpg 70w\" sizes=\"(max-width: 150px) 100vw, 150px\" \/><\/a><figcaption id=\"caption-attachment-28317\" class=\"wp-caption-text\"><em>Ring<\/em> (1998), Manuel Rubiales.<\/figcaption><\/figure>\n<figure id=\"attachment_28314\" aria-describedby=\"caption-attachment-28314\" style=\"width: 150px\" class=\"wp-caption alignleft\"><a href=\"https:\/\/www.revistarambla.com\/wp-content\/uploads\/2021\/02\/Laura-al-jardi\u0301-1990-Josep-Novellas-scaled.jpg\"><img decoding=\"async\" class=\"wp-image-28314 size-thumbnail\" src=\"https:\/\/www.revistarambla.com\/wp-content\/uploads\/2021\/02\/Laura-al-jardi\u0301-1990-Josep-Novellas-150x150.jpg\" alt=\"\" width=\"150\" height=\"150\" srcset=\"https:\/\/www.revistarambla.com\/wp-content\/uploads\/2021\/02\/Laura-al-jardi\u0301-1990-Josep-Novellas-150x150.jpg 150w, https:\/\/www.revistarambla.com\/wp-content\/uploads\/2021\/02\/Laura-al-jardi\u0301-1990-Josep-Novellas-70x70.jpg 70w\" sizes=\"(max-width: 150px) 100vw, 150px\" \/><\/a><figcaption id=\"caption-attachment-28314\" class=\"wp-caption-text\"><em>Laura al jardi\u0301<\/em> (1990), Josep Novellas.<\/figcaption><\/figure>\n<figure id=\"attachment_28315\" aria-describedby=\"caption-attachment-28315\" style=\"width: 150px\" class=\"wp-caption aligncenter\"><a href=\"https:\/\/www.revistarambla.com\/wp-content\/uploads\/2021\/02\/Pieza-de-Herna\u0301ndez-Pijuan-scaled.jpg\"><img decoding=\"async\" class=\"wp-image-28315 size-thumbnail\" src=\"https:\/\/www.revistarambla.com\/wp-content\/uploads\/2021\/02\/Pieza-de-Herna\u0301ndez-Pijuan-150x150.jpg\" alt=\"\" width=\"150\" height=\"150\" srcset=\"https:\/\/www.revistarambla.com\/wp-content\/uploads\/2021\/02\/Pieza-de-Herna\u0301ndez-Pijuan-150x150.jpg 150w, https:\/\/www.revistarambla.com\/wp-content\/uploads\/2021\/02\/Pieza-de-Herna\u0301ndez-Pijuan-70x70.jpg 70w\" sizes=\"(max-width: 150px) 100vw, 150px\" \/><\/a><figcaption id=\"caption-attachment-28315\" class=\"wp-caption-text\">Pieza de Herna\u0301ndez Pijuan.<\/figcaption><\/figure>\n<\/div>","protected":false},"excerpt":{"rendered":"<p>La exposici\u00f3n, abierta en la Nau Gaud\u00ed desde el 27 de enero, podr\u00e1 visitarse hasta el 17 de octubre de 2021. Organizada por el Consorci del Museu d&#8217;Art Contemporani de Matar\u00f3, se muestran piezas de autores como Arranz-Bravo, Artigau, Barcel\u00f3, Chillida, Gordillo y Saura. La Nau Gaud\u00ed fue uno de [&hellip;]<\/p>\n","protected":false},"author":317,"featured_media":28313,"comment_status":"open","ping_status":"open","sticky":false,"template":"","format":"standard","meta":{"footnotes":""},"categories":[64],"tags":[],"class_list":["post-28312","post","type-post","status-publish","format-standard","has-post-thumbnail","hentry","category-arte"],"yoast_head":"<!-- This site is optimized with the Yoast SEO plugin v27.5 - https:\/\/yoast.com\/product\/yoast-seo-wordpress\/ -->\n<title>Matar\u00f3 abre al p\u00fablico una segunda exposici\u00f3n de la Fundaci\u00f3 Carmen y Llu\u00eds Bassat dedicada a la d\u00e9cada de los 90 - Revista Rambla<\/title>\n<meta name=\"robots\" content=\"index, follow, max-snippet:-1, max-image-preview:large, max-video-preview:-1\" \/>\n<link rel=\"canonical\" href=\"https:\/\/www.revistarambla.com\/en\/mataro-abre-al-publico-una-segunda-exposicion-de-la-fundacio-carmen-y-lluis-bassat-dedicada-a-la-decada-de-los-90\/\" \/>\n<meta property=\"og:locale\" content=\"en_GB\" \/>\n<meta property=\"og:type\" content=\"article\" \/>\n<meta property=\"og:title\" content=\"Matar\u00f3 abre al p\u00fablico una segunda exposici\u00f3n de la Fundaci\u00f3 Carmen y Llu\u00eds Bassat dedicada a la d\u00e9cada de los 90 - Revista Rambla\" \/>\n<meta property=\"og:description\" content=\"La exposici\u00f3n, abierta en la Nau Gaud\u00ed desde el 27 de enero, podr\u00e1 visitarse hasta el 17 de octubre de 2021. Organizada por el Consorci del Museu d&#8217;Art Contemporani de Matar\u00f3, se muestran piezas de autores como Arranz-Bravo, Artigau, Barcel\u00f3, Chillida, Gordillo y Saura. La Nau Gaud\u00ed fue uno de [&hellip;]\" \/>\n<meta property=\"og:url\" content=\"https:\/\/www.revistarambla.com\/en\/mataro-abre-al-publico-una-segunda-exposicion-de-la-fundacio-carmen-y-lluis-bassat-dedicada-a-la-decada-de-los-90\/\" \/>\n<meta property=\"og:site_name\" content=\"Revista Rambla\" \/>\n<meta property=\"article:publisher\" content=\"https:\/\/www.facebook.com\/revistarambla\/\" \/>\n<meta property=\"article:published_time\" content=\"2021-02-17T19:00:58+00:00\" \/>\n<meta property=\"article:modified_time\" content=\"2022-09-13T17:07:27+00:00\" \/>\n<meta property=\"og:image\" content=\"https:\/\/www.revistarambla.com\/wp-content\/uploads\/2021\/02\/Plano-general-de-Nau-Gaudi\u0301-scaled.jpg\" \/>\n\t<meta property=\"og:image:width\" content=\"2048\" \/>\n\t<meta property=\"og:image:height\" content=\"1536\" \/>\n\t<meta property=\"og:image:type\" content=\"image\/jpeg\" \/>\n<meta name=\"author\" content=\"Jos\u00e9 Antonio Lara Cort\u00e9s\" \/>\n<meta name=\"twitter:card\" content=\"summary_large_image\" \/>\n<meta name=\"twitter:creator\" content=\"@revistarambla\" \/>\n<meta name=\"twitter:site\" content=\"@revistarambla\" \/>\n<meta name=\"twitter:label1\" content=\"Written by\" \/>\n\t<meta name=\"twitter:data1\" content=\"Jos\u00e9 Antonio Lara Cort\u00e9s\" \/>\n\t<meta name=\"twitter:label2\" content=\"Estimated reading time\" \/>\n\t<meta name=\"twitter:data2\" content=\"3 minutes\" \/>\n<script type=\"application\/ld+json\" class=\"yoast-schema-graph\">{\"@context\":\"https:\\\/\\\/schema.org\",\"@graph\":[{\"@type\":\"Article\",\"@id\":\"https:\\\/\\\/www.revistarambla.com\\\/mataro-abre-al-publico-una-segunda-exposicion-de-la-fundacio-carmen-y-lluis-bassat-dedicada-a-la-decada-de-los-90\\\/#article\",\"isPartOf\":{\"@id\":\"https:\\\/\\\/www.revistarambla.com\\\/mataro-abre-al-publico-una-segunda-exposicion-de-la-fundacio-carmen-y-lluis-bassat-dedicada-a-la-decada-de-los-90\\\/\"},\"author\":{\"name\":\"Jos\u00e9 Antonio Lara Cort\u00e9s\",\"@id\":\"https:\\\/\\\/www.revistarambla.com\\\/#\\\/schema\\\/person\\\/aa289c4fc24aad1822af91781b1e8535\"},\"headline\":\"Matar\u00f3 abre al p\u00fablico una segunda exposici\u00f3n de la Fundaci\u00f3 Carmen y Llu\u00eds Bassat dedicada a la d\u00e9cada de los 90\",\"datePublished\":\"2021-02-17T19:00:58+00:00\",\"dateModified\":\"2022-09-13T17:07:27+00:00\",\"mainEntityOfPage\":{\"@id\":\"https:\\\/\\\/www.revistarambla.com\\\/mataro-abre-al-publico-una-segunda-exposicion-de-la-fundacio-carmen-y-lluis-bassat-dedicada-a-la-decada-de-los-90\\\/\"},\"wordCount\":424,\"commentCount\":0,\"publisher\":{\"@id\":\"https:\\\/\\\/www.revistarambla.com\\\/#organization\"},\"image\":{\"@id\":\"https:\\\/\\\/www.revistarambla.com\\\/mataro-abre-al-publico-una-segunda-exposicion-de-la-fundacio-carmen-y-lluis-bassat-dedicada-a-la-decada-de-los-90\\\/#primaryimage\"},\"thumbnailUrl\":\"https:\\\/\\\/www.revistarambla.com\\\/wp-content\\\/uploads\\\/2021\\\/02\\\/Plano-general-de-Nau-Gaudi\u0301-scaled.jpg\",\"articleSection\":[\"Arte\"],\"inLanguage\":\"en-GB\",\"potentialAction\":[{\"@type\":\"CommentAction\",\"name\":\"Comment\",\"target\":[\"https:\\\/\\\/www.revistarambla.com\\\/mataro-abre-al-publico-una-segunda-exposicion-de-la-fundacio-carmen-y-lluis-bassat-dedicada-a-la-decada-de-los-90\\\/#respond\"]}]},{\"@type\":\"WebPage\",\"@id\":\"https:\\\/\\\/www.revistarambla.com\\\/mataro-abre-al-publico-una-segunda-exposicion-de-la-fundacio-carmen-y-lluis-bassat-dedicada-a-la-decada-de-los-90\\\/\",\"url\":\"https:\\\/\\\/www.revistarambla.com\\\/mataro-abre-al-publico-una-segunda-exposicion-de-la-fundacio-carmen-y-lluis-bassat-dedicada-a-la-decada-de-los-90\\\/\",\"name\":\"Matar\u00f3 abre al p\u00fablico una segunda exposici\u00f3n de la Fundaci\u00f3 Carmen y Llu\u00eds Bassat dedicada a la d\u00e9cada de los 90 - Revista Rambla\",\"isPartOf\":{\"@id\":\"https:\\\/\\\/www.revistarambla.com\\\/#website\"},\"primaryImageOfPage\":{\"@id\":\"https:\\\/\\\/www.revistarambla.com\\\/mataro-abre-al-publico-una-segunda-exposicion-de-la-fundacio-carmen-y-lluis-bassat-dedicada-a-la-decada-de-los-90\\\/#primaryimage\"},\"image\":{\"@id\":\"https:\\\/\\\/www.revistarambla.com\\\/mataro-abre-al-publico-una-segunda-exposicion-de-la-fundacio-carmen-y-lluis-bassat-dedicada-a-la-decada-de-los-90\\\/#primaryimage\"},\"thumbnailUrl\":\"https:\\\/\\\/www.revistarambla.com\\\/wp-content\\\/uploads\\\/2021\\\/02\\\/Plano-general-de-Nau-Gaudi\u0301-scaled.jpg\",\"datePublished\":\"2021-02-17T19:00:58+00:00\",\"dateModified\":\"2022-09-13T17:07:27+00:00\",\"breadcrumb\":{\"@id\":\"https:\\\/\\\/www.revistarambla.com\\\/mataro-abre-al-publico-una-segunda-exposicion-de-la-fundacio-carmen-y-lluis-bassat-dedicada-a-la-decada-de-los-90\\\/#breadcrumb\"},\"inLanguage\":\"en-GB\",\"potentialAction\":[{\"@type\":\"ReadAction\",\"target\":[\"https:\\\/\\\/www.revistarambla.com\\\/mataro-abre-al-publico-una-segunda-exposicion-de-la-fundacio-carmen-y-lluis-bassat-dedicada-a-la-decada-de-los-90\\\/\"]}]},{\"@type\":\"ImageObject\",\"inLanguage\":\"en-GB\",\"@id\":\"https:\\\/\\\/www.revistarambla.com\\\/mataro-abre-al-publico-una-segunda-exposicion-de-la-fundacio-carmen-y-lluis-bassat-dedicada-a-la-decada-de-los-90\\\/#primaryimage\",\"url\":\"https:\\\/\\\/www.revistarambla.com\\\/wp-content\\\/uploads\\\/2021\\\/02\\\/Plano-general-de-Nau-Gaudi\u0301-scaled.jpg\",\"contentUrl\":\"https:\\\/\\\/www.revistarambla.com\\\/wp-content\\\/uploads\\\/2021\\\/02\\\/Plano-general-de-Nau-Gaudi\u0301-scaled.jpg\",\"width\":2048,\"height\":1536},{\"@type\":\"BreadcrumbList\",\"@id\":\"https:\\\/\\\/www.revistarambla.com\\\/mataro-abre-al-publico-una-segunda-exposicion-de-la-fundacio-carmen-y-lluis-bassat-dedicada-a-la-decada-de-los-90\\\/#breadcrumb\",\"itemListElement\":[{\"@type\":\"ListItem\",\"position\":1,\"name\":\"Portada\",\"item\":\"https:\\\/\\\/www.revistarambla.com\\\/\"},{\"@type\":\"ListItem\",\"position\":2,\"name\":\"Matar\u00f3 abre al p\u00fablico una segunda exposici\u00f3n de la Fundaci\u00f3 Carmen y Llu\u00eds Bassat dedicada a la d\u00e9cada de los 90\"}]},{\"@type\":\"WebSite\",\"@id\":\"https:\\\/\\\/www.revistarambla.com\\\/#website\",\"url\":\"https:\\\/\\\/www.revistarambla.com\\\/\",\"name\":\"Revista Rambla Barcelona\",\"description\":\"Periodismo independiente\",\"publisher\":{\"@id\":\"https:\\\/\\\/www.revistarambla.com\\\/#organization\"},\"potentialAction\":[{\"@type\":\"SearchAction\",\"target\":{\"@type\":\"EntryPoint\",\"urlTemplate\":\"https:\\\/\\\/www.revistarambla.com\\\/?s={search_term_string}\"},\"query-input\":{\"@type\":\"PropertyValueSpecification\",\"valueRequired\":true,\"valueName\":\"search_term_string\"}}],\"inLanguage\":\"en-GB\"},{\"@type\":\"Organization\",\"@id\":\"https:\\\/\\\/www.revistarambla.com\\\/#organization\",\"name\":\"Revista Rambla\",\"url\":\"https:\\\/\\\/www.revistarambla.com\\\/\",\"logo\":{\"@type\":\"ImageObject\",\"inLanguage\":\"en-GB\",\"@id\":\"https:\\\/\\\/www.revistarambla.com\\\/#\\\/schema\\\/logo\\\/image\\\/\",\"url\":\"https:\\\/\\\/www.revistarambla.com\\\/wp-content\\\/uploads\\\/2020\\\/09\\\/banner_rambla_1900x600_BB.png\",\"contentUrl\":\"https:\\\/\\\/www.revistarambla.com\\\/wp-content\\\/uploads\\\/2020\\\/09\\\/banner_rambla_1900x600_BB.png\",\"width\":1900,\"height\":600,\"caption\":\"Revista Rambla\"},\"image\":{\"@id\":\"https:\\\/\\\/www.revistarambla.com\\\/#\\\/schema\\\/logo\\\/image\\\/\"},\"sameAs\":[\"https:\\\/\\\/www.facebook.com\\\/revistarambla\\\/\",\"https:\\\/\\\/x.com\\\/revistarambla\",\"https:\\\/\\\/www.instagram.com\\\/revista_rambla\",\"https:\\\/\\\/es.linkedin.com\\\/company\\\/revista-rambla\"]},{\"@type\":\"Person\",\"@id\":\"https:\\\/\\\/www.revistarambla.com\\\/#\\\/schema\\\/person\\\/aa289c4fc24aad1822af91781b1e8535\",\"name\":\"Jos\u00e9 Antonio Lara Cort\u00e9s\",\"description\":\"Nac\u00ed en Barcelona el 9 de abril de 1995. Tengo formaci\u00f3n art\u00edstica y pedag\u00f3gica. Desde peque\u00f1o me ha interesado conocer y tratar las cosas desde un prisma muy personal. Quiz\u00e1 por mi formaci\u00f3n, la mayor\u00eda de lo que he aportado, siempre ha sido analizado y mostrado no antes, sin pasar por los filtros de unos valores que siempre han ido cambiando, pero que guardan una relaci\u00f3n com\u00fan: la de hacer una funci\u00f3n benefactora y justa.\",\"sameAs\":[\"https:\\\/\\\/www.linkedin.com\\\/in\\\/jos%C3%A9-antonio-lara-cort%C3%A9s-574b081b9\\\/\"]}]}<\/script>\n<!-- \/ Yoast SEO plugin. -->","yoast_head_json":{"title":"Matar\u00f3 abre al p\u00fablico una segunda exposici\u00f3n de la Fundaci\u00f3 Carmen y Llu\u00eds Bassat dedicada a la d\u00e9cada de los 90 - Revista Rambla","robots":{"index":"index","follow":"follow","max-snippet":"max-snippet:-1","max-image-preview":"max-image-preview:large","max-video-preview":"max-video-preview:-1"},"canonical":"https:\/\/www.revistarambla.com\/en\/mataro-abre-al-publico-una-segunda-exposicion-de-la-fundacio-carmen-y-lluis-bassat-dedicada-a-la-decada-de-los-90\/","og_locale":"en_GB","og_type":"article","og_title":"Matar\u00f3 abre al p\u00fablico una segunda exposici\u00f3n de la Fundaci\u00f3 Carmen y Llu\u00eds Bassat dedicada a la d\u00e9cada de los 90 - Revista Rambla","og_description":"La exposici\u00f3n, abierta en la Nau Gaud\u00ed desde el 27 de enero, podr\u00e1 visitarse hasta el 17 de octubre de 2021. Organizada por el Consorci del Museu d&#8217;Art Contemporani de Matar\u00f3, se muestran piezas de autores como Arranz-Bravo, Artigau, Barcel\u00f3, Chillida, Gordillo y Saura. La Nau Gaud\u00ed fue uno de [&hellip;]","og_url":"https:\/\/www.revistarambla.com\/en\/mataro-abre-al-publico-una-segunda-exposicion-de-la-fundacio-carmen-y-lluis-bassat-dedicada-a-la-decada-de-los-90\/","og_site_name":"Revista Rambla","article_publisher":"https:\/\/www.facebook.com\/revistarambla\/","article_published_time":"2021-02-17T19:00:58+00:00","article_modified_time":"2022-09-13T17:07:27+00:00","og_image":[{"width":2048,"height":1536,"url":"https:\/\/www.revistarambla.com\/wp-content\/uploads\/2021\/02\/Plano-general-de-Nau-Gaudi\u0301-scaled.jpg","type":"image\/jpeg"}],"author":"Jos\u00e9 Antonio Lara Cort\u00e9s","twitter_card":"summary_large_image","twitter_creator":"@revistarambla","twitter_site":"@revistarambla","twitter_misc":{"Written by":"Jos\u00e9 Antonio Lara Cort\u00e9s","Estimated reading time":"3 minutes"},"schema":{"@context":"https:\/\/schema.org","@graph":[{"@type":"Article","@id":"https:\/\/www.revistarambla.com\/mataro-abre-al-publico-una-segunda-exposicion-de-la-fundacio-carmen-y-lluis-bassat-dedicada-a-la-decada-de-los-90\/#article","isPartOf":{"@id":"https:\/\/www.revistarambla.com\/mataro-abre-al-publico-una-segunda-exposicion-de-la-fundacio-carmen-y-lluis-bassat-dedicada-a-la-decada-de-los-90\/"},"author":{"name":"Jos\u00e9 Antonio Lara Cort\u00e9s","@id":"https:\/\/www.revistarambla.com\/#\/schema\/person\/aa289c4fc24aad1822af91781b1e8535"},"headline":"Matar\u00f3 abre al p\u00fablico una segunda exposici\u00f3n de la Fundaci\u00f3 Carmen y Llu\u00eds Bassat dedicada a la d\u00e9cada de los 90","datePublished":"2021-02-17T19:00:58+00:00","dateModified":"2022-09-13T17:07:27+00:00","mainEntityOfPage":{"@id":"https:\/\/www.revistarambla.com\/mataro-abre-al-publico-una-segunda-exposicion-de-la-fundacio-carmen-y-lluis-bassat-dedicada-a-la-decada-de-los-90\/"},"wordCount":424,"commentCount":0,"publisher":{"@id":"https:\/\/www.revistarambla.com\/#organization"},"image":{"@id":"https:\/\/www.revistarambla.com\/mataro-abre-al-publico-una-segunda-exposicion-de-la-fundacio-carmen-y-lluis-bassat-dedicada-a-la-decada-de-los-90\/#primaryimage"},"thumbnailUrl":"https:\/\/www.revistarambla.com\/wp-content\/uploads\/2021\/02\/Plano-general-de-Nau-Gaudi\u0301-scaled.jpg","articleSection":["Arte"],"inLanguage":"en-GB","potentialAction":[{"@type":"CommentAction","name":"Comment","target":["https:\/\/www.revistarambla.com\/mataro-abre-al-publico-una-segunda-exposicion-de-la-fundacio-carmen-y-lluis-bassat-dedicada-a-la-decada-de-los-90\/#respond"]}]},{"@type":"WebPage","@id":"https:\/\/www.revistarambla.com\/mataro-abre-al-publico-una-segunda-exposicion-de-la-fundacio-carmen-y-lluis-bassat-dedicada-a-la-decada-de-los-90\/","url":"https:\/\/www.revistarambla.com\/mataro-abre-al-publico-una-segunda-exposicion-de-la-fundacio-carmen-y-lluis-bassat-dedicada-a-la-decada-de-los-90\/","name":"Matar\u00f3 abre al p\u00fablico una segunda exposici\u00f3n de la Fundaci\u00f3 Carmen y Llu\u00eds Bassat dedicada a la d\u00e9cada de los 90 - Revista Rambla","isPartOf":{"@id":"https:\/\/www.revistarambla.com\/#website"},"primaryImageOfPage":{"@id":"https:\/\/www.revistarambla.com\/mataro-abre-al-publico-una-segunda-exposicion-de-la-fundacio-carmen-y-lluis-bassat-dedicada-a-la-decada-de-los-90\/#primaryimage"},"image":{"@id":"https:\/\/www.revistarambla.com\/mataro-abre-al-publico-una-segunda-exposicion-de-la-fundacio-carmen-y-lluis-bassat-dedicada-a-la-decada-de-los-90\/#primaryimage"},"thumbnailUrl":"https:\/\/www.revistarambla.com\/wp-content\/uploads\/2021\/02\/Plano-general-de-Nau-Gaudi\u0301-scaled.jpg","datePublished":"2021-02-17T19:00:58+00:00","dateModified":"2022-09-13T17:07:27+00:00","breadcrumb":{"@id":"https:\/\/www.revistarambla.com\/mataro-abre-al-publico-una-segunda-exposicion-de-la-fundacio-carmen-y-lluis-bassat-dedicada-a-la-decada-de-los-90\/#breadcrumb"},"inLanguage":"en-GB","potentialAction":[{"@type":"ReadAction","target":["https:\/\/www.revistarambla.com\/mataro-abre-al-publico-una-segunda-exposicion-de-la-fundacio-carmen-y-lluis-bassat-dedicada-a-la-decada-de-los-90\/"]}]},{"@type":"ImageObject","inLanguage":"en-GB","@id":"https:\/\/www.revistarambla.com\/mataro-abre-al-publico-una-segunda-exposicion-de-la-fundacio-carmen-y-lluis-bassat-dedicada-a-la-decada-de-los-90\/#primaryimage","url":"https:\/\/www.revistarambla.com\/wp-content\/uploads\/2021\/02\/Plano-general-de-Nau-Gaudi\u0301-scaled.jpg","contentUrl":"https:\/\/www.revistarambla.com\/wp-content\/uploads\/2021\/02\/Plano-general-de-Nau-Gaudi\u0301-scaled.jpg","width":2048,"height":1536},{"@type":"BreadcrumbList","@id":"https:\/\/www.revistarambla.com\/mataro-abre-al-publico-una-segunda-exposicion-de-la-fundacio-carmen-y-lluis-bassat-dedicada-a-la-decada-de-los-90\/#breadcrumb","itemListElement":[{"@type":"ListItem","position":1,"name":"Portada","item":"https:\/\/www.revistarambla.com\/"},{"@type":"ListItem","position":2,"name":"Matar\u00f3 abre al p\u00fablico una segunda exposici\u00f3n de la Fundaci\u00f3 Carmen y Llu\u00eds Bassat dedicada a la d\u00e9cada de los 90"}]},{"@type":"WebSite","@id":"https:\/\/www.revistarambla.com\/#website","url":"https:\/\/www.revistarambla.com\/","name":"Revista Rambla Barcelona","description":"Periodismo independiente","publisher":{"@id":"https:\/\/www.revistarambla.com\/#organization"},"potentialAction":[{"@type":"SearchAction","target":{"@type":"EntryPoint","urlTemplate":"https:\/\/www.revistarambla.com\/?s={search_term_string}"},"query-input":{"@type":"PropertyValueSpecification","valueRequired":true,"valueName":"search_term_string"}}],"inLanguage":"en-GB"},{"@type":"Organization","@id":"https:\/\/www.revistarambla.com\/#organization","name":"Revista Rambla","url":"https:\/\/www.revistarambla.com\/","logo":{"@type":"ImageObject","inLanguage":"en-GB","@id":"https:\/\/www.revistarambla.com\/#\/schema\/logo\/image\/","url":"https:\/\/www.revistarambla.com\/wp-content\/uploads\/2020\/09\/banner_rambla_1900x600_BB.png","contentUrl":"https:\/\/www.revistarambla.com\/wp-content\/uploads\/2020\/09\/banner_rambla_1900x600_BB.png","width":1900,"height":600,"caption":"Revista Rambla"},"image":{"@id":"https:\/\/www.revistarambla.com\/#\/schema\/logo\/image\/"},"sameAs":["https:\/\/www.facebook.com\/revistarambla\/","https:\/\/x.com\/revistarambla","https:\/\/www.instagram.com\/revista_rambla","https:\/\/es.linkedin.com\/company\/revista-rambla"]},{"@type":"Person","@id":"https:\/\/www.revistarambla.com\/#\/schema\/person\/aa289c4fc24aad1822af91781b1e8535","name":"Jos\u00e9 Antonio Lara Cort\u00e9s","description":"Nac\u00ed en Barcelona el 9 de abril de 1995. Tengo formaci\u00f3n art\u00edstica y pedag\u00f3gica. Desde peque\u00f1o me ha interesado conocer y tratar las cosas desde un prisma muy personal. Quiz\u00e1 por mi formaci\u00f3n, la mayor\u00eda de lo que he aportado, siempre ha sido analizado y mostrado no antes, sin pasar por los filtros de unos valores que siempre han ido cambiando, pero que guardan una relaci\u00f3n com\u00fan: la de hacer una funci\u00f3n benefactora y justa.","sameAs":["https:\/\/www.linkedin.com\/in\/jos%C3%A9-antonio-lara-cort%C3%A9s-574b081b9\/"]}]}},"_links":{"self":[{"href":"https:\/\/www.revistarambla.com\/en\/wp-json\/wp\/v2\/posts\/28312","targetHints":{"allow":["GET"]}}],"collection":[{"href":"https:\/\/www.revistarambla.com\/en\/wp-json\/wp\/v2\/posts"}],"about":[{"href":"https:\/\/www.revistarambla.com\/en\/wp-json\/wp\/v2\/types\/post"}],"author":[{"embeddable":true,"href":"https:\/\/www.revistarambla.com\/en\/wp-json\/wp\/v2\/users\/317"}],"replies":[{"embeddable":true,"href":"https:\/\/www.revistarambla.com\/en\/wp-json\/wp\/v2\/comments?post=28312"}],"version-history":[{"count":1,"href":"https:\/\/www.revistarambla.com\/en\/wp-json\/wp\/v2\/posts\/28312\/revisions"}],"predecessor-version":[{"id":46565,"href":"https:\/\/www.revistarambla.com\/en\/wp-json\/wp\/v2\/posts\/28312\/revisions\/46565"}],"wp:featuredmedia":[{"embeddable":true,"href":"https:\/\/www.revistarambla.com\/en\/wp-json\/wp\/v2\/media\/28313"}],"wp:attachment":[{"href":"https:\/\/www.revistarambla.com\/en\/wp-json\/wp\/v2\/media?parent=28312"}],"wp:term":[{"taxonomy":"category","embeddable":true,"href":"https:\/\/www.revistarambla.com\/en\/wp-json\/wp\/v2\/categories?post=28312"},{"taxonomy":"post_tag","embeddable":true,"href":"https:\/\/www.revistarambla.com\/en\/wp-json\/wp\/v2\/tags?post=28312"}],"curies":[{"name":"wp","href":"https:\/\/api.w.org\/{rel}","templated":true}]}}