{"id":28298,"date":"2021-02-17T19:05:18","date_gmt":"2021-02-17T18:05:18","guid":{"rendered":"https:\/\/www.revistarambla.com\/?p=28298"},"modified":"2021-12-07T16:18:22","modified_gmt":"2021-12-07T15:18:22","slug":"exegesis-de-la-asimetria-judicial-del-estado-espanol","status":"publish","type":"post","link":"https:\/\/www.revistarambla.com\/en\/exegesis-de-la-asimetria-judicial-del-estado-espanol\/","title":{"rendered":"Ex\u00e9gesis de la asimetr\u00eda judicial del Estado espa\u00f1ol"},"content":{"rendered":"<p><a href=\"https:\/\/www.revistarambla.com\/wp-content\/uploads\/2021\/02\/Pablo-Hasel.jpg\"><img decoding=\"async\" class=\"alignright wp-image-28299 size-medium\" src=\"https:\/\/www.revistarambla.com\/wp-content\/uploads\/2021\/02\/Pablo-Hasel-300x225.jpg\" alt=\"\" width=\"300\" height=\"225\" srcset=\"https:\/\/www.revistarambla.com\/wp-content\/uploads\/2021\/02\/Pablo-Hasel-300x225.jpg 300w, https:\/\/www.revistarambla.com\/wp-content\/uploads\/2021\/02\/Pablo-Hasel-768x576.jpg 768w, https:\/\/www.revistarambla.com\/wp-content\/uploads\/2021\/02\/Pablo-Hasel.jpg 1024w\" sizes=\"(max-width: 300px) 100vw, 300px\" \/><\/a>El establishment del Estado espa\u00f1ol estar\u00eda formado por las \u00e9lites financiera-empresarial, pol\u00edtica, judicial, militar, jerarqu\u00eda cat\u00f3lica,universitaria y mass media del Estado espa\u00f1ol,herederos naturales del legado del General Franco que habr\u00edan fagocitado todas las esferas de decisi\u00f3n (seg\u00fan se desprende de la lectura del libro \u201cOligarqu\u00eda financiera y poder pol\u00edtico en Espa\u00f1a\u201d escrito por el ex-banquero Manuel Puerto Ducet). Dichos lobbys de presi\u00f3n estar\u00edan interconectadas mediante \u201cuna alianza inquieta basada en su comunidad de intereses econ\u00f3micos y amalgamada por la defensa a ultranza del R\u00e9gimen del 78 y de la \u201cunidad indisoluble de Espa\u00f1a\u201d.<\/p>\n<p>El Tardofranquismo judicial tendr\u00eda a la Audiencia nacional como brazo ejecutor y al Tribunal Supremo como dique de contenci\u00f3n de los recursos populares contra la parasitaria y corrupta clase pol\u00edtica establecida en cualquier segmento de poder mediante el status de aforado (l\u00e9ase casos Rato y Cifuentes), a los jueces Lamela y Llarena como su m\u00e1s destacados peones y al juez Marchena como Sumo Sacerdote de unos tribunales que estar\u00edan controlados por el llamado \u201cclan de los pol\u00edticos\u201d en palabras del ex-Presidente de Sala del TS, Ram\u00f3n Trillo, descollando la Presidenta de la Sala de lo Penal de la Audiencia Nacional, Concepci\u00f3n Espejel, condecorada en su d\u00eda por la Presidenta del PP de Castilla la Mancha, Mar\u00eda Dolores de Cospedal).<\/p>\n<p>Asimismo, la libertad de expresi\u00f3n en Espa\u00f1a agoniza ante la nueva ofensiva represora de la Audiencia Nacional que intenta constri\u00f1ir hasta el paroxismo la libertad de expresi\u00f3n mediante la imposici\u00f3n sistem\u00e1tica de multas estratosf\u00e9ricas y cuyo pen\u00faltimo episodio ser\u00eda la entrada en prisi\u00f3n del rapero Pablo Has\u00e9l por presuntos \u201cdelitos de enaltecimiento del terrorismo e injurias a la Corona y a las Instituciones\u201d. Su encarcelamiento estar\u00eda motivado por 3 art\u00edculos del actual C\u00f3digo Penal que en repetidas ocasiones han sido denunciados por la ONU y la Uni\u00f3n Europea como \u201cconstrictoras de la libertad de expresi\u00f3n\u201d, pero la masiva respuesta popular en el Estado espa\u00f1ol as\u00ed las campa\u00f1as internacionales como la de Amnist\u00eda Internacional para denunciar la asimetr\u00eda judicial entre el caso Hasel y los contenciosos del Em\u00e9rito, podr\u00eda forzar la aplicaci\u00f3n por el Gobierno de <a href=\"https:\/\/www.revistarambla.com\/en\/indulto-para-pablo-hasel\/\">un indulto a Pablo Has\u00e9l<\/a> y la posterior derogaci\u00f3n de los art\u00edculos 578 y 491 del C\u00f3digo Penal relativos a los delitos de enaltecimiento al terrorismo e injurias a la Corona.<\/p>\n<p>Para silenciar a la disidencia al sistema dominante, el Tardofranquismo judicial emplea el llamado Lawfare o Guerra Judicial, t\u00e9rmino inventado por Susan W. Tiefenbrun en su tesis \u201cSemiotic Definition of Lawfare\u201d publicada en Case Wester Reserve University. Con dicho t\u00e9rmino nos referimos al \u201cabuso de los procedimientos legales e internacionales para provocar un repudio popular contra un oponente manteniendo una apariencia de legalidad\u201d. As\u00ed, estar\u00edamos hablando de violaciones de las reglas del proceso penal tales como la falta de imparcialidad del Jurado, la violaci\u00f3n del principio de proporcionalidad, no respetar la inmunidad pol\u00edtica de los cargos electos as\u00ed como crear indefensi\u00f3n, supuestos en los que podr\u00eda haber incurrido la Justicia en los casos Altsasu, Sandro Rosell as\u00ed como en el macro juicio contra los l\u00edderes del proc\u00e9s catal\u00e1n.<\/p>\n<p>Para entender la ex\u00e9gesis de dichos juicios, habr\u00eda que recurrir a la Doctrina Aznar que tendr\u00eda como objetivo \u00faltimo \u201dcriminalizar a grupos y entidades d\u00edscolos y refractarios al mensaje del establishment dominante del Estado espa\u00f1ol\u201d. Todo ello ser\u00edan elementos constituyentes de la llamada \u201cperfecci\u00f3n negativa\u201d, t\u00e9rmino empleado por el novelista Mart\u00edn Amis para designar \u201cla obscena justificaci\u00f3n del uso de la crueldad extrema, masiva y premeditada por un supuesto Estado ideal\u201d, lo cual representar\u00eda un aut\u00e9ntico ejercicio de \u201cterrorismo jur\u00eddico\u201d que han generado una amplia reacci\u00f3n de repulsa popular e institucional con procesos judiciales de largo recorrido que terminar\u00e1n indefectiblemente en el Tribunal Europeo de Estrasburgo.<\/p>","protected":false},"excerpt":{"rendered":"<p>El establishment del Estado espa\u00f1ol estar\u00eda formado por las \u00e9lites financiera-empresarial, pol\u00edtica, judicial, militar, jerarqu\u00eda cat\u00f3lica,universitaria y mass media del Estado espa\u00f1ol,herederos naturales del legado del General Franco que habr\u00edan fagocitado todas las esferas de decisi\u00f3n (seg\u00fan se desprende de la lectura del libro \u201cOligarqu\u00eda financiera y poder pol\u00edtico en [&hellip;]<\/p>\n","protected":false},"author":16,"featured_media":28299,"comment_status":"open","ping_status":"open","sticky":false,"template":"","format":"standard","meta":{"footnotes":""},"categories":[72],"tags":[],"class_list":["post-28298","post","type-post","status-publish","format-standard","has-post-thumbnail","hentry","category-opinion"],"yoast_head":"<!-- This site is optimized with the Yoast SEO plugin v27.5 - https:\/\/yoast.com\/product\/yoast-seo-wordpress\/ -->\n<title>Ex\u00e9gesis de la asimetr\u00eda judicial del Estado espa\u00f1ol - Revista Rambla<\/title>\n<meta name=\"robots\" content=\"index, follow, max-snippet:-1, max-image-preview:large, max-video-preview:-1\" \/>\n<link rel=\"canonical\" href=\"https:\/\/www.revistarambla.com\/en\/exegesis-de-la-asimetria-judicial-del-estado-espanol\/\" \/>\n<meta property=\"og:locale\" content=\"en_GB\" \/>\n<meta property=\"og:type\" content=\"article\" \/>\n<meta property=\"og:title\" content=\"Ex\u00e9gesis de la asimetr\u00eda judicial del Estado espa\u00f1ol - Revista Rambla\" \/>\n<meta property=\"og:description\" content=\"El establishment del Estado espa\u00f1ol estar\u00eda formado por las \u00e9lites financiera-empresarial, pol\u00edtica, judicial, militar, jerarqu\u00eda cat\u00f3lica,universitaria y mass media del Estado espa\u00f1ol,herederos naturales del legado del General Franco que habr\u00edan fagocitado todas las esferas de decisi\u00f3n (seg\u00fan se desprende de la lectura del libro \u201cOligarqu\u00eda financiera y poder pol\u00edtico en [&hellip;]\" \/>\n<meta property=\"og:url\" content=\"https:\/\/www.revistarambla.com\/en\/exegesis-de-la-asimetria-judicial-del-estado-espanol\/\" \/>\n<meta property=\"og:site_name\" content=\"Revista Rambla\" \/>\n<meta property=\"article:publisher\" content=\"https:\/\/www.facebook.com\/revistarambla\/\" \/>\n<meta property=\"article:published_time\" content=\"2021-02-17T18:05:18+00:00\" \/>\n<meta property=\"article:modified_time\" content=\"2021-12-07T15:18:22+00:00\" \/>\n<meta property=\"og:image\" content=\"https:\/\/www.revistarambla.com\/wp-content\/uploads\/2021\/02\/Pablo-Hasel.jpg\" \/>\n\t<meta property=\"og:image:width\" content=\"1024\" \/>\n\t<meta property=\"og:image:height\" content=\"768\" \/>\n\t<meta property=\"og:image:type\" content=\"image\/jpeg\" \/>\n<meta name=\"author\" content=\"Germ\u00e1n Gorraiz L\u00f3pez\" \/>\n<meta name=\"twitter:card\" content=\"summary_large_image\" \/>\n<meta name=\"twitter:creator\" content=\"@revistarambla\" \/>\n<meta name=\"twitter:site\" content=\"@revistarambla\" \/>\n<meta name=\"twitter:label1\" content=\"Written by\" \/>\n\t<meta name=\"twitter:data1\" content=\"Germ\u00e1n Gorraiz L\u00f3pez\" \/>\n\t<meta name=\"twitter:label2\" content=\"Estimated reading time\" \/>\n\t<meta name=\"twitter:data2\" content=\"3 minutes\" \/>\n<script type=\"application\/ld+json\" class=\"yoast-schema-graph\">{\"@context\":\"https:\\\/\\\/schema.org\",\"@graph\":[{\"@type\":\"Article\",\"@id\":\"https:\\\/\\\/www.revistarambla.com\\\/exegesis-de-la-asimetria-judicial-del-estado-espanol\\\/#article\",\"isPartOf\":{\"@id\":\"https:\\\/\\\/www.revistarambla.com\\\/exegesis-de-la-asimetria-judicial-del-estado-espanol\\\/\"},\"author\":{\"name\":\"Germ\u00e1n Gorraiz L\u00f3pez\",\"@id\":\"https:\\\/\\\/www.revistarambla.com\\\/#\\\/schema\\\/person\\\/23a7868ff10cd88f8fdb045c7b7e4a4d\"},\"headline\":\"Ex\u00e9gesis de la asimetr\u00eda judicial del Estado espa\u00f1ol\",\"datePublished\":\"2021-02-17T18:05:18+00:00\",\"dateModified\":\"2021-12-07T15:18:22+00:00\",\"mainEntityOfPage\":{\"@id\":\"https:\\\/\\\/www.revistarambla.com\\\/exegesis-de-la-asimetria-judicial-del-estado-espanol\\\/\"},\"wordCount\":701,\"commentCount\":0,\"publisher\":{\"@id\":\"https:\\\/\\\/www.revistarambla.com\\\/#organization\"},\"image\":{\"@id\":\"https:\\\/\\\/www.revistarambla.com\\\/exegesis-de-la-asimetria-judicial-del-estado-espanol\\\/#primaryimage\"},\"thumbnailUrl\":\"https:\\\/\\\/www.revistarambla.com\\\/wp-content\\\/uploads\\\/2021\\\/02\\\/Pablo-Hasel.jpg\",\"articleSection\":[\"Opiniones\"],\"inLanguage\":\"en-GB\",\"potentialAction\":[{\"@type\":\"CommentAction\",\"name\":\"Comment\",\"target\":[\"https:\\\/\\\/www.revistarambla.com\\\/exegesis-de-la-asimetria-judicial-del-estado-espanol\\\/#respond\"]}]},{\"@type\":\"WebPage\",\"@id\":\"https:\\\/\\\/www.revistarambla.com\\\/exegesis-de-la-asimetria-judicial-del-estado-espanol\\\/\",\"url\":\"https:\\\/\\\/www.revistarambla.com\\\/exegesis-de-la-asimetria-judicial-del-estado-espanol\\\/\",\"name\":\"Ex\u00e9gesis de la asimetr\u00eda judicial del Estado espa\u00f1ol - Revista Rambla\",\"isPartOf\":{\"@id\":\"https:\\\/\\\/www.revistarambla.com\\\/#website\"},\"primaryImageOfPage\":{\"@id\":\"https:\\\/\\\/www.revistarambla.com\\\/exegesis-de-la-asimetria-judicial-del-estado-espanol\\\/#primaryimage\"},\"image\":{\"@id\":\"https:\\\/\\\/www.revistarambla.com\\\/exegesis-de-la-asimetria-judicial-del-estado-espanol\\\/#primaryimage\"},\"thumbnailUrl\":\"https:\\\/\\\/www.revistarambla.com\\\/wp-content\\\/uploads\\\/2021\\\/02\\\/Pablo-Hasel.jpg\",\"datePublished\":\"2021-02-17T18:05:18+00:00\",\"dateModified\":\"2021-12-07T15:18:22+00:00\",\"breadcrumb\":{\"@id\":\"https:\\\/\\\/www.revistarambla.com\\\/exegesis-de-la-asimetria-judicial-del-estado-espanol\\\/#breadcrumb\"},\"inLanguage\":\"en-GB\",\"potentialAction\":[{\"@type\":\"ReadAction\",\"target\":[\"https:\\\/\\\/www.revistarambla.com\\\/exegesis-de-la-asimetria-judicial-del-estado-espanol\\\/\"]}]},{\"@type\":\"ImageObject\",\"inLanguage\":\"en-GB\",\"@id\":\"https:\\\/\\\/www.revistarambla.com\\\/exegesis-de-la-asimetria-judicial-del-estado-espanol\\\/#primaryimage\",\"url\":\"https:\\\/\\\/www.revistarambla.com\\\/wp-content\\\/uploads\\\/2021\\\/02\\\/Pablo-Hasel.jpg\",\"contentUrl\":\"https:\\\/\\\/www.revistarambla.com\\\/wp-content\\\/uploads\\\/2021\\\/02\\\/Pablo-Hasel.jpg\",\"width\":1024,\"height\":768},{\"@type\":\"BreadcrumbList\",\"@id\":\"https:\\\/\\\/www.revistarambla.com\\\/exegesis-de-la-asimetria-judicial-del-estado-espanol\\\/#breadcrumb\",\"itemListElement\":[{\"@type\":\"ListItem\",\"position\":1,\"name\":\"Portada\",\"item\":\"https:\\\/\\\/www.revistarambla.com\\\/\"},{\"@type\":\"ListItem\",\"position\":2,\"name\":\"Ex\u00e9gesis de la asimetr\u00eda judicial del Estado espa\u00f1ol\"}]},{\"@type\":\"WebSite\",\"@id\":\"https:\\\/\\\/www.revistarambla.com\\\/#website\",\"url\":\"https:\\\/\\\/www.revistarambla.com\\\/\",\"name\":\"Revista Rambla Barcelona\",\"description\":\"Periodismo independiente\",\"publisher\":{\"@id\":\"https:\\\/\\\/www.revistarambla.com\\\/#organization\"},\"potentialAction\":[{\"@type\":\"SearchAction\",\"target\":{\"@type\":\"EntryPoint\",\"urlTemplate\":\"https:\\\/\\\/www.revistarambla.com\\\/?s={search_term_string}\"},\"query-input\":{\"@type\":\"PropertyValueSpecification\",\"valueRequired\":true,\"valueName\":\"search_term_string\"}}],\"inLanguage\":\"en-GB\"},{\"@type\":\"Organization\",\"@id\":\"https:\\\/\\\/www.revistarambla.com\\\/#organization\",\"name\":\"Revista Rambla\",\"url\":\"https:\\\/\\\/www.revistarambla.com\\\/\",\"logo\":{\"@type\":\"ImageObject\",\"inLanguage\":\"en-GB\",\"@id\":\"https:\\\/\\\/www.revistarambla.com\\\/#\\\/schema\\\/logo\\\/image\\\/\",\"url\":\"https:\\\/\\\/www.revistarambla.com\\\/wp-content\\\/uploads\\\/2020\\\/09\\\/banner_rambla_1900x600_BB.png\",\"contentUrl\":\"https:\\\/\\\/www.revistarambla.com\\\/wp-content\\\/uploads\\\/2020\\\/09\\\/banner_rambla_1900x600_BB.png\",\"width\":1900,\"height\":600,\"caption\":\"Revista Rambla\"},\"image\":{\"@id\":\"https:\\\/\\\/www.revistarambla.com\\\/#\\\/schema\\\/logo\\\/image\\\/\"},\"sameAs\":[\"https:\\\/\\\/www.facebook.com\\\/revistarambla\\\/\",\"https:\\\/\\\/x.com\\\/revistarambla\",\"https:\\\/\\\/www.instagram.com\\\/revista_rambla\",\"https:\\\/\\\/es.linkedin.com\\\/company\\\/revista-rambla\"]},{\"@type\":\"Person\",\"@id\":\"https:\\\/\\\/www.revistarambla.com\\\/#\\\/schema\\\/person\\\/23a7868ff10cd88f8fdb045c7b7e4a4d\",\"name\":\"Germ\u00e1n Gorraiz L\u00f3pez\",\"description\":\"Nacido en Navarra en 1957. Escribe an\u00e1lisis sobre temas econ\u00f3micos y geopol\u00edticos. Es miembro de Attac-Navarra. Colabora habitualmente en varios medios digitales e impresos espa\u00f1oles y latinoamericanos.\"}]}<\/script>\n<!-- \/ Yoast SEO plugin. -->","yoast_head_json":{"title":"Ex\u00e9gesis de la asimetr\u00eda judicial del Estado espa\u00f1ol - Revista Rambla","robots":{"index":"index","follow":"follow","max-snippet":"max-snippet:-1","max-image-preview":"max-image-preview:large","max-video-preview":"max-video-preview:-1"},"canonical":"https:\/\/www.revistarambla.com\/en\/exegesis-de-la-asimetria-judicial-del-estado-espanol\/","og_locale":"en_GB","og_type":"article","og_title":"Ex\u00e9gesis de la asimetr\u00eda judicial del Estado espa\u00f1ol - Revista Rambla","og_description":"El establishment del Estado espa\u00f1ol estar\u00eda formado por las \u00e9lites financiera-empresarial, pol\u00edtica, judicial, militar, jerarqu\u00eda cat\u00f3lica,universitaria y mass media del Estado espa\u00f1ol,herederos naturales del legado del General Franco que habr\u00edan fagocitado todas las esferas de decisi\u00f3n (seg\u00fan se desprende de la lectura del libro \u201cOligarqu\u00eda financiera y poder pol\u00edtico en [&hellip;]","og_url":"https:\/\/www.revistarambla.com\/en\/exegesis-de-la-asimetria-judicial-del-estado-espanol\/","og_site_name":"Revista Rambla","article_publisher":"https:\/\/www.facebook.com\/revistarambla\/","article_published_time":"2021-02-17T18:05:18+00:00","article_modified_time":"2021-12-07T15:18:22+00:00","og_image":[{"width":1024,"height":768,"url":"https:\/\/www.revistarambla.com\/wp-content\/uploads\/2021\/02\/Pablo-Hasel.jpg","type":"image\/jpeg"}],"author":"Germ\u00e1n Gorraiz L\u00f3pez","twitter_card":"summary_large_image","twitter_creator":"@revistarambla","twitter_site":"@revistarambla","twitter_misc":{"Written by":"Germ\u00e1n Gorraiz L\u00f3pez","Estimated reading time":"3 minutes"},"schema":{"@context":"https:\/\/schema.org","@graph":[{"@type":"Article","@id":"https:\/\/www.revistarambla.com\/exegesis-de-la-asimetria-judicial-del-estado-espanol\/#article","isPartOf":{"@id":"https:\/\/www.revistarambla.com\/exegesis-de-la-asimetria-judicial-del-estado-espanol\/"},"author":{"name":"Germ\u00e1n Gorraiz L\u00f3pez","@id":"https:\/\/www.revistarambla.com\/#\/schema\/person\/23a7868ff10cd88f8fdb045c7b7e4a4d"},"headline":"Ex\u00e9gesis de la asimetr\u00eda judicial del Estado espa\u00f1ol","datePublished":"2021-02-17T18:05:18+00:00","dateModified":"2021-12-07T15:18:22+00:00","mainEntityOfPage":{"@id":"https:\/\/www.revistarambla.com\/exegesis-de-la-asimetria-judicial-del-estado-espanol\/"},"wordCount":701,"commentCount":0,"publisher":{"@id":"https:\/\/www.revistarambla.com\/#organization"},"image":{"@id":"https:\/\/www.revistarambla.com\/exegesis-de-la-asimetria-judicial-del-estado-espanol\/#primaryimage"},"thumbnailUrl":"https:\/\/www.revistarambla.com\/wp-content\/uploads\/2021\/02\/Pablo-Hasel.jpg","articleSection":["Opiniones"],"inLanguage":"en-GB","potentialAction":[{"@type":"CommentAction","name":"Comment","target":["https:\/\/www.revistarambla.com\/exegesis-de-la-asimetria-judicial-del-estado-espanol\/#respond"]}]},{"@type":"WebPage","@id":"https:\/\/www.revistarambla.com\/exegesis-de-la-asimetria-judicial-del-estado-espanol\/","url":"https:\/\/www.revistarambla.com\/exegesis-de-la-asimetria-judicial-del-estado-espanol\/","name":"Ex\u00e9gesis de la asimetr\u00eda judicial del Estado espa\u00f1ol - Revista Rambla","isPartOf":{"@id":"https:\/\/www.revistarambla.com\/#website"},"primaryImageOfPage":{"@id":"https:\/\/www.revistarambla.com\/exegesis-de-la-asimetria-judicial-del-estado-espanol\/#primaryimage"},"image":{"@id":"https:\/\/www.revistarambla.com\/exegesis-de-la-asimetria-judicial-del-estado-espanol\/#primaryimage"},"thumbnailUrl":"https:\/\/www.revistarambla.com\/wp-content\/uploads\/2021\/02\/Pablo-Hasel.jpg","datePublished":"2021-02-17T18:05:18+00:00","dateModified":"2021-12-07T15:18:22+00:00","breadcrumb":{"@id":"https:\/\/www.revistarambla.com\/exegesis-de-la-asimetria-judicial-del-estado-espanol\/#breadcrumb"},"inLanguage":"en-GB","potentialAction":[{"@type":"ReadAction","target":["https:\/\/www.revistarambla.com\/exegesis-de-la-asimetria-judicial-del-estado-espanol\/"]}]},{"@type":"ImageObject","inLanguage":"en-GB","@id":"https:\/\/www.revistarambla.com\/exegesis-de-la-asimetria-judicial-del-estado-espanol\/#primaryimage","url":"https:\/\/www.revistarambla.com\/wp-content\/uploads\/2021\/02\/Pablo-Hasel.jpg","contentUrl":"https:\/\/www.revistarambla.com\/wp-content\/uploads\/2021\/02\/Pablo-Hasel.jpg","width":1024,"height":768},{"@type":"BreadcrumbList","@id":"https:\/\/www.revistarambla.com\/exegesis-de-la-asimetria-judicial-del-estado-espanol\/#breadcrumb","itemListElement":[{"@type":"ListItem","position":1,"name":"Portada","item":"https:\/\/www.revistarambla.com\/"},{"@type":"ListItem","position":2,"name":"Ex\u00e9gesis de la asimetr\u00eda judicial del Estado espa\u00f1ol"}]},{"@type":"WebSite","@id":"https:\/\/www.revistarambla.com\/#website","url":"https:\/\/www.revistarambla.com\/","name":"Revista Rambla Barcelona","description":"Periodismo independiente","publisher":{"@id":"https:\/\/www.revistarambla.com\/#organization"},"potentialAction":[{"@type":"SearchAction","target":{"@type":"EntryPoint","urlTemplate":"https:\/\/www.revistarambla.com\/?s={search_term_string}"},"query-input":{"@type":"PropertyValueSpecification","valueRequired":true,"valueName":"search_term_string"}}],"inLanguage":"en-GB"},{"@type":"Organization","@id":"https:\/\/www.revistarambla.com\/#organization","name":"Revista Rambla","url":"https:\/\/www.revistarambla.com\/","logo":{"@type":"ImageObject","inLanguage":"en-GB","@id":"https:\/\/www.revistarambla.com\/#\/schema\/logo\/image\/","url":"https:\/\/www.revistarambla.com\/wp-content\/uploads\/2020\/09\/banner_rambla_1900x600_BB.png","contentUrl":"https:\/\/www.revistarambla.com\/wp-content\/uploads\/2020\/09\/banner_rambla_1900x600_BB.png","width":1900,"height":600,"caption":"Revista Rambla"},"image":{"@id":"https:\/\/www.revistarambla.com\/#\/schema\/logo\/image\/"},"sameAs":["https:\/\/www.facebook.com\/revistarambla\/","https:\/\/x.com\/revistarambla","https:\/\/www.instagram.com\/revista_rambla","https:\/\/es.linkedin.com\/company\/revista-rambla"]},{"@type":"Person","@id":"https:\/\/www.revistarambla.com\/#\/schema\/person\/23a7868ff10cd88f8fdb045c7b7e4a4d","name":"Germ\u00e1n Gorraiz L\u00f3pez","description":"Nacido en Navarra en 1957. Escribe an\u00e1lisis sobre temas econ\u00f3micos y geopol\u00edticos. Es miembro de Attac-Navarra. Colabora habitualmente en varios medios digitales e impresos espa\u00f1oles y latinoamericanos."}]}},"_links":{"self":[{"href":"https:\/\/www.revistarambla.com\/en\/wp-json\/wp\/v2\/posts\/28298","targetHints":{"allow":["GET"]}}],"collection":[{"href":"https:\/\/www.revistarambla.com\/en\/wp-json\/wp\/v2\/posts"}],"about":[{"href":"https:\/\/www.revistarambla.com\/en\/wp-json\/wp\/v2\/types\/post"}],"author":[{"embeddable":true,"href":"https:\/\/www.revistarambla.com\/en\/wp-json\/wp\/v2\/users\/16"}],"replies":[{"embeddable":true,"href":"https:\/\/www.revistarambla.com\/en\/wp-json\/wp\/v2\/comments?post=28298"}],"version-history":[{"count":0,"href":"https:\/\/www.revistarambla.com\/en\/wp-json\/wp\/v2\/posts\/28298\/revisions"}],"wp:featuredmedia":[{"embeddable":true,"href":"https:\/\/www.revistarambla.com\/en\/wp-json\/wp\/v2\/media\/28299"}],"wp:attachment":[{"href":"https:\/\/www.revistarambla.com\/en\/wp-json\/wp\/v2\/media?parent=28298"}],"wp:term":[{"taxonomy":"category","embeddable":true,"href":"https:\/\/www.revistarambla.com\/en\/wp-json\/wp\/v2\/categories?post=28298"},{"taxonomy":"post_tag","embeddable":true,"href":"https:\/\/www.revistarambla.com\/en\/wp-json\/wp\/v2\/tags?post=28298"}],"curies":[{"name":"wp","href":"https:\/\/api.w.org\/{rel}","templated":true}]}}