{"id":2775,"date":"2013-01-22T08:46:20","date_gmt":"2013-01-22T07:46:20","guid":{"rendered":"https:\/\/www.revistarambla.com\/los-kamikazes\/"},"modified":"2022-10-21T18:47:51","modified_gmt":"2022-10-21T16:47:51","slug":"los-kamikazes","status":"publish","type":"post","link":"https:\/\/www.revistarambla.com\/en\/los-kamikazes\/","title":{"rendered":"Los kamikazes"},"content":{"rendered":"<figure style=\"width: 357px\" class=\"wp-caption alignright\"><a href=\"https:\/\/www.revistarambla.com\/wp-content\/uploads\/2013\/01\/Kamikaze_01.jpg\"><img decoding=\"async\" src=\"https:\/\/www.revistarambla.com\/wp-content\/uploads\/2013\/01\/Kamikaze_01.jpg\" alt=\"alt\" width=\"357\" height=\"210\" \/><\/a><figcaption class=\"wp-caption-text\">Ilustra Evelio G\u00f3mez.<\/figcaption><\/figure>\n<p>Resulta sorprendente la aparente sorpresa con que algunos han recibido los recientes indultos del Gobierno a condenados por delitos contra la seguridad vial. En lo que lleva de mandato Mariano Rajoy ya son siete los reos que han visto perdonadas sus penas de c\u00e1rcel, en algunos casos por homicidio. Es lo que le ha pasado a Ram\u00f3n Jorge R\u00edos, un kamikaze que el 1 de diciembre de 2003 mat\u00f3 a un joven de 25 a\u00f1os al colisionar con su coche a la altura de Poliny\u00e0 del X\u00f9que, despu\u00e9s de haber conducido a gran velocidad durante cinco kil\u00f3metros en contradirecci\u00f3n por la autopista AP-7.<\/p>\n<p>El hecho de que el bufete de abogados Uriel y Men\u00e9ndez que se encarg\u00f3 de su defensa tenga en n\u00f3mina a un hijo del ministro de Justicia <a href=\"https:\/\/es.wikipedia.org\/wiki\/Alberto_Ruiz-Gallard%C3%B3n\">Alberto Ruiz-Gallard\u00f3n<\/a> y a otro del diputado del PP Ignacio Astartola, ha despertado no pocas suspicacias ante este acuerdo del Consejo de Ministros refrendado por el rey. Sin embargo, todas ellas son, sin duda, infundadas. Porque, en el fondo, lo que ha permitido a Ram\u00f3n Jorge librarse de 13 a\u00f1os en el trullo no ha sido tanto el trato de favor pol\u00edtico, como la naturalidad con que la sociedad espa\u00f1ola de este post-fin de la historia parece asumir los perfiles del kamikaze como encarnaci\u00f3n de los nuevos tiempos.<\/p>\n<p>No es para menos. No en vano, hace tiempo que esta figura, evocadora del fanatismo b\u00e9lico de los pilotos japoneses que tripulaban aviones suicidas en la batalla del Pac\u00edfico, se ha convertido en un acompa\u00f1ante habitual de nuestras cotidianas miserias. Y no se trata de los fantasmas que peri\u00f3dicamente recorren el imaginario de los informativos desde los prehist\u00f3ricos tiempos del 11-S, rejuvenecidos estos d\u00edas con la ofensiva de Par\u00eds en Mali y las contundencias argelinas en Tigantourine. No. La clave de este indisimulado protagonismo radica en que el kamikaze ha logrado personificar a la perfecci\u00f3n la l\u00f3gica que gu\u00eda el funcionamiento de nuestras sociedades, en otro tiempo pretendidamente avanzadas.<\/p>\n<p>Ah\u00ed est\u00e1 si no para confirmarlo la g\u00fcrteliana figura Luis B\u00e1rcenas. Porque qu\u00e9 duda cabe que el ex tesorero del PP ha terminado convertido en todo un piloto suicida que parece dirigir su letal aparato de 22 millones en cuentas suizas contra los despachos de Dolores de Cospedal y del propio Rajoy. As\u00ed, la podredumbre de la corrupci\u00f3n vuelve a confirmarse como el principal como la bomba de relojer\u00eda de unas instituciones democr\u00e1ticas cada vez m\u00e1s agotadas. Eso s\u00ed, sin que ello impida en este caso a la incombustible Esperanza Aguirre aspirar resurgir de la previsible colisi\u00f3n como el ave f\u00e9nix de la pol\u00edtica espa\u00f1ola, o mejor a\u00fan, como la emperatriz del Sol Renaciente gracias a las llamas de tan temerarios pilotos.<\/p>\n<p>As\u00ed pues, si B\u00e1rdenas ha podido beneficiarse de la amnist\u00eda fiscal de Cristobal Montoro, adem\u00e1s de un despacho en la calle G\u00e9nova y abogados con minuta a cargo del PP, parece m\u00e1s que justificable que el kamikaze de la AP-7 sea a juicio del Gobierno merecedor, si no de una medalla, al menos de un indulto. Sobre todo si tenemos presente que las temerarias manos de estos fan\u00e1ticos conductores hace mucho que no se conformar con dirigir solo la maquinaria pol\u00edtica, sino que asumieron sin complejos los delicados mandos de la econom\u00eda. Con el agravante de que, en este caso, lejos de manejar el volante de un modesto utilitario, asumen los mandos de una imparable locomotora que no dudan en dirigir contra los desgastados andenes del estado del bienestar.<\/p>\n<p>Kamikazes travestidos de tecn\u00f3cratas como el experto Luis de Guindos, capaz de las acrobacias necesarias para pasar de la ruinosa contabilidad de Lheman Brothers a la cartera de Econom\u00eda del Reino de Espa\u00f1a. O el experto Mario Monti, flamante esperanza blanca de la rep\u00fablica italiana, coronado por Bruselas con los laureles de Roma tras haber asesorado antes desde Goldman Sachs al gobierno griego de Konstantinos Karamanlis en las viejas artes de falsificar las cuentas p\u00fablicas. Son los caprichos que tienen estos nuevos tiempos donde mandan los conductores suicidas del recorte perpetuo. Esos que se empe\u00f1an en deslumbrarnos con la cegadora luz de sus autos, confiados en que tras el gui\u00f1apo de nuestros cad\u00e1veres en la carretera siempre les aguardar\u00e1 la reconfortante condescendencia de un buen indulto.<\/p>","protected":false},"excerpt":{"rendered":"<p>Resulta sorprendente la aparente sorpresa con que algunos han recibido los recientes indultos del Gobierno a condenados por delitos contra la seguridad vial. En lo que lleva de mandato Mariano Rajoy ya son siete los reos que han visto perdonadas sus penas de c\u00e1rcel, en algunos casos por homicidio. Es [&hellip;]<\/p>\n","protected":false},"author":325,"featured_media":2772,"comment_status":"open","ping_status":"open","sticky":false,"template":"","format":"standard","meta":{"footnotes":""},"categories":[72],"tags":[],"class_list":["post-2775","post","type-post","status-publish","format-standard","has-post-thumbnail","hentry","category-opinion"],"yoast_head":"<!-- This site is optimized with the Yoast SEO plugin v27.5 - https:\/\/yoast.com\/product\/yoast-seo-wordpress\/ -->\n<title>Los kamikaze - Revista Rambla (Art\u00edculos de opini\u00f3n)<\/title>\n<meta name=\"description\" content=\"Es lo que le ha pasado a Ram\u00f3n Jorge R\u00edos, un kamikaze que el 1 de diciembre de 2003 mat\u00f3 a un joven de 25 a\u00f1os al colisionar con su coche.\" \/>\n<meta name=\"robots\" content=\"index, follow, max-snippet:-1, max-image-preview:large, max-video-preview:-1\" \/>\n<link rel=\"canonical\" href=\"https:\/\/www.revistarambla.com\/en\/los-kamikazes\/\" \/>\n<meta property=\"og:locale\" content=\"en_GB\" \/>\n<meta property=\"og:type\" content=\"article\" \/>\n<meta property=\"og:title\" content=\"Los kamikaze - Revista Rambla (Art\u00edculos de opini\u00f3n)\" \/>\n<meta property=\"og:description\" content=\"Es lo que le ha pasado a Ram\u00f3n Jorge R\u00edos, un kamikaze que el 1 de diciembre de 2003 mat\u00f3 a un joven de 25 a\u00f1os al colisionar con su coche.\" \/>\n<meta property=\"og:url\" content=\"https:\/\/www.revistarambla.com\/en\/los-kamikazes\/\" \/>\n<meta property=\"og:site_name\" content=\"Revista Rambla\" \/>\n<meta property=\"article:publisher\" content=\"https:\/\/www.facebook.com\/revistarambla\/\" \/>\n<meta property=\"article:author\" content=\"https:\/\/www.facebook.com\/josemanuelrambla\/\" \/>\n<meta property=\"article:published_time\" content=\"2013-01-22T07:46:20+00:00\" \/>\n<meta property=\"article:modified_time\" content=\"2022-10-21T16:47:51+00:00\" \/>\n<meta property=\"og:image\" content=\"https:\/\/www.revistarambla.com\/wp-content\/uploads\/2013\/01\/Kamikaze_01.jpg\" \/>\n\t<meta property=\"og:image:width\" content=\"700\" \/>\n\t<meta property=\"og:image:height\" content=\"411\" \/>\n\t<meta property=\"og:image:type\" content=\"image\/jpeg\" \/>\n<meta name=\"author\" content=\"Jos\u00e9 Manuel Rambla\" \/>\n<meta name=\"twitter:card\" content=\"summary_large_image\" \/>\n<meta name=\"twitter:creator\" content=\"@jmrambla\" \/>\n<meta name=\"twitter:site\" content=\"@revistarambla\" \/>\n<meta name=\"twitter:label1\" content=\"Written by\" \/>\n\t<meta name=\"twitter:data1\" content=\"Jos\u00e9 Manuel Rambla\" \/>\n\t<meta name=\"twitter:label2\" content=\"Estimated reading time\" \/>\n\t<meta name=\"twitter:data2\" content=\"4 minutes\" \/>\n<script type=\"application\/ld+json\" class=\"yoast-schema-graph\">{\"@context\":\"https:\\\/\\\/schema.org\",\"@graph\":[{\"@type\":\"Article\",\"@id\":\"https:\\\/\\\/www.revistarambla.com\\\/los-kamikazes\\\/#article\",\"isPartOf\":{\"@id\":\"https:\\\/\\\/www.revistarambla.com\\\/los-kamikazes\\\/\"},\"author\":{\"name\":\"Jos\u00e9 Manuel Rambla\",\"@id\":\"https:\\\/\\\/www.revistarambla.com\\\/#\\\/schema\\\/person\\\/f8e404c0293434eaf6a60da08d1123e3\"},\"headline\":\"Los kamikazes\",\"datePublished\":\"2013-01-22T07:46:20+00:00\",\"dateModified\":\"2022-10-21T16:47:51+00:00\",\"mainEntityOfPage\":{\"@id\":\"https:\\\/\\\/www.revistarambla.com\\\/los-kamikazes\\\/\"},\"wordCount\":764,\"commentCount\":0,\"publisher\":{\"@id\":\"https:\\\/\\\/www.revistarambla.com\\\/#organization\"},\"image\":{\"@id\":\"https:\\\/\\\/www.revistarambla.com\\\/los-kamikazes\\\/#primaryimage\"},\"thumbnailUrl\":\"https:\\\/\\\/www.revistarambla.com\\\/wp-content\\\/uploads\\\/2013\\\/01\\\/Kamikaze_01.jpg\",\"articleSection\":[\"Opiniones\"],\"inLanguage\":\"en-GB\",\"potentialAction\":[{\"@type\":\"CommentAction\",\"name\":\"Comment\",\"target\":[\"https:\\\/\\\/www.revistarambla.com\\\/los-kamikazes\\\/#respond\"]}]},{\"@type\":\"WebPage\",\"@id\":\"https:\\\/\\\/www.revistarambla.com\\\/los-kamikazes\\\/\",\"url\":\"https:\\\/\\\/www.revistarambla.com\\\/los-kamikazes\\\/\",\"name\":\"Los kamikaze - Revista Rambla (Art\u00edculos de opini\u00f3n)\",\"isPartOf\":{\"@id\":\"https:\\\/\\\/www.revistarambla.com\\\/#website\"},\"primaryImageOfPage\":{\"@id\":\"https:\\\/\\\/www.revistarambla.com\\\/los-kamikazes\\\/#primaryimage\"},\"image\":{\"@id\":\"https:\\\/\\\/www.revistarambla.com\\\/los-kamikazes\\\/#primaryimage\"},\"thumbnailUrl\":\"https:\\\/\\\/www.revistarambla.com\\\/wp-content\\\/uploads\\\/2013\\\/01\\\/Kamikaze_01.jpg\",\"datePublished\":\"2013-01-22T07:46:20+00:00\",\"dateModified\":\"2022-10-21T16:47:51+00:00\",\"description\":\"Es lo que le ha pasado a Ram\u00f3n Jorge R\u00edos, un kamikaze que el 1 de diciembre de 2003 mat\u00f3 a un joven de 25 a\u00f1os al colisionar con su coche.\",\"breadcrumb\":{\"@id\":\"https:\\\/\\\/www.revistarambla.com\\\/los-kamikazes\\\/#breadcrumb\"},\"inLanguage\":\"en-GB\",\"potentialAction\":[{\"@type\":\"ReadAction\",\"target\":[\"https:\\\/\\\/www.revistarambla.com\\\/los-kamikazes\\\/\"]}]},{\"@type\":\"ImageObject\",\"inLanguage\":\"en-GB\",\"@id\":\"https:\\\/\\\/www.revistarambla.com\\\/los-kamikazes\\\/#primaryimage\",\"url\":\"https:\\\/\\\/www.revistarambla.com\\\/wp-content\\\/uploads\\\/2013\\\/01\\\/Kamikaze_01.jpg\",\"contentUrl\":\"https:\\\/\\\/www.revistarambla.com\\\/wp-content\\\/uploads\\\/2013\\\/01\\\/Kamikaze_01.jpg\",\"width\":700,\"height\":411,\"caption\":\"alt\"},{\"@type\":\"BreadcrumbList\",\"@id\":\"https:\\\/\\\/www.revistarambla.com\\\/los-kamikazes\\\/#breadcrumb\",\"itemListElement\":[{\"@type\":\"ListItem\",\"position\":1,\"name\":\"Portada\",\"item\":\"https:\\\/\\\/www.revistarambla.com\\\/\"},{\"@type\":\"ListItem\",\"position\":2,\"name\":\"Los kamikazes\"}]},{\"@type\":\"WebSite\",\"@id\":\"https:\\\/\\\/www.revistarambla.com\\\/#website\",\"url\":\"https:\\\/\\\/www.revistarambla.com\\\/\",\"name\":\"Revista Rambla Barcelona\",\"description\":\"Periodismo independiente\",\"publisher\":{\"@id\":\"https:\\\/\\\/www.revistarambla.com\\\/#organization\"},\"potentialAction\":[{\"@type\":\"SearchAction\",\"target\":{\"@type\":\"EntryPoint\",\"urlTemplate\":\"https:\\\/\\\/www.revistarambla.com\\\/?s={search_term_string}\"},\"query-input\":{\"@type\":\"PropertyValueSpecification\",\"valueRequired\":true,\"valueName\":\"search_term_string\"}}],\"inLanguage\":\"en-GB\"},{\"@type\":\"Organization\",\"@id\":\"https:\\\/\\\/www.revistarambla.com\\\/#organization\",\"name\":\"Revista Rambla\",\"url\":\"https:\\\/\\\/www.revistarambla.com\\\/\",\"logo\":{\"@type\":\"ImageObject\",\"inLanguage\":\"en-GB\",\"@id\":\"https:\\\/\\\/www.revistarambla.com\\\/#\\\/schema\\\/logo\\\/image\\\/\",\"url\":\"https:\\\/\\\/www.revistarambla.com\\\/wp-content\\\/uploads\\\/2020\\\/09\\\/banner_rambla_1900x600_BB.png\",\"contentUrl\":\"https:\\\/\\\/www.revistarambla.com\\\/wp-content\\\/uploads\\\/2020\\\/09\\\/banner_rambla_1900x600_BB.png\",\"width\":1900,\"height\":600,\"caption\":\"Revista Rambla\"},\"image\":{\"@id\":\"https:\\\/\\\/www.revistarambla.com\\\/#\\\/schema\\\/logo\\\/image\\\/\"},\"sameAs\":[\"https:\\\/\\\/www.facebook.com\\\/revistarambla\\\/\",\"https:\\\/\\\/x.com\\\/revistarambla\",\"https:\\\/\\\/www.instagram.com\\\/revista_rambla\",\"https:\\\/\\\/es.linkedin.com\\\/company\\\/revista-rambla\"]},{\"@type\":\"Person\",\"@id\":\"https:\\\/\\\/www.revistarambla.com\\\/#\\\/schema\\\/person\\\/f8e404c0293434eaf6a60da08d1123e3\",\"name\":\"Jos\u00e9 Manuel Rambla\",\"description\":\"Periodista cultural y columnista.\",\"sameAs\":[\"https:\\\/\\\/aesteladodelparaiso.com\\\/\",\"https:\\\/\\\/www.facebook.com\\\/josemanuelrambla\\\/\",\"https:\\\/\\\/x.com\\\/jmrambla\"]}]}<\/script>\n<!-- \/ Yoast SEO plugin. -->","yoast_head_json":{"title":"Los kamikaze - Revista Rambla (Art\u00edculos de opini\u00f3n)","description":"Es lo que le ha pasado a Ram\u00f3n Jorge R\u00edos, un kamikaze que el 1 de diciembre de 2003 mat\u00f3 a un joven de 25 a\u00f1os al colisionar con su coche.","robots":{"index":"index","follow":"follow","max-snippet":"max-snippet:-1","max-image-preview":"max-image-preview:large","max-video-preview":"max-video-preview:-1"},"canonical":"https:\/\/www.revistarambla.com\/en\/los-kamikazes\/","og_locale":"en_GB","og_type":"article","og_title":"Los kamikaze - Revista Rambla (Art\u00edculos de opini\u00f3n)","og_description":"Es lo que le ha pasado a Ram\u00f3n Jorge R\u00edos, un kamikaze que el 1 de diciembre de 2003 mat\u00f3 a un joven de 25 a\u00f1os al colisionar con su coche.","og_url":"https:\/\/www.revistarambla.com\/en\/los-kamikazes\/","og_site_name":"Revista Rambla","article_publisher":"https:\/\/www.facebook.com\/revistarambla\/","article_author":"https:\/\/www.facebook.com\/josemanuelrambla\/","article_published_time":"2013-01-22T07:46:20+00:00","article_modified_time":"2022-10-21T16:47:51+00:00","og_image":[{"width":700,"height":411,"url":"https:\/\/www.revistarambla.com\/wp-content\/uploads\/2013\/01\/Kamikaze_01.jpg","type":"image\/jpeg"}],"author":"Jos\u00e9 Manuel Rambla","twitter_card":"summary_large_image","twitter_creator":"@jmrambla","twitter_site":"@revistarambla","twitter_misc":{"Written by":"Jos\u00e9 Manuel Rambla","Estimated reading time":"4 minutes"},"schema":{"@context":"https:\/\/schema.org","@graph":[{"@type":"Article","@id":"https:\/\/www.revistarambla.com\/los-kamikazes\/#article","isPartOf":{"@id":"https:\/\/www.revistarambla.com\/los-kamikazes\/"},"author":{"name":"Jos\u00e9 Manuel Rambla","@id":"https:\/\/www.revistarambla.com\/#\/schema\/person\/f8e404c0293434eaf6a60da08d1123e3"},"headline":"Los kamikazes","datePublished":"2013-01-22T07:46:20+00:00","dateModified":"2022-10-21T16:47:51+00:00","mainEntityOfPage":{"@id":"https:\/\/www.revistarambla.com\/los-kamikazes\/"},"wordCount":764,"commentCount":0,"publisher":{"@id":"https:\/\/www.revistarambla.com\/#organization"},"image":{"@id":"https:\/\/www.revistarambla.com\/los-kamikazes\/#primaryimage"},"thumbnailUrl":"https:\/\/www.revistarambla.com\/wp-content\/uploads\/2013\/01\/Kamikaze_01.jpg","articleSection":["Opiniones"],"inLanguage":"en-GB","potentialAction":[{"@type":"CommentAction","name":"Comment","target":["https:\/\/www.revistarambla.com\/los-kamikazes\/#respond"]}]},{"@type":"WebPage","@id":"https:\/\/www.revistarambla.com\/los-kamikazes\/","url":"https:\/\/www.revistarambla.com\/los-kamikazes\/","name":"Los kamikaze - Revista Rambla (Art\u00edculos de opini\u00f3n)","isPartOf":{"@id":"https:\/\/www.revistarambla.com\/#website"},"primaryImageOfPage":{"@id":"https:\/\/www.revistarambla.com\/los-kamikazes\/#primaryimage"},"image":{"@id":"https:\/\/www.revistarambla.com\/los-kamikazes\/#primaryimage"},"thumbnailUrl":"https:\/\/www.revistarambla.com\/wp-content\/uploads\/2013\/01\/Kamikaze_01.jpg","datePublished":"2013-01-22T07:46:20+00:00","dateModified":"2022-10-21T16:47:51+00:00","description":"Es lo que le ha pasado a Ram\u00f3n Jorge R\u00edos, un kamikaze que el 1 de diciembre de 2003 mat\u00f3 a un joven de 25 a\u00f1os al colisionar con su coche.","breadcrumb":{"@id":"https:\/\/www.revistarambla.com\/los-kamikazes\/#breadcrumb"},"inLanguage":"en-GB","potentialAction":[{"@type":"ReadAction","target":["https:\/\/www.revistarambla.com\/los-kamikazes\/"]}]},{"@type":"ImageObject","inLanguage":"en-GB","@id":"https:\/\/www.revistarambla.com\/los-kamikazes\/#primaryimage","url":"https:\/\/www.revistarambla.com\/wp-content\/uploads\/2013\/01\/Kamikaze_01.jpg","contentUrl":"https:\/\/www.revistarambla.com\/wp-content\/uploads\/2013\/01\/Kamikaze_01.jpg","width":700,"height":411,"caption":"alt"},{"@type":"BreadcrumbList","@id":"https:\/\/www.revistarambla.com\/los-kamikazes\/#breadcrumb","itemListElement":[{"@type":"ListItem","position":1,"name":"Portada","item":"https:\/\/www.revistarambla.com\/"},{"@type":"ListItem","position":2,"name":"Los kamikazes"}]},{"@type":"WebSite","@id":"https:\/\/www.revistarambla.com\/#website","url":"https:\/\/www.revistarambla.com\/","name":"Revista Rambla Barcelona","description":"Periodismo independiente","publisher":{"@id":"https:\/\/www.revistarambla.com\/#organization"},"potentialAction":[{"@type":"SearchAction","target":{"@type":"EntryPoint","urlTemplate":"https:\/\/www.revistarambla.com\/?s={search_term_string}"},"query-input":{"@type":"PropertyValueSpecification","valueRequired":true,"valueName":"search_term_string"}}],"inLanguage":"en-GB"},{"@type":"Organization","@id":"https:\/\/www.revistarambla.com\/#organization","name":"Revista Rambla","url":"https:\/\/www.revistarambla.com\/","logo":{"@type":"ImageObject","inLanguage":"en-GB","@id":"https:\/\/www.revistarambla.com\/#\/schema\/logo\/image\/","url":"https:\/\/www.revistarambla.com\/wp-content\/uploads\/2020\/09\/banner_rambla_1900x600_BB.png","contentUrl":"https:\/\/www.revistarambla.com\/wp-content\/uploads\/2020\/09\/banner_rambla_1900x600_BB.png","width":1900,"height":600,"caption":"Revista Rambla"},"image":{"@id":"https:\/\/www.revistarambla.com\/#\/schema\/logo\/image\/"},"sameAs":["https:\/\/www.facebook.com\/revistarambla\/","https:\/\/x.com\/revistarambla","https:\/\/www.instagram.com\/revista_rambla","https:\/\/es.linkedin.com\/company\/revista-rambla"]},{"@type":"Person","@id":"https:\/\/www.revistarambla.com\/#\/schema\/person\/f8e404c0293434eaf6a60da08d1123e3","name":"Jos\u00e9 Manuel Rambla","description":"Periodista cultural y columnista.","sameAs":["https:\/\/aesteladodelparaiso.com\/","https:\/\/www.facebook.com\/josemanuelrambla\/","https:\/\/x.com\/jmrambla"]}]}},"_links":{"self":[{"href":"https:\/\/www.revistarambla.com\/en\/wp-json\/wp\/v2\/posts\/2775","targetHints":{"allow":["GET"]}}],"collection":[{"href":"https:\/\/www.revistarambla.com\/en\/wp-json\/wp\/v2\/posts"}],"about":[{"href":"https:\/\/www.revistarambla.com\/en\/wp-json\/wp\/v2\/types\/post"}],"author":[{"embeddable":true,"href":"https:\/\/www.revistarambla.com\/en\/wp-json\/wp\/v2\/users\/325"}],"replies":[{"embeddable":true,"href":"https:\/\/www.revistarambla.com\/en\/wp-json\/wp\/v2\/comments?post=2775"}],"version-history":[{"count":1,"href":"https:\/\/www.revistarambla.com\/en\/wp-json\/wp\/v2\/posts\/2775\/revisions"}],"predecessor-version":[{"id":48309,"href":"https:\/\/www.revistarambla.com\/en\/wp-json\/wp\/v2\/posts\/2775\/revisions\/48309"}],"wp:featuredmedia":[{"embeddable":true,"href":"https:\/\/www.revistarambla.com\/en\/wp-json\/wp\/v2\/media\/2772"}],"wp:attachment":[{"href":"https:\/\/www.revistarambla.com\/en\/wp-json\/wp\/v2\/media?parent=2775"}],"wp:term":[{"taxonomy":"category","embeddable":true,"href":"https:\/\/www.revistarambla.com\/en\/wp-json\/wp\/v2\/categories?post=2775"},{"taxonomy":"post_tag","embeddable":true,"href":"https:\/\/www.revistarambla.com\/en\/wp-json\/wp\/v2\/tags?post=2775"}],"curies":[{"name":"wp","href":"https:\/\/api.w.org\/{rel}","templated":true}]}}