{"id":2757,"date":"2013-01-16T16:11:58","date_gmt":"2013-01-16T16:11:58","guid":{"rendered":"https:\/\/www.revistarambla.com\/sofar-red-internacional-de-musica-en-el-sofa\/"},"modified":"2021-06-26T16:22:46","modified_gmt":"2021-06-26T14:22:46","slug":"sofar-red-internacional-de-musica-en-el-sofa","status":"publish","type":"post","link":"https:\/\/www.revistarambla.com\/en\/sofar-red-internacional-de-musica-en-el-sofa\/","title":{"rendered":"SOFAR: Red Internacional de M\u00fasica en el Sof\u00e1"},"content":{"rendered":"<p><img decoding=\"async\" class=\"aligncenter\" src=\"https:\/\/www.revistarambla.com\/wp-content\/uploads\/2013\/01\/sofa_01.jpg\" alt=\"alt\" width=\"682\" height=\"400\" \/><\/p>\n<p>\u00bfQu\u00e9 tienen en com\u00fan el sal\u00f3n de una casa en Berl\u00edn, San Pablo, Helsinki o Dubai? El sof\u00e1, c\u00f3mo no, y el ambiente perfecto para compartir buena m\u00fasica. A partir de la iniciativa de un grupo de amigos en Londres, se ha ideado Sofar, un circuito alternativo de nuevos artistas que dan a conocer su obra en casas de los cinco continentes.<\/p>\n<p>Hacemos girar el globo y aparecemos en el living de una t\u00edpica planta baja de Buenos Aires. Andy se asoma por la mirilla, verifica la contrase\u00f1a y nos abre la puerta. Hoy es ella la anfitriona, porque ha ofrecido su casa como local para esta edici\u00f3n porte\u00f1a del Sofar. Va llegando cada vez m\u00e1s gente y todos dejan en la mesa del patio lo que traen para beber o comer. Esta es una de las partes del trato: no pagar entrada pero aportar algo para el picoteo comunitario. Otra de las condiciones es el l\u00edmite de gente, que lo fija quien cede la vivienda. \u201cLa capacidad m\u00e1xima te la da la medida est\u00e1ndar de un sal\u00f3n\u201d -explica Hern\u00e1n Pato, impulsor del proyecto en Buenos Aires- \u201clo importante es mantener la comodidad y la intimidad para poder escuchar en silencio a los artistas, no como en los bares donde muchas veces el entorno no ayuda\u201d.<\/p>\n<p>Ninguna de las personas que llega sabe qui\u00e9nes van a tocar. Tampoco los m\u00fasicos conocen a los otros grupos o solistas de la noche. Es una especie de cita a ciegas colectiva en la que, seg\u00fan Hern\u00e1n, \u201cse demuestra que realmente quienes participan tienen la mente abierta y el deseo de descubrir m\u00fasica nueva\u201d. El organizador explica que la idea es que la gente, cuando se apunta para asistir al evento, no sepa qu\u00e9 va a ver para \u201cno tener ning\u00fan tipo de filtro y as\u00ed poder sorprenderse\u201d.<\/p>\n<p>La difusi\u00f3n se realiza principalmente de boca en boca y por redes sociales, pero la direcci\u00f3n exacta del concierto se da a conocer s\u00f3lo al suscribirse a la p\u00e1gina web. Tambi\u00e9n a trav\u00e9s de este medio la gente ofrece la forma en que quiere colaborar con el proyecto, desde la toma de fotos o puesta de luces, hasta la aportaci\u00f3n de su casa. \u201cCada uno se encarga de lo que m\u00e1s le divierte hacer. La misma gente que utiliza Sofar, lo genera\u201d dice Hern\u00e1n.<\/p>\n<p>\u00bfY los m\u00fasicos? La selecci\u00f3n se gesta en foros virtuales, a partir de las propuestas que lanzan las personas suscriptas a la red. Cualquier estilo vale, el \u00fanico requisito es actuar en formato ac\u00fastico. Luc\u00eda Riet, cantante de la iniciativa porte\u00f1a \u201cNo tan solas\u201d que re\u00fane a diversas solistas femeninas, particip\u00f3 en la edici\u00f3n de Buenos Aires y destaca de su experiencia que, al no tener que encargarse de la difusi\u00f3n, adem\u00e1s de ahorrarse un trabajo bastante tedioso, Sofar le abri\u00f3 la posibilidad de contactar con gente nueva, \u201calgo no muy f\u00e1cil para bandas peque\u00f1as\u201d.<\/p>\n<p>Luc\u00eda aclara, de todos modos, que en la capital argentina hace tiempo que el circuito under se mueve m\u00e1s por casas privadas que por bares. A ra\u00edz del tr\u00e1gico incendio de la discoteca Croma\u00f1\u00f3n en 2002, donde murieron casi doscientos j\u00f3venes durante un concierto de rock, la mayor\u00eda de los locales fueron clausurados por incumplir las normas b\u00e1sicas de seguridad. \u201cDesde entonces \u2013explica la artista- existen cinco espacios grandes, que s\u00f3lo pueden llenar las bandas conocidas. El resto nos hemos quedado sin lugares para tocar, por eso decidimos rebelarnos y montar una movida alternativa de actuaciones en casas, m\u00e1s o menos como lo que ahora propone Sofar\u201d.<\/p>\n<p>El globo gira y las necesidades son similares. Las p\u00e9simas condiciones, tanto para el p\u00fablico como para los m\u00fasicos, de muchas salas de conciertos, promueven nuevas v\u00edas de creaci\u00f3n y difusi\u00f3n del arte. Sofar es un buen ejemplo. Internacional, \u00edntimo y autogestionado, este proyecto circula y crece puertas adentro de cada vez m\u00e1s ciudades en todo el mundo. Barcelona a\u00fan falta\u2026 \u00a0\u00bfQui\u00e9n se anima a empezarlo?<\/p>\n<p><img decoding=\"async\" class=\"aligncenter\" src=\"https:\/\/www.revistarambla.com\/wp-content\/uploads\/2013\/01\/sofa_03.jpg\" alt=\"alt\" width=\"550\" height=\"369\" \/><\/p>","protected":false},"excerpt":{"rendered":"<p>\u00bfQu\u00e9 tienen en com\u00fan el sal\u00f3n de una casa en Berl\u00edn, San Pablo, Helsinki o Dubai? El sof\u00e1, c\u00f3mo no, y el ambiente perfecto para compartir buena m\u00fasica. A partir de la iniciativa de un grupo de amigos en Londres, se ha ideado Sofar, un circuito alternativo de nuevos artistas [&hellip;]<\/p>\n","protected":false},"author":1,"featured_media":0,"comment_status":"open","ping_status":"open","sticky":false,"template":"","format":"standard","meta":{"footnotes":""},"categories":[4,65],"tags":[],"class_list":["post-2757","post","type-post","status-publish","format-standard","hentry","category-cultura","category-musica"],"yoast_head":"<!-- This site is optimized with the Yoast SEO plugin v27.5 - https:\/\/yoast.com\/product\/yoast-seo-wordpress\/ -->\n<title>SOFAR: Red Internacional de M\u00fasica en el Sof\u00e1 - Revista Rambla<\/title>\n<meta name=\"robots\" content=\"index, follow, max-snippet:-1, max-image-preview:large, max-video-preview:-1\" \/>\n<link rel=\"canonical\" href=\"https:\/\/www.revistarambla.com\/en\/sofar-red-internacional-de-musica-en-el-sofa\/\" \/>\n<meta property=\"og:locale\" content=\"en_GB\" \/>\n<meta property=\"og:type\" content=\"article\" \/>\n<meta property=\"og:title\" content=\"SOFAR: Red Internacional de M\u00fasica en el Sof\u00e1 - Revista Rambla\" \/>\n<meta property=\"og:description\" content=\"\u00bfQu\u00e9 tienen en com\u00fan el sal\u00f3n de una casa en Berl\u00edn, San Pablo, Helsinki o Dubai? El sof\u00e1, c\u00f3mo no, y el ambiente perfecto para compartir buena m\u00fasica. A partir de la iniciativa de un grupo de amigos en Londres, se ha ideado Sofar, un circuito alternativo de nuevos artistas [&hellip;]\" \/>\n<meta property=\"og:url\" content=\"https:\/\/www.revistarambla.com\/en\/sofar-red-internacional-de-musica-en-el-sofa\/\" \/>\n<meta property=\"og:site_name\" content=\"Revista Rambla\" \/>\n<meta property=\"article:publisher\" content=\"https:\/\/www.facebook.com\/revistarambla\/\" \/>\n<meta property=\"article:published_time\" content=\"2013-01-16T16:11:58+00:00\" \/>\n<meta property=\"article:modified_time\" content=\"2021-06-26T14:22:46+00:00\" \/>\n<meta property=\"og:image\" content=\"https:\/\/i0.wp.com\/www.revistarambla.com\/wp-content\/uploads\/2013\/01\/sofa_01.jpg?fit=682%2C400&ssl=1\" \/>\n\t<meta property=\"og:image:width\" content=\"682\" \/>\n\t<meta property=\"og:image:height\" content=\"400\" \/>\n\t<meta property=\"og:image:type\" content=\"image\/jpeg\" \/>\n<meta name=\"author\" content=\"Flor Ragucci\" \/>\n<meta name=\"twitter:card\" content=\"summary_large_image\" \/>\n<meta name=\"twitter:creator\" content=\"@revistarambla\" \/>\n<meta name=\"twitter:site\" content=\"@revistarambla\" \/>\n<meta name=\"twitter:label1\" content=\"Written by\" \/>\n\t<meta name=\"twitter:data1\" content=\"Flor Ragucci\" \/>\n\t<meta name=\"twitter:label2\" content=\"Estimated reading time\" \/>\n\t<meta name=\"twitter:data2\" content=\"4 minutes\" \/>\n<script type=\"application\/ld+json\" class=\"yoast-schema-graph\">{\"@context\":\"https:\\\/\\\/schema.org\",\"@graph\":[{\"@type\":\"Article\",\"@id\":\"https:\\\/\\\/www.revistarambla.com\\\/sofar-red-internacional-de-musica-en-el-sofa\\\/#article\",\"isPartOf\":{\"@id\":\"https:\\\/\\\/www.revistarambla.com\\\/sofar-red-internacional-de-musica-en-el-sofa\\\/\"},\"author\":{\"name\":\"Flor Ragucci\",\"@id\":\"https:\\\/\\\/www.revistarambla.com\\\/#\\\/schema\\\/person\\\/4a5652fc8c82df1f8593002d038cd79e\"},\"headline\":\"SOFAR: Red Internacional de M\u00fasica en el Sof\u00e1\",\"datePublished\":\"2013-01-16T16:11:58+00:00\",\"dateModified\":\"2021-06-26T14:22:46+00:00\",\"mainEntityOfPage\":{\"@id\":\"https:\\\/\\\/www.revistarambla.com\\\/sofar-red-internacional-de-musica-en-el-sofa\\\/\"},\"wordCount\":724,\"commentCount\":0,\"publisher\":{\"@id\":\"https:\\\/\\\/www.revistarambla.com\\\/#organization\"},\"image\":{\"@id\":\"https:\\\/\\\/www.revistarambla.com\\\/sofar-red-internacional-de-musica-en-el-sofa\\\/#primaryimage\"},\"thumbnailUrl\":\"https:\\\/\\\/www.revistarambla.com\\\/wp-content\\\/uploads\\\/2013\\\/01\\\/sofa_01.jpg\",\"articleSection\":[\"Cultura\",\"M\u00fasica\"],\"inLanguage\":\"en-GB\",\"potentialAction\":[{\"@type\":\"CommentAction\",\"name\":\"Comment\",\"target\":[\"https:\\\/\\\/www.revistarambla.com\\\/sofar-red-internacional-de-musica-en-el-sofa\\\/#respond\"]}]},{\"@type\":\"WebPage\",\"@id\":\"https:\\\/\\\/www.revistarambla.com\\\/sofar-red-internacional-de-musica-en-el-sofa\\\/\",\"url\":\"https:\\\/\\\/www.revistarambla.com\\\/sofar-red-internacional-de-musica-en-el-sofa\\\/\",\"name\":\"SOFAR: Red Internacional de M\u00fasica en el Sof\u00e1 - Revista Rambla\",\"isPartOf\":{\"@id\":\"https:\\\/\\\/www.revistarambla.com\\\/#website\"},\"primaryImageOfPage\":{\"@id\":\"https:\\\/\\\/www.revistarambla.com\\\/sofar-red-internacional-de-musica-en-el-sofa\\\/#primaryimage\"},\"image\":{\"@id\":\"https:\\\/\\\/www.revistarambla.com\\\/sofar-red-internacional-de-musica-en-el-sofa\\\/#primaryimage\"},\"thumbnailUrl\":\"https:\\\/\\\/www.revistarambla.com\\\/wp-content\\\/uploads\\\/2013\\\/01\\\/sofa_01.jpg\",\"datePublished\":\"2013-01-16T16:11:58+00:00\",\"dateModified\":\"2021-06-26T14:22:46+00:00\",\"breadcrumb\":{\"@id\":\"https:\\\/\\\/www.revistarambla.com\\\/sofar-red-internacional-de-musica-en-el-sofa\\\/#breadcrumb\"},\"inLanguage\":\"en-GB\",\"potentialAction\":[{\"@type\":\"ReadAction\",\"target\":[\"https:\\\/\\\/www.revistarambla.com\\\/sofar-red-internacional-de-musica-en-el-sofa\\\/\"]}]},{\"@type\":\"ImageObject\",\"inLanguage\":\"en-GB\",\"@id\":\"https:\\\/\\\/www.revistarambla.com\\\/sofar-red-internacional-de-musica-en-el-sofa\\\/#primaryimage\",\"url\":\"https:\\\/\\\/www.revistarambla.com\\\/wp-content\\\/uploads\\\/2013\\\/01\\\/sofa_01.jpg\",\"contentUrl\":\"https:\\\/\\\/www.revistarambla.com\\\/wp-content\\\/uploads\\\/2013\\\/01\\\/sofa_01.jpg\"},{\"@type\":\"BreadcrumbList\",\"@id\":\"https:\\\/\\\/www.revistarambla.com\\\/sofar-red-internacional-de-musica-en-el-sofa\\\/#breadcrumb\",\"itemListElement\":[{\"@type\":\"ListItem\",\"position\":1,\"name\":\"Portada\",\"item\":\"https:\\\/\\\/www.revistarambla.com\\\/\"},{\"@type\":\"ListItem\",\"position\":2,\"name\":\"SOFAR: Red Internacional de M\u00fasica en el Sof\u00e1\"}]},{\"@type\":\"WebSite\",\"@id\":\"https:\\\/\\\/www.revistarambla.com\\\/#website\",\"url\":\"https:\\\/\\\/www.revistarambla.com\\\/\",\"name\":\"Revista Rambla Barcelona\",\"description\":\"Periodismo independiente\",\"publisher\":{\"@id\":\"https:\\\/\\\/www.revistarambla.com\\\/#organization\"},\"potentialAction\":[{\"@type\":\"SearchAction\",\"target\":{\"@type\":\"EntryPoint\",\"urlTemplate\":\"https:\\\/\\\/www.revistarambla.com\\\/?s={search_term_string}\"},\"query-input\":{\"@type\":\"PropertyValueSpecification\",\"valueRequired\":true,\"valueName\":\"search_term_string\"}}],\"inLanguage\":\"en-GB\"},{\"@type\":\"Organization\",\"@id\":\"https:\\\/\\\/www.revistarambla.com\\\/#organization\",\"name\":\"Revista Rambla\",\"url\":\"https:\\\/\\\/www.revistarambla.com\\\/\",\"logo\":{\"@type\":\"ImageObject\",\"inLanguage\":\"en-GB\",\"@id\":\"https:\\\/\\\/www.revistarambla.com\\\/#\\\/schema\\\/logo\\\/image\\\/\",\"url\":\"https:\\\/\\\/www.revistarambla.com\\\/wp-content\\\/uploads\\\/2020\\\/09\\\/banner_rambla_1900x600_BB.png\",\"contentUrl\":\"https:\\\/\\\/www.revistarambla.com\\\/wp-content\\\/uploads\\\/2020\\\/09\\\/banner_rambla_1900x600_BB.png\",\"width\":1900,\"height\":600,\"caption\":\"Revista Rambla\"},\"image\":{\"@id\":\"https:\\\/\\\/www.revistarambla.com\\\/#\\\/schema\\\/logo\\\/image\\\/\"},\"sameAs\":[\"https:\\\/\\\/www.facebook.com\\\/revistarambla\\\/\",\"https:\\\/\\\/x.com\\\/revistarambla\",\"https:\\\/\\\/www.instagram.com\\\/revista_rambla\",\"https:\\\/\\\/es.linkedin.com\\\/company\\\/revista-rambla\"]},{\"@type\":\"Person\",\"@id\":\"https:\\\/\\\/www.revistarambla.com\\\/#\\\/schema\\\/person\\\/4a5652fc8c82df1f8593002d038cd79e\",\"name\":\"Flor Ragucci\",\"description\":\"Periodista.\",\"sameAs\":[\"https:\\\/\\\/www.revistarambla.com\\\/\"]}]}<\/script>\n<!-- \/ Yoast SEO plugin. -->","yoast_head_json":{"title":"SOFAR: Red Internacional de M\u00fasica en el Sof\u00e1 - Revista Rambla","robots":{"index":"index","follow":"follow","max-snippet":"max-snippet:-1","max-image-preview":"max-image-preview:large","max-video-preview":"max-video-preview:-1"},"canonical":"https:\/\/www.revistarambla.com\/en\/sofar-red-internacional-de-musica-en-el-sofa\/","og_locale":"en_GB","og_type":"article","og_title":"SOFAR: Red Internacional de M\u00fasica en el Sof\u00e1 - Revista Rambla","og_description":"\u00bfQu\u00e9 tienen en com\u00fan el sal\u00f3n de una casa en Berl\u00edn, San Pablo, Helsinki o Dubai? El sof\u00e1, c\u00f3mo no, y el ambiente perfecto para compartir buena m\u00fasica. A partir de la iniciativa de un grupo de amigos en Londres, se ha ideado Sofar, un circuito alternativo de nuevos artistas [&hellip;]","og_url":"https:\/\/www.revistarambla.com\/en\/sofar-red-internacional-de-musica-en-el-sofa\/","og_site_name":"Revista Rambla","article_publisher":"https:\/\/www.facebook.com\/revistarambla\/","article_published_time":"2013-01-16T16:11:58+00:00","article_modified_time":"2021-06-26T14:22:46+00:00","og_image":[{"width":682,"height":400,"url":"https:\/\/i0.wp.com\/www.revistarambla.com\/wp-content\/uploads\/2013\/01\/sofa_01.jpg?fit=682%2C400&ssl=1","type":"image\/jpeg"}],"author":"Flor Ragucci","twitter_card":"summary_large_image","twitter_creator":"@revistarambla","twitter_site":"@revistarambla","twitter_misc":{"Written by":"Flor Ragucci","Estimated reading time":"4 minutes"},"schema":{"@context":"https:\/\/schema.org","@graph":[{"@type":"Article","@id":"https:\/\/www.revistarambla.com\/sofar-red-internacional-de-musica-en-el-sofa\/#article","isPartOf":{"@id":"https:\/\/www.revistarambla.com\/sofar-red-internacional-de-musica-en-el-sofa\/"},"author":{"name":"Flor Ragucci","@id":"https:\/\/www.revistarambla.com\/#\/schema\/person\/4a5652fc8c82df1f8593002d038cd79e"},"headline":"SOFAR: Red Internacional de M\u00fasica en el Sof\u00e1","datePublished":"2013-01-16T16:11:58+00:00","dateModified":"2021-06-26T14:22:46+00:00","mainEntityOfPage":{"@id":"https:\/\/www.revistarambla.com\/sofar-red-internacional-de-musica-en-el-sofa\/"},"wordCount":724,"commentCount":0,"publisher":{"@id":"https:\/\/www.revistarambla.com\/#organization"},"image":{"@id":"https:\/\/www.revistarambla.com\/sofar-red-internacional-de-musica-en-el-sofa\/#primaryimage"},"thumbnailUrl":"https:\/\/www.revistarambla.com\/wp-content\/uploads\/2013\/01\/sofa_01.jpg","articleSection":["Cultura","M\u00fasica"],"inLanguage":"en-GB","potentialAction":[{"@type":"CommentAction","name":"Comment","target":["https:\/\/www.revistarambla.com\/sofar-red-internacional-de-musica-en-el-sofa\/#respond"]}]},{"@type":"WebPage","@id":"https:\/\/www.revistarambla.com\/sofar-red-internacional-de-musica-en-el-sofa\/","url":"https:\/\/www.revistarambla.com\/sofar-red-internacional-de-musica-en-el-sofa\/","name":"SOFAR: Red Internacional de M\u00fasica en el Sof\u00e1 - Revista Rambla","isPartOf":{"@id":"https:\/\/www.revistarambla.com\/#website"},"primaryImageOfPage":{"@id":"https:\/\/www.revistarambla.com\/sofar-red-internacional-de-musica-en-el-sofa\/#primaryimage"},"image":{"@id":"https:\/\/www.revistarambla.com\/sofar-red-internacional-de-musica-en-el-sofa\/#primaryimage"},"thumbnailUrl":"https:\/\/www.revistarambla.com\/wp-content\/uploads\/2013\/01\/sofa_01.jpg","datePublished":"2013-01-16T16:11:58+00:00","dateModified":"2021-06-26T14:22:46+00:00","breadcrumb":{"@id":"https:\/\/www.revistarambla.com\/sofar-red-internacional-de-musica-en-el-sofa\/#breadcrumb"},"inLanguage":"en-GB","potentialAction":[{"@type":"ReadAction","target":["https:\/\/www.revistarambla.com\/sofar-red-internacional-de-musica-en-el-sofa\/"]}]},{"@type":"ImageObject","inLanguage":"en-GB","@id":"https:\/\/www.revistarambla.com\/sofar-red-internacional-de-musica-en-el-sofa\/#primaryimage","url":"https:\/\/www.revistarambla.com\/wp-content\/uploads\/2013\/01\/sofa_01.jpg","contentUrl":"https:\/\/www.revistarambla.com\/wp-content\/uploads\/2013\/01\/sofa_01.jpg"},{"@type":"BreadcrumbList","@id":"https:\/\/www.revistarambla.com\/sofar-red-internacional-de-musica-en-el-sofa\/#breadcrumb","itemListElement":[{"@type":"ListItem","position":1,"name":"Portada","item":"https:\/\/www.revistarambla.com\/"},{"@type":"ListItem","position":2,"name":"SOFAR: Red Internacional de M\u00fasica en el Sof\u00e1"}]},{"@type":"WebSite","@id":"https:\/\/www.revistarambla.com\/#website","url":"https:\/\/www.revistarambla.com\/","name":"Revista Rambla Barcelona","description":"Periodismo independiente","publisher":{"@id":"https:\/\/www.revistarambla.com\/#organization"},"potentialAction":[{"@type":"SearchAction","target":{"@type":"EntryPoint","urlTemplate":"https:\/\/www.revistarambla.com\/?s={search_term_string}"},"query-input":{"@type":"PropertyValueSpecification","valueRequired":true,"valueName":"search_term_string"}}],"inLanguage":"en-GB"},{"@type":"Organization","@id":"https:\/\/www.revistarambla.com\/#organization","name":"Revista Rambla","url":"https:\/\/www.revistarambla.com\/","logo":{"@type":"ImageObject","inLanguage":"en-GB","@id":"https:\/\/www.revistarambla.com\/#\/schema\/logo\/image\/","url":"https:\/\/www.revistarambla.com\/wp-content\/uploads\/2020\/09\/banner_rambla_1900x600_BB.png","contentUrl":"https:\/\/www.revistarambla.com\/wp-content\/uploads\/2020\/09\/banner_rambla_1900x600_BB.png","width":1900,"height":600,"caption":"Revista Rambla"},"image":{"@id":"https:\/\/www.revistarambla.com\/#\/schema\/logo\/image\/"},"sameAs":["https:\/\/www.facebook.com\/revistarambla\/","https:\/\/x.com\/revistarambla","https:\/\/www.instagram.com\/revista_rambla","https:\/\/es.linkedin.com\/company\/revista-rambla"]},{"@type":"Person","@id":"https:\/\/www.revistarambla.com\/#\/schema\/person\/4a5652fc8c82df1f8593002d038cd79e","name":"Flor Ragucci","description":"Periodista.","sameAs":["https:\/\/www.revistarambla.com\/"]}]}},"_links":{"self":[{"href":"https:\/\/www.revistarambla.com\/en\/wp-json\/wp\/v2\/posts\/2757","targetHints":{"allow":["GET"]}}],"collection":[{"href":"https:\/\/www.revistarambla.com\/en\/wp-json\/wp\/v2\/posts"}],"about":[{"href":"https:\/\/www.revistarambla.com\/en\/wp-json\/wp\/v2\/types\/post"}],"author":[{"embeddable":true,"href":"https:\/\/www.revistarambla.com\/en\/wp-json\/wp\/v2\/users\/1"}],"replies":[{"embeddable":true,"href":"https:\/\/www.revistarambla.com\/en\/wp-json\/wp\/v2\/comments?post=2757"}],"version-history":[{"count":0,"href":"https:\/\/www.revistarambla.com\/en\/wp-json\/wp\/v2\/posts\/2757\/revisions"}],"wp:attachment":[{"href":"https:\/\/www.revistarambla.com\/en\/wp-json\/wp\/v2\/media?parent=2757"}],"wp:term":[{"taxonomy":"category","embeddable":true,"href":"https:\/\/www.revistarambla.com\/en\/wp-json\/wp\/v2\/categories?post=2757"},{"taxonomy":"post_tag","embeddable":true,"href":"https:\/\/www.revistarambla.com\/en\/wp-json\/wp\/v2\/tags?post=2757"}],"curies":[{"name":"wp","href":"https:\/\/api.w.org\/{rel}","templated":true}]}}