{"id":27526,"date":"2021-01-30T18:28:02","date_gmt":"2021-01-30T17:28:02","guid":{"rendered":"https:\/\/www.revistarambla.com\/?p=27526"},"modified":"2021-12-07T16:18:56","modified_gmt":"2021-12-07T15:18:56","slug":"indulto-para-pablo-hasel","status":"publish","type":"post","link":"https:\/\/www.revistarambla.com\/en\/indulto-para-pablo-hasel\/","title":{"rendered":"\u00bfIndulto para Pablo Has\u00e9l?"},"content":{"rendered":"<p><img decoding=\"async\" class=\"size-medium wp-image-27527 alignright\" src=\"https:\/\/www.revistarambla.com\/wp-content\/uploads\/2021\/01\/1169993-300x200.jpg\" alt=\"\" width=\"300\" height=\"200\" srcset=\"https:\/\/www.revistarambla.com\/wp-content\/uploads\/2021\/01\/1169993-300x200.jpg 300w, https:\/\/www.revistarambla.com\/wp-content\/uploads\/2021\/01\/1169993-1024x682.jpg 1024w, https:\/\/www.revistarambla.com\/wp-content\/uploads\/2021\/01\/1169993-768x512.jpg 768w, https:\/\/www.revistarambla.com\/wp-content\/uploads\/2021\/01\/1169993.jpg 1280w\" sizes=\"(max-width: 300px) 100vw, 300px\" \/>El t\u00e9rmino distop\u00eda fue acu\u00f1ado a finales del siglo XIX por <strong>John Stuart Mill<\/strong> en contraposici\u00f3n al t\u00e9rmino eutop\u00eda o utop\u00eda de <strong>Thomas More<\/strong> y ser\u00eda \u201cuna utop\u00eda negativa donde la realidad transcurre en t\u00e9rminos antag\u00f3nicos a los de una sociedad ideal\u201d. Las distop\u00edas se ubican en ambientes cerrados o claustrof\u00f3bicos enmarcados en sistemas seudo-democr\u00e1ticos donde la \u00e9lite gobernante (<em>establishment<\/em>) se cree investida del derecho a invadir todos los \u00e1mbitos de la realidad en sus planos f\u00edsico y virtual , no dudando en restringir los derechos b\u00e1sicos de la ciudadan\u00eda y estigmatizar a todos los sectores refractarios a la doctrina oficial del establishment con un anatema recurrente.<\/p>\n<p>La libertad de expresi\u00f3n en Espa\u00f1a agoniza ante la nueva ofensiva represora de la Audiencia Nacional que vendr\u00e1 marcada por la aplicaci\u00f3n del llamado \u201cdelito de odio\u201d que constre\u00f1ir\u00e1 hasta el paroxismo la libertad de expresi\u00f3n mediante la imposici\u00f3n sistem\u00e1tica de multas estratosf\u00e9ricas y cuyo pen\u00faltimo episodio ser\u00eda la pr\u00f3xima <a href=\"https:\/\/www.revistarambla.com\/en\/pablo-hasel-en-10-dias-vendra-a-secuestrarme-a-la-fuerza-el-brazo-armado-del-estado-para-encarcelarme\/\">entrada en prisi\u00f3n del rapero Pablo Has\u00e9l<\/a> por presuntos \u201cdelitos de enaltecimiento del terrorismo e injurias a la Corona\u201d. Dicha cruzada involucionista tendr\u00eda a la Audiencia nacional y al Tribunal Supremo como <a href=\"https:\/\/www.revistarambla.com\/en\/existe-el-lobby-tardofranquista-judicial\/\">brazos ejecutores del tardofranquismo judicial<\/a>, tribunales que estar\u00edan controlados por el llamado \u201cclan de los pol\u00edticos\u201d en palabras del ex-Presidente de Sala del TS, <strong>Ram\u00f3n Trillo<\/strong> y cuyo objetivo confeso ser\u00eda la implementaci\u00f3n de la llamada <strong>Doctrina Aznar<\/strong> que tendr\u00eda objetivo \u00faltimo \u201dcriminalizar a grupos y entidades d\u00edscolos y refractarios al mensaje del establishment dominante del Estado espa\u00f1ol\u201d.<\/p>\n<p>La mencionada deriva involucionista del Tardofranquismo judicial del Estado espa\u00f1ol estar\u00e1 amparado por la \u201cespiral del silencio\u201d de los <a href=\"https:\/\/www.revistarambla.com\/en\/la-publicidad-institucional-una-poderosa-herramienta-para-someter-a-los-medios-de-comunicacion\/\">medios de comunicaci\u00f3n de masas del <em>establishment<\/em><\/a> (PRISA, Vocento, Grupo Planeta, Grupo God\u00f3, Grupo Zeta, Editorial Prensa Ib\u00e9rica, Unidad Editorial, TVE y Mediaset Espa\u00f1a), teor\u00eda formulada por la polit\u00f3loga alemana <strong>Elisabeth Noelle-Neumann<\/strong> en su libro <em>La espiral del silencio. Opini\u00f3n p\u00fablica: nuestra piel social<\/em> (1977). Dicha teor\u00eda simbolizar\u00eda \u201cla f\u00f3rmula de solapamiento cognitivo que instaura la censura a trav\u00e9s de una deliberada y sofocante acumulaci\u00f3n de mensajes de un solo signo\u201d, con lo que se producir\u00eda un proceso en espiral o bucle de retroalimentaci\u00f3n positiva.<\/p>\n<p>A ello contribuye el encefalograma plano de la conciencia cr\u00edtica de la sociedad actual favorecida por una pr\u00e1ctica period\u00edstica peligrosamente mediatizada por la ausencia de la ex\u00e9gesis u objetividad en los art\u00edculos de opini\u00f3n y el finiquito del c\u00f3digo deontol\u00f3gico period\u00edstico que tendr\u00eda su plasmaci\u00f3n en la implementaci\u00f3n de la autocensura y en la sumisi\u00f3n \u201cnolis volis\u201d a la l\u00ednea editorial de su medio de comunicaci\u00f3n (fruto del endemismo at\u00e1vico de la servidumbre a los poderes f\u00e1cticos del status quo) y que habr\u00edan convertido al periodista en mera correa de transmisi\u00f3n de los postulados del <em>establishment<\/em> o sistema dominante, pero dada la masiva indignaci\u00f3n popular ante la asimetr\u00eda jur\u00eddica entre &#8216;el caso Has\u00e9l&#8217; y los contenciosos del Em\u00e9rito, no ser\u00eda descartable la aplicaci\u00f3n por el Gobierno de un indulto a <strong>Pablo Has\u00e9l<\/strong> que representar\u00e1 la victoria de la libertad de expresi\u00f3n.<\/p>","protected":false},"excerpt":{"rendered":"<p>El t\u00e9rmino distop\u00eda fue acu\u00f1ado a finales del siglo XIX por John Stuart Mill en contraposici\u00f3n al t\u00e9rmino eutop\u00eda o utop\u00eda de Thomas More y ser\u00eda \u201cuna utop\u00eda negativa donde la realidad transcurre en t\u00e9rminos antag\u00f3nicos a los de una sociedad ideal\u201d. Las distop\u00edas se ubican en ambientes cerrados o [&hellip;]<\/p>\n","protected":false},"author":16,"featured_media":27527,"comment_status":"open","ping_status":"open","sticky":false,"template":"","format":"standard","meta":{"footnotes":""},"categories":[72],"tags":[],"class_list":["post-27526","post","type-post","status-publish","format-standard","has-post-thumbnail","hentry","category-opinion"],"yoast_head":"<!-- This site is optimized with the Yoast SEO plugin v27.5 - https:\/\/yoast.com\/product\/yoast-seo-wordpress\/ -->\n<title>\u00bfIndulto para Pablo Has\u00e9l? - Revista Rambla<\/title>\n<meta name=\"robots\" content=\"index, follow, max-snippet:-1, max-image-preview:large, max-video-preview:-1\" \/>\n<link rel=\"canonical\" href=\"https:\/\/www.revistarambla.com\/en\/indulto-para-pablo-hasel\/\" \/>\n<meta property=\"og:locale\" content=\"en_GB\" \/>\n<meta property=\"og:type\" content=\"article\" \/>\n<meta property=\"og:title\" content=\"\u00bfIndulto para Pablo Has\u00e9l? - Revista Rambla\" \/>\n<meta property=\"og:description\" content=\"El t\u00e9rmino distop\u00eda fue acu\u00f1ado a finales del siglo XIX por John Stuart Mill en contraposici\u00f3n al t\u00e9rmino eutop\u00eda o utop\u00eda de Thomas More y ser\u00eda \u201cuna utop\u00eda negativa donde la realidad transcurre en t\u00e9rminos antag\u00f3nicos a los de una sociedad ideal\u201d. Las distop\u00edas se ubican en ambientes cerrados o [&hellip;]\" \/>\n<meta property=\"og:url\" content=\"https:\/\/www.revistarambla.com\/en\/indulto-para-pablo-hasel\/\" \/>\n<meta property=\"og:site_name\" content=\"Revista Rambla\" \/>\n<meta property=\"article:publisher\" content=\"https:\/\/www.facebook.com\/revistarambla\/\" \/>\n<meta property=\"article:published_time\" content=\"2021-01-30T17:28:02+00:00\" \/>\n<meta property=\"article:modified_time\" content=\"2021-12-07T15:18:56+00:00\" \/>\n<meta property=\"og:image\" content=\"https:\/\/www.revistarambla.com\/wp-content\/uploads\/2021\/01\/1169993.jpg\" \/>\n\t<meta property=\"og:image:width\" content=\"1280\" \/>\n\t<meta property=\"og:image:height\" content=\"853\" \/>\n\t<meta property=\"og:image:type\" content=\"image\/jpeg\" \/>\n<meta name=\"author\" content=\"Germ\u00e1n Gorraiz L\u00f3pez\" \/>\n<meta name=\"twitter:card\" content=\"summary_large_image\" \/>\n<meta name=\"twitter:creator\" content=\"@revistarambla\" \/>\n<meta name=\"twitter:site\" content=\"@revistarambla\" \/>\n<meta name=\"twitter:label1\" content=\"Written by\" \/>\n\t<meta name=\"twitter:data1\" content=\"Germ\u00e1n Gorraiz L\u00f3pez\" \/>\n\t<meta name=\"twitter:label2\" content=\"Estimated reading time\" \/>\n\t<meta name=\"twitter:data2\" content=\"3 minutes\" \/>\n<script type=\"application\/ld+json\" class=\"yoast-schema-graph\">{\"@context\":\"https:\\\/\\\/schema.org\",\"@graph\":[{\"@type\":\"Article\",\"@id\":\"https:\\\/\\\/www.revistarambla.com\\\/indulto-para-pablo-hasel\\\/#article\",\"isPartOf\":{\"@id\":\"https:\\\/\\\/www.revistarambla.com\\\/indulto-para-pablo-hasel\\\/\"},\"author\":{\"name\":\"Germ\u00e1n Gorraiz L\u00f3pez\",\"@id\":\"https:\\\/\\\/www.revistarambla.com\\\/#\\\/schema\\\/person\\\/23a7868ff10cd88f8fdb045c7b7e4a4d\"},\"headline\":\"\u00bfIndulto para Pablo Has\u00e9l?\",\"datePublished\":\"2021-01-30T17:28:02+00:00\",\"dateModified\":\"2021-12-07T15:18:56+00:00\",\"mainEntityOfPage\":{\"@id\":\"https:\\\/\\\/www.revistarambla.com\\\/indulto-para-pablo-hasel\\\/\"},\"wordCount\":577,\"commentCount\":0,\"publisher\":{\"@id\":\"https:\\\/\\\/www.revistarambla.com\\\/#organization\"},\"image\":{\"@id\":\"https:\\\/\\\/www.revistarambla.com\\\/indulto-para-pablo-hasel\\\/#primaryimage\"},\"thumbnailUrl\":\"https:\\\/\\\/www.revistarambla.com\\\/wp-content\\\/uploads\\\/2021\\\/01\\\/1169993.jpg\",\"articleSection\":[\"Opiniones\"],\"inLanguage\":\"en-GB\",\"potentialAction\":[{\"@type\":\"CommentAction\",\"name\":\"Comment\",\"target\":[\"https:\\\/\\\/www.revistarambla.com\\\/indulto-para-pablo-hasel\\\/#respond\"]}]},{\"@type\":\"WebPage\",\"@id\":\"https:\\\/\\\/www.revistarambla.com\\\/indulto-para-pablo-hasel\\\/\",\"url\":\"https:\\\/\\\/www.revistarambla.com\\\/indulto-para-pablo-hasel\\\/\",\"name\":\"\u00bfIndulto para Pablo Has\u00e9l? - Revista Rambla\",\"isPartOf\":{\"@id\":\"https:\\\/\\\/www.revistarambla.com\\\/#website\"},\"primaryImageOfPage\":{\"@id\":\"https:\\\/\\\/www.revistarambla.com\\\/indulto-para-pablo-hasel\\\/#primaryimage\"},\"image\":{\"@id\":\"https:\\\/\\\/www.revistarambla.com\\\/indulto-para-pablo-hasel\\\/#primaryimage\"},\"thumbnailUrl\":\"https:\\\/\\\/www.revistarambla.com\\\/wp-content\\\/uploads\\\/2021\\\/01\\\/1169993.jpg\",\"datePublished\":\"2021-01-30T17:28:02+00:00\",\"dateModified\":\"2021-12-07T15:18:56+00:00\",\"breadcrumb\":{\"@id\":\"https:\\\/\\\/www.revistarambla.com\\\/indulto-para-pablo-hasel\\\/#breadcrumb\"},\"inLanguage\":\"en-GB\",\"potentialAction\":[{\"@type\":\"ReadAction\",\"target\":[\"https:\\\/\\\/www.revistarambla.com\\\/indulto-para-pablo-hasel\\\/\"]}]},{\"@type\":\"ImageObject\",\"inLanguage\":\"en-GB\",\"@id\":\"https:\\\/\\\/www.revistarambla.com\\\/indulto-para-pablo-hasel\\\/#primaryimage\",\"url\":\"https:\\\/\\\/www.revistarambla.com\\\/wp-content\\\/uploads\\\/2021\\\/01\\\/1169993.jpg\",\"contentUrl\":\"https:\\\/\\\/www.revistarambla.com\\\/wp-content\\\/uploads\\\/2021\\\/01\\\/1169993.jpg\",\"width\":1280,\"height\":853},{\"@type\":\"BreadcrumbList\",\"@id\":\"https:\\\/\\\/www.revistarambla.com\\\/indulto-para-pablo-hasel\\\/#breadcrumb\",\"itemListElement\":[{\"@type\":\"ListItem\",\"position\":1,\"name\":\"Portada\",\"item\":\"https:\\\/\\\/www.revistarambla.com\\\/\"},{\"@type\":\"ListItem\",\"position\":2,\"name\":\"\u00bfIndulto para Pablo Has\u00e9l?\"}]},{\"@type\":\"WebSite\",\"@id\":\"https:\\\/\\\/www.revistarambla.com\\\/#website\",\"url\":\"https:\\\/\\\/www.revistarambla.com\\\/\",\"name\":\"Revista Rambla Barcelona\",\"description\":\"Periodismo independiente\",\"publisher\":{\"@id\":\"https:\\\/\\\/www.revistarambla.com\\\/#organization\"},\"potentialAction\":[{\"@type\":\"SearchAction\",\"target\":{\"@type\":\"EntryPoint\",\"urlTemplate\":\"https:\\\/\\\/www.revistarambla.com\\\/?s={search_term_string}\"},\"query-input\":{\"@type\":\"PropertyValueSpecification\",\"valueRequired\":true,\"valueName\":\"search_term_string\"}}],\"inLanguage\":\"en-GB\"},{\"@type\":\"Organization\",\"@id\":\"https:\\\/\\\/www.revistarambla.com\\\/#organization\",\"name\":\"Revista Rambla\",\"url\":\"https:\\\/\\\/www.revistarambla.com\\\/\",\"logo\":{\"@type\":\"ImageObject\",\"inLanguage\":\"en-GB\",\"@id\":\"https:\\\/\\\/www.revistarambla.com\\\/#\\\/schema\\\/logo\\\/image\\\/\",\"url\":\"https:\\\/\\\/www.revistarambla.com\\\/wp-content\\\/uploads\\\/2020\\\/09\\\/banner_rambla_1900x600_BB.png\",\"contentUrl\":\"https:\\\/\\\/www.revistarambla.com\\\/wp-content\\\/uploads\\\/2020\\\/09\\\/banner_rambla_1900x600_BB.png\",\"width\":1900,\"height\":600,\"caption\":\"Revista Rambla\"},\"image\":{\"@id\":\"https:\\\/\\\/www.revistarambla.com\\\/#\\\/schema\\\/logo\\\/image\\\/\"},\"sameAs\":[\"https:\\\/\\\/www.facebook.com\\\/revistarambla\\\/\",\"https:\\\/\\\/x.com\\\/revistarambla\",\"https:\\\/\\\/www.instagram.com\\\/revista_rambla\",\"https:\\\/\\\/es.linkedin.com\\\/company\\\/revista-rambla\"]},{\"@type\":\"Person\",\"@id\":\"https:\\\/\\\/www.revistarambla.com\\\/#\\\/schema\\\/person\\\/23a7868ff10cd88f8fdb045c7b7e4a4d\",\"name\":\"Germ\u00e1n Gorraiz L\u00f3pez\",\"description\":\"Nacido en Navarra en 1957. Escribe an\u00e1lisis sobre temas econ\u00f3micos y geopol\u00edticos. Es miembro de Attac-Navarra. Colabora habitualmente en varios medios digitales e impresos espa\u00f1oles y latinoamericanos.\"}]}<\/script>\n<!-- \/ Yoast SEO plugin. -->","yoast_head_json":{"title":"\u00bfIndulto para Pablo Has\u00e9l? - Revista Rambla","robots":{"index":"index","follow":"follow","max-snippet":"max-snippet:-1","max-image-preview":"max-image-preview:large","max-video-preview":"max-video-preview:-1"},"canonical":"https:\/\/www.revistarambla.com\/en\/indulto-para-pablo-hasel\/","og_locale":"en_GB","og_type":"article","og_title":"\u00bfIndulto para Pablo Has\u00e9l? - Revista Rambla","og_description":"El t\u00e9rmino distop\u00eda fue acu\u00f1ado a finales del siglo XIX por John Stuart Mill en contraposici\u00f3n al t\u00e9rmino eutop\u00eda o utop\u00eda de Thomas More y ser\u00eda \u201cuna utop\u00eda negativa donde la realidad transcurre en t\u00e9rminos antag\u00f3nicos a los de una sociedad ideal\u201d. Las distop\u00edas se ubican en ambientes cerrados o [&hellip;]","og_url":"https:\/\/www.revistarambla.com\/en\/indulto-para-pablo-hasel\/","og_site_name":"Revista Rambla","article_publisher":"https:\/\/www.facebook.com\/revistarambla\/","article_published_time":"2021-01-30T17:28:02+00:00","article_modified_time":"2021-12-07T15:18:56+00:00","og_image":[{"width":1280,"height":853,"url":"https:\/\/www.revistarambla.com\/wp-content\/uploads\/2021\/01\/1169993.jpg","type":"image\/jpeg"}],"author":"Germ\u00e1n Gorraiz L\u00f3pez","twitter_card":"summary_large_image","twitter_creator":"@revistarambla","twitter_site":"@revistarambla","twitter_misc":{"Written by":"Germ\u00e1n Gorraiz L\u00f3pez","Estimated reading time":"3 minutes"},"schema":{"@context":"https:\/\/schema.org","@graph":[{"@type":"Article","@id":"https:\/\/www.revistarambla.com\/indulto-para-pablo-hasel\/#article","isPartOf":{"@id":"https:\/\/www.revistarambla.com\/indulto-para-pablo-hasel\/"},"author":{"name":"Germ\u00e1n Gorraiz L\u00f3pez","@id":"https:\/\/www.revistarambla.com\/#\/schema\/person\/23a7868ff10cd88f8fdb045c7b7e4a4d"},"headline":"\u00bfIndulto para Pablo Has\u00e9l?","datePublished":"2021-01-30T17:28:02+00:00","dateModified":"2021-12-07T15:18:56+00:00","mainEntityOfPage":{"@id":"https:\/\/www.revistarambla.com\/indulto-para-pablo-hasel\/"},"wordCount":577,"commentCount":0,"publisher":{"@id":"https:\/\/www.revistarambla.com\/#organization"},"image":{"@id":"https:\/\/www.revistarambla.com\/indulto-para-pablo-hasel\/#primaryimage"},"thumbnailUrl":"https:\/\/www.revistarambla.com\/wp-content\/uploads\/2021\/01\/1169993.jpg","articleSection":["Opiniones"],"inLanguage":"en-GB","potentialAction":[{"@type":"CommentAction","name":"Comment","target":["https:\/\/www.revistarambla.com\/indulto-para-pablo-hasel\/#respond"]}]},{"@type":"WebPage","@id":"https:\/\/www.revistarambla.com\/indulto-para-pablo-hasel\/","url":"https:\/\/www.revistarambla.com\/indulto-para-pablo-hasel\/","name":"\u00bfIndulto para Pablo Has\u00e9l? - Revista Rambla","isPartOf":{"@id":"https:\/\/www.revistarambla.com\/#website"},"primaryImageOfPage":{"@id":"https:\/\/www.revistarambla.com\/indulto-para-pablo-hasel\/#primaryimage"},"image":{"@id":"https:\/\/www.revistarambla.com\/indulto-para-pablo-hasel\/#primaryimage"},"thumbnailUrl":"https:\/\/www.revistarambla.com\/wp-content\/uploads\/2021\/01\/1169993.jpg","datePublished":"2021-01-30T17:28:02+00:00","dateModified":"2021-12-07T15:18:56+00:00","breadcrumb":{"@id":"https:\/\/www.revistarambla.com\/indulto-para-pablo-hasel\/#breadcrumb"},"inLanguage":"en-GB","potentialAction":[{"@type":"ReadAction","target":["https:\/\/www.revistarambla.com\/indulto-para-pablo-hasel\/"]}]},{"@type":"ImageObject","inLanguage":"en-GB","@id":"https:\/\/www.revistarambla.com\/indulto-para-pablo-hasel\/#primaryimage","url":"https:\/\/www.revistarambla.com\/wp-content\/uploads\/2021\/01\/1169993.jpg","contentUrl":"https:\/\/www.revistarambla.com\/wp-content\/uploads\/2021\/01\/1169993.jpg","width":1280,"height":853},{"@type":"BreadcrumbList","@id":"https:\/\/www.revistarambla.com\/indulto-para-pablo-hasel\/#breadcrumb","itemListElement":[{"@type":"ListItem","position":1,"name":"Portada","item":"https:\/\/www.revistarambla.com\/"},{"@type":"ListItem","position":2,"name":"\u00bfIndulto para Pablo Has\u00e9l?"}]},{"@type":"WebSite","@id":"https:\/\/www.revistarambla.com\/#website","url":"https:\/\/www.revistarambla.com\/","name":"Revista Rambla Barcelona","description":"Periodismo independiente","publisher":{"@id":"https:\/\/www.revistarambla.com\/#organization"},"potentialAction":[{"@type":"SearchAction","target":{"@type":"EntryPoint","urlTemplate":"https:\/\/www.revistarambla.com\/?s={search_term_string}"},"query-input":{"@type":"PropertyValueSpecification","valueRequired":true,"valueName":"search_term_string"}}],"inLanguage":"en-GB"},{"@type":"Organization","@id":"https:\/\/www.revistarambla.com\/#organization","name":"Revista Rambla","url":"https:\/\/www.revistarambla.com\/","logo":{"@type":"ImageObject","inLanguage":"en-GB","@id":"https:\/\/www.revistarambla.com\/#\/schema\/logo\/image\/","url":"https:\/\/www.revistarambla.com\/wp-content\/uploads\/2020\/09\/banner_rambla_1900x600_BB.png","contentUrl":"https:\/\/www.revistarambla.com\/wp-content\/uploads\/2020\/09\/banner_rambla_1900x600_BB.png","width":1900,"height":600,"caption":"Revista Rambla"},"image":{"@id":"https:\/\/www.revistarambla.com\/#\/schema\/logo\/image\/"},"sameAs":["https:\/\/www.facebook.com\/revistarambla\/","https:\/\/x.com\/revistarambla","https:\/\/www.instagram.com\/revista_rambla","https:\/\/es.linkedin.com\/company\/revista-rambla"]},{"@type":"Person","@id":"https:\/\/www.revistarambla.com\/#\/schema\/person\/23a7868ff10cd88f8fdb045c7b7e4a4d","name":"Germ\u00e1n Gorraiz L\u00f3pez","description":"Nacido en Navarra en 1957. Escribe an\u00e1lisis sobre temas econ\u00f3micos y geopol\u00edticos. Es miembro de Attac-Navarra. Colabora habitualmente en varios medios digitales e impresos espa\u00f1oles y latinoamericanos."}]}},"_links":{"self":[{"href":"https:\/\/www.revistarambla.com\/en\/wp-json\/wp\/v2\/posts\/27526","targetHints":{"allow":["GET"]}}],"collection":[{"href":"https:\/\/www.revistarambla.com\/en\/wp-json\/wp\/v2\/posts"}],"about":[{"href":"https:\/\/www.revistarambla.com\/en\/wp-json\/wp\/v2\/types\/post"}],"author":[{"embeddable":true,"href":"https:\/\/www.revistarambla.com\/en\/wp-json\/wp\/v2\/users\/16"}],"replies":[{"embeddable":true,"href":"https:\/\/www.revistarambla.com\/en\/wp-json\/wp\/v2\/comments?post=27526"}],"version-history":[{"count":0,"href":"https:\/\/www.revistarambla.com\/en\/wp-json\/wp\/v2\/posts\/27526\/revisions"}],"wp:featuredmedia":[{"embeddable":true,"href":"https:\/\/www.revistarambla.com\/en\/wp-json\/wp\/v2\/media\/27527"}],"wp:attachment":[{"href":"https:\/\/www.revistarambla.com\/en\/wp-json\/wp\/v2\/media?parent=27526"}],"wp:term":[{"taxonomy":"category","embeddable":true,"href":"https:\/\/www.revistarambla.com\/en\/wp-json\/wp\/v2\/categories?post=27526"},{"taxonomy":"post_tag","embeddable":true,"href":"https:\/\/www.revistarambla.com\/en\/wp-json\/wp\/v2\/tags?post=27526"}],"curies":[{"name":"wp","href":"https:\/\/api.w.org\/{rel}","templated":true}]}}