{"id":2741,"date":"2013-01-12T09:34:38","date_gmt":"2013-01-12T09:34:38","guid":{"rendered":"https:\/\/www.revistarambla.com\/el-peinado-de-caligula-os-da-la-oportunidad-de-acabar-con-vuestros-idolos\/"},"modified":"2024-04-30T18:56:40","modified_gmt":"2024-04-30T16:56:40","slug":"el-peinado-de-caligula-os-da-la-oportunidad-de-acabar-con-vuestros-idolos","status":"publish","type":"post","link":"https:\/\/www.revistarambla.com\/en\/el-peinado-de-caligula-os-da-la-oportunidad-de-acabar-con-vuestros-idolos\/","title":{"rendered":"\u2018Menos joven\u2019 de Rub\u00e9n Mart\u00edn"},"content":{"rendered":"<p>Como librera me siento en la obligaci\u00f3n de dar la voz de alarma ante este <a href=\"https:\/\/www.revistarambla.com\/en\/cultura\/libros\/\">libro<\/a>. De los miles de manojos de papel que pasan por mis manos cada d\u00eda, cada mes, cada a\u00f1o, y que en su mayor parte podr\u00edan estar tipificados como delito contra el medio ambiente y la salud mental, siempre hay alguno que te hace saltar de la silla piafando de j\u00fabilo y poniendo los ojos en blanco, uno que te hace volver atr\u00e1s durante su lectura una y otra vez y relinchar con estupor, bien, pues uno de esos milagrosos t\u00edtulos es: \u2018Menos Joven\u2019.<\/p>\n<p>No se puede confundir el texto de Rub\u00e9n con ning\u00fan otro. La personalidad de su narraci\u00f3n, la inventiva, la originalidad de su discurso y la interesante segunda lectura que esconde convierten la novela \u2018Menos Joven\u2019 en un juego literario lleno de trampas y puertas falsas que no deja de sorprender de la primera a la \u00faltima p\u00e1gina.<\/p>\n<p>Se trata de un texto tremendamente vivo, un texto que pide ser le\u00eddo en voz alta, declamado, interpretado, un texto que parece situarse un paso m\u00e1s all\u00e1 de lo que es la lectura. La historia de Bogdano nos arrastra, su diatriba, su delirante viaje, sus cuestionamientos\u2026 \u2013Bogdano corre en todo momento, \u00bfhe dicho yo acaso que se haya parado una sola vez?\u2013 Te arrastra con \u00e9l en su fren\u00e9tica carrera hacia la nada, en su aparentemente demencial narraci\u00f3n, que esconde m\u00e1s raz\u00f3n de la que podamos imaginar.<\/p>\n<p>\u2013Lo cierto es que el padre de Bogdano se dedicaba a cruzar libros como quien cruza perros de raza. Me explicar\u00e9: arrancaba las cubiertas de grandes obras de la literatura, separaba con cuidado la p\u00e1gina de cr\u00e9ditos, y a veces incluso la dedicatoria de aquellos escritores geniales; entonces, con las fundas de piel reci\u00e9n obtenidas de, por ejemplo Los papeles p\u00f3stumos del Club Pickwick retapaba el cuerpo paginoso de, por ejemplo, la novela Ra\u00edces: vest\u00eda as\u00ed una obra que hablaba de la captura y los d\u00edas de esclavo de Kunta Kinte y su posterior saga familiar con las letras en relieve y las guardas de justificado prestigio her\u00e1ldico destinadas a <a href=\"https:\/\/www.revistarambla.com\/en\/bicentenario-de-charles-dickens\/\">Dickens<\/a>\u2013.<\/p>\n<h2>\u2018Menos joven\u2019: Matar \u00eddolos<\/h2>\n<p>Triturar el concepto \u2018genio\u2019. Deseducar. Tergiversar. Liberarse de la pesada carga de lo ya dicho. Y romper todo molde, saltarse las clases, huir a galope de lo que se espera de nosotros. La narraci\u00f3n rompe y patea conceptos y prejuicios con un \u00fanico objetivo: aprender a pensar. No se puede ambicionar m\u00e1s. Rompe rompiendo y eso es harto dif\u00edcil en estos tiempos de agotamiento generalizado. Hay que agradecer el esfuerzo de la editorial apostando por Rub\u00e9n Mart\u00edn, apostando por lo desconocido y lo brillante. Ahora solo falta ejecutar mi funci\u00f3n como librera, mi obligaci\u00f3n, mi misi\u00f3n de avisar y alertar sobre un texto que no debe pasar inadvertido.<\/p>\n<p>\u2013El n\u00famero de ciudades quemadas que se le imputa es inexacto y legendario; los pasquines fuerzan una leyenda que queda determinada y autorizada a la velocidad de la publicidad y el rel\u00e1mpago: si creemos lo que dicen los carteles, Bogdano ha ofrecido helados con trocitos de cristal a los ni\u00f1os, ha tapado durante siete minutos la nariz y la boca de un viejo en un parque y despu\u00e9s ha atropellado seis veces con su caballo a su anciana esposa; ha llenado de tostadoras las ba\u00f1eras de decenas de personas\u2026\u2013<\/p>\n<p>Hay que dejarse llevar por esta lectura, leerla con furia, y de esa forma unirse a su ritmo destructivo, a su mensaje devastador: \u2013Hay que saltarse el purgatorio y cagarse en los mentores. En este estado de \u00e1nimo deja atr\u00e1s, probablemente sin verlas, las hileras de maderos donde aparece su cabeza cien veces empalada\u2013. Bogdano nos empuja con \u00e9l a una necesaria reflexi\u00f3n sobre la educaci\u00f3n, sobre el aprendizaje y el sentido del mismo. Y sobre c\u00f3mo quedamos a su merced desde ni\u00f1os, heredando \u00eddolos, genios, gu\u00edas sin que de ellos haya nada que aprender. \u2013Queda claro que el padre de Bogdano vel\u00f3 cuanto pudo para que su hijo no fuese capaz de formarse un criterio. La experiencia le hab\u00eda ense\u00f1ado que, despu\u00e9s de formado un criterio, ya no hab\u00eda esperanza de alcanzar un futuro saludable\u2013.<\/p>\n<p>El libro es un diez en todo, la edici\u00f3n que de este texto ha hecho Jekyll&amp;Jill tampoco puede quedarse sin menci\u00f3n. Hojead sus p\u00e1ginas, amigos, hacedlo, comprobad en vuestra propia carne, cu\u00e1n especiales y bellas se pueden hacer las cosas cuando se hacen bien. Curiosead todos los rincones del libro, hacedlo ya, y despu\u00e9s contadme.<\/p>","protected":false},"excerpt":{"rendered":"<p>El Peinado de Cal\u00edgula es el primer espacio de entretenimiento infantil protagonizado de manera exclusiva por adultos (\u2026) el \u00fanico en que a vuestros hijos se les habla de t\u00fa a t\u00fa, como si ya estuvieran perdidos<\/p>","protected":false},"author":1,"featured_media":2740,"comment_status":"open","ping_status":"open","sticky":false,"template":"","format":"standard","meta":{"footnotes":""},"categories":[60],"tags":[],"class_list":["post-2741","post","type-post","status-publish","format-standard","has-post-thumbnail","hentry","category-libros"],"yoast_head":"<!-- This site is optimized with the Yoast SEO plugin v27.5 - https:\/\/yoast.com\/product\/yoast-seo-wordpress\/ -->\n<title>\u2018Menos joven\u2019 de Rub\u00e9n Mart\u00edn - Revista Rambla<\/title>\n<meta name=\"description\" content=\"Como librera me siento en la obligaci\u00f3n de dar la voz de alarma ante este libro, \u2018Menos joven\u2019, de Rub\u00e9n Mart\u00edn.\" \/>\n<meta name=\"robots\" content=\"index, follow, max-snippet:-1, max-image-preview:large, max-video-preview:-1\" \/>\n<link rel=\"canonical\" href=\"https:\/\/www.revistarambla.com\/en\/el-peinado-de-caligula-os-da-la-oportunidad-de-acabar-con-vuestros-idolos\/\" \/>\n<meta property=\"og:locale\" content=\"en_GB\" \/>\n<meta property=\"og:type\" content=\"article\" \/>\n<meta property=\"og:title\" content=\"\u2018Menos joven\u2019 de Rub\u00e9n Mart\u00edn - Revista Rambla\" \/>\n<meta property=\"og:description\" content=\"Como librera me siento en la obligaci\u00f3n de dar la voz de alarma ante este libro, \u2018Menos joven\u2019, de Rub\u00e9n Mart\u00edn.\" \/>\n<meta property=\"og:url\" content=\"https:\/\/www.revistarambla.com\/en\/el-peinado-de-caligula-os-da-la-oportunidad-de-acabar-con-vuestros-idolos\/\" \/>\n<meta property=\"og:site_name\" content=\"Revista Rambla\" \/>\n<meta property=\"article:publisher\" content=\"https:\/\/www.facebook.com\/revistarambla\/\" \/>\n<meta property=\"article:published_time\" content=\"2013-01-12T09:34:38+00:00\" \/>\n<meta property=\"article:modified_time\" content=\"2024-04-30T16:56:40+00:00\" \/>\n<meta property=\"og:image\" content=\"https:\/\/www.revistarambla.com\/wp-content\/uploads\/2013\/01\/menos1.jpg\" \/>\n\t<meta property=\"og:image:width\" content=\"550\" \/>\n\t<meta property=\"og:image:height\" content=\"556\" \/>\n\t<meta property=\"og:image:type\" content=\"image\/jpeg\" \/>\n<meta name=\"author\" content=\"Natalia Zarco\" \/>\n<meta name=\"twitter:card\" content=\"summary_large_image\" \/>\n<meta name=\"twitter:creator\" content=\"@revistarambla\" \/>\n<meta name=\"twitter:site\" content=\"@revistarambla\" \/>\n<meta name=\"twitter:label1\" content=\"Written by\" \/>\n\t<meta name=\"twitter:data1\" content=\"Natalia Zarco\" \/>\n\t<meta name=\"twitter:label2\" content=\"Estimated reading time\" \/>\n\t<meta name=\"twitter:data2\" content=\"4 minutes\" \/>\n<script type=\"application\/ld+json\" class=\"yoast-schema-graph\">{\"@context\":\"https:\\\/\\\/schema.org\",\"@graph\":[{\"@type\":\"Article\",\"@id\":\"https:\\\/\\\/www.revistarambla.com\\\/el-peinado-de-caligula-os-da-la-oportunidad-de-acabar-con-vuestros-idolos\\\/#article\",\"isPartOf\":{\"@id\":\"https:\\\/\\\/www.revistarambla.com\\\/el-peinado-de-caligula-os-da-la-oportunidad-de-acabar-con-vuestros-idolos\\\/\"},\"author\":{\"name\":\"Natalia Zarco\",\"@id\":\"https:\\\/\\\/www.revistarambla.com\\\/#\\\/schema\\\/person\\\/4a5652fc8c82df1f8593002d038cd79e\"},\"headline\":\"\u2018Menos joven\u2019 de Rub\u00e9n Mart\u00edn\",\"datePublished\":\"2013-01-12T09:34:38+00:00\",\"dateModified\":\"2024-04-30T16:56:40+00:00\",\"mainEntityOfPage\":{\"@id\":\"https:\\\/\\\/www.revistarambla.com\\\/el-peinado-de-caligula-os-da-la-oportunidad-de-acabar-con-vuestros-idolos\\\/\"},\"wordCount\":808,\"commentCount\":0,\"publisher\":{\"@id\":\"https:\\\/\\\/www.revistarambla.com\\\/#organization\"},\"image\":{\"@id\":\"https:\\\/\\\/www.revistarambla.com\\\/el-peinado-de-caligula-os-da-la-oportunidad-de-acabar-con-vuestros-idolos\\\/#primaryimage\"},\"thumbnailUrl\":\"https:\\\/\\\/www.revistarambla.com\\\/wp-content\\\/uploads\\\/2013\\\/01\\\/menos1.jpg\",\"articleSection\":[\"Libros\"],\"inLanguage\":\"en-GB\",\"potentialAction\":[{\"@type\":\"CommentAction\",\"name\":\"Comment\",\"target\":[\"https:\\\/\\\/www.revistarambla.com\\\/el-peinado-de-caligula-os-da-la-oportunidad-de-acabar-con-vuestros-idolos\\\/#respond\"]}]},{\"@type\":\"WebPage\",\"@id\":\"https:\\\/\\\/www.revistarambla.com\\\/el-peinado-de-caligula-os-da-la-oportunidad-de-acabar-con-vuestros-idolos\\\/\",\"url\":\"https:\\\/\\\/www.revistarambla.com\\\/el-peinado-de-caligula-os-da-la-oportunidad-de-acabar-con-vuestros-idolos\\\/\",\"name\":\"\u2018Menos joven\u2019 de Rub\u00e9n Mart\u00edn - Revista Rambla\",\"isPartOf\":{\"@id\":\"https:\\\/\\\/www.revistarambla.com\\\/#website\"},\"primaryImageOfPage\":{\"@id\":\"https:\\\/\\\/www.revistarambla.com\\\/el-peinado-de-caligula-os-da-la-oportunidad-de-acabar-con-vuestros-idolos\\\/#primaryimage\"},\"image\":{\"@id\":\"https:\\\/\\\/www.revistarambla.com\\\/el-peinado-de-caligula-os-da-la-oportunidad-de-acabar-con-vuestros-idolos\\\/#primaryimage\"},\"thumbnailUrl\":\"https:\\\/\\\/www.revistarambla.com\\\/wp-content\\\/uploads\\\/2013\\\/01\\\/menos1.jpg\",\"datePublished\":\"2013-01-12T09:34:38+00:00\",\"dateModified\":\"2024-04-30T16:56:40+00:00\",\"description\":\"Como librera me siento en la obligaci\u00f3n de dar la voz de alarma ante este libro, \u2018Menos joven\u2019, de Rub\u00e9n Mart\u00edn.\",\"breadcrumb\":{\"@id\":\"https:\\\/\\\/www.revistarambla.com\\\/el-peinado-de-caligula-os-da-la-oportunidad-de-acabar-con-vuestros-idolos\\\/#breadcrumb\"},\"inLanguage\":\"en-GB\",\"potentialAction\":[{\"@type\":\"ReadAction\",\"target\":[\"https:\\\/\\\/www.revistarambla.com\\\/el-peinado-de-caligula-os-da-la-oportunidad-de-acabar-con-vuestros-idolos\\\/\"]}]},{\"@type\":\"ImageObject\",\"inLanguage\":\"en-GB\",\"@id\":\"https:\\\/\\\/www.revistarambla.com\\\/el-peinado-de-caligula-os-da-la-oportunidad-de-acabar-con-vuestros-idolos\\\/#primaryimage\",\"url\":\"https:\\\/\\\/www.revistarambla.com\\\/wp-content\\\/uploads\\\/2013\\\/01\\\/menos1.jpg\",\"contentUrl\":\"https:\\\/\\\/www.revistarambla.com\\\/wp-content\\\/uploads\\\/2013\\\/01\\\/menos1.jpg\",\"width\":550,\"height\":556,\"caption\":\"Menos joven de Rub\u00e9n Mart\u00edn.\"},{\"@type\":\"BreadcrumbList\",\"@id\":\"https:\\\/\\\/www.revistarambla.com\\\/el-peinado-de-caligula-os-da-la-oportunidad-de-acabar-con-vuestros-idolos\\\/#breadcrumb\",\"itemListElement\":[{\"@type\":\"ListItem\",\"position\":1,\"name\":\"Portada\",\"item\":\"https:\\\/\\\/www.revistarambla.com\\\/\"},{\"@type\":\"ListItem\",\"position\":2,\"name\":\"\u2018Menos joven\u2019 de Rub\u00e9n Mart\u00edn\"}]},{\"@type\":\"WebSite\",\"@id\":\"https:\\\/\\\/www.revistarambla.com\\\/#website\",\"url\":\"https:\\\/\\\/www.revistarambla.com\\\/\",\"name\":\"Revista Rambla Barcelona\",\"description\":\"Periodismo independiente\",\"publisher\":{\"@id\":\"https:\\\/\\\/www.revistarambla.com\\\/#organization\"},\"potentialAction\":[{\"@type\":\"SearchAction\",\"target\":{\"@type\":\"EntryPoint\",\"urlTemplate\":\"https:\\\/\\\/www.revistarambla.com\\\/?s={search_term_string}\"},\"query-input\":{\"@type\":\"PropertyValueSpecification\",\"valueRequired\":true,\"valueName\":\"search_term_string\"}}],\"inLanguage\":\"en-GB\"},{\"@type\":\"Organization\",\"@id\":\"https:\\\/\\\/www.revistarambla.com\\\/#organization\",\"name\":\"Revista Rambla\",\"url\":\"https:\\\/\\\/www.revistarambla.com\\\/\",\"logo\":{\"@type\":\"ImageObject\",\"inLanguage\":\"en-GB\",\"@id\":\"https:\\\/\\\/www.revistarambla.com\\\/#\\\/schema\\\/logo\\\/image\\\/\",\"url\":\"https:\\\/\\\/www.revistarambla.com\\\/wp-content\\\/uploads\\\/2020\\\/09\\\/banner_rambla_1900x600_BB.png\",\"contentUrl\":\"https:\\\/\\\/www.revistarambla.com\\\/wp-content\\\/uploads\\\/2020\\\/09\\\/banner_rambla_1900x600_BB.png\",\"width\":1900,\"height\":600,\"caption\":\"Revista Rambla\"},\"image\":{\"@id\":\"https:\\\/\\\/www.revistarambla.com\\\/#\\\/schema\\\/logo\\\/image\\\/\"},\"sameAs\":[\"https:\\\/\\\/www.facebook.com\\\/revistarambla\\\/\",\"https:\\\/\\\/x.com\\\/revistarambla\",\"https:\\\/\\\/www.instagram.com\\\/revista_rambla\",\"https:\\\/\\\/es.linkedin.com\\\/company\\\/revista-rambla\"]},{\"@type\":\"Person\",\"@id\":\"https:\\\/\\\/www.revistarambla.com\\\/#\\\/schema\\\/person\\\/4a5652fc8c82df1f8593002d038cd79e\",\"name\":\"Natalia Zarco\"}]}<\/script>\n<!-- \/ Yoast SEO plugin. -->","yoast_head_json":{"title":"\u2018Menos joven\u2019 de Rub\u00e9n Mart\u00edn - Revista Rambla","description":"Como librera me siento en la obligaci\u00f3n de dar la voz de alarma ante este libro, \u2018Menos joven\u2019, de Rub\u00e9n Mart\u00edn.","robots":{"index":"index","follow":"follow","max-snippet":"max-snippet:-1","max-image-preview":"max-image-preview:large","max-video-preview":"max-video-preview:-1"},"canonical":"https:\/\/www.revistarambla.com\/en\/el-peinado-de-caligula-os-da-la-oportunidad-de-acabar-con-vuestros-idolos\/","og_locale":"en_GB","og_type":"article","og_title":"\u2018Menos joven\u2019 de Rub\u00e9n Mart\u00edn - Revista Rambla","og_description":"Como librera me siento en la obligaci\u00f3n de dar la voz de alarma ante este libro, \u2018Menos joven\u2019, de Rub\u00e9n Mart\u00edn.","og_url":"https:\/\/www.revistarambla.com\/en\/el-peinado-de-caligula-os-da-la-oportunidad-de-acabar-con-vuestros-idolos\/","og_site_name":"Revista Rambla","article_publisher":"https:\/\/www.facebook.com\/revistarambla\/","article_published_time":"2013-01-12T09:34:38+00:00","article_modified_time":"2024-04-30T16:56:40+00:00","og_image":[{"width":550,"height":556,"url":"https:\/\/www.revistarambla.com\/wp-content\/uploads\/2013\/01\/menos1.jpg","type":"image\/jpeg"}],"author":"Natalia Zarco","twitter_card":"summary_large_image","twitter_creator":"@revistarambla","twitter_site":"@revistarambla","twitter_misc":{"Written by":"Natalia Zarco","Estimated reading time":"4 minutes"},"schema":{"@context":"https:\/\/schema.org","@graph":[{"@type":"Article","@id":"https:\/\/www.revistarambla.com\/el-peinado-de-caligula-os-da-la-oportunidad-de-acabar-con-vuestros-idolos\/#article","isPartOf":{"@id":"https:\/\/www.revistarambla.com\/el-peinado-de-caligula-os-da-la-oportunidad-de-acabar-con-vuestros-idolos\/"},"author":{"name":"Natalia Zarco","@id":"https:\/\/www.revistarambla.com\/#\/schema\/person\/4a5652fc8c82df1f8593002d038cd79e"},"headline":"\u2018Menos joven\u2019 de Rub\u00e9n Mart\u00edn","datePublished":"2013-01-12T09:34:38+00:00","dateModified":"2024-04-30T16:56:40+00:00","mainEntityOfPage":{"@id":"https:\/\/www.revistarambla.com\/el-peinado-de-caligula-os-da-la-oportunidad-de-acabar-con-vuestros-idolos\/"},"wordCount":808,"commentCount":0,"publisher":{"@id":"https:\/\/www.revistarambla.com\/#organization"},"image":{"@id":"https:\/\/www.revistarambla.com\/el-peinado-de-caligula-os-da-la-oportunidad-de-acabar-con-vuestros-idolos\/#primaryimage"},"thumbnailUrl":"https:\/\/www.revistarambla.com\/wp-content\/uploads\/2013\/01\/menos1.jpg","articleSection":["Libros"],"inLanguage":"en-GB","potentialAction":[{"@type":"CommentAction","name":"Comment","target":["https:\/\/www.revistarambla.com\/el-peinado-de-caligula-os-da-la-oportunidad-de-acabar-con-vuestros-idolos\/#respond"]}]},{"@type":"WebPage","@id":"https:\/\/www.revistarambla.com\/el-peinado-de-caligula-os-da-la-oportunidad-de-acabar-con-vuestros-idolos\/","url":"https:\/\/www.revistarambla.com\/el-peinado-de-caligula-os-da-la-oportunidad-de-acabar-con-vuestros-idolos\/","name":"\u2018Menos joven\u2019 de Rub\u00e9n Mart\u00edn - Revista Rambla","isPartOf":{"@id":"https:\/\/www.revistarambla.com\/#website"},"primaryImageOfPage":{"@id":"https:\/\/www.revistarambla.com\/el-peinado-de-caligula-os-da-la-oportunidad-de-acabar-con-vuestros-idolos\/#primaryimage"},"image":{"@id":"https:\/\/www.revistarambla.com\/el-peinado-de-caligula-os-da-la-oportunidad-de-acabar-con-vuestros-idolos\/#primaryimage"},"thumbnailUrl":"https:\/\/www.revistarambla.com\/wp-content\/uploads\/2013\/01\/menos1.jpg","datePublished":"2013-01-12T09:34:38+00:00","dateModified":"2024-04-30T16:56:40+00:00","description":"Como librera me siento en la obligaci\u00f3n de dar la voz de alarma ante este libro, \u2018Menos joven\u2019, de Rub\u00e9n Mart\u00edn.","breadcrumb":{"@id":"https:\/\/www.revistarambla.com\/el-peinado-de-caligula-os-da-la-oportunidad-de-acabar-con-vuestros-idolos\/#breadcrumb"},"inLanguage":"en-GB","potentialAction":[{"@type":"ReadAction","target":["https:\/\/www.revistarambla.com\/el-peinado-de-caligula-os-da-la-oportunidad-de-acabar-con-vuestros-idolos\/"]}]},{"@type":"ImageObject","inLanguage":"en-GB","@id":"https:\/\/www.revistarambla.com\/el-peinado-de-caligula-os-da-la-oportunidad-de-acabar-con-vuestros-idolos\/#primaryimage","url":"https:\/\/www.revistarambla.com\/wp-content\/uploads\/2013\/01\/menos1.jpg","contentUrl":"https:\/\/www.revistarambla.com\/wp-content\/uploads\/2013\/01\/menos1.jpg","width":550,"height":556,"caption":"Menos joven de Rub\u00e9n Mart\u00edn."},{"@type":"BreadcrumbList","@id":"https:\/\/www.revistarambla.com\/el-peinado-de-caligula-os-da-la-oportunidad-de-acabar-con-vuestros-idolos\/#breadcrumb","itemListElement":[{"@type":"ListItem","position":1,"name":"Portada","item":"https:\/\/www.revistarambla.com\/"},{"@type":"ListItem","position":2,"name":"\u2018Menos joven\u2019 de Rub\u00e9n Mart\u00edn"}]},{"@type":"WebSite","@id":"https:\/\/www.revistarambla.com\/#website","url":"https:\/\/www.revistarambla.com\/","name":"Revista Rambla Barcelona","description":"Periodismo independiente","publisher":{"@id":"https:\/\/www.revistarambla.com\/#organization"},"potentialAction":[{"@type":"SearchAction","target":{"@type":"EntryPoint","urlTemplate":"https:\/\/www.revistarambla.com\/?s={search_term_string}"},"query-input":{"@type":"PropertyValueSpecification","valueRequired":true,"valueName":"search_term_string"}}],"inLanguage":"en-GB"},{"@type":"Organization","@id":"https:\/\/www.revistarambla.com\/#organization","name":"Revista Rambla","url":"https:\/\/www.revistarambla.com\/","logo":{"@type":"ImageObject","inLanguage":"en-GB","@id":"https:\/\/www.revistarambla.com\/#\/schema\/logo\/image\/","url":"https:\/\/www.revistarambla.com\/wp-content\/uploads\/2020\/09\/banner_rambla_1900x600_BB.png","contentUrl":"https:\/\/www.revistarambla.com\/wp-content\/uploads\/2020\/09\/banner_rambla_1900x600_BB.png","width":1900,"height":600,"caption":"Revista Rambla"},"image":{"@id":"https:\/\/www.revistarambla.com\/#\/schema\/logo\/image\/"},"sameAs":["https:\/\/www.facebook.com\/revistarambla\/","https:\/\/x.com\/revistarambla","https:\/\/www.instagram.com\/revista_rambla","https:\/\/es.linkedin.com\/company\/revista-rambla"]},{"@type":"Person","@id":"https:\/\/www.revistarambla.com\/#\/schema\/person\/4a5652fc8c82df1f8593002d038cd79e","name":"Natalia Zarco"}]}},"_links":{"self":[{"href":"https:\/\/www.revistarambla.com\/en\/wp-json\/wp\/v2\/posts\/2741","targetHints":{"allow":["GET"]}}],"collection":[{"href":"https:\/\/www.revistarambla.com\/en\/wp-json\/wp\/v2\/posts"}],"about":[{"href":"https:\/\/www.revistarambla.com\/en\/wp-json\/wp\/v2\/types\/post"}],"author":[{"embeddable":true,"href":"https:\/\/www.revistarambla.com\/en\/wp-json\/wp\/v2\/users\/1"}],"replies":[{"embeddable":true,"href":"https:\/\/www.revistarambla.com\/en\/wp-json\/wp\/v2\/comments?post=2741"}],"version-history":[{"count":2,"href":"https:\/\/www.revistarambla.com\/en\/wp-json\/wp\/v2\/posts\/2741\/revisions"}],"predecessor-version":[{"id":59851,"href":"https:\/\/www.revistarambla.com\/en\/wp-json\/wp\/v2\/posts\/2741\/revisions\/59851"}],"wp:featuredmedia":[{"embeddable":true,"href":"https:\/\/www.revistarambla.com\/en\/wp-json\/wp\/v2\/media\/2740"}],"wp:attachment":[{"href":"https:\/\/www.revistarambla.com\/en\/wp-json\/wp\/v2\/media?parent=2741"}],"wp:term":[{"taxonomy":"category","embeddable":true,"href":"https:\/\/www.revistarambla.com\/en\/wp-json\/wp\/v2\/categories?post=2741"},{"taxonomy":"post_tag","embeddable":true,"href":"https:\/\/www.revistarambla.com\/en\/wp-json\/wp\/v2\/tags?post=2741"}],"curies":[{"name":"wp","href":"https:\/\/api.w.org\/{rel}","templated":true}]}}