{"id":2706,"date":"2012-12-29T14:54:00","date_gmt":"2012-12-29T13:54:00","guid":{"rendered":"https:\/\/www.revistarambla.com\/senyors-tranquil-alfa-bar\/"},"modified":"2021-12-08T20:45:19","modified_gmt":"2021-12-08T19:45:19","slug":"senyors-tranquil-alfa-bar","status":"publish","type":"post","link":"https:\/\/www.revistarambla.com\/en\/senyors-tranquil-alfa-bar\/","title":{"rendered":"Senyors Tranquil &#8211; Alfa Bar"},"content":{"rendered":"<p><img decoding=\"async\" class=\"aligncenter\" src=\"https:\/\/www.revistarambla.com\/wp-content\/uploads\/2012\/12\/Imagen%201.jpg\" alt=\"alt\" width=\"550\" height=\"396\" \/><\/p>\n<p>Un guitarrista joven de aspecto bohemio, una bater\u00eda de rizos rubios y un cantante cincuent\u00f3n de pelo blanco con la serenidad de la experiencia. El peculiar y nada convencional tr\u00edo responde al nombre de Senyors Tranquil y regalaron una velada \u00edntima y humor\u00edstica en el ciclo de conciertos de los jueves en el Alfa.<\/p>\n<p>La fecha apocal\u00edptica (era la antesala del fin del mundo seg\u00fan la profec\u00eda maya) sirvi\u00f3 en bandeja una actuaci\u00f3n desenfadada, cordial, de butaca ante la chimenea. Su pop-folk pausado sin desvar\u00edos el\u00e9ctricos ni tentaci\u00f3n somn\u00edfera nos adentr\u00f3 en la \u201cTurista del carrer\u201d (single infalible y carta de presentaci\u00f3n del \u00e1lbum de debut), en \u201cMadrid\u201d (\u201cse puede ser independentista y que te gusta esta ciudad\u201d, como dijo el cantante) o en los rincones del segundo disco, \u201cGratacels\u201d, como \u201cEl cercle i la virtut\u201d. Una hora y cuarto en el que el l\u00edder de la formaci\u00f3n barcelonesa hizo gala de sus dotes imitativas (Llach, Serrat, Gerard Quintana, Llu\u00eds Gavald\u00e0, Albert Pla, Joan Colomo, el cantante de Manel, Delaf\u00e9 y las Flores Azules y Quimi Portet, al que literalmente clav\u00f3), todos ellos m\u00fasicos que seg\u00fan \u00e9l estaban invitados pero que finalmente no llegaron a tiempo. Una versi\u00f3n de Bowie y un par de bises propios bajaron el tel\u00f3n de una noche que te\u00f3ricamente iba a ser la \u00faltima. Como m\u00ednimo nos ir\u00edamos al garete con una amplia sonrisa (como patrimonio, no como legado).<\/p>","protected":false},"excerpt":{"rendered":"<p>Un guitarrista joven de aspecto bohemio, una bater\u00eda de rizos rubios y un cantante cincuent\u00f3n de pelo blanco con la serenidad de la experiencia. El peculiar y nada convencional tr\u00edo responde al nombre de Senyors Tranquil y regalaron una velada \u00edntima y humor\u00edstica en el ciclo de conciertos de los [&hellip;]<\/p>\n","protected":false},"author":40,"featured_media":0,"comment_status":"open","ping_status":"open","sticky":false,"template":"","format":"standard","meta":{"footnotes":""},"categories":[4,65],"tags":[],"class_list":["post-2706","post","type-post","status-publish","format-standard","hentry","category-cultura","category-musica"],"yoast_head":"<!-- This site is optimized with the Yoast SEO plugin v27.5 - https:\/\/yoast.com\/product\/yoast-seo-wordpress\/ -->\n<title>Senyors Tranquil - Alfa Bar - Revista Rambla<\/title>\n<meta name=\"robots\" content=\"index, follow, max-snippet:-1, max-image-preview:large, max-video-preview:-1\" \/>\n<link rel=\"canonical\" href=\"https:\/\/www.revistarambla.com\/en\/senyors-tranquil-alfa-bar\/\" \/>\n<meta property=\"og:locale\" content=\"en_GB\" \/>\n<meta property=\"og:type\" content=\"article\" \/>\n<meta property=\"og:title\" content=\"Senyors Tranquil - Alfa Bar - Revista Rambla\" \/>\n<meta property=\"og:description\" content=\"Un guitarrista joven de aspecto bohemio, una bater\u00eda de rizos rubios y un cantante cincuent\u00f3n de pelo blanco con la serenidad de la experiencia. El peculiar y nada convencional tr\u00edo responde al nombre de Senyors Tranquil y regalaron una velada \u00edntima y humor\u00edstica en el ciclo de conciertos de los [&hellip;]\" \/>\n<meta property=\"og:url\" content=\"https:\/\/www.revistarambla.com\/en\/senyors-tranquil-alfa-bar\/\" \/>\n<meta property=\"og:site_name\" content=\"Revista Rambla\" \/>\n<meta property=\"article:publisher\" content=\"https:\/\/www.facebook.com\/revistarambla\/\" \/>\n<meta property=\"article:author\" content=\"https:\/\/www.facebook.com\/carles.batalla.7\" \/>\n<meta property=\"article:published_time\" content=\"2012-12-29T13:54:00+00:00\" \/>\n<meta property=\"article:modified_time\" content=\"2021-12-08T19:45:19+00:00\" \/>\n<meta property=\"og:image\" content=\"https:\/\/www.revistarambla.com\/wp-content\/uploads\/2012\/12\/senyors-tranquil_2-1.jpg\" \/>\n\t<meta property=\"og:image:width\" content=\"682\" \/>\n\t<meta property=\"og:image:height\" content=\"400\" \/>\n\t<meta property=\"og:image:type\" content=\"image\/jpeg\" \/>\n<meta name=\"author\" content=\"Carles Batalla\" \/>\n<meta name=\"twitter:card\" content=\"summary_large_image\" \/>\n<meta name=\"twitter:creator\" content=\"@batallacarles\" \/>\n<meta name=\"twitter:site\" content=\"@revistarambla\" \/>\n<meta name=\"twitter:label1\" content=\"Written by\" \/>\n\t<meta name=\"twitter:data1\" content=\"Carles Batalla\" \/>\n\t<meta name=\"twitter:label2\" content=\"Estimated reading time\" \/>\n\t<meta name=\"twitter:data2\" content=\"2 minutes\" \/>\n<script type=\"application\/ld+json\" class=\"yoast-schema-graph\">{\"@context\":\"https:\\\/\\\/schema.org\",\"@graph\":[{\"@type\":\"Article\",\"@id\":\"https:\\\/\\\/www.revistarambla.com\\\/senyors-tranquil-alfa-bar\\\/#article\",\"isPartOf\":{\"@id\":\"https:\\\/\\\/www.revistarambla.com\\\/senyors-tranquil-alfa-bar\\\/\"},\"author\":{\"name\":\"Carles Batalla\",\"@id\":\"https:\\\/\\\/www.revistarambla.com\\\/#\\\/schema\\\/person\\\/6929729dc40824a1c398a961398e6d97\"},\"headline\":\"Senyors Tranquil &#8211; Alfa Bar\",\"datePublished\":\"2012-12-29T13:54:00+00:00\",\"dateModified\":\"2021-12-08T19:45:19+00:00\",\"mainEntityOfPage\":{\"@id\":\"https:\\\/\\\/www.revistarambla.com\\\/senyors-tranquil-alfa-bar\\\/\"},\"wordCount\":262,\"commentCount\":0,\"publisher\":{\"@id\":\"https:\\\/\\\/www.revistarambla.com\\\/#organization\"},\"image\":{\"@id\":\"https:\\\/\\\/www.revistarambla.com\\\/senyors-tranquil-alfa-bar\\\/#primaryimage\"},\"thumbnailUrl\":\"https:\\\/\\\/www.revistarambla.com\\\/wp-content\\\/uploads\\\/2012\\\/12\\\/Imagen%201.jpg\",\"articleSection\":[\"Cultura\",\"M\u00fasica\"],\"inLanguage\":\"en-GB\",\"potentialAction\":[{\"@type\":\"CommentAction\",\"name\":\"Comment\",\"target\":[\"https:\\\/\\\/www.revistarambla.com\\\/senyors-tranquil-alfa-bar\\\/#respond\"]}]},{\"@type\":\"WebPage\",\"@id\":\"https:\\\/\\\/www.revistarambla.com\\\/senyors-tranquil-alfa-bar\\\/\",\"url\":\"https:\\\/\\\/www.revistarambla.com\\\/senyors-tranquil-alfa-bar\\\/\",\"name\":\"Senyors Tranquil - Alfa Bar - Revista Rambla\",\"isPartOf\":{\"@id\":\"https:\\\/\\\/www.revistarambla.com\\\/#website\"},\"primaryImageOfPage\":{\"@id\":\"https:\\\/\\\/www.revistarambla.com\\\/senyors-tranquil-alfa-bar\\\/#primaryimage\"},\"image\":{\"@id\":\"https:\\\/\\\/www.revistarambla.com\\\/senyors-tranquil-alfa-bar\\\/#primaryimage\"},\"thumbnailUrl\":\"https:\\\/\\\/www.revistarambla.com\\\/wp-content\\\/uploads\\\/2012\\\/12\\\/Imagen%201.jpg\",\"datePublished\":\"2012-12-29T13:54:00+00:00\",\"dateModified\":\"2021-12-08T19:45:19+00:00\",\"breadcrumb\":{\"@id\":\"https:\\\/\\\/www.revistarambla.com\\\/senyors-tranquil-alfa-bar\\\/#breadcrumb\"},\"inLanguage\":\"en-GB\",\"potentialAction\":[{\"@type\":\"ReadAction\",\"target\":[\"https:\\\/\\\/www.revistarambla.com\\\/senyors-tranquil-alfa-bar\\\/\"]}]},{\"@type\":\"ImageObject\",\"inLanguage\":\"en-GB\",\"@id\":\"https:\\\/\\\/www.revistarambla.com\\\/senyors-tranquil-alfa-bar\\\/#primaryimage\",\"url\":\"https:\\\/\\\/www.revistarambla.com\\\/wp-content\\\/uploads\\\/2012\\\/12\\\/Imagen%201.jpg\",\"contentUrl\":\"https:\\\/\\\/www.revistarambla.com\\\/wp-content\\\/uploads\\\/2012\\\/12\\\/Imagen%201.jpg\"},{\"@type\":\"BreadcrumbList\",\"@id\":\"https:\\\/\\\/www.revistarambla.com\\\/senyors-tranquil-alfa-bar\\\/#breadcrumb\",\"itemListElement\":[{\"@type\":\"ListItem\",\"position\":1,\"name\":\"Portada\",\"item\":\"https:\\\/\\\/www.revistarambla.com\\\/\"},{\"@type\":\"ListItem\",\"position\":2,\"name\":\"Senyors Tranquil &#8211; Alfa Bar\"}]},{\"@type\":\"WebSite\",\"@id\":\"https:\\\/\\\/www.revistarambla.com\\\/#website\",\"url\":\"https:\\\/\\\/www.revistarambla.com\\\/\",\"name\":\"Revista Rambla Barcelona\",\"description\":\"Periodismo independiente\",\"publisher\":{\"@id\":\"https:\\\/\\\/www.revistarambla.com\\\/#organization\"},\"potentialAction\":[{\"@type\":\"SearchAction\",\"target\":{\"@type\":\"EntryPoint\",\"urlTemplate\":\"https:\\\/\\\/www.revistarambla.com\\\/?s={search_term_string}\"},\"query-input\":{\"@type\":\"PropertyValueSpecification\",\"valueRequired\":true,\"valueName\":\"search_term_string\"}}],\"inLanguage\":\"en-GB\"},{\"@type\":\"Organization\",\"@id\":\"https:\\\/\\\/www.revistarambla.com\\\/#organization\",\"name\":\"Revista Rambla\",\"url\":\"https:\\\/\\\/www.revistarambla.com\\\/\",\"logo\":{\"@type\":\"ImageObject\",\"inLanguage\":\"en-GB\",\"@id\":\"https:\\\/\\\/www.revistarambla.com\\\/#\\\/schema\\\/logo\\\/image\\\/\",\"url\":\"https:\\\/\\\/www.revistarambla.com\\\/wp-content\\\/uploads\\\/2020\\\/09\\\/banner_rambla_1900x600_BB.png\",\"contentUrl\":\"https:\\\/\\\/www.revistarambla.com\\\/wp-content\\\/uploads\\\/2020\\\/09\\\/banner_rambla_1900x600_BB.png\",\"width\":1900,\"height\":600,\"caption\":\"Revista Rambla\"},\"image\":{\"@id\":\"https:\\\/\\\/www.revistarambla.com\\\/#\\\/schema\\\/logo\\\/image\\\/\"},\"sameAs\":[\"https:\\\/\\\/www.facebook.com\\\/revistarambla\\\/\",\"https:\\\/\\\/x.com\\\/revistarambla\",\"https:\\\/\\\/www.instagram.com\\\/revista_rambla\",\"https:\\\/\\\/es.linkedin.com\\\/company\\\/revista-rambla\"]},{\"@type\":\"Person\",\"@id\":\"https:\\\/\\\/www.revistarambla.com\\\/#\\\/schema\\\/person\\\/6929729dc40824a1c398a961398e6d97\",\"name\":\"Carles Batalla\",\"description\":\"Periodista y poeta.\",\"sameAs\":[\"https:\\\/\\\/www.facebook.com\\\/carles.batalla.7\",\"https:\\\/\\\/x.com\\\/batallacarles\"]}]}<\/script>\n<!-- \/ Yoast SEO plugin. -->","yoast_head_json":{"title":"Senyors Tranquil - Alfa Bar - Revista Rambla","robots":{"index":"index","follow":"follow","max-snippet":"max-snippet:-1","max-image-preview":"max-image-preview:large","max-video-preview":"max-video-preview:-1"},"canonical":"https:\/\/www.revistarambla.com\/en\/senyors-tranquil-alfa-bar\/","og_locale":"en_GB","og_type":"article","og_title":"Senyors Tranquil - Alfa Bar - Revista Rambla","og_description":"Un guitarrista joven de aspecto bohemio, una bater\u00eda de rizos rubios y un cantante cincuent\u00f3n de pelo blanco con la serenidad de la experiencia. El peculiar y nada convencional tr\u00edo responde al nombre de Senyors Tranquil y regalaron una velada \u00edntima y humor\u00edstica en el ciclo de conciertos de los [&hellip;]","og_url":"https:\/\/www.revistarambla.com\/en\/senyors-tranquil-alfa-bar\/","og_site_name":"Revista Rambla","article_publisher":"https:\/\/www.facebook.com\/revistarambla\/","article_author":"https:\/\/www.facebook.com\/carles.batalla.7","article_published_time":"2012-12-29T13:54:00+00:00","article_modified_time":"2021-12-08T19:45:19+00:00","og_image":[{"width":682,"height":400,"url":"https:\/\/www.revistarambla.com\/wp-content\/uploads\/2012\/12\/senyors-tranquil_2-1.jpg","type":"image\/jpeg"}],"author":"Carles Batalla","twitter_card":"summary_large_image","twitter_creator":"@batallacarles","twitter_site":"@revistarambla","twitter_misc":{"Written by":"Carles Batalla","Estimated reading time":"2 minutes"},"schema":{"@context":"https:\/\/schema.org","@graph":[{"@type":"Article","@id":"https:\/\/www.revistarambla.com\/senyors-tranquil-alfa-bar\/#article","isPartOf":{"@id":"https:\/\/www.revistarambla.com\/senyors-tranquil-alfa-bar\/"},"author":{"name":"Carles Batalla","@id":"https:\/\/www.revistarambla.com\/#\/schema\/person\/6929729dc40824a1c398a961398e6d97"},"headline":"Senyors Tranquil &#8211; Alfa Bar","datePublished":"2012-12-29T13:54:00+00:00","dateModified":"2021-12-08T19:45:19+00:00","mainEntityOfPage":{"@id":"https:\/\/www.revistarambla.com\/senyors-tranquil-alfa-bar\/"},"wordCount":262,"commentCount":0,"publisher":{"@id":"https:\/\/www.revistarambla.com\/#organization"},"image":{"@id":"https:\/\/www.revistarambla.com\/senyors-tranquil-alfa-bar\/#primaryimage"},"thumbnailUrl":"https:\/\/www.revistarambla.com\/wp-content\/uploads\/2012\/12\/Imagen%201.jpg","articleSection":["Cultura","M\u00fasica"],"inLanguage":"en-GB","potentialAction":[{"@type":"CommentAction","name":"Comment","target":["https:\/\/www.revistarambla.com\/senyors-tranquil-alfa-bar\/#respond"]}]},{"@type":"WebPage","@id":"https:\/\/www.revistarambla.com\/senyors-tranquil-alfa-bar\/","url":"https:\/\/www.revistarambla.com\/senyors-tranquil-alfa-bar\/","name":"Senyors Tranquil - Alfa Bar - Revista Rambla","isPartOf":{"@id":"https:\/\/www.revistarambla.com\/#website"},"primaryImageOfPage":{"@id":"https:\/\/www.revistarambla.com\/senyors-tranquil-alfa-bar\/#primaryimage"},"image":{"@id":"https:\/\/www.revistarambla.com\/senyors-tranquil-alfa-bar\/#primaryimage"},"thumbnailUrl":"https:\/\/www.revistarambla.com\/wp-content\/uploads\/2012\/12\/Imagen%201.jpg","datePublished":"2012-12-29T13:54:00+00:00","dateModified":"2021-12-08T19:45:19+00:00","breadcrumb":{"@id":"https:\/\/www.revistarambla.com\/senyors-tranquil-alfa-bar\/#breadcrumb"},"inLanguage":"en-GB","potentialAction":[{"@type":"ReadAction","target":["https:\/\/www.revistarambla.com\/senyors-tranquil-alfa-bar\/"]}]},{"@type":"ImageObject","inLanguage":"en-GB","@id":"https:\/\/www.revistarambla.com\/senyors-tranquil-alfa-bar\/#primaryimage","url":"https:\/\/www.revistarambla.com\/wp-content\/uploads\/2012\/12\/Imagen%201.jpg","contentUrl":"https:\/\/www.revistarambla.com\/wp-content\/uploads\/2012\/12\/Imagen%201.jpg"},{"@type":"BreadcrumbList","@id":"https:\/\/www.revistarambla.com\/senyors-tranquil-alfa-bar\/#breadcrumb","itemListElement":[{"@type":"ListItem","position":1,"name":"Portada","item":"https:\/\/www.revistarambla.com\/"},{"@type":"ListItem","position":2,"name":"Senyors Tranquil &#8211; Alfa Bar"}]},{"@type":"WebSite","@id":"https:\/\/www.revistarambla.com\/#website","url":"https:\/\/www.revistarambla.com\/","name":"Revista Rambla Barcelona","description":"Periodismo independiente","publisher":{"@id":"https:\/\/www.revistarambla.com\/#organization"},"potentialAction":[{"@type":"SearchAction","target":{"@type":"EntryPoint","urlTemplate":"https:\/\/www.revistarambla.com\/?s={search_term_string}"},"query-input":{"@type":"PropertyValueSpecification","valueRequired":true,"valueName":"search_term_string"}}],"inLanguage":"en-GB"},{"@type":"Organization","@id":"https:\/\/www.revistarambla.com\/#organization","name":"Revista Rambla","url":"https:\/\/www.revistarambla.com\/","logo":{"@type":"ImageObject","inLanguage":"en-GB","@id":"https:\/\/www.revistarambla.com\/#\/schema\/logo\/image\/","url":"https:\/\/www.revistarambla.com\/wp-content\/uploads\/2020\/09\/banner_rambla_1900x600_BB.png","contentUrl":"https:\/\/www.revistarambla.com\/wp-content\/uploads\/2020\/09\/banner_rambla_1900x600_BB.png","width":1900,"height":600,"caption":"Revista Rambla"},"image":{"@id":"https:\/\/www.revistarambla.com\/#\/schema\/logo\/image\/"},"sameAs":["https:\/\/www.facebook.com\/revistarambla\/","https:\/\/x.com\/revistarambla","https:\/\/www.instagram.com\/revista_rambla","https:\/\/es.linkedin.com\/company\/revista-rambla"]},{"@type":"Person","@id":"https:\/\/www.revistarambla.com\/#\/schema\/person\/6929729dc40824a1c398a961398e6d97","name":"Carles Batalla","description":"Periodista y poeta.","sameAs":["https:\/\/www.facebook.com\/carles.batalla.7","https:\/\/x.com\/batallacarles"]}]}},"_links":{"self":[{"href":"https:\/\/www.revistarambla.com\/en\/wp-json\/wp\/v2\/posts\/2706","targetHints":{"allow":["GET"]}}],"collection":[{"href":"https:\/\/www.revistarambla.com\/en\/wp-json\/wp\/v2\/posts"}],"about":[{"href":"https:\/\/www.revistarambla.com\/en\/wp-json\/wp\/v2\/types\/post"}],"author":[{"embeddable":true,"href":"https:\/\/www.revistarambla.com\/en\/wp-json\/wp\/v2\/users\/40"}],"replies":[{"embeddable":true,"href":"https:\/\/www.revistarambla.com\/en\/wp-json\/wp\/v2\/comments?post=2706"}],"version-history":[{"count":0,"href":"https:\/\/www.revistarambla.com\/en\/wp-json\/wp\/v2\/posts\/2706\/revisions"}],"wp:attachment":[{"href":"https:\/\/www.revistarambla.com\/en\/wp-json\/wp\/v2\/media?parent=2706"}],"wp:term":[{"taxonomy":"category","embeddable":true,"href":"https:\/\/www.revistarambla.com\/en\/wp-json\/wp\/v2\/categories?post=2706"},{"taxonomy":"post_tag","embeddable":true,"href":"https:\/\/www.revistarambla.com\/en\/wp-json\/wp\/v2\/tags?post=2706"}],"curies":[{"name":"wp","href":"https:\/\/api.w.org\/{rel}","templated":true}]}}