{"id":2680,"date":"2012-12-22T07:44:06","date_gmt":"2012-12-22T06:44:06","guid":{"rendered":"https:\/\/www.revistarambla.com\/wert-al-ataque\/"},"modified":"2021-12-28T19:49:14","modified_gmt":"2021-12-28T18:49:14","slug":"wert-al-ataque","status":"publish","type":"post","link":"https:\/\/www.revistarambla.com\/en\/wert-al-ataque\/","title":{"rendered":"Wert al ataque"},"content":{"rendered":"<p>El otro d\u00eda le\u00eda en twitter: \u00abFranco ha WERTo\u00bb. Y creo que nunca mejor dicho. Ahora no s\u00f3lo nos toca salir a la calle contra los recortes en el sistema educativo, que se suman a los recortes en sanidad, vivienda, prestaciones sociales varias&#8230; sino que tenemos que manifestarnos de nuevo para defender algo tan fundamental como la educaci\u00f3n en nuestra propia lengua: el catal\u00e1n. Un derecho que pens\u00e1bamos ten\u00edamos plenamente garantizado, pero, como muchos otros, ya no es as\u00ed. Vivimos tiempos inciertos.<\/p>\n<p>La reforma educativa del ministro Jos\u00e9 Ignacio Wert relega el catal\u00e1n a lengua de \u00abcuarta categor\u00eda\u00bb. Con la nueva ley tenemos el castellano y la primera lengua extranjera como troncales; la segunda lengua extranjera como espec\u00edfica; y en cuarto lugar el catal\u00e1n como lengua de especialidad. De este modo, los alumnos podr\u00e1n obtener el t\u00edtulo de ESO o Bachillerato sin acreditar conocimiento alguno de catal\u00e1n, ya que no ser\u00e1 necesario examinarse de todas las asignaturas de especialidad. Un ataque en toda regla a un modelo de inmersi\u00f3n ling\u00fc\u00edstica que ha sido un ejemplo, no s\u00f3lo a nivel educativo sino tambi\u00e9n social.<\/p>\n<p>Y es que en tiempos de crisis que mejor arma que levantar la bandera del nacionalismo espa\u00f1olista m\u00e1s rancio, para minimizar los recortes econ\u00f3micos y sociales. Se trata de crear un conflicto socio-ling\u00fc\u00edstico y agitar el fantasma de la segregaci\u00f3n. Ya lo dec\u00eda Wert meses atr\u00e1s, su objetivo, \u00abespa\u00f1olizar a los ni\u00f1os catalanes\u00bb. Los tiempos de la \u00ab\u00a1Una, grande y libre!\u00bb, vuelven. Wert and co. quieren no s\u00f3lo una educaci\u00f3n \u00abespa\u00f1ola\u00bb sino tambi\u00e9n sexista, clasista, hom\u00f3foba y autoritaria. No olvidemos la apuesta del PP por financiar los colegios que segregan los alumnos por sexo, a pesar de la oposici\u00f3n del Tribunal Supremo.<\/p>\n<p>La semana pasada la consejera de educaci\u00f3n catalana Irene Rigau plantaba al ministro Wert en una reuni\u00f3n afirmando que \u00abel catal\u00e1n no es negociable\u00bb. Pero no s\u00f3lo la lengua no es negociable. Tampoco es negociable un modelo de educaci\u00f3n p\u00fablico y de calidad al cual CiU ha girado la espalda y que lleva a\u00f1os destruyendo. En lo que a recortes y privatizaci\u00f3n se refiere, CiU es una aut\u00e9ntica pionera en casi todo. Las medidas privatizadoras que contempla la Ley Wert han sido previamente \u00abexperimentadas\u00bb en Catalunya con la Ley de Educaci\u00f3n de Catalunya (LEC) aprobada por el difunto gobierno Tripartito, que ahora la consejera insta a defender. No s\u00f3lo queremos una escuela en catal\u00e1n, sino que queremos, tambi\u00e9n, una escuela para todas y todos.<\/p>\n<p>Ayer miles de personas salieron a la calle en Catalunya para decir que \u00abSom escola\u00bb y que \u00abPer un pa\u00eds de tots, l&#8217;escola en catal\u00e0\u00bb. No hay otra. Volvemos a luchar por aquello que nuestras abuelas y abuelos y madres y padres lucharon en tiempos del caudillo. Como dec\u00eda al principio, \u00abFranco ha WERTo\u00bb, pero, \u00bfes que alguna vez se fue?<\/p>","protected":false},"excerpt":{"rendered":"<p>El otro d\u00eda le\u00eda en twitter: \u00abFranco ha WERTo\u00bb. Y creo que nunca mejor dicho. Ahora no s\u00f3lo nos toca salir a la calle contra los recortes en el sistema educativo, que se suman a los recortes en sanidad, vivienda, prestaciones sociales varias&#8230; sino que tenemos que manifestarnos de nuevo [&hellip;]<\/p>\n","protected":false},"author":88,"featured_media":33612,"comment_status":"open","ping_status":"open","sticky":false,"template":"","format":"standard","meta":{"footnotes":""},"categories":[72],"tags":[],"class_list":["post-2680","post","type-post","status-publish","format-standard","has-post-thumbnail","hentry","category-opinion"],"yoast_head":"<!-- This site is optimized with the Yoast SEO plugin v27.5 - https:\/\/yoast.com\/product\/yoast-seo-wordpress\/ -->\n<title>Wert al ataque - Revista Rambla<\/title>\n<meta name=\"robots\" content=\"index, follow, max-snippet:-1, max-image-preview:large, max-video-preview:-1\" \/>\n<link rel=\"canonical\" href=\"https:\/\/www.revistarambla.com\/en\/wert-al-ataque\/\" \/>\n<meta property=\"og:locale\" content=\"en_GB\" \/>\n<meta property=\"og:type\" content=\"article\" \/>\n<meta property=\"og:title\" content=\"Wert al ataque - Revista Rambla\" \/>\n<meta property=\"og:description\" content=\"El otro d\u00eda le\u00eda en twitter: \u00abFranco ha WERTo\u00bb. Y creo que nunca mejor dicho. Ahora no s\u00f3lo nos toca salir a la calle contra los recortes en el sistema educativo, que se suman a los recortes en sanidad, vivienda, prestaciones sociales varias&#8230; sino que tenemos que manifestarnos de nuevo [&hellip;]\" \/>\n<meta property=\"og:url\" content=\"https:\/\/www.revistarambla.com\/en\/wert-al-ataque\/\" \/>\n<meta property=\"og:site_name\" content=\"Revista Rambla\" \/>\n<meta property=\"article:publisher\" content=\"https:\/\/www.facebook.com\/revistarambla\/\" \/>\n<meta property=\"article:author\" content=\"https:\/\/www.facebook.com\/esthervivasesteve\/\" \/>\n<meta property=\"article:published_time\" content=\"2012-12-22T06:44:06+00:00\" \/>\n<meta property=\"article:modified_time\" content=\"2021-12-28T18:49:14+00:00\" \/>\n<meta property=\"og:image\" content=\"https:\/\/www.revistarambla.com\/wp-content\/uploads\/2012\/12\/Jose_Ignacio_Wert_2012_cropped.jpg\" \/>\n\t<meta property=\"og:image:width\" content=\"220\" \/>\n\t<meta property=\"og:image:height\" content=\"289\" \/>\n\t<meta property=\"og:image:type\" content=\"image\/jpeg\" \/>\n<meta name=\"author\" content=\"Esther Vivas Esteve\" \/>\n<meta name=\"twitter:card\" content=\"summary_large_image\" \/>\n<meta name=\"twitter:creator\" content=\"@esthervivas\" \/>\n<meta name=\"twitter:site\" content=\"@revistarambla\" \/>\n<meta name=\"twitter:label1\" content=\"Written by\" \/>\n\t<meta name=\"twitter:data1\" content=\"Esther Vivas Esteve\" \/>\n\t<meta name=\"twitter:label2\" content=\"Estimated reading time\" \/>\n\t<meta name=\"twitter:data2\" content=\"3 minutes\" \/>\n<script type=\"application\/ld+json\" class=\"yoast-schema-graph\">{\"@context\":\"https:\\\/\\\/schema.org\",\"@graph\":[{\"@type\":\"Article\",\"@id\":\"https:\\\/\\\/www.revistarambla.com\\\/wert-al-ataque\\\/#article\",\"isPartOf\":{\"@id\":\"https:\\\/\\\/www.revistarambla.com\\\/wert-al-ataque\\\/\"},\"author\":{\"name\":\"Esther Vivas Esteve\",\"@id\":\"https:\\\/\\\/www.revistarambla.com\\\/#\\\/schema\\\/person\\\/1adbf6b8600a7101479ff20c62481633\"},\"headline\":\"Wert al ataque\",\"datePublished\":\"2012-12-22T06:44:06+00:00\",\"dateModified\":\"2021-12-28T18:49:14+00:00\",\"mainEntityOfPage\":{\"@id\":\"https:\\\/\\\/www.revistarambla.com\\\/wert-al-ataque\\\/\"},\"wordCount\":522,\"commentCount\":0,\"publisher\":{\"@id\":\"https:\\\/\\\/www.revistarambla.com\\\/#organization\"},\"image\":{\"@id\":\"https:\\\/\\\/www.revistarambla.com\\\/wert-al-ataque\\\/#primaryimage\"},\"thumbnailUrl\":\"https:\\\/\\\/www.revistarambla.com\\\/wp-content\\\/uploads\\\/2012\\\/12\\\/Jose_Ignacio_Wert_2012_cropped.jpg\",\"articleSection\":[\"Opiniones\"],\"inLanguage\":\"en-GB\",\"potentialAction\":[{\"@type\":\"CommentAction\",\"name\":\"Comment\",\"target\":[\"https:\\\/\\\/www.revistarambla.com\\\/wert-al-ataque\\\/#respond\"]}]},{\"@type\":\"WebPage\",\"@id\":\"https:\\\/\\\/www.revistarambla.com\\\/wert-al-ataque\\\/\",\"url\":\"https:\\\/\\\/www.revistarambla.com\\\/wert-al-ataque\\\/\",\"name\":\"Wert al ataque - Revista Rambla\",\"isPartOf\":{\"@id\":\"https:\\\/\\\/www.revistarambla.com\\\/#website\"},\"primaryImageOfPage\":{\"@id\":\"https:\\\/\\\/www.revistarambla.com\\\/wert-al-ataque\\\/#primaryimage\"},\"image\":{\"@id\":\"https:\\\/\\\/www.revistarambla.com\\\/wert-al-ataque\\\/#primaryimage\"},\"thumbnailUrl\":\"https:\\\/\\\/www.revistarambla.com\\\/wp-content\\\/uploads\\\/2012\\\/12\\\/Jose_Ignacio_Wert_2012_cropped.jpg\",\"datePublished\":\"2012-12-22T06:44:06+00:00\",\"dateModified\":\"2021-12-28T18:49:14+00:00\",\"breadcrumb\":{\"@id\":\"https:\\\/\\\/www.revistarambla.com\\\/wert-al-ataque\\\/#breadcrumb\"},\"inLanguage\":\"en-GB\",\"potentialAction\":[{\"@type\":\"ReadAction\",\"target\":[\"https:\\\/\\\/www.revistarambla.com\\\/wert-al-ataque\\\/\"]}]},{\"@type\":\"ImageObject\",\"inLanguage\":\"en-GB\",\"@id\":\"https:\\\/\\\/www.revistarambla.com\\\/wert-al-ataque\\\/#primaryimage\",\"url\":\"https:\\\/\\\/www.revistarambla.com\\\/wp-content\\\/uploads\\\/2012\\\/12\\\/Jose_Ignacio_Wert_2012_cropped.jpg\",\"contentUrl\":\"https:\\\/\\\/www.revistarambla.com\\\/wp-content\\\/uploads\\\/2012\\\/12\\\/Jose_Ignacio_Wert_2012_cropped.jpg\",\"width\":220,\"height\":289},{\"@type\":\"BreadcrumbList\",\"@id\":\"https:\\\/\\\/www.revistarambla.com\\\/wert-al-ataque\\\/#breadcrumb\",\"itemListElement\":[{\"@type\":\"ListItem\",\"position\":1,\"name\":\"Portada\",\"item\":\"https:\\\/\\\/www.revistarambla.com\\\/\"},{\"@type\":\"ListItem\",\"position\":2,\"name\":\"Wert al ataque\"}]},{\"@type\":\"WebSite\",\"@id\":\"https:\\\/\\\/www.revistarambla.com\\\/#website\",\"url\":\"https:\\\/\\\/www.revistarambla.com\\\/\",\"name\":\"Revista Rambla Barcelona\",\"description\":\"Periodismo independiente\",\"publisher\":{\"@id\":\"https:\\\/\\\/www.revistarambla.com\\\/#organization\"},\"potentialAction\":[{\"@type\":\"SearchAction\",\"target\":{\"@type\":\"EntryPoint\",\"urlTemplate\":\"https:\\\/\\\/www.revistarambla.com\\\/?s={search_term_string}\"},\"query-input\":{\"@type\":\"PropertyValueSpecification\",\"valueRequired\":true,\"valueName\":\"search_term_string\"}}],\"inLanguage\":\"en-GB\"},{\"@type\":\"Organization\",\"@id\":\"https:\\\/\\\/www.revistarambla.com\\\/#organization\",\"name\":\"Revista Rambla\",\"url\":\"https:\\\/\\\/www.revistarambla.com\\\/\",\"logo\":{\"@type\":\"ImageObject\",\"inLanguage\":\"en-GB\",\"@id\":\"https:\\\/\\\/www.revistarambla.com\\\/#\\\/schema\\\/logo\\\/image\\\/\",\"url\":\"https:\\\/\\\/www.revistarambla.com\\\/wp-content\\\/uploads\\\/2020\\\/09\\\/banner_rambla_1900x600_BB.png\",\"contentUrl\":\"https:\\\/\\\/www.revistarambla.com\\\/wp-content\\\/uploads\\\/2020\\\/09\\\/banner_rambla_1900x600_BB.png\",\"width\":1900,\"height\":600,\"caption\":\"Revista Rambla\"},\"image\":{\"@id\":\"https:\\\/\\\/www.revistarambla.com\\\/#\\\/schema\\\/logo\\\/image\\\/\"},\"sameAs\":[\"https:\\\/\\\/www.facebook.com\\\/revistarambla\\\/\",\"https:\\\/\\\/x.com\\\/revistarambla\",\"https:\\\/\\\/www.instagram.com\\\/revista_rambla\",\"https:\\\/\\\/es.linkedin.com\\\/company\\\/revista-rambla\"]},{\"@type\":\"Person\",\"@id\":\"https:\\\/\\\/www.revistarambla.com\\\/#\\\/schema\\\/person\\\/1adbf6b8600a7101479ff20c62481633\",\"name\":\"Esther Vivas Esteve\",\"description\":\"Periodista y autora de diversos libros y publicaciones sobre movimientos sociales, consumo responsable y maternidades. Ha participado en el movimiento antiglobalizaci\u00f3n y contra la guerra en Barcelona, as\u00ed como en distintas ediciones del Foro Social Mundial, el Foro Social Europeo y el Foro Social Catal\u00e1n. En la actualidad, sus posiciones pol\u00edticas se integran en el independentismo catal\u00e1n.\",\"sameAs\":[\"https:\\\/\\\/esthervivas.com\\\/\",\"https:\\\/\\\/www.facebook.com\\\/esthervivasesteve\\\/\",\"https:\\\/\\\/www.instagram.com\\\/esthervivasesteve\\\/\",\"https:\\\/\\\/x.com\\\/esthervivas\",\"https:\\\/\\\/es.wikipedia.org\\\/wiki\\\/Esther_Vivas\"]}]}<\/script>\n<!-- \/ Yoast SEO plugin. -->","yoast_head_json":{"title":"Wert al ataque - Revista Rambla","robots":{"index":"index","follow":"follow","max-snippet":"max-snippet:-1","max-image-preview":"max-image-preview:large","max-video-preview":"max-video-preview:-1"},"canonical":"https:\/\/www.revistarambla.com\/en\/wert-al-ataque\/","og_locale":"en_GB","og_type":"article","og_title":"Wert al ataque - Revista Rambla","og_description":"El otro d\u00eda le\u00eda en twitter: \u00abFranco ha WERTo\u00bb. Y creo que nunca mejor dicho. Ahora no s\u00f3lo nos toca salir a la calle contra los recortes en el sistema educativo, que se suman a los recortes en sanidad, vivienda, prestaciones sociales varias&#8230; sino que tenemos que manifestarnos de nuevo [&hellip;]","og_url":"https:\/\/www.revistarambla.com\/en\/wert-al-ataque\/","og_site_name":"Revista Rambla","article_publisher":"https:\/\/www.facebook.com\/revistarambla\/","article_author":"https:\/\/www.facebook.com\/esthervivasesteve\/","article_published_time":"2012-12-22T06:44:06+00:00","article_modified_time":"2021-12-28T18:49:14+00:00","og_image":[{"width":220,"height":289,"url":"https:\/\/www.revistarambla.com\/wp-content\/uploads\/2012\/12\/Jose_Ignacio_Wert_2012_cropped.jpg","type":"image\/jpeg"}],"author":"Esther Vivas Esteve","twitter_card":"summary_large_image","twitter_creator":"@esthervivas","twitter_site":"@revistarambla","twitter_misc":{"Written by":"Esther Vivas Esteve","Estimated reading time":"3 minutes"},"schema":{"@context":"https:\/\/schema.org","@graph":[{"@type":"Article","@id":"https:\/\/www.revistarambla.com\/wert-al-ataque\/#article","isPartOf":{"@id":"https:\/\/www.revistarambla.com\/wert-al-ataque\/"},"author":{"name":"Esther Vivas Esteve","@id":"https:\/\/www.revistarambla.com\/#\/schema\/person\/1adbf6b8600a7101479ff20c62481633"},"headline":"Wert al ataque","datePublished":"2012-12-22T06:44:06+00:00","dateModified":"2021-12-28T18:49:14+00:00","mainEntityOfPage":{"@id":"https:\/\/www.revistarambla.com\/wert-al-ataque\/"},"wordCount":522,"commentCount":0,"publisher":{"@id":"https:\/\/www.revistarambla.com\/#organization"},"image":{"@id":"https:\/\/www.revistarambla.com\/wert-al-ataque\/#primaryimage"},"thumbnailUrl":"https:\/\/www.revistarambla.com\/wp-content\/uploads\/2012\/12\/Jose_Ignacio_Wert_2012_cropped.jpg","articleSection":["Opiniones"],"inLanguage":"en-GB","potentialAction":[{"@type":"CommentAction","name":"Comment","target":["https:\/\/www.revistarambla.com\/wert-al-ataque\/#respond"]}]},{"@type":"WebPage","@id":"https:\/\/www.revistarambla.com\/wert-al-ataque\/","url":"https:\/\/www.revistarambla.com\/wert-al-ataque\/","name":"Wert al ataque - Revista Rambla","isPartOf":{"@id":"https:\/\/www.revistarambla.com\/#website"},"primaryImageOfPage":{"@id":"https:\/\/www.revistarambla.com\/wert-al-ataque\/#primaryimage"},"image":{"@id":"https:\/\/www.revistarambla.com\/wert-al-ataque\/#primaryimage"},"thumbnailUrl":"https:\/\/www.revistarambla.com\/wp-content\/uploads\/2012\/12\/Jose_Ignacio_Wert_2012_cropped.jpg","datePublished":"2012-12-22T06:44:06+00:00","dateModified":"2021-12-28T18:49:14+00:00","breadcrumb":{"@id":"https:\/\/www.revistarambla.com\/wert-al-ataque\/#breadcrumb"},"inLanguage":"en-GB","potentialAction":[{"@type":"ReadAction","target":["https:\/\/www.revistarambla.com\/wert-al-ataque\/"]}]},{"@type":"ImageObject","inLanguage":"en-GB","@id":"https:\/\/www.revistarambla.com\/wert-al-ataque\/#primaryimage","url":"https:\/\/www.revistarambla.com\/wp-content\/uploads\/2012\/12\/Jose_Ignacio_Wert_2012_cropped.jpg","contentUrl":"https:\/\/www.revistarambla.com\/wp-content\/uploads\/2012\/12\/Jose_Ignacio_Wert_2012_cropped.jpg","width":220,"height":289},{"@type":"BreadcrumbList","@id":"https:\/\/www.revistarambla.com\/wert-al-ataque\/#breadcrumb","itemListElement":[{"@type":"ListItem","position":1,"name":"Portada","item":"https:\/\/www.revistarambla.com\/"},{"@type":"ListItem","position":2,"name":"Wert al ataque"}]},{"@type":"WebSite","@id":"https:\/\/www.revistarambla.com\/#website","url":"https:\/\/www.revistarambla.com\/","name":"Revista Rambla Barcelona","description":"Periodismo independiente","publisher":{"@id":"https:\/\/www.revistarambla.com\/#organization"},"potentialAction":[{"@type":"SearchAction","target":{"@type":"EntryPoint","urlTemplate":"https:\/\/www.revistarambla.com\/?s={search_term_string}"},"query-input":{"@type":"PropertyValueSpecification","valueRequired":true,"valueName":"search_term_string"}}],"inLanguage":"en-GB"},{"@type":"Organization","@id":"https:\/\/www.revistarambla.com\/#organization","name":"Revista Rambla","url":"https:\/\/www.revistarambla.com\/","logo":{"@type":"ImageObject","inLanguage":"en-GB","@id":"https:\/\/www.revistarambla.com\/#\/schema\/logo\/image\/","url":"https:\/\/www.revistarambla.com\/wp-content\/uploads\/2020\/09\/banner_rambla_1900x600_BB.png","contentUrl":"https:\/\/www.revistarambla.com\/wp-content\/uploads\/2020\/09\/banner_rambla_1900x600_BB.png","width":1900,"height":600,"caption":"Revista Rambla"},"image":{"@id":"https:\/\/www.revistarambla.com\/#\/schema\/logo\/image\/"},"sameAs":["https:\/\/www.facebook.com\/revistarambla\/","https:\/\/x.com\/revistarambla","https:\/\/www.instagram.com\/revista_rambla","https:\/\/es.linkedin.com\/company\/revista-rambla"]},{"@type":"Person","@id":"https:\/\/www.revistarambla.com\/#\/schema\/person\/1adbf6b8600a7101479ff20c62481633","name":"Esther Vivas Esteve","description":"Periodista y autora de diversos libros y publicaciones sobre movimientos sociales, consumo responsable y maternidades. Ha participado en el movimiento antiglobalizaci\u00f3n y contra la guerra en Barcelona, as\u00ed como en distintas ediciones del Foro Social Mundial, el Foro Social Europeo y el Foro Social Catal\u00e1n. En la actualidad, sus posiciones pol\u00edticas se integran en el independentismo catal\u00e1n.","sameAs":["https:\/\/esthervivas.com\/","https:\/\/www.facebook.com\/esthervivasesteve\/","https:\/\/www.instagram.com\/esthervivasesteve\/","https:\/\/x.com\/esthervivas","https:\/\/es.wikipedia.org\/wiki\/Esther_Vivas"]}]}},"_links":{"self":[{"href":"https:\/\/www.revistarambla.com\/en\/wp-json\/wp\/v2\/posts\/2680","targetHints":{"allow":["GET"]}}],"collection":[{"href":"https:\/\/www.revistarambla.com\/en\/wp-json\/wp\/v2\/posts"}],"about":[{"href":"https:\/\/www.revistarambla.com\/en\/wp-json\/wp\/v2\/types\/post"}],"author":[{"embeddable":true,"href":"https:\/\/www.revistarambla.com\/en\/wp-json\/wp\/v2\/users\/88"}],"replies":[{"embeddable":true,"href":"https:\/\/www.revistarambla.com\/en\/wp-json\/wp\/v2\/comments?post=2680"}],"version-history":[{"count":0,"href":"https:\/\/www.revistarambla.com\/en\/wp-json\/wp\/v2\/posts\/2680\/revisions"}],"wp:featuredmedia":[{"embeddable":true,"href":"https:\/\/www.revistarambla.com\/en\/wp-json\/wp\/v2\/media\/33612"}],"wp:attachment":[{"href":"https:\/\/www.revistarambla.com\/en\/wp-json\/wp\/v2\/media?parent=2680"}],"wp:term":[{"taxonomy":"category","embeddable":true,"href":"https:\/\/www.revistarambla.com\/en\/wp-json\/wp\/v2\/categories?post=2680"},{"taxonomy":"post_tag","embeddable":true,"href":"https:\/\/www.revistarambla.com\/en\/wp-json\/wp\/v2\/tags?post=2680"}],"curies":[{"name":"wp","href":"https:\/\/api.w.org\/{rel}","templated":true}]}}