{"id":2679,"date":"2012-12-22T07:27:09","date_gmt":"2012-12-22T07:27:09","guid":{"rendered":"https:\/\/www.revistarambla.com\/el-concepto-anticuado-del-termino-cultura-esta-en-extincion\/"},"modified":"2021-06-11T20:41:42","modified_gmt":"2021-06-11T18:41:42","slug":"el-concepto-anticuado-del-termino-cultura-esta-en-extincion","status":"publish","type":"post","link":"https:\/\/www.revistarambla.com\/en\/el-concepto-anticuado-del-termino-cultura-esta-en-extincion\/","title":{"rendered":"Pere Sureda: \u00abEl concepto anticuado del t\u00e9rmino cultura est\u00e1 en extinci\u00f3n\u00bb"},"content":{"rendered":"<p>El editor Pere Sureda (1957) pis\u00f3 por primera vez una editorial con tan solo 14 a\u00f1os cuando trabaj\u00f3 durante un verano haciendo paquetes para as\u00ed ganar algo de dinero para ayudar en casa. All\u00ed se empez\u00f3 a interesar por los libros. De esto hace m\u00e1s de 40 a\u00f1os, pero eso solo fue el inicio de una larga trayectoria editorial. Estudi\u00f3 bachillerato en horario nocturno para as\u00ed poder trabajar como aprendiz en la distribuidora Les Punxes durante el d\u00eda. A los 18 a\u00f1os ya empez\u00f3 a salir a la calle como vendedor. A\u00f1os despu\u00e9s, fue nombrado subdirector general de Ediciones B, firma en la que permaneci\u00f3 durante 11 a\u00f1os hasta que, en el a\u00f1o 2000, fue designado director general de la editorial Grup 62. Tres a\u00f1os despu\u00e9s, y tras cesar como director de Grup 62, reapareci\u00f3 en el Grupo Norma. Actualmente, tiene en sus manos un nuevo proyecto editorial que le permitir\u00e1 seguir creando libros para venderlos.<\/p>\n<p><img decoding=\"async\" class=\"aligncenter wp-image-33608 size-full\" src=\"https:\/\/www.revistarambla.com\/wp-content\/uploads\/2012\/12\/pere.jpg\" alt=\"\" width=\"870\" height=\"580\" srcset=\"https:\/\/www.revistarambla.com\/wp-content\/uploads\/2012\/12\/pere.jpg 870w, https:\/\/www.revistarambla.com\/wp-content\/uploads\/2012\/12\/pere-300x200.jpg 300w, https:\/\/www.revistarambla.com\/wp-content\/uploads\/2012\/12\/pere-768x512.jpg 768w\" sizes=\"(max-width: 870px) 100vw, 870px\" \/><\/p>\n<p><strong>Lleva casi 40 a\u00f1os en la Industria Editorial y, como afirma en su Twitter, pretende seguir. \u00bfLa actual situaci\u00f3n de la cultura se lo est\u00e1 poniendo dif\u00edcil?<\/strong><\/p>\n<p>No nos encontramos en la mejor coyuntura pero los que nos hemos dedicado a este oficio somos luchadores vocacionales. Eso es muy estimulante, precisamente, en \u00e9pocas de crisis. Que son como las modas, pasan. Tardan m\u00e1s o menos, pero se acaban.<\/p>\n<p><strong>Seg\u00fan la Encuesta de Presupuestos Familiares publicada por el INE, el consumo de ocio, espect\u00e1culos y cultura cay\u00f3 un 4,1 % en 2011. \u00bfCree que la cultura est\u00e1 en extinci\u00f3n?<\/strong><\/p>\n<p>No. Lo que est\u00e1 en extinci\u00f3n es el concepto anticuado y cerrado que hasta hace poco llam\u00e1bamos cultura. Hoy es m\u00e1s transversal, m\u00e1s intercomunicativa y m\u00e1s participativa. Dejamos de ser \u00abactores pasivos\u00bb y nos convertimos en \u00abactivos\u00bb. Y las \u00e9lites se descomponen, est\u00e1n despistadas y aun no han entendido muy bien que est\u00e1 sucediendo.<\/p>\n<p><strong>Adem\u00e1s, en 2011 las artes esc\u00e9nicas perdieron un 12,2% de espectadores y, el cine, un 9%. \u00bfPodr\u00e1 sobrevivir la industria cultural a la subida del IVA y a los recortes? \u00bfSeguir\u00e1n descendiendo estos datos?<\/strong><\/p>\n<p>No es una buena \u00e9poca para la cultura en t\u00e9rminos generales. Pero los libros est\u00e1n resistiendo a estas escandalosas subidas. Est\u00e1n peor que hace 10 a\u00f1os, ciertamente, pero resisten. Cuando finalice la recesi\u00f3n econ\u00f3mica nos encontraremos con un cambio de paradigma en lo que respecta al concepto \u00abcultura\u00bb, que estar\u00e1 m\u00e1s cercado al ocio y al entretenimiento. Pero no por ello deber\u00edan bajar los est\u00e1ndares de calidad.<\/p>\n<blockquote><p>El nuevo mundo cultural lo imagino con grandes centros de ocio, al estilo tienda de Apple con diversos pisos en los que convivir\u00e1n el libro electr\u00f3nico, el f\u00edsico, el cine, salas de danza, espacios para conciertos, internet libre y salas de arte<\/p><\/blockquote>\n<p><strong>En una tertulia emitida en TV3 hace varios a\u00f1os y conducida por Ll\u00e0tzer Moix, declar\u00f3 que la cultura \u201cle hace feliz y le abre peque\u00f1as ventanas\u201d. \u00bfPodr\u00eda explicar esta frase?<\/strong><\/p>\n<p>La cultura bien servida, nos cambia. Nos hace sentir y ver el mundo \u00abde otra forma\u00bb. Y nos transporta a un mundo que no pod\u00edamos tener al alcance sin haber saboreado esa copa de vino. Despu\u00e9s de ver las obras de Rotkho, Picasso, Bacon, etc., es evidente que, si nos han emocionado, nos han cambiado. Despu\u00e9s de leer Anna Kar\u00e9nina y haber sentido y sufrido con ella, ya no ves el mundo como lo ve\u00edas antes: esas son las ventanas que una vez abiertas, y visto lo que hay fuera, ya no puedes no verlo. Puedes cerrar la ventana, pero lo que has visto ya te ha cambiado.<\/p>\n<p><strong>\u00bfSigue pensando lo mismo?, \u00bfC\u00f3mo ve actualmente la cultura?<\/strong><\/p>\n<p>Hoy no podemos pensar lo mismo que hace 5 a\u00f1os. Ahora estamos cambiando todos los conceptos. Y no solo las formas de ellos; est\u00e1n cambiando los contenidos, el mundo en el que nos sent\u00edamos c\u00f3modos y seguros y andamos por una selva que ni tan siquiera sabemos si es selva o no. El arte persistir\u00e1 pero cambiar\u00e1n los formatos y evolucionar\u00e1 el mismo concepto que el ser humano tiene de la cultura.<\/p>\n<p><strong>\u00bfY c\u00f3mo cree que ser\u00e1n estos nuevos formatos?<\/strong><\/p>\n<p>El nuevo mundo cultural lo imagino con grandes centros de ocio, al estilo tienda de Apple con diversos pisos en los que convivir\u00e1n el libro electr\u00f3nico, el f\u00edsico, el cine, salas de danza, espacios para conciertos, internet libre y salas de arte. La cadena de valor de estos centros o empresas ser\u00e1 \u00fanica e integrar\u00e1 todas las actividades que ahora tienen su propia cuenta de resultados.<\/p>\n<p><strong>Y volviendo a la industria Editorial. \u00bfCu\u00e1l es su situaci\u00f3n? \u00bfDe qu\u00e9 manera est\u00e1 siendo afectada por la crisis, la subida del IVA y los recortes?<\/strong><\/p>\n<p>Hay un tendencia l\u00f3gica a las fusiones de los Grandes Grupos, eso es inevitable. El accionista quiere resultados y no se conformar\u00e1 con p\u00e9rdidas. Pero tambi\u00e9n est\u00e1n surgiendo con fuerza y coherencia peque\u00f1as editoriales con propuestas muy interesantes y el mercado es receptivo.<\/p>\n<p>Tambi\u00e9n, es curioso observar que la subida del libro afecta gravemente al Formato Digital que, frente al libro de papel que se mantiene con un muy correcto 4%, ostenta el 21%. Es un desatino. Estamos en la \u00e9poca de invertir en \u00abnuevos territorios\u00bb y no podemos \u00abgravar la inversi\u00f3n de futuro\u00bb. Pero lo estamos haciendo. No durar\u00e1, espero. Los recortes afectan a la venta de libros, con toda seguridad y los datos\u00a0indican que se est\u00e1n vendiendo menos, pero me parece que son m\u00e1s preocupantes en otros escenarios: la educaci\u00f3n y la sanidad.<\/p>\n<blockquote><p>Acabaremos teniendo una industrial cultural y editorial m\u00e1s fuerte, pero partimos de -40 a\u00f1os, debido al subdesarrollo franquista y a la censura<\/p><\/blockquote>\n<p><strong>En el caso de las Letras, hay escritores que est\u00e1n cobrando cantidades insignificantes por sus escritos, art\u00edculos o colaboraciones. El novelista Javier Calvo denunci\u00f3 en su blog, a trav\u00e9s de un comunicado, que \u201cEn este pa\u00eds, en alg\u00fan momento se volvi\u00f3 natural pagar sumas rid\u00edculas a las colaboradores del mundo de la cultura, o directamente no pagarles\u201d. \u00bfEs una consecuencia m\u00e1s de la crisis? \u00bfQui\u00e9n es el culpable? \u00bfVe alguna soluci\u00f3n posible?<\/strong><\/p>\n<p>Yo les dir\u00eda a los escritores, con el mayor respeto y es mucho el que me merece su trabajo, que siempre ha habido desequilibrios en lo que cobran unos y otros. Los escritores cobran por libro vendido y si se venden muchos cobrar\u00e1n el 10% de muchos, y si se venden pocos el mismo 10%.\u00a0 Los pagos por\u00a0colaboraciones en revistas y prensa, si han ca\u00eddo porque tambi\u00e9n han disminuido las ventas y con ello la\u00a0publicidad, y sin los ingresos publicitarios los medios de comunicaci\u00f3n lo est\u00e1n pasando muy mal. No creo que haya culpables. Estamos en una situaci\u00f3n de crisis muy fuerte y cada empresa capea el temporal con la imaginaci\u00f3n y los medios que tiene.<\/p>\n<p><strong>\u00bfPodr\u00edamos tener una industria cultural y editorial m\u00e1s fuerte?<\/strong><\/p>\n<p>La tendremos. Pero partimos de -40 a\u00f1os, debido al subdesarrollo franquista y a la censura. Esto es evidente si nos comparamos con nuestros vecinos europeos. Eso se ir\u00e1 corrigiendo. Pero los temas de cultura llevan mucho tiempo en asumirse e impregnar a la sociedad. Dependen en gran medida de temas relacionados con la educaci\u00f3n y el bienestar social. Nos falta camino por recorrer, pero llegaremos a estar al nivel que nos corresponde en Europa. Sin duda.<\/p>\n<p><strong>\u00bfC\u00f3mo definir\u00eda su trayectoria hasta el d\u00eda de hoy?<\/strong><\/p>\n<p>Feliz. No sin pagar los peajes del aprendizaje, pero me siento formando parte de una extensa comunidad de personas que amamos los libros. Empec\u00e9 en 1974 en un peque\u00f1a distribuidora y he trabajado ininterrumpidamente en este sector. Me siento un privilegiado, porque lo m\u00edo es vocacional.<\/p>\n<p><strong>\u00bfTiene alg\u00fan proyecto en mente?<\/strong><\/p>\n<p>Muy pronto voy a colaborar en un proyecto editorial que me permitir\u00e1 desarrollar mis competencias y seguir \u00abcreando\u00bb libros, para venderlos. Sin ventas no hay viabilidad y eso es imprescindible para poder seguir contribuyendo con mis granitos de arena a que este pa\u00eds sea, en cuanto a la Industria Editorial, lo que merece ser.<\/p>\n<p><strong>Un hombre como usted que ha trabajado y trabaja rodeado de tantos libros, \u00bfCu\u00e1l recomendar\u00eda?<\/strong><\/p>\n<p>Robespierre, de Javier Garc\u00eda S\u00e1nchez. Una novela que se acaba de publicar y que revisa en profundidad al personaje, lo reivindica como el gran revolucionario no sanguinario. Rompe esquemas ,y sobre todo, es la culminaci\u00f3n de 30 a\u00f1os de escritura y documentaci\u00f3n. Una obra Maestra de la literatura de hoy.<\/p>","protected":false},"excerpt":{"rendered":"<p>El editor Pere Sureda (1957) pis\u00f3 por primera vez una editorial con tan solo 14 a\u00f1os cuando trabaj\u00f3 durante un verano haciendo paquetes para as\u00ed ganar algo de dinero para ayudar en casa. All\u00ed se empez\u00f3 a interesar por los libros. De esto hace m\u00e1s de 40 a\u00f1os, pero eso [&hellip;]<\/p>\n","protected":false},"author":1,"featured_media":33608,"comment_status":"open","ping_status":"open","sticky":false,"template":"","format":"standard","meta":{"footnotes":""},"categories":[4,60],"tags":[],"class_list":["post-2679","post","type-post","status-publish","format-standard","has-post-thumbnail","hentry","category-cultura","category-libros"],"yoast_head":"<!-- This site is optimized with the Yoast SEO plugin v27.5 - https:\/\/yoast.com\/product\/yoast-seo-wordpress\/ -->\n<title>Pere Sureda: &quot;El concepto anticuado del t\u00e9rmino cultura est\u00e1 en extinci\u00f3n&quot; - Revista Rambla<\/title>\n<meta name=\"robots\" content=\"index, follow, max-snippet:-1, max-image-preview:large, max-video-preview:-1\" \/>\n<link rel=\"canonical\" href=\"https:\/\/www.revistarambla.com\/en\/el-concepto-anticuado-del-termino-cultura-esta-en-extincion\/\" \/>\n<meta property=\"og:locale\" content=\"en_GB\" \/>\n<meta property=\"og:type\" content=\"article\" \/>\n<meta property=\"og:title\" content=\"Pere Sureda: &quot;El concepto anticuado del t\u00e9rmino cultura est\u00e1 en extinci\u00f3n&quot; - Revista Rambla\" \/>\n<meta property=\"og:description\" content=\"El editor Pere Sureda (1957) pis\u00f3 por primera vez una editorial con tan solo 14 a\u00f1os cuando trabaj\u00f3 durante un verano haciendo paquetes para as\u00ed ganar algo de dinero para ayudar en casa. All\u00ed se empez\u00f3 a interesar por los libros. De esto hace m\u00e1s de 40 a\u00f1os, pero eso [&hellip;]\" \/>\n<meta property=\"og:url\" content=\"https:\/\/www.revistarambla.com\/en\/el-concepto-anticuado-del-termino-cultura-esta-en-extincion\/\" \/>\n<meta property=\"og:site_name\" content=\"Revista Rambla\" \/>\n<meta property=\"article:publisher\" content=\"https:\/\/www.facebook.com\/revistarambla\/\" \/>\n<meta property=\"article:published_time\" content=\"2012-12-22T07:27:09+00:00\" \/>\n<meta property=\"article:modified_time\" content=\"2021-06-11T18:41:42+00:00\" \/>\n<meta property=\"og:image\" content=\"https:\/\/i0.wp.com\/www.revistarambla.com\/wp-content\/uploads\/2012\/12\/pere.jpg?fit=870%2C580&ssl=1\" \/>\n\t<meta property=\"og:image:width\" content=\"870\" \/>\n\t<meta property=\"og:image:height\" content=\"580\" \/>\n\t<meta property=\"og:image:type\" content=\"image\/jpeg\" \/>\n<meta name=\"author\" content=\"Sara Rodr\u00edguez Biurrun\" \/>\n<meta name=\"twitter:card\" content=\"summary_large_image\" \/>\n<meta name=\"twitter:creator\" content=\"@revistarambla\" \/>\n<meta name=\"twitter:site\" content=\"@revistarambla\" \/>\n<meta name=\"twitter:label1\" content=\"Written by\" \/>\n\t<meta name=\"twitter:data1\" content=\"Sara Rodr\u00edguez Biurrun\" \/>\n\t<meta name=\"twitter:label2\" content=\"Estimated reading time\" \/>\n\t<meta name=\"twitter:data2\" content=\"7 minutes\" \/>\n<script type=\"application\/ld+json\" class=\"yoast-schema-graph\">{\"@context\":\"https:\\\/\\\/schema.org\",\"@graph\":[{\"@type\":\"Article\",\"@id\":\"https:\\\/\\\/www.revistarambla.com\\\/el-concepto-anticuado-del-termino-cultura-esta-en-extincion\\\/#article\",\"isPartOf\":{\"@id\":\"https:\\\/\\\/www.revistarambla.com\\\/el-concepto-anticuado-del-termino-cultura-esta-en-extincion\\\/\"},\"author\":{\"name\":\"Sara Rodr\u00edguez Biurrun\",\"@id\":\"https:\\\/\\\/www.revistarambla.com\\\/#\\\/schema\\\/person\\\/4a5652fc8c82df1f8593002d038cd79e\"},\"headline\":\"Pere Sureda: \u00abEl concepto anticuado del t\u00e9rmino cultura est\u00e1 en extinci\u00f3n\u00bb\",\"datePublished\":\"2012-12-22T07:27:09+00:00\",\"dateModified\":\"2021-06-11T18:41:42+00:00\",\"mainEntityOfPage\":{\"@id\":\"https:\\\/\\\/www.revistarambla.com\\\/el-concepto-anticuado-del-termino-cultura-esta-en-extincion\\\/\"},\"wordCount\":1480,\"commentCount\":0,\"publisher\":{\"@id\":\"https:\\\/\\\/www.revistarambla.com\\\/#organization\"},\"image\":{\"@id\":\"https:\\\/\\\/www.revistarambla.com\\\/el-concepto-anticuado-del-termino-cultura-esta-en-extincion\\\/#primaryimage\"},\"thumbnailUrl\":\"https:\\\/\\\/www.revistarambla.com\\\/wp-content\\\/uploads\\\/2012\\\/12\\\/pere.jpg\",\"articleSection\":[\"Cultura\",\"Libros\"],\"inLanguage\":\"en-GB\",\"potentialAction\":[{\"@type\":\"CommentAction\",\"name\":\"Comment\",\"target\":[\"https:\\\/\\\/www.revistarambla.com\\\/el-concepto-anticuado-del-termino-cultura-esta-en-extincion\\\/#respond\"]}]},{\"@type\":\"WebPage\",\"@id\":\"https:\\\/\\\/www.revistarambla.com\\\/el-concepto-anticuado-del-termino-cultura-esta-en-extincion\\\/\",\"url\":\"https:\\\/\\\/www.revistarambla.com\\\/el-concepto-anticuado-del-termino-cultura-esta-en-extincion\\\/\",\"name\":\"Pere Sureda: \\\"El concepto anticuado del t\u00e9rmino cultura est\u00e1 en extinci\u00f3n\\\" - Revista Rambla\",\"isPartOf\":{\"@id\":\"https:\\\/\\\/www.revistarambla.com\\\/#website\"},\"primaryImageOfPage\":{\"@id\":\"https:\\\/\\\/www.revistarambla.com\\\/el-concepto-anticuado-del-termino-cultura-esta-en-extincion\\\/#primaryimage\"},\"image\":{\"@id\":\"https:\\\/\\\/www.revistarambla.com\\\/el-concepto-anticuado-del-termino-cultura-esta-en-extincion\\\/#primaryimage\"},\"thumbnailUrl\":\"https:\\\/\\\/www.revistarambla.com\\\/wp-content\\\/uploads\\\/2012\\\/12\\\/pere.jpg\",\"datePublished\":\"2012-12-22T07:27:09+00:00\",\"dateModified\":\"2021-06-11T18:41:42+00:00\",\"breadcrumb\":{\"@id\":\"https:\\\/\\\/www.revistarambla.com\\\/el-concepto-anticuado-del-termino-cultura-esta-en-extincion\\\/#breadcrumb\"},\"inLanguage\":\"en-GB\",\"potentialAction\":[{\"@type\":\"ReadAction\",\"target\":[\"https:\\\/\\\/www.revistarambla.com\\\/el-concepto-anticuado-del-termino-cultura-esta-en-extincion\\\/\"]}]},{\"@type\":\"ImageObject\",\"inLanguage\":\"en-GB\",\"@id\":\"https:\\\/\\\/www.revistarambla.com\\\/el-concepto-anticuado-del-termino-cultura-esta-en-extincion\\\/#primaryimage\",\"url\":\"https:\\\/\\\/www.revistarambla.com\\\/wp-content\\\/uploads\\\/2012\\\/12\\\/pere.jpg\",\"contentUrl\":\"https:\\\/\\\/www.revistarambla.com\\\/wp-content\\\/uploads\\\/2012\\\/12\\\/pere.jpg\",\"width\":870,\"height\":580},{\"@type\":\"BreadcrumbList\",\"@id\":\"https:\\\/\\\/www.revistarambla.com\\\/el-concepto-anticuado-del-termino-cultura-esta-en-extincion\\\/#breadcrumb\",\"itemListElement\":[{\"@type\":\"ListItem\",\"position\":1,\"name\":\"Portada\",\"item\":\"https:\\\/\\\/www.revistarambla.com\\\/\"},{\"@type\":\"ListItem\",\"position\":2,\"name\":\"Pere Sureda: \u00abEl concepto anticuado del t\u00e9rmino cultura est\u00e1 en extinci\u00f3n\u00bb\"}]},{\"@type\":\"WebSite\",\"@id\":\"https:\\\/\\\/www.revistarambla.com\\\/#website\",\"url\":\"https:\\\/\\\/www.revistarambla.com\\\/\",\"name\":\"Revista Rambla Barcelona\",\"description\":\"Periodismo independiente\",\"publisher\":{\"@id\":\"https:\\\/\\\/www.revistarambla.com\\\/#organization\"},\"potentialAction\":[{\"@type\":\"SearchAction\",\"target\":{\"@type\":\"EntryPoint\",\"urlTemplate\":\"https:\\\/\\\/www.revistarambla.com\\\/?s={search_term_string}\"},\"query-input\":{\"@type\":\"PropertyValueSpecification\",\"valueRequired\":true,\"valueName\":\"search_term_string\"}}],\"inLanguage\":\"en-GB\"},{\"@type\":\"Organization\",\"@id\":\"https:\\\/\\\/www.revistarambla.com\\\/#organization\",\"name\":\"Revista Rambla\",\"url\":\"https:\\\/\\\/www.revistarambla.com\\\/\",\"logo\":{\"@type\":\"ImageObject\",\"inLanguage\":\"en-GB\",\"@id\":\"https:\\\/\\\/www.revistarambla.com\\\/#\\\/schema\\\/logo\\\/image\\\/\",\"url\":\"https:\\\/\\\/www.revistarambla.com\\\/wp-content\\\/uploads\\\/2020\\\/09\\\/banner_rambla_1900x600_BB.png\",\"contentUrl\":\"https:\\\/\\\/www.revistarambla.com\\\/wp-content\\\/uploads\\\/2020\\\/09\\\/banner_rambla_1900x600_BB.png\",\"width\":1900,\"height\":600,\"caption\":\"Revista Rambla\"},\"image\":{\"@id\":\"https:\\\/\\\/www.revistarambla.com\\\/#\\\/schema\\\/logo\\\/image\\\/\"},\"sameAs\":[\"https:\\\/\\\/www.facebook.com\\\/revistarambla\\\/\",\"https:\\\/\\\/x.com\\\/revistarambla\",\"https:\\\/\\\/www.instagram.com\\\/revista_rambla\",\"https:\\\/\\\/es.linkedin.com\\\/company\\\/revista-rambla\"]},{\"@type\":\"Person\",\"@id\":\"https:\\\/\\\/www.revistarambla.com\\\/#\\\/schema\\\/person\\\/4a5652fc8c82df1f8593002d038cd79e\",\"name\":\"Sara Rodr\u00edguez Biurrun\"}]}<\/script>\n<!-- \/ Yoast SEO plugin. -->","yoast_head_json":{"title":"Pere Sureda: \"El concepto anticuado del t\u00e9rmino cultura est\u00e1 en extinci\u00f3n\" - Revista Rambla","robots":{"index":"index","follow":"follow","max-snippet":"max-snippet:-1","max-image-preview":"max-image-preview:large","max-video-preview":"max-video-preview:-1"},"canonical":"https:\/\/www.revistarambla.com\/en\/el-concepto-anticuado-del-termino-cultura-esta-en-extincion\/","og_locale":"en_GB","og_type":"article","og_title":"Pere Sureda: \"El concepto anticuado del t\u00e9rmino cultura est\u00e1 en extinci\u00f3n\" - Revista Rambla","og_description":"El editor Pere Sureda (1957) pis\u00f3 por primera vez una editorial con tan solo 14 a\u00f1os cuando trabaj\u00f3 durante un verano haciendo paquetes para as\u00ed ganar algo de dinero para ayudar en casa. All\u00ed se empez\u00f3 a interesar por los libros. De esto hace m\u00e1s de 40 a\u00f1os, pero eso [&hellip;]","og_url":"https:\/\/www.revistarambla.com\/en\/el-concepto-anticuado-del-termino-cultura-esta-en-extincion\/","og_site_name":"Revista Rambla","article_publisher":"https:\/\/www.facebook.com\/revistarambla\/","article_published_time":"2012-12-22T07:27:09+00:00","article_modified_time":"2021-06-11T18:41:42+00:00","og_image":[{"width":870,"height":580,"url":"https:\/\/i0.wp.com\/www.revistarambla.com\/wp-content\/uploads\/2012\/12\/pere.jpg?fit=870%2C580&ssl=1","type":"image\/jpeg"}],"author":"Sara Rodr\u00edguez Biurrun","twitter_card":"summary_large_image","twitter_creator":"@revistarambla","twitter_site":"@revistarambla","twitter_misc":{"Written by":"Sara Rodr\u00edguez Biurrun","Estimated reading time":"7 minutes"},"schema":{"@context":"https:\/\/schema.org","@graph":[{"@type":"Article","@id":"https:\/\/www.revistarambla.com\/el-concepto-anticuado-del-termino-cultura-esta-en-extincion\/#article","isPartOf":{"@id":"https:\/\/www.revistarambla.com\/el-concepto-anticuado-del-termino-cultura-esta-en-extincion\/"},"author":{"name":"Sara Rodr\u00edguez Biurrun","@id":"https:\/\/www.revistarambla.com\/#\/schema\/person\/4a5652fc8c82df1f8593002d038cd79e"},"headline":"Pere Sureda: \u00abEl concepto anticuado del t\u00e9rmino cultura est\u00e1 en extinci\u00f3n\u00bb","datePublished":"2012-12-22T07:27:09+00:00","dateModified":"2021-06-11T18:41:42+00:00","mainEntityOfPage":{"@id":"https:\/\/www.revistarambla.com\/el-concepto-anticuado-del-termino-cultura-esta-en-extincion\/"},"wordCount":1480,"commentCount":0,"publisher":{"@id":"https:\/\/www.revistarambla.com\/#organization"},"image":{"@id":"https:\/\/www.revistarambla.com\/el-concepto-anticuado-del-termino-cultura-esta-en-extincion\/#primaryimage"},"thumbnailUrl":"https:\/\/www.revistarambla.com\/wp-content\/uploads\/2012\/12\/pere.jpg","articleSection":["Cultura","Libros"],"inLanguage":"en-GB","potentialAction":[{"@type":"CommentAction","name":"Comment","target":["https:\/\/www.revistarambla.com\/el-concepto-anticuado-del-termino-cultura-esta-en-extincion\/#respond"]}]},{"@type":"WebPage","@id":"https:\/\/www.revistarambla.com\/el-concepto-anticuado-del-termino-cultura-esta-en-extincion\/","url":"https:\/\/www.revistarambla.com\/el-concepto-anticuado-del-termino-cultura-esta-en-extincion\/","name":"Pere Sureda: \"El concepto anticuado del t\u00e9rmino cultura est\u00e1 en extinci\u00f3n\" - Revista Rambla","isPartOf":{"@id":"https:\/\/www.revistarambla.com\/#website"},"primaryImageOfPage":{"@id":"https:\/\/www.revistarambla.com\/el-concepto-anticuado-del-termino-cultura-esta-en-extincion\/#primaryimage"},"image":{"@id":"https:\/\/www.revistarambla.com\/el-concepto-anticuado-del-termino-cultura-esta-en-extincion\/#primaryimage"},"thumbnailUrl":"https:\/\/www.revistarambla.com\/wp-content\/uploads\/2012\/12\/pere.jpg","datePublished":"2012-12-22T07:27:09+00:00","dateModified":"2021-06-11T18:41:42+00:00","breadcrumb":{"@id":"https:\/\/www.revistarambla.com\/el-concepto-anticuado-del-termino-cultura-esta-en-extincion\/#breadcrumb"},"inLanguage":"en-GB","potentialAction":[{"@type":"ReadAction","target":["https:\/\/www.revistarambla.com\/el-concepto-anticuado-del-termino-cultura-esta-en-extincion\/"]}]},{"@type":"ImageObject","inLanguage":"en-GB","@id":"https:\/\/www.revistarambla.com\/el-concepto-anticuado-del-termino-cultura-esta-en-extincion\/#primaryimage","url":"https:\/\/www.revistarambla.com\/wp-content\/uploads\/2012\/12\/pere.jpg","contentUrl":"https:\/\/www.revistarambla.com\/wp-content\/uploads\/2012\/12\/pere.jpg","width":870,"height":580},{"@type":"BreadcrumbList","@id":"https:\/\/www.revistarambla.com\/el-concepto-anticuado-del-termino-cultura-esta-en-extincion\/#breadcrumb","itemListElement":[{"@type":"ListItem","position":1,"name":"Portada","item":"https:\/\/www.revistarambla.com\/"},{"@type":"ListItem","position":2,"name":"Pere Sureda: \u00abEl concepto anticuado del t\u00e9rmino cultura est\u00e1 en extinci\u00f3n\u00bb"}]},{"@type":"WebSite","@id":"https:\/\/www.revistarambla.com\/#website","url":"https:\/\/www.revistarambla.com\/","name":"Revista Rambla Barcelona","description":"Periodismo independiente","publisher":{"@id":"https:\/\/www.revistarambla.com\/#organization"},"potentialAction":[{"@type":"SearchAction","target":{"@type":"EntryPoint","urlTemplate":"https:\/\/www.revistarambla.com\/?s={search_term_string}"},"query-input":{"@type":"PropertyValueSpecification","valueRequired":true,"valueName":"search_term_string"}}],"inLanguage":"en-GB"},{"@type":"Organization","@id":"https:\/\/www.revistarambla.com\/#organization","name":"Revista Rambla","url":"https:\/\/www.revistarambla.com\/","logo":{"@type":"ImageObject","inLanguage":"en-GB","@id":"https:\/\/www.revistarambla.com\/#\/schema\/logo\/image\/","url":"https:\/\/www.revistarambla.com\/wp-content\/uploads\/2020\/09\/banner_rambla_1900x600_BB.png","contentUrl":"https:\/\/www.revistarambla.com\/wp-content\/uploads\/2020\/09\/banner_rambla_1900x600_BB.png","width":1900,"height":600,"caption":"Revista Rambla"},"image":{"@id":"https:\/\/www.revistarambla.com\/#\/schema\/logo\/image\/"},"sameAs":["https:\/\/www.facebook.com\/revistarambla\/","https:\/\/x.com\/revistarambla","https:\/\/www.instagram.com\/revista_rambla","https:\/\/es.linkedin.com\/company\/revista-rambla"]},{"@type":"Person","@id":"https:\/\/www.revistarambla.com\/#\/schema\/person\/4a5652fc8c82df1f8593002d038cd79e","name":"Sara Rodr\u00edguez Biurrun"}]}},"_links":{"self":[{"href":"https:\/\/www.revistarambla.com\/en\/wp-json\/wp\/v2\/posts\/2679","targetHints":{"allow":["GET"]}}],"collection":[{"href":"https:\/\/www.revistarambla.com\/en\/wp-json\/wp\/v2\/posts"}],"about":[{"href":"https:\/\/www.revistarambla.com\/en\/wp-json\/wp\/v2\/types\/post"}],"author":[{"embeddable":true,"href":"https:\/\/www.revistarambla.com\/en\/wp-json\/wp\/v2\/users\/1"}],"replies":[{"embeddable":true,"href":"https:\/\/www.revistarambla.com\/en\/wp-json\/wp\/v2\/comments?post=2679"}],"version-history":[{"count":0,"href":"https:\/\/www.revistarambla.com\/en\/wp-json\/wp\/v2\/posts\/2679\/revisions"}],"wp:featuredmedia":[{"embeddable":true,"href":"https:\/\/www.revistarambla.com\/en\/wp-json\/wp\/v2\/media\/33608"}],"wp:attachment":[{"href":"https:\/\/www.revistarambla.com\/en\/wp-json\/wp\/v2\/media?parent=2679"}],"wp:term":[{"taxonomy":"category","embeddable":true,"href":"https:\/\/www.revistarambla.com\/en\/wp-json\/wp\/v2\/categories?post=2679"},{"taxonomy":"post_tag","embeddable":true,"href":"https:\/\/www.revistarambla.com\/en\/wp-json\/wp\/v2\/tags?post=2679"}],"curies":[{"name":"wp","href":"https:\/\/api.w.org\/{rel}","templated":true}]}}