{"id":2664,"date":"2012-12-19T06:47:28","date_gmt":"2012-12-19T06:47:28","guid":{"rendered":"https:\/\/www.revistarambla.com\/el-paris-de-baudelaire-walter-benjamin\/"},"modified":"2021-05-03T17:47:57","modified_gmt":"2021-05-03T15:47:57","slug":"el-paris-de-baudelaire-walter-benjamin","status":"publish","type":"post","link":"https:\/\/www.revistarambla.com\/en\/el-paris-de-baudelaire-walter-benjamin\/","title":{"rendered":"&#8216;El Par\u00eds de Baudelaire&#8217; de Walter Benjamin"},"content":{"rendered":"<p><img decoding=\"async\" class=\"alignright\" src=\"https:\/\/www.revistarambla.com\/wp-content\/uploads\/2012\/12\/Walter_Benjamin_vers01.jpg\" alt=\"alt\" width=\"323\" height=\"453\" \/>Walter Benjamin muri\u00f3 con el proyecto inconcluso de escribir un libro sobre Baudelaire. Los fragmentos de tal proyecto, ensayos ya cl\u00e1sicos dentro de la obra cr\u00edtica de Benjamin, fueron recopilados por su editor alem\u00e1n, Rolf Tiedemann, y publicados como libro en alem\u00e1n, en ingl\u00e9s y en franc\u00e9s.<\/p>\n<p>Reunido por primera vez en espa\u00f1ol y en una nueva traducci\u00f3n, este conjunto articulado de ensayos permite leer el innovador giro cr\u00edtico que coloca a Benjamin como el gran int\u00e9rprete del poeta franc\u00e9s: aquel en que abandona la idea de un Baudelaire como so\u00f1ador tardorrom\u00e1ntico para entenderlo como el poeta moderno azorado y atrapado por los grandes cambios que el capitalismo en ascenso despliega en la Par\u00eds de mediados del siglo XIX.<\/p>\n<p>Por su insatisfacci\u00f3n frente al dominio de la burgues\u00eda, Baudelaire logr\u00f3 expresar m\u00e1s de su \u00e9poca que lo enunciado por cualquier otra creaci\u00f3n literaria de tem\u00e1tica social, pero fueron necesarias las interpretaciones de Walter Benjamin \u2013se\u00f1ala Rolf Tiedemann\u2013, para descubrir en el poeta al historiador oculto de aquello en lo que se convertir\u00edan, bajo el capitalismo, los proveedores de la fuerza de trabajo. \u00b4<\/p>\n<p>El libro Charles Baudelaire. Un poeta l\u00edrico en la era del auge del capitalismo, proyectado inicialmente en el marco del Libro de los pasajes, al igual que este, qued\u00f3 inconcluso. Este volumen re\u00fane los textos centrales de ese legado: \u201cEl Par\u00eds del Segundo Imperio en Baudelaire\u201d y \u201cSobre algunos temas en Baudelaire\u201d, pensados como cap\u00edtulos pero que constituyen en s\u00ed trabajos cerrados, y \u201cZentralpark\u201d, que recopila fragmentos y notas que permiten un examen acabado del fundamento filos\u00f3fico de los dos primeros. Adem\u00e1s, se incluye el expos\u00e9 \u201cPar\u00eds capital del siglo XIX\u201d, borrador en el que Benjamin expone sucintamente el marco tem\u00e1tico del Libro de los pasajes, y el pr\u00f3logo de Tiedemann a los tres primeros textos en la edici\u00f3n alemana de 1974.<\/p>\n<p>Este libro es, sin dudas, el abordaje m\u00e1s completo a las reflexiones de Benjamin en torno a Baudelaire y las relaciones entre poes\u00eda y capitalismo.<\/p>\n<p>Walter Benjamin naci\u00f3 en Berl\u00edn en 1892 y falleci\u00f3 en Portbou en 1940. Es considerado el cr\u00edtico m\u00e1s importante de su tiempo. Estudi\u00f3 filosof\u00eda y teolog\u00eda en Berl\u00edn y Suiza. Tras el advenimiento de Hitler al poder emigr\u00f3 a Par\u00eds. Cuando la ocupaci\u00f3n nazi lleg\u00f3 a dicha ciudad, intent\u00f3 huir a Espa\u00f1a para de all\u00ed embarcar hacia Estados Unidos, pero a su arribo a Portbou, se hab\u00edan suspendido los visados y decide entonces suicidarse. Fue colaborador habitual de revistas y secciones literarias de diarios y adem\u00e1s de cr\u00edtico literario fue tambi\u00e9n traductor. Entre sus numerosos trabajos se encuentran El origen del drama barroco alem\u00e1n (1928), Calle de sentido \u00fanico (1928), La obra de arte en la era de su reproducibilidad t\u00e9cnica (1936) y Tesis sobre la filosof\u00eda de la historia (1959, p\u00f3stumo).<\/p>\n<p><img decoding=\"async\" class=\"aligncenter\" src=\"https:\/\/www.revistarambla.com\/wp-content\/uploads\/2012\/12\/El_Paris_de_Baudelaire_W_.jpg\" alt=\"alt\" width=\"425\" height=\"668\" \/><\/p>","protected":false},"excerpt":{"rendered":"<p>Walter Benjamin muri\u00f3 con el proyecto inconcluso de escribir un libro sobre Baudelaire. Los fragmentos de tal proyecto, ensayos ya cl\u00e1sicos dentro de la obra cr\u00edtica de Benjamin, fueron recopilados por su editor alem\u00e1n, Rolf Tiedemann, y publicados como libro en alem\u00e1n, en ingl\u00e9s y en franc\u00e9s. Reunido por primera [&hellip;]<\/p>\n","protected":false},"author":3,"featured_media":0,"comment_status":"open","ping_status":"open","sticky":false,"template":"","format":"standard","meta":{"footnotes":""},"categories":[4,60],"tags":[],"class_list":["post-2664","post","type-post","status-publish","format-standard","hentry","category-cultura","category-libros"],"yoast_head":"<!-- This site is optimized with the Yoast SEO plugin v27.5 - https:\/\/yoast.com\/product\/yoast-seo-wordpress\/ -->\n<title>&#039;El Par\u00eds de Baudelaire&#039; de Walter Benjamin - Revista Rambla<\/title>\n<meta name=\"robots\" content=\"index, follow, max-snippet:-1, max-image-preview:large, max-video-preview:-1\" \/>\n<link rel=\"canonical\" href=\"https:\/\/www.revistarambla.com\/en\/el-paris-de-baudelaire-walter-benjamin\/\" \/>\n<meta property=\"og:locale\" content=\"en_GB\" \/>\n<meta property=\"og:type\" content=\"article\" \/>\n<meta property=\"og:title\" content=\"&#039;El Par\u00eds de Baudelaire&#039; de Walter Benjamin - Revista Rambla\" \/>\n<meta property=\"og:description\" content=\"Walter Benjamin muri\u00f3 con el proyecto inconcluso de escribir un libro sobre Baudelaire. Los fragmentos de tal proyecto, ensayos ya cl\u00e1sicos dentro de la obra cr\u00edtica de Benjamin, fueron recopilados por su editor alem\u00e1n, Rolf Tiedemann, y publicados como libro en alem\u00e1n, en ingl\u00e9s y en franc\u00e9s. Reunido por primera [&hellip;]\" \/>\n<meta property=\"og:url\" content=\"https:\/\/www.revistarambla.com\/en\/el-paris-de-baudelaire-walter-benjamin\/\" \/>\n<meta property=\"og:site_name\" content=\"Revista Rambla\" \/>\n<meta property=\"article:publisher\" content=\"https:\/\/www.facebook.com\/revistarambla\/\" \/>\n<meta property=\"article:author\" content=\"https:\/\/www.facebook.com\/revistarambla\" \/>\n<meta property=\"article:published_time\" content=\"2012-12-19T06:47:28+00:00\" \/>\n<meta property=\"article:modified_time\" content=\"2021-05-03T15:47:57+00:00\" \/>\n<meta property=\"og:image\" content=\"https:\/\/i2.wp.com\/www.revistarambla.com\/wp-content\/uploads\/2012\/12\/Walter_Benjamin.jpg?fit=682%2C399&ssl=1\" \/>\n\t<meta property=\"og:image:width\" content=\"682\" \/>\n\t<meta property=\"og:image:height\" content=\"399\" \/>\n\t<meta property=\"og:image:type\" content=\"image\/jpeg\" \/>\n<meta name=\"author\" content=\"R@mbla\" \/>\n<meta name=\"twitter:card\" content=\"summary_large_image\" \/>\n<meta name=\"twitter:creator\" content=\"@revistarambla\" \/>\n<meta name=\"twitter:site\" content=\"@revistarambla\" \/>\n<meta name=\"twitter:label1\" content=\"Written by\" \/>\n\t<meta name=\"twitter:data1\" content=\"R@mbla\" \/>\n\t<meta name=\"twitter:label2\" content=\"Estimated reading time\" \/>\n\t<meta name=\"twitter:data2\" content=\"3 minutes\" \/>\n<script type=\"application\/ld+json\" class=\"yoast-schema-graph\">{\"@context\":\"https:\\\/\\\/schema.org\",\"@graph\":[{\"@type\":\"Article\",\"@id\":\"https:\\\/\\\/www.revistarambla.com\\\/el-paris-de-baudelaire-walter-benjamin\\\/#article\",\"isPartOf\":{\"@id\":\"https:\\\/\\\/www.revistarambla.com\\\/el-paris-de-baudelaire-walter-benjamin\\\/\"},\"author\":{\"name\":\"R@mbla\",\"@id\":\"https:\\\/\\\/www.revistarambla.com\\\/#\\\/schema\\\/person\\\/a146a5a2550b94981a75131180e1bd9c\"},\"headline\":\"&#8216;El Par\u00eds de Baudelaire&#8217; de Walter Benjamin\",\"datePublished\":\"2012-12-19T06:47:28+00:00\",\"dateModified\":\"2021-05-03T15:47:57+00:00\",\"mainEntityOfPage\":{\"@id\":\"https:\\\/\\\/www.revistarambla.com\\\/el-paris-de-baudelaire-walter-benjamin\\\/\"},\"wordCount\":512,\"commentCount\":0,\"publisher\":{\"@id\":\"https:\\\/\\\/www.revistarambla.com\\\/#organization\"},\"image\":{\"@id\":\"https:\\\/\\\/www.revistarambla.com\\\/el-paris-de-baudelaire-walter-benjamin\\\/#primaryimage\"},\"thumbnailUrl\":\"https:\\\/\\\/www.revistarambla.com\\\/wp-content\\\/uploads\\\/2012\\\/12\\\/Walter_Benjamin_vers01.jpg\",\"articleSection\":[\"Cultura\",\"Libros\"],\"inLanguage\":\"en-GB\",\"potentialAction\":[{\"@type\":\"CommentAction\",\"name\":\"Comment\",\"target\":[\"https:\\\/\\\/www.revistarambla.com\\\/el-paris-de-baudelaire-walter-benjamin\\\/#respond\"]}]},{\"@type\":\"WebPage\",\"@id\":\"https:\\\/\\\/www.revistarambla.com\\\/el-paris-de-baudelaire-walter-benjamin\\\/\",\"url\":\"https:\\\/\\\/www.revistarambla.com\\\/el-paris-de-baudelaire-walter-benjamin\\\/\",\"name\":\"'El Par\u00eds de Baudelaire' de Walter Benjamin - Revista Rambla\",\"isPartOf\":{\"@id\":\"https:\\\/\\\/www.revistarambla.com\\\/#website\"},\"primaryImageOfPage\":{\"@id\":\"https:\\\/\\\/www.revistarambla.com\\\/el-paris-de-baudelaire-walter-benjamin\\\/#primaryimage\"},\"image\":{\"@id\":\"https:\\\/\\\/www.revistarambla.com\\\/el-paris-de-baudelaire-walter-benjamin\\\/#primaryimage\"},\"thumbnailUrl\":\"https:\\\/\\\/www.revistarambla.com\\\/wp-content\\\/uploads\\\/2012\\\/12\\\/Walter_Benjamin_vers01.jpg\",\"datePublished\":\"2012-12-19T06:47:28+00:00\",\"dateModified\":\"2021-05-03T15:47:57+00:00\",\"breadcrumb\":{\"@id\":\"https:\\\/\\\/www.revistarambla.com\\\/el-paris-de-baudelaire-walter-benjamin\\\/#breadcrumb\"},\"inLanguage\":\"en-GB\",\"potentialAction\":[{\"@type\":\"ReadAction\",\"target\":[\"https:\\\/\\\/www.revistarambla.com\\\/el-paris-de-baudelaire-walter-benjamin\\\/\"]}]},{\"@type\":\"ImageObject\",\"inLanguage\":\"en-GB\",\"@id\":\"https:\\\/\\\/www.revistarambla.com\\\/el-paris-de-baudelaire-walter-benjamin\\\/#primaryimage\",\"url\":\"https:\\\/\\\/www.revistarambla.com\\\/wp-content\\\/uploads\\\/2012\\\/12\\\/Walter_Benjamin_vers01.jpg\",\"contentUrl\":\"https:\\\/\\\/www.revistarambla.com\\\/wp-content\\\/uploads\\\/2012\\\/12\\\/Walter_Benjamin_vers01.jpg\"},{\"@type\":\"BreadcrumbList\",\"@id\":\"https:\\\/\\\/www.revistarambla.com\\\/el-paris-de-baudelaire-walter-benjamin\\\/#breadcrumb\",\"itemListElement\":[{\"@type\":\"ListItem\",\"position\":1,\"name\":\"Portada\",\"item\":\"https:\\\/\\\/www.revistarambla.com\\\/\"},{\"@type\":\"ListItem\",\"position\":2,\"name\":\"&#8216;El Par\u00eds de Baudelaire&#8217; de Walter Benjamin\"}]},{\"@type\":\"WebSite\",\"@id\":\"https:\\\/\\\/www.revistarambla.com\\\/#website\",\"url\":\"https:\\\/\\\/www.revistarambla.com\\\/\",\"name\":\"Revista Rambla Barcelona\",\"description\":\"Periodismo independiente\",\"publisher\":{\"@id\":\"https:\\\/\\\/www.revistarambla.com\\\/#organization\"},\"potentialAction\":[{\"@type\":\"SearchAction\",\"target\":{\"@type\":\"EntryPoint\",\"urlTemplate\":\"https:\\\/\\\/www.revistarambla.com\\\/?s={search_term_string}\"},\"query-input\":{\"@type\":\"PropertyValueSpecification\",\"valueRequired\":true,\"valueName\":\"search_term_string\"}}],\"inLanguage\":\"en-GB\"},{\"@type\":\"Organization\",\"@id\":\"https:\\\/\\\/www.revistarambla.com\\\/#organization\",\"name\":\"Revista Rambla\",\"url\":\"https:\\\/\\\/www.revistarambla.com\\\/\",\"logo\":{\"@type\":\"ImageObject\",\"inLanguage\":\"en-GB\",\"@id\":\"https:\\\/\\\/www.revistarambla.com\\\/#\\\/schema\\\/logo\\\/image\\\/\",\"url\":\"https:\\\/\\\/www.revistarambla.com\\\/wp-content\\\/uploads\\\/2020\\\/09\\\/banner_rambla_1900x600_BB.png\",\"contentUrl\":\"https:\\\/\\\/www.revistarambla.com\\\/wp-content\\\/uploads\\\/2020\\\/09\\\/banner_rambla_1900x600_BB.png\",\"width\":1900,\"height\":600,\"caption\":\"Revista Rambla\"},\"image\":{\"@id\":\"https:\\\/\\\/www.revistarambla.com\\\/#\\\/schema\\\/logo\\\/image\\\/\"},\"sameAs\":[\"https:\\\/\\\/www.facebook.com\\\/revistarambla\\\/\",\"https:\\\/\\\/x.com\\\/revistarambla\",\"https:\\\/\\\/www.instagram.com\\\/revista_rambla\",\"https:\\\/\\\/es.linkedin.com\\\/company\\\/revista-rambla\"]},{\"@type\":\"Person\",\"@id\":\"https:\\\/\\\/www.revistarambla.com\\\/#\\\/schema\\\/person\\\/a146a5a2550b94981a75131180e1bd9c\",\"name\":\"R@mbla\",\"description\":\"Este art\u00edculo ha sido redactado y\\\/o validado por el equipo de redacci\u00f3n de Revista Rambla.\",\"sameAs\":[\"https:\\\/\\\/www.revistarambla.com\\\/\",\"https:\\\/\\\/www.facebook.com\\\/revistarambla\",\"https:\\\/\\\/x.com\\\/revistarambla\"]}]}<\/script>\n<!-- \/ Yoast SEO plugin. -->","yoast_head_json":{"title":"'El Par\u00eds de Baudelaire' de Walter Benjamin - Revista Rambla","robots":{"index":"index","follow":"follow","max-snippet":"max-snippet:-1","max-image-preview":"max-image-preview:large","max-video-preview":"max-video-preview:-1"},"canonical":"https:\/\/www.revistarambla.com\/en\/el-paris-de-baudelaire-walter-benjamin\/","og_locale":"en_GB","og_type":"article","og_title":"'El Par\u00eds de Baudelaire' de Walter Benjamin - Revista Rambla","og_description":"Walter Benjamin muri\u00f3 con el proyecto inconcluso de escribir un libro sobre Baudelaire. Los fragmentos de tal proyecto, ensayos ya cl\u00e1sicos dentro de la obra cr\u00edtica de Benjamin, fueron recopilados por su editor alem\u00e1n, Rolf Tiedemann, y publicados como libro en alem\u00e1n, en ingl\u00e9s y en franc\u00e9s. Reunido por primera [&hellip;]","og_url":"https:\/\/www.revistarambla.com\/en\/el-paris-de-baudelaire-walter-benjamin\/","og_site_name":"Revista Rambla","article_publisher":"https:\/\/www.facebook.com\/revistarambla\/","article_author":"https:\/\/www.facebook.com\/revistarambla","article_published_time":"2012-12-19T06:47:28+00:00","article_modified_time":"2021-05-03T15:47:57+00:00","og_image":[{"width":682,"height":399,"url":"https:\/\/i2.wp.com\/www.revistarambla.com\/wp-content\/uploads\/2012\/12\/Walter_Benjamin.jpg?fit=682%2C399&ssl=1","type":"image\/jpeg"}],"author":"R@mbla","twitter_card":"summary_large_image","twitter_creator":"@revistarambla","twitter_site":"@revistarambla","twitter_misc":{"Written by":"R@mbla","Estimated reading time":"3 minutes"},"schema":{"@context":"https:\/\/schema.org","@graph":[{"@type":"Article","@id":"https:\/\/www.revistarambla.com\/el-paris-de-baudelaire-walter-benjamin\/#article","isPartOf":{"@id":"https:\/\/www.revistarambla.com\/el-paris-de-baudelaire-walter-benjamin\/"},"author":{"name":"R@mbla","@id":"https:\/\/www.revistarambla.com\/#\/schema\/person\/a146a5a2550b94981a75131180e1bd9c"},"headline":"&#8216;El Par\u00eds de Baudelaire&#8217; de Walter Benjamin","datePublished":"2012-12-19T06:47:28+00:00","dateModified":"2021-05-03T15:47:57+00:00","mainEntityOfPage":{"@id":"https:\/\/www.revistarambla.com\/el-paris-de-baudelaire-walter-benjamin\/"},"wordCount":512,"commentCount":0,"publisher":{"@id":"https:\/\/www.revistarambla.com\/#organization"},"image":{"@id":"https:\/\/www.revistarambla.com\/el-paris-de-baudelaire-walter-benjamin\/#primaryimage"},"thumbnailUrl":"https:\/\/www.revistarambla.com\/wp-content\/uploads\/2012\/12\/Walter_Benjamin_vers01.jpg","articleSection":["Cultura","Libros"],"inLanguage":"en-GB","potentialAction":[{"@type":"CommentAction","name":"Comment","target":["https:\/\/www.revistarambla.com\/el-paris-de-baudelaire-walter-benjamin\/#respond"]}]},{"@type":"WebPage","@id":"https:\/\/www.revistarambla.com\/el-paris-de-baudelaire-walter-benjamin\/","url":"https:\/\/www.revistarambla.com\/el-paris-de-baudelaire-walter-benjamin\/","name":"'El Par\u00eds de Baudelaire' de Walter Benjamin - Revista Rambla","isPartOf":{"@id":"https:\/\/www.revistarambla.com\/#website"},"primaryImageOfPage":{"@id":"https:\/\/www.revistarambla.com\/el-paris-de-baudelaire-walter-benjamin\/#primaryimage"},"image":{"@id":"https:\/\/www.revistarambla.com\/el-paris-de-baudelaire-walter-benjamin\/#primaryimage"},"thumbnailUrl":"https:\/\/www.revistarambla.com\/wp-content\/uploads\/2012\/12\/Walter_Benjamin_vers01.jpg","datePublished":"2012-12-19T06:47:28+00:00","dateModified":"2021-05-03T15:47:57+00:00","breadcrumb":{"@id":"https:\/\/www.revistarambla.com\/el-paris-de-baudelaire-walter-benjamin\/#breadcrumb"},"inLanguage":"en-GB","potentialAction":[{"@type":"ReadAction","target":["https:\/\/www.revistarambla.com\/el-paris-de-baudelaire-walter-benjamin\/"]}]},{"@type":"ImageObject","inLanguage":"en-GB","@id":"https:\/\/www.revistarambla.com\/el-paris-de-baudelaire-walter-benjamin\/#primaryimage","url":"https:\/\/www.revistarambla.com\/wp-content\/uploads\/2012\/12\/Walter_Benjamin_vers01.jpg","contentUrl":"https:\/\/www.revistarambla.com\/wp-content\/uploads\/2012\/12\/Walter_Benjamin_vers01.jpg"},{"@type":"BreadcrumbList","@id":"https:\/\/www.revistarambla.com\/el-paris-de-baudelaire-walter-benjamin\/#breadcrumb","itemListElement":[{"@type":"ListItem","position":1,"name":"Portada","item":"https:\/\/www.revistarambla.com\/"},{"@type":"ListItem","position":2,"name":"&#8216;El Par\u00eds de Baudelaire&#8217; de Walter Benjamin"}]},{"@type":"WebSite","@id":"https:\/\/www.revistarambla.com\/#website","url":"https:\/\/www.revistarambla.com\/","name":"Revista Rambla Barcelona","description":"Periodismo independiente","publisher":{"@id":"https:\/\/www.revistarambla.com\/#organization"},"potentialAction":[{"@type":"SearchAction","target":{"@type":"EntryPoint","urlTemplate":"https:\/\/www.revistarambla.com\/?s={search_term_string}"},"query-input":{"@type":"PropertyValueSpecification","valueRequired":true,"valueName":"search_term_string"}}],"inLanguage":"en-GB"},{"@type":"Organization","@id":"https:\/\/www.revistarambla.com\/#organization","name":"Revista Rambla","url":"https:\/\/www.revistarambla.com\/","logo":{"@type":"ImageObject","inLanguage":"en-GB","@id":"https:\/\/www.revistarambla.com\/#\/schema\/logo\/image\/","url":"https:\/\/www.revistarambla.com\/wp-content\/uploads\/2020\/09\/banner_rambla_1900x600_BB.png","contentUrl":"https:\/\/www.revistarambla.com\/wp-content\/uploads\/2020\/09\/banner_rambla_1900x600_BB.png","width":1900,"height":600,"caption":"Revista Rambla"},"image":{"@id":"https:\/\/www.revistarambla.com\/#\/schema\/logo\/image\/"},"sameAs":["https:\/\/www.facebook.com\/revistarambla\/","https:\/\/x.com\/revistarambla","https:\/\/www.instagram.com\/revista_rambla","https:\/\/es.linkedin.com\/company\/revista-rambla"]},{"@type":"Person","@id":"https:\/\/www.revistarambla.com\/#\/schema\/person\/a146a5a2550b94981a75131180e1bd9c","name":"R@mbla","description":"Este art\u00edculo ha sido redactado y\/o validado por el equipo de redacci\u00f3n de Revista Rambla.","sameAs":["https:\/\/www.revistarambla.com\/","https:\/\/www.facebook.com\/revistarambla","https:\/\/x.com\/revistarambla"]}]}},"_links":{"self":[{"href":"https:\/\/www.revistarambla.com\/en\/wp-json\/wp\/v2\/posts\/2664","targetHints":{"allow":["GET"]}}],"collection":[{"href":"https:\/\/www.revistarambla.com\/en\/wp-json\/wp\/v2\/posts"}],"about":[{"href":"https:\/\/www.revistarambla.com\/en\/wp-json\/wp\/v2\/types\/post"}],"author":[{"embeddable":true,"href":"https:\/\/www.revistarambla.com\/en\/wp-json\/wp\/v2\/users\/3"}],"replies":[{"embeddable":true,"href":"https:\/\/www.revistarambla.com\/en\/wp-json\/wp\/v2\/comments?post=2664"}],"version-history":[{"count":0,"href":"https:\/\/www.revistarambla.com\/en\/wp-json\/wp\/v2\/posts\/2664\/revisions"}],"wp:attachment":[{"href":"https:\/\/www.revistarambla.com\/en\/wp-json\/wp\/v2\/media?parent=2664"}],"wp:term":[{"taxonomy":"category","embeddable":true,"href":"https:\/\/www.revistarambla.com\/en\/wp-json\/wp\/v2\/categories?post=2664"},{"taxonomy":"post_tag","embeddable":true,"href":"https:\/\/www.revistarambla.com\/en\/wp-json\/wp\/v2\/tags?post=2664"}],"curies":[{"name":"wp","href":"https:\/\/api.w.org\/{rel}","templated":true}]}}