{"id":26461,"date":"2021-01-12T12:25:00","date_gmt":"2021-01-12T11:25:00","guid":{"rendered":"https:\/\/www.revistarambla.com\/?p=26461"},"modified":"2021-12-07T16:19:34","modified_gmt":"2021-12-07T15:19:34","slug":"vox-y-la-herencia-trumpista","status":"publish","type":"post","link":"https:\/\/www.revistarambla.com\/en\/vox-y-la-herencia-trumpista\/","title":{"rendered":"VOX y la herencia trumpista"},"content":{"rendered":"<figure id=\"attachment_26462\" aria-describedby=\"caption-attachment-26462\" style=\"width: 640px\" class=\"wp-caption aligncenter\"><img decoding=\"async\" class=\"wp-image-26462\" src=\"https:\/\/www.revistarambla.com\/wp-content\/uploads\/2021\/01\/800px-Acto_de_Vox_en_Vistalegre_45159700971-300x200.jpg\" alt=\"\" width=\"640\" height=\"426\" srcset=\"https:\/\/www.revistarambla.com\/wp-content\/uploads\/2021\/01\/800px-Acto_de_Vox_en_Vistalegre_45159700971-300x200.jpg 300w, https:\/\/www.revistarambla.com\/wp-content\/uploads\/2021\/01\/800px-Acto_de_Vox_en_Vistalegre_45159700971-768x512.jpg 768w, https:\/\/www.revistarambla.com\/wp-content\/uploads\/2021\/01\/800px-Acto_de_Vox_en_Vistalegre_45159700971.jpg 800w\" sizes=\"(max-width: 640px) 100vw, 640px\" \/><figcaption id=\"caption-attachment-26462\" class=\"wp-caption-text\">Acto de Vox en Vistalegre.<\/figcaption><\/figure>\n<p>El puzzle inconexo del caos ordenado puede esbozarse mediante la llamada \u201cTeor\u00eda de las Cat\u00e1strofes\u201d del cient\u00edfico franc\u00e9s Ren\u00e9 Thom y se basar\u00eda en dos conceptos antin\u00f3micos para intentar \u201ccomprender el orden jer\u00e1rquico de la complejidad biol\u00f3gica\u201d.<\/p>\n<p>As\u00ed, el concepto de estabilidad o equilibrio se refiere a un sistema que permanece estable aunque registre un cambio, principio que trasladado a la esfera pol\u00edtica se traducir\u00eda en la Reforma del R\u00e9gimen del 78 sin alterar sus principios esenciales (Mon\u00e1rquico, centralista y neoliberal), tesis que defender\u00edan los partidos del establishment dominante del Estado espa\u00f1ol (PP, PSOE y Ciudadanos).<\/p>\n<p>En la orilla ant\u00f3nima, encontramos el concepto de cambio cualitativo o discontinuidad que se produce cuando simples cambios cuantitativos pasan a ser otra cosa diferente y el sistema se transforma internamente de modo radical en una nueva realidad que modifica su situaci\u00f3n de equilibro interno y se crea una situaci\u00f3n nueva (Nuevo R\u00e9gimen Tardofranquista), tesis defendida por VOX.<\/p>\n<h3>El tsunami electoral de VOX<\/h3>\n<p>El establishment del Estado espa\u00f1ol estar\u00eda formado por las \u00e9lites financiera-empresarial, pol\u00edtica, militar, jerarqu\u00eda cat\u00f3lica,universitaria y mass media del Estado espa\u00f1ol, herederos naturales del legado del General Franco que habr\u00edan fagocitado todas las esferas de decisi\u00f3n (seg\u00fan se desprende de la lectura del libro \u201cOligarqu\u00eda financiera y poder pol\u00edtico en Espa\u00f1a\u201d escrito por el ex-banquero Manuel Puerto Ducet), e iniciado asimismo una deriva totalitaria que habr\u00eda ya convertido a la seudodemocracia espa\u00f1ola en reh\u00e9n del establishment.<\/p>\n<p>Sin embargo, al cabo de 4 d\u00e9cadas, la crisis econ\u00f3mica,el progresivo descr\u00e9dito de la Monarqu\u00eda, la crisis de Catalu\u00f1a y la desafecci\u00f3n pol\u00edtica de la sociedad espa\u00f1ola motivada por los sangrantes casos de corrupci\u00f3n de la \u00e9lite pol\u00edtico-econ\u00f3mica han hecho oscilar en sus valores los esquemas id\u00edlicos de la Transici\u00f3n y la vigencia de la Constituci\u00f3n del 78 en la que se sustenta el actual status quo , elementos desencadenantes del tsunami electoral protagonizado por VOX.<\/p>\n<p>La estrategia electoral de VOX se bas\u00f3 en la t\u00e9cnica de la manipulaci\u00f3n de las masas expuesta por Edward L. Bernays en su libro \u201cCristalizando la opini\u00f3n p\u00fablica\u201d, en el que desentra\u00f1a los mecanismos cerebrales del grupo y la influencia de la propaganda como m\u00e9todo para unificar su pensamiento.<\/p>\n<p>As\u00ed, seg\u00fan L. Bernays, \u201cla mente del grupo no piensa, en el sentido estricto de la palabra. En lugar de pensamientos tiene impulsos, h\u00e1bitos y emociones. A la hora de decidir su primer impulso es normalmente seguir el ejemplo de un l\u00edder en quien conf\u00eda\u201d, por lo que la propaganda de VOX est\u00e1 dirigida no al sujeto individual sino al Grupo en el que la personalidad del individuo unidimensional se diluye y queda envuelta en retazos de falsas expectativas creadas y anhelos comunes que lo sustenta.<\/p>\n<h3>VOX y la herencia trumpista<\/h3>\n<p>VOX ser\u00eda un virus pand\u00e9mico que podr\u00eda arrasar con los principios de la sui generis democracia espa\u00f1ola al poseer un ADN dotado de la triple enzima tardofranquista (mantenimiento de la \u00abunidad indisoluble de Espa\u00f1a\u201d, control estricto de la inmigraci\u00f3n y retorno al \u201cpensamiento \u00fanico heteropatriarcal\u201d) y cuyo primer efecto nocivo ser\u00eda el finiquito del paradigma vigente en las \u00faltimas d\u00e9cadas (Teor\u00eda de lo \u201cpol\u00edticamente correcto).<\/p>\n<p>En consecuencia, una hipot\u00e9tica mayor\u00eda electoral de PP, Cs y Vox se traducir\u00eda en la ilegalizaci\u00f3n de partidos refractarios a los postulados de la Constituci\u00f3n (Unidas Podemos y los partidos independentistas vascos y catalanes) as\u00ed como la suspensi\u00f3n sine die de las Autonom\u00edas como punto final de una feroz ofensiva recentralizadora que supondr\u00e1 la asunci\u00f3n de las actuales competencias auton\u00f3micas (Sanidad, Educaci\u00f3n, Polic\u00eda y Prisiones) por el Estado Central y la posterior implementaci\u00f3n de un nuevo Estado tardofranquista.<\/p>\n<p>Dicho r\u00e9gimen beber\u00eda de las fuentes del centralismo bonapartista y del paternalismo de las dictaduras blandas y devendr\u00e1 indefectiblemente en un r\u00e9gimen autocr\u00e1tico, forma de gobierno ejercida por una sola persona,especie de par\u00e1sito end\u00f3geno de otros sistemas de gobierno (incluida la llamada democracia formal) que partiendo de la cris\u00e1lida de una propuesta partidista elegida mediante elecciones libres, llegado al poder se metamorfosea en l\u00edder Presidencialista con claros tintes totalitarios (inflexible, centralista y autoritario), lo que le convertir\u00eda en heredero natural del legado trumpista.<\/p>","protected":false},"excerpt":{"rendered":"<p>VOX ser\u00eda un virus pand\u00e9mico que podr\u00eda arrasar con los principios de la sui generis democracia espa\u00f1ola al poseer un ADN dotado de la triple enzima tardofranquista<\/p>","protected":false},"author":16,"featured_media":26462,"comment_status":"open","ping_status":"open","sticky":false,"template":"","format":"standard","meta":{"footnotes":""},"categories":[72],"tags":[],"class_list":["post-26461","post","type-post","status-publish","format-standard","has-post-thumbnail","hentry","category-opinion"],"yoast_head":"<!-- This site is optimized with the Yoast SEO plugin v27.5 - https:\/\/yoast.com\/product\/yoast-seo-wordpress\/ -->\n<title>VOX y la herencia trumpista - Revista Rambla<\/title>\n<meta name=\"robots\" content=\"index, follow, max-snippet:-1, max-image-preview:large, max-video-preview:-1\" \/>\n<link rel=\"canonical\" href=\"https:\/\/www.revistarambla.com\/en\/vox-y-la-herencia-trumpista\/\" \/>\n<meta property=\"og:locale\" content=\"en_GB\" \/>\n<meta property=\"og:type\" content=\"article\" \/>\n<meta property=\"og:title\" content=\"VOX y la herencia trumpista - Revista Rambla\" \/>\n<meta property=\"og:description\" content=\"VOX ser\u00eda un virus pand\u00e9mico que podr\u00eda arrasar con los principios de la sui generis democracia espa\u00f1ola al poseer un ADN dotado de la triple enzima tardofranquista\" \/>\n<meta property=\"og:url\" content=\"https:\/\/www.revistarambla.com\/en\/vox-y-la-herencia-trumpista\/\" \/>\n<meta property=\"og:site_name\" content=\"Revista Rambla\" \/>\n<meta property=\"article:publisher\" content=\"https:\/\/www.facebook.com\/revistarambla\/\" \/>\n<meta property=\"article:published_time\" content=\"2021-01-12T11:25:00+00:00\" \/>\n<meta property=\"article:modified_time\" content=\"2021-12-07T15:19:34+00:00\" \/>\n<meta property=\"og:image\" content=\"https:\/\/www.revistarambla.com\/wp-content\/uploads\/2021\/01\/800px-Acto_de_Vox_en_Vistalegre_45159700971.jpg\" \/>\n\t<meta property=\"og:image:width\" content=\"800\" \/>\n\t<meta property=\"og:image:height\" content=\"533\" \/>\n\t<meta property=\"og:image:type\" content=\"image\/jpeg\" \/>\n<meta name=\"author\" content=\"Germ\u00e1n Gorraiz L\u00f3pez\" \/>\n<meta name=\"twitter:card\" content=\"summary_large_image\" \/>\n<meta name=\"twitter:creator\" content=\"@revistarambla\" \/>\n<meta name=\"twitter:site\" content=\"@revistarambla\" \/>\n<meta name=\"twitter:label1\" content=\"Written by\" \/>\n\t<meta name=\"twitter:data1\" content=\"Germ\u00e1n Gorraiz L\u00f3pez\" \/>\n\t<meta name=\"twitter:label2\" content=\"Estimated reading time\" \/>\n\t<meta name=\"twitter:data2\" content=\"4 minutes\" \/>\n<script type=\"application\/ld+json\" class=\"yoast-schema-graph\">{\"@context\":\"https:\\\/\\\/schema.org\",\"@graph\":[{\"@type\":\"Article\",\"@id\":\"https:\\\/\\\/www.revistarambla.com\\\/vox-y-la-herencia-trumpista\\\/#article\",\"isPartOf\":{\"@id\":\"https:\\\/\\\/www.revistarambla.com\\\/vox-y-la-herencia-trumpista\\\/\"},\"author\":{\"name\":\"Germ\u00e1n Gorraiz L\u00f3pez\",\"@id\":\"https:\\\/\\\/www.revistarambla.com\\\/#\\\/schema\\\/person\\\/23a7868ff10cd88f8fdb045c7b7e4a4d\"},\"headline\":\"VOX y la herencia trumpista\",\"datePublished\":\"2021-01-12T11:25:00+00:00\",\"dateModified\":\"2021-12-07T15:19:34+00:00\",\"mainEntityOfPage\":{\"@id\":\"https:\\\/\\\/www.revistarambla.com\\\/vox-y-la-herencia-trumpista\\\/\"},\"wordCount\":781,\"commentCount\":0,\"publisher\":{\"@id\":\"https:\\\/\\\/www.revistarambla.com\\\/#organization\"},\"image\":{\"@id\":\"https:\\\/\\\/www.revistarambla.com\\\/vox-y-la-herencia-trumpista\\\/#primaryimage\"},\"thumbnailUrl\":\"https:\\\/\\\/www.revistarambla.com\\\/wp-content\\\/uploads\\\/2021\\\/01\\\/800px-Acto_de_Vox_en_Vistalegre_45159700971.jpg\",\"articleSection\":[\"Opiniones\"],\"inLanguage\":\"en-GB\",\"potentialAction\":[{\"@type\":\"CommentAction\",\"name\":\"Comment\",\"target\":[\"https:\\\/\\\/www.revistarambla.com\\\/vox-y-la-herencia-trumpista\\\/#respond\"]}]},{\"@type\":\"WebPage\",\"@id\":\"https:\\\/\\\/www.revistarambla.com\\\/vox-y-la-herencia-trumpista\\\/\",\"url\":\"https:\\\/\\\/www.revistarambla.com\\\/vox-y-la-herencia-trumpista\\\/\",\"name\":\"VOX y la herencia trumpista - Revista Rambla\",\"isPartOf\":{\"@id\":\"https:\\\/\\\/www.revistarambla.com\\\/#website\"},\"primaryImageOfPage\":{\"@id\":\"https:\\\/\\\/www.revistarambla.com\\\/vox-y-la-herencia-trumpista\\\/#primaryimage\"},\"image\":{\"@id\":\"https:\\\/\\\/www.revistarambla.com\\\/vox-y-la-herencia-trumpista\\\/#primaryimage\"},\"thumbnailUrl\":\"https:\\\/\\\/www.revistarambla.com\\\/wp-content\\\/uploads\\\/2021\\\/01\\\/800px-Acto_de_Vox_en_Vistalegre_45159700971.jpg\",\"datePublished\":\"2021-01-12T11:25:00+00:00\",\"dateModified\":\"2021-12-07T15:19:34+00:00\",\"breadcrumb\":{\"@id\":\"https:\\\/\\\/www.revistarambla.com\\\/vox-y-la-herencia-trumpista\\\/#breadcrumb\"},\"inLanguage\":\"en-GB\",\"potentialAction\":[{\"@type\":\"ReadAction\",\"target\":[\"https:\\\/\\\/www.revistarambla.com\\\/vox-y-la-herencia-trumpista\\\/\"]}]},{\"@type\":\"ImageObject\",\"inLanguage\":\"en-GB\",\"@id\":\"https:\\\/\\\/www.revistarambla.com\\\/vox-y-la-herencia-trumpista\\\/#primaryimage\",\"url\":\"https:\\\/\\\/www.revistarambla.com\\\/wp-content\\\/uploads\\\/2021\\\/01\\\/800px-Acto_de_Vox_en_Vistalegre_45159700971.jpg\",\"contentUrl\":\"https:\\\/\\\/www.revistarambla.com\\\/wp-content\\\/uploads\\\/2021\\\/01\\\/800px-Acto_de_Vox_en_Vistalegre_45159700971.jpg\",\"width\":800,\"height\":533},{\"@type\":\"BreadcrumbList\",\"@id\":\"https:\\\/\\\/www.revistarambla.com\\\/vox-y-la-herencia-trumpista\\\/#breadcrumb\",\"itemListElement\":[{\"@type\":\"ListItem\",\"position\":1,\"name\":\"Portada\",\"item\":\"https:\\\/\\\/www.revistarambla.com\\\/\"},{\"@type\":\"ListItem\",\"position\":2,\"name\":\"VOX y la herencia trumpista\"}]},{\"@type\":\"WebSite\",\"@id\":\"https:\\\/\\\/www.revistarambla.com\\\/#website\",\"url\":\"https:\\\/\\\/www.revistarambla.com\\\/\",\"name\":\"Revista Rambla Barcelona\",\"description\":\"Periodismo independiente\",\"publisher\":{\"@id\":\"https:\\\/\\\/www.revistarambla.com\\\/#organization\"},\"potentialAction\":[{\"@type\":\"SearchAction\",\"target\":{\"@type\":\"EntryPoint\",\"urlTemplate\":\"https:\\\/\\\/www.revistarambla.com\\\/?s={search_term_string}\"},\"query-input\":{\"@type\":\"PropertyValueSpecification\",\"valueRequired\":true,\"valueName\":\"search_term_string\"}}],\"inLanguage\":\"en-GB\"},{\"@type\":\"Organization\",\"@id\":\"https:\\\/\\\/www.revistarambla.com\\\/#organization\",\"name\":\"Revista Rambla\",\"url\":\"https:\\\/\\\/www.revistarambla.com\\\/\",\"logo\":{\"@type\":\"ImageObject\",\"inLanguage\":\"en-GB\",\"@id\":\"https:\\\/\\\/www.revistarambla.com\\\/#\\\/schema\\\/logo\\\/image\\\/\",\"url\":\"https:\\\/\\\/www.revistarambla.com\\\/wp-content\\\/uploads\\\/2020\\\/09\\\/banner_rambla_1900x600_BB.png\",\"contentUrl\":\"https:\\\/\\\/www.revistarambla.com\\\/wp-content\\\/uploads\\\/2020\\\/09\\\/banner_rambla_1900x600_BB.png\",\"width\":1900,\"height\":600,\"caption\":\"Revista Rambla\"},\"image\":{\"@id\":\"https:\\\/\\\/www.revistarambla.com\\\/#\\\/schema\\\/logo\\\/image\\\/\"},\"sameAs\":[\"https:\\\/\\\/www.facebook.com\\\/revistarambla\\\/\",\"https:\\\/\\\/x.com\\\/revistarambla\",\"https:\\\/\\\/www.instagram.com\\\/revista_rambla\",\"https:\\\/\\\/es.linkedin.com\\\/company\\\/revista-rambla\"]},{\"@type\":\"Person\",\"@id\":\"https:\\\/\\\/www.revistarambla.com\\\/#\\\/schema\\\/person\\\/23a7868ff10cd88f8fdb045c7b7e4a4d\",\"name\":\"Germ\u00e1n Gorraiz L\u00f3pez\",\"description\":\"Nacido en Navarra en 1957. Escribe an\u00e1lisis sobre temas econ\u00f3micos y geopol\u00edticos. Es miembro de Attac-Navarra. Colabora habitualmente en varios medios digitales e impresos espa\u00f1oles y latinoamericanos.\"}]}<\/script>\n<!-- \/ Yoast SEO plugin. -->","yoast_head_json":{"title":"VOX y la herencia trumpista - Revista Rambla","robots":{"index":"index","follow":"follow","max-snippet":"max-snippet:-1","max-image-preview":"max-image-preview:large","max-video-preview":"max-video-preview:-1"},"canonical":"https:\/\/www.revistarambla.com\/en\/vox-y-la-herencia-trumpista\/","og_locale":"en_GB","og_type":"article","og_title":"VOX y la herencia trumpista - Revista Rambla","og_description":"VOX ser\u00eda un virus pand\u00e9mico que podr\u00eda arrasar con los principios de la sui generis democracia espa\u00f1ola al poseer un ADN dotado de la triple enzima tardofranquista","og_url":"https:\/\/www.revistarambla.com\/en\/vox-y-la-herencia-trumpista\/","og_site_name":"Revista Rambla","article_publisher":"https:\/\/www.facebook.com\/revistarambla\/","article_published_time":"2021-01-12T11:25:00+00:00","article_modified_time":"2021-12-07T15:19:34+00:00","og_image":[{"width":800,"height":533,"url":"https:\/\/www.revistarambla.com\/wp-content\/uploads\/2021\/01\/800px-Acto_de_Vox_en_Vistalegre_45159700971.jpg","type":"image\/jpeg"}],"author":"Germ\u00e1n Gorraiz L\u00f3pez","twitter_card":"summary_large_image","twitter_creator":"@revistarambla","twitter_site":"@revistarambla","twitter_misc":{"Written by":"Germ\u00e1n Gorraiz L\u00f3pez","Estimated reading time":"4 minutes"},"schema":{"@context":"https:\/\/schema.org","@graph":[{"@type":"Article","@id":"https:\/\/www.revistarambla.com\/vox-y-la-herencia-trumpista\/#article","isPartOf":{"@id":"https:\/\/www.revistarambla.com\/vox-y-la-herencia-trumpista\/"},"author":{"name":"Germ\u00e1n Gorraiz L\u00f3pez","@id":"https:\/\/www.revistarambla.com\/#\/schema\/person\/23a7868ff10cd88f8fdb045c7b7e4a4d"},"headline":"VOX y la herencia trumpista","datePublished":"2021-01-12T11:25:00+00:00","dateModified":"2021-12-07T15:19:34+00:00","mainEntityOfPage":{"@id":"https:\/\/www.revistarambla.com\/vox-y-la-herencia-trumpista\/"},"wordCount":781,"commentCount":0,"publisher":{"@id":"https:\/\/www.revistarambla.com\/#organization"},"image":{"@id":"https:\/\/www.revistarambla.com\/vox-y-la-herencia-trumpista\/#primaryimage"},"thumbnailUrl":"https:\/\/www.revistarambla.com\/wp-content\/uploads\/2021\/01\/800px-Acto_de_Vox_en_Vistalegre_45159700971.jpg","articleSection":["Opiniones"],"inLanguage":"en-GB","potentialAction":[{"@type":"CommentAction","name":"Comment","target":["https:\/\/www.revistarambla.com\/vox-y-la-herencia-trumpista\/#respond"]}]},{"@type":"WebPage","@id":"https:\/\/www.revistarambla.com\/vox-y-la-herencia-trumpista\/","url":"https:\/\/www.revistarambla.com\/vox-y-la-herencia-trumpista\/","name":"VOX y la herencia trumpista - Revista Rambla","isPartOf":{"@id":"https:\/\/www.revistarambla.com\/#website"},"primaryImageOfPage":{"@id":"https:\/\/www.revistarambla.com\/vox-y-la-herencia-trumpista\/#primaryimage"},"image":{"@id":"https:\/\/www.revistarambla.com\/vox-y-la-herencia-trumpista\/#primaryimage"},"thumbnailUrl":"https:\/\/www.revistarambla.com\/wp-content\/uploads\/2021\/01\/800px-Acto_de_Vox_en_Vistalegre_45159700971.jpg","datePublished":"2021-01-12T11:25:00+00:00","dateModified":"2021-12-07T15:19:34+00:00","breadcrumb":{"@id":"https:\/\/www.revistarambla.com\/vox-y-la-herencia-trumpista\/#breadcrumb"},"inLanguage":"en-GB","potentialAction":[{"@type":"ReadAction","target":["https:\/\/www.revistarambla.com\/vox-y-la-herencia-trumpista\/"]}]},{"@type":"ImageObject","inLanguage":"en-GB","@id":"https:\/\/www.revistarambla.com\/vox-y-la-herencia-trumpista\/#primaryimage","url":"https:\/\/www.revistarambla.com\/wp-content\/uploads\/2021\/01\/800px-Acto_de_Vox_en_Vistalegre_45159700971.jpg","contentUrl":"https:\/\/www.revistarambla.com\/wp-content\/uploads\/2021\/01\/800px-Acto_de_Vox_en_Vistalegre_45159700971.jpg","width":800,"height":533},{"@type":"BreadcrumbList","@id":"https:\/\/www.revistarambla.com\/vox-y-la-herencia-trumpista\/#breadcrumb","itemListElement":[{"@type":"ListItem","position":1,"name":"Portada","item":"https:\/\/www.revistarambla.com\/"},{"@type":"ListItem","position":2,"name":"VOX y la herencia trumpista"}]},{"@type":"WebSite","@id":"https:\/\/www.revistarambla.com\/#website","url":"https:\/\/www.revistarambla.com\/","name":"Revista Rambla Barcelona","description":"Periodismo independiente","publisher":{"@id":"https:\/\/www.revistarambla.com\/#organization"},"potentialAction":[{"@type":"SearchAction","target":{"@type":"EntryPoint","urlTemplate":"https:\/\/www.revistarambla.com\/?s={search_term_string}"},"query-input":{"@type":"PropertyValueSpecification","valueRequired":true,"valueName":"search_term_string"}}],"inLanguage":"en-GB"},{"@type":"Organization","@id":"https:\/\/www.revistarambla.com\/#organization","name":"Revista Rambla","url":"https:\/\/www.revistarambla.com\/","logo":{"@type":"ImageObject","inLanguage":"en-GB","@id":"https:\/\/www.revistarambla.com\/#\/schema\/logo\/image\/","url":"https:\/\/www.revistarambla.com\/wp-content\/uploads\/2020\/09\/banner_rambla_1900x600_BB.png","contentUrl":"https:\/\/www.revistarambla.com\/wp-content\/uploads\/2020\/09\/banner_rambla_1900x600_BB.png","width":1900,"height":600,"caption":"Revista Rambla"},"image":{"@id":"https:\/\/www.revistarambla.com\/#\/schema\/logo\/image\/"},"sameAs":["https:\/\/www.facebook.com\/revistarambla\/","https:\/\/x.com\/revistarambla","https:\/\/www.instagram.com\/revista_rambla","https:\/\/es.linkedin.com\/company\/revista-rambla"]},{"@type":"Person","@id":"https:\/\/www.revistarambla.com\/#\/schema\/person\/23a7868ff10cd88f8fdb045c7b7e4a4d","name":"Germ\u00e1n Gorraiz L\u00f3pez","description":"Nacido en Navarra en 1957. Escribe an\u00e1lisis sobre temas econ\u00f3micos y geopol\u00edticos. Es miembro de Attac-Navarra. Colabora habitualmente en varios medios digitales e impresos espa\u00f1oles y latinoamericanos."}]}},"_links":{"self":[{"href":"https:\/\/www.revistarambla.com\/en\/wp-json\/wp\/v2\/posts\/26461","targetHints":{"allow":["GET"]}}],"collection":[{"href":"https:\/\/www.revistarambla.com\/en\/wp-json\/wp\/v2\/posts"}],"about":[{"href":"https:\/\/www.revistarambla.com\/en\/wp-json\/wp\/v2\/types\/post"}],"author":[{"embeddable":true,"href":"https:\/\/www.revistarambla.com\/en\/wp-json\/wp\/v2\/users\/16"}],"replies":[{"embeddable":true,"href":"https:\/\/www.revistarambla.com\/en\/wp-json\/wp\/v2\/comments?post=26461"}],"version-history":[{"count":0,"href":"https:\/\/www.revistarambla.com\/en\/wp-json\/wp\/v2\/posts\/26461\/revisions"}],"wp:featuredmedia":[{"embeddable":true,"href":"https:\/\/www.revistarambla.com\/en\/wp-json\/wp\/v2\/media\/26462"}],"wp:attachment":[{"href":"https:\/\/www.revistarambla.com\/en\/wp-json\/wp\/v2\/media?parent=26461"}],"wp:term":[{"taxonomy":"category","embeddable":true,"href":"https:\/\/www.revistarambla.com\/en\/wp-json\/wp\/v2\/categories?post=26461"},{"taxonomy":"post_tag","embeddable":true,"href":"https:\/\/www.revistarambla.com\/en\/wp-json\/wp\/v2\/tags?post=26461"}],"curies":[{"name":"wp","href":"https:\/\/api.w.org\/{rel}","templated":true}]}}