{"id":26438,"date":"2021-01-10T13:42:12","date_gmt":"2021-01-10T12:42:12","guid":{"rendered":"https:\/\/www.revistarambla.com\/?p=26438"},"modified":"2025-01-23T21:40:45","modified_gmt":"2025-01-23T20:40:45","slug":"llueve-sobre-mojado-en-cataluna-nueva-sentencia-del-tsc","status":"publish","type":"post","link":"https:\/\/www.revistarambla.com\/en\/llueve-sobre-mojado-en-cataluna-nueva-sentencia-del-tsc\/","title":{"rendered":"Llueve sobre mojado en Catalu\u00f1a: nueva sentencia del TSC"},"content":{"rendered":"<figure id=\"attachment_26439\" aria-describedby=\"caption-attachment-26439\" style=\"width: 640px\" class=\"wp-caption aligncenter\"><img decoding=\"async\" class=\"wp-image-26439 size-large\" src=\"https:\/\/www.revistarambla.com\/wp-content\/uploads\/2021\/01\/Palau_de_Justicia-1024x768.jpg\" alt=\"\" width=\"640\" height=\"480\" srcset=\"https:\/\/www.revistarambla.com\/wp-content\/uploads\/2021\/01\/Palau_de_Justicia-1024x768.jpg 1024w, https:\/\/www.revistarambla.com\/wp-content\/uploads\/2021\/01\/Palau_de_Justicia-300x225.jpg 300w, https:\/\/www.revistarambla.com\/wp-content\/uploads\/2021\/01\/Palau_de_Justicia-768x576.jpg 768w, https:\/\/www.revistarambla.com\/wp-content\/uploads\/2021\/01\/Palau_de_Justicia.jpg 1536w\" sizes=\"(max-width: 640px) 100vw, 640px\" \/><figcaption id=\"caption-attachment-26439\" class=\"wp-caption-text\">Tribunal Superior de Justicia de Catalunya (Barcelona).<\/figcaption><\/figure>\n<p style=\"text-align: left;\" align=\"JUSTIFY\"><span lang=\"es-ES\">El pasado 16 de diciembre, el TSJC dict\u00f3 una nueva sentencia (<\/span><a href=\"https:\/\/www.ecestaticos.com\/file\/20035f3223f12dcbeb1e5f2669836e72\/1608202256-sente-ncia-seccio-5-contencio-s-llengu-es-vehiculars.pdf\"><span lang=\"es-ES\">n\u00ba 5201\/2020<\/span><\/a><span lang=\"es-ES\">) relativa al espacio que debe ocupar el castellano como lengua vehicular en el sistema educativo de Catalu\u00f1a. Con ella, el TSJC respond\u00eda al recurso contencioso administrativo (n\u00ba 168\/2015), interpuesto por el Ministerio de Educaci\u00f3n, el 24 de abril de 2015, ante la inactividad normativa de la Generalidad de Catalu\u00f1a: por un lado, el no haber desarrollado la disposici\u00f3n transaccional 38 de la <\/span><a href=\"https:\/\/www.boe.es\/buscar\/pdf\/2006\/BOE-A-2006-7899-consolidado.pdf\"><span lang=\"es-ES\">LOE<\/span><\/a><span lang=\"es-ES\"> (2006), que establece el derecho de los alumnos de Catalu\u00f1a a recibir las ense\u00f1anzas en las dos lenguas oficiales; y, por el otro, el no haber fijado los horarios ni las materias para el uso vehicular del castellano.<\/span><\/p>\n<p style=\"text-align: left;\" align=\"JUSTIFY\"><span lang=\"es-ES\">El 20 de julio de 2015, la Abogac\u00eda del Estado tambi\u00e9n present\u00f3 un escrito pidiendo la anulaci\u00f3n de la <\/span><a href=\"https:\/\/www.iberley.es\/legislacion\/resolucion-ens-280-2015-18-febrero-aprueban-normas-preinscripcion-matricula-alumnos-centros-servicio-educacion-cataluna-centros-educativos-diversas-ensenanzas-sostenidas-fondos-publicos-curso-2015-2016-18828261\"><span lang=\"es-ES\">Resoluci\u00f3n ENS\/280\/2015<\/span><\/a><span lang=\"es-ES\"> para que el uso del castellano no quede limitado al primer curso de la educaci\u00f3n infantil ni a la \u201c<\/span><span lang=\"es-ES\">atenci\u00f3n individualizada<\/span><span lang=\"es-ES\">\u201d y para que sea lengua vehicular con el catal\u00e1n, en r\u00e9gimen de igualdad o en unos porcentajes que no sean inferiores al 25%. Esta demanda se fundamenta en el r\u00e9gimen de \u201c<\/span><span lang=\"es-ES\">conjunci\u00f3n ling\u00fc\u00edstica<\/span><span lang=\"es-ES\">\u201d o <\/span><span lang=\"es-ES\">ense\u00f1anza biling\u00fce<\/span><span lang=\"es-ES\"> o de <\/span><span lang=\"es-ES\">una sola l\u00ednea<\/span><span lang=\"es-ES\">, vigente en Catalu\u00f1a, (las dos lenguas oficiales han de ser lenguas vehiculares, ya que los alumnos no pueden ser separados, en dos l\u00edneas, en funci\u00f3n de la lengua habitual); y tambi\u00e9n en el derecho de los alumnos a recibir las primeras ense\u00f1anzas en su lengua habitual, seg\u00fan doctrina permanente de la UNESCO y de dos psicopedagogos catalanes, de primer orden, de finales del siglo XX (<\/span><a href=\"https:\/\/honrad.blogspot.com\/2013\/02\/mentiras-sobre-la-politica-linguistica_23.html\"><span lang=\"es-ES\">Rosa Sensat<\/span><span lang=\"es-ES\"> y <\/span><span lang=\"es-ES\">Miquel Sigu\u00e1n<\/span><\/a><span lang=\"es-ES\">).<\/span><\/p>\n<p style=\"text-align: left;\" align=\"JUSTIFY\"><span lang=\"es-ES\">En los \u201cfundamentos de derecho\u201d de su sentencia, el TSJC deja claro que la Generalidad de Catalu\u00f1a es competente y responsable de la gesti\u00f3n de la pol\u00edtica ling\u00fc\u00edstica. Por otro lado, constata que, en conjunto, el uso vehicular del castellano en la ense\u00f1anza de Catalu\u00f1a es \u201c<\/span><span lang=\"es-ES\">residual<\/span><span lang=\"es-ES\">\u201d o simb\u00f3lico y esto constituye \u201c<\/span><span lang=\"es-ES\">una infracci\u00f3n del marco jur\u00eddico vigente<\/span><span lang=\"es-ES\">\u201d, seg\u00fan reiterada jurisprudencia del TC. Adem\u00e1s, la Generalidad ha hecho dejaci\u00f3n de sus funciones al no haber dictado las normas para que las dos lenguas (catal\u00e1n y castellano) sean lenguas vehiculares.<\/span><\/p>\n<p style=\"text-align: left;\" align=\"JUSTIFY\"><span lang=\"es-ES\">Y, por lo tanto, en su fallo, el TSJC resuelve, <\/span><span lang=\"es-ES\">de verbo ad verbum<\/span><span lang=\"es-ES\">, que obliga a \u201cla Generalidad de Catalu\u00f1a a adoptar las medidas que sean necesarias para garantizar que, en las ense\u00f1anzas impartidas en el sistema educativo de Catalu\u00f1a, todos los alumnos reciban de <\/span><span lang=\"es-ES\">manera efectiva e inmediata<\/span><span lang=\"es-ES\"> la ense\u00f1anza mediante la <\/span><span lang=\"es-ES\">utilizaci\u00f3n vehicular normal<\/span><span lang=\"es-ES\"> de las dos lenguas oficiales en los <\/span><span lang=\"es-ES\">porcentajes que se determinen<\/span><span lang=\"es-ES\">, <\/span><span lang=\"es-ES\">que no podr\u00e1n ser inferiores al 25%<\/span> <span lang=\"es-ES\">en uno y otro caso<\/span><span lang=\"es-ES\">\u201d. <\/span><\/p>\n<p style=\"text-align: left;\" align=\"JUSTIFY\"><span lang=\"es-ES\">La resoluci\u00f3n de esta sentencia, clara y sin ambages, y las circunstancias de la misma merecen algunas glosas para enfatizar ciertos aspectos de la misma y poner el dedo en la llaga del funcionamiento de la justicia espa\u00f1ola y del uso torticero e inapropiado de la misma por parte de la Generalidad.<\/span><\/p>\n<p style=\"text-align: left;\" align=\"JUSTIFY\"><span lang=\"es-ES\">Lo m\u00ednimo que se puede decir de la justicia espa\u00f1ola es que es \u201c<\/span><span lang=\"es-ES\">caracolera<\/span><span lang=\"es-ES\">\u201d. En efecto, entre el contencioso administrativo de la Abogac\u00eda del Estado y el fallo del TSJC han transcurrido casi 6 a\u00f1os. Y, c<\/span><span lang=\"es-ES\">omo reza una cita atribuida al pensador cordob\u00e9s <\/span><span lang=\"es-ES\">S\u00e9neca<\/span><span lang=\"es-ES\">, \u201c<\/span><span lang=\"es-ES\">una justicia lenta (\u201ccaracolera\u201d) no es justicia<\/span><span lang=\"es-ES\">\u201d. <\/span><span lang=\"es-ES\">El ser una justicia demasiado garantista y el <\/span>uso sistem\u00e1tico y torticero del derecho al recurso, aunque \u00e9ste sea legal,<span lang=\"es-ES\"> para sustraerse del cumplimiento de las sentencias judiciales,<\/span> son letales para la necesaria celeridad de los procesos.<\/p>\n<p style=\"text-align: left;\" align=\"JUSTIFY\"><span lang=\"es-ES\">No es la primera vez que la pol\u00edtica ling\u00fc\u00edstica de la Generalidad ha sido objeto de recriminaciones convergentes, tanto por parte del TSJC como del Tribunal Supremo (TS) y del Tribunal Constitucional (TC). Se podr\u00eda decir que, desde hace demasiado tiempo, llueve sobre mojado en Catalu\u00f1a. Y todo parece indicar que el vaso de la paciencia de los tribunales se ha colmado. <\/span><span lang=\"es-ES\">En efecto, la sentencia no deja lugar a dudas: en todos los centros escolares de la Comunidad Aut\u00f3noma, la Generalidad debe garantizar el uso<\/span><span lang=\"es-ES\"> \u201cefectivo e inmediato\u201d<\/span><span lang=\"es-ES\"> del catal\u00e1n y del castellano como \u201c<\/span><span lang=\"es-ES\">lenguas vehiculares\u201d<\/span><span lang=\"es-ES\">. Esta es la condici\u00f3n <\/span><span lang=\"es-ES\">sine qua non<\/span><span lang=\"es-ES\"> de la implantaci\u00f3n real y concreta del modelo <\/span><span lang=\"es-ES\">de \u201c<\/span><span lang=\"es-ES\">conjunci\u00f3n ling\u00fc\u00edstica<\/span><span lang=\"es-ES\">\u201d. <\/span><\/p>\n<p style=\"text-align: left;\" align=\"JUSTIFY\"><span lang=\"es-ES\">No son posibles, por lo tanto, m\u00e1s dilaciones torticeras (cf. \u201c<\/span><span lang=\"es-ES\">inmediato<\/span><span lang=\"es-ES\">\u201d). Ahora bien, podemos preguntarnos c\u00f3mo puede ser inmediato el uso vehicular del castellano, si la Generalidad podr\u00e1 presentar, y lo va a hacer, un recurso de casaci\u00f3n, que dilatar\u00e1 nuevamente la aplicaci\u00f3n del mismo. <\/span><span lang=\"es-ES\">Y, adem\u00e1s, si vienen mal dadas, siempre le quedar\u00e1 a la Generalidad, como a <\/span><span lang=\"es-ES\">Rick <\/span><span lang=\"es-ES\">e<\/span><span lang=\"es-ES\"> Ilsa<\/span><span lang=\"es-ES\">, Estrasburgo, Bruselas, La Haya y&#8230;, para dilatar, m\u00e1s y m\u00e1s, la acci\u00f3n de la justicia y sustraerse de ella. <\/span><span lang=\"es-ES\">Y, por otro lado, la implementaci\u00f3n de las dos lenguas vehiculares debe ser real (cf. \u201c<\/span><span lang=\"es-ES\">efectivo<\/span><span lang=\"es-ES\">\u201d), ya que no sirve la discriminatoria coartada \u2014enga\u00f1osa y torticera\u2014 de la \u201c<\/span><span lang=\"es-ES\">atenci\u00f3n individualizada<\/span><span lang=\"es-ES\">\u201d.<\/span><\/p>\n<p style=\"text-align: left;\" align=\"JUSTIFY\"><span lang=\"es-ES\">Por eso, el TSJC concluye que el castellano, lengua vehicular, debe ser usado, como m\u00ednimo, en un 25% de las asignaturas, entre las que debe haber alguna troncal o similar. A prop\u00f3sito de este porcentaje, debemos preguntarnos de d\u00f3nde lo han sacado los tribunales de justicia. \u00bf<\/span><a href=\"http:\/\/honrad.blogspot.com\/2014\/04\/los.html\"><span lang=\"es-ES\">Por qu\u00e9 no el 30% o el 40% o el 50% o\u2026<\/span><\/a><span lang=\"es-ES\">? El porcentaje propuesto denota que los tribunales de justicia no se han asesorado o les han asesorado mal y, por lo tanto, no saben <\/span><a href=\"https:\/\/honrad.blogspot.com\/2013\/06\/mentiras-sobre-la-politica-linguistica.html\"><span lang=\"es-ES\">c\u00f3mo se aprende una lengua<\/span><\/a><span lang=\"es-ES\"> ni <\/span><a href=\"https:\/\/honrad.blogspot.com\/2013\/12\/en-que-consiste-saber-una-lengua_6.html\"><span lang=\"es-ES\">en qu\u00e9 consiste hablar una lengua<\/span><\/a><span lang=\"es-ES\">. Y, en consecuencia, han propuesto, a la buena de Dios y a la pata la llana, el 25%. Han querido contentar a todos y no han contentado a nadie. Y <\/span><a href=\"https:\/\/honrad.blogspot.com\/2013\/05\/mentiras-sobre-la-politica-linguistica_31.html\"><span lang=\"es-ES\">la casa sin barrer<\/span><\/a><span lang=\"es-ES\">. Si en las sentencias de otros campos del derecho, los tribunales act\u00faan sin conocimiento de causa y con la misma ligereza y superficialidad que en este caso, es para echarse a temblar. <\/span><\/p>\n<p style=\"text-align: left;\" align=\"JUSTIFY\"><span lang=\"es-ES\">Finalmente, los <\/span><a href=\"https:\/\/honrad.blogspot.com\/2013\/08\/mentiras-sobre-la-politica-linguistica.html\"><span lang=\"es-ES\">autoproclamados defensores de espa\u00f1ol en Catalu\u00f1a<\/span><\/a><span lang=\"es-ES\"> (ciertos partidos: C\u2019s, UPyD, PP y Vox; algunas asociaciones y plataformas; nuevos medios digitales y numerosos blogs) se han mostrado euf\u00f3ricos y se han congratulado ante esta nueva sentencia. Ahora bien, si miramos al pasado, no es para tirar cohetes y hay que moderar la euforia. En efecto, durante los \u00faltimos 30 a\u00f1os, los <\/span><span lang=\"es-ES\">resultados obtenidos por ellos en la defensa (?) de los derechos ling\u00fc\u00edsticos de los ciudadanos de Catalu\u00f1a han sido nulos. Y, <\/span><span lang=\"es-ES\">desde hace demasiado tiempo, <\/span> <span lang=\"es-ES\">su actitud, <\/span><span lang=\"es-ES\">me ha recordado siempre la actitud y el comportamiento de las farmac\u00e9uticas, que no persiguen curar las enfermedades sino en convertirlas en cr\u00f3nicas para conseguir ping\u00fces beneficios a costa de la salud de los pacientes. Y tambi\u00e9n me ha hecho pensar en la hipocres\u00eda de las ONGs, que s\u00f3lo les interesa que se eternicen y enquisten los problemas para poder seguir viviendo a costa del sudor, de la miseria, del sufrimiento, de la muerte\u2026 del pr\u00f3jimo. <\/span><\/p>\n<p style=\"text-align: left;\" align=\"JUSTIFY\"><span lang=\"es-ES\">Hasta ahora, los defensores de los derechos ling\u00fc\u00edsticos en Catalu\u00f1a se han puesto al nivel de la casta pol\u00edtica, utilizando la v\u00eda judicial y pol\u00edtica, que se ha revelado completamente improductiva, ineficaz y frustrante. Y se han olvidado de que, para hacer cumplir las sentencias y asegurar el dominio equivalente y adecuado de las dos lenguas, los criterios pedag\u00f3gicos y psicoling\u00fc\u00edsticos no s\u00f3lo deben ser tenidos en cuenta sino ser priorizados. S\u00f3lo as\u00ed dejar\u00e1n de ser figurantes impotentes, durante 30 a\u00f1os m\u00e1s, en la farsa de la pol\u00edtica ling\u00fc\u00edstica catalana y podr\u00e1n conseguir que se respeten los derechos ling\u00fc\u00edsticos de los catalanes. <\/span><\/p>\n<p style=\"text-align: left;\" align=\"JUSTIFY\"><strong><span lang=\"fr-FR\">Coda<\/span><\/strong><span lang=\"fr-FR\"><strong>:<\/strong> \u00ab\u00a0<\/span><span lang=\"fr-FR\">Je ne demande pas \u00e0 \u00eatre approuv\u00e9, mais \u00e0 \u00eatre examin\u00e9 et, si l\u2019on me condamne, qu\u2019on m\u2019\u00e9claire<\/span><span lang=\"fr-FR\">\u00a0\u00bb (<\/span><span lang=\"fr-FR\">Ch. <\/span>Nodier).<\/p>\n<p style=\"text-align: left;\" align=\"JUSTIFY\"><em>Manuel I. Cabezas Gonz\u00e1lez es Doctor en Didactolog\u00eda de las Lenguas y de las Culturas<\/em><br \/>\n<em>Profesor Titular de Ling\u00fc\u00edstica y de Ling\u00fc\u00edstica Aplicada\u00a0\u00a0<\/em><br \/>\n<em>Departamento de Filolog\u00eda Francesa y Rom\u00e1nica (UAB)<\/em><\/p>\n<p style=\"text-align: left;\" align=\"JUSTIFY\"><a href=\"http:\/\/www.honrad.blogspot.com\/\">www.honrad.blogspot.com<\/a><\/p>","protected":false},"excerpt":{"rendered":"<p>Hasta ahora, los defensores de los derechos ling\u00fc\u00edsticos en Catalu\u00f1a se han puesto al nivel de la casta pol\u00edtica, utilizando la v\u00eda judicial y pol\u00edtica, que se ha revelado completamente improductiva, ineficaz y frustrante.<\/p>","protected":false},"author":17,"featured_media":26439,"comment_status":"open","ping_status":"open","sticky":false,"template":"","format":"standard","meta":{"footnotes":""},"categories":[4114],"tags":[],"class_list":["post-26438","post","type-post","status-publish","format-standard","has-post-thumbnail","hentry","category-cantando-las-verdades"],"yoast_head":"<!-- This site is optimized with the Yoast SEO plugin v27.5 - https:\/\/yoast.com\/product\/yoast-seo-wordpress\/ -->\n<title>Llueve sobre mojado en Catalu\u00f1a: nueva sentencia del TSC - Revista Rambla<\/title>\n<meta name=\"robots\" content=\"index, follow, max-snippet:-1, max-image-preview:large, max-video-preview:-1\" \/>\n<link rel=\"canonical\" href=\"https:\/\/www.revistarambla.com\/en\/llueve-sobre-mojado-en-cataluna-nueva-sentencia-del-tsc\/\" \/>\n<meta property=\"og:locale\" content=\"en_GB\" \/>\n<meta property=\"og:type\" content=\"article\" \/>\n<meta property=\"og:title\" content=\"Llueve sobre mojado en Catalu\u00f1a: nueva sentencia del TSC - Revista Rambla\" \/>\n<meta property=\"og:description\" content=\"Hasta ahora, los defensores de los derechos ling\u00fc\u00edsticos en Catalu\u00f1a se han puesto al nivel de la casta pol\u00edtica, utilizando la v\u00eda judicial y pol\u00edtica, que se ha revelado completamente improductiva, ineficaz y frustrante.\" \/>\n<meta property=\"og:url\" content=\"https:\/\/www.revistarambla.com\/en\/llueve-sobre-mojado-en-cataluna-nueva-sentencia-del-tsc\/\" \/>\n<meta property=\"og:site_name\" content=\"Revista Rambla\" \/>\n<meta property=\"article:publisher\" content=\"https:\/\/www.facebook.com\/revistarambla\/\" \/>\n<meta property=\"article:author\" content=\"https:\/\/www.facebook.com\/manuelignacio.cabezasgonzalez\" \/>\n<meta property=\"article:published_time\" content=\"2021-01-10T12:42:12+00:00\" \/>\n<meta property=\"article:modified_time\" content=\"2025-01-23T20:40:45+00:00\" \/>\n<meta property=\"og:image\" content=\"https:\/\/www.revistarambla.com\/wp-content\/uploads\/2021\/01\/Palau_de_Justicia.jpg\" \/>\n\t<meta property=\"og:image:width\" content=\"1536\" \/>\n\t<meta property=\"og:image:height\" content=\"1152\" \/>\n\t<meta property=\"og:image:type\" content=\"image\/jpeg\" \/>\n<meta name=\"author\" content=\"Manuel Ignacio Cabezas Gonz\u00e1lez\" \/>\n<meta name=\"twitter:card\" content=\"summary_large_image\" \/>\n<meta name=\"twitter:creator\" content=\"@ManuelICabezas\" \/>\n<meta name=\"twitter:site\" content=\"@revistarambla\" \/>\n<meta name=\"twitter:label1\" content=\"Written by\" \/>\n\t<meta name=\"twitter:data1\" content=\"Manuel Ignacio Cabezas Gonz\u00e1lez\" \/>\n\t<meta name=\"twitter:label2\" content=\"Estimated reading time\" \/>\n\t<meta name=\"twitter:data2\" content=\"6 minutes\" \/>\n<script type=\"application\/ld+json\" class=\"yoast-schema-graph\">{\"@context\":\"https:\\\/\\\/schema.org\",\"@graph\":[{\"@type\":\"Article\",\"@id\":\"https:\\\/\\\/www.revistarambla.com\\\/llueve-sobre-mojado-en-cataluna-nueva-sentencia-del-tsc\\\/#article\",\"isPartOf\":{\"@id\":\"https:\\\/\\\/www.revistarambla.com\\\/llueve-sobre-mojado-en-cataluna-nueva-sentencia-del-tsc\\\/\"},\"author\":{\"name\":\"Manuel Ignacio Cabezas Gonz\u00e1lez\",\"@id\":\"https:\\\/\\\/www.revistarambla.com\\\/#\\\/schema\\\/person\\\/3d71c575842522757de7f4f9c9b40215\"},\"headline\":\"Llueve sobre mojado en Catalu\u00f1a: nueva sentencia del TSC\",\"datePublished\":\"2021-01-10T12:42:12+00:00\",\"dateModified\":\"2025-01-23T20:40:45+00:00\",\"mainEntityOfPage\":{\"@id\":\"https:\\\/\\\/www.revistarambla.com\\\/llueve-sobre-mojado-en-cataluna-nueva-sentencia-del-tsc\\\/\"},\"wordCount\":1409,\"commentCount\":0,\"publisher\":{\"@id\":\"https:\\\/\\\/www.revistarambla.com\\\/#organization\"},\"image\":{\"@id\":\"https:\\\/\\\/www.revistarambla.com\\\/llueve-sobre-mojado-en-cataluna-nueva-sentencia-del-tsc\\\/#primaryimage\"},\"thumbnailUrl\":\"https:\\\/\\\/www.revistarambla.com\\\/wp-content\\\/uploads\\\/2021\\\/01\\\/Palau_de_Justicia.jpg\",\"articleSection\":[\"Cantando las verdades\"],\"inLanguage\":\"en-GB\",\"potentialAction\":[{\"@type\":\"CommentAction\",\"name\":\"Comment\",\"target\":[\"https:\\\/\\\/www.revistarambla.com\\\/llueve-sobre-mojado-en-cataluna-nueva-sentencia-del-tsc\\\/#respond\"]}]},{\"@type\":\"WebPage\",\"@id\":\"https:\\\/\\\/www.revistarambla.com\\\/llueve-sobre-mojado-en-cataluna-nueva-sentencia-del-tsc\\\/\",\"url\":\"https:\\\/\\\/www.revistarambla.com\\\/llueve-sobre-mojado-en-cataluna-nueva-sentencia-del-tsc\\\/\",\"name\":\"Llueve sobre mojado en Catalu\u00f1a: nueva sentencia del TSC - Revista Rambla\",\"isPartOf\":{\"@id\":\"https:\\\/\\\/www.revistarambla.com\\\/#website\"},\"primaryImageOfPage\":{\"@id\":\"https:\\\/\\\/www.revistarambla.com\\\/llueve-sobre-mojado-en-cataluna-nueva-sentencia-del-tsc\\\/#primaryimage\"},\"image\":{\"@id\":\"https:\\\/\\\/www.revistarambla.com\\\/llueve-sobre-mojado-en-cataluna-nueva-sentencia-del-tsc\\\/#primaryimage\"},\"thumbnailUrl\":\"https:\\\/\\\/www.revistarambla.com\\\/wp-content\\\/uploads\\\/2021\\\/01\\\/Palau_de_Justicia.jpg\",\"datePublished\":\"2021-01-10T12:42:12+00:00\",\"dateModified\":\"2025-01-23T20:40:45+00:00\",\"breadcrumb\":{\"@id\":\"https:\\\/\\\/www.revistarambla.com\\\/llueve-sobre-mojado-en-cataluna-nueva-sentencia-del-tsc\\\/#breadcrumb\"},\"inLanguage\":\"en-GB\",\"potentialAction\":[{\"@type\":\"ReadAction\",\"target\":[\"https:\\\/\\\/www.revistarambla.com\\\/llueve-sobre-mojado-en-cataluna-nueva-sentencia-del-tsc\\\/\"]}]},{\"@type\":\"ImageObject\",\"inLanguage\":\"en-GB\",\"@id\":\"https:\\\/\\\/www.revistarambla.com\\\/llueve-sobre-mojado-en-cataluna-nueva-sentencia-del-tsc\\\/#primaryimage\",\"url\":\"https:\\\/\\\/www.revistarambla.com\\\/wp-content\\\/uploads\\\/2021\\\/01\\\/Palau_de_Justicia.jpg\",\"contentUrl\":\"https:\\\/\\\/www.revistarambla.com\\\/wp-content\\\/uploads\\\/2021\\\/01\\\/Palau_de_Justicia.jpg\",\"width\":1536,\"height\":1152},{\"@type\":\"BreadcrumbList\",\"@id\":\"https:\\\/\\\/www.revistarambla.com\\\/llueve-sobre-mojado-en-cataluna-nueva-sentencia-del-tsc\\\/#breadcrumb\",\"itemListElement\":[{\"@type\":\"ListItem\",\"position\":1,\"name\":\"Portada\",\"item\":\"https:\\\/\\\/www.revistarambla.com\\\/\"},{\"@type\":\"ListItem\",\"position\":2,\"name\":\"Llueve sobre mojado en Catalu\u00f1a: nueva sentencia del TSC\"}]},{\"@type\":\"WebSite\",\"@id\":\"https:\\\/\\\/www.revistarambla.com\\\/#website\",\"url\":\"https:\\\/\\\/www.revistarambla.com\\\/\",\"name\":\"Revista Rambla Barcelona\",\"description\":\"Periodismo independiente\",\"publisher\":{\"@id\":\"https:\\\/\\\/www.revistarambla.com\\\/#organization\"},\"potentialAction\":[{\"@type\":\"SearchAction\",\"target\":{\"@type\":\"EntryPoint\",\"urlTemplate\":\"https:\\\/\\\/www.revistarambla.com\\\/?s={search_term_string}\"},\"query-input\":{\"@type\":\"PropertyValueSpecification\",\"valueRequired\":true,\"valueName\":\"search_term_string\"}}],\"inLanguage\":\"en-GB\"},{\"@type\":\"Organization\",\"@id\":\"https:\\\/\\\/www.revistarambla.com\\\/#organization\",\"name\":\"Revista Rambla\",\"url\":\"https:\\\/\\\/www.revistarambla.com\\\/\",\"logo\":{\"@type\":\"ImageObject\",\"inLanguage\":\"en-GB\",\"@id\":\"https:\\\/\\\/www.revistarambla.com\\\/#\\\/schema\\\/logo\\\/image\\\/\",\"url\":\"https:\\\/\\\/www.revistarambla.com\\\/wp-content\\\/uploads\\\/2020\\\/09\\\/banner_rambla_1900x600_BB.png\",\"contentUrl\":\"https:\\\/\\\/www.revistarambla.com\\\/wp-content\\\/uploads\\\/2020\\\/09\\\/banner_rambla_1900x600_BB.png\",\"width\":1900,\"height\":600,\"caption\":\"Revista Rambla\"},\"image\":{\"@id\":\"https:\\\/\\\/www.revistarambla.com\\\/#\\\/schema\\\/logo\\\/image\\\/\"},\"sameAs\":[\"https:\\\/\\\/www.facebook.com\\\/revistarambla\\\/\",\"https:\\\/\\\/x.com\\\/revistarambla\",\"https:\\\/\\\/www.instagram.com\\\/revista_rambla\",\"https:\\\/\\\/es.linkedin.com\\\/company\\\/revista-rambla\"]},{\"@type\":\"Person\",\"@id\":\"https:\\\/\\\/www.revistarambla.com\\\/#\\\/schema\\\/person\\\/3d71c575842522757de7f4f9c9b40215\",\"name\":\"Manuel Ignacio Cabezas Gonz\u00e1lez\",\"description\":\"Doctor en Didactolog\u00eda de las Lenguas y de las Culturas. Profesor Titular de Ling\u00fc\u00edstica y de Ling\u00fc\u00edstica Aplicada. Departamento de Filolog\u00eda Francesa y Rom\u00e1nica (UAB).\",\"sameAs\":[\"http:\\\/\\\/honrad.blogspot.com\\\/\",\"https:\\\/\\\/www.facebook.com\\\/manuelignacio.cabezasgonzalez\",\"https:\\\/\\\/x.com\\\/ManuelICabezas\"]}]}<\/script>\n<!-- \/ Yoast SEO plugin. -->","yoast_head_json":{"title":"Llueve sobre mojado en Catalu\u00f1a: nueva sentencia del TSC - Revista Rambla","robots":{"index":"index","follow":"follow","max-snippet":"max-snippet:-1","max-image-preview":"max-image-preview:large","max-video-preview":"max-video-preview:-1"},"canonical":"https:\/\/www.revistarambla.com\/en\/llueve-sobre-mojado-en-cataluna-nueva-sentencia-del-tsc\/","og_locale":"en_GB","og_type":"article","og_title":"Llueve sobre mojado en Catalu\u00f1a: nueva sentencia del TSC - Revista Rambla","og_description":"Hasta ahora, los defensores de los derechos ling\u00fc\u00edsticos en Catalu\u00f1a se han puesto al nivel de la casta pol\u00edtica, utilizando la v\u00eda judicial y pol\u00edtica, que se ha revelado completamente improductiva, ineficaz y frustrante.","og_url":"https:\/\/www.revistarambla.com\/en\/llueve-sobre-mojado-en-cataluna-nueva-sentencia-del-tsc\/","og_site_name":"Revista Rambla","article_publisher":"https:\/\/www.facebook.com\/revistarambla\/","article_author":"https:\/\/www.facebook.com\/manuelignacio.cabezasgonzalez","article_published_time":"2021-01-10T12:42:12+00:00","article_modified_time":"2025-01-23T20:40:45+00:00","og_image":[{"width":1536,"height":1152,"url":"https:\/\/www.revistarambla.com\/wp-content\/uploads\/2021\/01\/Palau_de_Justicia.jpg","type":"image\/jpeg"}],"author":"Manuel Ignacio Cabezas Gonz\u00e1lez","twitter_card":"summary_large_image","twitter_creator":"@ManuelICabezas","twitter_site":"@revistarambla","twitter_misc":{"Written by":"Manuel Ignacio Cabezas Gonz\u00e1lez","Estimated reading time":"6 minutes"},"schema":{"@context":"https:\/\/schema.org","@graph":[{"@type":"Article","@id":"https:\/\/www.revistarambla.com\/llueve-sobre-mojado-en-cataluna-nueva-sentencia-del-tsc\/#article","isPartOf":{"@id":"https:\/\/www.revistarambla.com\/llueve-sobre-mojado-en-cataluna-nueva-sentencia-del-tsc\/"},"author":{"name":"Manuel Ignacio Cabezas Gonz\u00e1lez","@id":"https:\/\/www.revistarambla.com\/#\/schema\/person\/3d71c575842522757de7f4f9c9b40215"},"headline":"Llueve sobre mojado en Catalu\u00f1a: nueva sentencia del TSC","datePublished":"2021-01-10T12:42:12+00:00","dateModified":"2025-01-23T20:40:45+00:00","mainEntityOfPage":{"@id":"https:\/\/www.revistarambla.com\/llueve-sobre-mojado-en-cataluna-nueva-sentencia-del-tsc\/"},"wordCount":1409,"commentCount":0,"publisher":{"@id":"https:\/\/www.revistarambla.com\/#organization"},"image":{"@id":"https:\/\/www.revistarambla.com\/llueve-sobre-mojado-en-cataluna-nueva-sentencia-del-tsc\/#primaryimage"},"thumbnailUrl":"https:\/\/www.revistarambla.com\/wp-content\/uploads\/2021\/01\/Palau_de_Justicia.jpg","articleSection":["Cantando las verdades"],"inLanguage":"en-GB","potentialAction":[{"@type":"CommentAction","name":"Comment","target":["https:\/\/www.revistarambla.com\/llueve-sobre-mojado-en-cataluna-nueva-sentencia-del-tsc\/#respond"]}]},{"@type":"WebPage","@id":"https:\/\/www.revistarambla.com\/llueve-sobre-mojado-en-cataluna-nueva-sentencia-del-tsc\/","url":"https:\/\/www.revistarambla.com\/llueve-sobre-mojado-en-cataluna-nueva-sentencia-del-tsc\/","name":"Llueve sobre mojado en Catalu\u00f1a: nueva sentencia del TSC - Revista Rambla","isPartOf":{"@id":"https:\/\/www.revistarambla.com\/#website"},"primaryImageOfPage":{"@id":"https:\/\/www.revistarambla.com\/llueve-sobre-mojado-en-cataluna-nueva-sentencia-del-tsc\/#primaryimage"},"image":{"@id":"https:\/\/www.revistarambla.com\/llueve-sobre-mojado-en-cataluna-nueva-sentencia-del-tsc\/#primaryimage"},"thumbnailUrl":"https:\/\/www.revistarambla.com\/wp-content\/uploads\/2021\/01\/Palau_de_Justicia.jpg","datePublished":"2021-01-10T12:42:12+00:00","dateModified":"2025-01-23T20:40:45+00:00","breadcrumb":{"@id":"https:\/\/www.revistarambla.com\/llueve-sobre-mojado-en-cataluna-nueva-sentencia-del-tsc\/#breadcrumb"},"inLanguage":"en-GB","potentialAction":[{"@type":"ReadAction","target":["https:\/\/www.revistarambla.com\/llueve-sobre-mojado-en-cataluna-nueva-sentencia-del-tsc\/"]}]},{"@type":"ImageObject","inLanguage":"en-GB","@id":"https:\/\/www.revistarambla.com\/llueve-sobre-mojado-en-cataluna-nueva-sentencia-del-tsc\/#primaryimage","url":"https:\/\/www.revistarambla.com\/wp-content\/uploads\/2021\/01\/Palau_de_Justicia.jpg","contentUrl":"https:\/\/www.revistarambla.com\/wp-content\/uploads\/2021\/01\/Palau_de_Justicia.jpg","width":1536,"height":1152},{"@type":"BreadcrumbList","@id":"https:\/\/www.revistarambla.com\/llueve-sobre-mojado-en-cataluna-nueva-sentencia-del-tsc\/#breadcrumb","itemListElement":[{"@type":"ListItem","position":1,"name":"Portada","item":"https:\/\/www.revistarambla.com\/"},{"@type":"ListItem","position":2,"name":"Llueve sobre mojado en Catalu\u00f1a: nueva sentencia del TSC"}]},{"@type":"WebSite","@id":"https:\/\/www.revistarambla.com\/#website","url":"https:\/\/www.revistarambla.com\/","name":"Revista Rambla Barcelona","description":"Periodismo independiente","publisher":{"@id":"https:\/\/www.revistarambla.com\/#organization"},"potentialAction":[{"@type":"SearchAction","target":{"@type":"EntryPoint","urlTemplate":"https:\/\/www.revistarambla.com\/?s={search_term_string}"},"query-input":{"@type":"PropertyValueSpecification","valueRequired":true,"valueName":"search_term_string"}}],"inLanguage":"en-GB"},{"@type":"Organization","@id":"https:\/\/www.revistarambla.com\/#organization","name":"Revista Rambla","url":"https:\/\/www.revistarambla.com\/","logo":{"@type":"ImageObject","inLanguage":"en-GB","@id":"https:\/\/www.revistarambla.com\/#\/schema\/logo\/image\/","url":"https:\/\/www.revistarambla.com\/wp-content\/uploads\/2020\/09\/banner_rambla_1900x600_BB.png","contentUrl":"https:\/\/www.revistarambla.com\/wp-content\/uploads\/2020\/09\/banner_rambla_1900x600_BB.png","width":1900,"height":600,"caption":"Revista Rambla"},"image":{"@id":"https:\/\/www.revistarambla.com\/#\/schema\/logo\/image\/"},"sameAs":["https:\/\/www.facebook.com\/revistarambla\/","https:\/\/x.com\/revistarambla","https:\/\/www.instagram.com\/revista_rambla","https:\/\/es.linkedin.com\/company\/revista-rambla"]},{"@type":"Person","@id":"https:\/\/www.revistarambla.com\/#\/schema\/person\/3d71c575842522757de7f4f9c9b40215","name":"Manuel Ignacio Cabezas Gonz\u00e1lez","description":"Doctor en Didactolog\u00eda de las Lenguas y de las Culturas. Profesor Titular de Ling\u00fc\u00edstica y de Ling\u00fc\u00edstica Aplicada. Departamento de Filolog\u00eda Francesa y Rom\u00e1nica (UAB).","sameAs":["http:\/\/honrad.blogspot.com\/","https:\/\/www.facebook.com\/manuelignacio.cabezasgonzalez","https:\/\/x.com\/ManuelICabezas"]}]}},"_links":{"self":[{"href":"https:\/\/www.revistarambla.com\/en\/wp-json\/wp\/v2\/posts\/26438","targetHints":{"allow":["GET"]}}],"collection":[{"href":"https:\/\/www.revistarambla.com\/en\/wp-json\/wp\/v2\/posts"}],"about":[{"href":"https:\/\/www.revistarambla.com\/en\/wp-json\/wp\/v2\/types\/post"}],"author":[{"embeddable":true,"href":"https:\/\/www.revistarambla.com\/en\/wp-json\/wp\/v2\/users\/17"}],"replies":[{"embeddable":true,"href":"https:\/\/www.revistarambla.com\/en\/wp-json\/wp\/v2\/comments?post=26438"}],"version-history":[{"count":1,"href":"https:\/\/www.revistarambla.com\/en\/wp-json\/wp\/v2\/posts\/26438\/revisions"}],"predecessor-version":[{"id":64106,"href":"https:\/\/www.revistarambla.com\/en\/wp-json\/wp\/v2\/posts\/26438\/revisions\/64106"}],"wp:featuredmedia":[{"embeddable":true,"href":"https:\/\/www.revistarambla.com\/en\/wp-json\/wp\/v2\/media\/26439"}],"wp:attachment":[{"href":"https:\/\/www.revistarambla.com\/en\/wp-json\/wp\/v2\/media?parent=26438"}],"wp:term":[{"taxonomy":"category","embeddable":true,"href":"https:\/\/www.revistarambla.com\/en\/wp-json\/wp\/v2\/categories?post=26438"},{"taxonomy":"post_tag","embeddable":true,"href":"https:\/\/www.revistarambla.com\/en\/wp-json\/wp\/v2\/tags?post=26438"}],"curies":[{"name":"wp","href":"https:\/\/api.w.org\/{rel}","templated":true}]}}