{"id":26295,"date":"2021-01-04T19:07:57","date_gmt":"2021-01-04T18:07:57","guid":{"rendered":"https:\/\/www.revistarambla.com\/?p=26295"},"modified":"2022-09-13T19:08:13","modified_gmt":"2022-09-13T17:08:13","slug":"miguel-hernandez-camacho-la-transversalidad-como-mecanismo-para-el-exito","status":"publish","type":"post","link":"https:\/\/www.revistarambla.com\/en\/miguel-hernandez-camacho-la-transversalidad-como-mecanismo-para-el-exito\/","title":{"rendered":"Miguel Hern\u00e1ndez Camacho: la transversalidad como mecanismo para el \u00e9xito"},"content":{"rendered":"<figure id=\"attachment_26297\" aria-describedby=\"caption-attachment-26297\" style=\"width: 640px\" class=\"wp-caption aligncenter\"><img decoding=\"async\" class=\"wp-image-26297 size-large\" src=\"https:\/\/www.revistarambla.com\/wp-content\/uploads\/2021\/01\/Miguel-Herna\u0301ndez-durante-su-estancia-en-Barcelona-840x1024.jpg\" alt=\"\" width=\"640\" height=\"780\" srcset=\"https:\/\/www.revistarambla.com\/wp-content\/uploads\/2021\/01\/Miguel-Herna\u0301ndez-durante-su-estancia-en-Barcelona-840x1024.jpg 840w, https:\/\/www.revistarambla.com\/wp-content\/uploads\/2021\/01\/Miguel-Herna\u0301ndez-durante-su-estancia-en-Barcelona-246x300.jpg 246w, https:\/\/www.revistarambla.com\/wp-content\/uploads\/2021\/01\/Miguel-Herna\u0301ndez-durante-su-estancia-en-Barcelona-768x936.jpg 768w, https:\/\/www.revistarambla.com\/wp-content\/uploads\/2021\/01\/Miguel-Herna\u0301ndez-durante-su-estancia-en-Barcelona-1261x1536.jpg 1261w, https:\/\/www.revistarambla.com\/wp-content\/uploads\/2021\/01\/Miguel-Herna\u0301ndez-durante-su-estancia-en-Barcelona-scaled.jpg 1681w, https:\/\/www.revistarambla.com\/wp-content\/uploads\/2021\/01\/Miguel-Herna\u0301ndez-durante-su-estancia-en-Barcelona-1024x1248.jpg 1024w\" sizes=\"(max-width: 640px) 100vw, 640px\" \/><figcaption id=\"caption-attachment-26297\" class=\"wp-caption-text\">Miguel Herna\u0301ndez durante su estancia en Barcelona.<\/figcaption><\/figure>\n<p style=\"text-align: left;\" align=\"JUSTIFY\">La retah\u00edla de la ampulosa \u00abcolor a esperanza\u00bb trae consigo un respiro de ese anhelo metaf\u00edsico. Quiz\u00e1 lo m\u00e1s claro y lo m\u00e1s simple es lo que hace que no se espere el \u00aba ver\u00bb. Esa simplicidad de \u00ablas obras quedan, las gentes se van[&#8230;]la vida sigue igual\u00bb, es una manera de que la \u00abvarita de mimbre en la mano\u00bb sea la poci\u00f3n m\u00e1gica que d\u00e9 como resultado cualquier b\u00fasqueda que traiga consigo frutos (maduros o verdes). Y sea la fuerza que nace del impulso claro de lo que se es y se quiere, sin esperar m\u00e1s resultado que el producido por la transparencia individual. Y no siempre desde un sentimentalismo obrador y angustiante, sino a trav\u00e9s de lo estrictamente realista, racional y emocional; y no emotivo.<\/p>\n<p style=\"text-align: left;\" align=\"JUSTIFY\">Esa autoconciencia regeneradora de posibilidades culturales y sociales, puede traer consigo diversas interpretaciones sobre esa personalidad, unos dir\u00e1n que muy bien. Quiz\u00e1 lo ver\u00e1n como un estancamiento productivo y espiritual, si se me permite el t\u00e9rmino. Otros dir\u00e1n \u00abno s\u00e9 yo\u00bb, lo que conlleva a la anulaci\u00f3n de una actividad prevista a corto plazo.<\/p>\n<p style=\"text-align: left;\" align=\"JUSTIFY\">Este aparente juego, carente quiz\u00e1 de sustento, pero necesario para presentar a quien he tenido la fortuna de conocer, no existe en su preocupaci\u00f3n existencial. \u00c9l hace y deshace. Alberga dentro de s\u00ed un Amundsen, un Tempranillo, una Amelia Earhart o el perro Buck.<\/p>\n<p style=\"text-align: left;\" align=\"JUSTIFY\"><strong>Miguel Hern\u00e1ndez Camacho<\/strong> ha ido creciendo en su mundo concreto de avance y emprendimiento con la sensibilidad de la profesi\u00f3n art\u00edstica.<\/p>\n<figure id=\"attachment_26300\" aria-describedby=\"caption-attachment-26300\" style=\"width: 640px\" class=\"wp-caption aligncenter\"><a href=\"https:\/\/www.revistarambla.com\/wp-content\/uploads\/2021\/01\/HERNANDEZ-collage-3-scaled.jpg\"><img decoding=\"async\" class=\"wp-image-26300 size-large\" src=\"https:\/\/www.revistarambla.com\/wp-content\/uploads\/2021\/01\/HERNANDEZ-collage-3-1024x685.jpg\" alt=\"\" width=\"640\" height=\"428\" srcset=\"https:\/\/www.revistarambla.com\/wp-content\/uploads\/2021\/01\/HERNANDEZ-collage-3-1024x685.jpg 1024w, https:\/\/www.revistarambla.com\/wp-content\/uploads\/2021\/01\/HERNANDEZ-collage-3-300x201.jpg 300w, https:\/\/www.revistarambla.com\/wp-content\/uploads\/2021\/01\/HERNANDEZ-collage-3-768x514.jpg 768w, https:\/\/www.revistarambla.com\/wp-content\/uploads\/2021\/01\/HERNANDEZ-collage-3-1536x1028.jpg 1536w, https:\/\/www.revistarambla.com\/wp-content\/uploads\/2021\/01\/HERNANDEZ-collage-3-scaled.jpg 2048w\" sizes=\"(max-width: 640px) 100vw, 640px\" \/><\/a><figcaption id=\"caption-attachment-26300\" class=\"wp-caption-text\">Serie \u00abSombras\u00bb (2013).<\/figcaption><\/figure>\n<p style=\"text-align: left;\" align=\"JUSTIFY\">Manchego de pura cepa, ha recorrido distintas partes del mundo, a veces buscando nuevas ideas o intenciones pero otras veces simplemente estando; con esto, seg\u00fan \u00e9l, tambi\u00e9n surgen cosas nuevas. Actualmente pasa la mayor parte de su vida en Tenerife, donde reside y labora. Un clima m\u00e1s agradable para \u00e9l que no el de La Mancha por esta \u00e9poca del a\u00f1o, y donde est\u00e1 siempre en fiestas navide\u00f1as. Ayer mismo, mientras paseaba sobre la cuajada blanca que se hab\u00eda posado sobre la planicie de la sierra, mantuvimos la conversaci\u00f3n para preparar esto. En su chaquet\u00f3n ten\u00eda metido su m\u00f3vil, porque si lo sacaba, su mano y este, mantendr\u00edan una uni\u00f3n irrompible al menos hasta marzo. Con un clima u otro, siempre hemos hablado de lo de uno y de lo del otro, hemos bromeado sobre el g\u00e9lido tiempo del centro peninsular o compartido im\u00e1genes de gastronom\u00eda letona.<\/p>\n<p style=\"text-align: left;\" align=\"JUSTIFY\">Pero lo que importa de verdad es el proceso que ha hecho que llegue a donde est\u00e1. Para \u00e9l, el \u00e9xito es una consecuci\u00f3n de posibilidades probadas que llevan a vivir como se quiere y se puede en cada momento. Cual soldado en la <i>Historia del soldado<\/i>.<\/p>\n<p style=\"text-align: left;\" align=\"JUSTIFY\">Miguel empez\u00f3 su andadura con trece a\u00f1os, experimentando con una videoc\u00e1mara. Es entonces cuando nace la necesidad y pasi\u00f3n de expresarse con im\u00e1genes y videoarte.<\/p>\n<figure id=\"attachment_26301\" aria-describedby=\"caption-attachment-26301\" style=\"width: 300px\" class=\"wp-caption alignright\"><a href=\"https:\/\/www.revistarambla.com\/wp-content\/uploads\/2021\/01\/Herna\u0301ndez-con-parte-de-su-trabajo-de-fin-de-carrera-EL-CARrO-DEL-ARTE.-Con-esta-propuesta-pretendi\u0301a-llevar-a-cabo-una-galeri\u0301a-de-arte-ambulante-por-todo-el-mundo-sin-li\u0301mites..png\"><img decoding=\"async\" class=\"wp-image-26301\" src=\"https:\/\/www.revistarambla.com\/wp-content\/uploads\/2021\/01\/Herna\u0301ndez-con-parte-de-su-trabajo-de-fin-de-carrera-EL-CARrO-DEL-ARTE.-Con-esta-propuesta-pretendi\u0301a-llevar-a-cabo-una-galeri\u0301a-de-arte-ambulante-por-todo-el-mundo-sin-li\u0301mites.-212x300.png\" alt=\"\" width=\"300\" height=\"424\" srcset=\"https:\/\/www.revistarambla.com\/wp-content\/uploads\/2021\/01\/Herna\u0301ndez-con-parte-de-su-trabajo-de-fin-de-carrera-EL-CARrO-DEL-ARTE.-Con-esta-propuesta-pretendi\u0301a-llevar-a-cabo-una-galeri\u0301a-de-arte-ambulante-por-todo-el-mundo-sin-li\u0301mites.-212x300.png 212w, https:\/\/www.revistarambla.com\/wp-content\/uploads\/2021\/01\/Herna\u0301ndez-con-parte-de-su-trabajo-de-fin-de-carrera-EL-CARrO-DEL-ARTE.-Con-esta-propuesta-pretendi\u0301a-llevar-a-cabo-una-galeri\u0301a-de-arte-ambulante-por-todo-el-mundo-sin-li\u0301mites..png 639w\" sizes=\"(max-width: 300px) 100vw, 300px\" \/><\/a><figcaption id=\"caption-attachment-26301\" class=\"wp-caption-text\">Herna\u0301ndez con parte de su trabajo de fin de carrera, \u00abEL CARRO DEL ARTE\u00bb. Con esta propuesta pretendi\u0301a llevar a cabo una galeri\u0301a de arte ambulante por todo el mundo, sin li\u0301mites.<\/figcaption><\/figure>\n<p><strong>\u201cCuando termino el bachillerato de artes empiezo a estudiar Cine y Fotograf\u00eda en C\u00f3rdoba y durante esa etapa expongo F\u00e1bula, un proyecto art\u00edstico en el que interviene el fil\u00f3sofo Fernando Castro Fl\u00f3rez donde habla del potencial de mis im\u00e1genes realizadas a modelos y todas ellas producidas en la casa de mi abuela, una finca en el paso de Andaluc\u00eda a La Mancha\u201d.<\/strong><\/p>\n<p style=\"text-align: left;\" align=\"JUSTIFY\">Posteriormente, inicia la carrera de Bellas Artes en Barcelona. Fruto de la estancia, que siempre aprovecha, inaugura en su tierra una exposici\u00f3n de videoarte donde reabre el cine de verano de su bisabuelo, que llevaba m\u00e1s de cuarenta a\u00f1os cerrado.<\/p>\n<p style=\"text-align: left;\" align=\"JUSTIFY\">\u201c<b>La puesta en escena fue un \u00e9xito, m\u00e1s de cien personas se acercaron a ver como el cine de verano reviv\u00eda aunque solo fuera durante unas horas\u201d.<\/b><\/p>\n<p style=\"text-align: left;\" align=\"JUSTIFY\">La necesidad esencial de expresi\u00f3n pl\u00e1stica y audiovisual la ha unido en cada momento a su futuro profesional, siempre din\u00e1mico.<\/p>\n<p style=\"text-align: left;\" align=\"JUSTIFY\">\u201c<b>El \u00faltimo a\u00f1o de mi carrera sab\u00eda que quer\u00eda emprender pero los profesores s\u00f3lo me animaban a que siguiera estudiando y comenzar un M\u00e1ster en Cine. Aunque a m\u00ed, lo que me apetec\u00eda realmente era terminar Bellas Artes y emprender. Lo ten\u00eda clar\u00edsimo, tanto, que de hecho enfoqu\u00e9 mi proyecto final para que tuviera salida laboral. Al estudiar en Barcelona y tener muy cerca la facultad de Empresas, me permit\u00eda hablar con estos profesores, por lo que mi proyecto final fue una galer\u00eda de arte. Una fusi\u00f3n entre Arte y Empresa, que anticipaba ya de alguna manera mi futuro laboral\u201d.<\/b><\/p>\n<p style=\"text-align: left;\" align=\"JUSTIFY\">Hern\u00e1ndez cuenta que sus inquietudes han tenido siempre el apoyo de su familia. A veces, entre un mar de dudas, sus padres le comentaban si era el camino adecuado. El m\u00e1s seguro. En esas dudas siempre surg\u00eda el inconsolable consejo maternal de \u201cel camino del emprendedor es muy dif\u00edcil ya que est\u00e1 lleno de grandes interrogantes\u201d. Pero Miguel siempre lo ha tenido claro. \u201cYo siempre he confiado en que la constancia y la b\u00fasqueda de mi propio camino tendr\u00edan sus frutos antes o despu\u00e9s. As\u00ed, el verano que termin\u00e9 de estudiar ya ten\u00eda pactado con un hotel de Mallorca exponer mis obras all\u00ed\u201d.<\/p>\n<p style=\"text-align: left;\" align=\"JUSTIFY\"><a href=\"https:\/\/www.revistarambla.com\/wp-content\/uploads\/2021\/01\/foto5.jpg\"><img decoding=\"async\" class=\"alignleft wp-image-26302\" src=\"https:\/\/www.revistarambla.com\/wp-content\/uploads\/2021\/01\/foto5-191x300.jpg\" alt=\"\" width=\"300\" height=\"472\" srcset=\"https:\/\/www.revistarambla.com\/wp-content\/uploads\/2021\/01\/foto5-191x300.jpg 191w, https:\/\/www.revistarambla.com\/wp-content\/uploads\/2021\/01\/foto5.jpg 491w\" sizes=\"(max-width: 300px) 100vw, 300px\" \/><\/a>Su experiencia en Mallorca la explica de esta manera en su carta autobiogr\u00e1fica:<\/p>\n<p style=\"text-align: left;\" align=\"JUSTIFY\">\u201c<b>Todos mis cuadros de gran formato de 2 x 2 metros, realizados durante el \u00faltimo a\u00f1o de carrera, los tuve que desplazar de la facultad al puerto, para sorpresa de los que trabajaban all\u00ed, y al verme con seis cuadros tan grandes, no me dejaban embarcar. Por un momento me vi tirado en el puerto y ah\u00ed empez\u00f3 a despertar en m\u00ed el \u00abingenio\u00bb (nombre de mi actual empresa) y una carrera como emprendedor. Me di cuenta que los camiones estaban embarcando, entonces empec\u00e9 a pararlos a todos por si alguien me pod\u00eda subir la carga y una buena mujer camionera me ayud\u00f3. <\/b><\/p>\n<p style=\"text-align: left;\" align=\"JUSTIFY\"><b>Metimos entre los dos todos los cuadros en su cami\u00f3n, y me fui a Mallorca con un peto luminoso disfrazado de camionero y embarcando por la puerta grande. Al llegar y contarle la historia al director del hotel, se sorprendi\u00f3 tanto que me consigui\u00f3 una habitaci\u00f3n y decidi\u00f3 que me pod\u00eda alojar all\u00ed, en el Gran Hotel Iberostar Playa\u201d.<\/b><\/p>\n<p style=\"text-align: left;\" align=\"JUSTIFY\">En la isla balear estuvo dos meses exponiendo y vendiendo su obra. Despu\u00e9s, se desplaz\u00f3 a la plaza de toros de la ciudad para proponer un nuevo proyecto que consist\u00eda en dar cine en las plazas de toros, proyectando im\u00e1genes en el ruedo. La idea gust\u00f3 mucho.<\/p>\n<p style=\"text-align: left;\" align=\"JUSTIFY\">Cuando terminaron las exposiciones, se fue a Almad\u00e9n, un pueblo de Ciudad Real, a seguir con \u00abLa plaza del tiempo\u00bb, su proyecto cinematogr\u00e1fico. Y de all\u00ed, a Sanl\u00facar de Barrameda (C\u00e1diz), para seguir con su trabajo que fusion\u00f3 con flamenco en directo. Como an\u00e9cdota, cabe decir que dicha producci\u00f3n audiovisual fue presentada por el diestro Juan Jos\u00e9 Padilla.<\/p>\n<figure id=\"attachment_26299\" aria-describedby=\"caption-attachment-26299\" style=\"width: 640px\" class=\"wp-caption aligncenter\"><a href=\"https:\/\/www.revistarambla.com\/wp-content\/uploads\/2021\/01\/HERNANDEZ-collage-2-scaled.jpg\"><img decoding=\"async\" class=\"wp-image-26299 size-large\" src=\"https:\/\/www.revistarambla.com\/wp-content\/uploads\/2021\/01\/HERNANDEZ-collage-2-1024x471.jpg\" alt=\"\" width=\"640\" height=\"294\" srcset=\"https:\/\/www.revistarambla.com\/wp-content\/uploads\/2021\/01\/HERNANDEZ-collage-2-1024x471.jpg 1024w, https:\/\/www.revistarambla.com\/wp-content\/uploads\/2021\/01\/HERNANDEZ-collage-2-300x138.jpg 300w, https:\/\/www.revistarambla.com\/wp-content\/uploads\/2021\/01\/HERNANDEZ-collage-2-768x353.jpg 768w, https:\/\/www.revistarambla.com\/wp-content\/uploads\/2021\/01\/HERNANDEZ-collage-2-1536x706.jpg 1536w, https:\/\/www.revistarambla.com\/wp-content\/uploads\/2021\/01\/HERNANDEZ-collage-2-scaled.jpg 2048w\" sizes=\"(max-width: 640px) 100vw, 640px\" \/><\/a><figcaption id=\"caption-attachment-26299\" class=\"wp-caption-text\">Realizando carteles para empresas y murales para negocios.<\/figcaption><\/figure>\n<p style=\"text-align: left;\" align=\"JUSTIFY\">\u201c<b>Despu\u00e9s le propuse al maestro hacerle sus camisetas de despedida y ese verano las vend\u00ed por todas las plazas de Espa\u00f1a a las que \u00e9l iba y es ah\u00ed cuando entonces, estando en Ciudad Real y pensando como continuar mi carrera, conoc\u00ed \u00abMentor Day\u00bb. Una aceleradora que impulsa proyectos novedosos. Y en diciembre de 2018, me seleccionaron para impulsar mi proyecto en Tenerife: una semana de aceleraci\u00f3n de proyectos en fase de desarrollo y fue entonces cuando me cambi\u00f3 la vida a nivel personal y profesional\u201d.<\/b><\/p>\n<p style=\"text-align: left;\" align=\"JUSTIFY\">Esa transformaci\u00f3n personal y profesional fue a ra\u00edz de una propuesta de uno de los profesores de \u00abMentor Day\u00bb. Hern\u00e1ndez propuso conocer toda la isla y en la playa de Las Gaviotas, fue donde conoci\u00f3 a su actual pareja.<\/p>\n<p style=\"text-align: left;\" align=\"JUSTIFY\">\u201c<b>Ese mismo d\u00eda decid\u00ed perder el billete de vuelta a la pen\u00ednsula para seguir conoci\u00e9ndola. Adem\u00e1s, el lugar era como si me hubiera elegido a m\u00ed. Me encanta la isla y sus gentes. A partir de ah\u00ed empec\u00e9 a descubrir Tenerife.<\/b><\/p>\n<p style=\"text-align: left;\" align=\"JUSTIFY\"><b>Y es en esta etapa, inspirado por el amor y la novedad del entorno, cuando se me empiezan a ocurrir ideas y las comienzo a registrar todas, ayudado por mi amigo y socio abogado. Sombrillas con formas de corazones, sombrillas con forma y estructura de cruz para la Cruz Roja, aplicaciones de tel\u00e9fono, etc.<\/b><\/p>\n<p style=\"text-align: left;\" align=\"JUSTIFY\"><b>Y con todo este nuevo trabajo cargado de buenas ideas, es cuando empieza a nacer \u00abHingenio\u00bb\u201d.<\/b><\/p>\n<figure id=\"attachment_26298\" aria-describedby=\"caption-attachment-26298\" style=\"width: 640px\" class=\"wp-caption aligncenter\"><a href=\"https:\/\/www.revistarambla.com\/wp-content\/uploads\/2021\/01\/HERNANDEZ-collage-1-scaled.jpg\"><img decoding=\"async\" class=\"wp-image-26298 size-large\" src=\"https:\/\/www.revistarambla.com\/wp-content\/uploads\/2021\/01\/HERNANDEZ-collage-1-1024x471.jpg\" alt=\"\" width=\"640\" height=\"294\" srcset=\"https:\/\/www.revistarambla.com\/wp-content\/uploads\/2021\/01\/HERNANDEZ-collage-1-1024x471.jpg 1024w, https:\/\/www.revistarambla.com\/wp-content\/uploads\/2021\/01\/HERNANDEZ-collage-1-300x138.jpg 300w, https:\/\/www.revistarambla.com\/wp-content\/uploads\/2021\/01\/HERNANDEZ-collage-1-768x353.jpg 768w, https:\/\/www.revistarambla.com\/wp-content\/uploads\/2021\/01\/HERNANDEZ-collage-1-1536x706.jpg 1536w, https:\/\/www.revistarambla.com\/wp-content\/uploads\/2021\/01\/HERNANDEZ-collage-1-scaled.jpg 2048w\" sizes=\"(max-width: 640px) 100vw, 640px\" \/><\/a><figcaption id=\"caption-attachment-26298\" class=\"wp-caption-text\">Herna\u0301ndez dirigiendo la implantacio\u0301n de las ideas de \u00abHingenio\u00bb en un establecimiento de arti\u0301culos na\u0301uticos.<\/figcaption><\/figure>\n<p style=\"text-align: left;\" align=\"JUSTIFY\">En el naciente crecimiento de su empresa de ideas, decide presentarse al programa \u00abErasmus J\u00f3venes Emprendedores\u00bb, en el que es seleccionado para desarrollar su empresa en Ruman\u00eda. Pero esto no le convenci\u00f3. \u201cAl tercer d\u00eda de estar all\u00ed, me di cuenta que mi sitio y lugar est\u00e1 en Tenerife. Y a la vuelta estaba todav\u00eda m\u00e1s decidido a instalarme definitivamente. Ahora estoy llevando una inmobiliaria unida a la empresa de ideas y con vistas a empezar a contratar personal\u201d.<\/p>\n<p align=\"JUSTIFY\"><strong>P\u00e1gina web de \u00abHingenio\u00bb: <a href=\"http:\/\/www.hingenio.com\/\">http:\/\/www.hingenio.com\/<\/a><\/strong><\/p>\n","protected":false},"excerpt":{"rendered":"<p>El videoartista y emprendedor manchego ha fusionado siempre imagen y empresa para dar despegue a su futuro profesional. Asegura que el apoyo de sus padres ha sido fundamental para el desarrollo de su carrera<\/p>","protected":false},"author":317,"featured_media":26297,"comment_status":"open","ping_status":"open","sticky":false,"template":"","format":"standard","meta":{"footnotes":""},"categories":[64],"tags":[],"class_list":["post-26295","post","type-post","status-publish","format-standard","has-post-thumbnail","hentry","category-arte"],"yoast_head":"<!-- This site is optimized with the Yoast SEO plugin v27.5 - https:\/\/yoast.com\/product\/yoast-seo-wordpress\/ -->\n<title>Miguel Hern\u00e1ndez Camacho: la transversalidad como mecanismo para el \u00e9xito - Revista Rambla<\/title>\n<meta name=\"robots\" content=\"index, follow, max-snippet:-1, max-image-preview:large, max-video-preview:-1\" \/>\n<link rel=\"canonical\" href=\"https:\/\/www.revistarambla.com\/en\/miguel-hernandez-camacho-la-transversalidad-como-mecanismo-para-el-exito\/\" \/>\n<meta property=\"og:locale\" content=\"en_GB\" \/>\n<meta property=\"og:type\" content=\"article\" \/>\n<meta property=\"og:title\" content=\"Miguel Hern\u00e1ndez Camacho: la transversalidad como mecanismo para el \u00e9xito - Revista Rambla\" \/>\n<meta property=\"og:description\" content=\"El videoartista y emprendedor manchego ha fusionado siempre imagen y empresa para dar despegue a su futuro profesional. Asegura que el apoyo de sus padres ha sido fundamental para el desarrollo de su carrera\" \/>\n<meta property=\"og:url\" content=\"https:\/\/www.revistarambla.com\/en\/miguel-hernandez-camacho-la-transversalidad-como-mecanismo-para-el-exito\/\" \/>\n<meta property=\"og:site_name\" content=\"Revista Rambla\" \/>\n<meta property=\"article:publisher\" content=\"https:\/\/www.facebook.com\/revistarambla\/\" \/>\n<meta property=\"article:published_time\" content=\"2021-01-04T18:07:57+00:00\" \/>\n<meta property=\"article:modified_time\" content=\"2022-09-13T17:08:13+00:00\" \/>\n<meta property=\"og:image\" content=\"https:\/\/www.revistarambla.com\/wp-content\/uploads\/2021\/01\/Miguel-Herna\u0301ndez-durante-su-estancia-en-Barcelona-scaled.jpg\" \/>\n\t<meta property=\"og:image:width\" content=\"1681\" \/>\n\t<meta property=\"og:image:height\" content=\"2048\" \/>\n\t<meta property=\"og:image:type\" content=\"image\/jpeg\" \/>\n<meta name=\"author\" content=\"Jos\u00e9 Antonio Lara Cort\u00e9s\" \/>\n<meta name=\"twitter:card\" content=\"summary_large_image\" \/>\n<meta name=\"twitter:creator\" content=\"@revistarambla\" \/>\n<meta name=\"twitter:site\" content=\"@revistarambla\" \/>\n<meta name=\"twitter:label1\" content=\"Written by\" \/>\n\t<meta name=\"twitter:data1\" content=\"Jos\u00e9 Antonio Lara Cort\u00e9s\" \/>\n\t<meta name=\"twitter:label2\" content=\"Estimated reading time\" \/>\n\t<meta name=\"twitter:data2\" content=\"8 minutes\" \/>\n<script type=\"application\/ld+json\" class=\"yoast-schema-graph\">{\"@context\":\"https:\\\/\\\/schema.org\",\"@graph\":[{\"@type\":\"Article\",\"@id\":\"https:\\\/\\\/www.revistarambla.com\\\/miguel-hernandez-camacho-la-transversalidad-como-mecanismo-para-el-exito\\\/#article\",\"isPartOf\":{\"@id\":\"https:\\\/\\\/www.revistarambla.com\\\/miguel-hernandez-camacho-la-transversalidad-como-mecanismo-para-el-exito\\\/\"},\"author\":{\"name\":\"Jos\u00e9 Antonio Lara Cort\u00e9s\",\"@id\":\"https:\\\/\\\/www.revistarambla.com\\\/#\\\/schema\\\/person\\\/aa289c4fc24aad1822af91781b1e8535\"},\"headline\":\"Miguel Hern\u00e1ndez Camacho: la transversalidad como mecanismo para el \u00e9xito\",\"datePublished\":\"2021-01-04T18:07:57+00:00\",\"dateModified\":\"2022-09-13T17:08:13+00:00\",\"mainEntityOfPage\":{\"@id\":\"https:\\\/\\\/www.revistarambla.com\\\/miguel-hernandez-camacho-la-transversalidad-como-mecanismo-para-el-exito\\\/\"},\"wordCount\":1642,\"commentCount\":0,\"publisher\":{\"@id\":\"https:\\\/\\\/www.revistarambla.com\\\/#organization\"},\"image\":{\"@id\":\"https:\\\/\\\/www.revistarambla.com\\\/miguel-hernandez-camacho-la-transversalidad-como-mecanismo-para-el-exito\\\/#primaryimage\"},\"thumbnailUrl\":\"https:\\\/\\\/www.revistarambla.com\\\/wp-content\\\/uploads\\\/2021\\\/01\\\/Miguel-Herna\u0301ndez-durante-su-estancia-en-Barcelona-scaled.jpg\",\"articleSection\":[\"Arte\"],\"inLanguage\":\"en-GB\",\"potentialAction\":[{\"@type\":\"CommentAction\",\"name\":\"Comment\",\"target\":[\"https:\\\/\\\/www.revistarambla.com\\\/miguel-hernandez-camacho-la-transversalidad-como-mecanismo-para-el-exito\\\/#respond\"]}]},{\"@type\":\"WebPage\",\"@id\":\"https:\\\/\\\/www.revistarambla.com\\\/miguel-hernandez-camacho-la-transversalidad-como-mecanismo-para-el-exito\\\/\",\"url\":\"https:\\\/\\\/www.revistarambla.com\\\/miguel-hernandez-camacho-la-transversalidad-como-mecanismo-para-el-exito\\\/\",\"name\":\"Miguel Hern\u00e1ndez Camacho: la transversalidad como mecanismo para el \u00e9xito - Revista Rambla\",\"isPartOf\":{\"@id\":\"https:\\\/\\\/www.revistarambla.com\\\/#website\"},\"primaryImageOfPage\":{\"@id\":\"https:\\\/\\\/www.revistarambla.com\\\/miguel-hernandez-camacho-la-transversalidad-como-mecanismo-para-el-exito\\\/#primaryimage\"},\"image\":{\"@id\":\"https:\\\/\\\/www.revistarambla.com\\\/miguel-hernandez-camacho-la-transversalidad-como-mecanismo-para-el-exito\\\/#primaryimage\"},\"thumbnailUrl\":\"https:\\\/\\\/www.revistarambla.com\\\/wp-content\\\/uploads\\\/2021\\\/01\\\/Miguel-Herna\u0301ndez-durante-su-estancia-en-Barcelona-scaled.jpg\",\"datePublished\":\"2021-01-04T18:07:57+00:00\",\"dateModified\":\"2022-09-13T17:08:13+00:00\",\"breadcrumb\":{\"@id\":\"https:\\\/\\\/www.revistarambla.com\\\/miguel-hernandez-camacho-la-transversalidad-como-mecanismo-para-el-exito\\\/#breadcrumb\"},\"inLanguage\":\"en-GB\",\"potentialAction\":[{\"@type\":\"ReadAction\",\"target\":[\"https:\\\/\\\/www.revistarambla.com\\\/miguel-hernandez-camacho-la-transversalidad-como-mecanismo-para-el-exito\\\/\"]}]},{\"@type\":\"ImageObject\",\"inLanguage\":\"en-GB\",\"@id\":\"https:\\\/\\\/www.revistarambla.com\\\/miguel-hernandez-camacho-la-transversalidad-como-mecanismo-para-el-exito\\\/#primaryimage\",\"url\":\"https:\\\/\\\/www.revistarambla.com\\\/wp-content\\\/uploads\\\/2021\\\/01\\\/Miguel-Herna\u0301ndez-durante-su-estancia-en-Barcelona-scaled.jpg\",\"contentUrl\":\"https:\\\/\\\/www.revistarambla.com\\\/wp-content\\\/uploads\\\/2021\\\/01\\\/Miguel-Herna\u0301ndez-durante-su-estancia-en-Barcelona-scaled.jpg\",\"width\":1681,\"height\":2048},{\"@type\":\"BreadcrumbList\",\"@id\":\"https:\\\/\\\/www.revistarambla.com\\\/miguel-hernandez-camacho-la-transversalidad-como-mecanismo-para-el-exito\\\/#breadcrumb\",\"itemListElement\":[{\"@type\":\"ListItem\",\"position\":1,\"name\":\"Portada\",\"item\":\"https:\\\/\\\/www.revistarambla.com\\\/\"},{\"@type\":\"ListItem\",\"position\":2,\"name\":\"Miguel Hern\u00e1ndez Camacho: la transversalidad como mecanismo para el \u00e9xito\"}]},{\"@type\":\"WebSite\",\"@id\":\"https:\\\/\\\/www.revistarambla.com\\\/#website\",\"url\":\"https:\\\/\\\/www.revistarambla.com\\\/\",\"name\":\"Revista Rambla Barcelona\",\"description\":\"Periodismo independiente\",\"publisher\":{\"@id\":\"https:\\\/\\\/www.revistarambla.com\\\/#organization\"},\"potentialAction\":[{\"@type\":\"SearchAction\",\"target\":{\"@type\":\"EntryPoint\",\"urlTemplate\":\"https:\\\/\\\/www.revistarambla.com\\\/?s={search_term_string}\"},\"query-input\":{\"@type\":\"PropertyValueSpecification\",\"valueRequired\":true,\"valueName\":\"search_term_string\"}}],\"inLanguage\":\"en-GB\"},{\"@type\":\"Organization\",\"@id\":\"https:\\\/\\\/www.revistarambla.com\\\/#organization\",\"name\":\"Revista Rambla\",\"url\":\"https:\\\/\\\/www.revistarambla.com\\\/\",\"logo\":{\"@type\":\"ImageObject\",\"inLanguage\":\"en-GB\",\"@id\":\"https:\\\/\\\/www.revistarambla.com\\\/#\\\/schema\\\/logo\\\/image\\\/\",\"url\":\"https:\\\/\\\/www.revistarambla.com\\\/wp-content\\\/uploads\\\/2020\\\/09\\\/banner_rambla_1900x600_BB.png\",\"contentUrl\":\"https:\\\/\\\/www.revistarambla.com\\\/wp-content\\\/uploads\\\/2020\\\/09\\\/banner_rambla_1900x600_BB.png\",\"width\":1900,\"height\":600,\"caption\":\"Revista Rambla\"},\"image\":{\"@id\":\"https:\\\/\\\/www.revistarambla.com\\\/#\\\/schema\\\/logo\\\/image\\\/\"},\"sameAs\":[\"https:\\\/\\\/www.facebook.com\\\/revistarambla\\\/\",\"https:\\\/\\\/x.com\\\/revistarambla\",\"https:\\\/\\\/www.instagram.com\\\/revista_rambla\",\"https:\\\/\\\/es.linkedin.com\\\/company\\\/revista-rambla\"]},{\"@type\":\"Person\",\"@id\":\"https:\\\/\\\/www.revistarambla.com\\\/#\\\/schema\\\/person\\\/aa289c4fc24aad1822af91781b1e8535\",\"name\":\"Jos\u00e9 Antonio Lara Cort\u00e9s\",\"description\":\"Nac\u00ed en Barcelona el 9 de abril de 1995. Tengo formaci\u00f3n art\u00edstica y pedag\u00f3gica. Desde peque\u00f1o me ha interesado conocer y tratar las cosas desde un prisma muy personal. Quiz\u00e1 por mi formaci\u00f3n, la mayor\u00eda de lo que he aportado, siempre ha sido analizado y mostrado no antes, sin pasar por los filtros de unos valores que siempre han ido cambiando, pero que guardan una relaci\u00f3n com\u00fan: la de hacer una funci\u00f3n benefactora y justa.\",\"sameAs\":[\"https:\\\/\\\/www.linkedin.com\\\/in\\\/jos%C3%A9-antonio-lara-cort%C3%A9s-574b081b9\\\/\"]}]}<\/script>\n<!-- \/ Yoast SEO plugin. -->","yoast_head_json":{"title":"Miguel Hern\u00e1ndez Camacho: la transversalidad como mecanismo para el \u00e9xito - Revista Rambla","robots":{"index":"index","follow":"follow","max-snippet":"max-snippet:-1","max-image-preview":"max-image-preview:large","max-video-preview":"max-video-preview:-1"},"canonical":"https:\/\/www.revistarambla.com\/en\/miguel-hernandez-camacho-la-transversalidad-como-mecanismo-para-el-exito\/","og_locale":"en_GB","og_type":"article","og_title":"Miguel Hern\u00e1ndez Camacho: la transversalidad como mecanismo para el \u00e9xito - Revista Rambla","og_description":"El videoartista y emprendedor manchego ha fusionado siempre imagen y empresa para dar despegue a su futuro profesional. Asegura que el apoyo de sus padres ha sido fundamental para el desarrollo de su carrera","og_url":"https:\/\/www.revistarambla.com\/en\/miguel-hernandez-camacho-la-transversalidad-como-mecanismo-para-el-exito\/","og_site_name":"Revista Rambla","article_publisher":"https:\/\/www.facebook.com\/revistarambla\/","article_published_time":"2021-01-04T18:07:57+00:00","article_modified_time":"2022-09-13T17:08:13+00:00","og_image":[{"width":1681,"height":2048,"url":"https:\/\/www.revistarambla.com\/wp-content\/uploads\/2021\/01\/Miguel-Herna\u0301ndez-durante-su-estancia-en-Barcelona-scaled.jpg","type":"image\/jpeg"}],"author":"Jos\u00e9 Antonio Lara Cort\u00e9s","twitter_card":"summary_large_image","twitter_creator":"@revistarambla","twitter_site":"@revistarambla","twitter_misc":{"Written by":"Jos\u00e9 Antonio Lara Cort\u00e9s","Estimated reading time":"8 minutes"},"schema":{"@context":"https:\/\/schema.org","@graph":[{"@type":"Article","@id":"https:\/\/www.revistarambla.com\/miguel-hernandez-camacho-la-transversalidad-como-mecanismo-para-el-exito\/#article","isPartOf":{"@id":"https:\/\/www.revistarambla.com\/miguel-hernandez-camacho-la-transversalidad-como-mecanismo-para-el-exito\/"},"author":{"name":"Jos\u00e9 Antonio Lara Cort\u00e9s","@id":"https:\/\/www.revistarambla.com\/#\/schema\/person\/aa289c4fc24aad1822af91781b1e8535"},"headline":"Miguel Hern\u00e1ndez Camacho: la transversalidad como mecanismo para el \u00e9xito","datePublished":"2021-01-04T18:07:57+00:00","dateModified":"2022-09-13T17:08:13+00:00","mainEntityOfPage":{"@id":"https:\/\/www.revistarambla.com\/miguel-hernandez-camacho-la-transversalidad-como-mecanismo-para-el-exito\/"},"wordCount":1642,"commentCount":0,"publisher":{"@id":"https:\/\/www.revistarambla.com\/#organization"},"image":{"@id":"https:\/\/www.revistarambla.com\/miguel-hernandez-camacho-la-transversalidad-como-mecanismo-para-el-exito\/#primaryimage"},"thumbnailUrl":"https:\/\/www.revistarambla.com\/wp-content\/uploads\/2021\/01\/Miguel-Herna\u0301ndez-durante-su-estancia-en-Barcelona-scaled.jpg","articleSection":["Arte"],"inLanguage":"en-GB","potentialAction":[{"@type":"CommentAction","name":"Comment","target":["https:\/\/www.revistarambla.com\/miguel-hernandez-camacho-la-transversalidad-como-mecanismo-para-el-exito\/#respond"]}]},{"@type":"WebPage","@id":"https:\/\/www.revistarambla.com\/miguel-hernandez-camacho-la-transversalidad-como-mecanismo-para-el-exito\/","url":"https:\/\/www.revistarambla.com\/miguel-hernandez-camacho-la-transversalidad-como-mecanismo-para-el-exito\/","name":"Miguel Hern\u00e1ndez Camacho: la transversalidad como mecanismo para el \u00e9xito - Revista Rambla","isPartOf":{"@id":"https:\/\/www.revistarambla.com\/#website"},"primaryImageOfPage":{"@id":"https:\/\/www.revistarambla.com\/miguel-hernandez-camacho-la-transversalidad-como-mecanismo-para-el-exito\/#primaryimage"},"image":{"@id":"https:\/\/www.revistarambla.com\/miguel-hernandez-camacho-la-transversalidad-como-mecanismo-para-el-exito\/#primaryimage"},"thumbnailUrl":"https:\/\/www.revistarambla.com\/wp-content\/uploads\/2021\/01\/Miguel-Herna\u0301ndez-durante-su-estancia-en-Barcelona-scaled.jpg","datePublished":"2021-01-04T18:07:57+00:00","dateModified":"2022-09-13T17:08:13+00:00","breadcrumb":{"@id":"https:\/\/www.revistarambla.com\/miguel-hernandez-camacho-la-transversalidad-como-mecanismo-para-el-exito\/#breadcrumb"},"inLanguage":"en-GB","potentialAction":[{"@type":"ReadAction","target":["https:\/\/www.revistarambla.com\/miguel-hernandez-camacho-la-transversalidad-como-mecanismo-para-el-exito\/"]}]},{"@type":"ImageObject","inLanguage":"en-GB","@id":"https:\/\/www.revistarambla.com\/miguel-hernandez-camacho-la-transversalidad-como-mecanismo-para-el-exito\/#primaryimage","url":"https:\/\/www.revistarambla.com\/wp-content\/uploads\/2021\/01\/Miguel-Herna\u0301ndez-durante-su-estancia-en-Barcelona-scaled.jpg","contentUrl":"https:\/\/www.revistarambla.com\/wp-content\/uploads\/2021\/01\/Miguel-Herna\u0301ndez-durante-su-estancia-en-Barcelona-scaled.jpg","width":1681,"height":2048},{"@type":"BreadcrumbList","@id":"https:\/\/www.revistarambla.com\/miguel-hernandez-camacho-la-transversalidad-como-mecanismo-para-el-exito\/#breadcrumb","itemListElement":[{"@type":"ListItem","position":1,"name":"Portada","item":"https:\/\/www.revistarambla.com\/"},{"@type":"ListItem","position":2,"name":"Miguel Hern\u00e1ndez Camacho: la transversalidad como mecanismo para el \u00e9xito"}]},{"@type":"WebSite","@id":"https:\/\/www.revistarambla.com\/#website","url":"https:\/\/www.revistarambla.com\/","name":"Revista Rambla Barcelona","description":"Periodismo independiente","publisher":{"@id":"https:\/\/www.revistarambla.com\/#organization"},"potentialAction":[{"@type":"SearchAction","target":{"@type":"EntryPoint","urlTemplate":"https:\/\/www.revistarambla.com\/?s={search_term_string}"},"query-input":{"@type":"PropertyValueSpecification","valueRequired":true,"valueName":"search_term_string"}}],"inLanguage":"en-GB"},{"@type":"Organization","@id":"https:\/\/www.revistarambla.com\/#organization","name":"Revista Rambla","url":"https:\/\/www.revistarambla.com\/","logo":{"@type":"ImageObject","inLanguage":"en-GB","@id":"https:\/\/www.revistarambla.com\/#\/schema\/logo\/image\/","url":"https:\/\/www.revistarambla.com\/wp-content\/uploads\/2020\/09\/banner_rambla_1900x600_BB.png","contentUrl":"https:\/\/www.revistarambla.com\/wp-content\/uploads\/2020\/09\/banner_rambla_1900x600_BB.png","width":1900,"height":600,"caption":"Revista Rambla"},"image":{"@id":"https:\/\/www.revistarambla.com\/#\/schema\/logo\/image\/"},"sameAs":["https:\/\/www.facebook.com\/revistarambla\/","https:\/\/x.com\/revistarambla","https:\/\/www.instagram.com\/revista_rambla","https:\/\/es.linkedin.com\/company\/revista-rambla"]},{"@type":"Person","@id":"https:\/\/www.revistarambla.com\/#\/schema\/person\/aa289c4fc24aad1822af91781b1e8535","name":"Jos\u00e9 Antonio Lara Cort\u00e9s","description":"Nac\u00ed en Barcelona el 9 de abril de 1995. Tengo formaci\u00f3n art\u00edstica y pedag\u00f3gica. Desde peque\u00f1o me ha interesado conocer y tratar las cosas desde un prisma muy personal. Quiz\u00e1 por mi formaci\u00f3n, la mayor\u00eda de lo que he aportado, siempre ha sido analizado y mostrado no antes, sin pasar por los filtros de unos valores que siempre han ido cambiando, pero que guardan una relaci\u00f3n com\u00fan: la de hacer una funci\u00f3n benefactora y justa.","sameAs":["https:\/\/www.linkedin.com\/in\/jos%C3%A9-antonio-lara-cort%C3%A9s-574b081b9\/"]}]}},"_links":{"self":[{"href":"https:\/\/www.revistarambla.com\/en\/wp-json\/wp\/v2\/posts\/26295","targetHints":{"allow":["GET"]}}],"collection":[{"href":"https:\/\/www.revistarambla.com\/en\/wp-json\/wp\/v2\/posts"}],"about":[{"href":"https:\/\/www.revistarambla.com\/en\/wp-json\/wp\/v2\/types\/post"}],"author":[{"embeddable":true,"href":"https:\/\/www.revistarambla.com\/en\/wp-json\/wp\/v2\/users\/317"}],"replies":[{"embeddable":true,"href":"https:\/\/www.revistarambla.com\/en\/wp-json\/wp\/v2\/comments?post=26295"}],"version-history":[{"count":1,"href":"https:\/\/www.revistarambla.com\/en\/wp-json\/wp\/v2\/posts\/26295\/revisions"}],"predecessor-version":[{"id":46567,"href":"https:\/\/www.revistarambla.com\/en\/wp-json\/wp\/v2\/posts\/26295\/revisions\/46567"}],"wp:featuredmedia":[{"embeddable":true,"href":"https:\/\/www.revistarambla.com\/en\/wp-json\/wp\/v2\/media\/26297"}],"wp:attachment":[{"href":"https:\/\/www.revistarambla.com\/en\/wp-json\/wp\/v2\/media?parent=26295"}],"wp:term":[{"taxonomy":"category","embeddable":true,"href":"https:\/\/www.revistarambla.com\/en\/wp-json\/wp\/v2\/categories?post=26295"},{"taxonomy":"post_tag","embeddable":true,"href":"https:\/\/www.revistarambla.com\/en\/wp-json\/wp\/v2\/tags?post=26295"}],"curies":[{"name":"wp","href":"https:\/\/api.w.org\/{rel}","templated":true}]}}