{"id":26149,"date":"2020-12-26T13:54:14","date_gmt":"2020-12-26T12:54:14","guid":{"rendered":"https:\/\/www.revistarambla.com\/?p=26149"},"modified":"2022-09-13T19:09:05","modified_gmt":"2022-09-13T17:09:05","slug":"tarlatana-17-el-gravat-veus-i-mirades","status":"publish","type":"post","link":"https:\/\/www.revistarambla.com\/en\/tarlatana-17-el-gravat-veus-i-mirades\/","title":{"rendered":"&#8216;TARLATANA 17: El gravat, veus i mirades&#8217;"},"content":{"rendered":"<div class=\"wpos-copy-clipboard wp-igsp-shortcode-preview\" style=\"text-align: center;\">\n<figure id=\"attachment_26157\" aria-describedby=\"caption-attachment-26157\" style=\"width: 640px\" class=\"wp-caption aligncenter\"><img decoding=\"async\" class=\"wp-image-26157 size-large\" src=\"https:\/\/www.revistarambla.com\/wp-content\/uploads\/2020\/12\/IMG_20201222_174453-1024x700.jpg\" alt=\"\" width=\"640\" height=\"438\" srcset=\"https:\/\/www.revistarambla.com\/wp-content\/uploads\/2020\/12\/IMG_20201222_174453-1024x700.jpg 1024w, https:\/\/www.revistarambla.com\/wp-content\/uploads\/2020\/12\/IMG_20201222_174453-300x205.jpg 300w, https:\/\/www.revistarambla.com\/wp-content\/uploads\/2020\/12\/IMG_20201222_174453-768x525.jpg 768w, https:\/\/www.revistarambla.com\/wp-content\/uploads\/2020\/12\/IMG_20201222_174453-1536x1050.jpg 1536w, https:\/\/www.revistarambla.com\/wp-content\/uploads\/2020\/12\/IMG_20201222_174453-scaled.jpg 2048w\" sizes=\"(max-width: 640px) 100vw, 640px\" \/><figcaption id=\"caption-attachment-26157\" class=\"wp-caption-text\">La muestra se puede visitar hasta el pr\u00f3ximo 17 de enero en la Fundaci\u00f3 Iluro de Matar\u00f3.<\/figcaption><\/figure>\n<\/div>\n<p style=\"text-align: left;\" align=\"JUSTIFY\">Po\u00e9tica, t\u00e9cnica, proceso y juego de similitudes son los cuatro elementos principales que podemos vislumbrar en la b\u00fasqueda de los m\u00faltiples lenguajes art\u00edsticos que enriquecen esta nueva exposici\u00f3n sobre la t\u00e9cnica del grabado, sus procedimientos, y algunos procedimientos propios de la estampaci\u00f3n como el monotipo.<\/p>\n<p style=\"text-align: left;\" align=\"JUSTIFY\">La ocasi\u00f3n de visitar la exposici\u00f3n es recomendable para cualquier p\u00fablico con inter\u00e9s por aprender de unas t\u00e9cnicas o procedimientos que parecen tener menos cabida en un panorama art\u00edstico donde las t\u00e9cnicas tradicionales como la pintura o la escultura, o el archivo o las artes audiovisuales, tienen m\u00e1s protagonismo en estos tiempos. Ante ella, lo que puede llegar a producirse es un ejercicio did\u00e1ctico o proped\u00e9utico abierto, de piezas para afuera, donde no hay que hacer ning\u00fan esfuerzo significativo por ver y entender las formas o surcos. Simplemente nos vemos instruidos libremente por la fruct\u00edfera actividad de cada uno de los artistas de la muestra. \u00danicamente retomamos el control de nuestro juicio est\u00e9tico, es decir, nos encerramos nosotros en la obra y ella misma, cuando procuramos establecer una dial\u00e9ctica, e intentamos conectar texto y obra, que en ocasiones van unidos.<\/p>\n<p>En la mayor\u00eda de las piezas siempre hay un texto que acompa\u00f1a. Un texto a veces con alto contenido po\u00e9tico, como es el caso del que representa o intuye a los tres monotipos de <strong>Carme Mu\u00f1oz<\/strong>, <em>Viatge de plomalls, El vol dels somnis<\/em> y <em>Fr\u00e0gils apagallums<\/em>, resueltos con una v\u00edvida expresividad. Un acierto total su despliegue procedimental, y m\u00e1s si tenemos en cuenta sus haikus. Por otra parte, considero que la pieza en s\u00ed misma ya nos puede verter contenido po\u00e9tico, de la misma manera que el texto nos puede hacer imaginar un mundo inimaginable, donde en ese \u00abViatge del plomalls\u00bb, podamos ver esos mundos inciertos.<\/p>\n<p style=\"text-align: left;\" align=\"JUSTIFY\">Una de las personalidades que aparecen en esta colectiva y que sin duda, al menos para m\u00ed, han tenido, tienen y tendr\u00e1n una preeminencia art\u00edstica sin par es<strong> Teresa Oller<\/strong>. El mundo grabad\u00edstico de Oller parece que brinda al espectador lo que hay de l\u00fadico y sensible en las formas y en la composici\u00f3n que predominan en sus trabajos. Esta idea surge ante <em>Ingr\u00e0vit, Forat verd<\/em> y <em>Contrallum<\/em>. Pero sobre todo frente a <em>Llu\u00e8rnia (als mestres de la Bauhaus 1919)<\/em>. <em>Llu\u00e8rnia<\/em> abre camino a una consecuci\u00f3n de posibilidades t\u00e9cnicas, gr\u00e1ficas y pl\u00e1sticas. Si bien es cierto que el recurso del collage que se incorpora en esta pieza se percibe como un elemento m\u00e1s, secundario, pero que acrecienta el sentido est\u00e9tico de la obra, tambi\u00e9n puede hacernos imaginar que toda en s\u00ed misma se configura a partir de un laborioso proceso. El material que se adhiere a Llu\u00e8rnia visibiliza lo que no se ve, un posible rastro. Es tambi\u00e9n destacable su uso del carborundo y la punta seca en la pieza <em>Camins<\/em>. De gran inter\u00e9s objetual, y un poco apartada de sus, a priori, piezas m\u00e1s destacables, parece obviar el soporte en el que se realizan los procedimientos de grabado y su base. Quiz\u00e1 sobre el suelo y extendida verticalmente a lo largo de esa gran franja de cart\u00f3n, nos pudiera haber dado m\u00e1s idea de esos caminos, de esas m\u00faltiples facetas de caminos.<\/p>\n<p style=\"text-align: left;\" align=\"JUSTIFY\">Pero donde el furor l\u00fadico o filogen\u00e9tico se ve con m\u00e1s claridad es en las series de carborundos o gofrados de<strong> Cristina Julian<\/strong>. Los resultados no se bastan con una sistem\u00e1tica repetici\u00f3n de formas variadas, o variaciones, como en el caso de <strong>Eduard Huertos<\/strong>. El proceder de Julian no aguarda al <em>horror vacui<\/em>, es m\u00e1s una organizada distribuci\u00f3n de formas reducidas a su m\u00e1xima expresi\u00f3n. Es evidente que en las series <em>Amb ulls d\u2019infant: el m\u00f3n de les formes I, el m\u00f3n de les formes II<\/em> y <em>el m\u00f3n de les formes III<\/em>, se manifiesta una intencionalidad, por otra parte, tambi\u00e9n muy infantil. Esa intencionalidad infantil deliberada y libre, que representa los objetos porque ya habitan en uno mismo, se ve en sus glifos universales y propios, a la vez.<\/p>\n<p style=\"text-align: left;\" align=\"JUSTIFY\">En la mayor\u00eda de las obras de la exposici\u00f3n, la finalidad expresiva principal es lo experimental, es decir, el continuo y renovable aprendizaje de la t\u00e9cnica y los procedimientos de grabado y estampaci\u00f3n. Ejemplo de ello son las obras <em>Cards<\/em> o <em>Tres mirades<\/em>, de <strong>Montse Badia<\/strong> y los aguafuertes de <strong>Cecilia Morales<\/strong>.<\/p>\n<p style=\"text-align: left;\" align=\"JUSTIFY\">Por otro lado, una percepci\u00f3n intrasubjetiva y un juego de similitudes constante parece ocupar el imaginario de <strong>Sergi Rabassa, Raymond Zorrilla<\/strong>o <strong>Neus Soler<\/strong>, entre otros.<\/p>\n<p style=\"text-align: left;\" align=\"JUSTIFY\">Rabassa, raya la ilustraci\u00f3n surrealista al establecerse una correspondencia narrativa entre los t\u00edtulos de sus monotipos, y estos. Relevante es la serie <em>Mekanofamily<\/em>, de Soler, que no nos ayuda a la interpretaci\u00f3n, y esa es su ventaja, porque nos capta y muy pronto nos familiarizamos sin esfuerzo con sus signos y sus figuras. De ese modo, crea el conocimiento de una nueva serie.<\/p>\n<p style=\"text-align: left;\" align=\"JUSTIFY\">En la muestra han participado:<\/p>\n<p style=\"text-align: left;\" align=\"JUSTIFY\"><strong>Montserrat Badia<\/strong><\/p>\n<p style=\"text-align: left;\" align=\"JUSTIFY\"><strong>Dolors Blesa<\/strong><\/p>\n<p style=\"text-align: left;\" align=\"JUSTIFY\"><strong>Carme Boleda<\/strong><\/p>\n<p style=\"text-align: left;\" align=\"JUSTIFY\"><strong>Montserrat Brullet<\/strong><\/p>\n<p style=\"text-align: left;\" align=\"JUSTIFY\"><strong>Eduard Huertos<\/strong><\/p>\n<p style=\"text-align: left;\" align=\"JUSTIFY\"><strong>Cristina Julian<\/strong><\/p>\n<p style=\"text-align: left;\" align=\"JUSTIFY\"><strong>Daniel Lin<\/strong><\/p>\n<p style=\"text-align: left;\" align=\"JUSTIFY\"><strong>Ramon Llin\u00e9s<\/strong><\/p>\n<p style=\"text-align: left;\" align=\"JUSTIFY\"><strong>Catherine Lorton<\/strong><\/p>\n<p style=\"text-align: left;\" align=\"JUSTIFY\"><strong>Margarida March<\/strong><\/p>\n<p style=\"text-align: left;\" align=\"JUSTIFY\"><strong>Merc\u00e8 Montserrat<\/strong><\/p>\n<p style=\"text-align: left;\" align=\"JUSTIFY\"><strong>Cecilia Morales<\/strong><\/p>\n<p style=\"text-align: left;\" align=\"JUSTIFY\"><strong>Carme Mu\u00f1oz<\/strong><\/p>\n<p style=\"text-align: left;\" align=\"JUSTIFY\"><strong>Teresa Oller<\/strong><\/p>\n<p style=\"text-align: left;\" align=\"JUSTIFY\"><strong>Sergi Rabassa<\/strong><\/p>\n<p style=\"text-align: left;\" align=\"JUSTIFY\"><strong>Neus Soler<\/strong><\/p>\n<p style=\"text-align: left;\" align=\"JUSTIFY\"><strong>Raymond Zorrilla<\/strong><\/p>\n<p style=\"text-align: left;\" align=\"JUSTIFY\"><strong>Fechas<\/strong>: del 17 de diciembre de 2020 al 17 de enero de 2021.<\/p>\n<p style=\"text-align: left;\" align=\"JUSTIFY\"><strong>Horarios de apertura de la Fundaci\u00f3 Iluro<\/strong>: de martes a s\u00e1bado de 17.30 a 20.30h. Domingo y festivos, de 11.30 a 13.30 y de 18.30 a 20.30h. Lunes cerrado. Cerrado por festivo nacional: 25 y 26 de diciembre, y 1 y 6 de enero.<\/p>\n<h3 align=\"JUSTIFY\"><strong>Galer\u00eda de im\u00e1genes:<\/strong><\/h3>\n<p style=\"text-align: center;\" align=\"JUSTIFY\">[metaslider id=\u00bb26166&#8243;]<\/p>\n","protected":false},"excerpt":{"rendered":"<p>La asociaci\u00f3n de grabadores TARLATANA 17 expone su colectiva en la Fundaci\u00f3 Iluro hasta el 17 de enero. El grabado de Tarlatana 17 como po\u00e9tica, t\u00e9cnica, proceso y juego de similitudes<\/p>","protected":false},"author":317,"featured_media":26157,"comment_status":"open","ping_status":"open","sticky":false,"template":"","format":"standard","meta":{"footnotes":""},"categories":[64],"tags":[],"class_list":["post-26149","post","type-post","status-publish","format-standard","has-post-thumbnail","hentry","category-arte"],"yoast_head":"<!-- This site is optimized with the Yoast SEO plugin v27.5 - https:\/\/yoast.com\/product\/yoast-seo-wordpress\/ -->\n<title>&#039;TARLATANA 17: El gravat, veus i mirades&#039; - Revista Rambla<\/title>\n<meta name=\"robots\" content=\"index, follow, max-snippet:-1, max-image-preview:large, max-video-preview:-1\" \/>\n<link rel=\"canonical\" href=\"https:\/\/www.revistarambla.com\/en\/tarlatana-17-el-gravat-veus-i-mirades\/\" \/>\n<meta property=\"og:locale\" content=\"en_GB\" \/>\n<meta property=\"og:type\" content=\"article\" \/>\n<meta property=\"og:title\" content=\"&#039;TARLATANA 17: El gravat, veus i mirades&#039; - Revista Rambla\" \/>\n<meta property=\"og:description\" content=\"La asociaci\u00f3n de grabadores TARLATANA 17 expone su colectiva en la Fundaci\u00f3 Iluro hasta el 17 de enero. El grabado de Tarlatana 17 como po\u00e9tica, t\u00e9cnica, proceso y juego de similitudes\" \/>\n<meta property=\"og:url\" content=\"https:\/\/www.revistarambla.com\/en\/tarlatana-17-el-gravat-veus-i-mirades\/\" \/>\n<meta property=\"og:site_name\" content=\"Revista Rambla\" \/>\n<meta property=\"article:publisher\" content=\"https:\/\/www.facebook.com\/revistarambla\/\" \/>\n<meta property=\"article:published_time\" content=\"2020-12-26T12:54:14+00:00\" \/>\n<meta property=\"article:modified_time\" content=\"2022-09-13T17:09:05+00:00\" \/>\n<meta property=\"og:image\" content=\"https:\/\/www.revistarambla.com\/wp-content\/uploads\/2020\/12\/IMG_20201222_174453-scaled.jpg\" \/>\n\t<meta property=\"og:image:width\" content=\"2048\" \/>\n\t<meta property=\"og:image:height\" content=\"1400\" \/>\n\t<meta property=\"og:image:type\" content=\"image\/jpeg\" \/>\n<meta name=\"author\" content=\"Jos\u00e9 Antonio Lara Cort\u00e9s\" \/>\n<meta name=\"twitter:card\" content=\"summary_large_image\" \/>\n<meta name=\"twitter:creator\" content=\"@revistarambla\" \/>\n<meta name=\"twitter:site\" content=\"@revistarambla\" \/>\n<meta name=\"twitter:label1\" content=\"Written by\" \/>\n\t<meta name=\"twitter:data1\" content=\"Jos\u00e9 Antonio Lara Cort\u00e9s\" \/>\n\t<meta name=\"twitter:label2\" content=\"Estimated reading time\" \/>\n\t<meta name=\"twitter:data2\" content=\"5 minutes\" \/>\n<script type=\"application\/ld+json\" class=\"yoast-schema-graph\">{\"@context\":\"https:\\\/\\\/schema.org\",\"@graph\":[{\"@type\":\"Article\",\"@id\":\"https:\\\/\\\/www.revistarambla.com\\\/tarlatana-17-el-gravat-veus-i-mirades\\\/#article\",\"isPartOf\":{\"@id\":\"https:\\\/\\\/www.revistarambla.com\\\/tarlatana-17-el-gravat-veus-i-mirades\\\/\"},\"author\":{\"name\":\"Jos\u00e9 Antonio Lara Cort\u00e9s\",\"@id\":\"https:\\\/\\\/www.revistarambla.com\\\/#\\\/schema\\\/person\\\/aa289c4fc24aad1822af91781b1e8535\"},\"headline\":\"&#8216;TARLATANA 17: El gravat, veus i mirades&#8217;\",\"datePublished\":\"2020-12-26T12:54:14+00:00\",\"dateModified\":\"2022-09-13T17:09:05+00:00\",\"mainEntityOfPage\":{\"@id\":\"https:\\\/\\\/www.revistarambla.com\\\/tarlatana-17-el-gravat-veus-i-mirades\\\/\"},\"wordCount\":991,\"commentCount\":0,\"publisher\":{\"@id\":\"https:\\\/\\\/www.revistarambla.com\\\/#organization\"},\"image\":{\"@id\":\"https:\\\/\\\/www.revistarambla.com\\\/tarlatana-17-el-gravat-veus-i-mirades\\\/#primaryimage\"},\"thumbnailUrl\":\"https:\\\/\\\/www.revistarambla.com\\\/wp-content\\\/uploads\\\/2020\\\/12\\\/IMG_20201222_174453-scaled.jpg\",\"articleSection\":[\"Arte\"],\"inLanguage\":\"en-GB\",\"potentialAction\":[{\"@type\":\"CommentAction\",\"name\":\"Comment\",\"target\":[\"https:\\\/\\\/www.revistarambla.com\\\/tarlatana-17-el-gravat-veus-i-mirades\\\/#respond\"]}]},{\"@type\":\"WebPage\",\"@id\":\"https:\\\/\\\/www.revistarambla.com\\\/tarlatana-17-el-gravat-veus-i-mirades\\\/\",\"url\":\"https:\\\/\\\/www.revistarambla.com\\\/tarlatana-17-el-gravat-veus-i-mirades\\\/\",\"name\":\"'TARLATANA 17: El gravat, veus i mirades' - Revista Rambla\",\"isPartOf\":{\"@id\":\"https:\\\/\\\/www.revistarambla.com\\\/#website\"},\"primaryImageOfPage\":{\"@id\":\"https:\\\/\\\/www.revistarambla.com\\\/tarlatana-17-el-gravat-veus-i-mirades\\\/#primaryimage\"},\"image\":{\"@id\":\"https:\\\/\\\/www.revistarambla.com\\\/tarlatana-17-el-gravat-veus-i-mirades\\\/#primaryimage\"},\"thumbnailUrl\":\"https:\\\/\\\/www.revistarambla.com\\\/wp-content\\\/uploads\\\/2020\\\/12\\\/IMG_20201222_174453-scaled.jpg\",\"datePublished\":\"2020-12-26T12:54:14+00:00\",\"dateModified\":\"2022-09-13T17:09:05+00:00\",\"breadcrumb\":{\"@id\":\"https:\\\/\\\/www.revistarambla.com\\\/tarlatana-17-el-gravat-veus-i-mirades\\\/#breadcrumb\"},\"inLanguage\":\"en-GB\",\"potentialAction\":[{\"@type\":\"ReadAction\",\"target\":[\"https:\\\/\\\/www.revistarambla.com\\\/tarlatana-17-el-gravat-veus-i-mirades\\\/\"]}]},{\"@type\":\"ImageObject\",\"inLanguage\":\"en-GB\",\"@id\":\"https:\\\/\\\/www.revistarambla.com\\\/tarlatana-17-el-gravat-veus-i-mirades\\\/#primaryimage\",\"url\":\"https:\\\/\\\/www.revistarambla.com\\\/wp-content\\\/uploads\\\/2020\\\/12\\\/IMG_20201222_174453-scaled.jpg\",\"contentUrl\":\"https:\\\/\\\/www.revistarambla.com\\\/wp-content\\\/uploads\\\/2020\\\/12\\\/IMG_20201222_174453-scaled.jpg\",\"width\":2048,\"height\":1400},{\"@type\":\"BreadcrumbList\",\"@id\":\"https:\\\/\\\/www.revistarambla.com\\\/tarlatana-17-el-gravat-veus-i-mirades\\\/#breadcrumb\",\"itemListElement\":[{\"@type\":\"ListItem\",\"position\":1,\"name\":\"Portada\",\"item\":\"https:\\\/\\\/www.revistarambla.com\\\/\"},{\"@type\":\"ListItem\",\"position\":2,\"name\":\"&#8216;TARLATANA 17: El gravat, veus i mirades&#8217;\"}]},{\"@type\":\"WebSite\",\"@id\":\"https:\\\/\\\/www.revistarambla.com\\\/#website\",\"url\":\"https:\\\/\\\/www.revistarambla.com\\\/\",\"name\":\"Revista Rambla Barcelona\",\"description\":\"Periodismo independiente\",\"publisher\":{\"@id\":\"https:\\\/\\\/www.revistarambla.com\\\/#organization\"},\"potentialAction\":[{\"@type\":\"SearchAction\",\"target\":{\"@type\":\"EntryPoint\",\"urlTemplate\":\"https:\\\/\\\/www.revistarambla.com\\\/?s={search_term_string}\"},\"query-input\":{\"@type\":\"PropertyValueSpecification\",\"valueRequired\":true,\"valueName\":\"search_term_string\"}}],\"inLanguage\":\"en-GB\"},{\"@type\":\"Organization\",\"@id\":\"https:\\\/\\\/www.revistarambla.com\\\/#organization\",\"name\":\"Revista Rambla\",\"url\":\"https:\\\/\\\/www.revistarambla.com\\\/\",\"logo\":{\"@type\":\"ImageObject\",\"inLanguage\":\"en-GB\",\"@id\":\"https:\\\/\\\/www.revistarambla.com\\\/#\\\/schema\\\/logo\\\/image\\\/\",\"url\":\"https:\\\/\\\/www.revistarambla.com\\\/wp-content\\\/uploads\\\/2020\\\/09\\\/banner_rambla_1900x600_BB.png\",\"contentUrl\":\"https:\\\/\\\/www.revistarambla.com\\\/wp-content\\\/uploads\\\/2020\\\/09\\\/banner_rambla_1900x600_BB.png\",\"width\":1900,\"height\":600,\"caption\":\"Revista Rambla\"},\"image\":{\"@id\":\"https:\\\/\\\/www.revistarambla.com\\\/#\\\/schema\\\/logo\\\/image\\\/\"},\"sameAs\":[\"https:\\\/\\\/www.facebook.com\\\/revistarambla\\\/\",\"https:\\\/\\\/x.com\\\/revistarambla\",\"https:\\\/\\\/www.instagram.com\\\/revista_rambla\",\"https:\\\/\\\/es.linkedin.com\\\/company\\\/revista-rambla\"]},{\"@type\":\"Person\",\"@id\":\"https:\\\/\\\/www.revistarambla.com\\\/#\\\/schema\\\/person\\\/aa289c4fc24aad1822af91781b1e8535\",\"name\":\"Jos\u00e9 Antonio Lara Cort\u00e9s\",\"description\":\"Nac\u00ed en Barcelona el 9 de abril de 1995. Tengo formaci\u00f3n art\u00edstica y pedag\u00f3gica. Desde peque\u00f1o me ha interesado conocer y tratar las cosas desde un prisma muy personal. Quiz\u00e1 por mi formaci\u00f3n, la mayor\u00eda de lo que he aportado, siempre ha sido analizado y mostrado no antes, sin pasar por los filtros de unos valores que siempre han ido cambiando, pero que guardan una relaci\u00f3n com\u00fan: la de hacer una funci\u00f3n benefactora y justa.\",\"sameAs\":[\"https:\\\/\\\/www.linkedin.com\\\/in\\\/jos%C3%A9-antonio-lara-cort%C3%A9s-574b081b9\\\/\"]}]}<\/script>\n<!-- \/ Yoast SEO plugin. -->","yoast_head_json":{"title":"'TARLATANA 17: El gravat, veus i mirades' - Revista Rambla","robots":{"index":"index","follow":"follow","max-snippet":"max-snippet:-1","max-image-preview":"max-image-preview:large","max-video-preview":"max-video-preview:-1"},"canonical":"https:\/\/www.revistarambla.com\/en\/tarlatana-17-el-gravat-veus-i-mirades\/","og_locale":"en_GB","og_type":"article","og_title":"'TARLATANA 17: El gravat, veus i mirades' - Revista Rambla","og_description":"La asociaci\u00f3n de grabadores TARLATANA 17 expone su colectiva en la Fundaci\u00f3 Iluro hasta el 17 de enero. El grabado de Tarlatana 17 como po\u00e9tica, t\u00e9cnica, proceso y juego de similitudes","og_url":"https:\/\/www.revistarambla.com\/en\/tarlatana-17-el-gravat-veus-i-mirades\/","og_site_name":"Revista Rambla","article_publisher":"https:\/\/www.facebook.com\/revistarambla\/","article_published_time":"2020-12-26T12:54:14+00:00","article_modified_time":"2022-09-13T17:09:05+00:00","og_image":[{"width":2048,"height":1400,"url":"https:\/\/www.revistarambla.com\/wp-content\/uploads\/2020\/12\/IMG_20201222_174453-scaled.jpg","type":"image\/jpeg"}],"author":"Jos\u00e9 Antonio Lara Cort\u00e9s","twitter_card":"summary_large_image","twitter_creator":"@revistarambla","twitter_site":"@revistarambla","twitter_misc":{"Written by":"Jos\u00e9 Antonio Lara Cort\u00e9s","Estimated reading time":"5 minutes"},"schema":{"@context":"https:\/\/schema.org","@graph":[{"@type":"Article","@id":"https:\/\/www.revistarambla.com\/tarlatana-17-el-gravat-veus-i-mirades\/#article","isPartOf":{"@id":"https:\/\/www.revistarambla.com\/tarlatana-17-el-gravat-veus-i-mirades\/"},"author":{"name":"Jos\u00e9 Antonio Lara Cort\u00e9s","@id":"https:\/\/www.revistarambla.com\/#\/schema\/person\/aa289c4fc24aad1822af91781b1e8535"},"headline":"&#8216;TARLATANA 17: El gravat, veus i mirades&#8217;","datePublished":"2020-12-26T12:54:14+00:00","dateModified":"2022-09-13T17:09:05+00:00","mainEntityOfPage":{"@id":"https:\/\/www.revistarambla.com\/tarlatana-17-el-gravat-veus-i-mirades\/"},"wordCount":991,"commentCount":0,"publisher":{"@id":"https:\/\/www.revistarambla.com\/#organization"},"image":{"@id":"https:\/\/www.revistarambla.com\/tarlatana-17-el-gravat-veus-i-mirades\/#primaryimage"},"thumbnailUrl":"https:\/\/www.revistarambla.com\/wp-content\/uploads\/2020\/12\/IMG_20201222_174453-scaled.jpg","articleSection":["Arte"],"inLanguage":"en-GB","potentialAction":[{"@type":"CommentAction","name":"Comment","target":["https:\/\/www.revistarambla.com\/tarlatana-17-el-gravat-veus-i-mirades\/#respond"]}]},{"@type":"WebPage","@id":"https:\/\/www.revistarambla.com\/tarlatana-17-el-gravat-veus-i-mirades\/","url":"https:\/\/www.revistarambla.com\/tarlatana-17-el-gravat-veus-i-mirades\/","name":"'TARLATANA 17: El gravat, veus i mirades' - Revista Rambla","isPartOf":{"@id":"https:\/\/www.revistarambla.com\/#website"},"primaryImageOfPage":{"@id":"https:\/\/www.revistarambla.com\/tarlatana-17-el-gravat-veus-i-mirades\/#primaryimage"},"image":{"@id":"https:\/\/www.revistarambla.com\/tarlatana-17-el-gravat-veus-i-mirades\/#primaryimage"},"thumbnailUrl":"https:\/\/www.revistarambla.com\/wp-content\/uploads\/2020\/12\/IMG_20201222_174453-scaled.jpg","datePublished":"2020-12-26T12:54:14+00:00","dateModified":"2022-09-13T17:09:05+00:00","breadcrumb":{"@id":"https:\/\/www.revistarambla.com\/tarlatana-17-el-gravat-veus-i-mirades\/#breadcrumb"},"inLanguage":"en-GB","potentialAction":[{"@type":"ReadAction","target":["https:\/\/www.revistarambla.com\/tarlatana-17-el-gravat-veus-i-mirades\/"]}]},{"@type":"ImageObject","inLanguage":"en-GB","@id":"https:\/\/www.revistarambla.com\/tarlatana-17-el-gravat-veus-i-mirades\/#primaryimage","url":"https:\/\/www.revistarambla.com\/wp-content\/uploads\/2020\/12\/IMG_20201222_174453-scaled.jpg","contentUrl":"https:\/\/www.revistarambla.com\/wp-content\/uploads\/2020\/12\/IMG_20201222_174453-scaled.jpg","width":2048,"height":1400},{"@type":"BreadcrumbList","@id":"https:\/\/www.revistarambla.com\/tarlatana-17-el-gravat-veus-i-mirades\/#breadcrumb","itemListElement":[{"@type":"ListItem","position":1,"name":"Portada","item":"https:\/\/www.revistarambla.com\/"},{"@type":"ListItem","position":2,"name":"&#8216;TARLATANA 17: El gravat, veus i mirades&#8217;"}]},{"@type":"WebSite","@id":"https:\/\/www.revistarambla.com\/#website","url":"https:\/\/www.revistarambla.com\/","name":"Revista Rambla Barcelona","description":"Periodismo independiente","publisher":{"@id":"https:\/\/www.revistarambla.com\/#organization"},"potentialAction":[{"@type":"SearchAction","target":{"@type":"EntryPoint","urlTemplate":"https:\/\/www.revistarambla.com\/?s={search_term_string}"},"query-input":{"@type":"PropertyValueSpecification","valueRequired":true,"valueName":"search_term_string"}}],"inLanguage":"en-GB"},{"@type":"Organization","@id":"https:\/\/www.revistarambla.com\/#organization","name":"Revista Rambla","url":"https:\/\/www.revistarambla.com\/","logo":{"@type":"ImageObject","inLanguage":"en-GB","@id":"https:\/\/www.revistarambla.com\/#\/schema\/logo\/image\/","url":"https:\/\/www.revistarambla.com\/wp-content\/uploads\/2020\/09\/banner_rambla_1900x600_BB.png","contentUrl":"https:\/\/www.revistarambla.com\/wp-content\/uploads\/2020\/09\/banner_rambla_1900x600_BB.png","width":1900,"height":600,"caption":"Revista Rambla"},"image":{"@id":"https:\/\/www.revistarambla.com\/#\/schema\/logo\/image\/"},"sameAs":["https:\/\/www.facebook.com\/revistarambla\/","https:\/\/x.com\/revistarambla","https:\/\/www.instagram.com\/revista_rambla","https:\/\/es.linkedin.com\/company\/revista-rambla"]},{"@type":"Person","@id":"https:\/\/www.revistarambla.com\/#\/schema\/person\/aa289c4fc24aad1822af91781b1e8535","name":"Jos\u00e9 Antonio Lara Cort\u00e9s","description":"Nac\u00ed en Barcelona el 9 de abril de 1995. Tengo formaci\u00f3n art\u00edstica y pedag\u00f3gica. Desde peque\u00f1o me ha interesado conocer y tratar las cosas desde un prisma muy personal. Quiz\u00e1 por mi formaci\u00f3n, la mayor\u00eda de lo que he aportado, siempre ha sido analizado y mostrado no antes, sin pasar por los filtros de unos valores que siempre han ido cambiando, pero que guardan una relaci\u00f3n com\u00fan: la de hacer una funci\u00f3n benefactora y justa.","sameAs":["https:\/\/www.linkedin.com\/in\/jos%C3%A9-antonio-lara-cort%C3%A9s-574b081b9\/"]}]}},"_links":{"self":[{"href":"https:\/\/www.revistarambla.com\/en\/wp-json\/wp\/v2\/posts\/26149","targetHints":{"allow":["GET"]}}],"collection":[{"href":"https:\/\/www.revistarambla.com\/en\/wp-json\/wp\/v2\/posts"}],"about":[{"href":"https:\/\/www.revistarambla.com\/en\/wp-json\/wp\/v2\/types\/post"}],"author":[{"embeddable":true,"href":"https:\/\/www.revistarambla.com\/en\/wp-json\/wp\/v2\/users\/317"}],"replies":[{"embeddable":true,"href":"https:\/\/www.revistarambla.com\/en\/wp-json\/wp\/v2\/comments?post=26149"}],"version-history":[{"count":1,"href":"https:\/\/www.revistarambla.com\/en\/wp-json\/wp\/v2\/posts\/26149\/revisions"}],"predecessor-version":[{"id":46569,"href":"https:\/\/www.revistarambla.com\/en\/wp-json\/wp\/v2\/posts\/26149\/revisions\/46569"}],"wp:featuredmedia":[{"embeddable":true,"href":"https:\/\/www.revistarambla.com\/en\/wp-json\/wp\/v2\/media\/26157"}],"wp:attachment":[{"href":"https:\/\/www.revistarambla.com\/en\/wp-json\/wp\/v2\/media?parent=26149"}],"wp:term":[{"taxonomy":"category","embeddable":true,"href":"https:\/\/www.revistarambla.com\/en\/wp-json\/wp\/v2\/categories?post=26149"},{"taxonomy":"post_tag","embeddable":true,"href":"https:\/\/www.revistarambla.com\/en\/wp-json\/wp\/v2\/tags?post=26149"}],"curies":[{"name":"wp","href":"https:\/\/api.w.org\/{rel}","templated":true}]}}