{"id":2598,"date":"2012-12-07T08:40:34","date_gmt":"2012-12-07T08:40:34","guid":{"rendered":"https:\/\/www.revistarambla.com\/itodos-somos-espana\/"},"modified":"2021-06-09T12:25:21","modified_gmt":"2021-06-09T10:25:21","slug":"itodos-somos-espana","status":"publish","type":"post","link":"https:\/\/www.revistarambla.com\/en\/itodos-somos-espana\/","title":{"rendered":"\u00bfTodos somos Espa\u00f1a?"},"content":{"rendered":"<p><img decoding=\"async\" class=\"aligncenter wp-image-33503 size-full\" src=\"https:\/\/www.revistarambla.com\/wp-content\/uploads\/2012\/12\/20121012manifestacion3.jpg\" alt=\"\" width=\"565\" height=\"250\" srcset=\"https:\/\/www.revistarambla.com\/wp-content\/uploads\/2012\/12\/20121012manifestacion3.jpg 565w, https:\/\/www.revistarambla.com\/wp-content\/uploads\/2012\/12\/20121012manifestacion3-300x133.jpg 300w\" sizes=\"(max-width: 565px) 100vw, 565px\" \/><\/p>\n<p>Con motivo del D\u00eda de la Constituci\u00f3n el Movimiento C\u00edvico de Espa\u00f1a y Catalanes, con el apoyo de once colectivos c\u00edvicos y tres partidos -PPC, Ciutadans y UPyD-, organizaron\u00a0 una manifestaci\u00f3n que arranc\u00f3 en la plaza de Urquinaona y se dirigi\u00f3 hacia la plaza de Sant Jaume, en donde se ubica la sede de la Generalitat.<\/p>\n<p>El lema principal de la protesta se recog\u00eda en una pancarta en la cabecera de la manifestaci\u00f3n, que rezaba &#8216;Espa\u00f1a somos todos&#8217;.<\/p>\n<p>Simult\u00e1neamente en Madrid se celebr\u00f3 una concentraci\u00f3n en la plaza de Col\u00f3n, convocada por la Fundaci\u00f3n para la Defensa de la Naci\u00f3n Espa\u00f1ola (DENAES) bajo el lema &#8216;Espa\u00f1a somos todos&#8217;.<\/p>\n<p>La marcha que ha recorrido el centro de la ciudad de Barcelona en favor de la unidad de Espa\u00f1a en el D\u00eda de la Constituci\u00f3n\u00a0ha acabado con momentos de tensi\u00f3n en la plaza de Sant Jaume, punto donde finalizaba el recorrido. All\u00ed los manifestantes han coincidido con otras personas que hac\u00edan cola para visitar el pesebre municipal y los empujones no se han hecho esperar.<\/p>\n<p>Alguno de los ciudadanos que formaban dicha cola ha gritado \u00abvisca Catalunya\u00bb a la llegada de los integrantes de la marcha y la tensi\u00f3n se ha desatado. Empujones y golpes de bandera sobretodo a un Abuelo que llevaba una bandera estelada acus\u00e1ndolo de provocador acorralandolo a golpes y oblig\u00e1ndole a tirar la estelada.<\/p>\n<p>Antes,\u00a0miles\u00a0de manifestantes hab\u00edan recorrido el centro de Barcelona\u00a0a favor de la unidad de Espa\u00f1a. Bajo el lema, \u00a0escrito en catal\u00e1n y castellano,\u00a0Espa\u00f1a som tots \/ Espa\u00f1a somos todos, los concentrados han querido mostrar su disconformidad con la idea de una Catalunya separada de Espa\u00f1a. Muchos de ellos ondeaban ense\u00f1as con la bandera catalana en una cara y la espa\u00f1ola en la otra.<\/p>\n<p>La marcha ha sido convocada por el Movimiento C\u00edvico de Espa\u00f1a y Catalanes, con el apoyo de once colectivos c\u00edvicos y tres partidos -PPC, Ciutadans y UPyD-. Hay once asociaciones c\u00edvicas que tambi\u00e9n han dado su apoyo, como Impulso Ciudadano, Asociaci\u00f3n por la Tolerancia, Foro Espa\u00f1a, Convivencia C\u00edvica, Catalu\u00f1a Tal Cual o \u00c1gora Socialista.<\/p>\n<p>Los manifestantes, entre los cuales se encontraba el president de Ciutadans, Albert Rivera y algunos miembros del Partido Popular catal\u00e1n as\u00ed como Ram\u00f3n de Veciana de UPyD en Catalunya, han iniciado la marcha en la plaza Urquinaona y la han finalizado en plaza Sant Jaume, ante la sede de la Generalitat.<\/p>\n<p>Durante el recorrido han pedido la dimisi\u00f3n del president de la Generalitat en funciones, Artur Mas, adem\u00e1s de entonar esl\u00f3ganes como \u00abEspa\u00f1a unida jam\u00e1s ser\u00e1 vencida\u00bb.<\/p>\n<p>La marcha se ha detenido un momento, en su camino hacia plaza Sant Jaume, ante la Jefatura Superior de Polic\u00eda de Catalunya, ubicada en Via Laietana. El edificio estaba custodiado por agentes tanto de la Polic\u00eda Nacional como de Mossos d&#8217;Esquadra. Que han saludado aplaudiendo y gritando \u201cEsta es nuestra policia\u00bbEsta es nuestra Polic\u00eda\u00bb.<\/p>","protected":false},"excerpt":{"rendered":"<p>Varios miles de personas protagonizaron este jueves una manifestaci\u00f3n en el centro de Barcelona en defensa de la unidad de Espa\u00f1a y de la Constituci\u00f3n espa\u00f1ola<\/p>","protected":false},"author":1,"featured_media":33503,"comment_status":"open","ping_status":"open","sticky":false,"template":"","format":"standard","meta":{"footnotes":""},"categories":[3,76],"tags":[],"class_list":["post-2598","post","type-post","status-publish","format-standard","has-post-thumbnail","hentry","category-actualidad","category-barcelona"],"yoast_head":"<!-- This site is optimized with the Yoast SEO plugin v27.5 - https:\/\/yoast.com\/product\/yoast-seo-wordpress\/ -->\n<title>\u00bfTodos somos Espa\u00f1a? - Revista Rambla<\/title>\n<meta name=\"robots\" content=\"index, follow, max-snippet:-1, max-image-preview:large, max-video-preview:-1\" \/>\n<link rel=\"canonical\" href=\"https:\/\/www.revistarambla.com\/en\/itodos-somos-espana\/\" \/>\n<meta property=\"og:locale\" content=\"en_GB\" \/>\n<meta property=\"og:type\" content=\"article\" \/>\n<meta property=\"og:title\" content=\"\u00bfTodos somos Espa\u00f1a? - Revista Rambla\" \/>\n<meta property=\"og:description\" content=\"Varios miles de personas protagonizaron este jueves una manifestaci\u00f3n en el centro de Barcelona en defensa de la unidad de Espa\u00f1a y de la Constituci\u00f3n espa\u00f1ola\" \/>\n<meta property=\"og:url\" content=\"https:\/\/www.revistarambla.com\/en\/itodos-somos-espana\/\" \/>\n<meta property=\"og:site_name\" content=\"Revista Rambla\" \/>\n<meta property=\"article:publisher\" content=\"https:\/\/www.facebook.com\/revistarambla\/\" \/>\n<meta property=\"article:published_time\" content=\"2012-12-07T08:40:34+00:00\" \/>\n<meta property=\"article:modified_time\" content=\"2021-06-09T10:25:21+00:00\" \/>\n<meta property=\"og:image\" content=\"https:\/\/i1.wp.com\/www.revistarambla.com\/wp-content\/uploads\/2012\/12\/20121012manifestacion3.jpg?fit=565%2C250&ssl=1\" \/>\n\t<meta property=\"og:image:width\" content=\"565\" \/>\n\t<meta property=\"og:image:height\" content=\"250\" \/>\n\t<meta property=\"og:image:type\" content=\"image\/jpeg\" \/>\n<meta name=\"author\" content=\"Francesc Sans Duch\" \/>\n<meta name=\"twitter:card\" content=\"summary_large_image\" \/>\n<meta name=\"twitter:creator\" content=\"@revistarambla\" \/>\n<meta name=\"twitter:site\" content=\"@revistarambla\" \/>\n<meta name=\"twitter:label1\" content=\"Written by\" \/>\n\t<meta name=\"twitter:data1\" content=\"Francesc Sans Duch\" \/>\n\t<meta name=\"twitter:label2\" content=\"Estimated reading time\" \/>\n\t<meta name=\"twitter:data2\" content=\"3 minutes\" \/>\n<script type=\"application\/ld+json\" class=\"yoast-schema-graph\">{\"@context\":\"https:\\\/\\\/schema.org\",\"@graph\":[{\"@type\":\"Article\",\"@id\":\"https:\\\/\\\/www.revistarambla.com\\\/itodos-somos-espana\\\/#article\",\"isPartOf\":{\"@id\":\"https:\\\/\\\/www.revistarambla.com\\\/itodos-somos-espana\\\/\"},\"author\":{\"name\":\"Francesc Sans Duch\",\"@id\":\"https:\\\/\\\/www.revistarambla.com\\\/#\\\/schema\\\/person\\\/4a5652fc8c82df1f8593002d038cd79e\"},\"headline\":\"\u00bfTodos somos Espa\u00f1a?\",\"datePublished\":\"2012-12-07T08:40:34+00:00\",\"dateModified\":\"2021-06-09T10:25:21+00:00\",\"mainEntityOfPage\":{\"@id\":\"https:\\\/\\\/www.revistarambla.com\\\/itodos-somos-espana\\\/\"},\"wordCount\":534,\"commentCount\":0,\"publisher\":{\"@id\":\"https:\\\/\\\/www.revistarambla.com\\\/#organization\"},\"image\":{\"@id\":\"https:\\\/\\\/www.revistarambla.com\\\/itodos-somos-espana\\\/#primaryimage\"},\"thumbnailUrl\":\"https:\\\/\\\/www.revistarambla.com\\\/wp-content\\\/uploads\\\/2012\\\/12\\\/20121012manifestacion3.jpg\",\"articleSection\":[\"Actualidad\",\"Barcelona\"],\"inLanguage\":\"en-GB\",\"potentialAction\":[{\"@type\":\"CommentAction\",\"name\":\"Comment\",\"target\":[\"https:\\\/\\\/www.revistarambla.com\\\/itodos-somos-espana\\\/#respond\"]}]},{\"@type\":\"WebPage\",\"@id\":\"https:\\\/\\\/www.revistarambla.com\\\/itodos-somos-espana\\\/\",\"url\":\"https:\\\/\\\/www.revistarambla.com\\\/itodos-somos-espana\\\/\",\"name\":\"\u00bfTodos somos Espa\u00f1a? - Revista Rambla\",\"isPartOf\":{\"@id\":\"https:\\\/\\\/www.revistarambla.com\\\/#website\"},\"primaryImageOfPage\":{\"@id\":\"https:\\\/\\\/www.revistarambla.com\\\/itodos-somos-espana\\\/#primaryimage\"},\"image\":{\"@id\":\"https:\\\/\\\/www.revistarambla.com\\\/itodos-somos-espana\\\/#primaryimage\"},\"thumbnailUrl\":\"https:\\\/\\\/www.revistarambla.com\\\/wp-content\\\/uploads\\\/2012\\\/12\\\/20121012manifestacion3.jpg\",\"datePublished\":\"2012-12-07T08:40:34+00:00\",\"dateModified\":\"2021-06-09T10:25:21+00:00\",\"breadcrumb\":{\"@id\":\"https:\\\/\\\/www.revistarambla.com\\\/itodos-somos-espana\\\/#breadcrumb\"},\"inLanguage\":\"en-GB\",\"potentialAction\":[{\"@type\":\"ReadAction\",\"target\":[\"https:\\\/\\\/www.revistarambla.com\\\/itodos-somos-espana\\\/\"]}]},{\"@type\":\"ImageObject\",\"inLanguage\":\"en-GB\",\"@id\":\"https:\\\/\\\/www.revistarambla.com\\\/itodos-somos-espana\\\/#primaryimage\",\"url\":\"https:\\\/\\\/www.revistarambla.com\\\/wp-content\\\/uploads\\\/2012\\\/12\\\/20121012manifestacion3.jpg\",\"contentUrl\":\"https:\\\/\\\/www.revistarambla.com\\\/wp-content\\\/uploads\\\/2012\\\/12\\\/20121012manifestacion3.jpg\",\"width\":565,\"height\":250},{\"@type\":\"BreadcrumbList\",\"@id\":\"https:\\\/\\\/www.revistarambla.com\\\/itodos-somos-espana\\\/#breadcrumb\",\"itemListElement\":[{\"@type\":\"ListItem\",\"position\":1,\"name\":\"Portada\",\"item\":\"https:\\\/\\\/www.revistarambla.com\\\/\"},{\"@type\":\"ListItem\",\"position\":2,\"name\":\"\u00bfTodos somos Espa\u00f1a?\"}]},{\"@type\":\"WebSite\",\"@id\":\"https:\\\/\\\/www.revistarambla.com\\\/#website\",\"url\":\"https:\\\/\\\/www.revistarambla.com\\\/\",\"name\":\"Revista Rambla Barcelona\",\"description\":\"Periodismo independiente\",\"publisher\":{\"@id\":\"https:\\\/\\\/www.revistarambla.com\\\/#organization\"},\"potentialAction\":[{\"@type\":\"SearchAction\",\"target\":{\"@type\":\"EntryPoint\",\"urlTemplate\":\"https:\\\/\\\/www.revistarambla.com\\\/?s={search_term_string}\"},\"query-input\":{\"@type\":\"PropertyValueSpecification\",\"valueRequired\":true,\"valueName\":\"search_term_string\"}}],\"inLanguage\":\"en-GB\"},{\"@type\":\"Organization\",\"@id\":\"https:\\\/\\\/www.revistarambla.com\\\/#organization\",\"name\":\"Revista Rambla\",\"url\":\"https:\\\/\\\/www.revistarambla.com\\\/\",\"logo\":{\"@type\":\"ImageObject\",\"inLanguage\":\"en-GB\",\"@id\":\"https:\\\/\\\/www.revistarambla.com\\\/#\\\/schema\\\/logo\\\/image\\\/\",\"url\":\"https:\\\/\\\/www.revistarambla.com\\\/wp-content\\\/uploads\\\/2020\\\/09\\\/banner_rambla_1900x600_BB.png\",\"contentUrl\":\"https:\\\/\\\/www.revistarambla.com\\\/wp-content\\\/uploads\\\/2020\\\/09\\\/banner_rambla_1900x600_BB.png\",\"width\":1900,\"height\":600,\"caption\":\"Revista Rambla\"},\"image\":{\"@id\":\"https:\\\/\\\/www.revistarambla.com\\\/#\\\/schema\\\/logo\\\/image\\\/\"},\"sameAs\":[\"https:\\\/\\\/www.facebook.com\\\/revistarambla\\\/\",\"https:\\\/\\\/x.com\\\/revistarambla\",\"https:\\\/\\\/www.instagram.com\\\/revista_rambla\",\"https:\\\/\\\/es.linkedin.com\\\/company\\\/revista-rambla\"]},{\"@type\":\"Person\",\"@id\":\"https:\\\/\\\/www.revistarambla.com\\\/#\\\/schema\\\/person\\\/4a5652fc8c82df1f8593002d038cd79e\",\"name\":\"Francesc Sans Duch\",\"sameAs\":[\"https:\\\/\\\/www.revistarambla.com\\\/\"]}]}<\/script>\n<!-- \/ Yoast SEO plugin. -->","yoast_head_json":{"title":"\u00bfTodos somos Espa\u00f1a? - Revista Rambla","robots":{"index":"index","follow":"follow","max-snippet":"max-snippet:-1","max-image-preview":"max-image-preview:large","max-video-preview":"max-video-preview:-1"},"canonical":"https:\/\/www.revistarambla.com\/en\/itodos-somos-espana\/","og_locale":"en_GB","og_type":"article","og_title":"\u00bfTodos somos Espa\u00f1a? - Revista Rambla","og_description":"Varios miles de personas protagonizaron este jueves una manifestaci\u00f3n en el centro de Barcelona en defensa de la unidad de Espa\u00f1a y de la Constituci\u00f3n espa\u00f1ola","og_url":"https:\/\/www.revistarambla.com\/en\/itodos-somos-espana\/","og_site_name":"Revista Rambla","article_publisher":"https:\/\/www.facebook.com\/revistarambla\/","article_published_time":"2012-12-07T08:40:34+00:00","article_modified_time":"2021-06-09T10:25:21+00:00","og_image":[{"width":565,"height":250,"url":"https:\/\/i1.wp.com\/www.revistarambla.com\/wp-content\/uploads\/2012\/12\/20121012manifestacion3.jpg?fit=565%2C250&ssl=1","type":"image\/jpeg"}],"author":"Francesc Sans Duch","twitter_card":"summary_large_image","twitter_creator":"@revistarambla","twitter_site":"@revistarambla","twitter_misc":{"Written by":"Francesc Sans Duch","Estimated reading time":"3 minutes"},"schema":{"@context":"https:\/\/schema.org","@graph":[{"@type":"Article","@id":"https:\/\/www.revistarambla.com\/itodos-somos-espana\/#article","isPartOf":{"@id":"https:\/\/www.revistarambla.com\/itodos-somos-espana\/"},"author":{"name":"Francesc Sans Duch","@id":"https:\/\/www.revistarambla.com\/#\/schema\/person\/4a5652fc8c82df1f8593002d038cd79e"},"headline":"\u00bfTodos somos Espa\u00f1a?","datePublished":"2012-12-07T08:40:34+00:00","dateModified":"2021-06-09T10:25:21+00:00","mainEntityOfPage":{"@id":"https:\/\/www.revistarambla.com\/itodos-somos-espana\/"},"wordCount":534,"commentCount":0,"publisher":{"@id":"https:\/\/www.revistarambla.com\/#organization"},"image":{"@id":"https:\/\/www.revistarambla.com\/itodos-somos-espana\/#primaryimage"},"thumbnailUrl":"https:\/\/www.revistarambla.com\/wp-content\/uploads\/2012\/12\/20121012manifestacion3.jpg","articleSection":["Actualidad","Barcelona"],"inLanguage":"en-GB","potentialAction":[{"@type":"CommentAction","name":"Comment","target":["https:\/\/www.revistarambla.com\/itodos-somos-espana\/#respond"]}]},{"@type":"WebPage","@id":"https:\/\/www.revistarambla.com\/itodos-somos-espana\/","url":"https:\/\/www.revistarambla.com\/itodos-somos-espana\/","name":"\u00bfTodos somos Espa\u00f1a? - Revista Rambla","isPartOf":{"@id":"https:\/\/www.revistarambla.com\/#website"},"primaryImageOfPage":{"@id":"https:\/\/www.revistarambla.com\/itodos-somos-espana\/#primaryimage"},"image":{"@id":"https:\/\/www.revistarambla.com\/itodos-somos-espana\/#primaryimage"},"thumbnailUrl":"https:\/\/www.revistarambla.com\/wp-content\/uploads\/2012\/12\/20121012manifestacion3.jpg","datePublished":"2012-12-07T08:40:34+00:00","dateModified":"2021-06-09T10:25:21+00:00","breadcrumb":{"@id":"https:\/\/www.revistarambla.com\/itodos-somos-espana\/#breadcrumb"},"inLanguage":"en-GB","potentialAction":[{"@type":"ReadAction","target":["https:\/\/www.revistarambla.com\/itodos-somos-espana\/"]}]},{"@type":"ImageObject","inLanguage":"en-GB","@id":"https:\/\/www.revistarambla.com\/itodos-somos-espana\/#primaryimage","url":"https:\/\/www.revistarambla.com\/wp-content\/uploads\/2012\/12\/20121012manifestacion3.jpg","contentUrl":"https:\/\/www.revistarambla.com\/wp-content\/uploads\/2012\/12\/20121012manifestacion3.jpg","width":565,"height":250},{"@type":"BreadcrumbList","@id":"https:\/\/www.revistarambla.com\/itodos-somos-espana\/#breadcrumb","itemListElement":[{"@type":"ListItem","position":1,"name":"Portada","item":"https:\/\/www.revistarambla.com\/"},{"@type":"ListItem","position":2,"name":"\u00bfTodos somos Espa\u00f1a?"}]},{"@type":"WebSite","@id":"https:\/\/www.revistarambla.com\/#website","url":"https:\/\/www.revistarambla.com\/","name":"Revista Rambla Barcelona","description":"Periodismo independiente","publisher":{"@id":"https:\/\/www.revistarambla.com\/#organization"},"potentialAction":[{"@type":"SearchAction","target":{"@type":"EntryPoint","urlTemplate":"https:\/\/www.revistarambla.com\/?s={search_term_string}"},"query-input":{"@type":"PropertyValueSpecification","valueRequired":true,"valueName":"search_term_string"}}],"inLanguage":"en-GB"},{"@type":"Organization","@id":"https:\/\/www.revistarambla.com\/#organization","name":"Revista Rambla","url":"https:\/\/www.revistarambla.com\/","logo":{"@type":"ImageObject","inLanguage":"en-GB","@id":"https:\/\/www.revistarambla.com\/#\/schema\/logo\/image\/","url":"https:\/\/www.revistarambla.com\/wp-content\/uploads\/2020\/09\/banner_rambla_1900x600_BB.png","contentUrl":"https:\/\/www.revistarambla.com\/wp-content\/uploads\/2020\/09\/banner_rambla_1900x600_BB.png","width":1900,"height":600,"caption":"Revista Rambla"},"image":{"@id":"https:\/\/www.revistarambla.com\/#\/schema\/logo\/image\/"},"sameAs":["https:\/\/www.facebook.com\/revistarambla\/","https:\/\/x.com\/revistarambla","https:\/\/www.instagram.com\/revista_rambla","https:\/\/es.linkedin.com\/company\/revista-rambla"]},{"@type":"Person","@id":"https:\/\/www.revistarambla.com\/#\/schema\/person\/4a5652fc8c82df1f8593002d038cd79e","name":"Francesc Sans Duch","sameAs":["https:\/\/www.revistarambla.com\/"]}]}},"_links":{"self":[{"href":"https:\/\/www.revistarambla.com\/en\/wp-json\/wp\/v2\/posts\/2598","targetHints":{"allow":["GET"]}}],"collection":[{"href":"https:\/\/www.revistarambla.com\/en\/wp-json\/wp\/v2\/posts"}],"about":[{"href":"https:\/\/www.revistarambla.com\/en\/wp-json\/wp\/v2\/types\/post"}],"author":[{"embeddable":true,"href":"https:\/\/www.revistarambla.com\/en\/wp-json\/wp\/v2\/users\/1"}],"replies":[{"embeddable":true,"href":"https:\/\/www.revistarambla.com\/en\/wp-json\/wp\/v2\/comments?post=2598"}],"version-history":[{"count":0,"href":"https:\/\/www.revistarambla.com\/en\/wp-json\/wp\/v2\/posts\/2598\/revisions"}],"wp:featuredmedia":[{"embeddable":true,"href":"https:\/\/www.revistarambla.com\/en\/wp-json\/wp\/v2\/media\/33503"}],"wp:attachment":[{"href":"https:\/\/www.revistarambla.com\/en\/wp-json\/wp\/v2\/media?parent=2598"}],"wp:term":[{"taxonomy":"category","embeddable":true,"href":"https:\/\/www.revistarambla.com\/en\/wp-json\/wp\/v2\/categories?post=2598"},{"taxonomy":"post_tag","embeddable":true,"href":"https:\/\/www.revistarambla.com\/en\/wp-json\/wp\/v2\/tags?post=2598"}],"curies":[{"name":"wp","href":"https:\/\/api.w.org\/{rel}","templated":true}]}}