{"id":25898,"date":"2020-12-14T18:50:10","date_gmt":"2020-12-14T17:50:10","guid":{"rendered":"https:\/\/www.revistarambla.com\/?p=25898"},"modified":"2021-12-07T16:12:41","modified_gmt":"2021-12-07T15:12:41","slug":"piensa-dimitir-arnaldo-otegi","status":"publish","type":"post","link":"https:\/\/www.revistarambla.com\/en\/piensa-dimitir-arnaldo-otegi\/","title":{"rendered":"\u00bfPiensa dimitir Arnaldo Otegi?"},"content":{"rendered":"<figure id=\"attachment_25899\" aria-describedby=\"caption-attachment-25899\" style=\"width: 640px\" class=\"wp-caption aligncenter\"><img decoding=\"async\" class=\"wp-image-25899\" src=\"https:\/\/www.revistarambla.com\/wp-content\/uploads\/2020\/12\/1024px-Argazkilaria_Aritz_Loiola_37089390606-300x200.jpg\" alt=\"Arnaldo Otegui\" width=\"640\" height=\"427\" srcset=\"https:\/\/www.revistarambla.com\/wp-content\/uploads\/2020\/12\/1024px-Argazkilaria_Aritz_Loiola_37089390606-300x200.jpg 300w, https:\/\/www.revistarambla.com\/wp-content\/uploads\/2020\/12\/1024px-Argazkilaria_Aritz_Loiola_37089390606-768x512.jpg 768w, https:\/\/www.revistarambla.com\/wp-content\/uploads\/2020\/12\/1024px-Argazkilaria_Aritz_Loiola_37089390606.jpg 1024w\" sizes=\"(max-width: 640px) 100vw, 640px\" \/><figcaption id=\"caption-attachment-25899\" class=\"wp-caption-text\">Arnaldo Otegui (dcha.) en la manifestaci\u00f3n de Gure Esku Dago a favor de Catalunya.<\/figcaption><\/figure>\n<p>El <a href=\"https:\/\/www.revistarambla.com\/en\/cataluna-y-el-tardofranquismo-judicial\/\">Tardofranquismo judicial<\/a> tendr\u00eda a la Audiencia nacional y el Tribunal Supremo como brazos ejecutores, a los jueces Lamela y Llarena como su m\u00e1s destacados peones y al juez Marchena como Sumo Sacerdote de unos tribunales que estar\u00edan controlados por el llamado \u201cclan de los pol\u00edticos\u201d en palabras del ex-Presidente de Sala del TS, Ram\u00f3n Trillo, descollando la Presidenta de la Sala de lo Penal de la Audiencia Nacional, Concepci\u00f3n Espejel, condecorada en su d\u00eda por la Presidenta del PP de Castilla la Mancha, Mar\u00eda Dolores de Cospedal.<\/p>\n<p>El pen\u00faltimo ejercicio de Tardofranquismo judicial ser\u00eda la revocaci\u00f3n por el Tribunal Supremo del tercer grado a los 9 procesados por el proc\u00e9s que conlleva el finiquito del r\u00e9gimen flexible del que gozaban y les permit\u00eda salir de la c\u00e1rcel para ir a trabajar o para hacer voluntariado.<\/p>\n<p>Dicha sentencia ser\u00eda la respuesta del Tardofranquismo judicial al intento de ERC de participar en la gobernanza del Estado tras su reciente apoyo a los Presupuestos Generales del Gobierno PSOE-UP, no siendo descartable la aplicaci\u00f3n del indulto por el Gobierno S\u00e1nchez antes de las Elecciones catalanas del 2021.<\/p>\n<h3><strong>\u00bfPiensa dimitir Arnaldo Otegi?<\/strong><\/h3>\n<p>En este mismo contexto se encuadrar\u00eda la cabriola jur\u00eddica del Tribunal Supremo que habr\u00eda decidido por unanimidad de sus miembros repetir el juicio a Otegi y a otros 4 implicados en el llamado \u201cCaso Bateragune\u201d por \u201cpertenencia a organizaci\u00f3n terrorista\u201d al intentar recomponer la extinta Batasuna.<\/p>\n<p>Otegi fue condenado a 6 a\u00f1os de prisi\u00f3n que cumpli\u00f3 en su integridad as\u00ed como a inhabilitaci\u00f3n para cargo p\u00fablico hasta febrero del 2021 pero dicha sentencia fue revocada en el 2018 tras estimar el TEDH de Estrasburgo que \u201cse hab\u00eda vulnerado el derecho de los 5 acusados a un juez imparcial\u201d, por lo que en el supuesto de una nueva sentencia condenatoria, tan s\u00f3lo le quedar\u00eda pendiente de cumplir unos meses de inhabilitaci\u00f3n.<\/p>\n<p>EH Bildu decidi\u00f3 revisar su actual estrategia pol\u00edtica e incorporar a su bagaje pol\u00edtico la llamada inteligencia maquiav\u00e9lica, consistente en el \u201cuso de comportamiento cooperativos o combativos que le puedan reportar mayores posibilidades de adaptaci\u00f3n en funci\u00f3n de una situaci\u00f3n concreta\u201d.<\/p>\n<p>Asimismo, la inteligencia medi\u00e1tica se distingue por \u201cuna extraordinaria capacidad para encontrar las debilidades ajenas y utilizarlas en beneficio propio as\u00ed como de realizar acciones complejas que pueden no ser entendidas en un principio por sus votantes pues sus metas se proyectan hacia un futuro mediato (Rep\u00fablica vasca)\u201d, de lo que ser\u00eda paradigma el apoyo de Bildu a los Presupuestos de S\u00e1nchez.<\/p>\n<p>Sin embargo,Otegi estar\u00eda marcado por el estigma de su pasado as\u00ed como de su \u201cnegativa a condenar el terrorismo de ETA\u201d, lo que le habr\u00eda convertido a ojos del establishment espa\u00f1ol en un \u201cparia pol\u00edtico\u201d, pero dada la capacidad del l\u00edder abertzale para encontrar las debilidades ajenas y utilizarlas en beneficio de su Partido, no ser\u00eda descartable la presentaci\u00f3n de su dimisi\u00f3n como l\u00edder de EH Bildu, movimiento audaz que representar\u00e1 para Bildu recuperar la legitimidad democr\u00e1tica que siempre se le hab\u00eda negado y asumir ya sin complejos el rol de colaborador externo del Gobierno S\u00e1nchez, una de cuyas primeras tareas ser\u00e1 la renovaci\u00f3n de la actual c\u00fapula judicial.<\/p>","protected":false},"excerpt":{"rendered":"<p>No ser\u00eda descartable la presentaci\u00f3n de su dimisi\u00f3n como l\u00edder de EH Bildu, movimiento audaz que representar\u00e1 para Bildu recuperar la legitimidad democr\u00e1tica que siempre se le ha negado<\/p>","protected":false},"author":16,"featured_media":25899,"comment_status":"open","ping_status":"open","sticky":false,"template":"","format":"standard","meta":{"footnotes":""},"categories":[72],"tags":[],"class_list":["post-25898","post","type-post","status-publish","format-standard","has-post-thumbnail","hentry","category-opinion"],"yoast_head":"<!-- This site is optimized with the Yoast SEO plugin v27.5 - https:\/\/yoast.com\/product\/yoast-seo-wordpress\/ -->\n<title>\u00bfPiensa dimitir Arnaldo Otegi? - Revista Rambla<\/title>\n<meta name=\"robots\" content=\"index, follow, max-snippet:-1, max-image-preview:large, max-video-preview:-1\" \/>\n<link rel=\"canonical\" href=\"https:\/\/www.revistarambla.com\/en\/piensa-dimitir-arnaldo-otegi\/\" \/>\n<meta property=\"og:locale\" content=\"en_GB\" \/>\n<meta property=\"og:type\" content=\"article\" \/>\n<meta property=\"og:title\" content=\"\u00bfPiensa dimitir Arnaldo Otegi? - Revista Rambla\" \/>\n<meta property=\"og:description\" content=\"No ser\u00eda descartable la presentaci\u00f3n de su dimisi\u00f3n como l\u00edder de EH Bildu, movimiento audaz que representar\u00e1 para Bildu recuperar la legitimidad democr\u00e1tica que siempre se le ha negado\" \/>\n<meta property=\"og:url\" content=\"https:\/\/www.revistarambla.com\/en\/piensa-dimitir-arnaldo-otegi\/\" \/>\n<meta property=\"og:site_name\" content=\"Revista Rambla\" \/>\n<meta property=\"article:publisher\" content=\"https:\/\/www.facebook.com\/revistarambla\/\" \/>\n<meta property=\"article:published_time\" content=\"2020-12-14T17:50:10+00:00\" \/>\n<meta property=\"article:modified_time\" content=\"2021-12-07T15:12:41+00:00\" \/>\n<meta property=\"og:image\" content=\"https:\/\/www.revistarambla.com\/wp-content\/uploads\/2020\/12\/1024px-Argazkilaria_Aritz_Loiola_37089390606.jpg\" \/>\n\t<meta property=\"og:image:width\" content=\"1024\" \/>\n\t<meta property=\"og:image:height\" content=\"683\" \/>\n\t<meta property=\"og:image:type\" content=\"image\/jpeg\" \/>\n<meta name=\"author\" content=\"Germ\u00e1n Gorraiz L\u00f3pez\" \/>\n<meta name=\"twitter:card\" content=\"summary_large_image\" \/>\n<meta name=\"twitter:creator\" content=\"@revistarambla\" \/>\n<meta name=\"twitter:site\" content=\"@revistarambla\" \/>\n<meta name=\"twitter:label1\" content=\"Written by\" \/>\n\t<meta name=\"twitter:data1\" content=\"Germ\u00e1n Gorraiz L\u00f3pez\" \/>\n\t<meta name=\"twitter:label2\" content=\"Estimated reading time\" \/>\n\t<meta name=\"twitter:data2\" content=\"3 minutes\" \/>\n<script type=\"application\/ld+json\" class=\"yoast-schema-graph\">{\"@context\":\"https:\\\/\\\/schema.org\",\"@graph\":[{\"@type\":\"Article\",\"@id\":\"https:\\\/\\\/www.revistarambla.com\\\/piensa-dimitir-arnaldo-otegi\\\/#article\",\"isPartOf\":{\"@id\":\"https:\\\/\\\/www.revistarambla.com\\\/piensa-dimitir-arnaldo-otegi\\\/\"},\"author\":{\"name\":\"Germ\u00e1n Gorraiz L\u00f3pez\",\"@id\":\"https:\\\/\\\/www.revistarambla.com\\\/#\\\/schema\\\/person\\\/23a7868ff10cd88f8fdb045c7b7e4a4d\"},\"headline\":\"\u00bfPiensa dimitir Arnaldo Otegi?\",\"datePublished\":\"2020-12-14T17:50:10+00:00\",\"dateModified\":\"2021-12-07T15:12:41+00:00\",\"mainEntityOfPage\":{\"@id\":\"https:\\\/\\\/www.revistarambla.com\\\/piensa-dimitir-arnaldo-otegi\\\/\"},\"wordCount\":594,\"commentCount\":0,\"publisher\":{\"@id\":\"https:\\\/\\\/www.revistarambla.com\\\/#organization\"},\"image\":{\"@id\":\"https:\\\/\\\/www.revistarambla.com\\\/piensa-dimitir-arnaldo-otegi\\\/#primaryimage\"},\"thumbnailUrl\":\"https:\\\/\\\/www.revistarambla.com\\\/wp-content\\\/uploads\\\/2020\\\/12\\\/1024px-Argazkilaria_Aritz_Loiola_37089390606.jpg\",\"articleSection\":[\"Opiniones\"],\"inLanguage\":\"en-GB\",\"potentialAction\":[{\"@type\":\"CommentAction\",\"name\":\"Comment\",\"target\":[\"https:\\\/\\\/www.revistarambla.com\\\/piensa-dimitir-arnaldo-otegi\\\/#respond\"]}]},{\"@type\":\"WebPage\",\"@id\":\"https:\\\/\\\/www.revistarambla.com\\\/piensa-dimitir-arnaldo-otegi\\\/\",\"url\":\"https:\\\/\\\/www.revistarambla.com\\\/piensa-dimitir-arnaldo-otegi\\\/\",\"name\":\"\u00bfPiensa dimitir Arnaldo Otegi? - Revista Rambla\",\"isPartOf\":{\"@id\":\"https:\\\/\\\/www.revistarambla.com\\\/#website\"},\"primaryImageOfPage\":{\"@id\":\"https:\\\/\\\/www.revistarambla.com\\\/piensa-dimitir-arnaldo-otegi\\\/#primaryimage\"},\"image\":{\"@id\":\"https:\\\/\\\/www.revistarambla.com\\\/piensa-dimitir-arnaldo-otegi\\\/#primaryimage\"},\"thumbnailUrl\":\"https:\\\/\\\/www.revistarambla.com\\\/wp-content\\\/uploads\\\/2020\\\/12\\\/1024px-Argazkilaria_Aritz_Loiola_37089390606.jpg\",\"datePublished\":\"2020-12-14T17:50:10+00:00\",\"dateModified\":\"2021-12-07T15:12:41+00:00\",\"breadcrumb\":{\"@id\":\"https:\\\/\\\/www.revistarambla.com\\\/piensa-dimitir-arnaldo-otegi\\\/#breadcrumb\"},\"inLanguage\":\"en-GB\",\"potentialAction\":[{\"@type\":\"ReadAction\",\"target\":[\"https:\\\/\\\/www.revistarambla.com\\\/piensa-dimitir-arnaldo-otegi\\\/\"]}]},{\"@type\":\"ImageObject\",\"inLanguage\":\"en-GB\",\"@id\":\"https:\\\/\\\/www.revistarambla.com\\\/piensa-dimitir-arnaldo-otegi\\\/#primaryimage\",\"url\":\"https:\\\/\\\/www.revistarambla.com\\\/wp-content\\\/uploads\\\/2020\\\/12\\\/1024px-Argazkilaria_Aritz_Loiola_37089390606.jpg\",\"contentUrl\":\"https:\\\/\\\/www.revistarambla.com\\\/wp-content\\\/uploads\\\/2020\\\/12\\\/1024px-Argazkilaria_Aritz_Loiola_37089390606.jpg\",\"width\":1024,\"height\":683,\"caption\":\"Manifestaci\u00f3n de Gure Esku Dago a favor de Catalunya\"},{\"@type\":\"BreadcrumbList\",\"@id\":\"https:\\\/\\\/www.revistarambla.com\\\/piensa-dimitir-arnaldo-otegi\\\/#breadcrumb\",\"itemListElement\":[{\"@type\":\"ListItem\",\"position\":1,\"name\":\"Portada\",\"item\":\"https:\\\/\\\/www.revistarambla.com\\\/\"},{\"@type\":\"ListItem\",\"position\":2,\"name\":\"\u00bfPiensa dimitir Arnaldo Otegi?\"}]},{\"@type\":\"WebSite\",\"@id\":\"https:\\\/\\\/www.revistarambla.com\\\/#website\",\"url\":\"https:\\\/\\\/www.revistarambla.com\\\/\",\"name\":\"Revista Rambla Barcelona\",\"description\":\"Periodismo independiente\",\"publisher\":{\"@id\":\"https:\\\/\\\/www.revistarambla.com\\\/#organization\"},\"potentialAction\":[{\"@type\":\"SearchAction\",\"target\":{\"@type\":\"EntryPoint\",\"urlTemplate\":\"https:\\\/\\\/www.revistarambla.com\\\/?s={search_term_string}\"},\"query-input\":{\"@type\":\"PropertyValueSpecification\",\"valueRequired\":true,\"valueName\":\"search_term_string\"}}],\"inLanguage\":\"en-GB\"},{\"@type\":\"Organization\",\"@id\":\"https:\\\/\\\/www.revistarambla.com\\\/#organization\",\"name\":\"Revista Rambla\",\"url\":\"https:\\\/\\\/www.revistarambla.com\\\/\",\"logo\":{\"@type\":\"ImageObject\",\"inLanguage\":\"en-GB\",\"@id\":\"https:\\\/\\\/www.revistarambla.com\\\/#\\\/schema\\\/logo\\\/image\\\/\",\"url\":\"https:\\\/\\\/www.revistarambla.com\\\/wp-content\\\/uploads\\\/2020\\\/09\\\/banner_rambla_1900x600_BB.png\",\"contentUrl\":\"https:\\\/\\\/www.revistarambla.com\\\/wp-content\\\/uploads\\\/2020\\\/09\\\/banner_rambla_1900x600_BB.png\",\"width\":1900,\"height\":600,\"caption\":\"Revista Rambla\"},\"image\":{\"@id\":\"https:\\\/\\\/www.revistarambla.com\\\/#\\\/schema\\\/logo\\\/image\\\/\"},\"sameAs\":[\"https:\\\/\\\/www.facebook.com\\\/revistarambla\\\/\",\"https:\\\/\\\/x.com\\\/revistarambla\",\"https:\\\/\\\/www.instagram.com\\\/revista_rambla\",\"https:\\\/\\\/es.linkedin.com\\\/company\\\/revista-rambla\"]},{\"@type\":\"Person\",\"@id\":\"https:\\\/\\\/www.revistarambla.com\\\/#\\\/schema\\\/person\\\/23a7868ff10cd88f8fdb045c7b7e4a4d\",\"name\":\"Germ\u00e1n Gorraiz L\u00f3pez\",\"description\":\"Nacido en Navarra en 1957. Escribe an\u00e1lisis sobre temas econ\u00f3micos y geopol\u00edticos. Es miembro de Attac-Navarra. Colabora habitualmente en varios medios digitales e impresos espa\u00f1oles y latinoamericanos.\"}]}<\/script>\n<!-- \/ Yoast SEO plugin. -->","yoast_head_json":{"title":"\u00bfPiensa dimitir Arnaldo Otegi? - Revista Rambla","robots":{"index":"index","follow":"follow","max-snippet":"max-snippet:-1","max-image-preview":"max-image-preview:large","max-video-preview":"max-video-preview:-1"},"canonical":"https:\/\/www.revistarambla.com\/en\/piensa-dimitir-arnaldo-otegi\/","og_locale":"en_GB","og_type":"article","og_title":"\u00bfPiensa dimitir Arnaldo Otegi? - Revista Rambla","og_description":"No ser\u00eda descartable la presentaci\u00f3n de su dimisi\u00f3n como l\u00edder de EH Bildu, movimiento audaz que representar\u00e1 para Bildu recuperar la legitimidad democr\u00e1tica que siempre se le ha negado","og_url":"https:\/\/www.revistarambla.com\/en\/piensa-dimitir-arnaldo-otegi\/","og_site_name":"Revista Rambla","article_publisher":"https:\/\/www.facebook.com\/revistarambla\/","article_published_time":"2020-12-14T17:50:10+00:00","article_modified_time":"2021-12-07T15:12:41+00:00","og_image":[{"width":1024,"height":683,"url":"https:\/\/www.revistarambla.com\/wp-content\/uploads\/2020\/12\/1024px-Argazkilaria_Aritz_Loiola_37089390606.jpg","type":"image\/jpeg"}],"author":"Germ\u00e1n Gorraiz L\u00f3pez","twitter_card":"summary_large_image","twitter_creator":"@revistarambla","twitter_site":"@revistarambla","twitter_misc":{"Written by":"Germ\u00e1n Gorraiz L\u00f3pez","Estimated reading time":"3 minutes"},"schema":{"@context":"https:\/\/schema.org","@graph":[{"@type":"Article","@id":"https:\/\/www.revistarambla.com\/piensa-dimitir-arnaldo-otegi\/#article","isPartOf":{"@id":"https:\/\/www.revistarambla.com\/piensa-dimitir-arnaldo-otegi\/"},"author":{"name":"Germ\u00e1n Gorraiz L\u00f3pez","@id":"https:\/\/www.revistarambla.com\/#\/schema\/person\/23a7868ff10cd88f8fdb045c7b7e4a4d"},"headline":"\u00bfPiensa dimitir Arnaldo Otegi?","datePublished":"2020-12-14T17:50:10+00:00","dateModified":"2021-12-07T15:12:41+00:00","mainEntityOfPage":{"@id":"https:\/\/www.revistarambla.com\/piensa-dimitir-arnaldo-otegi\/"},"wordCount":594,"commentCount":0,"publisher":{"@id":"https:\/\/www.revistarambla.com\/#organization"},"image":{"@id":"https:\/\/www.revistarambla.com\/piensa-dimitir-arnaldo-otegi\/#primaryimage"},"thumbnailUrl":"https:\/\/www.revistarambla.com\/wp-content\/uploads\/2020\/12\/1024px-Argazkilaria_Aritz_Loiola_37089390606.jpg","articleSection":["Opiniones"],"inLanguage":"en-GB","potentialAction":[{"@type":"CommentAction","name":"Comment","target":["https:\/\/www.revistarambla.com\/piensa-dimitir-arnaldo-otegi\/#respond"]}]},{"@type":"WebPage","@id":"https:\/\/www.revistarambla.com\/piensa-dimitir-arnaldo-otegi\/","url":"https:\/\/www.revistarambla.com\/piensa-dimitir-arnaldo-otegi\/","name":"\u00bfPiensa dimitir Arnaldo Otegi? - Revista Rambla","isPartOf":{"@id":"https:\/\/www.revistarambla.com\/#website"},"primaryImageOfPage":{"@id":"https:\/\/www.revistarambla.com\/piensa-dimitir-arnaldo-otegi\/#primaryimage"},"image":{"@id":"https:\/\/www.revistarambla.com\/piensa-dimitir-arnaldo-otegi\/#primaryimage"},"thumbnailUrl":"https:\/\/www.revistarambla.com\/wp-content\/uploads\/2020\/12\/1024px-Argazkilaria_Aritz_Loiola_37089390606.jpg","datePublished":"2020-12-14T17:50:10+00:00","dateModified":"2021-12-07T15:12:41+00:00","breadcrumb":{"@id":"https:\/\/www.revistarambla.com\/piensa-dimitir-arnaldo-otegi\/#breadcrumb"},"inLanguage":"en-GB","potentialAction":[{"@type":"ReadAction","target":["https:\/\/www.revistarambla.com\/piensa-dimitir-arnaldo-otegi\/"]}]},{"@type":"ImageObject","inLanguage":"en-GB","@id":"https:\/\/www.revistarambla.com\/piensa-dimitir-arnaldo-otegi\/#primaryimage","url":"https:\/\/www.revistarambla.com\/wp-content\/uploads\/2020\/12\/1024px-Argazkilaria_Aritz_Loiola_37089390606.jpg","contentUrl":"https:\/\/www.revistarambla.com\/wp-content\/uploads\/2020\/12\/1024px-Argazkilaria_Aritz_Loiola_37089390606.jpg","width":1024,"height":683,"caption":"Manifestaci\u00f3n de Gure Esku Dago a favor de Catalunya"},{"@type":"BreadcrumbList","@id":"https:\/\/www.revistarambla.com\/piensa-dimitir-arnaldo-otegi\/#breadcrumb","itemListElement":[{"@type":"ListItem","position":1,"name":"Portada","item":"https:\/\/www.revistarambla.com\/"},{"@type":"ListItem","position":2,"name":"\u00bfPiensa dimitir Arnaldo Otegi?"}]},{"@type":"WebSite","@id":"https:\/\/www.revistarambla.com\/#website","url":"https:\/\/www.revistarambla.com\/","name":"Revista Rambla Barcelona","description":"Periodismo independiente","publisher":{"@id":"https:\/\/www.revistarambla.com\/#organization"},"potentialAction":[{"@type":"SearchAction","target":{"@type":"EntryPoint","urlTemplate":"https:\/\/www.revistarambla.com\/?s={search_term_string}"},"query-input":{"@type":"PropertyValueSpecification","valueRequired":true,"valueName":"search_term_string"}}],"inLanguage":"en-GB"},{"@type":"Organization","@id":"https:\/\/www.revistarambla.com\/#organization","name":"Revista Rambla","url":"https:\/\/www.revistarambla.com\/","logo":{"@type":"ImageObject","inLanguage":"en-GB","@id":"https:\/\/www.revistarambla.com\/#\/schema\/logo\/image\/","url":"https:\/\/www.revistarambla.com\/wp-content\/uploads\/2020\/09\/banner_rambla_1900x600_BB.png","contentUrl":"https:\/\/www.revistarambla.com\/wp-content\/uploads\/2020\/09\/banner_rambla_1900x600_BB.png","width":1900,"height":600,"caption":"Revista Rambla"},"image":{"@id":"https:\/\/www.revistarambla.com\/#\/schema\/logo\/image\/"},"sameAs":["https:\/\/www.facebook.com\/revistarambla\/","https:\/\/x.com\/revistarambla","https:\/\/www.instagram.com\/revista_rambla","https:\/\/es.linkedin.com\/company\/revista-rambla"]},{"@type":"Person","@id":"https:\/\/www.revistarambla.com\/#\/schema\/person\/23a7868ff10cd88f8fdb045c7b7e4a4d","name":"Germ\u00e1n Gorraiz L\u00f3pez","description":"Nacido en Navarra en 1957. Escribe an\u00e1lisis sobre temas econ\u00f3micos y geopol\u00edticos. Es miembro de Attac-Navarra. Colabora habitualmente en varios medios digitales e impresos espa\u00f1oles y latinoamericanos."}]}},"_links":{"self":[{"href":"https:\/\/www.revistarambla.com\/en\/wp-json\/wp\/v2\/posts\/25898","targetHints":{"allow":["GET"]}}],"collection":[{"href":"https:\/\/www.revistarambla.com\/en\/wp-json\/wp\/v2\/posts"}],"about":[{"href":"https:\/\/www.revistarambla.com\/en\/wp-json\/wp\/v2\/types\/post"}],"author":[{"embeddable":true,"href":"https:\/\/www.revistarambla.com\/en\/wp-json\/wp\/v2\/users\/16"}],"replies":[{"embeddable":true,"href":"https:\/\/www.revistarambla.com\/en\/wp-json\/wp\/v2\/comments?post=25898"}],"version-history":[{"count":0,"href":"https:\/\/www.revistarambla.com\/en\/wp-json\/wp\/v2\/posts\/25898\/revisions"}],"wp:featuredmedia":[{"embeddable":true,"href":"https:\/\/www.revistarambla.com\/en\/wp-json\/wp\/v2\/media\/25899"}],"wp:attachment":[{"href":"https:\/\/www.revistarambla.com\/en\/wp-json\/wp\/v2\/media?parent=25898"}],"wp:term":[{"taxonomy":"category","embeddable":true,"href":"https:\/\/www.revistarambla.com\/en\/wp-json\/wp\/v2\/categories?post=25898"},{"taxonomy":"post_tag","embeddable":true,"href":"https:\/\/www.revistarambla.com\/en\/wp-json\/wp\/v2\/tags?post=25898"}],"curies":[{"name":"wp","href":"https:\/\/api.w.org\/{rel}","templated":true}]}}