{"id":2577,"date":"2012-11-28T10:20:28","date_gmt":"2012-11-28T09:20:28","guid":{"rendered":"https:\/\/www.revistarambla.com\/artur-mas-el-mesias-sin-pueblo\/"},"modified":"2021-12-28T19:49:42","modified_gmt":"2021-12-28T18:49:42","slug":"artur-mas-el-mesias-sin-pueblo","status":"publish","type":"post","link":"https:\/\/www.revistarambla.com\/en\/artur-mas-el-mesias-sin-pueblo\/","title":{"rendered":"Artur Mas, el &#8216;mes\u00edas&#8217; sin pueblo"},"content":{"rendered":"<p>Artur Mas se presentaba en estas elecciones como el \u201cmes\u00edas\u201d, el \u201csalvador\u201d, del pueblo catal\u00e1n. As\u00ed lo dejaba claro su lema de campa\u00f1a, \u201cLa voluntad de un pueblo\u201d, con \u00e9l al frente. Pero parece que no escuch\u00f3 muy bien al pueblo. Al pueblo que no quiere recortes, ni desahucios, ni manipulaci\u00f3n medi\u00e1tica, ni pol\u00edticos corruptos\u2026 A Artur Mas, el gran estadista, le fall\u00f3 la br\u00fajula. Y as\u00ed se ha quedado, con un 30,61% de los votos y 50 esca\u00f1os pelados. A mucha distancia de los 68 diputados de la tan cacareada mayor\u00eda absoluta.<\/p>\n<figure style=\"width: 750px\" class=\"wp-caption aligncenter\"><a href=\"https:\/\/www.revistarambla.com\/en\/artur-mas-el-mesias-sin-pueblo\/alt-1759\/\"><img decoding=\"async\" src=\"https:\/\/www.revistarambla.com\/wp-content\/uploads\/2012\/11\/MAS_menos01.jpg\" alt=\"artur mas ilustraci\u00f3n\" width=\"750\" height=\"440\" \/><\/a><figcaption class=\"wp-caption-text\">Ilustra Evelio G\u00f3mez.<\/figcaption><\/figure>\n<p>Al presidente Artur Mas se le ha ca\u00eddo la careta, por m\u00e1s que se disfrace de independentista. Ante muchos, aparece como lo que es: la cabeza visible de un partido conservador, fiel al mundo empresarial y que siempre ha defendido el actual marco Constitucional. Muy pocos se creen ya sus mentiras. El resultado de estas elecciones no deja lugar a dudas, el escu\u00e1lido resultado de CiU, a pesar de poner toda la maquinaria pol\u00edtico-medi\u00e1tica a su servicio, y el buen resultado de fuerzas como ERC, ICV-EUiA y la CUP-AE, lo ponen de manifiesto.<\/p>\n<p>Una parte muy significativa del pueblo catal\u00e1n quiere decidir su futuro pero tambi\u00e9n quiere un futuro sin recortes, sin desahucios, sin despidos y sin corrupci\u00f3n. Ahora est\u00e1 por ver si ERC estar\u00e1 a la altura de las circunstancias y pondr\u00e1 al mismo nivel la defensa de los derechos nacionales y los derechos sociales o si contin\u00faa por la senda de la subalternidad a CiU, que ya sigui\u00f3 d\u00f3cilmente en la parte final de la reci\u00e9n terminada legislatura.<\/p>\n<p>Mientras, el PSC contin\u00faa en ca\u00edda libre. No tanto como se esperaba, pero ca\u00edda. Si en 1999 obtuvo el 38,2% de los votos, hoy s\u00f3lo cuenta con un 14,46% de los mismos, situ\u00e1ndose como tercera fuerza del arco parlamentario catal\u00e1n. Bye bye PSC, como antes le han dicho adi\u00f3s al PASOK en Grecia y al PSOE en el Estado espa\u00f1ol, es el otro mensaje de la jornada. La socialdemocracia se convirti\u00f3 hace a\u00f1os al social-liberalismo, aplica a rajatabla la pol\u00edtica que dicta el poder financiero y ha dejado desamparadas a sus bases sociales. Un Partit dels Socialistes Catalans que recorta como el que \u201cMas\u201d, y que a penas reconoce el derecho a decidir del pueblo de Catalunya.<\/p>\n<p>Y frente a un escenario pol\u00edtico-electoral centrado, interesadamente por CiU, en la cuesti\u00f3n nacional y en un contexto de auge de las fuerzas soberanistas, el otro lado de la balanza se ve, tambi\u00e9n, reforzado. De aqu\u00ed el \u00e9xito de Ciutadans, que triplica su representaci\u00f3n, y que mientras por un lado exalta la \u201cMadre Patria\u201d como \u201cuna grande y libre\u201d, por el otro denuncia oportunista y demag\u00f3gicamente la mala praxis pol\u00edtica, su supeditaci\u00f3n a la banca y los recortes econ\u00f3mico y sociales\u2026 conectando con amplias capas sociales hu\u00e9rfanas de un referente de izquierdas. Un \u00e9xito resultado del fracaso de conectar la lucha por el derecho a decidir con la lucha por los derechos sociales, la crisis y la precariedad. Una tarea estrat\u00e9gica para la izquierda catalana ayer, hoy y ma\u00f1ana.<\/p>\n<p>Masiva asistencia a las urnas ha sido otro de los titulares de la jornada. Y as\u00ed es. Casi un 70% de participaci\u00f3n, la m\u00e1s alta en unas elecciones al Parlamento catal\u00e1n. Que muestra el reinter\u00e9s social y ciudadano por intervenir en las cuestiones pol\u00edticas. En un momento donde se popularizan consignas del 15M como \u201cesto no es una crisis es una estafa\u201d y donde cada vez son m\u00e1s las personas que apuestan por otra salida a la crisis, la indignaci\u00f3n se empieza a visibilizar, de un modo u otro, en las urnas.<\/p>\n<p>La CUP-AE ha demostrado que s\u00ed se puede. Que a partir de un trabajo municipalista consolidado, con un programa de ruptura con el sistema, unos candidatos vinculados a las luchas sociales y conectando con el malestar social indignado que ocupa plazas, viviendas vac\u00edas, bancos y supermercados\u2026 es posible romper el cerco parlamentario y llenar un espacio existente pero hasta ahora vac\u00edo. La entrada de la CUP-AE en el Parlament se debe a que ha suscitado apoyos que van m\u00e1s all\u00e1 de la izquierda independentista, y que incluye a la izquierda anticapitalista y muchos activistas sociales. Y pone de manifiesto que tan importante como construir alternativas cotidianas y manifestarse en la calle es, tambi\u00e9n, necesario apostar por opciones pol\u00edticas que disputen la hegemon\u00eda a los mismos de siempre.<\/p>\n<p>Hoy quienes nos rebelamos, indignamos y desobedecemos podemos estar contentos. Artur Mas ya no suma, sino resta. Mas es menos. Su nuevo gobierno va a durar poco. Y una nueva voz se abre espacio en el teatro de la realpolitik. Que comience el espect\u00e1culo.<\/p>","protected":false},"excerpt":{"rendered":"<p>Artur Mas se presentaba en estas elecciones como el \u201cmes\u00edas\u201d, el \u201csalvador\u201d, del pueblo catal\u00e1n. As\u00ed lo dejaba claro su lema de campa\u00f1a, \u201cLa voluntad de un pueblo\u201d, con \u00e9l al frente. Pero parece que no escuch\u00f3 muy bien al pueblo. Al pueblo que no quiere recortes, ni desahucios, ni [&hellip;]<\/p>\n","protected":false},"author":88,"featured_media":0,"comment_status":"open","ping_status":"open","sticky":false,"template":"","format":"standard","meta":{"footnotes":""},"categories":[72],"tags":[],"class_list":["post-2577","post","type-post","status-publish","format-standard","hentry","category-opinion"],"yoast_head":"<!-- This site is optimized with the Yoast SEO plugin v27.5 - https:\/\/yoast.com\/product\/yoast-seo-wordpress\/ -->\n<title>Artur Mas, el &#039;mes\u00edas&#039; sin pueblo - Revista Rambla<\/title>\n<meta name=\"robots\" content=\"index, follow, max-snippet:-1, max-image-preview:large, max-video-preview:-1\" \/>\n<link rel=\"canonical\" href=\"https:\/\/www.revistarambla.com\/en\/artur-mas-el-mesias-sin-pueblo\/\" \/>\n<meta property=\"og:locale\" content=\"en_GB\" \/>\n<meta property=\"og:type\" content=\"article\" \/>\n<meta property=\"og:title\" content=\"Artur Mas, el &#039;mes\u00edas&#039; sin pueblo - Revista Rambla\" \/>\n<meta property=\"og:description\" content=\"Artur Mas se presentaba en estas elecciones como el \u201cmes\u00edas\u201d, el \u201csalvador\u201d, del pueblo catal\u00e1n. As\u00ed lo dejaba claro su lema de campa\u00f1a, \u201cLa voluntad de un pueblo\u201d, con \u00e9l al frente. Pero parece que no escuch\u00f3 muy bien al pueblo. Al pueblo que no quiere recortes, ni desahucios, ni [&hellip;]\" \/>\n<meta property=\"og:url\" content=\"https:\/\/www.revistarambla.com\/en\/artur-mas-el-mesias-sin-pueblo\/\" \/>\n<meta property=\"og:site_name\" content=\"Revista Rambla\" \/>\n<meta property=\"article:publisher\" content=\"https:\/\/www.facebook.com\/revistarambla\/\" \/>\n<meta property=\"article:author\" content=\"https:\/\/www.facebook.com\/esthervivasesteve\/\" \/>\n<meta property=\"article:published_time\" content=\"2012-11-28T09:20:28+00:00\" \/>\n<meta property=\"article:modified_time\" content=\"2021-12-28T18:49:42+00:00\" \/>\n<meta property=\"og:image\" content=\"https:\/\/www.revistarambla.com\/wp-content\/uploads\/2012\/11\/MAS_menos01.jpg\" \/>\n\t<meta property=\"og:image:width\" content=\"682\" \/>\n\t<meta property=\"og:image:height\" content=\"400\" \/>\n\t<meta property=\"og:image:type\" content=\"image\/jpeg\" \/>\n<meta name=\"author\" content=\"Esther Vivas Esteve\" \/>\n<meta name=\"twitter:card\" content=\"summary_large_image\" \/>\n<meta name=\"twitter:creator\" content=\"@esthervivas\" \/>\n<meta name=\"twitter:site\" content=\"@revistarambla\" \/>\n<meta name=\"twitter:label1\" content=\"Written by\" \/>\n\t<meta name=\"twitter:data1\" content=\"Esther Vivas Esteve\" \/>\n\t<meta name=\"twitter:label2\" content=\"Estimated reading time\" \/>\n\t<meta name=\"twitter:data2\" content=\"4 minutes\" \/>\n<script type=\"application\/ld+json\" class=\"yoast-schema-graph\">{\"@context\":\"https:\\\/\\\/schema.org\",\"@graph\":[{\"@type\":\"Article\",\"@id\":\"https:\\\/\\\/www.revistarambla.com\\\/artur-mas-el-mesias-sin-pueblo\\\/#article\",\"isPartOf\":{\"@id\":\"https:\\\/\\\/www.revistarambla.com\\\/artur-mas-el-mesias-sin-pueblo\\\/\"},\"author\":{\"name\":\"Esther Vivas Esteve\",\"@id\":\"https:\\\/\\\/www.revistarambla.com\\\/#\\\/schema\\\/person\\\/1adbf6b8600a7101479ff20c62481633\"},\"headline\":\"Artur Mas, el &#8216;mes\u00edas&#8217; sin pueblo\",\"datePublished\":\"2012-11-28T09:20:28+00:00\",\"dateModified\":\"2021-12-28T18:49:42+00:00\",\"mainEntityOfPage\":{\"@id\":\"https:\\\/\\\/www.revistarambla.com\\\/artur-mas-el-mesias-sin-pueblo\\\/\"},\"wordCount\":837,\"commentCount\":0,\"publisher\":{\"@id\":\"https:\\\/\\\/www.revistarambla.com\\\/#organization\"},\"image\":{\"@id\":\"https:\\\/\\\/www.revistarambla.com\\\/artur-mas-el-mesias-sin-pueblo\\\/#primaryimage\"},\"thumbnailUrl\":\"https:\\\/\\\/www.revistarambla.com\\\/wp-content\\\/uploads\\\/2012\\\/11\\\/MAS_menos01.jpg\",\"articleSection\":[\"Opiniones\"],\"inLanguage\":\"en-GB\",\"potentialAction\":[{\"@type\":\"CommentAction\",\"name\":\"Comment\",\"target\":[\"https:\\\/\\\/www.revistarambla.com\\\/artur-mas-el-mesias-sin-pueblo\\\/#respond\"]}]},{\"@type\":\"WebPage\",\"@id\":\"https:\\\/\\\/www.revistarambla.com\\\/artur-mas-el-mesias-sin-pueblo\\\/\",\"url\":\"https:\\\/\\\/www.revistarambla.com\\\/artur-mas-el-mesias-sin-pueblo\\\/\",\"name\":\"Artur Mas, el 'mes\u00edas' sin pueblo - Revista Rambla\",\"isPartOf\":{\"@id\":\"https:\\\/\\\/www.revistarambla.com\\\/#website\"},\"primaryImageOfPage\":{\"@id\":\"https:\\\/\\\/www.revistarambla.com\\\/artur-mas-el-mesias-sin-pueblo\\\/#primaryimage\"},\"image\":{\"@id\":\"https:\\\/\\\/www.revistarambla.com\\\/artur-mas-el-mesias-sin-pueblo\\\/#primaryimage\"},\"thumbnailUrl\":\"https:\\\/\\\/www.revistarambla.com\\\/wp-content\\\/uploads\\\/2012\\\/11\\\/MAS_menos01.jpg\",\"datePublished\":\"2012-11-28T09:20:28+00:00\",\"dateModified\":\"2021-12-28T18:49:42+00:00\",\"breadcrumb\":{\"@id\":\"https:\\\/\\\/www.revistarambla.com\\\/artur-mas-el-mesias-sin-pueblo\\\/#breadcrumb\"},\"inLanguage\":\"en-GB\",\"potentialAction\":[{\"@type\":\"ReadAction\",\"target\":[\"https:\\\/\\\/www.revistarambla.com\\\/artur-mas-el-mesias-sin-pueblo\\\/\"]}]},{\"@type\":\"ImageObject\",\"inLanguage\":\"en-GB\",\"@id\":\"https:\\\/\\\/www.revistarambla.com\\\/artur-mas-el-mesias-sin-pueblo\\\/#primaryimage\",\"url\":\"https:\\\/\\\/www.revistarambla.com\\\/wp-content\\\/uploads\\\/2012\\\/11\\\/MAS_menos01.jpg\",\"contentUrl\":\"https:\\\/\\\/www.revistarambla.com\\\/wp-content\\\/uploads\\\/2012\\\/11\\\/MAS_menos01.jpg\"},{\"@type\":\"BreadcrumbList\",\"@id\":\"https:\\\/\\\/www.revistarambla.com\\\/artur-mas-el-mesias-sin-pueblo\\\/#breadcrumb\",\"itemListElement\":[{\"@type\":\"ListItem\",\"position\":1,\"name\":\"Portada\",\"item\":\"https:\\\/\\\/www.revistarambla.com\\\/\"},{\"@type\":\"ListItem\",\"position\":2,\"name\":\"Artur Mas, el &#8216;mes\u00edas&#8217; sin pueblo\"}]},{\"@type\":\"WebSite\",\"@id\":\"https:\\\/\\\/www.revistarambla.com\\\/#website\",\"url\":\"https:\\\/\\\/www.revistarambla.com\\\/\",\"name\":\"Revista Rambla Barcelona\",\"description\":\"Periodismo independiente\",\"publisher\":{\"@id\":\"https:\\\/\\\/www.revistarambla.com\\\/#organization\"},\"potentialAction\":[{\"@type\":\"SearchAction\",\"target\":{\"@type\":\"EntryPoint\",\"urlTemplate\":\"https:\\\/\\\/www.revistarambla.com\\\/?s={search_term_string}\"},\"query-input\":{\"@type\":\"PropertyValueSpecification\",\"valueRequired\":true,\"valueName\":\"search_term_string\"}}],\"inLanguage\":\"en-GB\"},{\"@type\":\"Organization\",\"@id\":\"https:\\\/\\\/www.revistarambla.com\\\/#organization\",\"name\":\"Revista Rambla\",\"url\":\"https:\\\/\\\/www.revistarambla.com\\\/\",\"logo\":{\"@type\":\"ImageObject\",\"inLanguage\":\"en-GB\",\"@id\":\"https:\\\/\\\/www.revistarambla.com\\\/#\\\/schema\\\/logo\\\/image\\\/\",\"url\":\"https:\\\/\\\/www.revistarambla.com\\\/wp-content\\\/uploads\\\/2020\\\/09\\\/banner_rambla_1900x600_BB.png\",\"contentUrl\":\"https:\\\/\\\/www.revistarambla.com\\\/wp-content\\\/uploads\\\/2020\\\/09\\\/banner_rambla_1900x600_BB.png\",\"width\":1900,\"height\":600,\"caption\":\"Revista Rambla\"},\"image\":{\"@id\":\"https:\\\/\\\/www.revistarambla.com\\\/#\\\/schema\\\/logo\\\/image\\\/\"},\"sameAs\":[\"https:\\\/\\\/www.facebook.com\\\/revistarambla\\\/\",\"https:\\\/\\\/x.com\\\/revistarambla\",\"https:\\\/\\\/www.instagram.com\\\/revista_rambla\",\"https:\\\/\\\/es.linkedin.com\\\/company\\\/revista-rambla\"]},{\"@type\":\"Person\",\"@id\":\"https:\\\/\\\/www.revistarambla.com\\\/#\\\/schema\\\/person\\\/1adbf6b8600a7101479ff20c62481633\",\"name\":\"Esther Vivas Esteve\",\"description\":\"Periodista y autora de diversos libros y publicaciones sobre movimientos sociales, consumo responsable y maternidades. Ha participado en el movimiento antiglobalizaci\u00f3n y contra la guerra en Barcelona, as\u00ed como en distintas ediciones del Foro Social Mundial, el Foro Social Europeo y el Foro Social Catal\u00e1n. En la actualidad, sus posiciones pol\u00edticas se integran en el independentismo catal\u00e1n.\",\"sameAs\":[\"https:\\\/\\\/esthervivas.com\\\/\",\"https:\\\/\\\/www.facebook.com\\\/esthervivasesteve\\\/\",\"https:\\\/\\\/www.instagram.com\\\/esthervivasesteve\\\/\",\"https:\\\/\\\/x.com\\\/esthervivas\",\"https:\\\/\\\/es.wikipedia.org\\\/wiki\\\/Esther_Vivas\"]}]}<\/script>\n<!-- \/ Yoast SEO plugin. -->","yoast_head_json":{"title":"Artur Mas, el 'mes\u00edas' sin pueblo - Revista Rambla","robots":{"index":"index","follow":"follow","max-snippet":"max-snippet:-1","max-image-preview":"max-image-preview:large","max-video-preview":"max-video-preview:-1"},"canonical":"https:\/\/www.revistarambla.com\/en\/artur-mas-el-mesias-sin-pueblo\/","og_locale":"en_GB","og_type":"article","og_title":"Artur Mas, el 'mes\u00edas' sin pueblo - Revista Rambla","og_description":"Artur Mas se presentaba en estas elecciones como el \u201cmes\u00edas\u201d, el \u201csalvador\u201d, del pueblo catal\u00e1n. As\u00ed lo dejaba claro su lema de campa\u00f1a, \u201cLa voluntad de un pueblo\u201d, con \u00e9l al frente. Pero parece que no escuch\u00f3 muy bien al pueblo. Al pueblo que no quiere recortes, ni desahucios, ni [&hellip;]","og_url":"https:\/\/www.revistarambla.com\/en\/artur-mas-el-mesias-sin-pueblo\/","og_site_name":"Revista Rambla","article_publisher":"https:\/\/www.facebook.com\/revistarambla\/","article_author":"https:\/\/www.facebook.com\/esthervivasesteve\/","article_published_time":"2012-11-28T09:20:28+00:00","article_modified_time":"2021-12-28T18:49:42+00:00","og_image":[{"width":682,"height":400,"url":"https:\/\/www.revistarambla.com\/wp-content\/uploads\/2012\/11\/MAS_menos01.jpg","type":"image\/jpeg"}],"author":"Esther Vivas Esteve","twitter_card":"summary_large_image","twitter_creator":"@esthervivas","twitter_site":"@revistarambla","twitter_misc":{"Written by":"Esther Vivas Esteve","Estimated reading time":"4 minutes"},"schema":{"@context":"https:\/\/schema.org","@graph":[{"@type":"Article","@id":"https:\/\/www.revistarambla.com\/artur-mas-el-mesias-sin-pueblo\/#article","isPartOf":{"@id":"https:\/\/www.revistarambla.com\/artur-mas-el-mesias-sin-pueblo\/"},"author":{"name":"Esther Vivas Esteve","@id":"https:\/\/www.revistarambla.com\/#\/schema\/person\/1adbf6b8600a7101479ff20c62481633"},"headline":"Artur Mas, el &#8216;mes\u00edas&#8217; sin pueblo","datePublished":"2012-11-28T09:20:28+00:00","dateModified":"2021-12-28T18:49:42+00:00","mainEntityOfPage":{"@id":"https:\/\/www.revistarambla.com\/artur-mas-el-mesias-sin-pueblo\/"},"wordCount":837,"commentCount":0,"publisher":{"@id":"https:\/\/www.revistarambla.com\/#organization"},"image":{"@id":"https:\/\/www.revistarambla.com\/artur-mas-el-mesias-sin-pueblo\/#primaryimage"},"thumbnailUrl":"https:\/\/www.revistarambla.com\/wp-content\/uploads\/2012\/11\/MAS_menos01.jpg","articleSection":["Opiniones"],"inLanguage":"en-GB","potentialAction":[{"@type":"CommentAction","name":"Comment","target":["https:\/\/www.revistarambla.com\/artur-mas-el-mesias-sin-pueblo\/#respond"]}]},{"@type":"WebPage","@id":"https:\/\/www.revistarambla.com\/artur-mas-el-mesias-sin-pueblo\/","url":"https:\/\/www.revistarambla.com\/artur-mas-el-mesias-sin-pueblo\/","name":"Artur Mas, el 'mes\u00edas' sin pueblo - Revista Rambla","isPartOf":{"@id":"https:\/\/www.revistarambla.com\/#website"},"primaryImageOfPage":{"@id":"https:\/\/www.revistarambla.com\/artur-mas-el-mesias-sin-pueblo\/#primaryimage"},"image":{"@id":"https:\/\/www.revistarambla.com\/artur-mas-el-mesias-sin-pueblo\/#primaryimage"},"thumbnailUrl":"https:\/\/www.revistarambla.com\/wp-content\/uploads\/2012\/11\/MAS_menos01.jpg","datePublished":"2012-11-28T09:20:28+00:00","dateModified":"2021-12-28T18:49:42+00:00","breadcrumb":{"@id":"https:\/\/www.revistarambla.com\/artur-mas-el-mesias-sin-pueblo\/#breadcrumb"},"inLanguage":"en-GB","potentialAction":[{"@type":"ReadAction","target":["https:\/\/www.revistarambla.com\/artur-mas-el-mesias-sin-pueblo\/"]}]},{"@type":"ImageObject","inLanguage":"en-GB","@id":"https:\/\/www.revistarambla.com\/artur-mas-el-mesias-sin-pueblo\/#primaryimage","url":"https:\/\/www.revistarambla.com\/wp-content\/uploads\/2012\/11\/MAS_menos01.jpg","contentUrl":"https:\/\/www.revistarambla.com\/wp-content\/uploads\/2012\/11\/MAS_menos01.jpg"},{"@type":"BreadcrumbList","@id":"https:\/\/www.revistarambla.com\/artur-mas-el-mesias-sin-pueblo\/#breadcrumb","itemListElement":[{"@type":"ListItem","position":1,"name":"Portada","item":"https:\/\/www.revistarambla.com\/"},{"@type":"ListItem","position":2,"name":"Artur Mas, el &#8216;mes\u00edas&#8217; sin pueblo"}]},{"@type":"WebSite","@id":"https:\/\/www.revistarambla.com\/#website","url":"https:\/\/www.revistarambla.com\/","name":"Revista Rambla Barcelona","description":"Periodismo independiente","publisher":{"@id":"https:\/\/www.revistarambla.com\/#organization"},"potentialAction":[{"@type":"SearchAction","target":{"@type":"EntryPoint","urlTemplate":"https:\/\/www.revistarambla.com\/?s={search_term_string}"},"query-input":{"@type":"PropertyValueSpecification","valueRequired":true,"valueName":"search_term_string"}}],"inLanguage":"en-GB"},{"@type":"Organization","@id":"https:\/\/www.revistarambla.com\/#organization","name":"Revista Rambla","url":"https:\/\/www.revistarambla.com\/","logo":{"@type":"ImageObject","inLanguage":"en-GB","@id":"https:\/\/www.revistarambla.com\/#\/schema\/logo\/image\/","url":"https:\/\/www.revistarambla.com\/wp-content\/uploads\/2020\/09\/banner_rambla_1900x600_BB.png","contentUrl":"https:\/\/www.revistarambla.com\/wp-content\/uploads\/2020\/09\/banner_rambla_1900x600_BB.png","width":1900,"height":600,"caption":"Revista Rambla"},"image":{"@id":"https:\/\/www.revistarambla.com\/#\/schema\/logo\/image\/"},"sameAs":["https:\/\/www.facebook.com\/revistarambla\/","https:\/\/x.com\/revistarambla","https:\/\/www.instagram.com\/revista_rambla","https:\/\/es.linkedin.com\/company\/revista-rambla"]},{"@type":"Person","@id":"https:\/\/www.revistarambla.com\/#\/schema\/person\/1adbf6b8600a7101479ff20c62481633","name":"Esther Vivas Esteve","description":"Periodista y autora de diversos libros y publicaciones sobre movimientos sociales, consumo responsable y maternidades. Ha participado en el movimiento antiglobalizaci\u00f3n y contra la guerra en Barcelona, as\u00ed como en distintas ediciones del Foro Social Mundial, el Foro Social Europeo y el Foro Social Catal\u00e1n. En la actualidad, sus posiciones pol\u00edticas se integran en el independentismo catal\u00e1n.","sameAs":["https:\/\/esthervivas.com\/","https:\/\/www.facebook.com\/esthervivasesteve\/","https:\/\/www.instagram.com\/esthervivasesteve\/","https:\/\/x.com\/esthervivas","https:\/\/es.wikipedia.org\/wiki\/Esther_Vivas"]}]}},"_links":{"self":[{"href":"https:\/\/www.revistarambla.com\/en\/wp-json\/wp\/v2\/posts\/2577","targetHints":{"allow":["GET"]}}],"collection":[{"href":"https:\/\/www.revistarambla.com\/en\/wp-json\/wp\/v2\/posts"}],"about":[{"href":"https:\/\/www.revistarambla.com\/en\/wp-json\/wp\/v2\/types\/post"}],"author":[{"embeddable":true,"href":"https:\/\/www.revistarambla.com\/en\/wp-json\/wp\/v2\/users\/88"}],"replies":[{"embeddable":true,"href":"https:\/\/www.revistarambla.com\/en\/wp-json\/wp\/v2\/comments?post=2577"}],"version-history":[{"count":0,"href":"https:\/\/www.revistarambla.com\/en\/wp-json\/wp\/v2\/posts\/2577\/revisions"}],"wp:attachment":[{"href":"https:\/\/www.revistarambla.com\/en\/wp-json\/wp\/v2\/media?parent=2577"}],"wp:term":[{"taxonomy":"category","embeddable":true,"href":"https:\/\/www.revistarambla.com\/en\/wp-json\/wp\/v2\/categories?post=2577"},{"taxonomy":"post_tag","embeddable":true,"href":"https:\/\/www.revistarambla.com\/en\/wp-json\/wp\/v2\/tags?post=2577"}],"curies":[{"name":"wp","href":"https:\/\/api.w.org\/{rel}","templated":true}]}}