{"id":25769,"date":"2020-12-06T21:14:31","date_gmt":"2020-12-06T20:14:31","guid":{"rendered":"https:\/\/www.revistarambla.com\/?p=25769"},"modified":"2022-09-13T19:12:19","modified_gmt":"2022-09-13T17:12:19","slug":"ilustracion-30-anos-sin-concha-piquer","status":"publish","type":"post","link":"https:\/\/www.revistarambla.com\/en\/ilustracion-30-anos-sin-concha-piquer\/","title":{"rendered":"30 a\u00f1os sin Concha Piquer"},"content":{"rendered":"<p><img decoding=\"async\" class=\"wp-image-25770 size-large\" src=\"https:\/\/www.revistarambla.com\/wp-content\/uploads\/2020\/12\/piquer_2-732x1024.jpg\" alt=\"concha piquer\" width=\"640\" height=\"895\" srcset=\"https:\/\/www.revistarambla.com\/wp-content\/uploads\/2020\/12\/piquer_2-732x1024.jpg 732w, https:\/\/www.revistarambla.com\/wp-content\/uploads\/2020\/12\/piquer_2-214x300.jpg 214w, https:\/\/www.revistarambla.com\/wp-content\/uploads\/2020\/12\/piquer_2-768x1075.jpg 768w, https:\/\/www.revistarambla.com\/wp-content\/uploads\/2020\/12\/piquer_2-1098x1536.jpg 1098w, https:\/\/www.revistarambla.com\/wp-content\/uploads\/2020\/12\/piquer_2-1463x2048.jpg 1463w, https:\/\/www.revistarambla.com\/wp-content\/uploads\/2020\/12\/piquer_2-1024x1433.jpg 1024w, https:\/\/www.revistarambla.com\/wp-content\/uploads\/2020\/12\/piquer_2.jpg 1472w\" sizes=\"(max-width: 640px) 100vw, 640px\" \/><\/p>","protected":false},"excerpt":{"rendered":"","protected":false},"author":317,"featured_media":25770,"comment_status":"open","ping_status":"open","sticky":false,"template":"","format":"standard","meta":{"footnotes":""},"categories":[1579],"tags":[],"class_list":["post-25769","post","type-post","status-publish","format-standard","has-post-thumbnail","hentry","category-ilustraciones"],"yoast_head":"<!-- This site is optimized with the Yoast SEO plugin v27.5 - https:\/\/yoast.com\/product\/yoast-seo-wordpress\/ -->\n<title>30 a\u00f1os sin Concha Piquer - Revista Rambla<\/title>\n<meta name=\"robots\" content=\"index, follow, max-snippet:-1, max-image-preview:large, max-video-preview:-1\" \/>\n<link rel=\"canonical\" href=\"https:\/\/www.revistarambla.com\/en\/ilustracion-30-anos-sin-concha-piquer\/\" \/>\n<meta property=\"og:locale\" content=\"en_GB\" \/>\n<meta property=\"og:type\" content=\"article\" \/>\n<meta property=\"og:title\" content=\"30 a\u00f1os sin Concha Piquer - Revista Rambla\" \/>\n<meta property=\"og:url\" content=\"https:\/\/www.revistarambla.com\/en\/ilustracion-30-anos-sin-concha-piquer\/\" \/>\n<meta property=\"og:site_name\" content=\"Revista Rambla\" \/>\n<meta property=\"article:publisher\" content=\"https:\/\/www.facebook.com\/revistarambla\/\" \/>\n<meta property=\"article:published_time\" content=\"2020-12-06T20:14:31+00:00\" \/>\n<meta property=\"article:modified_time\" content=\"2022-09-13T17:12:19+00:00\" \/>\n<meta property=\"og:image\" content=\"https:\/\/www.revistarambla.com\/wp-content\/uploads\/2020\/12\/piquer_2.jpg\" \/>\n\t<meta property=\"og:image:width\" content=\"1472\" \/>\n\t<meta property=\"og:image:height\" content=\"2060\" \/>\n\t<meta property=\"og:image:type\" content=\"image\/jpeg\" \/>\n<meta name=\"author\" content=\"Jos\u00e9 Antonio Lara Cort\u00e9s\" \/>\n<meta name=\"twitter:card\" content=\"summary_large_image\" \/>\n<meta name=\"twitter:creator\" content=\"@revistarambla\" \/>\n<meta name=\"twitter:site\" content=\"@revistarambla\" \/>\n<meta name=\"twitter:label1\" content=\"Written by\" \/>\n\t<meta name=\"twitter:data1\" content=\"Jos\u00e9 Antonio Lara Cort\u00e9s\" \/>\n\t<meta name=\"twitter:label2\" content=\"Estimated reading time\" \/>\n\t<meta name=\"twitter:data2\" content=\"1 minute\" \/>\n<script type=\"application\/ld+json\" class=\"yoast-schema-graph\">{\"@context\":\"https:\\\/\\\/schema.org\",\"@graph\":[{\"@type\":\"Article\",\"@id\":\"https:\\\/\\\/www.revistarambla.com\\\/ilustracion-30-anos-sin-concha-piquer\\\/#article\",\"isPartOf\":{\"@id\":\"https:\\\/\\\/www.revistarambla.com\\\/ilustracion-30-anos-sin-concha-piquer\\\/\"},\"author\":{\"name\":\"Jos\u00e9 Antonio Lara Cort\u00e9s\",\"@id\":\"https:\\\/\\\/www.revistarambla.com\\\/#\\\/schema\\\/person\\\/aa289c4fc24aad1822af91781b1e8535\"},\"headline\":\"30 a\u00f1os sin Concha Piquer\",\"datePublished\":\"2020-12-06T20:14:31+00:00\",\"dateModified\":\"2022-09-13T17:12:19+00:00\",\"mainEntityOfPage\":{\"@id\":\"https:\\\/\\\/www.revistarambla.com\\\/ilustracion-30-anos-sin-concha-piquer\\\/\"},\"wordCount\":5,\"commentCount\":0,\"publisher\":{\"@id\":\"https:\\\/\\\/www.revistarambla.com\\\/#organization\"},\"image\":{\"@id\":\"https:\\\/\\\/www.revistarambla.com\\\/ilustracion-30-anos-sin-concha-piquer\\\/#primaryimage\"},\"thumbnailUrl\":\"https:\\\/\\\/www.revistarambla.com\\\/wp-content\\\/uploads\\\/2020\\\/12\\\/piquer_2.jpg\",\"articleSection\":[\"Ilustraciones\"],\"inLanguage\":\"en-GB\",\"potentialAction\":[{\"@type\":\"CommentAction\",\"name\":\"Comment\",\"target\":[\"https:\\\/\\\/www.revistarambla.com\\\/ilustracion-30-anos-sin-concha-piquer\\\/#respond\"]}]},{\"@type\":\"WebPage\",\"@id\":\"https:\\\/\\\/www.revistarambla.com\\\/ilustracion-30-anos-sin-concha-piquer\\\/\",\"url\":\"https:\\\/\\\/www.revistarambla.com\\\/ilustracion-30-anos-sin-concha-piquer\\\/\",\"name\":\"30 a\u00f1os sin Concha Piquer - Revista Rambla\",\"isPartOf\":{\"@id\":\"https:\\\/\\\/www.revistarambla.com\\\/#website\"},\"primaryImageOfPage\":{\"@id\":\"https:\\\/\\\/www.revistarambla.com\\\/ilustracion-30-anos-sin-concha-piquer\\\/#primaryimage\"},\"image\":{\"@id\":\"https:\\\/\\\/www.revistarambla.com\\\/ilustracion-30-anos-sin-concha-piquer\\\/#primaryimage\"},\"thumbnailUrl\":\"https:\\\/\\\/www.revistarambla.com\\\/wp-content\\\/uploads\\\/2020\\\/12\\\/piquer_2.jpg\",\"datePublished\":\"2020-12-06T20:14:31+00:00\",\"dateModified\":\"2022-09-13T17:12:19+00:00\",\"breadcrumb\":{\"@id\":\"https:\\\/\\\/www.revistarambla.com\\\/ilustracion-30-anos-sin-concha-piquer\\\/#breadcrumb\"},\"inLanguage\":\"en-GB\",\"potentialAction\":[{\"@type\":\"ReadAction\",\"target\":[\"https:\\\/\\\/www.revistarambla.com\\\/ilustracion-30-anos-sin-concha-piquer\\\/\"]}]},{\"@type\":\"ImageObject\",\"inLanguage\":\"en-GB\",\"@id\":\"https:\\\/\\\/www.revistarambla.com\\\/ilustracion-30-anos-sin-concha-piquer\\\/#primaryimage\",\"url\":\"https:\\\/\\\/www.revistarambla.com\\\/wp-content\\\/uploads\\\/2020\\\/12\\\/piquer_2.jpg\",\"contentUrl\":\"https:\\\/\\\/www.revistarambla.com\\\/wp-content\\\/uploads\\\/2020\\\/12\\\/piquer_2.jpg\",\"width\":1472,\"height\":2060},{\"@type\":\"BreadcrumbList\",\"@id\":\"https:\\\/\\\/www.revistarambla.com\\\/ilustracion-30-anos-sin-concha-piquer\\\/#breadcrumb\",\"itemListElement\":[{\"@type\":\"ListItem\",\"position\":1,\"name\":\"Portada\",\"item\":\"https:\\\/\\\/www.revistarambla.com\\\/\"},{\"@type\":\"ListItem\",\"position\":2,\"name\":\"30 a\u00f1os sin Concha Piquer\"}]},{\"@type\":\"WebSite\",\"@id\":\"https:\\\/\\\/www.revistarambla.com\\\/#website\",\"url\":\"https:\\\/\\\/www.revistarambla.com\\\/\",\"name\":\"Revista Rambla Barcelona\",\"description\":\"Periodismo independiente\",\"publisher\":{\"@id\":\"https:\\\/\\\/www.revistarambla.com\\\/#organization\"},\"potentialAction\":[{\"@type\":\"SearchAction\",\"target\":{\"@type\":\"EntryPoint\",\"urlTemplate\":\"https:\\\/\\\/www.revistarambla.com\\\/?s={search_term_string}\"},\"query-input\":{\"@type\":\"PropertyValueSpecification\",\"valueRequired\":true,\"valueName\":\"search_term_string\"}}],\"inLanguage\":\"en-GB\"},{\"@type\":\"Organization\",\"@id\":\"https:\\\/\\\/www.revistarambla.com\\\/#organization\",\"name\":\"Revista Rambla\",\"url\":\"https:\\\/\\\/www.revistarambla.com\\\/\",\"logo\":{\"@type\":\"ImageObject\",\"inLanguage\":\"en-GB\",\"@id\":\"https:\\\/\\\/www.revistarambla.com\\\/#\\\/schema\\\/logo\\\/image\\\/\",\"url\":\"https:\\\/\\\/www.revistarambla.com\\\/wp-content\\\/uploads\\\/2020\\\/09\\\/banner_rambla_1900x600_BB.png\",\"contentUrl\":\"https:\\\/\\\/www.revistarambla.com\\\/wp-content\\\/uploads\\\/2020\\\/09\\\/banner_rambla_1900x600_BB.png\",\"width\":1900,\"height\":600,\"caption\":\"Revista Rambla\"},\"image\":{\"@id\":\"https:\\\/\\\/www.revistarambla.com\\\/#\\\/schema\\\/logo\\\/image\\\/\"},\"sameAs\":[\"https:\\\/\\\/www.facebook.com\\\/revistarambla\\\/\",\"https:\\\/\\\/x.com\\\/revistarambla\",\"https:\\\/\\\/www.instagram.com\\\/revista_rambla\",\"https:\\\/\\\/es.linkedin.com\\\/company\\\/revista-rambla\"]},{\"@type\":\"Person\",\"@id\":\"https:\\\/\\\/www.revistarambla.com\\\/#\\\/schema\\\/person\\\/aa289c4fc24aad1822af91781b1e8535\",\"name\":\"Jos\u00e9 Antonio Lara Cort\u00e9s\",\"description\":\"Nac\u00ed en Barcelona el 9 de abril de 1995. Tengo formaci\u00f3n art\u00edstica y pedag\u00f3gica. Desde peque\u00f1o me ha interesado conocer y tratar las cosas desde un prisma muy personal. Quiz\u00e1 por mi formaci\u00f3n, la mayor\u00eda de lo que he aportado, siempre ha sido analizado y mostrado no antes, sin pasar por los filtros de unos valores que siempre han ido cambiando, pero que guardan una relaci\u00f3n com\u00fan: la de hacer una funci\u00f3n benefactora y justa.\",\"sameAs\":[\"https:\\\/\\\/www.linkedin.com\\\/in\\\/jos%C3%A9-antonio-lara-cort%C3%A9s-574b081b9\\\/\"]}]}<\/script>\n<!-- \/ Yoast SEO plugin. -->","yoast_head_json":{"title":"30 a\u00f1os sin Concha Piquer - Revista Rambla","robots":{"index":"index","follow":"follow","max-snippet":"max-snippet:-1","max-image-preview":"max-image-preview:large","max-video-preview":"max-video-preview:-1"},"canonical":"https:\/\/www.revistarambla.com\/en\/ilustracion-30-anos-sin-concha-piquer\/","og_locale":"en_GB","og_type":"article","og_title":"30 a\u00f1os sin Concha Piquer - Revista Rambla","og_url":"https:\/\/www.revistarambla.com\/en\/ilustracion-30-anos-sin-concha-piquer\/","og_site_name":"Revista Rambla","article_publisher":"https:\/\/www.facebook.com\/revistarambla\/","article_published_time":"2020-12-06T20:14:31+00:00","article_modified_time":"2022-09-13T17:12:19+00:00","og_image":[{"width":1472,"height":2060,"url":"https:\/\/www.revistarambla.com\/wp-content\/uploads\/2020\/12\/piquer_2.jpg","type":"image\/jpeg"}],"author":"Jos\u00e9 Antonio Lara Cort\u00e9s","twitter_card":"summary_large_image","twitter_creator":"@revistarambla","twitter_site":"@revistarambla","twitter_misc":{"Written by":"Jos\u00e9 Antonio Lara Cort\u00e9s","Estimated reading time":"1 minute"},"schema":{"@context":"https:\/\/schema.org","@graph":[{"@type":"Article","@id":"https:\/\/www.revistarambla.com\/ilustracion-30-anos-sin-concha-piquer\/#article","isPartOf":{"@id":"https:\/\/www.revistarambla.com\/ilustracion-30-anos-sin-concha-piquer\/"},"author":{"name":"Jos\u00e9 Antonio Lara Cort\u00e9s","@id":"https:\/\/www.revistarambla.com\/#\/schema\/person\/aa289c4fc24aad1822af91781b1e8535"},"headline":"30 a\u00f1os sin Concha Piquer","datePublished":"2020-12-06T20:14:31+00:00","dateModified":"2022-09-13T17:12:19+00:00","mainEntityOfPage":{"@id":"https:\/\/www.revistarambla.com\/ilustracion-30-anos-sin-concha-piquer\/"},"wordCount":5,"commentCount":0,"publisher":{"@id":"https:\/\/www.revistarambla.com\/#organization"},"image":{"@id":"https:\/\/www.revistarambla.com\/ilustracion-30-anos-sin-concha-piquer\/#primaryimage"},"thumbnailUrl":"https:\/\/www.revistarambla.com\/wp-content\/uploads\/2020\/12\/piquer_2.jpg","articleSection":["Ilustraciones"],"inLanguage":"en-GB","potentialAction":[{"@type":"CommentAction","name":"Comment","target":["https:\/\/www.revistarambla.com\/ilustracion-30-anos-sin-concha-piquer\/#respond"]}]},{"@type":"WebPage","@id":"https:\/\/www.revistarambla.com\/ilustracion-30-anos-sin-concha-piquer\/","url":"https:\/\/www.revistarambla.com\/ilustracion-30-anos-sin-concha-piquer\/","name":"30 a\u00f1os sin Concha Piquer - Revista Rambla","isPartOf":{"@id":"https:\/\/www.revistarambla.com\/#website"},"primaryImageOfPage":{"@id":"https:\/\/www.revistarambla.com\/ilustracion-30-anos-sin-concha-piquer\/#primaryimage"},"image":{"@id":"https:\/\/www.revistarambla.com\/ilustracion-30-anos-sin-concha-piquer\/#primaryimage"},"thumbnailUrl":"https:\/\/www.revistarambla.com\/wp-content\/uploads\/2020\/12\/piquer_2.jpg","datePublished":"2020-12-06T20:14:31+00:00","dateModified":"2022-09-13T17:12:19+00:00","breadcrumb":{"@id":"https:\/\/www.revistarambla.com\/ilustracion-30-anos-sin-concha-piquer\/#breadcrumb"},"inLanguage":"en-GB","potentialAction":[{"@type":"ReadAction","target":["https:\/\/www.revistarambla.com\/ilustracion-30-anos-sin-concha-piquer\/"]}]},{"@type":"ImageObject","inLanguage":"en-GB","@id":"https:\/\/www.revistarambla.com\/ilustracion-30-anos-sin-concha-piquer\/#primaryimage","url":"https:\/\/www.revistarambla.com\/wp-content\/uploads\/2020\/12\/piquer_2.jpg","contentUrl":"https:\/\/www.revistarambla.com\/wp-content\/uploads\/2020\/12\/piquer_2.jpg","width":1472,"height":2060},{"@type":"BreadcrumbList","@id":"https:\/\/www.revistarambla.com\/ilustracion-30-anos-sin-concha-piquer\/#breadcrumb","itemListElement":[{"@type":"ListItem","position":1,"name":"Portada","item":"https:\/\/www.revistarambla.com\/"},{"@type":"ListItem","position":2,"name":"30 a\u00f1os sin Concha Piquer"}]},{"@type":"WebSite","@id":"https:\/\/www.revistarambla.com\/#website","url":"https:\/\/www.revistarambla.com\/","name":"Revista Rambla Barcelona","description":"Periodismo independiente","publisher":{"@id":"https:\/\/www.revistarambla.com\/#organization"},"potentialAction":[{"@type":"SearchAction","target":{"@type":"EntryPoint","urlTemplate":"https:\/\/www.revistarambla.com\/?s={search_term_string}"},"query-input":{"@type":"PropertyValueSpecification","valueRequired":true,"valueName":"search_term_string"}}],"inLanguage":"en-GB"},{"@type":"Organization","@id":"https:\/\/www.revistarambla.com\/#organization","name":"Revista Rambla","url":"https:\/\/www.revistarambla.com\/","logo":{"@type":"ImageObject","inLanguage":"en-GB","@id":"https:\/\/www.revistarambla.com\/#\/schema\/logo\/image\/","url":"https:\/\/www.revistarambla.com\/wp-content\/uploads\/2020\/09\/banner_rambla_1900x600_BB.png","contentUrl":"https:\/\/www.revistarambla.com\/wp-content\/uploads\/2020\/09\/banner_rambla_1900x600_BB.png","width":1900,"height":600,"caption":"Revista Rambla"},"image":{"@id":"https:\/\/www.revistarambla.com\/#\/schema\/logo\/image\/"},"sameAs":["https:\/\/www.facebook.com\/revistarambla\/","https:\/\/x.com\/revistarambla","https:\/\/www.instagram.com\/revista_rambla","https:\/\/es.linkedin.com\/company\/revista-rambla"]},{"@type":"Person","@id":"https:\/\/www.revistarambla.com\/#\/schema\/person\/aa289c4fc24aad1822af91781b1e8535","name":"Jos\u00e9 Antonio Lara Cort\u00e9s","description":"Nac\u00ed en Barcelona el 9 de abril de 1995. Tengo formaci\u00f3n art\u00edstica y pedag\u00f3gica. Desde peque\u00f1o me ha interesado conocer y tratar las cosas desde un prisma muy personal. Quiz\u00e1 por mi formaci\u00f3n, la mayor\u00eda de lo que he aportado, siempre ha sido analizado y mostrado no antes, sin pasar por los filtros de unos valores que siempre han ido cambiando, pero que guardan una relaci\u00f3n com\u00fan: la de hacer una funci\u00f3n benefactora y justa.","sameAs":["https:\/\/www.linkedin.com\/in\/jos%C3%A9-antonio-lara-cort%C3%A9s-574b081b9\/"]}]}},"_links":{"self":[{"href":"https:\/\/www.revistarambla.com\/en\/wp-json\/wp\/v2\/posts\/25769","targetHints":{"allow":["GET"]}}],"collection":[{"href":"https:\/\/www.revistarambla.com\/en\/wp-json\/wp\/v2\/posts"}],"about":[{"href":"https:\/\/www.revistarambla.com\/en\/wp-json\/wp\/v2\/types\/post"}],"author":[{"embeddable":true,"href":"https:\/\/www.revistarambla.com\/en\/wp-json\/wp\/v2\/users\/317"}],"replies":[{"embeddable":true,"href":"https:\/\/www.revistarambla.com\/en\/wp-json\/wp\/v2\/comments?post=25769"}],"version-history":[{"count":1,"href":"https:\/\/www.revistarambla.com\/en\/wp-json\/wp\/v2\/posts\/25769\/revisions"}],"predecessor-version":[{"id":46577,"href":"https:\/\/www.revistarambla.com\/en\/wp-json\/wp\/v2\/posts\/25769\/revisions\/46577"}],"wp:featuredmedia":[{"embeddable":true,"href":"https:\/\/www.revistarambla.com\/en\/wp-json\/wp\/v2\/media\/25770"}],"wp:attachment":[{"href":"https:\/\/www.revistarambla.com\/en\/wp-json\/wp\/v2\/media?parent=25769"}],"wp:term":[{"taxonomy":"category","embeddable":true,"href":"https:\/\/www.revistarambla.com\/en\/wp-json\/wp\/v2\/categories?post=25769"},{"taxonomy":"post_tag","embeddable":true,"href":"https:\/\/www.revistarambla.com\/en\/wp-json\/wp\/v2\/tags?post=25769"}],"curies":[{"name":"wp","href":"https:\/\/api.w.org\/{rel}","templated":true}]}}