{"id":25743,"date":"2020-12-03T20:30:03","date_gmt":"2020-12-03T19:30:03","guid":{"rendered":"https:\/\/www.revistarambla.com\/?p=25743"},"modified":"2022-09-13T19:13:20","modified_gmt":"2022-09-13T17:13:20","slug":"de-mancos-a-djembereng-el-sonido-como-apuesta-de-vida","status":"publish","type":"post","link":"https:\/\/www.revistarambla.com\/en\/de-mancos-a-djembereng-el-sonido-como-apuesta-de-vida\/","title":{"rendered":"De Mancos a Djembereng: el sonido como apuesta de vida"},"content":{"rendered":"<figure id=\"attachment_25744\" aria-describedby=\"caption-attachment-25744\" style=\"width: 640px\" class=\"wp-caption aligncenter\"><img decoding=\"async\" class=\"wp-image-25744\" src=\"https:\/\/www.revistarambla.com\/wp-content\/uploads\/2020\/12\/OaYCWfS8toiwbbbrLvVrvA-300x148.jpeg\" alt=\"\" width=\"640\" height=\"317\" srcset=\"https:\/\/www.revistarambla.com\/wp-content\/uploads\/2020\/12\/OaYCWfS8toiwbbbrLvVrvA-300x148.jpeg 300w, https:\/\/www.revistarambla.com\/wp-content\/uploads\/2020\/12\/OaYCWfS8toiwbbbrLvVrvA.jpeg 768w\" sizes=\"(max-width: 640px) 100vw, 640px\" \/><figcaption id=\"caption-attachment-25744\" class=\"wp-caption-text\">La exposici\u00f3n es una experiencia de descubrimiento sonoro de la ciudad de Matar\u00f3. (culturamataro.cat)<\/figcaption><\/figure>\n<p style=\"text-align: left;\" align=\"JUSTIFY\"><span style=\"color: #000000;\">Una de las principales ense\u00f1anzas que nos vienen a la memoria cuando pensamos en el legado art\u00edstico de <strong>John Cage<\/strong> es que \u00abel silencio no existe\u00bb. Tambi\u00e9n podr\u00edamos entender esto como que el sonido es la m\u00fasica m\u00e1s verdadera que existe; su indeterminaci\u00f3n la convierte en real. Y en vital.<\/span><\/p>\n<p style=\"text-align: left;\" align=\"JUSTIFY\"><span style=\"color: #000000;\">Dentro de los sonidos productivos, regulares e interminables de las grandes urbes, tambi\u00e9n hay lo que se produce de forma ajena a todo, de forma instant\u00e1nea y an\u00f3nima: un sonido musitado, una gesticulaci\u00f3n espasm\u00f3dica, un tarareo, el intento de un ciudadano cualquiera en un barrio m\u00e1s, de conseguir un ritmo melodioso. Acciones inconscientes dotadas de una libertad circunstancial. Una reificaci\u00f3n a o\u00eddos del paseante silencioso que quiz\u00e1 no reconoce en s\u00ed mismo que su sonido a veces no lo produce \u00e9l.<\/span><\/p>\n<p style=\"text-align: left;\" align=\"JUSTIFY\"><span style=\"color: #000000;\">En momentos como los actuales, en los que se piensa el sonido que se hace o se piensa en el efecto que puede tener ese sonido o movimiento en uno mismo o en el resto de los cong\u00e9neres, puede ser una tarea beneficiosa recuperar el planteamiento de que el sonido y la gestualidad m\u00e1s desagradables o incomprensibles pueden ser un reflejo en la est\u00e9tica de las artes y sobre todo pueden representar una cotidianidad. Aunque en ciertas circunstancias se asocie a un desequilibrio personal, social o contextual.<\/span><\/p>\n<p style=\"text-align: left;\" align=\"JUSTIFY\"><span style=\"color: #000000;\">Como propuesta por recuperar el sonido producido o inconsciente de la ciudad de Matar\u00f3, <\/span><span style=\"color: #000000;\">poco antes de las anuales Jornadas Europeas de Patrimonio, se abri\u00f3 en <i>Can Marf\u00e0 G\u00e8nere de Punt<\/i> (secci\u00f3n textil del Museo de Matar\u00f3), <i>Matar\u00f3: De Mancos a Djembereng. Paisatge sonor d\u2019una ciutat<\/i>. <\/span><\/p>\n<p style=\"text-align: left;\" align=\"JUSTIFY\"><span style=\"color: #000000;\">Con objeto de ense\u00f1ar el patrimonio sonoro de la ciudad, la <i>Associaci\u00f3 de creaci\u00f3 documental Mapasonor<\/i>, ha registrado durante cinco a\u00f1os la sonoridad de un paisaje culturalmente rico: espect\u00e1culos, lamentos flamencos, el silbar del viento, ni\u00f1os jugando, el ruido del tr\u00e1fico, los diferentes ambientes festivos de <i>Les Santes<\/i>, etc.<\/span><\/p>\n<p style=\"text-align: left;\" align=\"JUSTIFY\"><span style=\"color: #000000;\">El concepto de la exposici\u00f3n se basa en criterios muy claros: por una parte tenemos un inter\u00e9s antropol\u00f3gico. En su diario de exposici\u00f3n <i>Matar\u00f3 en xifres<\/i>, se ve muy clara esta visi\u00f3n anal\u00edtica, pues se recogen datos demogr\u00e1ficos, socioecon\u00f3micos, geogr\u00e1ficos o territoriales, entre otros. Por otro lado, y desde este mismo inter\u00e9s, el contenido que deriva de este primer concepto, ser\u00edan las entrevistas realizadas a diferentes representantes de colectivos de la ciudad o personas que no pertenecen a ning\u00fan grupo pero tienen experiencias de vida para explicar.<\/span><\/p>\n<p style=\"text-align: left;\" align=\"JUSTIFY\"><span style=\"color: #000000;\">Por otra parte, encontramos el siguiente contenido: la experiencia inmersiva. Una inmersi\u00f3n sonora basada en el criterio o concepto etnomusicol\u00f3gico y est\u00e9tico. <\/span><\/p>\n<p style=\"text-align: left;\" align=\"JUSTIFY\"><span style=\"color: #000000;\">En la gran sala de esta exposici\u00f3n temporal, el visitante puede escuchar las entrevistas mediante auriculares, protegidos por cuestiones sanitarias, y aislados del paisaje sonoro registrado y editado que se reproduce a trav\u00e9s de altavoces.<\/span><\/p>\n<h4 align=\"JUSTIFY\"><span style=\"color: #000000;\"><i><b>Matar\u00f3: De Mancos a Djembereng. Paisatge sonor d\u2019una ciutat<\/b><\/i><\/span><\/h4>\n<p align=\"JUSTIFY\"><span style=\"color: #000000;\"><b>Fechas:<\/b> del 9 de octubre de 2020 al 11 de abril de 2021.<\/span><\/p>\n<p align=\"JUSTIFY\"><span style=\"color: #000000;\"><b>Horarios de apertura del museo:<\/b> jueves, de 17.00h a 20.00h; viernes, de 17.00h a 20.00h; s\u00e1bado, de 11.00h a 14.00h y de 17.00h a 20.00h; domingo, de 11.00h a 14.00h.<\/span><\/p>\n<p align=\"JUSTIFY\"><a href=\"https:\/\/www.revistarambla.com\/wp-content\/uploads\/2020\/12\/121727433_3665666246819420_4731053986869466200_o.jpg\"><img decoding=\"async\" class=\"aligncenter wp-image-25746\" src=\"https:\/\/www.revistarambla.com\/wp-content\/uploads\/2020\/12\/121727433_3665666246819420_4731053986869466200_o-300x182.jpg\" alt=\"\" width=\"640\" height=\"388\" srcset=\"https:\/\/www.revistarambla.com\/wp-content\/uploads\/2020\/12\/121727433_3665666246819420_4731053986869466200_o-300x182.jpg 300w, https:\/\/www.revistarambla.com\/wp-content\/uploads\/2020\/12\/121727433_3665666246819420_4731053986869466200_o-768x465.jpg 768w, https:\/\/www.revistarambla.com\/wp-content\/uploads\/2020\/12\/121727433_3665666246819420_4731053986869466200_o.jpg 1024w\" sizes=\"(max-width: 640px) 100vw, 640px\" \/><\/a><\/p>\n<p align=\"JUSTIFY\">","protected":false},"excerpt":{"rendered":"<p>La exposici\u00f3n tiene dos vertientes: el paisaje sonoro y la entrevista testimonial. Se podr\u00e1 visitar hasta el pr\u00f3ximo 11 de abril de 2021<\/p>","protected":false},"author":317,"featured_media":25744,"comment_status":"open","ping_status":"open","sticky":false,"template":"","format":"standard","meta":{"footnotes":""},"categories":[64],"tags":[],"class_list":["post-25743","post","type-post","status-publish","format-standard","has-post-thumbnail","hentry","category-arte"],"yoast_head":"<!-- This site is optimized with the Yoast SEO plugin v27.5 - https:\/\/yoast.com\/product\/yoast-seo-wordpress\/ -->\n<title>De Mancos a Djembereng: el sonido como apuesta de vida - Revista Rambla<\/title>\n<meta name=\"robots\" content=\"index, follow, max-snippet:-1, max-image-preview:large, max-video-preview:-1\" \/>\n<link rel=\"canonical\" href=\"https:\/\/www.revistarambla.com\/en\/de-mancos-a-djembereng-el-sonido-como-apuesta-de-vida\/\" \/>\n<meta property=\"og:locale\" content=\"en_GB\" \/>\n<meta property=\"og:type\" content=\"article\" \/>\n<meta property=\"og:title\" content=\"De Mancos a Djembereng: el sonido como apuesta de vida - Revista Rambla\" \/>\n<meta property=\"og:description\" content=\"La exposici\u00f3n tiene dos vertientes: el paisaje sonoro y la entrevista testimonial. Se podr\u00e1 visitar hasta el pr\u00f3ximo 11 de abril de 2021\" \/>\n<meta property=\"og:url\" content=\"https:\/\/www.revistarambla.com\/en\/de-mancos-a-djembereng-el-sonido-como-apuesta-de-vida\/\" \/>\n<meta property=\"og:site_name\" content=\"Revista Rambla\" \/>\n<meta property=\"article:publisher\" content=\"https:\/\/www.facebook.com\/revistarambla\/\" \/>\n<meta property=\"article:published_time\" content=\"2020-12-03T19:30:03+00:00\" \/>\n<meta property=\"article:modified_time\" content=\"2022-09-13T17:13:20+00:00\" \/>\n<meta property=\"og:image\" content=\"https:\/\/www.revistarambla.com\/wp-content\/uploads\/2020\/12\/OaYCWfS8toiwbbbrLvVrvA.jpeg\" \/>\n\t<meta property=\"og:image:width\" content=\"768\" \/>\n\t<meta property=\"og:image:height\" content=\"380\" \/>\n\t<meta property=\"og:image:type\" content=\"image\/jpeg\" \/>\n<meta name=\"author\" content=\"Jos\u00e9 Antonio Lara Cort\u00e9s\" \/>\n<meta name=\"twitter:card\" content=\"summary_large_image\" \/>\n<meta name=\"twitter:creator\" content=\"@revistarambla\" \/>\n<meta name=\"twitter:site\" content=\"@revistarambla\" \/>\n<meta name=\"twitter:label1\" content=\"Written by\" \/>\n\t<meta name=\"twitter:data1\" content=\"Jos\u00e9 Antonio Lara Cort\u00e9s\" \/>\n\t<meta name=\"twitter:label2\" content=\"Estimated reading time\" \/>\n\t<meta name=\"twitter:data2\" content=\"3 minutes\" \/>\n<script type=\"application\/ld+json\" class=\"yoast-schema-graph\">{\"@context\":\"https:\\\/\\\/schema.org\",\"@graph\":[{\"@type\":\"Article\",\"@id\":\"https:\\\/\\\/www.revistarambla.com\\\/de-mancos-a-djembereng-el-sonido-como-apuesta-de-vida\\\/#article\",\"isPartOf\":{\"@id\":\"https:\\\/\\\/www.revistarambla.com\\\/de-mancos-a-djembereng-el-sonido-como-apuesta-de-vida\\\/\"},\"author\":{\"name\":\"Jos\u00e9 Antonio Lara Cort\u00e9s\",\"@id\":\"https:\\\/\\\/www.revistarambla.com\\\/#\\\/schema\\\/person\\\/aa289c4fc24aad1822af91781b1e8535\"},\"headline\":\"De Mancos a Djembereng: el sonido como apuesta de vida\",\"datePublished\":\"2020-12-03T19:30:03+00:00\",\"dateModified\":\"2022-09-13T17:13:20+00:00\",\"mainEntityOfPage\":{\"@id\":\"https:\\\/\\\/www.revistarambla.com\\\/de-mancos-a-djembereng-el-sonido-como-apuesta-de-vida\\\/\"},\"wordCount\":583,\"commentCount\":0,\"publisher\":{\"@id\":\"https:\\\/\\\/www.revistarambla.com\\\/#organization\"},\"image\":{\"@id\":\"https:\\\/\\\/www.revistarambla.com\\\/de-mancos-a-djembereng-el-sonido-como-apuesta-de-vida\\\/#primaryimage\"},\"thumbnailUrl\":\"https:\\\/\\\/www.revistarambla.com\\\/wp-content\\\/uploads\\\/2020\\\/12\\\/OaYCWfS8toiwbbbrLvVrvA.jpeg\",\"articleSection\":[\"Arte\"],\"inLanguage\":\"en-GB\",\"potentialAction\":[{\"@type\":\"CommentAction\",\"name\":\"Comment\",\"target\":[\"https:\\\/\\\/www.revistarambla.com\\\/de-mancos-a-djembereng-el-sonido-como-apuesta-de-vida\\\/#respond\"]}]},{\"@type\":\"WebPage\",\"@id\":\"https:\\\/\\\/www.revistarambla.com\\\/de-mancos-a-djembereng-el-sonido-como-apuesta-de-vida\\\/\",\"url\":\"https:\\\/\\\/www.revistarambla.com\\\/de-mancos-a-djembereng-el-sonido-como-apuesta-de-vida\\\/\",\"name\":\"De Mancos a Djembereng: el sonido como apuesta de vida - Revista Rambla\",\"isPartOf\":{\"@id\":\"https:\\\/\\\/www.revistarambla.com\\\/#website\"},\"primaryImageOfPage\":{\"@id\":\"https:\\\/\\\/www.revistarambla.com\\\/de-mancos-a-djembereng-el-sonido-como-apuesta-de-vida\\\/#primaryimage\"},\"image\":{\"@id\":\"https:\\\/\\\/www.revistarambla.com\\\/de-mancos-a-djembereng-el-sonido-como-apuesta-de-vida\\\/#primaryimage\"},\"thumbnailUrl\":\"https:\\\/\\\/www.revistarambla.com\\\/wp-content\\\/uploads\\\/2020\\\/12\\\/OaYCWfS8toiwbbbrLvVrvA.jpeg\",\"datePublished\":\"2020-12-03T19:30:03+00:00\",\"dateModified\":\"2022-09-13T17:13:20+00:00\",\"breadcrumb\":{\"@id\":\"https:\\\/\\\/www.revistarambla.com\\\/de-mancos-a-djembereng-el-sonido-como-apuesta-de-vida\\\/#breadcrumb\"},\"inLanguage\":\"en-GB\",\"potentialAction\":[{\"@type\":\"ReadAction\",\"target\":[\"https:\\\/\\\/www.revistarambla.com\\\/de-mancos-a-djembereng-el-sonido-como-apuesta-de-vida\\\/\"]}]},{\"@type\":\"ImageObject\",\"inLanguage\":\"en-GB\",\"@id\":\"https:\\\/\\\/www.revistarambla.com\\\/de-mancos-a-djembereng-el-sonido-como-apuesta-de-vida\\\/#primaryimage\",\"url\":\"https:\\\/\\\/www.revistarambla.com\\\/wp-content\\\/uploads\\\/2020\\\/12\\\/OaYCWfS8toiwbbbrLvVrvA.jpeg\",\"contentUrl\":\"https:\\\/\\\/www.revistarambla.com\\\/wp-content\\\/uploads\\\/2020\\\/12\\\/OaYCWfS8toiwbbbrLvVrvA.jpeg\",\"width\":768,\"height\":380},{\"@type\":\"BreadcrumbList\",\"@id\":\"https:\\\/\\\/www.revistarambla.com\\\/de-mancos-a-djembereng-el-sonido-como-apuesta-de-vida\\\/#breadcrumb\",\"itemListElement\":[{\"@type\":\"ListItem\",\"position\":1,\"name\":\"Portada\",\"item\":\"https:\\\/\\\/www.revistarambla.com\\\/\"},{\"@type\":\"ListItem\",\"position\":2,\"name\":\"De Mancos a Djembereng: el sonido como apuesta de vida\"}]},{\"@type\":\"WebSite\",\"@id\":\"https:\\\/\\\/www.revistarambla.com\\\/#website\",\"url\":\"https:\\\/\\\/www.revistarambla.com\\\/\",\"name\":\"Revista Rambla Barcelona\",\"description\":\"Periodismo independiente\",\"publisher\":{\"@id\":\"https:\\\/\\\/www.revistarambla.com\\\/#organization\"},\"potentialAction\":[{\"@type\":\"SearchAction\",\"target\":{\"@type\":\"EntryPoint\",\"urlTemplate\":\"https:\\\/\\\/www.revistarambla.com\\\/?s={search_term_string}\"},\"query-input\":{\"@type\":\"PropertyValueSpecification\",\"valueRequired\":true,\"valueName\":\"search_term_string\"}}],\"inLanguage\":\"en-GB\"},{\"@type\":\"Organization\",\"@id\":\"https:\\\/\\\/www.revistarambla.com\\\/#organization\",\"name\":\"Revista Rambla\",\"url\":\"https:\\\/\\\/www.revistarambla.com\\\/\",\"logo\":{\"@type\":\"ImageObject\",\"inLanguage\":\"en-GB\",\"@id\":\"https:\\\/\\\/www.revistarambla.com\\\/#\\\/schema\\\/logo\\\/image\\\/\",\"url\":\"https:\\\/\\\/www.revistarambla.com\\\/wp-content\\\/uploads\\\/2020\\\/09\\\/banner_rambla_1900x600_BB.png\",\"contentUrl\":\"https:\\\/\\\/www.revistarambla.com\\\/wp-content\\\/uploads\\\/2020\\\/09\\\/banner_rambla_1900x600_BB.png\",\"width\":1900,\"height\":600,\"caption\":\"Revista Rambla\"},\"image\":{\"@id\":\"https:\\\/\\\/www.revistarambla.com\\\/#\\\/schema\\\/logo\\\/image\\\/\"},\"sameAs\":[\"https:\\\/\\\/www.facebook.com\\\/revistarambla\\\/\",\"https:\\\/\\\/x.com\\\/revistarambla\",\"https:\\\/\\\/www.instagram.com\\\/revista_rambla\",\"https:\\\/\\\/es.linkedin.com\\\/company\\\/revista-rambla\"]},{\"@type\":\"Person\",\"@id\":\"https:\\\/\\\/www.revistarambla.com\\\/#\\\/schema\\\/person\\\/aa289c4fc24aad1822af91781b1e8535\",\"name\":\"Jos\u00e9 Antonio Lara Cort\u00e9s\",\"description\":\"Nac\u00ed en Barcelona el 9 de abril de 1995. Tengo formaci\u00f3n art\u00edstica y pedag\u00f3gica. Desde peque\u00f1o me ha interesado conocer y tratar las cosas desde un prisma muy personal. Quiz\u00e1 por mi formaci\u00f3n, la mayor\u00eda de lo que he aportado, siempre ha sido analizado y mostrado no antes, sin pasar por los filtros de unos valores que siempre han ido cambiando, pero que guardan una relaci\u00f3n com\u00fan: la de hacer una funci\u00f3n benefactora y justa.\",\"sameAs\":[\"https:\\\/\\\/www.linkedin.com\\\/in\\\/jos%C3%A9-antonio-lara-cort%C3%A9s-574b081b9\\\/\"]}]}<\/script>\n<!-- \/ Yoast SEO plugin. -->","yoast_head_json":{"title":"De Mancos a Djembereng: el sonido como apuesta de vida - Revista Rambla","robots":{"index":"index","follow":"follow","max-snippet":"max-snippet:-1","max-image-preview":"max-image-preview:large","max-video-preview":"max-video-preview:-1"},"canonical":"https:\/\/www.revistarambla.com\/en\/de-mancos-a-djembereng-el-sonido-como-apuesta-de-vida\/","og_locale":"en_GB","og_type":"article","og_title":"De Mancos a Djembereng: el sonido como apuesta de vida - Revista Rambla","og_description":"La exposici\u00f3n tiene dos vertientes: el paisaje sonoro y la entrevista testimonial. Se podr\u00e1 visitar hasta el pr\u00f3ximo 11 de abril de 2021","og_url":"https:\/\/www.revistarambla.com\/en\/de-mancos-a-djembereng-el-sonido-como-apuesta-de-vida\/","og_site_name":"Revista Rambla","article_publisher":"https:\/\/www.facebook.com\/revistarambla\/","article_published_time":"2020-12-03T19:30:03+00:00","article_modified_time":"2022-09-13T17:13:20+00:00","og_image":[{"width":768,"height":380,"url":"https:\/\/www.revistarambla.com\/wp-content\/uploads\/2020\/12\/OaYCWfS8toiwbbbrLvVrvA.jpeg","type":"image\/jpeg"}],"author":"Jos\u00e9 Antonio Lara Cort\u00e9s","twitter_card":"summary_large_image","twitter_creator":"@revistarambla","twitter_site":"@revistarambla","twitter_misc":{"Written by":"Jos\u00e9 Antonio Lara Cort\u00e9s","Estimated reading time":"3 minutes"},"schema":{"@context":"https:\/\/schema.org","@graph":[{"@type":"Article","@id":"https:\/\/www.revistarambla.com\/de-mancos-a-djembereng-el-sonido-como-apuesta-de-vida\/#article","isPartOf":{"@id":"https:\/\/www.revistarambla.com\/de-mancos-a-djembereng-el-sonido-como-apuesta-de-vida\/"},"author":{"name":"Jos\u00e9 Antonio Lara Cort\u00e9s","@id":"https:\/\/www.revistarambla.com\/#\/schema\/person\/aa289c4fc24aad1822af91781b1e8535"},"headline":"De Mancos a Djembereng: el sonido como apuesta de vida","datePublished":"2020-12-03T19:30:03+00:00","dateModified":"2022-09-13T17:13:20+00:00","mainEntityOfPage":{"@id":"https:\/\/www.revistarambla.com\/de-mancos-a-djembereng-el-sonido-como-apuesta-de-vida\/"},"wordCount":583,"commentCount":0,"publisher":{"@id":"https:\/\/www.revistarambla.com\/#organization"},"image":{"@id":"https:\/\/www.revistarambla.com\/de-mancos-a-djembereng-el-sonido-como-apuesta-de-vida\/#primaryimage"},"thumbnailUrl":"https:\/\/www.revistarambla.com\/wp-content\/uploads\/2020\/12\/OaYCWfS8toiwbbbrLvVrvA.jpeg","articleSection":["Arte"],"inLanguage":"en-GB","potentialAction":[{"@type":"CommentAction","name":"Comment","target":["https:\/\/www.revistarambla.com\/de-mancos-a-djembereng-el-sonido-como-apuesta-de-vida\/#respond"]}]},{"@type":"WebPage","@id":"https:\/\/www.revistarambla.com\/de-mancos-a-djembereng-el-sonido-como-apuesta-de-vida\/","url":"https:\/\/www.revistarambla.com\/de-mancos-a-djembereng-el-sonido-como-apuesta-de-vida\/","name":"De Mancos a Djembereng: el sonido como apuesta de vida - Revista Rambla","isPartOf":{"@id":"https:\/\/www.revistarambla.com\/#website"},"primaryImageOfPage":{"@id":"https:\/\/www.revistarambla.com\/de-mancos-a-djembereng-el-sonido-como-apuesta-de-vida\/#primaryimage"},"image":{"@id":"https:\/\/www.revistarambla.com\/de-mancos-a-djembereng-el-sonido-como-apuesta-de-vida\/#primaryimage"},"thumbnailUrl":"https:\/\/www.revistarambla.com\/wp-content\/uploads\/2020\/12\/OaYCWfS8toiwbbbrLvVrvA.jpeg","datePublished":"2020-12-03T19:30:03+00:00","dateModified":"2022-09-13T17:13:20+00:00","breadcrumb":{"@id":"https:\/\/www.revistarambla.com\/de-mancos-a-djembereng-el-sonido-como-apuesta-de-vida\/#breadcrumb"},"inLanguage":"en-GB","potentialAction":[{"@type":"ReadAction","target":["https:\/\/www.revistarambla.com\/de-mancos-a-djembereng-el-sonido-como-apuesta-de-vida\/"]}]},{"@type":"ImageObject","inLanguage":"en-GB","@id":"https:\/\/www.revistarambla.com\/de-mancos-a-djembereng-el-sonido-como-apuesta-de-vida\/#primaryimage","url":"https:\/\/www.revistarambla.com\/wp-content\/uploads\/2020\/12\/OaYCWfS8toiwbbbrLvVrvA.jpeg","contentUrl":"https:\/\/www.revistarambla.com\/wp-content\/uploads\/2020\/12\/OaYCWfS8toiwbbbrLvVrvA.jpeg","width":768,"height":380},{"@type":"BreadcrumbList","@id":"https:\/\/www.revistarambla.com\/de-mancos-a-djembereng-el-sonido-como-apuesta-de-vida\/#breadcrumb","itemListElement":[{"@type":"ListItem","position":1,"name":"Portada","item":"https:\/\/www.revistarambla.com\/"},{"@type":"ListItem","position":2,"name":"De Mancos a Djembereng: el sonido como apuesta de vida"}]},{"@type":"WebSite","@id":"https:\/\/www.revistarambla.com\/#website","url":"https:\/\/www.revistarambla.com\/","name":"Revista Rambla Barcelona","description":"Periodismo independiente","publisher":{"@id":"https:\/\/www.revistarambla.com\/#organization"},"potentialAction":[{"@type":"SearchAction","target":{"@type":"EntryPoint","urlTemplate":"https:\/\/www.revistarambla.com\/?s={search_term_string}"},"query-input":{"@type":"PropertyValueSpecification","valueRequired":true,"valueName":"search_term_string"}}],"inLanguage":"en-GB"},{"@type":"Organization","@id":"https:\/\/www.revistarambla.com\/#organization","name":"Revista Rambla","url":"https:\/\/www.revistarambla.com\/","logo":{"@type":"ImageObject","inLanguage":"en-GB","@id":"https:\/\/www.revistarambla.com\/#\/schema\/logo\/image\/","url":"https:\/\/www.revistarambla.com\/wp-content\/uploads\/2020\/09\/banner_rambla_1900x600_BB.png","contentUrl":"https:\/\/www.revistarambla.com\/wp-content\/uploads\/2020\/09\/banner_rambla_1900x600_BB.png","width":1900,"height":600,"caption":"Revista Rambla"},"image":{"@id":"https:\/\/www.revistarambla.com\/#\/schema\/logo\/image\/"},"sameAs":["https:\/\/www.facebook.com\/revistarambla\/","https:\/\/x.com\/revistarambla","https:\/\/www.instagram.com\/revista_rambla","https:\/\/es.linkedin.com\/company\/revista-rambla"]},{"@type":"Person","@id":"https:\/\/www.revistarambla.com\/#\/schema\/person\/aa289c4fc24aad1822af91781b1e8535","name":"Jos\u00e9 Antonio Lara Cort\u00e9s","description":"Nac\u00ed en Barcelona el 9 de abril de 1995. Tengo formaci\u00f3n art\u00edstica y pedag\u00f3gica. Desde peque\u00f1o me ha interesado conocer y tratar las cosas desde un prisma muy personal. Quiz\u00e1 por mi formaci\u00f3n, la mayor\u00eda de lo que he aportado, siempre ha sido analizado y mostrado no antes, sin pasar por los filtros de unos valores que siempre han ido cambiando, pero que guardan una relaci\u00f3n com\u00fan: la de hacer una funci\u00f3n benefactora y justa.","sameAs":["https:\/\/www.linkedin.com\/in\/jos%C3%A9-antonio-lara-cort%C3%A9s-574b081b9\/"]}]}},"_links":{"self":[{"href":"https:\/\/www.revistarambla.com\/en\/wp-json\/wp\/v2\/posts\/25743","targetHints":{"allow":["GET"]}}],"collection":[{"href":"https:\/\/www.revistarambla.com\/en\/wp-json\/wp\/v2\/posts"}],"about":[{"href":"https:\/\/www.revistarambla.com\/en\/wp-json\/wp\/v2\/types\/post"}],"author":[{"embeddable":true,"href":"https:\/\/www.revistarambla.com\/en\/wp-json\/wp\/v2\/users\/317"}],"replies":[{"embeddable":true,"href":"https:\/\/www.revistarambla.com\/en\/wp-json\/wp\/v2\/comments?post=25743"}],"version-history":[{"count":1,"href":"https:\/\/www.revistarambla.com\/en\/wp-json\/wp\/v2\/posts\/25743\/revisions"}],"predecessor-version":[{"id":46579,"href":"https:\/\/www.revistarambla.com\/en\/wp-json\/wp\/v2\/posts\/25743\/revisions\/46579"}],"wp:featuredmedia":[{"embeddable":true,"href":"https:\/\/www.revistarambla.com\/en\/wp-json\/wp\/v2\/media\/25744"}],"wp:attachment":[{"href":"https:\/\/www.revistarambla.com\/en\/wp-json\/wp\/v2\/media?parent=25743"}],"wp:term":[{"taxonomy":"category","embeddable":true,"href":"https:\/\/www.revistarambla.com\/en\/wp-json\/wp\/v2\/categories?post=25743"},{"taxonomy":"post_tag","embeddable":true,"href":"https:\/\/www.revistarambla.com\/en\/wp-json\/wp\/v2\/tags?post=25743"}],"curies":[{"name":"wp","href":"https:\/\/api.w.org\/{rel}","templated":true}]}}