{"id":2573,"date":"2012-11-27T17:05:30","date_gmt":"2012-11-27T17:05:30","guid":{"rendered":"https:\/\/www.revistarambla.com\/barcelona-tocada-por-la-varita\/"},"modified":"2021-06-08T20:29:19","modified_gmt":"2021-06-08T18:29:19","slug":"barcelona-tocada-por-la-varita","status":"publish","type":"post","link":"https:\/\/www.revistarambla.com\/en\/barcelona-tocada-por-la-varita\/","title":{"rendered":"Barcelona: tocada por la varita"},"content":{"rendered":"<p>Este jueves arranca en pleno coraz\u00f3n de la ciudad, el primer festival dedicado exclusivamente a la magia. Gran oportunidad de hacer desaparecer las discusiones soberanistas y la crisis de nuestra cabeza. Durante cuatro d\u00edas, expertos ilusionistas de Catalunya y el mundo despliegan sus poderes a pocos pasos de Plaza Urquinaona, en el teatro El rei de la m\u00e0gia.<\/p>\n<p><img decoding=\"async\" class=\"aligncenter\" src=\"https:\/\/www.revistarambla.com\/wp-content\/uploads\/2012\/11\/magia_02.jpg\" alt=\"alt\" width=\"550\" height=\"325\" \/><\/p>\n<p>Este espacio que desde 2002 aboga por mantener vivo el arte de la magia en Barcelona, organiza el Festival como una forma de homenajear a todos aquellos que han hecho posible su proyecto. As\u00ed, a lo largo de las ocho galas se, podr\u00e1 ver a magos de las m\u00e1s diversas especialidades: desde mentalistas hasta grandes habilidosos de las cartas y las chisteras.<\/p>\n<p>La Gala de inauguraci\u00f3n ser\u00e1 el jueves a las 21 horas y contar\u00e1, entre otros, con la participaci\u00f3n de Brando i Silvana, un d\u00fao argentino que, reci\u00e9n llegado de una gira por los EEUU, presentar\u00e1 un espect\u00e1culo marcadamente teatral. La poes\u00eda tambi\u00e9n har\u00e1 su aparici\u00f3n esa noche, de la mano de Sergi Buka y el encanto de sus sombras chinas.<\/p>\n<p>El viernes, preparaos, porque Barcelona acoger\u00e1 un acontecimiento in\u00e9dito. Por primera vez en la historia, 24 horas seguidas de magia interpretadas por un solo hombre. El prodigio se llama Gabi Pareras, m\u00e1ximo exponente de la magia en Catalunya e investigador reconocido en todo el mundo. Desde las 16 horas del viernes y hasta las 16 del d\u00eda siguiente, Pareras ofrecer\u00e1 su original repertorio de cartomagia basado en una simplificaci\u00f3n de t\u00e9cnicas a la que s\u00f3lo arriban los expertos.<\/p>\n<p>El p\u00fablico podr\u00e1 entrar y salir, o no salir. Quedarse atrapado en la butaca, boquiabierto, intentando descubrir el truco, mientras las horas pasan y la realidad se mantiene lejos. El excepcional mago no repetir\u00e1 ning\u00fan juego a lo largo del desaf\u00edo y, eso s\u00ed, estar\u00e1 sometido al control m\u00e1s riguroso. Cada vez que alguien del p\u00fablico lo solicite, Pareras deber\u00e1 cambiar su baraja de naipes por una nueva, para garantizar que no utiliza cartas trucadas.<\/p>\n<p>Una vez finalizado el reto, imaginamos que el artista se ir\u00e1 a descansar, pero como \u201cel show debe continuar\u201d, una nueva gala dar\u00e1 paso a otros espect\u00e1culos. Los especialistas en grandes ilusiones (experimentos con animales o personas), Alis Kim i Luna, ser\u00e1n unos de los encargados de reanimar la velada.<\/p>\n<p>El creador y director del Teatro El Rei de la M\u00e0gia (due\u00f1o tambi\u00e9n de la emblem\u00e1tica tienda de la calle Ferr\u00e1n que lleva el mismo nombre), Josep Maria Mart\u00ednez, busca con iniciativas como esta, \u201cequipar a Barcelona de una programaci\u00f3n estable de magia, puesto que aqu\u00ed es un arte muy desvalorizado\u201d. La idea es repetir el evento cada a\u00f1o con la participaci\u00f3n de nuevos artistas y a ver si, insistiendo en tocar a Barcelona con la varita, se transforma finalmente en la capital europea de la magia.<\/p>\n<p><img decoding=\"async\" class=\"aligncenter\" src=\"https:\/\/www.revistarambla.com\/wp-content\/uploads\/2012\/11\/CARTEL.jpg\" alt=\"alt\" width=\"550\" height=\"778\" \/><\/p>","protected":false},"excerpt":{"rendered":"<p>Este jueves arranca en pleno coraz\u00f3n de la ciudad, el primer festival dedicado exclusivamente a la magia. Gran oportunidad de hacer desaparecer las discusiones soberanistas y la crisis de nuestra cabeza. Durante cuatro d\u00edas, expertos ilusionistas de Catalunya y el mundo despliegan sus poderes a pocos pasos de Plaza Urquinaona, [&hellip;]<\/p>\n","protected":false},"author":1,"featured_media":0,"comment_status":"open","ping_status":"open","sticky":false,"template":"","format":"standard","meta":{"footnotes":""},"categories":[4,62],"tags":[],"class_list":["post-2573","post","type-post","status-publish","format-standard","hentry","category-cultura","category-teatro"],"yoast_head":"<!-- This site is optimized with the Yoast SEO plugin v27.5 - https:\/\/yoast.com\/product\/yoast-seo-wordpress\/ -->\n<title>Barcelona: tocada por la varita - Revista Rambla<\/title>\n<meta name=\"robots\" content=\"index, follow, max-snippet:-1, max-image-preview:large, max-video-preview:-1\" \/>\n<link rel=\"canonical\" href=\"https:\/\/www.revistarambla.com\/en\/barcelona-tocada-por-la-varita\/\" \/>\n<meta property=\"og:locale\" content=\"en_GB\" \/>\n<meta property=\"og:type\" content=\"article\" \/>\n<meta property=\"og:title\" content=\"Barcelona: tocada por la varita - Revista Rambla\" \/>\n<meta property=\"og:description\" content=\"Este jueves arranca en pleno coraz\u00f3n de la ciudad, el primer festival dedicado exclusivamente a la magia. Gran oportunidad de hacer desaparecer las discusiones soberanistas y la crisis de nuestra cabeza. Durante cuatro d\u00edas, expertos ilusionistas de Catalunya y el mundo despliegan sus poderes a pocos pasos de Plaza Urquinaona, [&hellip;]\" \/>\n<meta property=\"og:url\" content=\"https:\/\/www.revistarambla.com\/en\/barcelona-tocada-por-la-varita\/\" \/>\n<meta property=\"og:site_name\" content=\"Revista Rambla\" \/>\n<meta property=\"article:publisher\" content=\"https:\/\/www.facebook.com\/revistarambla\/\" \/>\n<meta property=\"article:published_time\" content=\"2012-11-27T17:05:30+00:00\" \/>\n<meta property=\"article:modified_time\" content=\"2021-06-08T18:29:19+00:00\" \/>\n<meta property=\"og:image\" content=\"https:\/\/i1.wp.com\/www.revistarambla.com\/wp-content\/uploads\/2012\/11\/magia_01.jpg?fit=682%2C400&ssl=1\" \/>\n\t<meta property=\"og:image:width\" content=\"682\" \/>\n\t<meta property=\"og:image:height\" content=\"400\" \/>\n\t<meta property=\"og:image:type\" content=\"image\/jpeg\" \/>\n<meta name=\"author\" content=\"Flor Ragucci\" \/>\n<meta name=\"twitter:card\" content=\"summary_large_image\" \/>\n<meta name=\"twitter:creator\" content=\"@revistarambla\" \/>\n<meta name=\"twitter:site\" content=\"@revistarambla\" \/>\n<meta name=\"twitter:label1\" content=\"Written by\" \/>\n\t<meta name=\"twitter:data1\" content=\"Flor Ragucci\" \/>\n\t<meta name=\"twitter:label2\" content=\"Estimated reading time\" \/>\n\t<meta name=\"twitter:data2\" content=\"3 minutes\" \/>\n<script type=\"application\/ld+json\" class=\"yoast-schema-graph\">{\"@context\":\"https:\\\/\\\/schema.org\",\"@graph\":[{\"@type\":\"Article\",\"@id\":\"https:\\\/\\\/www.revistarambla.com\\\/barcelona-tocada-por-la-varita\\\/#article\",\"isPartOf\":{\"@id\":\"https:\\\/\\\/www.revistarambla.com\\\/barcelona-tocada-por-la-varita\\\/\"},\"author\":{\"name\":\"Flor Ragucci\",\"@id\":\"https:\\\/\\\/www.revistarambla.com\\\/#\\\/schema\\\/person\\\/4a5652fc8c82df1f8593002d038cd79e\"},\"headline\":\"Barcelona: tocada por la varita\",\"datePublished\":\"2012-11-27T17:05:30+00:00\",\"dateModified\":\"2021-06-08T18:29:19+00:00\",\"mainEntityOfPage\":{\"@id\":\"https:\\\/\\\/www.revistarambla.com\\\/barcelona-tocada-por-la-varita\\\/\"},\"wordCount\":504,\"commentCount\":0,\"publisher\":{\"@id\":\"https:\\\/\\\/www.revistarambla.com\\\/#organization\"},\"image\":{\"@id\":\"https:\\\/\\\/www.revistarambla.com\\\/barcelona-tocada-por-la-varita\\\/#primaryimage\"},\"thumbnailUrl\":\"https:\\\/\\\/www.revistarambla.com\\\/wp-content\\\/uploads\\\/2012\\\/11\\\/magia_02.jpg\",\"articleSection\":[\"Cultura\",\"Teatro\"],\"inLanguage\":\"en-GB\",\"potentialAction\":[{\"@type\":\"CommentAction\",\"name\":\"Comment\",\"target\":[\"https:\\\/\\\/www.revistarambla.com\\\/barcelona-tocada-por-la-varita\\\/#respond\"]}]},{\"@type\":\"WebPage\",\"@id\":\"https:\\\/\\\/www.revistarambla.com\\\/barcelona-tocada-por-la-varita\\\/\",\"url\":\"https:\\\/\\\/www.revistarambla.com\\\/barcelona-tocada-por-la-varita\\\/\",\"name\":\"Barcelona: tocada por la varita - Revista Rambla\",\"isPartOf\":{\"@id\":\"https:\\\/\\\/www.revistarambla.com\\\/#website\"},\"primaryImageOfPage\":{\"@id\":\"https:\\\/\\\/www.revistarambla.com\\\/barcelona-tocada-por-la-varita\\\/#primaryimage\"},\"image\":{\"@id\":\"https:\\\/\\\/www.revistarambla.com\\\/barcelona-tocada-por-la-varita\\\/#primaryimage\"},\"thumbnailUrl\":\"https:\\\/\\\/www.revistarambla.com\\\/wp-content\\\/uploads\\\/2012\\\/11\\\/magia_02.jpg\",\"datePublished\":\"2012-11-27T17:05:30+00:00\",\"dateModified\":\"2021-06-08T18:29:19+00:00\",\"breadcrumb\":{\"@id\":\"https:\\\/\\\/www.revistarambla.com\\\/barcelona-tocada-por-la-varita\\\/#breadcrumb\"},\"inLanguage\":\"en-GB\",\"potentialAction\":[{\"@type\":\"ReadAction\",\"target\":[\"https:\\\/\\\/www.revistarambla.com\\\/barcelona-tocada-por-la-varita\\\/\"]}]},{\"@type\":\"ImageObject\",\"inLanguage\":\"en-GB\",\"@id\":\"https:\\\/\\\/www.revistarambla.com\\\/barcelona-tocada-por-la-varita\\\/#primaryimage\",\"url\":\"https:\\\/\\\/www.revistarambla.com\\\/wp-content\\\/uploads\\\/2012\\\/11\\\/magia_02.jpg\",\"contentUrl\":\"https:\\\/\\\/www.revistarambla.com\\\/wp-content\\\/uploads\\\/2012\\\/11\\\/magia_02.jpg\"},{\"@type\":\"BreadcrumbList\",\"@id\":\"https:\\\/\\\/www.revistarambla.com\\\/barcelona-tocada-por-la-varita\\\/#breadcrumb\",\"itemListElement\":[{\"@type\":\"ListItem\",\"position\":1,\"name\":\"Portada\",\"item\":\"https:\\\/\\\/www.revistarambla.com\\\/\"},{\"@type\":\"ListItem\",\"position\":2,\"name\":\"Barcelona: tocada por la varita\"}]},{\"@type\":\"WebSite\",\"@id\":\"https:\\\/\\\/www.revistarambla.com\\\/#website\",\"url\":\"https:\\\/\\\/www.revistarambla.com\\\/\",\"name\":\"Revista Rambla Barcelona\",\"description\":\"Periodismo independiente\",\"publisher\":{\"@id\":\"https:\\\/\\\/www.revistarambla.com\\\/#organization\"},\"potentialAction\":[{\"@type\":\"SearchAction\",\"target\":{\"@type\":\"EntryPoint\",\"urlTemplate\":\"https:\\\/\\\/www.revistarambla.com\\\/?s={search_term_string}\"},\"query-input\":{\"@type\":\"PropertyValueSpecification\",\"valueRequired\":true,\"valueName\":\"search_term_string\"}}],\"inLanguage\":\"en-GB\"},{\"@type\":\"Organization\",\"@id\":\"https:\\\/\\\/www.revistarambla.com\\\/#organization\",\"name\":\"Revista Rambla\",\"url\":\"https:\\\/\\\/www.revistarambla.com\\\/\",\"logo\":{\"@type\":\"ImageObject\",\"inLanguage\":\"en-GB\",\"@id\":\"https:\\\/\\\/www.revistarambla.com\\\/#\\\/schema\\\/logo\\\/image\\\/\",\"url\":\"https:\\\/\\\/www.revistarambla.com\\\/wp-content\\\/uploads\\\/2020\\\/09\\\/banner_rambla_1900x600_BB.png\",\"contentUrl\":\"https:\\\/\\\/www.revistarambla.com\\\/wp-content\\\/uploads\\\/2020\\\/09\\\/banner_rambla_1900x600_BB.png\",\"width\":1900,\"height\":600,\"caption\":\"Revista Rambla\"},\"image\":{\"@id\":\"https:\\\/\\\/www.revistarambla.com\\\/#\\\/schema\\\/logo\\\/image\\\/\"},\"sameAs\":[\"https:\\\/\\\/www.facebook.com\\\/revistarambla\\\/\",\"https:\\\/\\\/x.com\\\/revistarambla\",\"https:\\\/\\\/www.instagram.com\\\/revista_rambla\",\"https:\\\/\\\/es.linkedin.com\\\/company\\\/revista-rambla\"]},{\"@type\":\"Person\",\"@id\":\"https:\\\/\\\/www.revistarambla.com\\\/#\\\/schema\\\/person\\\/4a5652fc8c82df1f8593002d038cd79e\",\"name\":\"Flor Ragucci\",\"description\":\"Periodista.\",\"sameAs\":[\"https:\\\/\\\/www.revistarambla.com\\\/\"]}]}<\/script>\n<!-- \/ Yoast SEO plugin. -->","yoast_head_json":{"title":"Barcelona: tocada por la varita - Revista Rambla","robots":{"index":"index","follow":"follow","max-snippet":"max-snippet:-1","max-image-preview":"max-image-preview:large","max-video-preview":"max-video-preview:-1"},"canonical":"https:\/\/www.revistarambla.com\/en\/barcelona-tocada-por-la-varita\/","og_locale":"en_GB","og_type":"article","og_title":"Barcelona: tocada por la varita - Revista Rambla","og_description":"Este jueves arranca en pleno coraz\u00f3n de la ciudad, el primer festival dedicado exclusivamente a la magia. Gran oportunidad de hacer desaparecer las discusiones soberanistas y la crisis de nuestra cabeza. Durante cuatro d\u00edas, expertos ilusionistas de Catalunya y el mundo despliegan sus poderes a pocos pasos de Plaza Urquinaona, [&hellip;]","og_url":"https:\/\/www.revistarambla.com\/en\/barcelona-tocada-por-la-varita\/","og_site_name":"Revista Rambla","article_publisher":"https:\/\/www.facebook.com\/revistarambla\/","article_published_time":"2012-11-27T17:05:30+00:00","article_modified_time":"2021-06-08T18:29:19+00:00","og_image":[{"width":682,"height":400,"url":"https:\/\/i1.wp.com\/www.revistarambla.com\/wp-content\/uploads\/2012\/11\/magia_01.jpg?fit=682%2C400&ssl=1","type":"image\/jpeg"}],"author":"Flor Ragucci","twitter_card":"summary_large_image","twitter_creator":"@revistarambla","twitter_site":"@revistarambla","twitter_misc":{"Written by":"Flor Ragucci","Estimated reading time":"3 minutes"},"schema":{"@context":"https:\/\/schema.org","@graph":[{"@type":"Article","@id":"https:\/\/www.revistarambla.com\/barcelona-tocada-por-la-varita\/#article","isPartOf":{"@id":"https:\/\/www.revistarambla.com\/barcelona-tocada-por-la-varita\/"},"author":{"name":"Flor Ragucci","@id":"https:\/\/www.revistarambla.com\/#\/schema\/person\/4a5652fc8c82df1f8593002d038cd79e"},"headline":"Barcelona: tocada por la varita","datePublished":"2012-11-27T17:05:30+00:00","dateModified":"2021-06-08T18:29:19+00:00","mainEntityOfPage":{"@id":"https:\/\/www.revistarambla.com\/barcelona-tocada-por-la-varita\/"},"wordCount":504,"commentCount":0,"publisher":{"@id":"https:\/\/www.revistarambla.com\/#organization"},"image":{"@id":"https:\/\/www.revistarambla.com\/barcelona-tocada-por-la-varita\/#primaryimage"},"thumbnailUrl":"https:\/\/www.revistarambla.com\/wp-content\/uploads\/2012\/11\/magia_02.jpg","articleSection":["Cultura","Teatro"],"inLanguage":"en-GB","potentialAction":[{"@type":"CommentAction","name":"Comment","target":["https:\/\/www.revistarambla.com\/barcelona-tocada-por-la-varita\/#respond"]}]},{"@type":"WebPage","@id":"https:\/\/www.revistarambla.com\/barcelona-tocada-por-la-varita\/","url":"https:\/\/www.revistarambla.com\/barcelona-tocada-por-la-varita\/","name":"Barcelona: tocada por la varita - Revista Rambla","isPartOf":{"@id":"https:\/\/www.revistarambla.com\/#website"},"primaryImageOfPage":{"@id":"https:\/\/www.revistarambla.com\/barcelona-tocada-por-la-varita\/#primaryimage"},"image":{"@id":"https:\/\/www.revistarambla.com\/barcelona-tocada-por-la-varita\/#primaryimage"},"thumbnailUrl":"https:\/\/www.revistarambla.com\/wp-content\/uploads\/2012\/11\/magia_02.jpg","datePublished":"2012-11-27T17:05:30+00:00","dateModified":"2021-06-08T18:29:19+00:00","breadcrumb":{"@id":"https:\/\/www.revistarambla.com\/barcelona-tocada-por-la-varita\/#breadcrumb"},"inLanguage":"en-GB","potentialAction":[{"@type":"ReadAction","target":["https:\/\/www.revistarambla.com\/barcelona-tocada-por-la-varita\/"]}]},{"@type":"ImageObject","inLanguage":"en-GB","@id":"https:\/\/www.revistarambla.com\/barcelona-tocada-por-la-varita\/#primaryimage","url":"https:\/\/www.revistarambla.com\/wp-content\/uploads\/2012\/11\/magia_02.jpg","contentUrl":"https:\/\/www.revistarambla.com\/wp-content\/uploads\/2012\/11\/magia_02.jpg"},{"@type":"BreadcrumbList","@id":"https:\/\/www.revistarambla.com\/barcelona-tocada-por-la-varita\/#breadcrumb","itemListElement":[{"@type":"ListItem","position":1,"name":"Portada","item":"https:\/\/www.revistarambla.com\/"},{"@type":"ListItem","position":2,"name":"Barcelona: tocada por la varita"}]},{"@type":"WebSite","@id":"https:\/\/www.revistarambla.com\/#website","url":"https:\/\/www.revistarambla.com\/","name":"Revista Rambla Barcelona","description":"Periodismo independiente","publisher":{"@id":"https:\/\/www.revistarambla.com\/#organization"},"potentialAction":[{"@type":"SearchAction","target":{"@type":"EntryPoint","urlTemplate":"https:\/\/www.revistarambla.com\/?s={search_term_string}"},"query-input":{"@type":"PropertyValueSpecification","valueRequired":true,"valueName":"search_term_string"}}],"inLanguage":"en-GB"},{"@type":"Organization","@id":"https:\/\/www.revistarambla.com\/#organization","name":"Revista Rambla","url":"https:\/\/www.revistarambla.com\/","logo":{"@type":"ImageObject","inLanguage":"en-GB","@id":"https:\/\/www.revistarambla.com\/#\/schema\/logo\/image\/","url":"https:\/\/www.revistarambla.com\/wp-content\/uploads\/2020\/09\/banner_rambla_1900x600_BB.png","contentUrl":"https:\/\/www.revistarambla.com\/wp-content\/uploads\/2020\/09\/banner_rambla_1900x600_BB.png","width":1900,"height":600,"caption":"Revista Rambla"},"image":{"@id":"https:\/\/www.revistarambla.com\/#\/schema\/logo\/image\/"},"sameAs":["https:\/\/www.facebook.com\/revistarambla\/","https:\/\/x.com\/revistarambla","https:\/\/www.instagram.com\/revista_rambla","https:\/\/es.linkedin.com\/company\/revista-rambla"]},{"@type":"Person","@id":"https:\/\/www.revistarambla.com\/#\/schema\/person\/4a5652fc8c82df1f8593002d038cd79e","name":"Flor Ragucci","description":"Periodista.","sameAs":["https:\/\/www.revistarambla.com\/"]}]}},"_links":{"self":[{"href":"https:\/\/www.revistarambla.com\/en\/wp-json\/wp\/v2\/posts\/2573","targetHints":{"allow":["GET"]}}],"collection":[{"href":"https:\/\/www.revistarambla.com\/en\/wp-json\/wp\/v2\/posts"}],"about":[{"href":"https:\/\/www.revistarambla.com\/en\/wp-json\/wp\/v2\/types\/post"}],"author":[{"embeddable":true,"href":"https:\/\/www.revistarambla.com\/en\/wp-json\/wp\/v2\/users\/1"}],"replies":[{"embeddable":true,"href":"https:\/\/www.revistarambla.com\/en\/wp-json\/wp\/v2\/comments?post=2573"}],"version-history":[{"count":0,"href":"https:\/\/www.revistarambla.com\/en\/wp-json\/wp\/v2\/posts\/2573\/revisions"}],"wp:attachment":[{"href":"https:\/\/www.revistarambla.com\/en\/wp-json\/wp\/v2\/media?parent=2573"}],"wp:term":[{"taxonomy":"category","embeddable":true,"href":"https:\/\/www.revistarambla.com\/en\/wp-json\/wp\/v2\/categories?post=2573"},{"taxonomy":"post_tag","embeddable":true,"href":"https:\/\/www.revistarambla.com\/en\/wp-json\/wp\/v2\/tags?post=2573"}],"curies":[{"name":"wp","href":"https:\/\/api.w.org\/{rel}","templated":true}]}}