{"id":254,"date":"2010-08-10T15:03:15","date_gmt":"2010-08-10T13:03:15","guid":{"rendered":"https:\/\/www.revistarambla.com\/embriones-y-seres-humanos\/"},"modified":"2021-12-28T19:36:08","modified_gmt":"2021-12-28T18:36:08","slug":"embriones-y-seres-humanos","status":"publish","type":"post","link":"https:\/\/www.revistarambla.com\/en\/embriones-y-seres-humanos\/","title":{"rendered":"Embriones y seres humanos"},"content":{"rendered":"<p style=\"text-align: left;\">Se acaba de anunciar la puesta en marcha de una nueva ley de interrupci\u00f3n voluntaria del embarazo,\u00a0 ampliamente reclamada, hace ya largo tiempo, por los sectores feministas y progresistas de nuestra sociedad. Seg\u00fan la vicepresidenta Fern\u00e1ndez de la Vega, la ley debe ser precedida por un una amplia reflexi\u00f3n y finalmente ha de recoger un consenso.\u00a0 Pero es de esperar que asistamos a una cerrada oposici\u00f3n de los sectores conservadores, que ya vienen boicoteando la pr\u00e1ctica de la actual ley de aborto, a pesar de sus limitaciones. De hecho el Vaticano se ha apresurado a formular su inquietud ante la iniciativa y los medios reaccionarios han empezado a destapar la caja de los truenos. Por ello, desde el primer momento, resulta necesario desmontar las argumentaciones que la oposici\u00f3n al aborto libre viene esgrimiendo.<\/p>\n<p style=\"text-align: left;\">Esta militante oposici\u00f3n, que ha llegado al extremo de la violencia contra las cl\u00ednicas y los m\u00e9dicos practicantes del aborto, parte de un sofisma b\u00e1sico: la consideraci\u00f3n de los embriones como seres humanos, como personas. De la cual se deriva la calificaci\u00f3n del aborto como un asesinato. Y la legalizaci\u00f3n del aborto en la mayor\u00eda de los pa\u00edses europeos como un genocidio. Juli\u00e1n Mar\u00edas lleg\u00f3 a escribir que el mayor crimen del siglo XX, despreciando sus devastadoras guerras, el holocausto, el lanzamiento de las bombas at\u00f3micas, hab\u00eda sido nada menos que la legalizaci\u00f3n del aborto. Y es que, para los militantes de las asociaciones \u201cpro vida\u201d , parece que la forma de vida mas aut\u00e9nticamente humana, mas propia e intangible es la embrionaria, sometida, despu\u00e9s a una absurda continuaci\u00f3n. \u00bf Destinada principalmente a la producci\u00f3n de nuevos embriones?<\/p>\n<p style=\"text-align: left;\">\u00bfEs mera caricatura sarc\u00e1stica lo que acabo de escribir? No lo parece, si comprobamos que no faltan antiabortistas partidarios de la pena de muerte y de las guerras de agresi\u00f3n. reconvertidas hoy en \u201cguerras preventivas\u201d. En estos d\u00edas la candidata a la vicepresidencia de los Estados Unidos, Sarah Palin nos muestra como un icono, semejante ideolog\u00eda luchando por imponerse. Y tales mentalidades suelen mostrarse bastante indiferentes para las condiciones inhumanas en que desarrolla su vida gran parte de la poblaci\u00f3n que llena nuestro planeta, acosada por el hambre y la miseria.\u00a0 Como un estadounidense de raza negra- o afroamericano- seg\u00fan la terminolog\u00eda pol\u00edticamente correcta- comentaba: cuando se encontraba como embri\u00f3n en el vientre de su madre mucha gente se preocupaba por su vida, disuadiendo a su progenitora, acosada por m\u00faltiples problemas,\u00a0 de abortar, mas, en cuanto vio la luz,\u00a0 nadie volvi\u00f3 a inquietarse por las mis\u00e9rrimas condiciones en que se ve\u00eda obligado a subsistir penosamente. Al fin y al cabo hab\u00eda perdido la privilegiada condici\u00f3n de embri\u00f3n. Hace ya tiempo escrib\u00ed un art\u00edculo sobre \u201cel amor a los embriones\u201d, como seres predilectos, que, curiosamente, parece\u00a0 caracterizar a la militancia antiabortista.<\/p>\n<p style=\"text-align: left;\">\u00bf Por qu\u00e9 un embri\u00f3n no es todav\u00eda un ser humano, aunque pueda estar en camino de serlo? Porque un ser humano no se reduce a mera corporalidad, no se queda en una estructura de c\u00e9lulas, tejidos y \u00f3rganos, simple biolog\u00eda. Entender as\u00ed al ser humano resulta propio de un materialismo craso, en que, al parecer, caen los antiabortistas.\u00a0 El ser humano es, ciertamente, un organismo viviente, pero decisiva, radicalmente, es un animal cultural. Entendida la \u201ccultura\u201d en su m\u00e1s estricto sentido, como el medio social en que hacemos nuestra vida, tal como la antropolog\u00eda cultural y f\u00edsica ha desarrollado este concepto, y, por mi parte, he formulado en mi libro \u201cEl animal cultural-Biolog\u00eda y cultura en la realidad\u00a0 humana\u201d.<\/p>\n<p style=\"text-align: left;\">La cultura nos hace seres humanos, por encima de nuestra anatom\u00eda y fisiolog\u00eda, peculiarmente orientadas hacia ella ,en nuestra especie. Sin el troquelado cultural, sin los cuidados, que el neonato requiere, un prematuro desvalido, pero llamado de un modo singular al desarrollo de sus potencialidades antropol\u00f3gicas, seg\u00fan el bi\u00f3logo Portmann, no se adquiere la condici\u00f3n propiamente humana. Y la enculturaci\u00f3n se inicia con el nacimiento. Con la existencia individualizada. No con la dormida, latente, existencia en el \u00fatero materno. Para el C\u00f3digo Civil espa\u00f1ol no se adquiere la condici\u00f3n de persona hasta transcurridas veinticuatro horas de vida despu\u00e9s del parto. Para la escol\u00e1stica cl\u00e1sica la persona era \u201crationalis naturae individua substantia\u201d. Un sujeto \u201cindividualizado\u201d de naturaleza racional. Indudablemente un reci\u00e9n-nacido no posee todav\u00eda raz\u00f3n y libertad, pero en el mundo a que se han abierto sus sentidos inicia, bajo los cuidados maternos y del medio exterior que le rodea, el desarrollo de su humanidad. Los antiabortistas frecuentemente tan cristianos han parecido olvidar su misma tradici\u00f3n escol\u00e1stica. Dentro de ella, Santo Tom\u00e1s manten\u00eda que la informaci\u00f3n del cuerpo por el alma no se produc\u00eda en el momento de la concepci\u00f3n, sino cuando el embri\u00f3n se encontraba en un estado avanzado de desarrollo.<\/p>\n<p style=\"text-align: left;\">Podr\u00eda, con raz\u00f3n, pensarse que este debate b\u00e1sico sobre la falta de sentido que supone atribuir a los embriones la condici\u00f3n de seres humanos, de personas, es algo ya superado, cuando la mayor\u00eda de los pa\u00edses avanzados han ido legalizando y despenalizando -que es el objetivo m\u00e1s propio a conseguir- la pr\u00e1ctica del aborto voluntario. Pero las viejas convicciones que ven la reproducci\u00f3n, la creaci\u00f3n de la vida, como algo sagrado, que debe escapar de cualquier intervenci\u00f3n que lo controle por parte de las profanas manos humanas, unidas al patriarcal recelo contra la mujer deben ser ahuyentadas, si queremos avanzar en el camino de una sociedad racional.<\/p>","protected":false},"excerpt":{"rendered":"<p>Se acaba de anunciar la puesta en marcha de una nueva ley de interrupci\u00f3n voluntaria del embarazo,\u00a0 ampliamente reclamada, hace ya largo tiempo, por los sectores feministas y progresistas de nuestra sociedad. Seg\u00fan la vicepresidenta Fern\u00e1ndez de la Vega, la ley debe ser precedida por un una amplia reflexi\u00f3n y [&hellip;]<\/p>\n","protected":false},"author":87,"featured_media":0,"comment_status":"open","ping_status":"open","sticky":false,"template":"","format":"standard","meta":{"footnotes":""},"categories":[72],"tags":[],"class_list":["post-254","post","type-post","status-publish","format-standard","hentry","category-opinion"],"yoast_head":"<!-- This site is optimized with the Yoast SEO plugin v27.5 - https:\/\/yoast.com\/product\/yoast-seo-wordpress\/ -->\n<title>Embriones y seres humanos - Revista Rambla<\/title>\n<meta name=\"robots\" content=\"index, follow, max-snippet:-1, max-image-preview:large, max-video-preview:-1\" \/>\n<link rel=\"canonical\" href=\"https:\/\/www.revistarambla.com\/en\/embriones-y-seres-humanos\/\" \/>\n<meta property=\"og:locale\" content=\"en_GB\" \/>\n<meta property=\"og:type\" content=\"article\" \/>\n<meta property=\"og:title\" content=\"Embriones y seres humanos - Revista Rambla\" \/>\n<meta property=\"og:description\" content=\"Se acaba de anunciar la puesta en marcha de una nueva ley de interrupci\u00f3n voluntaria del embarazo,\u00a0 ampliamente reclamada, hace ya largo tiempo, por los sectores feministas y progresistas de nuestra sociedad. Seg\u00fan la vicepresidenta Fern\u00e1ndez de la Vega, la ley debe ser precedida por un una amplia reflexi\u00f3n y [&hellip;]\" \/>\n<meta property=\"og:url\" content=\"https:\/\/www.revistarambla.com\/en\/embriones-y-seres-humanos\/\" \/>\n<meta property=\"og:site_name\" content=\"Revista Rambla\" \/>\n<meta property=\"article:publisher\" content=\"https:\/\/www.facebook.com\/revistarambla\/\" \/>\n<meta property=\"article:published_time\" content=\"2010-08-10T13:03:15+00:00\" \/>\n<meta property=\"article:modified_time\" content=\"2021-12-28T18:36:08+00:00\" \/>\n<meta property=\"og:image\" content=\"https:\/\/www.revistarambla.com\/wp-content\/uploads\/2010\/08\/carlos%20paris.jpg\" \/>\n\t<meta property=\"og:image:width\" content=\"400\" \/>\n\t<meta property=\"og:image:height\" content=\"492\" \/>\n\t<meta property=\"og:image:type\" content=\"image\/jpeg\" \/>\n<meta name=\"author\" content=\"Carlos Par\u00eds Amador\" \/>\n<meta name=\"twitter:card\" content=\"summary_large_image\" \/>\n<meta name=\"twitter:creator\" content=\"@revistarambla\" \/>\n<meta name=\"twitter:site\" content=\"@revistarambla\" \/>\n<meta name=\"twitter:label1\" content=\"Written by\" \/>\n\t<meta name=\"twitter:data1\" content=\"Carlos Par\u00eds Amador\" \/>\n\t<meta name=\"twitter:label2\" content=\"Estimated reading time\" \/>\n\t<meta name=\"twitter:data2\" content=\"4 minutes\" \/>\n<script type=\"application\/ld+json\" class=\"yoast-schema-graph\">{\"@context\":\"https:\\\/\\\/schema.org\",\"@graph\":[{\"@type\":\"Article\",\"@id\":\"https:\\\/\\\/www.revistarambla.com\\\/embriones-y-seres-humanos\\\/#article\",\"isPartOf\":{\"@id\":\"https:\\\/\\\/www.revistarambla.com\\\/embriones-y-seres-humanos\\\/\"},\"author\":{\"name\":\"Carlos Par\u00eds Amador\",\"@id\":\"https:\\\/\\\/www.revistarambla.com\\\/#\\\/schema\\\/person\\\/559efa779b0766551d55c26cdc8c6d53\"},\"headline\":\"Embriones y seres humanos\",\"datePublished\":\"2010-08-10T13:03:15+00:00\",\"dateModified\":\"2021-12-28T18:36:08+00:00\",\"mainEntityOfPage\":{\"@id\":\"https:\\\/\\\/www.revistarambla.com\\\/embriones-y-seres-humanos\\\/\"},\"wordCount\":974,\"commentCount\":0,\"publisher\":{\"@id\":\"https:\\\/\\\/www.revistarambla.com\\\/#organization\"},\"articleSection\":[\"Opiniones\"],\"inLanguage\":\"en-GB\",\"potentialAction\":[{\"@type\":\"CommentAction\",\"name\":\"Comment\",\"target\":[\"https:\\\/\\\/www.revistarambla.com\\\/embriones-y-seres-humanos\\\/#respond\"]}]},{\"@type\":\"WebPage\",\"@id\":\"https:\\\/\\\/www.revistarambla.com\\\/embriones-y-seres-humanos\\\/\",\"url\":\"https:\\\/\\\/www.revistarambla.com\\\/embriones-y-seres-humanos\\\/\",\"name\":\"Embriones y seres humanos - Revista Rambla\",\"isPartOf\":{\"@id\":\"https:\\\/\\\/www.revistarambla.com\\\/#website\"},\"datePublished\":\"2010-08-10T13:03:15+00:00\",\"dateModified\":\"2021-12-28T18:36:08+00:00\",\"breadcrumb\":{\"@id\":\"https:\\\/\\\/www.revistarambla.com\\\/embriones-y-seres-humanos\\\/#breadcrumb\"},\"inLanguage\":\"en-GB\",\"potentialAction\":[{\"@type\":\"ReadAction\",\"target\":[\"https:\\\/\\\/www.revistarambla.com\\\/embriones-y-seres-humanos\\\/\"]}]},{\"@type\":\"BreadcrumbList\",\"@id\":\"https:\\\/\\\/www.revistarambla.com\\\/embriones-y-seres-humanos\\\/#breadcrumb\",\"itemListElement\":[{\"@type\":\"ListItem\",\"position\":1,\"name\":\"Portada\",\"item\":\"https:\\\/\\\/www.revistarambla.com\\\/\"},{\"@type\":\"ListItem\",\"position\":2,\"name\":\"Embriones y seres humanos\"}]},{\"@type\":\"WebSite\",\"@id\":\"https:\\\/\\\/www.revistarambla.com\\\/#website\",\"url\":\"https:\\\/\\\/www.revistarambla.com\\\/\",\"name\":\"Revista Rambla Barcelona\",\"description\":\"Periodismo independiente\",\"publisher\":{\"@id\":\"https:\\\/\\\/www.revistarambla.com\\\/#organization\"},\"potentialAction\":[{\"@type\":\"SearchAction\",\"target\":{\"@type\":\"EntryPoint\",\"urlTemplate\":\"https:\\\/\\\/www.revistarambla.com\\\/?s={search_term_string}\"},\"query-input\":{\"@type\":\"PropertyValueSpecification\",\"valueRequired\":true,\"valueName\":\"search_term_string\"}}],\"inLanguage\":\"en-GB\"},{\"@type\":\"Organization\",\"@id\":\"https:\\\/\\\/www.revistarambla.com\\\/#organization\",\"name\":\"Revista Rambla\",\"url\":\"https:\\\/\\\/www.revistarambla.com\\\/\",\"logo\":{\"@type\":\"ImageObject\",\"inLanguage\":\"en-GB\",\"@id\":\"https:\\\/\\\/www.revistarambla.com\\\/#\\\/schema\\\/logo\\\/image\\\/\",\"url\":\"https:\\\/\\\/www.revistarambla.com\\\/wp-content\\\/uploads\\\/2020\\\/09\\\/banner_rambla_1900x600_BB.png\",\"contentUrl\":\"https:\\\/\\\/www.revistarambla.com\\\/wp-content\\\/uploads\\\/2020\\\/09\\\/banner_rambla_1900x600_BB.png\",\"width\":1900,\"height\":600,\"caption\":\"Revista Rambla\"},\"image\":{\"@id\":\"https:\\\/\\\/www.revistarambla.com\\\/#\\\/schema\\\/logo\\\/image\\\/\"},\"sameAs\":[\"https:\\\/\\\/www.facebook.com\\\/revistarambla\\\/\",\"https:\\\/\\\/x.com\\\/revistarambla\",\"https:\\\/\\\/www.instagram.com\\\/revista_rambla\",\"https:\\\/\\\/es.linkedin.com\\\/company\\\/revista-rambla\"]},{\"@type\":\"Person\",\"@id\":\"https:\\\/\\\/www.revistarambla.com\\\/#\\\/schema\\\/person\\\/559efa779b0766551d55c26cdc8c6d53\",\"name\":\"Carlos Par\u00eds Amador\",\"description\":\"Fil\u00f3sofo, escritor y columnista espa\u00f1ol, catedr\u00e1tico de la Facultad de Filosof\u00eda de la Universidad de Valencia entre 1960 y 1968, donde llev\u00f3 a cabo una clandestina lucha antifranquista, Honoris Causa en la misma, em\u00e9rito de Filosof\u00eda en la Universidad Aut\u00f3noma de Madrid y miembro del Comit\u00e9 Central del Partido Comunista de Espa\u00f1a. Desde 1997 hasta 2014 fue presidente del Ateneo de Madrid.\",\"sameAs\":[\"https:\\\/\\\/carlosparis.wordpress.com\\\/\",\"https:\\\/\\\/es.wikipedia.org\\\/wiki\\\/Carlos_Pars\"]}]}<\/script>\n<!-- \/ Yoast SEO plugin. -->","yoast_head_json":{"title":"Embriones y seres humanos - Revista Rambla","robots":{"index":"index","follow":"follow","max-snippet":"max-snippet:-1","max-image-preview":"max-image-preview:large","max-video-preview":"max-video-preview:-1"},"canonical":"https:\/\/www.revistarambla.com\/en\/embriones-y-seres-humanos\/","og_locale":"en_GB","og_type":"article","og_title":"Embriones y seres humanos - Revista Rambla","og_description":"Se acaba de anunciar la puesta en marcha de una nueva ley de interrupci\u00f3n voluntaria del embarazo,\u00a0 ampliamente reclamada, hace ya largo tiempo, por los sectores feministas y progresistas de nuestra sociedad. Seg\u00fan la vicepresidenta Fern\u00e1ndez de la Vega, la ley debe ser precedida por un una amplia reflexi\u00f3n y [&hellip;]","og_url":"https:\/\/www.revistarambla.com\/en\/embriones-y-seres-humanos\/","og_site_name":"Revista Rambla","article_publisher":"https:\/\/www.facebook.com\/revistarambla\/","article_published_time":"2010-08-10T13:03:15+00:00","article_modified_time":"2021-12-28T18:36:08+00:00","og_image":[{"width":400,"height":492,"url":"https:\/\/www.revistarambla.com\/wp-content\/uploads\/2010\/08\/carlos paris.jpg","type":"image\/jpeg"}],"author":"Carlos Par\u00eds Amador","twitter_card":"summary_large_image","twitter_creator":"@revistarambla","twitter_site":"@revistarambla","twitter_misc":{"Written by":"Carlos Par\u00eds Amador","Estimated reading time":"4 minutes"},"schema":{"@context":"https:\/\/schema.org","@graph":[{"@type":"Article","@id":"https:\/\/www.revistarambla.com\/embriones-y-seres-humanos\/#article","isPartOf":{"@id":"https:\/\/www.revistarambla.com\/embriones-y-seres-humanos\/"},"author":{"name":"Carlos Par\u00eds Amador","@id":"https:\/\/www.revistarambla.com\/#\/schema\/person\/559efa779b0766551d55c26cdc8c6d53"},"headline":"Embriones y seres humanos","datePublished":"2010-08-10T13:03:15+00:00","dateModified":"2021-12-28T18:36:08+00:00","mainEntityOfPage":{"@id":"https:\/\/www.revistarambla.com\/embriones-y-seres-humanos\/"},"wordCount":974,"commentCount":0,"publisher":{"@id":"https:\/\/www.revistarambla.com\/#organization"},"articleSection":["Opiniones"],"inLanguage":"en-GB","potentialAction":[{"@type":"CommentAction","name":"Comment","target":["https:\/\/www.revistarambla.com\/embriones-y-seres-humanos\/#respond"]}]},{"@type":"WebPage","@id":"https:\/\/www.revistarambla.com\/embriones-y-seres-humanos\/","url":"https:\/\/www.revistarambla.com\/embriones-y-seres-humanos\/","name":"Embriones y seres humanos - Revista Rambla","isPartOf":{"@id":"https:\/\/www.revistarambla.com\/#website"},"datePublished":"2010-08-10T13:03:15+00:00","dateModified":"2021-12-28T18:36:08+00:00","breadcrumb":{"@id":"https:\/\/www.revistarambla.com\/embriones-y-seres-humanos\/#breadcrumb"},"inLanguage":"en-GB","potentialAction":[{"@type":"ReadAction","target":["https:\/\/www.revistarambla.com\/embriones-y-seres-humanos\/"]}]},{"@type":"BreadcrumbList","@id":"https:\/\/www.revistarambla.com\/embriones-y-seres-humanos\/#breadcrumb","itemListElement":[{"@type":"ListItem","position":1,"name":"Portada","item":"https:\/\/www.revistarambla.com\/"},{"@type":"ListItem","position":2,"name":"Embriones y seres humanos"}]},{"@type":"WebSite","@id":"https:\/\/www.revistarambla.com\/#website","url":"https:\/\/www.revistarambla.com\/","name":"Revista Rambla Barcelona","description":"Periodismo independiente","publisher":{"@id":"https:\/\/www.revistarambla.com\/#organization"},"potentialAction":[{"@type":"SearchAction","target":{"@type":"EntryPoint","urlTemplate":"https:\/\/www.revistarambla.com\/?s={search_term_string}"},"query-input":{"@type":"PropertyValueSpecification","valueRequired":true,"valueName":"search_term_string"}}],"inLanguage":"en-GB"},{"@type":"Organization","@id":"https:\/\/www.revistarambla.com\/#organization","name":"Revista Rambla","url":"https:\/\/www.revistarambla.com\/","logo":{"@type":"ImageObject","inLanguage":"en-GB","@id":"https:\/\/www.revistarambla.com\/#\/schema\/logo\/image\/","url":"https:\/\/www.revistarambla.com\/wp-content\/uploads\/2020\/09\/banner_rambla_1900x600_BB.png","contentUrl":"https:\/\/www.revistarambla.com\/wp-content\/uploads\/2020\/09\/banner_rambla_1900x600_BB.png","width":1900,"height":600,"caption":"Revista Rambla"},"image":{"@id":"https:\/\/www.revistarambla.com\/#\/schema\/logo\/image\/"},"sameAs":["https:\/\/www.facebook.com\/revistarambla\/","https:\/\/x.com\/revistarambla","https:\/\/www.instagram.com\/revista_rambla","https:\/\/es.linkedin.com\/company\/revista-rambla"]},{"@type":"Person","@id":"https:\/\/www.revistarambla.com\/#\/schema\/person\/559efa779b0766551d55c26cdc8c6d53","name":"Carlos Par\u00eds Amador","description":"Fil\u00f3sofo, escritor y columnista espa\u00f1ol, catedr\u00e1tico de la Facultad de Filosof\u00eda de la Universidad de Valencia entre 1960 y 1968, donde llev\u00f3 a cabo una clandestina lucha antifranquista, Honoris Causa en la misma, em\u00e9rito de Filosof\u00eda en la Universidad Aut\u00f3noma de Madrid y miembro del Comit\u00e9 Central del Partido Comunista de Espa\u00f1a. Desde 1997 hasta 2014 fue presidente del Ateneo de Madrid.","sameAs":["https:\/\/carlosparis.wordpress.com\/","https:\/\/es.wikipedia.org\/wiki\/Carlos_Pars"]}]}},"_links":{"self":[{"href":"https:\/\/www.revistarambla.com\/en\/wp-json\/wp\/v2\/posts\/254","targetHints":{"allow":["GET"]}}],"collection":[{"href":"https:\/\/www.revistarambla.com\/en\/wp-json\/wp\/v2\/posts"}],"about":[{"href":"https:\/\/www.revistarambla.com\/en\/wp-json\/wp\/v2\/types\/post"}],"author":[{"embeddable":true,"href":"https:\/\/www.revistarambla.com\/en\/wp-json\/wp\/v2\/users\/87"}],"replies":[{"embeddable":true,"href":"https:\/\/www.revistarambla.com\/en\/wp-json\/wp\/v2\/comments?post=254"}],"version-history":[{"count":0,"href":"https:\/\/www.revistarambla.com\/en\/wp-json\/wp\/v2\/posts\/254\/revisions"}],"wp:attachment":[{"href":"https:\/\/www.revistarambla.com\/en\/wp-json\/wp\/v2\/media?parent=254"}],"wp:term":[{"taxonomy":"category","embeddable":true,"href":"https:\/\/www.revistarambla.com\/en\/wp-json\/wp\/v2\/categories?post=254"},{"taxonomy":"post_tag","embeddable":true,"href":"https:\/\/www.revistarambla.com\/en\/wp-json\/wp\/v2\/tags?post=254"}],"curies":[{"name":"wp","href":"https:\/\/api.w.org\/{rel}","templated":true}]}}